{"id":159415,"date":"2021-12-07T18:27:48","date_gmt":"2021-12-07T17:27:48","guid":{"rendered":"https:\/\/www.ilnotiziario.net\/wp\/?p=159415"},"modified":"2021-12-07T18:27:48","modified_gmt":"2021-12-07T17:27:48","slug":"meteo-arriva-la-neve-in-lombardia-ecco-quanta-ne-scendera-zona-per-zona","status":"publish","type":"post","link":"https:\/\/www.ilnotiziario.net\/wp\/prima-pagina\/meteo-arriva-la-neve-in-lombardia-ecco-quanta-ne-scendera-zona-per-zona\/","title":{"rendered":"Meteo: arriva la neve in Lombardia, ecco quanta ne scender\u00e0, zona per zona"},"content":{"rendered":"<p><img fetchpriority=\"high\" decoding=\"async\" class=\"aligncenter size-full wp-image-159417\" src=\"https:\/\/www.ilnotiziario.net\/wp\/wp-content\/uploads\/2021\/12\/Neve-trattore.jpg\" alt=\"neve trattore \" width=\"749\" height=\"356\" srcset=\"https:\/\/www.ilnotiziario.net\/wp\/wp-content\/uploads\/2021\/12\/Neve-trattore.jpg 749w, https:\/\/www.ilnotiziario.net\/wp\/wp-content\/uploads\/2021\/12\/Neve-trattore-300x143.jpg 300w, https:\/\/www.ilnotiziario.net\/wp\/wp-content\/uploads\/2021\/12\/Neve-trattore-696x331.jpg 696w\" sizes=\"(max-width: 749px) 100vw, 749px\" \/>Tutte concordi le previsioni meteo nell&#8217;annunciare l&#8217;arrivo della neve nella giornata di domani, mercoled\u00ec 8 dicembre. Sono previste precipitazioni importanti con accumuli sulle strade e sui campi. Di seguito uno stralcio delle previsioni messe a punto dal Centro Meteorologico Lombardo.&nbsp;<\/p><div id=\"ilnot-591816260\" class=\"ilnot-contenuto ilnot-entity-placement\"><p><!-- incontent_1 --><\/p>\n<div class=\"gptslot\" data-adunitid=\"1\"><\/div>\n<\/div>\n<p>&#8220;Al primo mattino nevicate relegate verosimilmente <strong>solo all\u2019estremo ovest regione, altrove precipitazioni ancora scarse o nulle,<\/strong> prevalentemente piovose a bassa quota su centro-est Lombardia. Nel corso della mattinata estensione progressiva dei fenomeni a impegnare entro mezzogiorno tutte le province centro-occidentali e il comparto di Retiche e Orobie, inizialmente ai margini. Rinforzo del vento di Bora sul Mantovano.<\/p>\n<p>Nel corso del pomeriggio ulteriore leggera traslazione dei fenomeni verso est, con attivazione di un canale precipitativo, localmente intenso, disteso dal Piacentino alle Orobie, che andr\u00e0 veicolando neve (molto umida, inizialmente) tra Lodigiano, Cremonese, Bergamasca, ovest Bresciano. Ancora pioggia prevalente pi\u00f9 a levante.<br \/>\nVenti orientali molto forti, <strong>con raffiche fino a 60-70 km\/h, tra Mantovano, Garda ed Est Bresciano, a scemare solo in serata.<\/strong><br \/>\nEntro sera e nel corso della notte su gioved\u00ec 9 \u00e8 verosimile una fase nevosa conclusiva su buona parte della regione, con esaurimento progressivo delle precipitazioni nottetempo, da ovest verso est.<\/p><div id=\"ilnot-899700637\" class=\"ilnot-contenuto_2 ilnot-entity-placement\"><div class=\"ads-wrapper\">\n<div class=\"ad-slot\">\n   <div id=\"ilnot-1043244939\" style=\"margin-right: auto;margin-left: auto;text-align: center;width: 320px;height: 100px;\"><a href=\"https:\/\/www.scuolasicurezza.it\/\"><img decoding=\"async\" src=\"https:\/\/www.ilnotiziario.net\/wp\/wp-content\/uploads\/2026\/04\/IlNotiziario_banner-sito-e-newsletter-320-x-100-px-1.gif\" alt=\"\"><\/a><\/div>\n  <\/div>\n<div class=\"ad-slot\">\n   <div id=\"ilnot-1933878971\" style=\"margin-right: auto;margin-left: auto;text-align: center;width: 320px;height: 100px;\"><a href=\"https:\/\/purodesignarredamenti.com\/\"><img decoding=\"async\" src=\"https:\/\/www.ilnotiziario.net\/wp\/wp-content\/uploads\/2026\/04\/banner-puro-ok.gif\" alt=\"whatsapp\"><\/a><\/div><\/p><\/div>\n<\/div>\n<\/div>\n<p>Questa la previsione degli accumuli: \u201cfino a 50cm sopra i 1000m tra Retiche e Orobie, da 15 a 30cm nei fondovalle di Valchiavenna e Valtellina (attenzione tuttavia a una difficolt\u00e0 iniziale, specie in media-alta valle, stante un quadro termo-dinamico ostile e precipitazioni latitanti).<\/p>\n<p><strong>Accumuli da 10 a 20cm in tutta la fascia prealpina e collinare lombarda<\/strong> (sopra i 400m), Oltrep\u00f2 Pavese incluso. Minori accumuli in medio-bassa Val Camonica e del Garda dove la neve arriver\u00e0 tardiva quando si lever\u00e0 dalle scatole il vento.<br \/>\nPianure (o comunque quote sotto i 300m slm): forte gradiente est-ovest. Pavese fino a 10-15cm, <strong>pianure del Varesotto 5-10cm<\/strong>, Milanese 5-10cm (basso Milanese fino a 15), Brianza e Lecchese 5-15cm.<\/p>\n<p><strong>A Milano centro:<\/strong> al mattino le precipitazioni (comunque irregolari) faranno probabilmente molta fatica ad accumulare qualcosa. Entro il tardo pomeriggio e la serata, invece, \u00e8 possibile un accumulo di qualche centimetro anche nei quartieri pi\u00f9 miti&#8221; .<\/p><div id=\"ilnot-1463743694\" class=\"ilnot-contenuto_2-2 ilnot-entity-placement\"><div class=\"gptslot\" data-adunitid=\"2\"><\/div>\n<\/div>\n<p>&nbsp;<\/p>\n","protected":false},"excerpt":{"rendered":"<p>Tutte concordi le previsioni meteo nell&#8217;annunciare l&#8217;arrivo della neve nella giornata di domani, mercoled\u00ec 8 dicembre. Sono previste precipitazioni importanti con accumuli sulle strade e sui campi. Di seguito uno stralcio delle previsioni messe a punto dal Centro Meteorologico Lombardo.&nbsp; &#8220;Al primo mattino nevicate relegate verosimilmente solo all\u2019estremo ovest regione, altrove precipitazioni ancora scarse o<\/p>\n","protected":false},"author":3,"featured_media":159417,"comment_status":"closed","ping_status":"closed","sticky":false,"template":"","format":"standard","meta":{"footnotes":""},"categories":[20],"tags":[9575,577,2502,2132],"class_list":{"0":"post-159415","1":"post","2":"type-post","3":"status-publish","4":"format-standard","5":"has-post-thumbnail","7":"category-prima-pagina","8":"tag-accumuli","9":"tag-lombardia","10":"tag-meteo","11":"tag-neve"},"yoast_head":"<!-- This site is optimized with the Yoast SEO plugin v27.5 - https:\/\/yoast.com\/product\/yoast-seo-wordpress\/ -->\n<title>Meteo: arriva la neve in Lombardia, ecco quanta ne scender\u00e0, zona per zona - Il Notiziario<\/title>\n<meta name=\"description\" content=\"Tutte concordi le previsioni meteo nell&#039;annunciare l&#039;arrivo della neve nella giornata di domani, mercoled\u00ec 8 dicembre. Sono previste precipitazioni\" \/>\n<meta name=\"robots\" content=\"index, follow, max-snippet:-1, max-image-preview:large, max-video-preview:-1\" \/>\n<link rel=\"canonical\" href=\"https:\/\/www.ilnotiziario.net\/wp\/prima-pagina\/meteo-arriva-la-neve-in-lombardia-ecco-quanta-ne-scendera-zona-per-zona\/\" \/>\n<meta property=\"og:locale\" content=\"it_IT\" \/>\n<meta property=\"og:type\" content=\"article\" \/>\n<meta property=\"og:title\" content=\"Meteo: arriva la neve in Lombardia, ecco quanta ne scender\u00e0, zona per zona - Il Notiziario\" \/>\n<meta property=\"og:description\" content=\"Tutte concordi le previsioni meteo nell&#039;annunciare l&#039;arrivo della neve nella giornata di domani, mercoled\u00ec 8 dicembre. Sono previste precipitazioni\" \/>\n<meta property=\"og:url\" content=\"https:\/\/www.ilnotiziario.net\/wp\/prima-pagina\/meteo-arriva-la-neve-in-lombardia-ecco-quanta-ne-scendera-zona-per-zona\/\" \/>\n<meta property=\"og:site_name\" content=\"Il Notiziario\" \/>\n<meta property=\"article:publisher\" content=\"https:\/\/www.facebook.com\/ilnotiziarioind\/\" \/>\n<meta property=\"article:published_time\" content=\"2021-12-07T17:27:48+00:00\" \/>\n<meta property=\"og:image\" content=\"https:\/\/www.ilnotiziario.net\/wp\/wp-content\/uploads\/2021\/12\/Neve-trattore.jpg\" \/>\n\t<meta property=\"og:image:width\" content=\"749\" \/>\n\t<meta property=\"og:image:height\" content=\"356\" \/>\n\t<meta property=\"og:image:type\" content=\"image\/jpeg\" \/>\n<meta name=\"author\" content=\"Gabriele Bassani\" \/>\n<meta name=\"twitter:card\" content=\"summary_large_image\" \/>\n<meta name=\"twitter:creator\" content=\"@ilNotiziarioInd\" \/>\n<meta name=\"twitter:site\" content=\"@ilNotiziarioInd\" \/>\n<meta name=\"twitter:label1\" content=\"Scritto da\" \/>\n\t<meta name=\"twitter:data1\" content=\"Gabriele Bassani\" \/>\n\t<meta name=\"twitter:label2\" content=\"Tempo di lettura stimato\" \/>\n\t<meta name=\"twitter:data2\" content=\"2 minuti\" \/>\n<script type=\"application\/ld+json\" class=\"yoast-schema-graph\">{\"@context\":\"https:\\\/\\\/schema.org\",\"@graph\":[{\"@type\":\"Article\",\"@id\":\"https:\\\/\\\/www.ilnotiziario.net\\\/wp\\\/prima-pagina\\\/meteo-arriva-la-neve-in-lombardia-ecco-quanta-ne-scendera-zona-per-zona\\\/#article\",\"isPartOf\":{\"@id\":\"https:\\\/\\\/www.ilnotiziario.net\\\/wp\\\/prima-pagina\\\/meteo-arriva-la-neve-in-lombardia-ecco-quanta-ne-scendera-zona-per-zona\\\/\"},\"author\":{\"name\":\"Gabriele Bassani\",\"@id\":\"https:\\\/\\\/www.ilnotiziario.net\\\/wp\\\/#\\\/schema\\\/person\\\/386e222908f898bb41c033989482bbf2\"},\"headline\":\"Meteo: arriva la neve in Lombardia, ecco quanta ne scender\u00e0, zona per zona\",\"datePublished\":\"2021-12-07T17:27:48+00:00\",\"mainEntityOfPage\":{\"@id\":\"https:\\\/\\\/www.ilnotiziario.net\\\/wp\\\/prima-pagina\\\/meteo-arriva-la-neve-in-lombardia-ecco-quanta-ne-scendera-zona-per-zona\\\/\"},\"wordCount\":357,\"publisher\":{\"@id\":\"https:\\\/\\\/www.ilnotiziario.net\\\/wp\\\/#organization\"},\"image\":{\"@id\":\"https:\\\/\\\/www.ilnotiziario.net\\\/wp\\\/prima-pagina\\\/meteo-arriva-la-neve-in-lombardia-ecco-quanta-ne-scendera-zona-per-zona\\\/#primaryimage\"},\"thumbnailUrl\":\"https:\\\/\\\/www.ilnotiziario.net\\\/wp\\\/wp-content\\\/uploads\\\/2021\\\/12\\\/Neve-trattore.jpg\",\"keywords\":[\"accumuli\",\"Lombardia\",\"Meteo\",\"Neve\"],\"articleSection\":[\"Prima Pagina\"],\"inLanguage\":\"it-IT\"},{\"@type\":\"WebPage\",\"@id\":\"https:\\\/\\\/www.ilnotiziario.net\\\/wp\\\/prima-pagina\\\/meteo-arriva-la-neve-in-lombardia-ecco-quanta-ne-scendera-zona-per-zona\\\/\",\"url\":\"https:\\\/\\\/www.ilnotiziario.net\\\/wp\\\/prima-pagina\\\/meteo-arriva-la-neve-in-lombardia-ecco-quanta-ne-scendera-zona-per-zona\\\/\",\"name\":\"Meteo: arriva la neve in Lombardia, ecco quanta ne scender\u00e0, zona per zona - Il Notiziario\",\"isPartOf\":{\"@id\":\"https:\\\/\\\/www.ilnotiziario.net\\\/wp\\\/#website\"},\"primaryImageOfPage\":{\"@id\":\"https:\\\/\\\/www.ilnotiziario.net\\\/wp\\\/prima-pagina\\\/meteo-arriva-la-neve-in-lombardia-ecco-quanta-ne-scendera-zona-per-zona\\\/#primaryimage\"},\"image\":{\"@id\":\"https:\\\/\\\/www.ilnotiziario.net\\\/wp\\\/prima-pagina\\\/meteo-arriva-la-neve-in-lombardia-ecco-quanta-ne-scendera-zona-per-zona\\\/#primaryimage\"},\"thumbnailUrl\":\"https:\\\/\\\/www.ilnotiziario.net\\\/wp\\\/wp-content\\\/uploads\\\/2021\\\/12\\\/Neve-trattore.jpg\",\"datePublished\":\"2021-12-07T17:27:48+00:00\",\"description\":\"Tutte concordi le previsioni meteo nell'annunciare l'arrivo della neve nella giornata di domani, mercoled\u00ec 8 dicembre. Sono previste precipitazioni\",\"breadcrumb\":{\"@id\":\"https:\\\/\\\/www.ilnotiziario.net\\\/wp\\\/prima-pagina\\\/meteo-arriva-la-neve-in-lombardia-ecco-quanta-ne-scendera-zona-per-zona\\\/#breadcrumb\"},\"inLanguage\":\"it-IT\",\"potentialAction\":[{\"@type\":\"ReadAction\",\"target\":[\"https:\\\/\\\/www.ilnotiziario.net\\\/wp\\\/prima-pagina\\\/meteo-arriva-la-neve-in-lombardia-ecco-quanta-ne-scendera-zona-per-zona\\\/\"]}]},{\"@type\":\"ImageObject\",\"inLanguage\":\"it-IT\",\"@id\":\"https:\\\/\\\/www.ilnotiziario.net\\\/wp\\\/prima-pagina\\\/meteo-arriva-la-neve-in-lombardia-ecco-quanta-ne-scendera-zona-per-zona\\\/#primaryimage\",\"url\":\"https:\\\/\\\/www.ilnotiziario.net\\\/wp\\\/wp-content\\\/uploads\\\/2021\\\/12\\\/Neve-trattore.jpg\",\"contentUrl\":\"https:\\\/\\\/www.ilnotiziario.net\\\/wp\\\/wp-content\\\/uploads\\\/2021\\\/12\\\/Neve-trattore.jpg\",\"width\":749,\"height\":356,\"caption\":\"neve trattore\"},{\"@type\":\"BreadcrumbList\",\"@id\":\"https:\\\/\\\/www.ilnotiziario.net\\\/wp\\\/prima-pagina\\\/meteo-arriva-la-neve-in-lombardia-ecco-quanta-ne-scendera-zona-per-zona\\\/#breadcrumb\",\"itemListElement\":[{\"@type\":\"ListItem\",\"position\":1,\"name\":\"tds_text_logo_tagline_colortds_text_logo_tagline_colortds_text_logo_tagline_colortds_text_logo_tagline_colortd_module_7_title_excerpttd_module_7_title_excerpttd_module_7_title_excerpttd_module_7_title_excerptHome\",\"item\":\"https:\\\/\\\/www.ilnotiziario.net\\\/wp\\\/\"},{\"@type\":\"ListItem\",\"position\":2,\"name\":\"Meteo: arriva la neve in Lombardia, ecco quanta ne scender\u00e0, zona per zona\"}]},{\"@type\":\"WebSite\",\"@id\":\"https:\\\/\\\/www.ilnotiziario.net\\\/wp\\\/#website\",\"url\":\"https:\\\/\\\/www.ilnotiziario.net\\\/wp\\\/\",\"name\":\"Il Notiziario\",\"description\":\"Per restare sempre connessi alla notizia\",\"publisher\":{\"@id\":\"https:\\\/\\\/www.ilnotiziario.net\\\/wp\\\/#organization\"},\"alternateName\":\"Il Notiziario Bollate\",\"potentialAction\":[{\"@type\":\"SearchAction\",\"target\":{\"@type\":\"EntryPoint\",\"urlTemplate\":\"https:\\\/\\\/www.ilnotiziario.net\\\/wp\\\/?s={search_term_string}\"},\"query-input\":{\"@type\":\"PropertyValueSpecification\",\"valueRequired\":true,\"valueName\":\"search_term_string\"}}],\"inLanguage\":\"it-IT\"},{\"@type\":\"Organization\",\"@id\":\"https:\\\/\\\/www.ilnotiziario.net\\\/wp\\\/#organization\",\"name\":\"Il Notiziario\",\"url\":\"https:\\\/\\\/www.ilnotiziario.net\\\/wp\\\/\",\"logo\":{\"@type\":\"ImageObject\",\"inLanguage\":\"it-IT\",\"@id\":\"https:\\\/\\\/www.ilnotiziario.net\\\/wp\\\/#\\\/schema\\\/logo\\\/image\\\/\",\"url\":\"https:\\\/\\\/www.ilnotiziario.net\\\/wp\\\/wp-content\\\/uploads\\\/2022\\\/06\\\/170x170ilN.png\",\"contentUrl\":\"https:\\\/\\\/www.ilnotiziario.net\\\/wp\\\/wp-content\\\/uploads\\\/2022\\\/06\\\/170x170ilN.png\",\"width\":355,\"height\":355,\"caption\":\"Il Notiziario\"},\"image\":{\"@id\":\"https:\\\/\\\/www.ilnotiziario.net\\\/wp\\\/#\\\/schema\\\/logo\\\/image\\\/\"},\"sameAs\":[\"https:\\\/\\\/www.facebook.com\\\/ilnotiziarioind\\\/\",\"https:\\\/\\\/x.com\\\/ilNotiziarioInd\",\"https:\\\/\\\/www.instagram.com\\\/ilnotiziario_settimanale\\\/\"]},{\"@type\":\"Person\",\"@id\":\"https:\\\/\\\/www.ilnotiziario.net\\\/wp\\\/#\\\/schema\\\/person\\\/386e222908f898bb41c033989482bbf2\",\"name\":\"Gabriele Bassani\",\"image\":{\"@type\":\"ImageObject\",\"inLanguage\":\"it-IT\",\"@id\":\"https:\\\/\\\/secure.gravatar.com\\\/avatar\\\/09274f4a84fa97698bde56f84b3afed61c8492d48b0550db9671b68c177479cb?s=96&d=mm&r=g\",\"url\":\"https:\\\/\\\/secure.gravatar.com\\\/avatar\\\/09274f4a84fa97698bde56f84b3afed61c8492d48b0550db9671b68c177479cb?s=96&d=mm&r=g\",\"contentUrl\":\"https:\\\/\\\/secure.gravatar.com\\\/avatar\\\/09274f4a84fa97698bde56f84b3afed61c8492d48b0550db9671b68c177479cb?s=96&d=mm&r=g\",\"caption\":\"Gabriele Bassani\"},\"sameAs\":[\"http:\\\/\\\/www.ilnotiziario.net\"]}]}<\/script>\n<!-- \/ Yoast SEO plugin. -->","yoast_head_json":{"title":"Meteo: arriva la neve in Lombardia, ecco quanta ne scender\u00e0, zona per zona - Il Notiziario","description":"Tutte concordi le previsioni meteo nell'annunciare l'arrivo della neve nella giornata di domani, mercoled\u00ec 8 dicembre. Sono previste precipitazioni","robots":{"index":"index","follow":"follow","max-snippet":"max-snippet:-1","max-image-preview":"max-image-preview:large","max-video-preview":"max-video-preview:-1"},"canonical":"https:\/\/www.ilnotiziario.net\/wp\/prima-pagina\/meteo-arriva-la-neve-in-lombardia-ecco-quanta-ne-scendera-zona-per-zona\/","og_locale":"it_IT","og_type":"article","og_title":"Meteo: arriva la neve in Lombardia, ecco quanta ne scender\u00e0, zona per zona - Il Notiziario","og_description":"Tutte concordi le previsioni meteo nell'annunciare l'arrivo della neve nella giornata di domani, mercoled\u00ec 8 dicembre. Sono previste precipitazioni","og_url":"https:\/\/www.ilnotiziario.net\/wp\/prima-pagina\/meteo-arriva-la-neve-in-lombardia-ecco-quanta-ne-scendera-zona-per-zona\/","og_site_name":"Il Notiziario","article_publisher":"https:\/\/www.facebook.com\/ilnotiziarioind\/","article_published_time":"2021-12-07T17:27:48+00:00","og_image":[{"width":749,"height":356,"url":"https:\/\/www.ilnotiziario.net\/wp\/wp-content\/uploads\/2021\/12\/Neve-trattore.jpg","type":"image\/jpeg"}],"author":"Gabriele Bassani","twitter_card":"summary_large_image","twitter_creator":"@ilNotiziarioInd","twitter_site":"@ilNotiziarioInd","twitter_misc":{"Scritto da":"Gabriele Bassani","Tempo di lettura stimato":"2 minuti"},"schema":{"@context":"https:\/\/schema.org","@graph":[{"@type":"Article","@id":"https:\/\/www.ilnotiziario.net\/wp\/prima-pagina\/meteo-arriva-la-neve-in-lombardia-ecco-quanta-ne-scendera-zona-per-zona\/#article","isPartOf":{"@id":"https:\/\/www.ilnotiziario.net\/wp\/prima-pagina\/meteo-arriva-la-neve-in-lombardia-ecco-quanta-ne-scendera-zona-per-zona\/"},"author":{"name":"Gabriele Bassani","@id":"https:\/\/www.ilnotiziario.net\/wp\/#\/schema\/person\/386e222908f898bb41c033989482bbf2"},"headline":"Meteo: arriva la neve in Lombardia, ecco quanta ne scender\u00e0, zona per zona","datePublished":"2021-12-07T17:27:48+00:00","mainEntityOfPage":{"@id":"https:\/\/www.ilnotiziario.net\/wp\/prima-pagina\/meteo-arriva-la-neve-in-lombardia-ecco-quanta-ne-scendera-zona-per-zona\/"},"wordCount":357,"publisher":{"@id":"https:\/\/www.ilnotiziario.net\/wp\/#organization"},"image":{"@id":"https:\/\/www.ilnotiziario.net\/wp\/prima-pagina\/meteo-arriva-la-neve-in-lombardia-ecco-quanta-ne-scendera-zona-per-zona\/#primaryimage"},"thumbnailUrl":"https:\/\/www.ilnotiziario.net\/wp\/wp-content\/uploads\/2021\/12\/Neve-trattore.jpg","keywords":["accumuli","Lombardia","Meteo","Neve"],"articleSection":["Prima Pagina"],"inLanguage":"it-IT"},{"@type":"WebPage","@id":"https:\/\/www.ilnotiziario.net\/wp\/prima-pagina\/meteo-arriva-la-neve-in-lombardia-ecco-quanta-ne-scendera-zona-per-zona\/","url":"https:\/\/www.ilnotiziario.net\/wp\/prima-pagina\/meteo-arriva-la-neve-in-lombardia-ecco-quanta-ne-scendera-zona-per-zona\/","name":"Meteo: arriva la neve in Lombardia, ecco quanta ne scender\u00e0, zona per zona - Il Notiziario","isPartOf":{"@id":"https:\/\/www.ilnotiziario.net\/wp\/#website"},"primaryImageOfPage":{"@id":"https:\/\/www.ilnotiziario.net\/wp\/prima-pagina\/meteo-arriva-la-neve-in-lombardia-ecco-quanta-ne-scendera-zona-per-zona\/#primaryimage"},"image":{"@id":"https:\/\/www.ilnotiziario.net\/wp\/prima-pagina\/meteo-arriva-la-neve-in-lombardia-ecco-quanta-ne-scendera-zona-per-zona\/#primaryimage"},"thumbnailUrl":"https:\/\/www.ilnotiziario.net\/wp\/wp-content\/uploads\/2021\/12\/Neve-trattore.jpg","datePublished":"2021-12-07T17:27:48+00:00","description":"Tutte concordi le previsioni meteo nell'annunciare l'arrivo della neve nella giornata di domani, mercoled\u00ec 8 dicembre. Sono previste precipitazioni","breadcrumb":{"@id":"https:\/\/www.ilnotiziario.net\/wp\/prima-pagina\/meteo-arriva-la-neve-in-lombardia-ecco-quanta-ne-scendera-zona-per-zona\/#breadcrumb"},"inLanguage":"it-IT","potentialAction":[{"@type":"ReadAction","target":["https:\/\/www.ilnotiziario.net\/wp\/prima-pagina\/meteo-arriva-la-neve-in-lombardia-ecco-quanta-ne-scendera-zona-per-zona\/"]}]},{"@type":"ImageObject","inLanguage":"it-IT","@id":"https:\/\/www.ilnotiziario.net\/wp\/prima-pagina\/meteo-arriva-la-neve-in-lombardia-ecco-quanta-ne-scendera-zona-per-zona\/#primaryimage","url":"https:\/\/www.ilnotiziario.net\/wp\/wp-content\/uploads\/2021\/12\/Neve-trattore.jpg","contentUrl":"https:\/\/www.ilnotiziario.net\/wp\/wp-content\/uploads\/2021\/12\/Neve-trattore.jpg","width":749,"height":356,"caption":"neve trattore"},{"@type":"BreadcrumbList","@id":"https:\/\/www.ilnotiziario.net\/wp\/prima-pagina\/meteo-arriva-la-neve-in-lombardia-ecco-quanta-ne-scendera-zona-per-zona\/#breadcrumb","itemListElement":[{"@type":"ListItem","position":1,"name":"tds_text_logo_tagline_colortds_text_logo_tagline_colortds_text_logo_tagline_colortds_text_logo_tagline_colortd_module_7_title_excerpttd_module_7_title_excerpttd_module_7_title_excerpttd_module_7_title_excerptHome","item":"https:\/\/www.ilnotiziario.net\/wp\/"},{"@type":"ListItem","position":2,"name":"Meteo: arriva la neve in Lombardia, ecco quanta ne scender\u00e0, zona per zona"}]},{"@type":"WebSite","@id":"https:\/\/www.ilnotiziario.net\/wp\/#website","url":"https:\/\/www.ilnotiziario.net\/wp\/","name":"Il Notiziario","description":"Per restare sempre connessi alla notizia","publisher":{"@id":"https:\/\/www.ilnotiziario.net\/wp\/#organization"},"alternateName":"Il Notiziario Bollate","potentialAction":[{"@type":"SearchAction","target":{"@type":"EntryPoint","urlTemplate":"https:\/\/www.ilnotiziario.net\/wp\/?s={search_term_string}"},"query-input":{"@type":"PropertyValueSpecification","valueRequired":true,"valueName":"search_term_string"}}],"inLanguage":"it-IT"},{"@type":"Organization","@id":"https:\/\/www.ilnotiziario.net\/wp\/#organization","name":"Il Notiziario","url":"https:\/\/www.ilnotiziario.net\/wp\/","logo":{"@type":"ImageObject","inLanguage":"it-IT","@id":"https:\/\/www.ilnotiziario.net\/wp\/#\/schema\/logo\/image\/","url":"https:\/\/www.ilnotiziario.net\/wp\/wp-content\/uploads\/2022\/06\/170x170ilN.png","contentUrl":"https:\/\/www.ilnotiziario.net\/wp\/wp-content\/uploads\/2022\/06\/170x170ilN.png","width":355,"height":355,"caption":"Il Notiziario"},"image":{"@id":"https:\/\/www.ilnotiziario.net\/wp\/#\/schema\/logo\/image\/"},"sameAs":["https:\/\/www.facebook.com\/ilnotiziarioind\/","https:\/\/x.com\/ilNotiziarioInd","https:\/\/www.instagram.com\/ilnotiziario_settimanale\/"]},{"@type":"Person","@id":"https:\/\/www.ilnotiziario.net\/wp\/#\/schema\/person\/386e222908f898bb41c033989482bbf2","name":"Gabriele Bassani","image":{"@type":"ImageObject","inLanguage":"it-IT","@id":"https:\/\/secure.gravatar.com\/avatar\/09274f4a84fa97698bde56f84b3afed61c8492d48b0550db9671b68c177479cb?s=96&d=mm&r=g","url":"https:\/\/secure.gravatar.com\/avatar\/09274f4a84fa97698bde56f84b3afed61c8492d48b0550db9671b68c177479cb?s=96&d=mm&r=g","contentUrl":"https:\/\/secure.gravatar.com\/avatar\/09274f4a84fa97698bde56f84b3afed61c8492d48b0550db9671b68c177479cb?s=96&d=mm&r=g","caption":"Gabriele Bassani"},"sameAs":["http:\/\/www.ilnotiziario.net"]}]}},"_links":{"self":[{"href":"https:\/\/www.ilnotiziario.net\/wp\/wp-json\/wp\/v2\/posts\/159415","targetHints":{"allow":["GET"]}}],"collection":[{"href":"https:\/\/www.ilnotiziario.net\/wp\/wp-json\/wp\/v2\/posts"}],"about":[{"href":"https:\/\/www.ilnotiziario.net\/wp\/wp-json\/wp\/v2\/types\/post"}],"author":[{"embeddable":true,"href":"https:\/\/www.ilnotiziario.net\/wp\/wp-json\/wp\/v2\/users\/3"}],"replies":[{"embeddable":true,"href":"https:\/\/www.ilnotiziario.net\/wp\/wp-json\/wp\/v2\/comments?post=159415"}],"version-history":[{"count":0,"href":"https:\/\/www.ilnotiziario.net\/wp\/wp-json\/wp\/v2\/posts\/159415\/revisions"}],"wp:featuredmedia":[{"embeddable":true,"href":"https:\/\/www.ilnotiziario.net\/wp\/wp-json\/wp\/v2\/media\/159417"}],"wp:attachment":[{"href":"https:\/\/www.ilnotiziario.net\/wp\/wp-json\/wp\/v2\/media?parent=159415"}],"wp:term":[{"taxonomy":"category","embeddable":true,"href":"https:\/\/www.ilnotiziario.net\/wp\/wp-json\/wp\/v2\/categories?post=159415"},{"taxonomy":"post_tag","embeddable":true,"href":"https:\/\/www.ilnotiziario.net\/wp\/wp-json\/wp\/v2\/tags?post=159415"}],"curies":[{"name":"wp","href":"https:\/\/api.w.org\/{rel}","templated":true}]}}