{"id":159565,"date":"2021-12-12T11:26:41","date_gmt":"2021-12-12T10:26:41","guid":{"rendered":"https:\/\/www.ilnotiziario.net\/wp\/?p=159565"},"modified":"2021-12-12T11:26:41","modified_gmt":"2021-12-12T10:26:41","slug":"sciopero-circolazione-treni-martedi-14-trenord","status":"publish","type":"post","link":"https:\/\/www.ilnotiziario.net\/wp\/nord-milano\/sciopero-circolazione-treni-martedi-14-trenord\/","title":{"rendered":"Sciopero, circolazione treni a rischio marted\u00ec 14 su tutte le linee Trenord"},"content":{"rendered":"<p><img fetchpriority=\"high\" decoding=\"async\" class=\"aligncenter size-full wp-image-16416\" src=\"https:\/\/www.ilnotiziario.net\/wp\/wp-content\/uploads\/2017\/03\/16195990_10210279924148114_9151107467070887332_n-e1619533923575.jpg\" alt=\"sciopero treni\" width=\"1350\" height=\"766\" srcset=\"https:\/\/www.ilnotiziario.net\/wp\/wp-content\/uploads\/2017\/03\/16195990_10210279924148114_9151107467070887332_n-e1619533923575.jpg 1350w, https:\/\/www.ilnotiziario.net\/wp\/wp-content\/uploads\/2017\/03\/16195990_10210279924148114_9151107467070887332_n-e1619533923575-300x170.jpg 300w, https:\/\/www.ilnotiziario.net\/wp\/wp-content\/uploads\/2017\/03\/16195990_10210279924148114_9151107467070887332_n-e1619533923575-1024x581.jpg 1024w, https:\/\/www.ilnotiziario.net\/wp\/wp-content\/uploads\/2017\/03\/16195990_10210279924148114_9151107467070887332_n-e1619533923575-768x436.jpg 768w, https:\/\/www.ilnotiziario.net\/wp\/wp-content\/uploads\/2017\/03\/16195990_10210279924148114_9151107467070887332_n-e1619533923575-696x395.jpg 696w, https:\/\/www.ilnotiziario.net\/wp\/wp-content\/uploads\/2017\/03\/16195990_10210279924148114_9151107467070887332_n-e1619533923575-1068x606.jpg 1068w\" sizes=\"(max-width: 1350px) 100vw, 1350px\" \/>Si annuncia una giornata difficile per migliaia di pendolari, tra studenti e lavoratori, marted\u00ec 14 dicembre a causa di uno sciopero del personale di Trenord.<\/p><div id=\"ilnot-2646836597\" class=\"ilnot-contenuto ilnot-entity-placement\"><p><!-- incontent_1 --><\/p>\n<div class=\"gptslot\" data-adunitid=\"1\"><\/div>\n<\/div>\n<p>La situazione della probabile precariet\u00e0 della circolazione dei treni \u00e8 annunciata dalla stessa Trenord. \u201cA causa di uno sciopero indetto dalle rappresentanze sindacali unitarie di Trenord <strong>dalle ore 3 di marted\u00ec 14 dicembre alle ore 2 di mercoled\u00ec 15<\/strong>, in Lombardia i treni regionali, suburbani e il collegamento aeroportuale Malpensa Express potranno subire limitazioni e cancellazioni\u201d -informa una nota aziendale.<\/p>\n<p>\u201cMarted\u00ec 14 dicembre tra le ore 6 e le ore 9 e tra le ore 18 e le ore 21 circoleranno le corse indicate sul sito Trenord al link <a href=\"http:\/\/www.trenord.it\/trenigarantiti\"><strong>www.trenord.it\/trenigarantiti<\/strong><\/a><\/p><div id=\"ilnot-3596713733\" class=\"ilnot-contenuto_2 ilnot-entity-placement\"><div class=\"ads-wrapper\">\n<div class=\"ad-slot\">\n   <div id=\"ilnot-4219906736\" style=\"margin-right: auto;margin-left: auto;text-align: center;width: 320px;height: 100px;\"><a href=\"https:\/\/www.scuolasicurezza.it\/\"><img decoding=\"async\" src=\"https:\/\/www.ilnotiziario.net\/wp\/wp-content\/uploads\/2026\/04\/IlNotiziario_banner-sito-e-newsletter-320-x-100-px-1.gif\" alt=\"\"><\/a><\/div>\n  <\/div>\n<div class=\"ad-slot\">\n   <div id=\"ilnot-2382158657\" style=\"margin-right: auto;margin-left: auto;text-align: center;width: 320px;height: 100px;\"><a href=\"https:\/\/purodesignarredamenti.com\/\"><img decoding=\"async\" src=\"https:\/\/www.ilnotiziario.net\/wp\/wp-content\/uploads\/2026\/04\/banner-puro-ok.gif\" alt=\"whatsapp\"><\/a><\/div><\/p><\/div>\n<\/div>\n<\/div>\n<p>Sono previsti <strong>autobus sostitutivi senza fermate intermedie per le eventuali corse non effettuate<\/strong> tra Milano Cadorna (da via Paleocapa, 1) e Malpensa Aeroporto e tra Stabio e Malpensa Aeroporto.<\/p>\n<p>Informazioni sull\u2019andamento della circolazione saranno comunicate su sito e App Trenord e nelle stazioni, tramite i monitor e gli annunci sonori\u201d.<\/p>\n","protected":false},"excerpt":{"rendered":"<p>Si annuncia una giornata difficile per migliaia di pendolari, tra studenti e lavoratori, marted\u00ec 14 dicembre a causa di uno sciopero del personale di Trenord. La situazione della probabile precariet\u00e0 della circolazione dei treni \u00e8 annunciata dalla stessa Trenord. \u201cA causa di uno sciopero indetto dalle rappresentanze sindacali unitarie di Trenord dalle ore 3 di<\/p>\n","protected":false},"author":3,"featured_media":16416,"comment_status":"closed","ping_status":"closed","sticky":false,"template":"","format":"standard","meta":{"footnotes":""},"categories":[11,20,13,14],"tags":[304,163,421,710,34,2499],"class_list":{"0":"post-159565","1":"post","2":"type-post","3":"status-publish","4":"format-standard","5":"has-post-thumbnail","7":"category-nord-milano","8":"category-prima-pagina","9":"category-saronnese","10":"category-saronno","11":"tag-disagi","12":"tag-pendolari","13":"tag-sciopero","14":"tag-treni","15":"tag-trenord","16":"tag-viaggiatori"},"yoast_head":"<!-- This site is optimized with the Yoast SEO plugin v27.4 - https:\/\/yoast.com\/product\/yoast-seo-wordpress\/ -->\n<title>Sciopero, circolazione treni a rischio marted\u00ec 14 su tutte le linee Trenord - Il Notiziario<\/title>\n<meta name=\"description\" content=\"Si annuncia una giornata difficile per migliaia di pendolari, tra studenti e lavoratori, marted\u00ec 14 dicembre a causa di uno sciopero del personale di\" \/>\n<meta name=\"robots\" content=\"index, follow, max-snippet:-1, max-image-preview:large, max-video-preview:-1\" \/>\n<link rel=\"canonical\" href=\"https:\/\/www.ilnotiziario.net\/wp\/nord-milano\/sciopero-circolazione-treni-martedi-14-trenord\/\" \/>\n<meta property=\"og:locale\" content=\"it_IT\" \/>\n<meta property=\"og:type\" content=\"article\" \/>\n<meta property=\"og:title\" content=\"Sciopero, circolazione treni a rischio marted\u00ec 14 su tutte le linee Trenord - Il Notiziario\" \/>\n<meta property=\"og:description\" content=\"Si annuncia una giornata difficile per migliaia di pendolari, tra studenti e lavoratori, marted\u00ec 14 dicembre a causa di uno sciopero del personale di\" \/>\n<meta property=\"og:url\" content=\"https:\/\/www.ilnotiziario.net\/wp\/nord-milano\/sciopero-circolazione-treni-martedi-14-trenord\/\" \/>\n<meta property=\"og:site_name\" content=\"Il Notiziario\" \/>\n<meta property=\"article:publisher\" content=\"https:\/\/www.facebook.com\/ilnotiziarioind\/\" \/>\n<meta property=\"article:published_time\" content=\"2021-12-12T10:26:41+00:00\" \/>\n<meta property=\"og:image\" content=\"https:\/\/www.ilnotiziario.net\/wp\/wp-content\/uploads\/2017\/03\/16195990_10210279924148114_9151107467070887332_n-e1619533923575.jpg\" \/>\n\t<meta property=\"og:image:width\" content=\"1350\" \/>\n\t<meta property=\"og:image:height\" content=\"766\" \/>\n\t<meta property=\"og:image:type\" content=\"image\/jpeg\" \/>\n<meta name=\"author\" content=\"Gabriele Bassani\" \/>\n<meta name=\"twitter:card\" content=\"summary_large_image\" \/>\n<meta name=\"twitter:creator\" content=\"@ilNotiziarioInd\" \/>\n<meta name=\"twitter:site\" content=\"@ilNotiziarioInd\" \/>\n<meta name=\"twitter:label1\" content=\"Scritto da\" \/>\n\t<meta name=\"twitter:data1\" content=\"Gabriele Bassani\" \/>\n\t<meta name=\"twitter:label2\" content=\"Tempo di lettura stimato\" \/>\n\t<meta name=\"twitter:data2\" content=\"1 minuto\" \/>\n<script type=\"application\/ld+json\" class=\"yoast-schema-graph\">{\"@context\":\"https:\\\/\\\/schema.org\",\"@graph\":[{\"@type\":\"Article\",\"@id\":\"https:\\\/\\\/www.ilnotiziario.net\\\/wp\\\/nord-milano\\\/sciopero-circolazione-treni-martedi-14-trenord\\\/#article\",\"isPartOf\":{\"@id\":\"https:\\\/\\\/www.ilnotiziario.net\\\/wp\\\/nord-milano\\\/sciopero-circolazione-treni-martedi-14-trenord\\\/\"},\"author\":{\"name\":\"Gabriele Bassani\",\"@id\":\"https:\\\/\\\/www.ilnotiziario.net\\\/wp\\\/#\\\/schema\\\/person\\\/386e222908f898bb41c033989482bbf2\"},\"headline\":\"Sciopero, circolazione treni a rischio marted\u00ec 14 su tutte le linee Trenord\",\"datePublished\":\"2021-12-12T10:26:41+00:00\",\"mainEntityOfPage\":{\"@id\":\"https:\\\/\\\/www.ilnotiziario.net\\\/wp\\\/nord-milano\\\/sciopero-circolazione-treni-martedi-14-trenord\\\/\"},\"wordCount\":168,\"publisher\":{\"@id\":\"https:\\\/\\\/www.ilnotiziario.net\\\/wp\\\/#organization\"},\"image\":{\"@id\":\"https:\\\/\\\/www.ilnotiziario.net\\\/wp\\\/nord-milano\\\/sciopero-circolazione-treni-martedi-14-trenord\\\/#primaryimage\"},\"thumbnailUrl\":\"https:\\\/\\\/www.ilnotiziario.net\\\/wp\\\/wp-content\\\/uploads\\\/2017\\\/03\\\/16195990_10210279924148114_9151107467070887332_n-e1619533923575.jpg\",\"keywords\":[\"disagi\",\"pendolari\",\"sciopero\",\"Treni\",\"Trenord\",\"Viaggiatori\"],\"articleSection\":[\"NORD MILANO\",\"Prima Pagina\",\"SARONNESE\",\"SARONNO\"],\"inLanguage\":\"it-IT\"},{\"@type\":\"WebPage\",\"@id\":\"https:\\\/\\\/www.ilnotiziario.net\\\/wp\\\/nord-milano\\\/sciopero-circolazione-treni-martedi-14-trenord\\\/\",\"url\":\"https:\\\/\\\/www.ilnotiziario.net\\\/wp\\\/nord-milano\\\/sciopero-circolazione-treni-martedi-14-trenord\\\/\",\"name\":\"Sciopero, circolazione treni a rischio marted\u00ec 14 su tutte le linee Trenord - Il Notiziario\",\"isPartOf\":{\"@id\":\"https:\\\/\\\/www.ilnotiziario.net\\\/wp\\\/#website\"},\"primaryImageOfPage\":{\"@id\":\"https:\\\/\\\/www.ilnotiziario.net\\\/wp\\\/nord-milano\\\/sciopero-circolazione-treni-martedi-14-trenord\\\/#primaryimage\"},\"image\":{\"@id\":\"https:\\\/\\\/www.ilnotiziario.net\\\/wp\\\/nord-milano\\\/sciopero-circolazione-treni-martedi-14-trenord\\\/#primaryimage\"},\"thumbnailUrl\":\"https:\\\/\\\/www.ilnotiziario.net\\\/wp\\\/wp-content\\\/uploads\\\/2017\\\/03\\\/16195990_10210279924148114_9151107467070887332_n-e1619533923575.jpg\",\"datePublished\":\"2021-12-12T10:26:41+00:00\",\"description\":\"Si annuncia una giornata difficile per migliaia di pendolari, tra studenti e lavoratori, marted\u00ec 14 dicembre a causa di uno sciopero del personale di\",\"breadcrumb\":{\"@id\":\"https:\\\/\\\/www.ilnotiziario.net\\\/wp\\\/nord-milano\\\/sciopero-circolazione-treni-martedi-14-trenord\\\/#breadcrumb\"},\"inLanguage\":\"it-IT\",\"potentialAction\":[{\"@type\":\"ReadAction\",\"target\":[\"https:\\\/\\\/www.ilnotiziario.net\\\/wp\\\/nord-milano\\\/sciopero-circolazione-treni-martedi-14-trenord\\\/\"]}]},{\"@type\":\"ImageObject\",\"inLanguage\":\"it-IT\",\"@id\":\"https:\\\/\\\/www.ilnotiziario.net\\\/wp\\\/nord-milano\\\/sciopero-circolazione-treni-martedi-14-trenord\\\/#primaryimage\",\"url\":\"https:\\\/\\\/www.ilnotiziario.net\\\/wp\\\/wp-content\\\/uploads\\\/2017\\\/03\\\/16195990_10210279924148114_9151107467070887332_n-e1619533923575.jpg\",\"contentUrl\":\"https:\\\/\\\/www.ilnotiziario.net\\\/wp\\\/wp-content\\\/uploads\\\/2017\\\/03\\\/16195990_10210279924148114_9151107467070887332_n-e1619533923575.jpg\",\"width\":1350,\"height\":766,\"caption\":\"Sciopero dei trasporti\"},{\"@type\":\"BreadcrumbList\",\"@id\":\"https:\\\/\\\/www.ilnotiziario.net\\\/wp\\\/nord-milano\\\/sciopero-circolazione-treni-martedi-14-trenord\\\/#breadcrumb\",\"itemListElement\":[{\"@type\":\"ListItem\",\"position\":1,\"name\":\"tds_text_logo_tagline_colortds_text_logo_tagline_colortds_text_logo_tagline_colortds_text_logo_tagline_colortd_module_7_title_excerpttd_module_7_title_excerpttd_module_7_title_excerpttd_module_7_title_excerptHome\",\"item\":\"https:\\\/\\\/www.ilnotiziario.net\\\/wp\\\/\"},{\"@type\":\"ListItem\",\"position\":2,\"name\":\"Sciopero, circolazione treni a rischio marted\u00ec 14 su tutte le linee Trenord\"}]},{\"@type\":\"WebSite\",\"@id\":\"https:\\\/\\\/www.ilnotiziario.net\\\/wp\\\/#website\",\"url\":\"https:\\\/\\\/www.ilnotiziario.net\\\/wp\\\/\",\"name\":\"Il Notiziario\",\"description\":\"Per restare sempre connessi alla notizia\",\"publisher\":{\"@id\":\"https:\\\/\\\/www.ilnotiziario.net\\\/wp\\\/#organization\"},\"alternateName\":\"Il Notiziario Bollate\",\"potentialAction\":[{\"@type\":\"SearchAction\",\"target\":{\"@type\":\"EntryPoint\",\"urlTemplate\":\"https:\\\/\\\/www.ilnotiziario.net\\\/wp\\\/?s={search_term_string}\"},\"query-input\":{\"@type\":\"PropertyValueSpecification\",\"valueRequired\":true,\"valueName\":\"search_term_string\"}}],\"inLanguage\":\"it-IT\"},{\"@type\":\"Organization\",\"@id\":\"https:\\\/\\\/www.ilnotiziario.net\\\/wp\\\/#organization\",\"name\":\"Il Notiziario\",\"url\":\"https:\\\/\\\/www.ilnotiziario.net\\\/wp\\\/\",\"logo\":{\"@type\":\"ImageObject\",\"inLanguage\":\"it-IT\",\"@id\":\"https:\\\/\\\/www.ilnotiziario.net\\\/wp\\\/#\\\/schema\\\/logo\\\/image\\\/\",\"url\":\"https:\\\/\\\/www.ilnotiziario.net\\\/wp\\\/wp-content\\\/uploads\\\/2022\\\/06\\\/170x170ilN.png\",\"contentUrl\":\"https:\\\/\\\/www.ilnotiziario.net\\\/wp\\\/wp-content\\\/uploads\\\/2022\\\/06\\\/170x170ilN.png\",\"width\":355,\"height\":355,\"caption\":\"Il Notiziario\"},\"image\":{\"@id\":\"https:\\\/\\\/www.ilnotiziario.net\\\/wp\\\/#\\\/schema\\\/logo\\\/image\\\/\"},\"sameAs\":[\"https:\\\/\\\/www.facebook.com\\\/ilnotiziarioind\\\/\",\"https:\\\/\\\/x.com\\\/ilNotiziarioInd\",\"https:\\\/\\\/www.instagram.com\\\/ilnotiziario_settimanale\\\/\"]},{\"@type\":\"Person\",\"@id\":\"https:\\\/\\\/www.ilnotiziario.net\\\/wp\\\/#\\\/schema\\\/person\\\/386e222908f898bb41c033989482bbf2\",\"name\":\"Gabriele Bassani\",\"image\":{\"@type\":\"ImageObject\",\"inLanguage\":\"it-IT\",\"@id\":\"https:\\\/\\\/secure.gravatar.com\\\/avatar\\\/09274f4a84fa97698bde56f84b3afed61c8492d48b0550db9671b68c177479cb?s=96&d=mm&r=g\",\"url\":\"https:\\\/\\\/secure.gravatar.com\\\/avatar\\\/09274f4a84fa97698bde56f84b3afed61c8492d48b0550db9671b68c177479cb?s=96&d=mm&r=g\",\"contentUrl\":\"https:\\\/\\\/secure.gravatar.com\\\/avatar\\\/09274f4a84fa97698bde56f84b3afed61c8492d48b0550db9671b68c177479cb?s=96&d=mm&r=g\",\"caption\":\"Gabriele Bassani\"},\"sameAs\":[\"http:\\\/\\\/www.ilnotiziario.net\"]}]}<\/script>\n<!-- \/ Yoast SEO plugin. -->","yoast_head_json":{"title":"Sciopero, circolazione treni a rischio marted\u00ec 14 su tutte le linee Trenord - Il Notiziario","description":"Si annuncia una giornata difficile per migliaia di pendolari, tra studenti e lavoratori, marted\u00ec 14 dicembre a causa di uno sciopero del personale di","robots":{"index":"index","follow":"follow","max-snippet":"max-snippet:-1","max-image-preview":"max-image-preview:large","max-video-preview":"max-video-preview:-1"},"canonical":"https:\/\/www.ilnotiziario.net\/wp\/nord-milano\/sciopero-circolazione-treni-martedi-14-trenord\/","og_locale":"it_IT","og_type":"article","og_title":"Sciopero, circolazione treni a rischio marted\u00ec 14 su tutte le linee Trenord - Il Notiziario","og_description":"Si annuncia una giornata difficile per migliaia di pendolari, tra studenti e lavoratori, marted\u00ec 14 dicembre a causa di uno sciopero del personale di","og_url":"https:\/\/www.ilnotiziario.net\/wp\/nord-milano\/sciopero-circolazione-treni-martedi-14-trenord\/","og_site_name":"Il Notiziario","article_publisher":"https:\/\/www.facebook.com\/ilnotiziarioind\/","article_published_time":"2021-12-12T10:26:41+00:00","og_image":[{"width":1350,"height":766,"url":"https:\/\/www.ilnotiziario.net\/wp\/wp-content\/uploads\/2017\/03\/16195990_10210279924148114_9151107467070887332_n-e1619533923575.jpg","type":"image\/jpeg"}],"author":"Gabriele Bassani","twitter_card":"summary_large_image","twitter_creator":"@ilNotiziarioInd","twitter_site":"@ilNotiziarioInd","twitter_misc":{"Scritto da":"Gabriele Bassani","Tempo di lettura stimato":"1 minuto"},"schema":{"@context":"https:\/\/schema.org","@graph":[{"@type":"Article","@id":"https:\/\/www.ilnotiziario.net\/wp\/nord-milano\/sciopero-circolazione-treni-martedi-14-trenord\/#article","isPartOf":{"@id":"https:\/\/www.ilnotiziario.net\/wp\/nord-milano\/sciopero-circolazione-treni-martedi-14-trenord\/"},"author":{"name":"Gabriele Bassani","@id":"https:\/\/www.ilnotiziario.net\/wp\/#\/schema\/person\/386e222908f898bb41c033989482bbf2"},"headline":"Sciopero, circolazione treni a rischio marted\u00ec 14 su tutte le linee Trenord","datePublished":"2021-12-12T10:26:41+00:00","mainEntityOfPage":{"@id":"https:\/\/www.ilnotiziario.net\/wp\/nord-milano\/sciopero-circolazione-treni-martedi-14-trenord\/"},"wordCount":168,"publisher":{"@id":"https:\/\/www.ilnotiziario.net\/wp\/#organization"},"image":{"@id":"https:\/\/www.ilnotiziario.net\/wp\/nord-milano\/sciopero-circolazione-treni-martedi-14-trenord\/#primaryimage"},"thumbnailUrl":"https:\/\/www.ilnotiziario.net\/wp\/wp-content\/uploads\/2017\/03\/16195990_10210279924148114_9151107467070887332_n-e1619533923575.jpg","keywords":["disagi","pendolari","sciopero","Treni","Trenord","Viaggiatori"],"articleSection":["NORD MILANO","Prima Pagina","SARONNESE","SARONNO"],"inLanguage":"it-IT"},{"@type":"WebPage","@id":"https:\/\/www.ilnotiziario.net\/wp\/nord-milano\/sciopero-circolazione-treni-martedi-14-trenord\/","url":"https:\/\/www.ilnotiziario.net\/wp\/nord-milano\/sciopero-circolazione-treni-martedi-14-trenord\/","name":"Sciopero, circolazione treni a rischio marted\u00ec 14 su tutte le linee Trenord - Il Notiziario","isPartOf":{"@id":"https:\/\/www.ilnotiziario.net\/wp\/#website"},"primaryImageOfPage":{"@id":"https:\/\/www.ilnotiziario.net\/wp\/nord-milano\/sciopero-circolazione-treni-martedi-14-trenord\/#primaryimage"},"image":{"@id":"https:\/\/www.ilnotiziario.net\/wp\/nord-milano\/sciopero-circolazione-treni-martedi-14-trenord\/#primaryimage"},"thumbnailUrl":"https:\/\/www.ilnotiziario.net\/wp\/wp-content\/uploads\/2017\/03\/16195990_10210279924148114_9151107467070887332_n-e1619533923575.jpg","datePublished":"2021-12-12T10:26:41+00:00","description":"Si annuncia una giornata difficile per migliaia di pendolari, tra studenti e lavoratori, marted\u00ec 14 dicembre a causa di uno sciopero del personale di","breadcrumb":{"@id":"https:\/\/www.ilnotiziario.net\/wp\/nord-milano\/sciopero-circolazione-treni-martedi-14-trenord\/#breadcrumb"},"inLanguage":"it-IT","potentialAction":[{"@type":"ReadAction","target":["https:\/\/www.ilnotiziario.net\/wp\/nord-milano\/sciopero-circolazione-treni-martedi-14-trenord\/"]}]},{"@type":"ImageObject","inLanguage":"it-IT","@id":"https:\/\/www.ilnotiziario.net\/wp\/nord-milano\/sciopero-circolazione-treni-martedi-14-trenord\/#primaryimage","url":"https:\/\/www.ilnotiziario.net\/wp\/wp-content\/uploads\/2017\/03\/16195990_10210279924148114_9151107467070887332_n-e1619533923575.jpg","contentUrl":"https:\/\/www.ilnotiziario.net\/wp\/wp-content\/uploads\/2017\/03\/16195990_10210279924148114_9151107467070887332_n-e1619533923575.jpg","width":1350,"height":766,"caption":"Sciopero dei trasporti"},{"@type":"BreadcrumbList","@id":"https:\/\/www.ilnotiziario.net\/wp\/nord-milano\/sciopero-circolazione-treni-martedi-14-trenord\/#breadcrumb","itemListElement":[{"@type":"ListItem","position":1,"name":"tds_text_logo_tagline_colortds_text_logo_tagline_colortds_text_logo_tagline_colortds_text_logo_tagline_colortd_module_7_title_excerpttd_module_7_title_excerpttd_module_7_title_excerpttd_module_7_title_excerptHome","item":"https:\/\/www.ilnotiziario.net\/wp\/"},{"@type":"ListItem","position":2,"name":"Sciopero, circolazione treni a rischio marted\u00ec 14 su tutte le linee Trenord"}]},{"@type":"WebSite","@id":"https:\/\/www.ilnotiziario.net\/wp\/#website","url":"https:\/\/www.ilnotiziario.net\/wp\/","name":"Il Notiziario","description":"Per restare sempre connessi alla notizia","publisher":{"@id":"https:\/\/www.ilnotiziario.net\/wp\/#organization"},"alternateName":"Il Notiziario Bollate","potentialAction":[{"@type":"SearchAction","target":{"@type":"EntryPoint","urlTemplate":"https:\/\/www.ilnotiziario.net\/wp\/?s={search_term_string}"},"query-input":{"@type":"PropertyValueSpecification","valueRequired":true,"valueName":"search_term_string"}}],"inLanguage":"it-IT"},{"@type":"Organization","@id":"https:\/\/www.ilnotiziario.net\/wp\/#organization","name":"Il Notiziario","url":"https:\/\/www.ilnotiziario.net\/wp\/","logo":{"@type":"ImageObject","inLanguage":"it-IT","@id":"https:\/\/www.ilnotiziario.net\/wp\/#\/schema\/logo\/image\/","url":"https:\/\/www.ilnotiziario.net\/wp\/wp-content\/uploads\/2022\/06\/170x170ilN.png","contentUrl":"https:\/\/www.ilnotiziario.net\/wp\/wp-content\/uploads\/2022\/06\/170x170ilN.png","width":355,"height":355,"caption":"Il Notiziario"},"image":{"@id":"https:\/\/www.ilnotiziario.net\/wp\/#\/schema\/logo\/image\/"},"sameAs":["https:\/\/www.facebook.com\/ilnotiziarioind\/","https:\/\/x.com\/ilNotiziarioInd","https:\/\/www.instagram.com\/ilnotiziario_settimanale\/"]},{"@type":"Person","@id":"https:\/\/www.ilnotiziario.net\/wp\/#\/schema\/person\/386e222908f898bb41c033989482bbf2","name":"Gabriele Bassani","image":{"@type":"ImageObject","inLanguage":"it-IT","@id":"https:\/\/secure.gravatar.com\/avatar\/09274f4a84fa97698bde56f84b3afed61c8492d48b0550db9671b68c177479cb?s=96&d=mm&r=g","url":"https:\/\/secure.gravatar.com\/avatar\/09274f4a84fa97698bde56f84b3afed61c8492d48b0550db9671b68c177479cb?s=96&d=mm&r=g","contentUrl":"https:\/\/secure.gravatar.com\/avatar\/09274f4a84fa97698bde56f84b3afed61c8492d48b0550db9671b68c177479cb?s=96&d=mm&r=g","caption":"Gabriele Bassani"},"sameAs":["http:\/\/www.ilnotiziario.net"]}]}},"_links":{"self":[{"href":"https:\/\/www.ilnotiziario.net\/wp\/wp-json\/wp\/v2\/posts\/159565","targetHints":{"allow":["GET"]}}],"collection":[{"href":"https:\/\/www.ilnotiziario.net\/wp\/wp-json\/wp\/v2\/posts"}],"about":[{"href":"https:\/\/www.ilnotiziario.net\/wp\/wp-json\/wp\/v2\/types\/post"}],"author":[{"embeddable":true,"href":"https:\/\/www.ilnotiziario.net\/wp\/wp-json\/wp\/v2\/users\/3"}],"replies":[{"embeddable":true,"href":"https:\/\/www.ilnotiziario.net\/wp\/wp-json\/wp\/v2\/comments?post=159565"}],"version-history":[{"count":0,"href":"https:\/\/www.ilnotiziario.net\/wp\/wp-json\/wp\/v2\/posts\/159565\/revisions"}],"wp:featuredmedia":[{"embeddable":true,"href":"https:\/\/www.ilnotiziario.net\/wp\/wp-json\/wp\/v2\/media\/16416"}],"wp:attachment":[{"href":"https:\/\/www.ilnotiziario.net\/wp\/wp-json\/wp\/v2\/media?parent=159565"}],"wp:term":[{"taxonomy":"category","embeddable":true,"href":"https:\/\/www.ilnotiziario.net\/wp\/wp-json\/wp\/v2\/categories?post=159565"},{"taxonomy":"post_tag","embeddable":true,"href":"https:\/\/www.ilnotiziario.net\/wp\/wp-json\/wp\/v2\/tags?post=159565"}],"curies":[{"name":"wp","href":"https:\/\/api.w.org\/{rel}","templated":true}]}}