{"id":159583,"date":"2021-12-13T09:09:18","date_gmt":"2021-12-13T08:09:18","guid":{"rendered":"https:\/\/www.ilnotiziario.net\/wp\/?p=159583"},"modified":"2021-12-13T09:09:18","modified_gmt":"2021-12-13T08:09:18","slug":"formula-futuro-metropoli-sicurezza-stradale","status":"publish","type":"post","link":"https:\/\/www.ilnotiziario.net\/wp\/buonoasapersi\/formula-futuro-metropoli-sicurezza-stradale\/","title":{"rendered":"La formula per il futuro? Ragionare come una Metropoli"},"content":{"rendered":"<p align=\"justify\"><span style=\"font-family: Arial, serif;\"><img fetchpriority=\"high\" decoding=\"async\" class=\"aligncenter size-full wp-image-159585\" src=\"https:\/\/www.ilnotiziario.net\/wp\/wp-content\/uploads\/2021\/12\/sicurezza-stradale.jpg\" alt=\"sicurezza stradale \" width=\"709\" height=\"476\" srcset=\"https:\/\/www.ilnotiziario.net\/wp\/wp-content\/uploads\/2021\/12\/sicurezza-stradale.jpg 709w, https:\/\/www.ilnotiziario.net\/wp\/wp-content\/uploads\/2021\/12\/sicurezza-stradale-300x201.jpg 300w, https:\/\/www.ilnotiziario.net\/wp\/wp-content\/uploads\/2021\/12\/sicurezza-stradale-696x467.jpg 696w\" sizes=\"(max-width: 709px) 100vw, 709px\" \/>Oggi <\/span><span style=\"font-family: Arial, serif;\"><b>Il Palazzo delle Stelline<\/b><\/span><span style=\"font-family: Arial, serif;\">, in Corso Magenta 61 a Milano, ospiter\u00e0 l\u2019evento \u201c<\/span><span style=\"font-family: Arial, serif;\"><i>Direzione Nord: persone che hanno qualcosa da dire<\/i><\/span><span style=\"font-family: Arial, serif;\">\u201d un\u2019occasione per discutere sull\u2019importanza della mobilit\u00e0 come opportunit\u00e0 per il futuro. Sulla spinta del PNRR. <\/span><\/p><div id=\"ilnot-630616070\" class=\"ilnot-contenuto ilnot-entity-placement\"><p><!-- incontent_1 --><\/p>\n<div class=\"gptslot\" data-adunitid=\"1\"><\/div>\n<\/div>\n<p align=\"justify\"><span style=\"font-family: Arial, serif;\">Sono previsti panel di approfondimento con la partecipazione di <\/span><span style=\"font-family: Arial, serif;\"><b>Giuseppe Sala<\/b><\/span><span style=\"font-family: Arial, serif;\">, Sindaco di Milano, <\/span><span style=\"font-family: Arial, serif;\"><b>Attilio Fontana<\/b><\/span><span style=\"font-family: Arial, serif;\">, Presidente della Giunta Regionale Lombarda, <\/span><span style=\"font-family: Arial, serif;\"><b>Letizia Moratti<\/b><\/span><span style=\"font-family: Arial, serif;\"> Vicepresidente e Assessore al Welfare Regione Lombardia, <\/span><span style=\"font-family: Arial, serif;\"><b>Mariastella Gelmini<\/b><\/span><span style=\"font-family: Arial, serif;\">, Ministro per gli Affari Regionali e le Autonomie, <\/span><span style=\"font-family: Arial, serif;\"><b>Stefano Bonaccini<\/b><\/span><span style=\"font-family: Arial, serif;\">, Presidente Regione Emilia Romagna, tra gli altri, che si alterneranno durante tutta la giornata dalle 10 alle 21. <\/span><\/p>\n<p align=\"justify\"><span style=\"font-family: Arial, serif;\">Una serie di tavole rotonde con l\u2019obiettivo di dare spazio proprio alle <\/span><span style=\"font-family: Arial, serif;\"><b>\u201cpersone che hanno qualcosa da dire\u201d, <\/b><\/span><span style=\"font-family: Arial, serif;\">con momenti di discussione e riflessione sul PNRR e il concetto di mobilit\u00e0 del futuro e su come dovranno cambiare le nostre citt\u00e0 per andare incontro a un futuro di <\/span><span style=\"font-family: Arial, serif;\"><i>Smart Cities<\/i><\/span><span style=\"font-family: Arial, serif;\">.<\/span><\/p><div id=\"ilnot-163738753\" class=\"ilnot-contenuto_2 ilnot-entity-placement\"><div class=\"ads-wrapper\">\n<div class=\"ad-slot\">\n   <div id=\"ilnot-3110120962\" style=\"margin-right: auto;margin-left: auto;text-align: center;width: 320px;height: 100px;\"><a href=\"https:\/\/www.scuolasicurezza.it\/\"><img decoding=\"async\" src=\"https:\/\/www.ilnotiziario.net\/wp\/wp-content\/uploads\/2026\/04\/IlNotiziario_banner-sito-e-newsletter-320-x-100-px-1.gif\" alt=\"\"><\/a><\/div>\n  <\/div>\n<div class=\"ad-slot\">\n   <div id=\"ilnot-1367272301\" style=\"margin-right: auto;margin-left: auto;text-align: center;width: 320px;height: 100px;\"><a href=\"https:\/\/purodesignarredamenti.com\/\"><img decoding=\"async\" src=\"https:\/\/www.ilnotiziario.net\/wp\/wp-content\/uploads\/2026\/04\/banner-puro-ok.gif\" alt=\"whatsapp\"><\/a><\/div><\/p><\/div>\n<\/div>\n<\/div>\n<p align=\"justify\"><span style=\"font-family: Arial, serif;\">Un\u2019intera giornata da seguire in diretta streaming. Durante l\u2019incontro \u201c<\/span><span style=\"font-family: Arial, serif;\"><b>Ragionare come una Metropoli\u201d<\/b><\/span><span style=\"font-family: Arial, serif;\">, previsto per le 16.30, si parler\u00e0 di mobilit\u00e0: per riflettere sull\u2019importanza di una <\/span><span style=\"font-family: Arial, serif;\"><b>mobilit\u00e0 sostenibile <\/b><\/span><span style=\"font-family: Arial, serif;\">sulle strade del nostro territorio e sulla sicurezza stradale, che rappresentano i due pilastri fondamentali su cui si fonda il <\/span><span style=\"font-family: Arial, serif;\"><b>Progetto Sicurezza Milano Metropolitana<\/b><\/span><span style=\"font-family: Arial, serif;\">, <\/span><span style=\"font-family: Arial, serif;\"><b>uno dei pi\u00f9 grandi progetti di <\/b><\/span><span style=\"font-family: Arial, serif;\"><i><b>Smart City<\/b><\/i><\/span><span style=\"font-family: Arial, serif;\"><b> e <\/b><\/span><span style=\"font-family: Arial, serif;\"><i><b>Smart Road<\/b><\/i><\/span><span style=\"font-family: Arial, serif;\"><b> d\u2019Europa<\/b><\/span> <span style=\"color: #000000;\"><span style=\"font-family: Arial, serif;\">sviluppato da <\/span><\/span><span style=\"color: #000000;\"><span style=\"font-family: Arial, serif;\"><b>Citt\u00e0 Metropolitana di Milano<\/b><\/span><\/span><span style=\"color: #000000;\"><span style=\"font-family: Arial, serif;\"> insieme a <\/span><\/span><span style=\"color: #000000;\"><span style=\"font-family: Arial, serif;\"><b>Safety21<\/b><\/span><\/span><span style=\"color: #000000;\"><span style=\"font-family: Arial, serif;\"> e <\/span><\/span><span style=\"color: #000000;\"><span style=\"font-family: Arial, serif;\"><b>Municipia<\/b><\/span><\/span><span style=\"font-family: Arial, serif;\">.<\/span><\/p>\n<p align=\"justify\"><span style=\"color: #222222;\"><span style=\"font-family: Arial, serif;\">Interverranno: <\/span><\/span><span style=\"color: #222222;\"><span style=\"font-family: Arial, serif;\"><b>Teresa Bellanova<\/b><\/span><\/span><span style=\"color: #222222;\"><span style=\"font-family: Arial, serif;\"> Viceministro delle Infrastrutture e della Mobilit\u00e0 sostenibili, <\/span><\/span><span style=\"color: #222222;\"><span style=\"font-family: Arial, serif;\"><b>Arianna Censi<\/b><\/span><\/span><span style=\"color: #222222;\"><span style=\"font-family: Arial, serif;\"> Assessora Mobilit\u00e0 Comune di Milano, <\/span><\/span><span style=\"color: #222222;\"><span style=\"font-family: Arial, serif;\"><b>Michela Palestra<\/b><\/span><\/span><span style=\"color: #222222;\"><span style=\"font-family: Arial, serif;\"> Vicesindaca Citt\u00e0 Metropolitana di Milano, <\/span><\/span><span style=\"color: #222222;\"><span style=\"font-family: Arial, serif;\"><b>Maria Cristina Pinoschi<\/b><\/span><\/span><span style=\"color: #222222;\"><span style=\"font-family: Arial, serif;\"> Vicedirettrice Generale Citt\u00e0 Metropolitana di Milano, <\/span><\/span><span style=\"color: #222222;\"><span style=\"font-family: Arial, serif;\"><b>Gianluca Longo<\/b><\/span><\/span><span style=\"color: #222222;\"><span style=\"font-family: Arial, serif;\"> Group CEO Safety21. Gli interventi saranno moderati da <\/span><\/span><span style=\"color: #222222;\"><span style=\"font-family: Arial, serif;\"><b>Alessia Liparoti<\/b><\/span><\/span><span style=\"color: #222222;\"><span style=\"font-family: Arial, serif;\"> (True News). <\/span><\/span><\/p>\n<p align=\"justify\"><span style=\"color: #222222;\"><span style=\"font-family: Arial, serif;\">In particolare, Gianluca Longo alle 16.30 <\/span><\/span><span style=\"font-family: Arial, serif;\">parler\u00e0 dei progetti condivisi con<\/span><span style=\"font-family: Arial, serif;\"><b> Citt\u00e0 Metropolitana di Milano <\/b><\/span><span style=\"font-family: Arial, serif;\">nell\u2019ottica<\/span><b> <\/b><span style=\"font-family: Arial, serif;\">di una mobilit\u00e0 sempre pi\u00f9 sostenibile anche ai fini del PNRR e spiegher\u00e0 quanto, il partenariato tra Pubblico e privato, sia strategico per le Pubbliche Amministrazioni. <\/span><\/p><div id=\"ilnot-1662761991\" class=\"ilnot-contenuto_2-2 ilnot-entity-placement\"><div class=\"gptslot\" data-adunitid=\"2\"><\/div>\n<\/div>\n<p align=\"justify\"><span style=\"font-family: Arial, serif;\">Sar\u00e0 l\u2019occasione di fare il punto, ad oltre un anno di distanza dalla sua nascita, su Progetto Sicurezza Milano Metropolitana, il piano pluriennale sviluppato per ridurre l\u2019incidentalit\u00e0 e aumentare la tutela degli utenti pi\u00f9 deboli grazie a un sistema integrato di monitoraggio costante sia dei flussi del traffico, che delle aree meno frequentate <\/span><\/p>\n<p align=\"justify\"><span style=\"font-family: Arial, serif;\"><b>Il Progetto Sicurezza Milano Metropolitana<\/b><\/span><span style=\"font-family: Arial, serif;\"> ha permesso di dotare il territorio di competenza di Citt\u00e0 Metropolitana di Milano di strade pi\u00f9 sicure grazie all\u2019impiego di sistemi IoT integrati nella piattaforma di ultima generazione<\/span><b> <\/b><span style=\"color: #222222;\"><span style=\"font-family: Arial, serif;\"><b>TITAN<\/b><\/span><\/span><span style=\"color: #222222;\"><sup><span style=\"font-family: Arial, serif;\"><b>\u00ae<\/b><\/span><\/sup><\/span> <span style=\"color: #222222;\"><span style=\"font-family: Arial, serif;\">certificata AGID (Agenzia per l\u2019Italia Digitale), in dotazione alla Polizia Locale<\/span><\/span><span style=\"font-family: Arial, serif;\"> e ad un programma di sensibilizzazione rivolto ai cittadini. <\/span><\/p>\n<p align=\"justify\"><span style=\"font-family: Arial, serif;\">Le aree di competenza in cui si muove il Progetto Sicurezza Milano Metropolitana sono cinque: <\/span><\/p><div id=\"ilnot-2368222519\" class=\"ilnot-contenuto_2-2-2 ilnot-entity-placement\"><div class=\"gptslot\" data-adunitid=\"3\"><\/div>\n<\/div>\n<ul>\n<li>\n<p align=\"justify\"><span style=\"color: #000000;\"><span style=\"font-family: Arial, serif;\"><span style=\"font-size: medium;\">controllo dei passaggi pedonali per aumentare la sicurezza dei pedoni, da sempre gli utenti pi\u00f9 deboli della strada;<\/span><\/span><\/span><\/p>\n<\/li>\n<li>\n<p align=\"justify\"><span style=\"color: #000000;\"><span style=\"font-family: Arial, serif;\"><span style=\"font-size: medium;\">utilizzo di innovativi sistemi di videosorveglianza delle piazzole di sosta per il contrasto degli illeciti ambientali (abbandono dei rifiuti);<\/span><\/span><\/span><\/p>\n<\/li>\n<li>\n<p align=\"justify\"><span style=\"color: #000000;\"><span style=\"font-family: Arial, serif;\"><span style=\"font-size: medium;\">monitoraggio del traffico per decongestionare la circolazione, incidendo anche sulla qualit\u00e0 dell\u2019aria;<\/span><\/span><\/span><\/p>\n<\/li>\n<li>\n<p align=\"justify\"><span style=\"color: #000000;\"><span style=\"font-family: Arial, serif;\"><span style=\"font-size: medium;\">regolamentazione del traffico semaforico;<\/span><\/span><\/span><\/p>\n<\/li>\n<li>\n<p align=\"justify\"><span style=\"color: #000000;\"><span style=\"font-family: Arial, serif;\"><span style=\"font-size: medium;\">rispetto dei limiti massimi di velocit\u00e0, che rappresentano la 3\u00b0 causa di morte per incidentalit\u00e0 stradale.<\/span><\/span><\/span><\/p>\n<\/li>\n<\/ul>\n<p align=\"justify\"><span style=\"color: #222222;\"><span style=\"font-family: Arial, serif;\">I dati forniti dalla Polizia Metropolitana ad un anno dall\u2019inizio degli interventi del Progetto Sicurezza Milano Metropolitana evidenziano alcuni aspetti estremamente positivi: <\/span><\/span><span style=\"color: #222222;\"><span style=\"font-family: Arial, serif;\"><b>l\u201980% dei cittadini<\/b><\/span><\/span><span style=\"color: #222222;\"><span style=\"font-family: Arial, serif;\"> che ha commesso infrazione, tende a rispettare le norme stradali. Inoltre, i <\/span><\/span><span style=\"color: #222222;\"><span style=\"font-family: Arial, serif;\"><b>sistemi di videosorveglianza<\/b><\/span><\/span><span style=\"color: #222222;\"><span style=\"font-family: Arial, serif;\"> installati nelle piazzole di sosta hanno soddisfatto l\u2019esigenza di contrastare l\u2019abbandono illegale dei rifiuti, ma non solo. <\/span><\/span><span style=\"color: #242424;\"><span style=\"font-family: Arial, serif;\">In pi\u00f9 casi i video sono stati di supporto alle indagini condotte da diverse forze di Polizia su altri reati.<\/span><\/span><\/p>\n<p align=\"justify\"><span style=\"color: #000000;\"><span style=\"font-family: Arial, serif;\"><span style=\"font-size: medium;\">Un esempio di come in una Smart City la tecnologia e i dati diventano uno strumento di collaborazione per garantire un pi\u00f9 esteso senso di sicurezza sul territorio, creando una nuova cultura di senso civico e sociale nei cittadini di qualsiasi et\u00e0, nel rispetto dell\u2019ambiente e del contesto sociale.<\/span><\/span><\/span><\/p>\n<p align=\"justify\"><span style=\"font-family: Arial, serif;\">L&#8217;evento sar\u00e0 trasmesso in diretta streaming su <\/span><a href=\"https:\/\/www.ansa.it\/\"><span style=\"color: #2a6099;\"><span style=\"font-family: Arial, serif;\"><u><b>ansa.it<\/b><\/u><\/span><\/span><\/a><span style=\"font-family: Arial, serif;\"> e su <\/span><a href=\"https:\/\/www.true-news.it\/\"><span style=\"color: #2a6099;\"><span style=\"font-family: Arial, serif;\"><u><b>true-news.it<\/b><\/u><\/span><\/span><\/a><span style=\"font-family: Arial, serif;\">. <\/span><\/p><div id=\"ilnot-46135724\" class=\"ilnot-contenuto_2-2-2-2 ilnot-entity-placement\"><div class=\"gptslot\" data-adunitid=\"4\"><\/div>\n<\/div>\n<p align=\"justify\"><img decoding=\"async\" style=\"width: 0px; height: 0px;\" src=\"https:\/\/adv.presscommtech.com\/www\/delivery\/lg.php?bannerid=11780&amp;zoneid=3333\" alt=\"\" width=\"0\" height=\"0\">&nbsp;<\/p>\n","protected":false},"excerpt":{"rendered":"<p>Oggi Il Palazzo delle Stelline, in Corso Magenta 61 a Milano, ospiter\u00e0 l\u2019evento \u201cDirezione Nord: persone che hanno qualcosa da dire\u201d un\u2019occasione per discutere sull\u2019importanza della mobilit\u00e0 come opportunit\u00e0 per il futuro. Sulla spinta del PNRR. Sono previsti panel di approfondimento con la partecipazione di Giuseppe Sala, Sindaco di Milano, Attilio Fontana, Presidente della Giunta<\/p>\n","protected":false},"author":3,"featured_media":159585,"comment_status":"closed","ping_status":"closed","sticky":false,"template":"","format":"standard","meta":{"footnotes":""},"categories":[4193],"tags":[1704,6455,38,9598,9597,9599],"class_list":{"0":"post-159583","1":"post","2":"type-post","3":"status-publish","4":"format-standard","5":"has-post-thumbnail","7":"category-buonoasapersi","8":"tag-citta-metropolitana","9":"tag-convegno","10":"tag-milano","11":"tag-palazzo-stelline","12":"tag-sicurezza-stradale","13":"tag-smart-city"},"yoast_head":"<!-- This site is optimized with the Yoast SEO plugin v27.4 - https:\/\/yoast.com\/product\/yoast-seo-wordpress\/ -->\n<title>La formula per il futuro? Ragionare come una Metropoli - Il Notiziario<\/title>\n<meta name=\"description\" content=\"Oggi Il Palazzo delle Stelline, in Corso Magenta 61 a Milano, ospiter\u00e0 l\u2019evento \u201cDirezione Nord: persone che hanno qualcosa da dire\u201d un\u2019occasione per\" \/>\n<meta name=\"robots\" content=\"index, follow, max-snippet:-1, max-image-preview:large, max-video-preview:-1\" \/>\n<link rel=\"canonical\" href=\"https:\/\/www.ilnotiziario.net\/wp\/buonoasapersi\/formula-futuro-metropoli-sicurezza-stradale\/\" \/>\n<meta property=\"og:locale\" content=\"it_IT\" \/>\n<meta property=\"og:type\" content=\"article\" \/>\n<meta property=\"og:title\" content=\"La formula per il futuro? Ragionare come una Metropoli - Il Notiziario\" \/>\n<meta property=\"og:description\" content=\"Oggi Il Palazzo delle Stelline, in Corso Magenta 61 a Milano, ospiter\u00e0 l\u2019evento \u201cDirezione Nord: persone che hanno qualcosa da dire\u201d un\u2019occasione per\" \/>\n<meta property=\"og:url\" content=\"https:\/\/www.ilnotiziario.net\/wp\/buonoasapersi\/formula-futuro-metropoli-sicurezza-stradale\/\" \/>\n<meta property=\"og:site_name\" content=\"Il Notiziario\" \/>\n<meta property=\"article:publisher\" content=\"https:\/\/www.facebook.com\/ilnotiziarioind\/\" \/>\n<meta property=\"article:published_time\" content=\"2021-12-13T08:09:18+00:00\" \/>\n<meta property=\"og:image\" content=\"https:\/\/www.ilnotiziario.net\/wp\/wp-content\/uploads\/2021\/12\/sicurezza-stradale.jpg\" \/>\n\t<meta property=\"og:image:width\" content=\"709\" \/>\n\t<meta property=\"og:image:height\" content=\"476\" \/>\n\t<meta property=\"og:image:type\" content=\"image\/jpeg\" \/>\n<meta name=\"author\" content=\"Gabriele Bassani\" \/>\n<meta name=\"twitter:card\" content=\"summary_large_image\" \/>\n<meta name=\"twitter:creator\" content=\"@ilNotiziarioInd\" \/>\n<meta name=\"twitter:site\" content=\"@ilNotiziarioInd\" \/>\n<meta name=\"twitter:label1\" content=\"Scritto da\" \/>\n\t<meta name=\"twitter:data1\" content=\"Gabriele Bassani\" \/>\n\t<meta name=\"twitter:label2\" content=\"Tempo di lettura stimato\" \/>\n\t<meta name=\"twitter:data2\" content=\"4 minuti\" \/>\n<script type=\"application\/ld+json\" class=\"yoast-schema-graph\">{\"@context\":\"https:\\\/\\\/schema.org\",\"@graph\":[{\"@type\":\"Article\",\"@id\":\"https:\\\/\\\/www.ilnotiziario.net\\\/wp\\\/buonoasapersi\\\/formula-futuro-metropoli-sicurezza-stradale\\\/#article\",\"isPartOf\":{\"@id\":\"https:\\\/\\\/www.ilnotiziario.net\\\/wp\\\/buonoasapersi\\\/formula-futuro-metropoli-sicurezza-stradale\\\/\"},\"author\":{\"name\":\"Gabriele Bassani\",\"@id\":\"https:\\\/\\\/www.ilnotiziario.net\\\/wp\\\/#\\\/schema\\\/person\\\/386e222908f898bb41c033989482bbf2\"},\"headline\":\"La formula per il futuro? Ragionare come una Metropoli\",\"datePublished\":\"2021-12-13T08:09:18+00:00\",\"mainEntityOfPage\":{\"@id\":\"https:\\\/\\\/www.ilnotiziario.net\\\/wp\\\/buonoasapersi\\\/formula-futuro-metropoli-sicurezza-stradale\\\/\"},\"wordCount\":663,\"publisher\":{\"@id\":\"https:\\\/\\\/www.ilnotiziario.net\\\/wp\\\/#organization\"},\"image\":{\"@id\":\"https:\\\/\\\/www.ilnotiziario.net\\\/wp\\\/buonoasapersi\\\/formula-futuro-metropoli-sicurezza-stradale\\\/#primaryimage\"},\"thumbnailUrl\":\"https:\\\/\\\/www.ilnotiziario.net\\\/wp\\\/wp-content\\\/uploads\\\/2021\\\/12\\\/sicurezza-stradale.jpg\",\"keywords\":[\"Citt\u00e0 Metropolitana\",\"convegno\",\"Milano\",\"palazzo stelline\",\"sicurezza stradale\",\"smart city\"],\"articleSection\":[\"BUONO A SAPERSI\"],\"inLanguage\":\"it-IT\"},{\"@type\":\"WebPage\",\"@id\":\"https:\\\/\\\/www.ilnotiziario.net\\\/wp\\\/buonoasapersi\\\/formula-futuro-metropoli-sicurezza-stradale\\\/\",\"url\":\"https:\\\/\\\/www.ilnotiziario.net\\\/wp\\\/buonoasapersi\\\/formula-futuro-metropoli-sicurezza-stradale\\\/\",\"name\":\"La formula per il futuro? Ragionare come una Metropoli - Il Notiziario\",\"isPartOf\":{\"@id\":\"https:\\\/\\\/www.ilnotiziario.net\\\/wp\\\/#website\"},\"primaryImageOfPage\":{\"@id\":\"https:\\\/\\\/www.ilnotiziario.net\\\/wp\\\/buonoasapersi\\\/formula-futuro-metropoli-sicurezza-stradale\\\/#primaryimage\"},\"image\":{\"@id\":\"https:\\\/\\\/www.ilnotiziario.net\\\/wp\\\/buonoasapersi\\\/formula-futuro-metropoli-sicurezza-stradale\\\/#primaryimage\"},\"thumbnailUrl\":\"https:\\\/\\\/www.ilnotiziario.net\\\/wp\\\/wp-content\\\/uploads\\\/2021\\\/12\\\/sicurezza-stradale.jpg\",\"datePublished\":\"2021-12-13T08:09:18+00:00\",\"description\":\"Oggi Il Palazzo delle Stelline, in Corso Magenta 61 a Milano, ospiter\u00e0 l\u2019evento \u201cDirezione Nord: persone che hanno qualcosa da dire\u201d un\u2019occasione per\",\"breadcrumb\":{\"@id\":\"https:\\\/\\\/www.ilnotiziario.net\\\/wp\\\/buonoasapersi\\\/formula-futuro-metropoli-sicurezza-stradale\\\/#breadcrumb\"},\"inLanguage\":\"it-IT\",\"potentialAction\":[{\"@type\":\"ReadAction\",\"target\":[\"https:\\\/\\\/www.ilnotiziario.net\\\/wp\\\/buonoasapersi\\\/formula-futuro-metropoli-sicurezza-stradale\\\/\"]}]},{\"@type\":\"ImageObject\",\"inLanguage\":\"it-IT\",\"@id\":\"https:\\\/\\\/www.ilnotiziario.net\\\/wp\\\/buonoasapersi\\\/formula-futuro-metropoli-sicurezza-stradale\\\/#primaryimage\",\"url\":\"https:\\\/\\\/www.ilnotiziario.net\\\/wp\\\/wp-content\\\/uploads\\\/2021\\\/12\\\/sicurezza-stradale.jpg\",\"contentUrl\":\"https:\\\/\\\/www.ilnotiziario.net\\\/wp\\\/wp-content\\\/uploads\\\/2021\\\/12\\\/sicurezza-stradale.jpg\",\"width\":709,\"height\":476,\"caption\":\"sicurezza stradale\"},{\"@type\":\"BreadcrumbList\",\"@id\":\"https:\\\/\\\/www.ilnotiziario.net\\\/wp\\\/buonoasapersi\\\/formula-futuro-metropoli-sicurezza-stradale\\\/#breadcrumb\",\"itemListElement\":[{\"@type\":\"ListItem\",\"position\":1,\"name\":\"tds_text_logo_tagline_colortds_text_logo_tagline_colortds_text_logo_tagline_colortds_text_logo_tagline_colortd_module_7_title_excerpttd_module_7_title_excerpttd_module_7_title_excerpttd_module_7_title_excerptHome\",\"item\":\"https:\\\/\\\/www.ilnotiziario.net\\\/wp\\\/\"},{\"@type\":\"ListItem\",\"position\":2,\"name\":\"La formula per il futuro? Ragionare come una Metropoli\"}]},{\"@type\":\"WebSite\",\"@id\":\"https:\\\/\\\/www.ilnotiziario.net\\\/wp\\\/#website\",\"url\":\"https:\\\/\\\/www.ilnotiziario.net\\\/wp\\\/\",\"name\":\"Il Notiziario\",\"description\":\"Per restare sempre connessi alla notizia\",\"publisher\":{\"@id\":\"https:\\\/\\\/www.ilnotiziario.net\\\/wp\\\/#organization\"},\"alternateName\":\"Il Notiziario Bollate\",\"potentialAction\":[{\"@type\":\"SearchAction\",\"target\":{\"@type\":\"EntryPoint\",\"urlTemplate\":\"https:\\\/\\\/www.ilnotiziario.net\\\/wp\\\/?s={search_term_string}\"},\"query-input\":{\"@type\":\"PropertyValueSpecification\",\"valueRequired\":true,\"valueName\":\"search_term_string\"}}],\"inLanguage\":\"it-IT\"},{\"@type\":\"Organization\",\"@id\":\"https:\\\/\\\/www.ilnotiziario.net\\\/wp\\\/#organization\",\"name\":\"Il Notiziario\",\"url\":\"https:\\\/\\\/www.ilnotiziario.net\\\/wp\\\/\",\"logo\":{\"@type\":\"ImageObject\",\"inLanguage\":\"it-IT\",\"@id\":\"https:\\\/\\\/www.ilnotiziario.net\\\/wp\\\/#\\\/schema\\\/logo\\\/image\\\/\",\"url\":\"https:\\\/\\\/www.ilnotiziario.net\\\/wp\\\/wp-content\\\/uploads\\\/2022\\\/06\\\/170x170ilN.png\",\"contentUrl\":\"https:\\\/\\\/www.ilnotiziario.net\\\/wp\\\/wp-content\\\/uploads\\\/2022\\\/06\\\/170x170ilN.png\",\"width\":355,\"height\":355,\"caption\":\"Il Notiziario\"},\"image\":{\"@id\":\"https:\\\/\\\/www.ilnotiziario.net\\\/wp\\\/#\\\/schema\\\/logo\\\/image\\\/\"},\"sameAs\":[\"https:\\\/\\\/www.facebook.com\\\/ilnotiziarioind\\\/\",\"https:\\\/\\\/x.com\\\/ilNotiziarioInd\",\"https:\\\/\\\/www.instagram.com\\\/ilnotiziario_settimanale\\\/\"]},{\"@type\":\"Person\",\"@id\":\"https:\\\/\\\/www.ilnotiziario.net\\\/wp\\\/#\\\/schema\\\/person\\\/386e222908f898bb41c033989482bbf2\",\"name\":\"Gabriele Bassani\",\"image\":{\"@type\":\"ImageObject\",\"inLanguage\":\"it-IT\",\"@id\":\"https:\\\/\\\/secure.gravatar.com\\\/avatar\\\/09274f4a84fa97698bde56f84b3afed61c8492d48b0550db9671b68c177479cb?s=96&d=mm&r=g\",\"url\":\"https:\\\/\\\/secure.gravatar.com\\\/avatar\\\/09274f4a84fa97698bde56f84b3afed61c8492d48b0550db9671b68c177479cb?s=96&d=mm&r=g\",\"contentUrl\":\"https:\\\/\\\/secure.gravatar.com\\\/avatar\\\/09274f4a84fa97698bde56f84b3afed61c8492d48b0550db9671b68c177479cb?s=96&d=mm&r=g\",\"caption\":\"Gabriele Bassani\"},\"sameAs\":[\"http:\\\/\\\/www.ilnotiziario.net\"]}]}<\/script>\n<!-- \/ Yoast SEO plugin. -->","yoast_head_json":{"title":"La formula per il futuro? Ragionare come una Metropoli - Il Notiziario","description":"Oggi Il Palazzo delle Stelline, in Corso Magenta 61 a Milano, ospiter\u00e0 l\u2019evento \u201cDirezione Nord: persone che hanno qualcosa da dire\u201d un\u2019occasione per","robots":{"index":"index","follow":"follow","max-snippet":"max-snippet:-1","max-image-preview":"max-image-preview:large","max-video-preview":"max-video-preview:-1"},"canonical":"https:\/\/www.ilnotiziario.net\/wp\/buonoasapersi\/formula-futuro-metropoli-sicurezza-stradale\/","og_locale":"it_IT","og_type":"article","og_title":"La formula per il futuro? Ragionare come una Metropoli - Il Notiziario","og_description":"Oggi Il Palazzo delle Stelline, in Corso Magenta 61 a Milano, ospiter\u00e0 l\u2019evento \u201cDirezione Nord: persone che hanno qualcosa da dire\u201d un\u2019occasione per","og_url":"https:\/\/www.ilnotiziario.net\/wp\/buonoasapersi\/formula-futuro-metropoli-sicurezza-stradale\/","og_site_name":"Il Notiziario","article_publisher":"https:\/\/www.facebook.com\/ilnotiziarioind\/","article_published_time":"2021-12-13T08:09:18+00:00","og_image":[{"width":709,"height":476,"url":"https:\/\/www.ilnotiziario.net\/wp\/wp-content\/uploads\/2021\/12\/sicurezza-stradale.jpg","type":"image\/jpeg"}],"author":"Gabriele Bassani","twitter_card":"summary_large_image","twitter_creator":"@ilNotiziarioInd","twitter_site":"@ilNotiziarioInd","twitter_misc":{"Scritto da":"Gabriele Bassani","Tempo di lettura stimato":"4 minuti"},"schema":{"@context":"https:\/\/schema.org","@graph":[{"@type":"Article","@id":"https:\/\/www.ilnotiziario.net\/wp\/buonoasapersi\/formula-futuro-metropoli-sicurezza-stradale\/#article","isPartOf":{"@id":"https:\/\/www.ilnotiziario.net\/wp\/buonoasapersi\/formula-futuro-metropoli-sicurezza-stradale\/"},"author":{"name":"Gabriele Bassani","@id":"https:\/\/www.ilnotiziario.net\/wp\/#\/schema\/person\/386e222908f898bb41c033989482bbf2"},"headline":"La formula per il futuro? Ragionare come una Metropoli","datePublished":"2021-12-13T08:09:18+00:00","mainEntityOfPage":{"@id":"https:\/\/www.ilnotiziario.net\/wp\/buonoasapersi\/formula-futuro-metropoli-sicurezza-stradale\/"},"wordCount":663,"publisher":{"@id":"https:\/\/www.ilnotiziario.net\/wp\/#organization"},"image":{"@id":"https:\/\/www.ilnotiziario.net\/wp\/buonoasapersi\/formula-futuro-metropoli-sicurezza-stradale\/#primaryimage"},"thumbnailUrl":"https:\/\/www.ilnotiziario.net\/wp\/wp-content\/uploads\/2021\/12\/sicurezza-stradale.jpg","keywords":["Citt\u00e0 Metropolitana","convegno","Milano","palazzo stelline","sicurezza stradale","smart city"],"articleSection":["BUONO A SAPERSI"],"inLanguage":"it-IT"},{"@type":"WebPage","@id":"https:\/\/www.ilnotiziario.net\/wp\/buonoasapersi\/formula-futuro-metropoli-sicurezza-stradale\/","url":"https:\/\/www.ilnotiziario.net\/wp\/buonoasapersi\/formula-futuro-metropoli-sicurezza-stradale\/","name":"La formula per il futuro? Ragionare come una Metropoli - Il Notiziario","isPartOf":{"@id":"https:\/\/www.ilnotiziario.net\/wp\/#website"},"primaryImageOfPage":{"@id":"https:\/\/www.ilnotiziario.net\/wp\/buonoasapersi\/formula-futuro-metropoli-sicurezza-stradale\/#primaryimage"},"image":{"@id":"https:\/\/www.ilnotiziario.net\/wp\/buonoasapersi\/formula-futuro-metropoli-sicurezza-stradale\/#primaryimage"},"thumbnailUrl":"https:\/\/www.ilnotiziario.net\/wp\/wp-content\/uploads\/2021\/12\/sicurezza-stradale.jpg","datePublished":"2021-12-13T08:09:18+00:00","description":"Oggi Il Palazzo delle Stelline, in Corso Magenta 61 a Milano, ospiter\u00e0 l\u2019evento \u201cDirezione Nord: persone che hanno qualcosa da dire\u201d un\u2019occasione per","breadcrumb":{"@id":"https:\/\/www.ilnotiziario.net\/wp\/buonoasapersi\/formula-futuro-metropoli-sicurezza-stradale\/#breadcrumb"},"inLanguage":"it-IT","potentialAction":[{"@type":"ReadAction","target":["https:\/\/www.ilnotiziario.net\/wp\/buonoasapersi\/formula-futuro-metropoli-sicurezza-stradale\/"]}]},{"@type":"ImageObject","inLanguage":"it-IT","@id":"https:\/\/www.ilnotiziario.net\/wp\/buonoasapersi\/formula-futuro-metropoli-sicurezza-stradale\/#primaryimage","url":"https:\/\/www.ilnotiziario.net\/wp\/wp-content\/uploads\/2021\/12\/sicurezza-stradale.jpg","contentUrl":"https:\/\/www.ilnotiziario.net\/wp\/wp-content\/uploads\/2021\/12\/sicurezza-stradale.jpg","width":709,"height":476,"caption":"sicurezza stradale"},{"@type":"BreadcrumbList","@id":"https:\/\/www.ilnotiziario.net\/wp\/buonoasapersi\/formula-futuro-metropoli-sicurezza-stradale\/#breadcrumb","itemListElement":[{"@type":"ListItem","position":1,"name":"tds_text_logo_tagline_colortds_text_logo_tagline_colortds_text_logo_tagline_colortds_text_logo_tagline_colortd_module_7_title_excerpttd_module_7_title_excerpttd_module_7_title_excerpttd_module_7_title_excerptHome","item":"https:\/\/www.ilnotiziario.net\/wp\/"},{"@type":"ListItem","position":2,"name":"La formula per il futuro? Ragionare come una Metropoli"}]},{"@type":"WebSite","@id":"https:\/\/www.ilnotiziario.net\/wp\/#website","url":"https:\/\/www.ilnotiziario.net\/wp\/","name":"Il Notiziario","description":"Per restare sempre connessi alla notizia","publisher":{"@id":"https:\/\/www.ilnotiziario.net\/wp\/#organization"},"alternateName":"Il Notiziario Bollate","potentialAction":[{"@type":"SearchAction","target":{"@type":"EntryPoint","urlTemplate":"https:\/\/www.ilnotiziario.net\/wp\/?s={search_term_string}"},"query-input":{"@type":"PropertyValueSpecification","valueRequired":true,"valueName":"search_term_string"}}],"inLanguage":"it-IT"},{"@type":"Organization","@id":"https:\/\/www.ilnotiziario.net\/wp\/#organization","name":"Il Notiziario","url":"https:\/\/www.ilnotiziario.net\/wp\/","logo":{"@type":"ImageObject","inLanguage":"it-IT","@id":"https:\/\/www.ilnotiziario.net\/wp\/#\/schema\/logo\/image\/","url":"https:\/\/www.ilnotiziario.net\/wp\/wp-content\/uploads\/2022\/06\/170x170ilN.png","contentUrl":"https:\/\/www.ilnotiziario.net\/wp\/wp-content\/uploads\/2022\/06\/170x170ilN.png","width":355,"height":355,"caption":"Il Notiziario"},"image":{"@id":"https:\/\/www.ilnotiziario.net\/wp\/#\/schema\/logo\/image\/"},"sameAs":["https:\/\/www.facebook.com\/ilnotiziarioind\/","https:\/\/x.com\/ilNotiziarioInd","https:\/\/www.instagram.com\/ilnotiziario_settimanale\/"]},{"@type":"Person","@id":"https:\/\/www.ilnotiziario.net\/wp\/#\/schema\/person\/386e222908f898bb41c033989482bbf2","name":"Gabriele Bassani","image":{"@type":"ImageObject","inLanguage":"it-IT","@id":"https:\/\/secure.gravatar.com\/avatar\/09274f4a84fa97698bde56f84b3afed61c8492d48b0550db9671b68c177479cb?s=96&d=mm&r=g","url":"https:\/\/secure.gravatar.com\/avatar\/09274f4a84fa97698bde56f84b3afed61c8492d48b0550db9671b68c177479cb?s=96&d=mm&r=g","contentUrl":"https:\/\/secure.gravatar.com\/avatar\/09274f4a84fa97698bde56f84b3afed61c8492d48b0550db9671b68c177479cb?s=96&d=mm&r=g","caption":"Gabriele Bassani"},"sameAs":["http:\/\/www.ilnotiziario.net"]}]}},"_links":{"self":[{"href":"https:\/\/www.ilnotiziario.net\/wp\/wp-json\/wp\/v2\/posts\/159583","targetHints":{"allow":["GET"]}}],"collection":[{"href":"https:\/\/www.ilnotiziario.net\/wp\/wp-json\/wp\/v2\/posts"}],"about":[{"href":"https:\/\/www.ilnotiziario.net\/wp\/wp-json\/wp\/v2\/types\/post"}],"author":[{"embeddable":true,"href":"https:\/\/www.ilnotiziario.net\/wp\/wp-json\/wp\/v2\/users\/3"}],"replies":[{"embeddable":true,"href":"https:\/\/www.ilnotiziario.net\/wp\/wp-json\/wp\/v2\/comments?post=159583"}],"version-history":[{"count":0,"href":"https:\/\/www.ilnotiziario.net\/wp\/wp-json\/wp\/v2\/posts\/159583\/revisions"}],"wp:featuredmedia":[{"embeddable":true,"href":"https:\/\/www.ilnotiziario.net\/wp\/wp-json\/wp\/v2\/media\/159585"}],"wp:attachment":[{"href":"https:\/\/www.ilnotiziario.net\/wp\/wp-json\/wp\/v2\/media?parent=159583"}],"wp:term":[{"taxonomy":"category","embeddable":true,"href":"https:\/\/www.ilnotiziario.net\/wp\/wp-json\/wp\/v2\/categories?post=159583"},{"taxonomy":"post_tag","embeddable":true,"href":"https:\/\/www.ilnotiziario.net\/wp\/wp-json\/wp\/v2\/tags?post=159583"}],"curies":[{"name":"wp","href":"https:\/\/api.w.org\/{rel}","templated":true}]}}