{"id":160080,"date":"2021-12-28T13:43:29","date_gmt":"2021-12-28T12:43:29","guid":{"rendered":"https:\/\/www.ilnotiziario.net\/wp\/?p=160080"},"modified":"2021-12-28T13:43:29","modified_gmt":"2021-12-28T12:43:29","slug":"bollate-addio-cascina-sole-bidello-pasquale","status":"publish","type":"post","link":"https:\/\/www.ilnotiziario.net\/wp\/bollatese\/bollate-addio-cascina-sole-bidello-pasquale\/","title":{"rendered":"Bollate, l&#8217;addio di Cascina del Sole al &#8220;bidello&#8221; Pasquale"},"content":{"rendered":"<figure id=\"attachment_160081\" aria-describedby=\"caption-attachment-160081\" style=\"width: 210px\" class=\"wp-caption alignleft\"><img fetchpriority=\"high\" decoding=\"async\" class=\"size-medium wp-image-160081\" src=\"https:\/\/www.ilnotiziario.net\/wp\/wp-content\/uploads\/2021\/12\/bidello-210x300.jpg\" alt=\"Bollate bidello Pasquale\" width=\"210\" height=\"300\" srcset=\"https:\/\/www.ilnotiziario.net\/wp\/wp-content\/uploads\/2021\/12\/bidello-210x300.jpg 210w, https:\/\/www.ilnotiziario.net\/wp\/wp-content\/uploads\/2021\/12\/bidello.jpg 300w\" sizes=\"(max-width: 210px) 100vw, 210px\" \/><figcaption id=\"caption-attachment-160081\" class=\"wp-caption-text\">Pasquale Barbuto<\/figcaption><\/figure>\n<p>Bollate saluta l&#8217;amato \u201cbidello\u201d Pasquale.<\/p><div id=\"ilnot-2358530972\" class=\"ilnot-contenuto ilnot-entity-placement\"><p><!-- incontent_1 --><\/p>\n<div class=\"gptslot\" data-adunitid=\"1\"><\/div>\n<\/div>\n<p>Le parole che leggerete nelle prossime righe, ce le hanno dettate a voce decine di bambini, alunni della <strong>Scuola Elementare \u201cDon Milani\u201d di Cascina del Sole<\/strong>.<\/p>\n<p>E con loro, i genitori, gli insegnanti, i dirigenti scolastici e molte persone comuni. Tutti loro hanno perso improvvisamente un grande amico, il collega e collaboratore prezioso che ogni luogo educativo vorrebbe avere tra le mura e nei cuori che ne animano la vita.<\/p><div id=\"ilnot-2432081102\" class=\"ilnot-contenuto_2 ilnot-entity-placement\"><div class=\"ads-wrapper\">\n<div class=\"ad-slot\">\n   <div id=\"ilnot-914447531\" style=\"margin-right: auto;margin-left: auto;text-align: center;width: 320px;height: 100px;\"><a href=\"https:\/\/www.scuolasicurezza.it\/\"><img decoding=\"async\" src=\"https:\/\/www.ilnotiziario.net\/wp\/wp-content\/uploads\/2026\/04\/IlNotiziario_banner-sito-e-newsletter-320-x-100-px-1.gif\" alt=\"\"><\/a><\/div>\n  <\/div>\n<div class=\"ad-slot\">\n   <div id=\"ilnot-2033896783\" style=\"margin-right: auto;margin-left: auto;text-align: center;width: 320px;height: 100px;\"><a href=\"https:\/\/purodesignarredamenti.com\/\"><img decoding=\"async\" src=\"https:\/\/www.ilnotiziario.net\/wp\/wp-content\/uploads\/2026\/04\/banner-puro-ok.gif\" alt=\"whatsapp\"><\/a><\/div><\/p><\/div>\n<\/div>\n<\/div>\n<p><strong>Pasquale Barbuto<\/strong>, il bidello che da 20 anni accoglieva gli scolari e custodiva con cura e gentilezza il plesso di via Coni Zugna, se n\u2019\u00e8 andato per sempre nella sera di luned\u00ec, colpito improvvisamente da un malore fatale. Aveva 63 anni e lascia la moglie e una figlia, amatissime.<\/p>\n<p>La notizia \u00e8 arrivata in poche ore a quel mondo famigliare di cui Pasquale sembrava far parte da sempre. La scuola, con i suoi piccoli ospiti, il personale didattico e le esigenze di un dovere quotidiano svolto in maniera irreprensibile, rivelano oggi il ricordo di un uomo che ci commuove profondamente.<\/p>\n<p>\u201c<em>Era il sorriso che salutava i nostri bambini, prima che corressero in classe<\/em> &#8211; ci dicono alcune mamme &#8211; <em>Sembrava nato per questa missione, Pasquale. Quella di aiutare ogni piccolo scolaro ad affrontare la scuola come un momento bello, pieno di vita e di scoperte, con le prime soddisfazioni e le inevitabili delusioni<\/em>\u201d.<\/p><div id=\"ilnot-3820201984\" class=\"ilnot-contenuto_2-2 ilnot-entity-placement\"><div class=\"gptslot\" data-adunitid=\"2\"><\/div>\n<\/div>\n<p>A Pasquale piaceva incantare con i ricordi della sua infanzia a Crotone, in Calabria, piccoli racconti che portavano il sorriso e la serenit\u00e0 tra i banchi, nelle classi in attesa dell\u2019insegnante o nei momenti di intervallo. Sapeva consolare, calmare, rasserenare le situazioni turbolente, mostrare ai piccoli la bellezza, la curiosit\u00e0 di un\u2019esperienza nuova come quelle di coltivare un orto nei giardini della scuola.<\/p>\n<p>\u201c<em>Sempre disponibile, di una gentilezza straordinaria, pronto a risolvere gli inconvenienti, con calma e simpatia. Andava oltre il proprio dovere, Pasquale, perch\u00e9 amava le persone e se ne curava. I bambini lo adoravano e per loro questo addio sar\u00e0 molto difficile. Ci terremo vicini, come lui \u00e8 stato vicino ai nostri figli. Con tutto il cuore<\/em>\u201d.<\/p>\n<p>Sono ancora le parole dei genitori che hanno conosciuto e affidato ogni mattina le loro piccole donne e i loro piccoli uomini, con fiducia, alla professionalit\u00e0 responsabile e all\u2019eccezionale \u201ccapacit\u00e0 di prendersi cura\u201d che Pasquale possedeva senza risparmio, al servizio della Scuola e dei suoi valori.<\/p><div id=\"ilnot-598912458\" class=\"ilnot-contenuto_2-2-2 ilnot-entity-placement\"><div class=\"gptslot\" data-adunitid=\"3\"><\/div>\n<\/div>\n<p>Questa parola, Scuola, spesso tenue e cos\u00ec distante dal pensiero comune, vogliamo scriverla, per Pasquale Barbuto, con la lettera maiuscola. Perch\u00e9 uomini come lui hanno saputo onorarla, con lo spirito dei giusti e la passione pi\u00f9 sincera.<\/p>\n<p>Nel segno di una dedizione assoluta che noi e i nostri figli dobbiamo saper custodire, per sempre, nella memoria. Sar\u00e0 questo tesoro civile a illuminarci la vita. Caro Pasquale, grazie, ancora, per questo e per tutte le cose buone.<\/p>\n","protected":false},"excerpt":{"rendered":"<p>Bollate saluta l&#8217;amato \u201cbidello\u201d Pasquale. Le parole che leggerete nelle prossime righe, ce le hanno dettate a voce decine di bambini, alunni della Scuola Elementare \u201cDon Milani\u201d di Cascina del Sole. E con loro, i genitori, gli insegnanti, i dirigenti scolastici e molte persone comuni. Tutti loro hanno perso improvvisamente un grande amico, il collega<\/p>\n","protected":false},"author":14,"featured_media":160081,"comment_status":"closed","ping_status":"closed","sticky":false,"template":"","format":"standard","meta":{"footnotes":""},"categories":[8,20],"tags":[7929,110,523,9669,5945],"class_list":{"0":"post-160080","1":"post","2":"type-post","3":"status-publish","4":"format-standard","5":"has-post-thumbnail","7":"category-bollatese","8":"category-prima-pagina","9":"tag-bidello","10":"tag-bollate","11":"tag-cascina-del-sole","12":"tag-pasquale-barbuto","13":"tag-scuola-elementare"},"yoast_head":"<!-- This site is optimized with the Yoast SEO plugin v27.4 - https:\/\/yoast.com\/product\/yoast-seo-wordpress\/ -->\n<title>Bollate, l&#039;addio di Cascina del Sole al &quot;bidello&quot; Pasquale - Il Notiziario<\/title>\n<meta name=\"description\" content=\"Bollate saluta l&#039;amato \u201cbidello\u201d Pasquale. Le parole che leggerete nelle prossime righe, ce le hanno dettate a voce decine di bambini, alunni della Scuola\" \/>\n<meta name=\"robots\" content=\"index, follow, max-snippet:-1, max-image-preview:large, max-video-preview:-1\" \/>\n<link rel=\"canonical\" href=\"https:\/\/www.ilnotiziario.net\/wp\/bollatese\/bollate-addio-cascina-sole-bidello-pasquale\/\" \/>\n<meta property=\"og:locale\" content=\"it_IT\" \/>\n<meta property=\"og:type\" content=\"article\" \/>\n<meta property=\"og:title\" content=\"Bollate, l&#039;addio di Cascina del Sole al &quot;bidello&quot; Pasquale - Il Notiziario\" \/>\n<meta property=\"og:description\" content=\"Bollate saluta l&#039;amato \u201cbidello\u201d Pasquale. Le parole che leggerete nelle prossime righe, ce le hanno dettate a voce decine di bambini, alunni della Scuola\" \/>\n<meta property=\"og:url\" content=\"https:\/\/www.ilnotiziario.net\/wp\/bollatese\/bollate-addio-cascina-sole-bidello-pasquale\/\" \/>\n<meta property=\"og:site_name\" content=\"Il Notiziario\" \/>\n<meta property=\"article:publisher\" content=\"https:\/\/www.facebook.com\/ilnotiziarioind\/\" \/>\n<meta property=\"article:published_time\" content=\"2021-12-28T12:43:29+00:00\" \/>\n<meta property=\"og:image\" content=\"https:\/\/www.ilnotiziario.net\/wp\/wp-content\/uploads\/2021\/12\/bidello.jpg\" \/>\n\t<meta property=\"og:image:width\" content=\"300\" \/>\n\t<meta property=\"og:image:height\" content=\"428\" \/>\n\t<meta property=\"og:image:type\" content=\"image\/jpeg\" \/>\n<meta name=\"author\" content=\"Silvia Citterio\" \/>\n<meta name=\"twitter:card\" content=\"summary_large_image\" \/>\n<meta name=\"twitter:creator\" content=\"@ilNotiziarioInd\" \/>\n<meta name=\"twitter:site\" content=\"@ilNotiziarioInd\" \/>\n<meta name=\"twitter:label1\" content=\"Scritto da\" \/>\n\t<meta name=\"twitter:data1\" content=\"Silvia Citterio\" \/>\n\t<meta name=\"twitter:label2\" content=\"Tempo di lettura stimato\" \/>\n\t<meta name=\"twitter:data2\" content=\"3 minuti\" \/>\n<script type=\"application\/ld+json\" class=\"yoast-schema-graph\">{\"@context\":\"https:\\\/\\\/schema.org\",\"@graph\":[{\"@type\":\"Article\",\"@id\":\"https:\\\/\\\/www.ilnotiziario.net\\\/wp\\\/bollatese\\\/bollate-addio-cascina-sole-bidello-pasquale\\\/#article\",\"isPartOf\":{\"@id\":\"https:\\\/\\\/www.ilnotiziario.net\\\/wp\\\/bollatese\\\/bollate-addio-cascina-sole-bidello-pasquale\\\/\"},\"author\":{\"name\":\"Silvia Citterio\",\"@id\":\"https:\\\/\\\/www.ilnotiziario.net\\\/wp\\\/#\\\/schema\\\/person\\\/c5bca2edc3d99d29959f04a6126f687b\"},\"headline\":\"Bollate, l&#8217;addio di Cascina del Sole al &#8220;bidello&#8221; Pasquale\",\"datePublished\":\"2021-12-28T12:43:29+00:00\",\"mainEntityOfPage\":{\"@id\":\"https:\\\/\\\/www.ilnotiziario.net\\\/wp\\\/bollatese\\\/bollate-addio-cascina-sole-bidello-pasquale\\\/\"},\"wordCount\":488,\"publisher\":{\"@id\":\"https:\\\/\\\/www.ilnotiziario.net\\\/wp\\\/#organization\"},\"image\":{\"@id\":\"https:\\\/\\\/www.ilnotiziario.net\\\/wp\\\/bollatese\\\/bollate-addio-cascina-sole-bidello-pasquale\\\/#primaryimage\"},\"thumbnailUrl\":\"https:\\\/\\\/www.ilnotiziario.net\\\/wp\\\/wp-content\\\/uploads\\\/2021\\\/12\\\/bidello.jpg\",\"keywords\":[\"bidello\",\"Bollate\",\"cascina del sole\",\"Pasquale Barbuto\",\"scuola elementare\"],\"articleSection\":[\"BOLLATESE\",\"Prima Pagina\"],\"inLanguage\":\"it-IT\"},{\"@type\":\"WebPage\",\"@id\":\"https:\\\/\\\/www.ilnotiziario.net\\\/wp\\\/bollatese\\\/bollate-addio-cascina-sole-bidello-pasquale\\\/\",\"url\":\"https:\\\/\\\/www.ilnotiziario.net\\\/wp\\\/bollatese\\\/bollate-addio-cascina-sole-bidello-pasquale\\\/\",\"name\":\"Bollate, l'addio di Cascina del Sole al \\\"bidello\\\" Pasquale - Il Notiziario\",\"isPartOf\":{\"@id\":\"https:\\\/\\\/www.ilnotiziario.net\\\/wp\\\/#website\"},\"primaryImageOfPage\":{\"@id\":\"https:\\\/\\\/www.ilnotiziario.net\\\/wp\\\/bollatese\\\/bollate-addio-cascina-sole-bidello-pasquale\\\/#primaryimage\"},\"image\":{\"@id\":\"https:\\\/\\\/www.ilnotiziario.net\\\/wp\\\/bollatese\\\/bollate-addio-cascina-sole-bidello-pasquale\\\/#primaryimage\"},\"thumbnailUrl\":\"https:\\\/\\\/www.ilnotiziario.net\\\/wp\\\/wp-content\\\/uploads\\\/2021\\\/12\\\/bidello.jpg\",\"datePublished\":\"2021-12-28T12:43:29+00:00\",\"description\":\"Bollate saluta l'amato \u201cbidello\u201d Pasquale. Le parole che leggerete nelle prossime righe, ce le hanno dettate a voce decine di bambini, alunni della Scuola\",\"breadcrumb\":{\"@id\":\"https:\\\/\\\/www.ilnotiziario.net\\\/wp\\\/bollatese\\\/bollate-addio-cascina-sole-bidello-pasquale\\\/#breadcrumb\"},\"inLanguage\":\"it-IT\",\"potentialAction\":[{\"@type\":\"ReadAction\",\"target\":[\"https:\\\/\\\/www.ilnotiziario.net\\\/wp\\\/bollatese\\\/bollate-addio-cascina-sole-bidello-pasquale\\\/\"]}]},{\"@type\":\"ImageObject\",\"inLanguage\":\"it-IT\",\"@id\":\"https:\\\/\\\/www.ilnotiziario.net\\\/wp\\\/bollatese\\\/bollate-addio-cascina-sole-bidello-pasquale\\\/#primaryimage\",\"url\":\"https:\\\/\\\/www.ilnotiziario.net\\\/wp\\\/wp-content\\\/uploads\\\/2021\\\/12\\\/bidello.jpg\",\"contentUrl\":\"https:\\\/\\\/www.ilnotiziario.net\\\/wp\\\/wp-content\\\/uploads\\\/2021\\\/12\\\/bidello.jpg\",\"width\":300,\"height\":428,\"caption\":\"Pasquale Barbuto\"},{\"@type\":\"BreadcrumbList\",\"@id\":\"https:\\\/\\\/www.ilnotiziario.net\\\/wp\\\/bollatese\\\/bollate-addio-cascina-sole-bidello-pasquale\\\/#breadcrumb\",\"itemListElement\":[{\"@type\":\"ListItem\",\"position\":1,\"name\":\"tds_text_logo_tagline_colortds_text_logo_tagline_colortds_text_logo_tagline_colortds_text_logo_tagline_colortd_module_7_title_excerpttd_module_7_title_excerpttd_module_7_title_excerpttd_module_7_title_excerptHome\",\"item\":\"https:\\\/\\\/www.ilnotiziario.net\\\/wp\\\/\"},{\"@type\":\"ListItem\",\"position\":2,\"name\":\"Bollate, l&#8217;addio di Cascina del Sole al &#8220;bidello&#8221; Pasquale\"}]},{\"@type\":\"WebSite\",\"@id\":\"https:\\\/\\\/www.ilnotiziario.net\\\/wp\\\/#website\",\"url\":\"https:\\\/\\\/www.ilnotiziario.net\\\/wp\\\/\",\"name\":\"Il Notiziario\",\"description\":\"Per restare sempre connessi alla notizia\",\"publisher\":{\"@id\":\"https:\\\/\\\/www.ilnotiziario.net\\\/wp\\\/#organization\"},\"alternateName\":\"Il Notiziario Bollate\",\"potentialAction\":[{\"@type\":\"SearchAction\",\"target\":{\"@type\":\"EntryPoint\",\"urlTemplate\":\"https:\\\/\\\/www.ilnotiziario.net\\\/wp\\\/?s={search_term_string}\"},\"query-input\":{\"@type\":\"PropertyValueSpecification\",\"valueRequired\":true,\"valueName\":\"search_term_string\"}}],\"inLanguage\":\"it-IT\"},{\"@type\":\"Organization\",\"@id\":\"https:\\\/\\\/www.ilnotiziario.net\\\/wp\\\/#organization\",\"name\":\"Il Notiziario\",\"url\":\"https:\\\/\\\/www.ilnotiziario.net\\\/wp\\\/\",\"logo\":{\"@type\":\"ImageObject\",\"inLanguage\":\"it-IT\",\"@id\":\"https:\\\/\\\/www.ilnotiziario.net\\\/wp\\\/#\\\/schema\\\/logo\\\/image\\\/\",\"url\":\"https:\\\/\\\/www.ilnotiziario.net\\\/wp\\\/wp-content\\\/uploads\\\/2022\\\/06\\\/170x170ilN.png\",\"contentUrl\":\"https:\\\/\\\/www.ilnotiziario.net\\\/wp\\\/wp-content\\\/uploads\\\/2022\\\/06\\\/170x170ilN.png\",\"width\":355,\"height\":355,\"caption\":\"Il Notiziario\"},\"image\":{\"@id\":\"https:\\\/\\\/www.ilnotiziario.net\\\/wp\\\/#\\\/schema\\\/logo\\\/image\\\/\"},\"sameAs\":[\"https:\\\/\\\/www.facebook.com\\\/ilnotiziarioind\\\/\",\"https:\\\/\\\/x.com\\\/ilNotiziarioInd\",\"https:\\\/\\\/www.instagram.com\\\/ilnotiziario_settimanale\\\/\"]},{\"@type\":\"Person\",\"@id\":\"https:\\\/\\\/www.ilnotiziario.net\\\/wp\\\/#\\\/schema\\\/person\\\/c5bca2edc3d99d29959f04a6126f687b\",\"name\":\"Silvia Citterio\",\"image\":{\"@type\":\"ImageObject\",\"inLanguage\":\"it-IT\",\"@id\":\"https:\\\/\\\/secure.gravatar.com\\\/avatar\\\/03eb19c63b944e79a9b5ce53ca5d1ca303edcf368a68721ec3ccaae7f98c5afd?s=96&d=mm&r=g\",\"url\":\"https:\\\/\\\/secure.gravatar.com\\\/avatar\\\/03eb19c63b944e79a9b5ce53ca5d1ca303edcf368a68721ec3ccaae7f98c5afd?s=96&d=mm&r=g\",\"contentUrl\":\"https:\\\/\\\/secure.gravatar.com\\\/avatar\\\/03eb19c63b944e79a9b5ce53ca5d1ca303edcf368a68721ec3ccaae7f98c5afd?s=96&d=mm&r=g\",\"caption\":\"Silvia Citterio\"}}]}<\/script>\n<!-- \/ Yoast SEO plugin. -->","yoast_head_json":{"title":"Bollate, l'addio di Cascina del Sole al \"bidello\" Pasquale - Il Notiziario","description":"Bollate saluta l'amato \u201cbidello\u201d Pasquale. Le parole che leggerete nelle prossime righe, ce le hanno dettate a voce decine di bambini, alunni della Scuola","robots":{"index":"index","follow":"follow","max-snippet":"max-snippet:-1","max-image-preview":"max-image-preview:large","max-video-preview":"max-video-preview:-1"},"canonical":"https:\/\/www.ilnotiziario.net\/wp\/bollatese\/bollate-addio-cascina-sole-bidello-pasquale\/","og_locale":"it_IT","og_type":"article","og_title":"Bollate, l'addio di Cascina del Sole al \"bidello\" Pasquale - Il Notiziario","og_description":"Bollate saluta l'amato \u201cbidello\u201d Pasquale. Le parole che leggerete nelle prossime righe, ce le hanno dettate a voce decine di bambini, alunni della Scuola","og_url":"https:\/\/www.ilnotiziario.net\/wp\/bollatese\/bollate-addio-cascina-sole-bidello-pasquale\/","og_site_name":"Il Notiziario","article_publisher":"https:\/\/www.facebook.com\/ilnotiziarioind\/","article_published_time":"2021-12-28T12:43:29+00:00","og_image":[{"width":300,"height":428,"url":"https:\/\/www.ilnotiziario.net\/wp\/wp-content\/uploads\/2021\/12\/bidello.jpg","type":"image\/jpeg"}],"author":"Silvia Citterio","twitter_card":"summary_large_image","twitter_creator":"@ilNotiziarioInd","twitter_site":"@ilNotiziarioInd","twitter_misc":{"Scritto da":"Silvia Citterio","Tempo di lettura stimato":"3 minuti"},"schema":{"@context":"https:\/\/schema.org","@graph":[{"@type":"Article","@id":"https:\/\/www.ilnotiziario.net\/wp\/bollatese\/bollate-addio-cascina-sole-bidello-pasquale\/#article","isPartOf":{"@id":"https:\/\/www.ilnotiziario.net\/wp\/bollatese\/bollate-addio-cascina-sole-bidello-pasquale\/"},"author":{"name":"Silvia Citterio","@id":"https:\/\/www.ilnotiziario.net\/wp\/#\/schema\/person\/c5bca2edc3d99d29959f04a6126f687b"},"headline":"Bollate, l&#8217;addio di Cascina del Sole al &#8220;bidello&#8221; Pasquale","datePublished":"2021-12-28T12:43:29+00:00","mainEntityOfPage":{"@id":"https:\/\/www.ilnotiziario.net\/wp\/bollatese\/bollate-addio-cascina-sole-bidello-pasquale\/"},"wordCount":488,"publisher":{"@id":"https:\/\/www.ilnotiziario.net\/wp\/#organization"},"image":{"@id":"https:\/\/www.ilnotiziario.net\/wp\/bollatese\/bollate-addio-cascina-sole-bidello-pasquale\/#primaryimage"},"thumbnailUrl":"https:\/\/www.ilnotiziario.net\/wp\/wp-content\/uploads\/2021\/12\/bidello.jpg","keywords":["bidello","Bollate","cascina del sole","Pasquale Barbuto","scuola elementare"],"articleSection":["BOLLATESE","Prima Pagina"],"inLanguage":"it-IT"},{"@type":"WebPage","@id":"https:\/\/www.ilnotiziario.net\/wp\/bollatese\/bollate-addio-cascina-sole-bidello-pasquale\/","url":"https:\/\/www.ilnotiziario.net\/wp\/bollatese\/bollate-addio-cascina-sole-bidello-pasquale\/","name":"Bollate, l'addio di Cascina del Sole al \"bidello\" Pasquale - Il Notiziario","isPartOf":{"@id":"https:\/\/www.ilnotiziario.net\/wp\/#website"},"primaryImageOfPage":{"@id":"https:\/\/www.ilnotiziario.net\/wp\/bollatese\/bollate-addio-cascina-sole-bidello-pasquale\/#primaryimage"},"image":{"@id":"https:\/\/www.ilnotiziario.net\/wp\/bollatese\/bollate-addio-cascina-sole-bidello-pasquale\/#primaryimage"},"thumbnailUrl":"https:\/\/www.ilnotiziario.net\/wp\/wp-content\/uploads\/2021\/12\/bidello.jpg","datePublished":"2021-12-28T12:43:29+00:00","description":"Bollate saluta l'amato \u201cbidello\u201d Pasquale. Le parole che leggerete nelle prossime righe, ce le hanno dettate a voce decine di bambini, alunni della Scuola","breadcrumb":{"@id":"https:\/\/www.ilnotiziario.net\/wp\/bollatese\/bollate-addio-cascina-sole-bidello-pasquale\/#breadcrumb"},"inLanguage":"it-IT","potentialAction":[{"@type":"ReadAction","target":["https:\/\/www.ilnotiziario.net\/wp\/bollatese\/bollate-addio-cascina-sole-bidello-pasquale\/"]}]},{"@type":"ImageObject","inLanguage":"it-IT","@id":"https:\/\/www.ilnotiziario.net\/wp\/bollatese\/bollate-addio-cascina-sole-bidello-pasquale\/#primaryimage","url":"https:\/\/www.ilnotiziario.net\/wp\/wp-content\/uploads\/2021\/12\/bidello.jpg","contentUrl":"https:\/\/www.ilnotiziario.net\/wp\/wp-content\/uploads\/2021\/12\/bidello.jpg","width":300,"height":428,"caption":"Pasquale Barbuto"},{"@type":"BreadcrumbList","@id":"https:\/\/www.ilnotiziario.net\/wp\/bollatese\/bollate-addio-cascina-sole-bidello-pasquale\/#breadcrumb","itemListElement":[{"@type":"ListItem","position":1,"name":"tds_text_logo_tagline_colortds_text_logo_tagline_colortds_text_logo_tagline_colortds_text_logo_tagline_colortd_module_7_title_excerpttd_module_7_title_excerpttd_module_7_title_excerpttd_module_7_title_excerptHome","item":"https:\/\/www.ilnotiziario.net\/wp\/"},{"@type":"ListItem","position":2,"name":"Bollate, l&#8217;addio di Cascina del Sole al &#8220;bidello&#8221; Pasquale"}]},{"@type":"WebSite","@id":"https:\/\/www.ilnotiziario.net\/wp\/#website","url":"https:\/\/www.ilnotiziario.net\/wp\/","name":"Il Notiziario","description":"Per restare sempre connessi alla notizia","publisher":{"@id":"https:\/\/www.ilnotiziario.net\/wp\/#organization"},"alternateName":"Il Notiziario Bollate","potentialAction":[{"@type":"SearchAction","target":{"@type":"EntryPoint","urlTemplate":"https:\/\/www.ilnotiziario.net\/wp\/?s={search_term_string}"},"query-input":{"@type":"PropertyValueSpecification","valueRequired":true,"valueName":"search_term_string"}}],"inLanguage":"it-IT"},{"@type":"Organization","@id":"https:\/\/www.ilnotiziario.net\/wp\/#organization","name":"Il Notiziario","url":"https:\/\/www.ilnotiziario.net\/wp\/","logo":{"@type":"ImageObject","inLanguage":"it-IT","@id":"https:\/\/www.ilnotiziario.net\/wp\/#\/schema\/logo\/image\/","url":"https:\/\/www.ilnotiziario.net\/wp\/wp-content\/uploads\/2022\/06\/170x170ilN.png","contentUrl":"https:\/\/www.ilnotiziario.net\/wp\/wp-content\/uploads\/2022\/06\/170x170ilN.png","width":355,"height":355,"caption":"Il Notiziario"},"image":{"@id":"https:\/\/www.ilnotiziario.net\/wp\/#\/schema\/logo\/image\/"},"sameAs":["https:\/\/www.facebook.com\/ilnotiziarioind\/","https:\/\/x.com\/ilNotiziarioInd","https:\/\/www.instagram.com\/ilnotiziario_settimanale\/"]},{"@type":"Person","@id":"https:\/\/www.ilnotiziario.net\/wp\/#\/schema\/person\/c5bca2edc3d99d29959f04a6126f687b","name":"Silvia Citterio","image":{"@type":"ImageObject","inLanguage":"it-IT","@id":"https:\/\/secure.gravatar.com\/avatar\/03eb19c63b944e79a9b5ce53ca5d1ca303edcf368a68721ec3ccaae7f98c5afd?s=96&d=mm&r=g","url":"https:\/\/secure.gravatar.com\/avatar\/03eb19c63b944e79a9b5ce53ca5d1ca303edcf368a68721ec3ccaae7f98c5afd?s=96&d=mm&r=g","contentUrl":"https:\/\/secure.gravatar.com\/avatar\/03eb19c63b944e79a9b5ce53ca5d1ca303edcf368a68721ec3ccaae7f98c5afd?s=96&d=mm&r=g","caption":"Silvia Citterio"}}]}},"_links":{"self":[{"href":"https:\/\/www.ilnotiziario.net\/wp\/wp-json\/wp\/v2\/posts\/160080","targetHints":{"allow":["GET"]}}],"collection":[{"href":"https:\/\/www.ilnotiziario.net\/wp\/wp-json\/wp\/v2\/posts"}],"about":[{"href":"https:\/\/www.ilnotiziario.net\/wp\/wp-json\/wp\/v2\/types\/post"}],"author":[{"embeddable":true,"href":"https:\/\/www.ilnotiziario.net\/wp\/wp-json\/wp\/v2\/users\/14"}],"replies":[{"embeddable":true,"href":"https:\/\/www.ilnotiziario.net\/wp\/wp-json\/wp\/v2\/comments?post=160080"}],"version-history":[{"count":0,"href":"https:\/\/www.ilnotiziario.net\/wp\/wp-json\/wp\/v2\/posts\/160080\/revisions"}],"wp:featuredmedia":[{"embeddable":true,"href":"https:\/\/www.ilnotiziario.net\/wp\/wp-json\/wp\/v2\/media\/160081"}],"wp:attachment":[{"href":"https:\/\/www.ilnotiziario.net\/wp\/wp-json\/wp\/v2\/media?parent=160080"}],"wp:term":[{"taxonomy":"category","embeddable":true,"href":"https:\/\/www.ilnotiziario.net\/wp\/wp-json\/wp\/v2\/categories?post=160080"},{"taxonomy":"post_tag","embeddable":true,"href":"https:\/\/www.ilnotiziario.net\/wp\/wp-json\/wp\/v2\/tags?post=160080"}],"curies":[{"name":"wp","href":"https:\/\/api.w.org\/{rel}","templated":true}]}}