{"id":160616,"date":"2022-01-08T18:50:38","date_gmt":"2022-01-08T17:50:38","guid":{"rendered":"https:\/\/www.ilnotiziario.net\/wp\/?p=160616"},"modified":"2022-01-08T18:52:30","modified_gmt":"2022-01-08T17:52:30","slug":"covid-lombardia-scuole-10-gennaio","status":"publish","type":"post","link":"https:\/\/www.ilnotiziario.net\/wp\/prima-pagina\/covid-lombardia-scuole-10-gennaio\/","title":{"rendered":"Covid in Lombardia, scuole aperte dal 10 gennaio (chiuse ad Albairate, Cisliano e Cassinetta)"},"content":{"rendered":"<p><img fetchpriority=\"high\" decoding=\"async\" class=\"size-medium wp-image-102938 alignleft\" src=\"https:\/\/www.ilnotiziario.net\/wp\/wp-content\/uploads\/2020\/08\/scuole-mascherine-300x200.jpg\" alt=\"scuola covid\" width=\"300\" height=\"200\" srcset=\"https:\/\/www.ilnotiziario.net\/wp\/wp-content\/uploads\/2020\/08\/scuole-mascherine-300x200.jpg 300w, https:\/\/www.ilnotiziario.net\/wp\/wp-content\/uploads\/2020\/08\/scuole-mascherine-1024x683.jpg 1024w, https:\/\/www.ilnotiziario.net\/wp\/wp-content\/uploads\/2020\/08\/scuole-mascherine-768x512.jpg 768w, https:\/\/www.ilnotiziario.net\/wp\/wp-content\/uploads\/2020\/08\/scuole-mascherine-1536x1024.jpg 1536w, https:\/\/www.ilnotiziario.net\/wp\/wp-content\/uploads\/2020\/08\/scuole-mascherine-2048x1365.jpg 2048w, https:\/\/www.ilnotiziario.net\/wp\/wp-content\/uploads\/2020\/08\/scuole-mascherine-696x464.jpg 696w, https:\/\/www.ilnotiziario.net\/wp\/wp-content\/uploads\/2020\/08\/scuole-mascherine-1392x928.jpg 1392w, https:\/\/www.ilnotiziario.net\/wp\/wp-content\/uploads\/2020\/08\/scuole-mascherine-1068x712.jpg 1068w\" sizes=\"(max-width: 300px) 100vw, 300px\" \/>Scuole aperte in Lombardia da luned\u00ec 10 gennaio. In queste ore tanti genitori si stanno chiedendo se dalla prossima settimana riprenderanno le lezioni dopo la pausa natalizia. Al momento \u00e8 confermata la ripresa delle attivit\u00e0 in tutta la regione. Solo nei comuni&nbsp;di Cisliano, Albairate e Cassinetta di Lugagnano (Milano), si riprender\u00e0 con la didattica a distanza seguendo la linea del governatore della Campania Vincenzo De Luca che rimanda tutto al 14 gennaio.<\/p><div id=\"ilnot-604271539\" class=\"ilnot-contenuto ilnot-entity-placement\"><p><!-- incontent_1 --><\/p>\n<div class=\"gptslot\" data-adunitid=\"1\"><\/div>\n<\/div>\n<p><a href=\"https:\/\/www.ilnotiziario.net\/wp\/2022\/01\/08\/covid-in-lombardia-altri-48mila-contagi-solo-a-milano-15mila-positivi-in-piu\/\"><strong>COVID IN LOMBARDIA: ALTRI 48MILA CONTAGI&nbsp;<\/strong><\/a><\/p>\n<p>I sindaci hanno formato ordinanze per sospendere le lezioni in presenza. E non mancheranno polemiche e approfondimenti da parte degli organi superiori. La richiesta di chiudere le scuole per qualche giorno \u00e8 condivisa anche da 2mila presidi lombardi.&nbsp;<\/p><div id=\"ilnot-1965510950\" class=\"ilnot-contenuto_2 ilnot-entity-placement\"><div class=\"ads-wrapper\">\n<div class=\"ad-slot\">\n   <div id=\"ilnot-475362830\" style=\"margin-right: auto;margin-left: auto;text-align: center;width: 320px;height: 100px;\"><a href=\"https:\/\/www.scuolasicurezza.it\/\"><img decoding=\"async\" src=\"https:\/\/www.ilnotiziario.net\/wp\/wp-content\/uploads\/2026\/04\/IlNotiziario_banner-sito-e-newsletter-320-x-100-px-1.gif\" alt=\"\"><\/a><\/div>\n  <\/div>\n<div class=\"ad-slot\">\n   <div id=\"ilnot-1604923004\" style=\"margin-right: auto;margin-left: auto;text-align: center;width: 320px;height: 100px;\"><a href=\"https:\/\/purodesignarredamenti.com\/\"><img decoding=\"async\" src=\"https:\/\/www.ilnotiziario.net\/wp\/wp-content\/uploads\/2026\/04\/banner-puro-ok.gif\" alt=\"whatsapp\"><\/a><\/div><\/p><\/div>\n<\/div>\n<\/div>\n<p>&#8220;Ho emesso ordinanza di chiusura delle scuole di Cassinetta di Lugagnano assumendomi la responsabilit\u00e0, da sindaco, di una decisione presa in qualit\u00e0 di autorit\u00e0 sanitaria locale, valutata la reale incidenza dei contagi in paese nonch\u00e9 confrontandomi con la dirigenza scolastica: autorit\u00e0 che ha diretta contezza delle criticit\u00e0 legate alla riapertura nonch\u00e9 dell\u2019andamento epidemiologico all\u2019interno della scuola&#8221;, scrive su Facebook, il sindaco di Cassinetta di Lugagnano. Altre regioni rimandano la decisione ultima al governo, ma per non ci sono novit\u00e0 differenti: luned\u00ec si riprende ad andare a scuola.&nbsp;<\/p>\n","protected":false},"excerpt":{"rendered":"<p>Scuole aperte in Lombardia da luned\u00ec 10 gennaio. In queste ore tanti genitori si stanno chiedendo se dalla prossima settimana riprenderanno le lezioni dopo la pausa natalizia. Al momento \u00e8 confermata la ripresa delle attivit\u00e0 in tutta la regione. Solo nei comuni&nbsp;di Cisliano, Albairate e Cassinetta di Lugagnano (Milano), si riprender\u00e0 con la didattica a<\/p>\n","protected":false},"author":7,"featured_media":102938,"comment_status":"closed","ping_status":"closed","sticky":false,"template":"","format":"standard","meta":{"footnotes":""},"categories":[20],"tags":[577,38,438],"class_list":{"0":"post-160616","1":"post","2":"type-post","3":"status-publish","4":"format-standard","5":"has-post-thumbnail","7":"category-prima-pagina","8":"tag-lombardia","9":"tag-milano","10":"tag-scuole"},"yoast_head":"<!-- This site is optimized with the Yoast SEO plugin v27.5 - https:\/\/yoast.com\/product\/yoast-seo-wordpress\/ -->\n<title>Covid in Lombardia, scuole aperte dal 10 gennaio (chiuse ad Albairate, Cisliano e Cassinetta)<\/title>\n<meta name=\"description\" content=\"Scuole aperte in Lombardia da luned\u00ec 10 gennaio. In queste ore tanti genitori si stanno chiedendo se dalla prossima settimana riprenderanno le lezioni\" \/>\n<meta name=\"robots\" content=\"index, follow, max-snippet:-1, max-image-preview:large, max-video-preview:-1\" \/>\n<link rel=\"canonical\" href=\"https:\/\/www.ilnotiziario.net\/wp\/prima-pagina\/covid-lombardia-scuole-10-gennaio\/\" \/>\n<meta property=\"og:locale\" content=\"it_IT\" \/>\n<meta property=\"og:type\" content=\"article\" \/>\n<meta property=\"og:title\" content=\"Covid in Lombardia, scuole aperte dal 10 gennaio (chiuse ad Albairate, Cisliano e Cassinetta)\" \/>\n<meta property=\"og:description\" content=\"Scuole aperte in Lombardia da luned\u00ec 10 gennaio. In queste ore tanti genitori si stanno chiedendo se dalla prossima settimana riprenderanno le lezioni\" \/>\n<meta property=\"og:url\" content=\"https:\/\/www.ilnotiziario.net\/wp\/prima-pagina\/covid-lombardia-scuole-10-gennaio\/\" \/>\n<meta property=\"og:site_name\" content=\"Il Notiziario\" \/>\n<meta property=\"article:publisher\" content=\"https:\/\/www.facebook.com\/ilnotiziarioind\/\" \/>\n<meta property=\"article:published_time\" content=\"2022-01-08T17:50:38+00:00\" \/>\n<meta property=\"article:modified_time\" content=\"2022-01-08T17:52:30+00:00\" \/>\n<meta property=\"og:image\" content=\"https:\/\/www.ilnotiziario.net\/wp\/wp-content\/uploads\/2020\/08\/scuole-mascherine-scaled.jpg\" \/>\n\t<meta property=\"og:image:width\" content=\"2560\" \/>\n\t<meta property=\"og:image:height\" content=\"1707\" \/>\n\t<meta property=\"og:image:type\" content=\"image\/jpeg\" \/>\n<meta name=\"author\" content=\"Simone Carcano\" \/>\n<meta name=\"twitter:card\" content=\"summary_large_image\" \/>\n<meta name=\"twitter:creator\" content=\"@simone_carcano\" \/>\n<meta name=\"twitter:site\" content=\"@ilNotiziarioInd\" \/>\n<meta name=\"twitter:label1\" content=\"Scritto da\" \/>\n\t<meta name=\"twitter:data1\" content=\"Simone Carcano\" \/>\n\t<meta name=\"twitter:label2\" content=\"Tempo di lettura stimato\" \/>\n\t<meta name=\"twitter:data2\" content=\"2 minuti\" \/>\n<script type=\"application\/ld+json\" class=\"yoast-schema-graph\">{\"@context\":\"https:\\\/\\\/schema.org\",\"@graph\":[{\"@type\":\"Article\",\"@id\":\"https:\\\/\\\/www.ilnotiziario.net\\\/wp\\\/prima-pagina\\\/covid-lombardia-scuole-10-gennaio\\\/#article\",\"isPartOf\":{\"@id\":\"https:\\\/\\\/www.ilnotiziario.net\\\/wp\\\/prima-pagina\\\/covid-lombardia-scuole-10-gennaio\\\/\"},\"author\":{\"name\":\"Simone Carcano\",\"@id\":\"https:\\\/\\\/www.ilnotiziario.net\\\/wp\\\/#\\\/schema\\\/person\\\/c218ad0865f96bfe2c1c2cfa719653f7\"},\"headline\":\"Covid in Lombardia, scuole aperte dal 10 gennaio (chiuse ad Albairate, Cisliano e Cassinetta)\",\"datePublished\":\"2022-01-08T17:50:38+00:00\",\"dateModified\":\"2022-01-08T17:52:30+00:00\",\"mainEntityOfPage\":{\"@id\":\"https:\\\/\\\/www.ilnotiziario.net\\\/wp\\\/prima-pagina\\\/covid-lombardia-scuole-10-gennaio\\\/\"},\"wordCount\":219,\"publisher\":{\"@id\":\"https:\\\/\\\/www.ilnotiziario.net\\\/wp\\\/#organization\"},\"image\":{\"@id\":\"https:\\\/\\\/www.ilnotiziario.net\\\/wp\\\/prima-pagina\\\/covid-lombardia-scuole-10-gennaio\\\/#primaryimage\"},\"thumbnailUrl\":\"https:\\\/\\\/www.ilnotiziario.net\\\/wp\\\/wp-content\\\/uploads\\\/2020\\\/08\\\/scuole-mascherine-scaled.jpg\",\"keywords\":[\"Lombardia\",\"Milano\",\"scuole\"],\"articleSection\":[\"Prima Pagina\"],\"inLanguage\":\"it-IT\"},{\"@type\":\"WebPage\",\"@id\":\"https:\\\/\\\/www.ilnotiziario.net\\\/wp\\\/prima-pagina\\\/covid-lombardia-scuole-10-gennaio\\\/\",\"url\":\"https:\\\/\\\/www.ilnotiziario.net\\\/wp\\\/prima-pagina\\\/covid-lombardia-scuole-10-gennaio\\\/\",\"name\":\"Covid in Lombardia, scuole aperte dal 10 gennaio (chiuse ad Albairate, Cisliano e Cassinetta)\",\"isPartOf\":{\"@id\":\"https:\\\/\\\/www.ilnotiziario.net\\\/wp\\\/#website\"},\"primaryImageOfPage\":{\"@id\":\"https:\\\/\\\/www.ilnotiziario.net\\\/wp\\\/prima-pagina\\\/covid-lombardia-scuole-10-gennaio\\\/#primaryimage\"},\"image\":{\"@id\":\"https:\\\/\\\/www.ilnotiziario.net\\\/wp\\\/prima-pagina\\\/covid-lombardia-scuole-10-gennaio\\\/#primaryimage\"},\"thumbnailUrl\":\"https:\\\/\\\/www.ilnotiziario.net\\\/wp\\\/wp-content\\\/uploads\\\/2020\\\/08\\\/scuole-mascherine-scaled.jpg\",\"datePublished\":\"2022-01-08T17:50:38+00:00\",\"dateModified\":\"2022-01-08T17:52:30+00:00\",\"description\":\"Scuole aperte in Lombardia da luned\u00ec 10 gennaio. In queste ore tanti genitori si stanno chiedendo se dalla prossima settimana riprenderanno le lezioni\",\"breadcrumb\":{\"@id\":\"https:\\\/\\\/www.ilnotiziario.net\\\/wp\\\/prima-pagina\\\/covid-lombardia-scuole-10-gennaio\\\/#breadcrumb\"},\"inLanguage\":\"it-IT\",\"potentialAction\":[{\"@type\":\"ReadAction\",\"target\":[\"https:\\\/\\\/www.ilnotiziario.net\\\/wp\\\/prima-pagina\\\/covid-lombardia-scuole-10-gennaio\\\/\"]}]},{\"@type\":\"ImageObject\",\"inLanguage\":\"it-IT\",\"@id\":\"https:\\\/\\\/www.ilnotiziario.net\\\/wp\\\/prima-pagina\\\/covid-lombardia-scuole-10-gennaio\\\/#primaryimage\",\"url\":\"https:\\\/\\\/www.ilnotiziario.net\\\/wp\\\/wp-content\\\/uploads\\\/2020\\\/08\\\/scuole-mascherine-scaled.jpg\",\"contentUrl\":\"https:\\\/\\\/www.ilnotiziario.net\\\/wp\\\/wp-content\\\/uploads\\\/2020\\\/08\\\/scuole-mascherine-scaled.jpg\",\"width\":2560,\"height\":1707,\"caption\":\"scuola covid\"},{\"@type\":\"BreadcrumbList\",\"@id\":\"https:\\\/\\\/www.ilnotiziario.net\\\/wp\\\/prima-pagina\\\/covid-lombardia-scuole-10-gennaio\\\/#breadcrumb\",\"itemListElement\":[{\"@type\":\"ListItem\",\"position\":1,\"name\":\"tds_text_logo_tagline_colortds_text_logo_tagline_colortds_text_logo_tagline_colortds_text_logo_tagline_colortd_module_7_title_excerpttd_module_7_title_excerpttd_module_7_title_excerpttd_module_7_title_excerptHome\",\"item\":\"https:\\\/\\\/www.ilnotiziario.net\\\/wp\\\/\"},{\"@type\":\"ListItem\",\"position\":2,\"name\":\"Covid in Lombardia, scuole aperte dal 10 gennaio (chiuse ad Albairate, Cisliano e Cassinetta)\"}]},{\"@type\":\"WebSite\",\"@id\":\"https:\\\/\\\/www.ilnotiziario.net\\\/wp\\\/#website\",\"url\":\"https:\\\/\\\/www.ilnotiziario.net\\\/wp\\\/\",\"name\":\"Il Notiziario\",\"description\":\"Per restare sempre connessi alla notizia\",\"publisher\":{\"@id\":\"https:\\\/\\\/www.ilnotiziario.net\\\/wp\\\/#organization\"},\"alternateName\":\"Il Notiziario Bollate\",\"potentialAction\":[{\"@type\":\"SearchAction\",\"target\":{\"@type\":\"EntryPoint\",\"urlTemplate\":\"https:\\\/\\\/www.ilnotiziario.net\\\/wp\\\/?s={search_term_string}\"},\"query-input\":{\"@type\":\"PropertyValueSpecification\",\"valueRequired\":true,\"valueName\":\"search_term_string\"}}],\"inLanguage\":\"it-IT\"},{\"@type\":\"Organization\",\"@id\":\"https:\\\/\\\/www.ilnotiziario.net\\\/wp\\\/#organization\",\"name\":\"Il Notiziario\",\"url\":\"https:\\\/\\\/www.ilnotiziario.net\\\/wp\\\/\",\"logo\":{\"@type\":\"ImageObject\",\"inLanguage\":\"it-IT\",\"@id\":\"https:\\\/\\\/www.ilnotiziario.net\\\/wp\\\/#\\\/schema\\\/logo\\\/image\\\/\",\"url\":\"https:\\\/\\\/www.ilnotiziario.net\\\/wp\\\/wp-content\\\/uploads\\\/2022\\\/06\\\/170x170ilN.png\",\"contentUrl\":\"https:\\\/\\\/www.ilnotiziario.net\\\/wp\\\/wp-content\\\/uploads\\\/2022\\\/06\\\/170x170ilN.png\",\"width\":355,\"height\":355,\"caption\":\"Il Notiziario\"},\"image\":{\"@id\":\"https:\\\/\\\/www.ilnotiziario.net\\\/wp\\\/#\\\/schema\\\/logo\\\/image\\\/\"},\"sameAs\":[\"https:\\\/\\\/www.facebook.com\\\/ilnotiziarioind\\\/\",\"https:\\\/\\\/x.com\\\/ilNotiziarioInd\",\"https:\\\/\\\/www.instagram.com\\\/ilnotiziario_settimanale\\\/\"]},{\"@type\":\"Person\",\"@id\":\"https:\\\/\\\/www.ilnotiziario.net\\\/wp\\\/#\\\/schema\\\/person\\\/c218ad0865f96bfe2c1c2cfa719653f7\",\"name\":\"Simone Carcano\",\"image\":{\"@type\":\"ImageObject\",\"inLanguage\":\"it-IT\",\"@id\":\"https:\\\/\\\/secure.gravatar.com\\\/avatar\\\/5e677023cff2c47e9f7a896b9157a46e18bd36e7c4d000a1726bb730be7d38bb?s=96&d=mm&r=g\",\"url\":\"https:\\\/\\\/secure.gravatar.com\\\/avatar\\\/5e677023cff2c47e9f7a896b9157a46e18bd36e7c4d000a1726bb730be7d38bb?s=96&d=mm&r=g\",\"contentUrl\":\"https:\\\/\\\/secure.gravatar.com\\\/avatar\\\/5e677023cff2c47e9f7a896b9157a46e18bd36e7c4d000a1726bb730be7d38bb?s=96&d=mm&r=g\",\"caption\":\"Simone Carcano\"},\"sameAs\":[\"http:\\\/\\\/www.ilnotiziario.net\",\"https:\\\/\\\/x.com\\\/@simone_carcano\"]}]}<\/script>\n<!-- \/ Yoast SEO plugin. -->","yoast_head_json":{"title":"Covid in Lombardia, scuole aperte dal 10 gennaio (chiuse ad Albairate, Cisliano e Cassinetta)","description":"Scuole aperte in Lombardia da luned\u00ec 10 gennaio. In queste ore tanti genitori si stanno chiedendo se dalla prossima settimana riprenderanno le lezioni","robots":{"index":"index","follow":"follow","max-snippet":"max-snippet:-1","max-image-preview":"max-image-preview:large","max-video-preview":"max-video-preview:-1"},"canonical":"https:\/\/www.ilnotiziario.net\/wp\/prima-pagina\/covid-lombardia-scuole-10-gennaio\/","og_locale":"it_IT","og_type":"article","og_title":"Covid in Lombardia, scuole aperte dal 10 gennaio (chiuse ad Albairate, Cisliano e Cassinetta)","og_description":"Scuole aperte in Lombardia da luned\u00ec 10 gennaio. In queste ore tanti genitori si stanno chiedendo se dalla prossima settimana riprenderanno le lezioni","og_url":"https:\/\/www.ilnotiziario.net\/wp\/prima-pagina\/covid-lombardia-scuole-10-gennaio\/","og_site_name":"Il Notiziario","article_publisher":"https:\/\/www.facebook.com\/ilnotiziarioind\/","article_published_time":"2022-01-08T17:50:38+00:00","article_modified_time":"2022-01-08T17:52:30+00:00","og_image":[{"width":2560,"height":1707,"url":"https:\/\/www.ilnotiziario.net\/wp\/wp-content\/uploads\/2020\/08\/scuole-mascherine-scaled.jpg","type":"image\/jpeg"}],"author":"Simone Carcano","twitter_card":"summary_large_image","twitter_creator":"@simone_carcano","twitter_site":"@ilNotiziarioInd","twitter_misc":{"Scritto da":"Simone Carcano","Tempo di lettura stimato":"2 minuti"},"schema":{"@context":"https:\/\/schema.org","@graph":[{"@type":"Article","@id":"https:\/\/www.ilnotiziario.net\/wp\/prima-pagina\/covid-lombardia-scuole-10-gennaio\/#article","isPartOf":{"@id":"https:\/\/www.ilnotiziario.net\/wp\/prima-pagina\/covid-lombardia-scuole-10-gennaio\/"},"author":{"name":"Simone Carcano","@id":"https:\/\/www.ilnotiziario.net\/wp\/#\/schema\/person\/c218ad0865f96bfe2c1c2cfa719653f7"},"headline":"Covid in Lombardia, scuole aperte dal 10 gennaio (chiuse ad Albairate, Cisliano e Cassinetta)","datePublished":"2022-01-08T17:50:38+00:00","dateModified":"2022-01-08T17:52:30+00:00","mainEntityOfPage":{"@id":"https:\/\/www.ilnotiziario.net\/wp\/prima-pagina\/covid-lombardia-scuole-10-gennaio\/"},"wordCount":219,"publisher":{"@id":"https:\/\/www.ilnotiziario.net\/wp\/#organization"},"image":{"@id":"https:\/\/www.ilnotiziario.net\/wp\/prima-pagina\/covid-lombardia-scuole-10-gennaio\/#primaryimage"},"thumbnailUrl":"https:\/\/www.ilnotiziario.net\/wp\/wp-content\/uploads\/2020\/08\/scuole-mascherine-scaled.jpg","keywords":["Lombardia","Milano","scuole"],"articleSection":["Prima Pagina"],"inLanguage":"it-IT"},{"@type":"WebPage","@id":"https:\/\/www.ilnotiziario.net\/wp\/prima-pagina\/covid-lombardia-scuole-10-gennaio\/","url":"https:\/\/www.ilnotiziario.net\/wp\/prima-pagina\/covid-lombardia-scuole-10-gennaio\/","name":"Covid in Lombardia, scuole aperte dal 10 gennaio (chiuse ad Albairate, Cisliano e Cassinetta)","isPartOf":{"@id":"https:\/\/www.ilnotiziario.net\/wp\/#website"},"primaryImageOfPage":{"@id":"https:\/\/www.ilnotiziario.net\/wp\/prima-pagina\/covid-lombardia-scuole-10-gennaio\/#primaryimage"},"image":{"@id":"https:\/\/www.ilnotiziario.net\/wp\/prima-pagina\/covid-lombardia-scuole-10-gennaio\/#primaryimage"},"thumbnailUrl":"https:\/\/www.ilnotiziario.net\/wp\/wp-content\/uploads\/2020\/08\/scuole-mascherine-scaled.jpg","datePublished":"2022-01-08T17:50:38+00:00","dateModified":"2022-01-08T17:52:30+00:00","description":"Scuole aperte in Lombardia da luned\u00ec 10 gennaio. In queste ore tanti genitori si stanno chiedendo se dalla prossima settimana riprenderanno le lezioni","breadcrumb":{"@id":"https:\/\/www.ilnotiziario.net\/wp\/prima-pagina\/covid-lombardia-scuole-10-gennaio\/#breadcrumb"},"inLanguage":"it-IT","potentialAction":[{"@type":"ReadAction","target":["https:\/\/www.ilnotiziario.net\/wp\/prima-pagina\/covid-lombardia-scuole-10-gennaio\/"]}]},{"@type":"ImageObject","inLanguage":"it-IT","@id":"https:\/\/www.ilnotiziario.net\/wp\/prima-pagina\/covid-lombardia-scuole-10-gennaio\/#primaryimage","url":"https:\/\/www.ilnotiziario.net\/wp\/wp-content\/uploads\/2020\/08\/scuole-mascherine-scaled.jpg","contentUrl":"https:\/\/www.ilnotiziario.net\/wp\/wp-content\/uploads\/2020\/08\/scuole-mascherine-scaled.jpg","width":2560,"height":1707,"caption":"scuola covid"},{"@type":"BreadcrumbList","@id":"https:\/\/www.ilnotiziario.net\/wp\/prima-pagina\/covid-lombardia-scuole-10-gennaio\/#breadcrumb","itemListElement":[{"@type":"ListItem","position":1,"name":"tds_text_logo_tagline_colortds_text_logo_tagline_colortds_text_logo_tagline_colortds_text_logo_tagline_colortd_module_7_title_excerpttd_module_7_title_excerpttd_module_7_title_excerpttd_module_7_title_excerptHome","item":"https:\/\/www.ilnotiziario.net\/wp\/"},{"@type":"ListItem","position":2,"name":"Covid in Lombardia, scuole aperte dal 10 gennaio (chiuse ad Albairate, Cisliano e Cassinetta)"}]},{"@type":"WebSite","@id":"https:\/\/www.ilnotiziario.net\/wp\/#website","url":"https:\/\/www.ilnotiziario.net\/wp\/","name":"Il Notiziario","description":"Per restare sempre connessi alla notizia","publisher":{"@id":"https:\/\/www.ilnotiziario.net\/wp\/#organization"},"alternateName":"Il Notiziario Bollate","potentialAction":[{"@type":"SearchAction","target":{"@type":"EntryPoint","urlTemplate":"https:\/\/www.ilnotiziario.net\/wp\/?s={search_term_string}"},"query-input":{"@type":"PropertyValueSpecification","valueRequired":true,"valueName":"search_term_string"}}],"inLanguage":"it-IT"},{"@type":"Organization","@id":"https:\/\/www.ilnotiziario.net\/wp\/#organization","name":"Il Notiziario","url":"https:\/\/www.ilnotiziario.net\/wp\/","logo":{"@type":"ImageObject","inLanguage":"it-IT","@id":"https:\/\/www.ilnotiziario.net\/wp\/#\/schema\/logo\/image\/","url":"https:\/\/www.ilnotiziario.net\/wp\/wp-content\/uploads\/2022\/06\/170x170ilN.png","contentUrl":"https:\/\/www.ilnotiziario.net\/wp\/wp-content\/uploads\/2022\/06\/170x170ilN.png","width":355,"height":355,"caption":"Il Notiziario"},"image":{"@id":"https:\/\/www.ilnotiziario.net\/wp\/#\/schema\/logo\/image\/"},"sameAs":["https:\/\/www.facebook.com\/ilnotiziarioind\/","https:\/\/x.com\/ilNotiziarioInd","https:\/\/www.instagram.com\/ilnotiziario_settimanale\/"]},{"@type":"Person","@id":"https:\/\/www.ilnotiziario.net\/wp\/#\/schema\/person\/c218ad0865f96bfe2c1c2cfa719653f7","name":"Simone Carcano","image":{"@type":"ImageObject","inLanguage":"it-IT","@id":"https:\/\/secure.gravatar.com\/avatar\/5e677023cff2c47e9f7a896b9157a46e18bd36e7c4d000a1726bb730be7d38bb?s=96&d=mm&r=g","url":"https:\/\/secure.gravatar.com\/avatar\/5e677023cff2c47e9f7a896b9157a46e18bd36e7c4d000a1726bb730be7d38bb?s=96&d=mm&r=g","contentUrl":"https:\/\/secure.gravatar.com\/avatar\/5e677023cff2c47e9f7a896b9157a46e18bd36e7c4d000a1726bb730be7d38bb?s=96&d=mm&r=g","caption":"Simone Carcano"},"sameAs":["http:\/\/www.ilnotiziario.net","https:\/\/x.com\/@simone_carcano"]}]}},"_links":{"self":[{"href":"https:\/\/www.ilnotiziario.net\/wp\/wp-json\/wp\/v2\/posts\/160616","targetHints":{"allow":["GET"]}}],"collection":[{"href":"https:\/\/www.ilnotiziario.net\/wp\/wp-json\/wp\/v2\/posts"}],"about":[{"href":"https:\/\/www.ilnotiziario.net\/wp\/wp-json\/wp\/v2\/types\/post"}],"author":[{"embeddable":true,"href":"https:\/\/www.ilnotiziario.net\/wp\/wp-json\/wp\/v2\/users\/7"}],"replies":[{"embeddable":true,"href":"https:\/\/www.ilnotiziario.net\/wp\/wp-json\/wp\/v2\/comments?post=160616"}],"version-history":[{"count":0,"href":"https:\/\/www.ilnotiziario.net\/wp\/wp-json\/wp\/v2\/posts\/160616\/revisions"}],"wp:featuredmedia":[{"embeddable":true,"href":"https:\/\/www.ilnotiziario.net\/wp\/wp-json\/wp\/v2\/media\/102938"}],"wp:attachment":[{"href":"https:\/\/www.ilnotiziario.net\/wp\/wp-json\/wp\/v2\/media?parent=160616"}],"wp:term":[{"taxonomy":"category","embeddable":true,"href":"https:\/\/www.ilnotiziario.net\/wp\/wp-json\/wp\/v2\/categories?post=160616"},{"taxonomy":"post_tag","embeddable":true,"href":"https:\/\/www.ilnotiziario.net\/wp\/wp-json\/wp\/v2\/tags?post=160616"}],"curies":[{"name":"wp","href":"https:\/\/api.w.org\/{rel}","templated":true}]}}