{"id":160783,"date":"2022-01-12T08:08:18","date_gmt":"2022-01-12T07:08:18","guid":{"rendered":"https:\/\/www.ilnotiziario.net\/wp\/?p=160783"},"modified":"2022-01-12T08:08:18","modified_gmt":"2022-01-12T07:08:18","slug":"bollate-primo-ok-alla-nuova-ferrari","status":"publish","type":"post","link":"https:\/\/www.ilnotiziario.net\/wp\/bollatese\/bollate-primo-ok-alla-nuova-ferrari\/","title":{"rendered":"Da Bollate il primo ok alla nuova Ferrari"},"content":{"rendered":"<p><img fetchpriority=\"high\" decoding=\"async\" class=\"size-full wp-image-160784 aligncenter\" src=\"https:\/\/www.ilnotiziario.net\/wp\/wp-content\/uploads\/2022\/01\/bollate.jpg\" alt=\"Bollate ok nuova Ferrari\" width=\"221\" height=\"230\">Arriva da Bollate il primo ok alla nuova Ferrari.<\/p><div id=\"ilnot-1787908597\" class=\"ilnot-contenuto ilnot-entity-placement\"><p><!-- incontent_1 --><\/p>\n<div class=\"gptslot\" data-adunitid=\"1\"><\/div>\n<\/div>\n<p>Il Campionato Mondiale di Formula 1 si \u00e8 concluso da poco con un rocambolesco finale che <strong>ha assegnato il titolo 2021 a Max Verstappen<\/strong> alla guida di una Red Bull ed ecco che gi\u00e0 si guarda alla stagione 2022.<\/p>\n<p>Una stagione in cui la Ferrari punta a ritornare pienamente tra le protagoniste e per questo si sta febbrilmente lavorando sulla nuova autovettura. Come ogni anno, il primo esame stagionale la nuova Ferrari lo fa a Bollate, per la precisione al Csi di viale Lombardia, dove vengono effettuati i crash test.<\/p><div id=\"ilnot-761077480\" class=\"ilnot-contenuto_2 ilnot-entity-placement\"><div class=\"ads-wrapper\">\n<div class=\"ad-slot\">\n   <div id=\"ilnot-2799044701\" style=\"margin-right: auto;margin-left: auto;text-align: center;width: 320px;height: 100px;\"><a href=\"https:\/\/www.scuolasicurezza.it\/\"><img decoding=\"async\" src=\"https:\/\/www.ilnotiziario.net\/wp\/wp-content\/uploads\/2026\/04\/IlNotiziario_banner-sito-e-newsletter-320-x-100-px-1.gif\" alt=\"\"><\/a><\/div>\n  <\/div>\n<div class=\"ad-slot\">\n   <div id=\"ilnot-3784000421\" style=\"margin-right: auto;margin-left: auto;text-align: center;width: 320px;height: 100px;\"><a href=\"https:\/\/purodesignarredamenti.com\/\"><img decoding=\"async\" src=\"https:\/\/www.ilnotiziario.net\/wp\/wp-content\/uploads\/2026\/04\/banner-puro-ok.gif\" alt=\"whatsapp\"><\/a><\/div><\/p><\/div>\n<\/div>\n<\/div>\n<p>Ebbene, nei giorni scorsi la Ferrari del 2022, che nasce dal \u201cprogetto 643\u201d, ha superato il primo esame in terra bollatese. Sono stati infatti effettuati i crash test sulla parte anteriore del telaio, che \u00e8 stata ridisegnata ex novo, e sono stati superati.<\/p>\n<p>Prima che la nuova Ferrari possa scendere in pista <strong>dovr\u00e0 tornare ancora a Bollate per compiere altri test<\/strong>, ma questo primo via libera \u00e8 importante per poter procedere sulla giusta strada.<\/p>\n<p>Non sar\u00e0 facile, sia chiaro, per le rosse di Maranello tornare a primeggiare nel 2022, anche perch\u00e9 si dovr\u00e0 fare i conti con le nuove regole della Formula 1, ma quantomeno il primo passo \u00e8 stato effettuato nella giusta direzione.<\/p><div id=\"ilnot-707477874\" class=\"ilnot-contenuto_2-2 ilnot-entity-placement\"><div class=\"gptslot\" data-adunitid=\"2\"><\/div>\n<\/div>\n<p><strong>La presentazione ufficiale della nuova Ferrari avverr\u00e0 a met\u00e0 febbraio,<\/strong> un paio di settimane prima dell\u2019inizio del Mondiale col Gran Premio di Spagna sul tracciato di Montmel\u00f2, ma il direttore sportivo Mattia Binotto, in una dichiarazione rilasciata al Corriere dello Sport, frena gli entusiasmi: \u201cMercedes e Red Bull hanno metodi, simulazioni e strumenti che li hanno portati a sviluppare le monoposto che tutti abbiamo visto \u2013 ha detto \u2013 Sarebbe dunque presuntuoso da parte nostra affermare che li batteremo. Il nostro approccio deve essere quello di chi vuole giocarsela\u201d.<\/p>\n<p>E sarebbe comunque gi\u00e0 un buon inizio.<\/p>\n","protected":false},"excerpt":{"rendered":"<p>Arriva da Bollate il primo ok alla nuova Ferrari. Il Campionato Mondiale di Formula 1 si \u00e8 concluso da poco con un rocambolesco finale che ha assegnato il titolo 2021 a Max Verstappen alla guida di una Red Bull ed ecco che gi\u00e0 si guarda alla stagione 2022. Una stagione in cui la Ferrari punta<\/p>\n","protected":false},"author":14,"featured_media":160784,"comment_status":"closed","ping_status":"closed","sticky":false,"template":"","format":"standard","meta":{"footnotes":""},"categories":[8,11,20],"tags":[110,9713,812,145],"class_list":{"0":"post-160783","1":"post","2":"type-post","3":"status-publish","4":"format-standard","5":"has-post-thumbnail","7":"category-bollatese","8":"category-nord-milano","9":"category-prima-pagina","10":"tag-bollate","11":"tag-csi","12":"tag-csi-spa","13":"tag-ferrari"},"yoast_head":"<!-- This site is optimized with the Yoast SEO plugin v27.4 - https:\/\/yoast.com\/product\/yoast-seo-wordpress\/ -->\n<title>Da Bollate il primo ok alla nuova Ferrari - Il Notiziario<\/title>\n<meta name=\"description\" content=\"Arriva da Bollate il primo ok alla nuova Ferrari. Il Campionato Mondiale di Formula 1 si \u00e8 concluso da poco con un rocambolesco finale che ha assegnato il\" \/>\n<meta name=\"robots\" content=\"index, follow, max-snippet:-1, max-image-preview:large, max-video-preview:-1\" \/>\n<link rel=\"canonical\" href=\"https:\/\/www.ilnotiziario.net\/wp\/bollatese\/bollate-primo-ok-alla-nuova-ferrari\/\" \/>\n<meta property=\"og:locale\" content=\"it_IT\" \/>\n<meta property=\"og:type\" content=\"article\" \/>\n<meta property=\"og:title\" content=\"Da Bollate il primo ok alla nuova Ferrari - Il Notiziario\" \/>\n<meta property=\"og:description\" content=\"Arriva da Bollate il primo ok alla nuova Ferrari. Il Campionato Mondiale di Formula 1 si \u00e8 concluso da poco con un rocambolesco finale che ha assegnato il\" \/>\n<meta property=\"og:url\" content=\"https:\/\/www.ilnotiziario.net\/wp\/bollatese\/bollate-primo-ok-alla-nuova-ferrari\/\" \/>\n<meta property=\"og:site_name\" content=\"Il Notiziario\" \/>\n<meta property=\"article:publisher\" content=\"https:\/\/www.facebook.com\/ilnotiziarioind\/\" \/>\n<meta property=\"article:published_time\" content=\"2022-01-12T07:08:18+00:00\" \/>\n<meta property=\"og:image\" content=\"https:\/\/www.ilnotiziario.net\/wp\/wp-content\/uploads\/2022\/01\/bollate.jpg\" \/>\n\t<meta property=\"og:image:width\" content=\"221\" \/>\n\t<meta property=\"og:image:height\" content=\"230\" \/>\n\t<meta property=\"og:image:type\" content=\"image\/jpeg\" \/>\n<meta name=\"author\" content=\"Silvia Citterio\" \/>\n<meta name=\"twitter:card\" content=\"summary_large_image\" \/>\n<meta name=\"twitter:creator\" content=\"@ilNotiziarioInd\" \/>\n<meta name=\"twitter:site\" content=\"@ilNotiziarioInd\" \/>\n<meta name=\"twitter:label1\" content=\"Scritto da\" \/>\n\t<meta name=\"twitter:data1\" content=\"Silvia Citterio\" \/>\n\t<meta name=\"twitter:label2\" content=\"Tempo di lettura stimato\" \/>\n\t<meta name=\"twitter:data2\" content=\"2 minuti\" \/>\n<script type=\"application\/ld+json\" class=\"yoast-schema-graph\">{\"@context\":\"https:\\\/\\\/schema.org\",\"@graph\":[{\"@type\":\"Article\",\"@id\":\"https:\\\/\\\/www.ilnotiziario.net\\\/wp\\\/bollatese\\\/bollate-primo-ok-alla-nuova-ferrari\\\/#article\",\"isPartOf\":{\"@id\":\"https:\\\/\\\/www.ilnotiziario.net\\\/wp\\\/bollatese\\\/bollate-primo-ok-alla-nuova-ferrari\\\/\"},\"author\":{\"name\":\"Silvia Citterio\",\"@id\":\"https:\\\/\\\/www.ilnotiziario.net\\\/wp\\\/#\\\/schema\\\/person\\\/c5bca2edc3d99d29959f04a6126f687b\"},\"headline\":\"Da Bollate il primo ok alla nuova Ferrari\",\"datePublished\":\"2022-01-12T07:08:18+00:00\",\"mainEntityOfPage\":{\"@id\":\"https:\\\/\\\/www.ilnotiziario.net\\\/wp\\\/bollatese\\\/bollate-primo-ok-alla-nuova-ferrari\\\/\"},\"wordCount\":305,\"publisher\":{\"@id\":\"https:\\\/\\\/www.ilnotiziario.net\\\/wp\\\/#organization\"},\"image\":{\"@id\":\"https:\\\/\\\/www.ilnotiziario.net\\\/wp\\\/bollatese\\\/bollate-primo-ok-alla-nuova-ferrari\\\/#primaryimage\"},\"thumbnailUrl\":\"https:\\\/\\\/www.ilnotiziario.net\\\/wp\\\/wp-content\\\/uploads\\\/2022\\\/01\\\/bollate.jpg\",\"keywords\":[\"Bollate\",\"csi\",\"Csi spa\",\"Ferrari\"],\"articleSection\":[\"BOLLATESE\",\"NORD MILANO\",\"Prima Pagina\"],\"inLanguage\":\"it-IT\"},{\"@type\":\"WebPage\",\"@id\":\"https:\\\/\\\/www.ilnotiziario.net\\\/wp\\\/bollatese\\\/bollate-primo-ok-alla-nuova-ferrari\\\/\",\"url\":\"https:\\\/\\\/www.ilnotiziario.net\\\/wp\\\/bollatese\\\/bollate-primo-ok-alla-nuova-ferrari\\\/\",\"name\":\"Da Bollate il primo ok alla nuova Ferrari - Il Notiziario\",\"isPartOf\":{\"@id\":\"https:\\\/\\\/www.ilnotiziario.net\\\/wp\\\/#website\"},\"primaryImageOfPage\":{\"@id\":\"https:\\\/\\\/www.ilnotiziario.net\\\/wp\\\/bollatese\\\/bollate-primo-ok-alla-nuova-ferrari\\\/#primaryimage\"},\"image\":{\"@id\":\"https:\\\/\\\/www.ilnotiziario.net\\\/wp\\\/bollatese\\\/bollate-primo-ok-alla-nuova-ferrari\\\/#primaryimage\"},\"thumbnailUrl\":\"https:\\\/\\\/www.ilnotiziario.net\\\/wp\\\/wp-content\\\/uploads\\\/2022\\\/01\\\/bollate.jpg\",\"datePublished\":\"2022-01-12T07:08:18+00:00\",\"description\":\"Arriva da Bollate il primo ok alla nuova Ferrari. Il Campionato Mondiale di Formula 1 si \u00e8 concluso da poco con un rocambolesco finale che ha assegnato il\",\"breadcrumb\":{\"@id\":\"https:\\\/\\\/www.ilnotiziario.net\\\/wp\\\/bollatese\\\/bollate-primo-ok-alla-nuova-ferrari\\\/#breadcrumb\"},\"inLanguage\":\"it-IT\",\"potentialAction\":[{\"@type\":\"ReadAction\",\"target\":[\"https:\\\/\\\/www.ilnotiziario.net\\\/wp\\\/bollatese\\\/bollate-primo-ok-alla-nuova-ferrari\\\/\"]}]},{\"@type\":\"ImageObject\",\"inLanguage\":\"it-IT\",\"@id\":\"https:\\\/\\\/www.ilnotiziario.net\\\/wp\\\/bollatese\\\/bollate-primo-ok-alla-nuova-ferrari\\\/#primaryimage\",\"url\":\"https:\\\/\\\/www.ilnotiziario.net\\\/wp\\\/wp-content\\\/uploads\\\/2022\\\/01\\\/bollate.jpg\",\"contentUrl\":\"https:\\\/\\\/www.ilnotiziario.net\\\/wp\\\/wp-content\\\/uploads\\\/2022\\\/01\\\/bollate.jpg\",\"width\":221,\"height\":230,\"caption\":\"Bollate ok nuova Ferrari\"},{\"@type\":\"BreadcrumbList\",\"@id\":\"https:\\\/\\\/www.ilnotiziario.net\\\/wp\\\/bollatese\\\/bollate-primo-ok-alla-nuova-ferrari\\\/#breadcrumb\",\"itemListElement\":[{\"@type\":\"ListItem\",\"position\":1,\"name\":\"tds_text_logo_tagline_colortds_text_logo_tagline_colortds_text_logo_tagline_colortds_text_logo_tagline_colortd_module_7_title_excerpttd_module_7_title_excerpttd_module_7_title_excerpttd_module_7_title_excerptHome\",\"item\":\"https:\\\/\\\/www.ilnotiziario.net\\\/wp\\\/\"},{\"@type\":\"ListItem\",\"position\":2,\"name\":\"Da Bollate il primo ok alla nuova Ferrari\"}]},{\"@type\":\"WebSite\",\"@id\":\"https:\\\/\\\/www.ilnotiziario.net\\\/wp\\\/#website\",\"url\":\"https:\\\/\\\/www.ilnotiziario.net\\\/wp\\\/\",\"name\":\"Il Notiziario\",\"description\":\"Per restare sempre connessi alla notizia\",\"publisher\":{\"@id\":\"https:\\\/\\\/www.ilnotiziario.net\\\/wp\\\/#organization\"},\"alternateName\":\"Il Notiziario Bollate\",\"potentialAction\":[{\"@type\":\"SearchAction\",\"target\":{\"@type\":\"EntryPoint\",\"urlTemplate\":\"https:\\\/\\\/www.ilnotiziario.net\\\/wp\\\/?s={search_term_string}\"},\"query-input\":{\"@type\":\"PropertyValueSpecification\",\"valueRequired\":true,\"valueName\":\"search_term_string\"}}],\"inLanguage\":\"it-IT\"},{\"@type\":\"Organization\",\"@id\":\"https:\\\/\\\/www.ilnotiziario.net\\\/wp\\\/#organization\",\"name\":\"Il Notiziario\",\"url\":\"https:\\\/\\\/www.ilnotiziario.net\\\/wp\\\/\",\"logo\":{\"@type\":\"ImageObject\",\"inLanguage\":\"it-IT\",\"@id\":\"https:\\\/\\\/www.ilnotiziario.net\\\/wp\\\/#\\\/schema\\\/logo\\\/image\\\/\",\"url\":\"https:\\\/\\\/www.ilnotiziario.net\\\/wp\\\/wp-content\\\/uploads\\\/2022\\\/06\\\/170x170ilN.png\",\"contentUrl\":\"https:\\\/\\\/www.ilnotiziario.net\\\/wp\\\/wp-content\\\/uploads\\\/2022\\\/06\\\/170x170ilN.png\",\"width\":355,\"height\":355,\"caption\":\"Il Notiziario\"},\"image\":{\"@id\":\"https:\\\/\\\/www.ilnotiziario.net\\\/wp\\\/#\\\/schema\\\/logo\\\/image\\\/\"},\"sameAs\":[\"https:\\\/\\\/www.facebook.com\\\/ilnotiziarioind\\\/\",\"https:\\\/\\\/x.com\\\/ilNotiziarioInd\",\"https:\\\/\\\/www.instagram.com\\\/ilnotiziario_settimanale\\\/\"]},{\"@type\":\"Person\",\"@id\":\"https:\\\/\\\/www.ilnotiziario.net\\\/wp\\\/#\\\/schema\\\/person\\\/c5bca2edc3d99d29959f04a6126f687b\",\"name\":\"Silvia Citterio\",\"image\":{\"@type\":\"ImageObject\",\"inLanguage\":\"it-IT\",\"@id\":\"https:\\\/\\\/secure.gravatar.com\\\/avatar\\\/03eb19c63b944e79a9b5ce53ca5d1ca303edcf368a68721ec3ccaae7f98c5afd?s=96&d=mm&r=g\",\"url\":\"https:\\\/\\\/secure.gravatar.com\\\/avatar\\\/03eb19c63b944e79a9b5ce53ca5d1ca303edcf368a68721ec3ccaae7f98c5afd?s=96&d=mm&r=g\",\"contentUrl\":\"https:\\\/\\\/secure.gravatar.com\\\/avatar\\\/03eb19c63b944e79a9b5ce53ca5d1ca303edcf368a68721ec3ccaae7f98c5afd?s=96&d=mm&r=g\",\"caption\":\"Silvia Citterio\"}}]}<\/script>\n<!-- \/ Yoast SEO plugin. -->","yoast_head_json":{"title":"Da Bollate il primo ok alla nuova Ferrari - Il Notiziario","description":"Arriva da Bollate il primo ok alla nuova Ferrari. Il Campionato Mondiale di Formula 1 si \u00e8 concluso da poco con un rocambolesco finale che ha assegnato il","robots":{"index":"index","follow":"follow","max-snippet":"max-snippet:-1","max-image-preview":"max-image-preview:large","max-video-preview":"max-video-preview:-1"},"canonical":"https:\/\/www.ilnotiziario.net\/wp\/bollatese\/bollate-primo-ok-alla-nuova-ferrari\/","og_locale":"it_IT","og_type":"article","og_title":"Da Bollate il primo ok alla nuova Ferrari - Il Notiziario","og_description":"Arriva da Bollate il primo ok alla nuova Ferrari. Il Campionato Mondiale di Formula 1 si \u00e8 concluso da poco con un rocambolesco finale che ha assegnato il","og_url":"https:\/\/www.ilnotiziario.net\/wp\/bollatese\/bollate-primo-ok-alla-nuova-ferrari\/","og_site_name":"Il Notiziario","article_publisher":"https:\/\/www.facebook.com\/ilnotiziarioind\/","article_published_time":"2022-01-12T07:08:18+00:00","og_image":[{"width":221,"height":230,"url":"https:\/\/www.ilnotiziario.net\/wp\/wp-content\/uploads\/2022\/01\/bollate.jpg","type":"image\/jpeg"}],"author":"Silvia Citterio","twitter_card":"summary_large_image","twitter_creator":"@ilNotiziarioInd","twitter_site":"@ilNotiziarioInd","twitter_misc":{"Scritto da":"Silvia Citterio","Tempo di lettura stimato":"2 minuti"},"schema":{"@context":"https:\/\/schema.org","@graph":[{"@type":"Article","@id":"https:\/\/www.ilnotiziario.net\/wp\/bollatese\/bollate-primo-ok-alla-nuova-ferrari\/#article","isPartOf":{"@id":"https:\/\/www.ilnotiziario.net\/wp\/bollatese\/bollate-primo-ok-alla-nuova-ferrari\/"},"author":{"name":"Silvia Citterio","@id":"https:\/\/www.ilnotiziario.net\/wp\/#\/schema\/person\/c5bca2edc3d99d29959f04a6126f687b"},"headline":"Da Bollate il primo ok alla nuova Ferrari","datePublished":"2022-01-12T07:08:18+00:00","mainEntityOfPage":{"@id":"https:\/\/www.ilnotiziario.net\/wp\/bollatese\/bollate-primo-ok-alla-nuova-ferrari\/"},"wordCount":305,"publisher":{"@id":"https:\/\/www.ilnotiziario.net\/wp\/#organization"},"image":{"@id":"https:\/\/www.ilnotiziario.net\/wp\/bollatese\/bollate-primo-ok-alla-nuova-ferrari\/#primaryimage"},"thumbnailUrl":"https:\/\/www.ilnotiziario.net\/wp\/wp-content\/uploads\/2022\/01\/bollate.jpg","keywords":["Bollate","csi","Csi spa","Ferrari"],"articleSection":["BOLLATESE","NORD MILANO","Prima Pagina"],"inLanguage":"it-IT"},{"@type":"WebPage","@id":"https:\/\/www.ilnotiziario.net\/wp\/bollatese\/bollate-primo-ok-alla-nuova-ferrari\/","url":"https:\/\/www.ilnotiziario.net\/wp\/bollatese\/bollate-primo-ok-alla-nuova-ferrari\/","name":"Da Bollate il primo ok alla nuova Ferrari - Il Notiziario","isPartOf":{"@id":"https:\/\/www.ilnotiziario.net\/wp\/#website"},"primaryImageOfPage":{"@id":"https:\/\/www.ilnotiziario.net\/wp\/bollatese\/bollate-primo-ok-alla-nuova-ferrari\/#primaryimage"},"image":{"@id":"https:\/\/www.ilnotiziario.net\/wp\/bollatese\/bollate-primo-ok-alla-nuova-ferrari\/#primaryimage"},"thumbnailUrl":"https:\/\/www.ilnotiziario.net\/wp\/wp-content\/uploads\/2022\/01\/bollate.jpg","datePublished":"2022-01-12T07:08:18+00:00","description":"Arriva da Bollate il primo ok alla nuova Ferrari. Il Campionato Mondiale di Formula 1 si \u00e8 concluso da poco con un rocambolesco finale che ha assegnato il","breadcrumb":{"@id":"https:\/\/www.ilnotiziario.net\/wp\/bollatese\/bollate-primo-ok-alla-nuova-ferrari\/#breadcrumb"},"inLanguage":"it-IT","potentialAction":[{"@type":"ReadAction","target":["https:\/\/www.ilnotiziario.net\/wp\/bollatese\/bollate-primo-ok-alla-nuova-ferrari\/"]}]},{"@type":"ImageObject","inLanguage":"it-IT","@id":"https:\/\/www.ilnotiziario.net\/wp\/bollatese\/bollate-primo-ok-alla-nuova-ferrari\/#primaryimage","url":"https:\/\/www.ilnotiziario.net\/wp\/wp-content\/uploads\/2022\/01\/bollate.jpg","contentUrl":"https:\/\/www.ilnotiziario.net\/wp\/wp-content\/uploads\/2022\/01\/bollate.jpg","width":221,"height":230,"caption":"Bollate ok nuova Ferrari"},{"@type":"BreadcrumbList","@id":"https:\/\/www.ilnotiziario.net\/wp\/bollatese\/bollate-primo-ok-alla-nuova-ferrari\/#breadcrumb","itemListElement":[{"@type":"ListItem","position":1,"name":"tds_text_logo_tagline_colortds_text_logo_tagline_colortds_text_logo_tagline_colortds_text_logo_tagline_colortd_module_7_title_excerpttd_module_7_title_excerpttd_module_7_title_excerpttd_module_7_title_excerptHome","item":"https:\/\/www.ilnotiziario.net\/wp\/"},{"@type":"ListItem","position":2,"name":"Da Bollate il primo ok alla nuova Ferrari"}]},{"@type":"WebSite","@id":"https:\/\/www.ilnotiziario.net\/wp\/#website","url":"https:\/\/www.ilnotiziario.net\/wp\/","name":"Il Notiziario","description":"Per restare sempre connessi alla notizia","publisher":{"@id":"https:\/\/www.ilnotiziario.net\/wp\/#organization"},"alternateName":"Il Notiziario Bollate","potentialAction":[{"@type":"SearchAction","target":{"@type":"EntryPoint","urlTemplate":"https:\/\/www.ilnotiziario.net\/wp\/?s={search_term_string}"},"query-input":{"@type":"PropertyValueSpecification","valueRequired":true,"valueName":"search_term_string"}}],"inLanguage":"it-IT"},{"@type":"Organization","@id":"https:\/\/www.ilnotiziario.net\/wp\/#organization","name":"Il Notiziario","url":"https:\/\/www.ilnotiziario.net\/wp\/","logo":{"@type":"ImageObject","inLanguage":"it-IT","@id":"https:\/\/www.ilnotiziario.net\/wp\/#\/schema\/logo\/image\/","url":"https:\/\/www.ilnotiziario.net\/wp\/wp-content\/uploads\/2022\/06\/170x170ilN.png","contentUrl":"https:\/\/www.ilnotiziario.net\/wp\/wp-content\/uploads\/2022\/06\/170x170ilN.png","width":355,"height":355,"caption":"Il Notiziario"},"image":{"@id":"https:\/\/www.ilnotiziario.net\/wp\/#\/schema\/logo\/image\/"},"sameAs":["https:\/\/www.facebook.com\/ilnotiziarioind\/","https:\/\/x.com\/ilNotiziarioInd","https:\/\/www.instagram.com\/ilnotiziario_settimanale\/"]},{"@type":"Person","@id":"https:\/\/www.ilnotiziario.net\/wp\/#\/schema\/person\/c5bca2edc3d99d29959f04a6126f687b","name":"Silvia Citterio","image":{"@type":"ImageObject","inLanguage":"it-IT","@id":"https:\/\/secure.gravatar.com\/avatar\/03eb19c63b944e79a9b5ce53ca5d1ca303edcf368a68721ec3ccaae7f98c5afd?s=96&d=mm&r=g","url":"https:\/\/secure.gravatar.com\/avatar\/03eb19c63b944e79a9b5ce53ca5d1ca303edcf368a68721ec3ccaae7f98c5afd?s=96&d=mm&r=g","contentUrl":"https:\/\/secure.gravatar.com\/avatar\/03eb19c63b944e79a9b5ce53ca5d1ca303edcf368a68721ec3ccaae7f98c5afd?s=96&d=mm&r=g","caption":"Silvia Citterio"}}]}},"_links":{"self":[{"href":"https:\/\/www.ilnotiziario.net\/wp\/wp-json\/wp\/v2\/posts\/160783","targetHints":{"allow":["GET"]}}],"collection":[{"href":"https:\/\/www.ilnotiziario.net\/wp\/wp-json\/wp\/v2\/posts"}],"about":[{"href":"https:\/\/www.ilnotiziario.net\/wp\/wp-json\/wp\/v2\/types\/post"}],"author":[{"embeddable":true,"href":"https:\/\/www.ilnotiziario.net\/wp\/wp-json\/wp\/v2\/users\/14"}],"replies":[{"embeddable":true,"href":"https:\/\/www.ilnotiziario.net\/wp\/wp-json\/wp\/v2\/comments?post=160783"}],"version-history":[{"count":0,"href":"https:\/\/www.ilnotiziario.net\/wp\/wp-json\/wp\/v2\/posts\/160783\/revisions"}],"wp:featuredmedia":[{"embeddable":true,"href":"https:\/\/www.ilnotiziario.net\/wp\/wp-json\/wp\/v2\/media\/160784"}],"wp:attachment":[{"href":"https:\/\/www.ilnotiziario.net\/wp\/wp-json\/wp\/v2\/media?parent=160783"}],"wp:term":[{"taxonomy":"category","embeddable":true,"href":"https:\/\/www.ilnotiziario.net\/wp\/wp-json\/wp\/v2\/categories?post=160783"},{"taxonomy":"post_tag","embeddable":true,"href":"https:\/\/www.ilnotiziario.net\/wp\/wp-json\/wp\/v2\/tags?post=160783"}],"curies":[{"name":"wp","href":"https:\/\/api.w.org\/{rel}","templated":true}]}}