{"id":160855,"date":"2022-01-13T16:13:23","date_gmt":"2022-01-13T15:13:23","guid":{"rendered":"https:\/\/www.ilnotiziario.net\/wp\/?p=160855"},"modified":"2022-01-13T16:13:23","modified_gmt":"2022-01-13T15:13:23","slug":"green-pass-obbligatorio-reddito-di-cittadinanza-supermercato","status":"publish","type":"post","link":"https:\/\/www.ilnotiziario.net\/wp\/prima-pagina\/green-pass-obbligatorio-reddito-di-cittadinanza-supermercato\/","title":{"rendered":"Green pass: dal 1 febbraio obbligatorio per il reddito di cittadinanza, ma non al supermercato e farmacia"},"content":{"rendered":"<p><img decoding=\"async\" class=\"size-medium wp-image-158793 alignleft\" src=\"https:\/\/www.ilnotiziario.net\/wp\/wp-content\/uploads\/2021\/11\/Green-Pass-Funzione-Pubblica-300x166.jpg\" alt=\"green pass\" width=\"300\" height=\"166\" srcset=\"https:\/\/www.ilnotiziario.net\/wp\/wp-content\/uploads\/2021\/11\/Green-Pass-Funzione-Pubblica-300x166.jpg 300w, https:\/\/www.ilnotiziario.net\/wp\/wp-content\/uploads\/2021\/11\/Green-Pass-Funzione-Pubblica.jpg 673w\" sizes=\"(max-width: 300px) 100vw, 300px\" \/>Il Green Pass sar\u00e0 obbligatorio dal 1 febbraio per ricevere il reddito di cittadinanza, ma non per andare al supermercato, in farmacia o dal dentista (ma solo per le emergenze). E&#8217; quanto trapela dalla bozza del decreto al vaglio del presidente del consiglio.&nbsp;<\/p><div id=\"ilnot-3740455145\" class=\"ilnot-contenuto ilnot-entity-placement\"><p><!-- incontent_1 --><\/p>\n<div class=\"gptslot\" data-adunitid=\"1\"><\/div>\n<\/div>\n<p>Dal 1 febbraio sar\u00e0 esteso l&#8217;obbligo di certificazione verde (e quindi di vaccinazione), ma sembra avr\u00e0 eccezioni. Non sar\u00e0 necessario per la spesa al supermercato, per andare in farmacia, in ospedale o presso l\u2019ambulatorio del medico di base e dal veterinario. Non sar\u00e0 richiesto nemmeno durate il deposito di una denuncia se si \u00e8 vittime di un reato o per esigenze urgenti di tutela dei minori.<\/p>\n<p>Intanto per\u00f2 servir\u00e0 il Green pass anche per il reddito di cittadinanza che interessa oltre un milione di nuclei familiari in tutta Italia. L\u2019obbligo di certificato per ricevere il sussidio ha combinato due norme: la legge di Bilancio ha introdotto la decadenza del reddito di cittadinanza se non ci si presenta ai centri per l\u2019impiego per i colloqui lavorativi, nel decreto legge del 7 gennaio si dispone l\u2019obbligo di Green Pass base per entrare negli uffici pubblici. E quindi se non si pu\u00f2 andare nei centri per l\u2019impiego a causa dell\u2019assenza di Green pass, ecco che scatta la decadenza.&nbsp;<\/p><div id=\"ilnot-2240821076\" class=\"ilnot-contenuto_2 ilnot-entity-placement\"><div class=\"ads-wrapper\">\n<div class=\"ad-slot\">\n   <div id=\"ilnot-3204794053\" style=\"margin-right: auto;margin-left: auto;text-align: center;width: 320px;height: 100px;\"><a href=\"https:\/\/www.scuolasicurezza.it\/\"><img decoding=\"async\" src=\"https:\/\/www.ilnotiziario.net\/wp\/wp-content\/uploads\/2026\/04\/IlNotiziario_banner-sito-e-newsletter-320-x-100-px-1.gif\" alt=\"\"><\/a><\/div>\n  <\/div>\n<div class=\"ad-slot\">\n   <div id=\"ilnot-4132636629\" style=\"margin-right: auto;margin-left: auto;text-align: center;width: 320px;height: 100px;\"><a href=\"https:\/\/purodesignarredamenti.com\/\"><img decoding=\"async\" src=\"https:\/\/www.ilnotiziario.net\/wp\/wp-content\/uploads\/2026\/04\/banner-puro-ok.gif\" alt=\"whatsapp\"><\/a><\/div><\/p><\/div>\n<\/div>\n<\/div>\n","protected":false},"excerpt":{"rendered":"<p>Il Green Pass sar\u00e0 obbligatorio dal 1 febbraio per ricevere il reddito di cittadinanza, ma non per andare al supermercato, in farmacia o dal dentista (ma solo per le emergenze). E&#8217; quanto trapela dalla bozza del decreto al vaglio del presidente del consiglio.&nbsp; Dal 1 febbraio sar\u00e0 esteso l&#8217;obbligo di certificazione verde (e quindi di<\/p>\n","protected":false},"author":7,"featured_media":158793,"comment_status":"closed","ping_status":"closed","sticky":false,"template":"","format":"standard","meta":{"footnotes":""},"categories":[20],"tags":[9682,8740,1795],"class_list":{"0":"post-160855","1":"post","2":"type-post","3":"status-publish","4":"format-standard","5":"has-post-thumbnail","7":"category-prima-pagina","8":"tag-1-febbraio","9":"tag-green-pass","10":"tag-obbligatorio"},"yoast_head":"<!-- This site is optimized with the Yoast SEO plugin v27.4 - https:\/\/yoast.com\/product\/yoast-seo-wordpress\/ -->\n<title>Green pass: dal 1 febbraio obbligatorio per il reddito di cittadinanza, ma non al supermercato e farmacia<\/title>\n<meta name=\"description\" content=\"Il Green Pass sar\u00e0 obbligatorio dal 1 febbraio per ricevere il reddito di cittadinanza, ma non per andare al supermercato, in farmacia o dal dentista (ma\" \/>\n<meta name=\"robots\" content=\"index, follow, max-snippet:-1, max-image-preview:large, max-video-preview:-1\" \/>\n<link rel=\"canonical\" href=\"https:\/\/www.ilnotiziario.net\/wp\/prima-pagina\/green-pass-obbligatorio-reddito-di-cittadinanza-supermercato\/\" \/>\n<meta property=\"og:locale\" content=\"it_IT\" \/>\n<meta property=\"og:type\" content=\"article\" \/>\n<meta property=\"og:title\" content=\"Green pass: dal 1 febbraio obbligatorio per il reddito di cittadinanza, ma non al supermercato e farmacia\" \/>\n<meta property=\"og:description\" content=\"Il Green Pass sar\u00e0 obbligatorio dal 1 febbraio per ricevere il reddito di cittadinanza, ma non per andare al supermercato, in farmacia o dal dentista (ma\" \/>\n<meta property=\"og:url\" content=\"https:\/\/www.ilnotiziario.net\/wp\/prima-pagina\/green-pass-obbligatorio-reddito-di-cittadinanza-supermercato\/\" \/>\n<meta property=\"og:site_name\" content=\"Il Notiziario\" \/>\n<meta property=\"article:publisher\" content=\"https:\/\/www.facebook.com\/ilnotiziarioind\/\" \/>\n<meta property=\"article:published_time\" content=\"2022-01-13T15:13:23+00:00\" \/>\n<meta property=\"og:image\" content=\"https:\/\/www.ilnotiziario.net\/wp\/wp-content\/uploads\/2021\/11\/Green-Pass-Funzione-Pubblica.jpg\" \/>\n\t<meta property=\"og:image:width\" content=\"673\" \/>\n\t<meta property=\"og:image:height\" content=\"372\" \/>\n\t<meta property=\"og:image:type\" content=\"image\/jpeg\" \/>\n<meta name=\"author\" content=\"Simone Carcano\" \/>\n<meta name=\"twitter:card\" content=\"summary_large_image\" \/>\n<meta name=\"twitter:creator\" content=\"@simone_carcano\" \/>\n<meta name=\"twitter:site\" content=\"@ilNotiziarioInd\" \/>\n<meta name=\"twitter:label1\" content=\"Scritto da\" \/>\n\t<meta name=\"twitter:data1\" content=\"Simone Carcano\" \/>\n\t<meta name=\"twitter:label2\" content=\"Tempo di lettura stimato\" \/>\n\t<meta name=\"twitter:data2\" content=\"2 minuti\" \/>\n<script type=\"application\/ld+json\" class=\"yoast-schema-graph\">{\"@context\":\"https:\\\/\\\/schema.org\",\"@graph\":[{\"@type\":\"Article\",\"@id\":\"https:\\\/\\\/www.ilnotiziario.net\\\/wp\\\/prima-pagina\\\/green-pass-obbligatorio-reddito-di-cittadinanza-supermercato\\\/#article\",\"isPartOf\":{\"@id\":\"https:\\\/\\\/www.ilnotiziario.net\\\/wp\\\/prima-pagina\\\/green-pass-obbligatorio-reddito-di-cittadinanza-supermercato\\\/\"},\"author\":{\"name\":\"Simone Carcano\",\"@id\":\"https:\\\/\\\/www.ilnotiziario.net\\\/wp\\\/#\\\/schema\\\/person\\\/c218ad0865f96bfe2c1c2cfa719653f7\"},\"headline\":\"Green pass: dal 1 febbraio obbligatorio per il reddito di cittadinanza, ma non al supermercato e farmacia\",\"datePublished\":\"2022-01-13T15:13:23+00:00\",\"mainEntityOfPage\":{\"@id\":\"https:\\\/\\\/www.ilnotiziario.net\\\/wp\\\/prima-pagina\\\/green-pass-obbligatorio-reddito-di-cittadinanza-supermercato\\\/\"},\"wordCount\":229,\"publisher\":{\"@id\":\"https:\\\/\\\/www.ilnotiziario.net\\\/wp\\\/#organization\"},\"image\":{\"@id\":\"https:\\\/\\\/www.ilnotiziario.net\\\/wp\\\/prima-pagina\\\/green-pass-obbligatorio-reddito-di-cittadinanza-supermercato\\\/#primaryimage\"},\"thumbnailUrl\":\"https:\\\/\\\/www.ilnotiziario.net\\\/wp\\\/wp-content\\\/uploads\\\/2021\\\/11\\\/Green-Pass-Funzione-Pubblica.jpg\",\"keywords\":[\"1 febbraio\",\"green pass\",\"obbligatorio\"],\"articleSection\":[\"Prima Pagina\"],\"inLanguage\":\"it-IT\"},{\"@type\":\"WebPage\",\"@id\":\"https:\\\/\\\/www.ilnotiziario.net\\\/wp\\\/prima-pagina\\\/green-pass-obbligatorio-reddito-di-cittadinanza-supermercato\\\/\",\"url\":\"https:\\\/\\\/www.ilnotiziario.net\\\/wp\\\/prima-pagina\\\/green-pass-obbligatorio-reddito-di-cittadinanza-supermercato\\\/\",\"name\":\"Green pass: dal 1 febbraio obbligatorio per il reddito di cittadinanza, ma non al supermercato e farmacia\",\"isPartOf\":{\"@id\":\"https:\\\/\\\/www.ilnotiziario.net\\\/wp\\\/#website\"},\"primaryImageOfPage\":{\"@id\":\"https:\\\/\\\/www.ilnotiziario.net\\\/wp\\\/prima-pagina\\\/green-pass-obbligatorio-reddito-di-cittadinanza-supermercato\\\/#primaryimage\"},\"image\":{\"@id\":\"https:\\\/\\\/www.ilnotiziario.net\\\/wp\\\/prima-pagina\\\/green-pass-obbligatorio-reddito-di-cittadinanza-supermercato\\\/#primaryimage\"},\"thumbnailUrl\":\"https:\\\/\\\/www.ilnotiziario.net\\\/wp\\\/wp-content\\\/uploads\\\/2021\\\/11\\\/Green-Pass-Funzione-Pubblica.jpg\",\"datePublished\":\"2022-01-13T15:13:23+00:00\",\"description\":\"Il Green Pass sar\u00e0 obbligatorio dal 1 febbraio per ricevere il reddito di cittadinanza, ma non per andare al supermercato, in farmacia o dal dentista (ma\",\"breadcrumb\":{\"@id\":\"https:\\\/\\\/www.ilnotiziario.net\\\/wp\\\/prima-pagina\\\/green-pass-obbligatorio-reddito-di-cittadinanza-supermercato\\\/#breadcrumb\"},\"inLanguage\":\"it-IT\",\"potentialAction\":[{\"@type\":\"ReadAction\",\"target\":[\"https:\\\/\\\/www.ilnotiziario.net\\\/wp\\\/prima-pagina\\\/green-pass-obbligatorio-reddito-di-cittadinanza-supermercato\\\/\"]}]},{\"@type\":\"ImageObject\",\"inLanguage\":\"it-IT\",\"@id\":\"https:\\\/\\\/www.ilnotiziario.net\\\/wp\\\/prima-pagina\\\/green-pass-obbligatorio-reddito-di-cittadinanza-supermercato\\\/#primaryimage\",\"url\":\"https:\\\/\\\/www.ilnotiziario.net\\\/wp\\\/wp-content\\\/uploads\\\/2021\\\/11\\\/Green-Pass-Funzione-Pubblica.jpg\",\"contentUrl\":\"https:\\\/\\\/www.ilnotiziario.net\\\/wp\\\/wp-content\\\/uploads\\\/2021\\\/11\\\/Green-Pass-Funzione-Pubblica.jpg\",\"width\":673,\"height\":372,\"caption\":\"green pass\"},{\"@type\":\"BreadcrumbList\",\"@id\":\"https:\\\/\\\/www.ilnotiziario.net\\\/wp\\\/prima-pagina\\\/green-pass-obbligatorio-reddito-di-cittadinanza-supermercato\\\/#breadcrumb\",\"itemListElement\":[{\"@type\":\"ListItem\",\"position\":1,\"name\":\"tds_text_logo_tagline_colortds_text_logo_tagline_colortds_text_logo_tagline_colortds_text_logo_tagline_colortd_module_7_title_excerpttd_module_7_title_excerpttd_module_7_title_excerpttd_module_7_title_excerptHome\",\"item\":\"https:\\\/\\\/www.ilnotiziario.net\\\/wp\\\/\"},{\"@type\":\"ListItem\",\"position\":2,\"name\":\"Green pass: dal 1 febbraio obbligatorio per il reddito di cittadinanza, ma non al supermercato e farmacia\"}]},{\"@type\":\"WebSite\",\"@id\":\"https:\\\/\\\/www.ilnotiziario.net\\\/wp\\\/#website\",\"url\":\"https:\\\/\\\/www.ilnotiziario.net\\\/wp\\\/\",\"name\":\"Il Notiziario\",\"description\":\"Per restare sempre connessi alla notizia\",\"publisher\":{\"@id\":\"https:\\\/\\\/www.ilnotiziario.net\\\/wp\\\/#organization\"},\"alternateName\":\"Il Notiziario Bollate\",\"potentialAction\":[{\"@type\":\"SearchAction\",\"target\":{\"@type\":\"EntryPoint\",\"urlTemplate\":\"https:\\\/\\\/www.ilnotiziario.net\\\/wp\\\/?s={search_term_string}\"},\"query-input\":{\"@type\":\"PropertyValueSpecification\",\"valueRequired\":true,\"valueName\":\"search_term_string\"}}],\"inLanguage\":\"it-IT\"},{\"@type\":\"Organization\",\"@id\":\"https:\\\/\\\/www.ilnotiziario.net\\\/wp\\\/#organization\",\"name\":\"Il Notiziario\",\"url\":\"https:\\\/\\\/www.ilnotiziario.net\\\/wp\\\/\",\"logo\":{\"@type\":\"ImageObject\",\"inLanguage\":\"it-IT\",\"@id\":\"https:\\\/\\\/www.ilnotiziario.net\\\/wp\\\/#\\\/schema\\\/logo\\\/image\\\/\",\"url\":\"https:\\\/\\\/www.ilnotiziario.net\\\/wp\\\/wp-content\\\/uploads\\\/2022\\\/06\\\/170x170ilN.png\",\"contentUrl\":\"https:\\\/\\\/www.ilnotiziario.net\\\/wp\\\/wp-content\\\/uploads\\\/2022\\\/06\\\/170x170ilN.png\",\"width\":355,\"height\":355,\"caption\":\"Il Notiziario\"},\"image\":{\"@id\":\"https:\\\/\\\/www.ilnotiziario.net\\\/wp\\\/#\\\/schema\\\/logo\\\/image\\\/\"},\"sameAs\":[\"https:\\\/\\\/www.facebook.com\\\/ilnotiziarioind\\\/\",\"https:\\\/\\\/x.com\\\/ilNotiziarioInd\",\"https:\\\/\\\/www.instagram.com\\\/ilnotiziario_settimanale\\\/\"]},{\"@type\":\"Person\",\"@id\":\"https:\\\/\\\/www.ilnotiziario.net\\\/wp\\\/#\\\/schema\\\/person\\\/c218ad0865f96bfe2c1c2cfa719653f7\",\"name\":\"Simone Carcano\",\"image\":{\"@type\":\"ImageObject\",\"inLanguage\":\"it-IT\",\"@id\":\"https:\\\/\\\/secure.gravatar.com\\\/avatar\\\/5e677023cff2c47e9f7a896b9157a46e18bd36e7c4d000a1726bb730be7d38bb?s=96&d=mm&r=g\",\"url\":\"https:\\\/\\\/secure.gravatar.com\\\/avatar\\\/5e677023cff2c47e9f7a896b9157a46e18bd36e7c4d000a1726bb730be7d38bb?s=96&d=mm&r=g\",\"contentUrl\":\"https:\\\/\\\/secure.gravatar.com\\\/avatar\\\/5e677023cff2c47e9f7a896b9157a46e18bd36e7c4d000a1726bb730be7d38bb?s=96&d=mm&r=g\",\"caption\":\"Simone Carcano\"},\"sameAs\":[\"http:\\\/\\\/www.ilnotiziario.net\",\"https:\\\/\\\/x.com\\\/@simone_carcano\"]}]}<\/script>\n<!-- \/ Yoast SEO plugin. -->","yoast_head_json":{"title":"Green pass: dal 1 febbraio obbligatorio per il reddito di cittadinanza, ma non al supermercato e farmacia","description":"Il Green Pass sar\u00e0 obbligatorio dal 1 febbraio per ricevere il reddito di cittadinanza, ma non per andare al supermercato, in farmacia o dal dentista (ma","robots":{"index":"index","follow":"follow","max-snippet":"max-snippet:-1","max-image-preview":"max-image-preview:large","max-video-preview":"max-video-preview:-1"},"canonical":"https:\/\/www.ilnotiziario.net\/wp\/prima-pagina\/green-pass-obbligatorio-reddito-di-cittadinanza-supermercato\/","og_locale":"it_IT","og_type":"article","og_title":"Green pass: dal 1 febbraio obbligatorio per il reddito di cittadinanza, ma non al supermercato e farmacia","og_description":"Il Green Pass sar\u00e0 obbligatorio dal 1 febbraio per ricevere il reddito di cittadinanza, ma non per andare al supermercato, in farmacia o dal dentista (ma","og_url":"https:\/\/www.ilnotiziario.net\/wp\/prima-pagina\/green-pass-obbligatorio-reddito-di-cittadinanza-supermercato\/","og_site_name":"Il Notiziario","article_publisher":"https:\/\/www.facebook.com\/ilnotiziarioind\/","article_published_time":"2022-01-13T15:13:23+00:00","og_image":[{"width":673,"height":372,"url":"https:\/\/www.ilnotiziario.net\/wp\/wp-content\/uploads\/2021\/11\/Green-Pass-Funzione-Pubblica.jpg","type":"image\/jpeg"}],"author":"Simone Carcano","twitter_card":"summary_large_image","twitter_creator":"@simone_carcano","twitter_site":"@ilNotiziarioInd","twitter_misc":{"Scritto da":"Simone Carcano","Tempo di lettura stimato":"2 minuti"},"schema":{"@context":"https:\/\/schema.org","@graph":[{"@type":"Article","@id":"https:\/\/www.ilnotiziario.net\/wp\/prima-pagina\/green-pass-obbligatorio-reddito-di-cittadinanza-supermercato\/#article","isPartOf":{"@id":"https:\/\/www.ilnotiziario.net\/wp\/prima-pagina\/green-pass-obbligatorio-reddito-di-cittadinanza-supermercato\/"},"author":{"name":"Simone Carcano","@id":"https:\/\/www.ilnotiziario.net\/wp\/#\/schema\/person\/c218ad0865f96bfe2c1c2cfa719653f7"},"headline":"Green pass: dal 1 febbraio obbligatorio per il reddito di cittadinanza, ma non al supermercato e farmacia","datePublished":"2022-01-13T15:13:23+00:00","mainEntityOfPage":{"@id":"https:\/\/www.ilnotiziario.net\/wp\/prima-pagina\/green-pass-obbligatorio-reddito-di-cittadinanza-supermercato\/"},"wordCount":229,"publisher":{"@id":"https:\/\/www.ilnotiziario.net\/wp\/#organization"},"image":{"@id":"https:\/\/www.ilnotiziario.net\/wp\/prima-pagina\/green-pass-obbligatorio-reddito-di-cittadinanza-supermercato\/#primaryimage"},"thumbnailUrl":"https:\/\/www.ilnotiziario.net\/wp\/wp-content\/uploads\/2021\/11\/Green-Pass-Funzione-Pubblica.jpg","keywords":["1 febbraio","green pass","obbligatorio"],"articleSection":["Prima Pagina"],"inLanguage":"it-IT"},{"@type":"WebPage","@id":"https:\/\/www.ilnotiziario.net\/wp\/prima-pagina\/green-pass-obbligatorio-reddito-di-cittadinanza-supermercato\/","url":"https:\/\/www.ilnotiziario.net\/wp\/prima-pagina\/green-pass-obbligatorio-reddito-di-cittadinanza-supermercato\/","name":"Green pass: dal 1 febbraio obbligatorio per il reddito di cittadinanza, ma non al supermercato e farmacia","isPartOf":{"@id":"https:\/\/www.ilnotiziario.net\/wp\/#website"},"primaryImageOfPage":{"@id":"https:\/\/www.ilnotiziario.net\/wp\/prima-pagina\/green-pass-obbligatorio-reddito-di-cittadinanza-supermercato\/#primaryimage"},"image":{"@id":"https:\/\/www.ilnotiziario.net\/wp\/prima-pagina\/green-pass-obbligatorio-reddito-di-cittadinanza-supermercato\/#primaryimage"},"thumbnailUrl":"https:\/\/www.ilnotiziario.net\/wp\/wp-content\/uploads\/2021\/11\/Green-Pass-Funzione-Pubblica.jpg","datePublished":"2022-01-13T15:13:23+00:00","description":"Il Green Pass sar\u00e0 obbligatorio dal 1 febbraio per ricevere il reddito di cittadinanza, ma non per andare al supermercato, in farmacia o dal dentista (ma","breadcrumb":{"@id":"https:\/\/www.ilnotiziario.net\/wp\/prima-pagina\/green-pass-obbligatorio-reddito-di-cittadinanza-supermercato\/#breadcrumb"},"inLanguage":"it-IT","potentialAction":[{"@type":"ReadAction","target":["https:\/\/www.ilnotiziario.net\/wp\/prima-pagina\/green-pass-obbligatorio-reddito-di-cittadinanza-supermercato\/"]}]},{"@type":"ImageObject","inLanguage":"it-IT","@id":"https:\/\/www.ilnotiziario.net\/wp\/prima-pagina\/green-pass-obbligatorio-reddito-di-cittadinanza-supermercato\/#primaryimage","url":"https:\/\/www.ilnotiziario.net\/wp\/wp-content\/uploads\/2021\/11\/Green-Pass-Funzione-Pubblica.jpg","contentUrl":"https:\/\/www.ilnotiziario.net\/wp\/wp-content\/uploads\/2021\/11\/Green-Pass-Funzione-Pubblica.jpg","width":673,"height":372,"caption":"green pass"},{"@type":"BreadcrumbList","@id":"https:\/\/www.ilnotiziario.net\/wp\/prima-pagina\/green-pass-obbligatorio-reddito-di-cittadinanza-supermercato\/#breadcrumb","itemListElement":[{"@type":"ListItem","position":1,"name":"tds_text_logo_tagline_colortds_text_logo_tagline_colortds_text_logo_tagline_colortds_text_logo_tagline_colortd_module_7_title_excerpttd_module_7_title_excerpttd_module_7_title_excerpttd_module_7_title_excerptHome","item":"https:\/\/www.ilnotiziario.net\/wp\/"},{"@type":"ListItem","position":2,"name":"Green pass: dal 1 febbraio obbligatorio per il reddito di cittadinanza, ma non al supermercato e farmacia"}]},{"@type":"WebSite","@id":"https:\/\/www.ilnotiziario.net\/wp\/#website","url":"https:\/\/www.ilnotiziario.net\/wp\/","name":"Il Notiziario","description":"Per restare sempre connessi alla notizia","publisher":{"@id":"https:\/\/www.ilnotiziario.net\/wp\/#organization"},"alternateName":"Il Notiziario Bollate","potentialAction":[{"@type":"SearchAction","target":{"@type":"EntryPoint","urlTemplate":"https:\/\/www.ilnotiziario.net\/wp\/?s={search_term_string}"},"query-input":{"@type":"PropertyValueSpecification","valueRequired":true,"valueName":"search_term_string"}}],"inLanguage":"it-IT"},{"@type":"Organization","@id":"https:\/\/www.ilnotiziario.net\/wp\/#organization","name":"Il Notiziario","url":"https:\/\/www.ilnotiziario.net\/wp\/","logo":{"@type":"ImageObject","inLanguage":"it-IT","@id":"https:\/\/www.ilnotiziario.net\/wp\/#\/schema\/logo\/image\/","url":"https:\/\/www.ilnotiziario.net\/wp\/wp-content\/uploads\/2022\/06\/170x170ilN.png","contentUrl":"https:\/\/www.ilnotiziario.net\/wp\/wp-content\/uploads\/2022\/06\/170x170ilN.png","width":355,"height":355,"caption":"Il Notiziario"},"image":{"@id":"https:\/\/www.ilnotiziario.net\/wp\/#\/schema\/logo\/image\/"},"sameAs":["https:\/\/www.facebook.com\/ilnotiziarioind\/","https:\/\/x.com\/ilNotiziarioInd","https:\/\/www.instagram.com\/ilnotiziario_settimanale\/"]},{"@type":"Person","@id":"https:\/\/www.ilnotiziario.net\/wp\/#\/schema\/person\/c218ad0865f96bfe2c1c2cfa719653f7","name":"Simone Carcano","image":{"@type":"ImageObject","inLanguage":"it-IT","@id":"https:\/\/secure.gravatar.com\/avatar\/5e677023cff2c47e9f7a896b9157a46e18bd36e7c4d000a1726bb730be7d38bb?s=96&d=mm&r=g","url":"https:\/\/secure.gravatar.com\/avatar\/5e677023cff2c47e9f7a896b9157a46e18bd36e7c4d000a1726bb730be7d38bb?s=96&d=mm&r=g","contentUrl":"https:\/\/secure.gravatar.com\/avatar\/5e677023cff2c47e9f7a896b9157a46e18bd36e7c4d000a1726bb730be7d38bb?s=96&d=mm&r=g","caption":"Simone Carcano"},"sameAs":["http:\/\/www.ilnotiziario.net","https:\/\/x.com\/@simone_carcano"]}]}},"_links":{"self":[{"href":"https:\/\/www.ilnotiziario.net\/wp\/wp-json\/wp\/v2\/posts\/160855","targetHints":{"allow":["GET"]}}],"collection":[{"href":"https:\/\/www.ilnotiziario.net\/wp\/wp-json\/wp\/v2\/posts"}],"about":[{"href":"https:\/\/www.ilnotiziario.net\/wp\/wp-json\/wp\/v2\/types\/post"}],"author":[{"embeddable":true,"href":"https:\/\/www.ilnotiziario.net\/wp\/wp-json\/wp\/v2\/users\/7"}],"replies":[{"embeddable":true,"href":"https:\/\/www.ilnotiziario.net\/wp\/wp-json\/wp\/v2\/comments?post=160855"}],"version-history":[{"count":0,"href":"https:\/\/www.ilnotiziario.net\/wp\/wp-json\/wp\/v2\/posts\/160855\/revisions"}],"wp:featuredmedia":[{"embeddable":true,"href":"https:\/\/www.ilnotiziario.net\/wp\/wp-json\/wp\/v2\/media\/158793"}],"wp:attachment":[{"href":"https:\/\/www.ilnotiziario.net\/wp\/wp-json\/wp\/v2\/media?parent=160855"}],"wp:term":[{"taxonomy":"category","embeddable":true,"href":"https:\/\/www.ilnotiziario.net\/wp\/wp-json\/wp\/v2\/categories?post=160855"},{"taxonomy":"post_tag","embeddable":true,"href":"https:\/\/www.ilnotiziario.net\/wp\/wp-json\/wp\/v2\/tags?post=160855"}],"curies":[{"name":"wp","href":"https:\/\/api.w.org\/{rel}","templated":true}]}}