{"id":160999,"date":"2022-01-16T16:11:39","date_gmt":"2022-01-16T15:11:39","guid":{"rendered":"https:\/\/www.ilnotiziario.net\/wp\/?p=160999"},"modified":"2022-01-16T16:11:39","modified_gmt":"2022-01-16T15:11:39","slug":"incastrati-recensione-prima-serie-ficarra-picone","status":"publish","type":"post","link":"https:\/\/www.ilnotiziario.net\/wp\/serietv\/incastrati-recensione-prima-serie-ficarra-picone\/","title":{"rendered":"Incastrati, recensione: la prima serie di Ficarra &#038; Picone fra comedy e grottesco"},"content":{"rendered":"<div id='gallery-1' class='gallery galleryid-160999 gallery-columns-3 gallery-size-thumbnail'><figure class='gallery-item'>\n\t\t\t<div class='gallery-icon landscape'>\n\t\t\t\t<a href='https:\/\/www.ilnotiziario.net\/wp\/incastrati-episode-101-of-incastrati-cr-dario-palermo-netflix-2021\/'><img decoding=\"async\" width=\"150\" height=\"150\" src=\"https:\/\/www.ilnotiziario.net\/wp\/wp-content\/uploads\/2022\/01\/INCASTRATI_101_Unit_00375RC-150x150.jpg\" class=\"attachment-thumbnail size-thumbnail\" alt=\"\" aria-describedby=\"gallery-1-160991\" \/><\/a>\n\t\t\t<\/div>\n\t\t\t\t<figcaption class='wp-caption-text gallery-caption' id='gallery-1-160991'>\n\t\t\t\tIncastrati. Episode 101 of Incastrati. Cr. Dario Palermo\/Netflix \u00a9 2021\n\t\t\t\t<\/figcaption><\/figure><figure class='gallery-item'>\n\t\t\t<div class='gallery-icon landscape'>\n\t\t\t\t<a href='https:\/\/www.ilnotiziario.net\/wp\/incastrati_101_unit_00557rc\/'><img decoding=\"async\" width=\"150\" height=\"150\" src=\"https:\/\/www.ilnotiziario.net\/wp\/wp-content\/uploads\/2022\/01\/INCASTRATI_101_Unit_00557RC-150x150.jpg\" class=\"attachment-thumbnail size-thumbnail\" alt=\"\" aria-describedby=\"gallery-1-160992\" \/><\/a>\n\t\t\t<\/div>\n\t\t\t\t<figcaption class='wp-caption-text gallery-caption' id='gallery-1-160992'>\n\t\t\t\tIncastrati. Mary Cipolla as Sig.ra Antonietta in episode 101 of Incastrati. Cr. Dario Palermo\/Netflix \u00a9 2021\n\t\t\t\t<\/figcaption><\/figure><figure class='gallery-item'>\n\t\t\t<div class='gallery-icon landscape'>\n\t\t\t\t<a href='https:\/\/www.ilnotiziario.net\/wp\/incastrati_102_unit_00232rc\/'><img decoding=\"async\" width=\"150\" height=\"150\" src=\"https:\/\/www.ilnotiziario.net\/wp\/wp-content\/uploads\/2022\/01\/INCASTRATI_102_Unit_00232RC-150x150.jpg\" class=\"attachment-thumbnail size-thumbnail\" alt=\"\" aria-describedby=\"gallery-1-160993\" \/><\/a>\n\t\t\t<\/div>\n\t\t\t\t<figcaption class='wp-caption-text gallery-caption' id='gallery-1-160993'>\n\t\t\t\tIncastrati. (L to R) Salvatore Ficarra as Salvo, Valentino Picone as Valentino in episode 102 of Incastrati. Cr. Dario Palermo\/Netflix \u00a9 2021\n\t\t\t\t<\/figcaption><\/figure><figure class='gallery-item'>\n\t\t\t<div class='gallery-icon landscape'>\n\t\t\t\t<a href='https:\/\/www.ilnotiziario.net\/wp\/serietv\/incastrati-recensione-prima-serie-ficarra-picone\/attachment\/incastrati-ficarra-e-picone\/'><img loading=\"lazy\" decoding=\"async\" width=\"150\" height=\"150\" src=\"https:\/\/www.ilnotiziario.net\/wp\/wp-content\/uploads\/2022\/01\/Incastrati-Ficarra-e-Picone-150x150.jpg\" class=\"attachment-thumbnail size-thumbnail\" alt=\"\" \/><\/a>\n\t\t\t<\/div><\/figure><figure class='gallery-item'>\n\t\t\t<div class='gallery-icon landscape'>\n\t\t\t\t<a href='https:\/\/www.ilnotiziario.net\/wp\/serietv\/incastrati-recensione-prima-serie-ficarra-picone\/attachment\/incastrati_104_unit_00521rc20211115-4547-1h5br62\/'><img loading=\"lazy\" decoding=\"async\" width=\"150\" height=\"150\" src=\"https:\/\/www.ilnotiziario.net\/wp\/wp-content\/uploads\/2022\/01\/INCASTRATI_104_Unit_00521RC20211115-4547-1h5br62-150x150.jpg\" class=\"attachment-thumbnail size-thumbnail\" alt=\"\" \/><\/a>\n\t\t\t<\/div><\/figure><figure class='gallery-item'>\n\t\t\t<div class='gallery-icon landscape'>\n\t\t\t\t<a href='https:\/\/www.ilnotiziario.net\/wp\/serietv\/incastrati-recensione-prima-serie-ficarra-picone\/attachment\/incastrati_ficarra_picone-2-1\/'><img loading=\"lazy\" decoding=\"async\" width=\"150\" height=\"150\" src=\"https:\/\/www.ilnotiziario.net\/wp\/wp-content\/uploads\/2022\/01\/incastrati_ficarra_picone-2-1-150x150.jpg\" class=\"attachment-thumbnail size-thumbnail\" alt=\"\" \/><\/a>\n\t\t\t<\/div><\/figure><figure class='gallery-item'>\n\t\t\t<div class='gallery-icon landscape'>\n\t\t\t\t<a href='https:\/\/www.ilnotiziario.net\/wp\/serietv\/incastrati-recensione-prima-serie-ficarra-picone\/attachment\/incastrati-di-ficarra-e-picone-la-recensione-in-anteprima-maxw-697\/'><img loading=\"lazy\" decoding=\"async\" width=\"150\" height=\"150\" src=\"https:\/\/www.ilnotiziario.net\/wp\/wp-content\/uploads\/2022\/01\/incastrati-di-ficarra-e-picone-la-recensione-in-anteprima-maxw-697-150x150.jpg\" class=\"attachment-thumbnail size-thumbnail\" alt=\"\" srcset=\"https:\/\/www.ilnotiziario.net\/wp\/wp-content\/uploads\/2022\/01\/incastrati-di-ficarra-e-picone-la-recensione-in-anteprima-maxw-697-150x150.jpg 150w, https:\/\/www.ilnotiziario.net\/wp\/wp-content\/uploads\/2022\/01\/incastrati-di-ficarra-e-picone-la-recensione-in-anteprima-maxw-697-356x354.jpg 356w\" sizes=\"(max-width: 150px) 100vw, 150px\" \/><\/a>\n\t\t\t<\/div><\/figure>\n\t\t<\/div>\n\n<p>di Stefano Di Maria<\/p><div id=\"ilnot-2772384896\" class=\"ilnot-contenuto ilnot-entity-placement\"><p><!-- incontent_1 --><\/p>\n<div class=\"gptslot\" data-adunitid=\"1\"><\/div>\n<\/div>\n<p>Anche Ficarra e Picone sono approdati al mondo seriale e lo hanno fatto col botto. La loro prima serie targata Netflix, INCASTRATI, \u00e8 spumeggiante, ironica, divertente e grottesca come nello stile della famosa coppia di comici, ma invita anche a una riflessione sulla nostra societ\u00e0: \u00e8<strong> lo specchio di un mondo che sembra ingessato, ancorato alle sovrastrutture culturali<\/strong> (solo l\u2019uomo pu\u00f2 tradire la moglie)<strong> e ai peggiori difetti di cui \u00e8 macchiata l\u2019Italia<\/strong> (dalla corruzione negli enti pubblici alla mafia, qui rappresentata dallo stereotipo dei classici personaggi malavitosi tanto lontani dai moderni colletti bianchi).<\/p>\n<p>Al centro della trama ci sono un omicidio, due amici capitati nel posto sbagliato al momento sbagliato e tanti malintesi che li porteranno in situazioni surreali: cercando di scappare dalla scena del crimine, i due si mettono sempre pi\u00f9 nei guai, in un crescendo di eventi che addirittura far\u00e0 fare loro i conti con la mafia.&nbsp;Un mix di comicit\u00e0 e crime che terr\u00e0 incollati alla poltrona dal primo al sesto episodio, della durata di mezzora circa (in definitiva, un lungo film).<\/p><div id=\"ilnot-2021589911\" class=\"ilnot-contenuto_2 ilnot-entity-placement\"><div class=\"ads-wrapper\">\n<div class=\"ad-slot\">\n   <div id=\"ilnot-1705919905\" style=\"margin-right: auto;margin-left: auto;text-align: center;width: 320px;height: 100px;\"><a href=\"https:\/\/www.scuolasicurezza.it\/\"><img decoding=\"async\" src=\"https:\/\/www.ilnotiziario.net\/wp\/wp-content\/uploads\/2026\/04\/IlNotiziario_banner-sito-e-newsletter-320-x-100-px-1.gif\" alt=\"\"><\/a><\/div>\n  <\/div>\n<div class=\"ad-slot\">\n   <div id=\"ilnot-4261268511\" style=\"margin-right: auto;margin-left: auto;text-align: center;width: 320px;height: 100px;\"><a href=\"https:\/\/purodesignarredamenti.com\/\"><img decoding=\"async\" src=\"https:\/\/www.ilnotiziario.net\/wp\/wp-content\/uploads\/2026\/04\/banner-puro-ok.gif\" alt=\"whatsapp\"><\/a><\/div><\/p><\/div>\n<\/div>\n<\/div>\n<p>Scritta, diretta e interpretata da Salvo Ficarra e Valentino Picone, INCASTRATI \u00e8 prodotta da Attilio De Razza per Tramp Limited ed \u00e8 interamente girata in <strong>Sicilia, cristallizzata in una fotografia che ne mette in luce i colori sgargianti<\/strong> del mare, delle colline, dei casali e delle citt\u00e0 barocche. In queste location da favola, una gioia per lo sguardo, si muovono personaggi sono macchiette: dal figlio mammone, ragione di vita della madre che passa le giornate controllando i figli, alla donna che tradisce perch\u00e9 ha un marito distratto; dal boss malavitoso la cui cosca sembra ferma nel tempo ai dipendenti pubblici che, per far annullare una multa, fanno corrompere un\u2019intera scala gerarchica; dagli operai fannulloni ai monaci pasticcieri, che quando sentono la parola scontrino fingono di non sentire\u2026 <strong>Tutti interpretati da un cast assemblato cos\u00ec bene da fare di questa serie una delle comedy italiane pi\u00f9 riuscite<\/strong>: Marianna di Martino (Agata Scalia), Anna Favella (Ester), Tony Sperandeo (Tonino Macaluso, detto \u201cCosa Inutile\u201d), Maurizio Marchetti (portiere Martorana), Mary Cipolla (Signora Antonietta), Domenico Centamore (Don Lorenzo, detto \u201cPrimo Sale\u201d) e Sergio Friscia (Sergione).<\/p>\n<p>Ai protagonisti Ficarra e Picone il merito di <strong>essere sempre se stessi, di sapersi giocare le carte che sanno usare meglio<\/strong> e li hanno resi famosi al grande pubblico: la complicit\u00e0 che li lega, l\u2019ironia, il talento nel far divertire e riflettere sui mali che affliggono la nostra societ\u00e0.<\/p>\n<p>Al termine della visione di INCASTRATI possiamo consolarci aspettando la seconda (confermata) stagione.&nbsp;<\/p><div id=\"ilnot-3825608414\" class=\"ilnot-contenuto_2-2 ilnot-entity-placement\"><div class=\"gptslot\" data-adunitid=\"2\"><\/div>\n<\/div>\n<p>Trovate qui tutte le nostre recensioni: <a href=\"https:\/\/l.facebook.com\/l.php?u=https%3A%2F%2Fwww.ilnotiziario.net%2Fwp%2Fserie-tv%2F%3Ffbclid%3DIwAR1IjIFoftjL4VwnVJYAJoTGhumRwNksBO0MOB5Pjt-Y3lmMLgofekWSag4&amp;h=AT1c4s1yCl2Id085LeUnq7_7MAHht3JPnOEYhnAtsnsMM3-Ba-mbsDR2FBxbw7ykAzDnuKOce50eqYbmlXc8BSadRCpadxaC1DBqP3_Z8bGpfjvWdpNFcUqy8CO_AtOmByZT&amp;__tn__=-UK-R&amp;c%5b0%5d=AT0STXTZ3yDB88wc6tMxMwY0vMA3NMf875qFYeOZ9_KyxVjw0IGERrYx7oDwBIr9k345woTQCOd-Bw1kXHbOqx-x3xUYLaw5rM3x4Emvyb-_C3lops76WUzzWUIX5T3U-vDR3EkAr1DDOvD3kWqPT5M1FphWpp2hdJr0Zx7DLo5E6Q7scPSkAegk2nZYPVnSxtrCWwPi\">https:\/\/www.ilnotiziario.net\/wp\/serie-tv\/<\/a><\/p>\n","protected":false},"excerpt":{"rendered":"<p>di Stefano Di Maria Anche Ficarra e Picone sono approdati al mondo seriale e lo hanno fatto col botto. La loro prima serie targata Netflix, INCASTRATI, \u00e8 spumeggiante, ironica, divertente e grottesca come nello stile della famosa coppia di comici, ma invita anche a una riflessione sulla nostra societ\u00e0: \u00e8 lo specchio di un mondo<\/p>\n","protected":false},"author":6,"featured_media":161002,"comment_status":"closed","ping_status":"closed","sticky":false,"template":"","format":"standard","meta":{"footnotes":""},"categories":[6756],"tags":[9738,4892,6759,9739,7900,8362],"class_list":{"0":"post-160999","1":"post","2":"type-post","3":"status-publish","4":"format-standard","5":"has-post-thumbnail","7":"category-serietv","8":"tag-fiarra","9":"tag-incastrati","10":"tag-netflix","11":"tag-picone","12":"tag-recensione","13":"tag-serie"},"yoast_head":"<!-- This site is optimized with the Yoast SEO plugin v27.4 - https:\/\/yoast.com\/product\/yoast-seo-wordpress\/ -->\n<title>Incastrati, recensione: la prima serie di Ficarra &amp; Picone fra comedy e grottesco - Il Notiziario<\/title>\n<meta name=\"description\" content=\"di Stefano Di Maria Anche Ficarra e Picone sono approdati al mondo seriale e lo hanno fatto col botto. La loro prima serie targata Netflix, INCASTRATI, \u00e8 Ai protagonisti Ficarra e Picone il merito di essere sempre se stessi, di sapersi giocare le carte che sanno usare meglio e li hanno resi famosi al grande pubblico: la complicit\u00e0 che li lega, l\u2019ironia, il talento nel far divertire e riflettere sui mali che affliggono la nostra societ\u00e0.\" \/>\n<meta name=\"robots\" content=\"index, follow, max-snippet:-1, max-image-preview:large, max-video-preview:-1\" \/>\n<link rel=\"canonical\" href=\"https:\/\/www.ilnotiziario.net\/wp\/serietv\/incastrati-recensione-prima-serie-ficarra-picone\/\" \/>\n<meta property=\"og:locale\" content=\"it_IT\" \/>\n<meta property=\"og:type\" content=\"article\" \/>\n<meta property=\"og:title\" content=\"Incastrati, recensione: la prima serie di Ficarra &amp; Picone fra comedy e grottesco - Il Notiziario\" \/>\n<meta property=\"og:description\" content=\"di Stefano Di Maria Anche Ficarra e Picone sono approdati al mondo seriale e lo hanno fatto col botto. La loro prima serie targata Netflix, INCASTRATI, \u00e8 Ai protagonisti Ficarra e Picone il merito di essere sempre se stessi, di sapersi giocare le carte che sanno usare meglio e li hanno resi famosi al grande pubblico: la complicit\u00e0 che li lega, l\u2019ironia, il talento nel far divertire e riflettere sui mali che affliggono la nostra societ\u00e0.\" \/>\n<meta property=\"og:url\" content=\"https:\/\/www.ilnotiziario.net\/wp\/serietv\/incastrati-recensione-prima-serie-ficarra-picone\/\" \/>\n<meta property=\"og:site_name\" content=\"Il Notiziario\" \/>\n<meta property=\"article:publisher\" content=\"https:\/\/www.facebook.com\/ilnotiziarioind\/\" \/>\n<meta property=\"article:published_time\" content=\"2022-01-16T15:11:39+00:00\" \/>\n<meta property=\"og:image\" content=\"https:\/\/www.ilnotiziario.net\/wp\/wp-content\/uploads\/2022\/01\/incastrati_ficarra_picone-2-1.jpg\" \/>\n\t<meta property=\"og:image:width\" content=\"1280\" \/>\n\t<meta property=\"og:image:height\" content=\"720\" \/>\n\t<meta property=\"og:image:type\" content=\"image\/jpeg\" \/>\n<meta name=\"author\" content=\"Stefano Di Maria\" \/>\n<meta name=\"twitter:card\" content=\"summary_large_image\" \/>\n<meta name=\"twitter:creator\" content=\"@ilNotiziarioInd\" \/>\n<meta name=\"twitter:site\" content=\"@ilNotiziarioInd\" \/>\n<meta name=\"twitter:label1\" content=\"Scritto da\" \/>\n\t<meta name=\"twitter:data1\" content=\"Stefano Di Maria\" \/>\n\t<meta name=\"twitter:label2\" content=\"Tempo di lettura stimato\" \/>\n\t<meta name=\"twitter:data2\" content=\"3 minuti\" \/>\n<script type=\"application\/ld+json\" class=\"yoast-schema-graph\">{\"@context\":\"https:\\\/\\\/schema.org\",\"@graph\":[{\"@type\":\"Article\",\"@id\":\"https:\\\/\\\/www.ilnotiziario.net\\\/wp\\\/serietv\\\/incastrati-recensione-prima-serie-ficarra-picone\\\/#article\",\"isPartOf\":{\"@id\":\"https:\\\/\\\/www.ilnotiziario.net\\\/wp\\\/serietv\\\/incastrati-recensione-prima-serie-ficarra-picone\\\/\"},\"author\":{\"name\":\"Stefano Di Maria\",\"@id\":\"https:\\\/\\\/www.ilnotiziario.net\\\/wp\\\/#\\\/schema\\\/person\\\/82fdd8795bbed42a4164047853b6efe7\"},\"headline\":\"Incastrati, recensione: la prima serie di Ficarra &#038; Picone fra comedy e grottesco\",\"datePublished\":\"2022-01-16T15:11:39+00:00\",\"mainEntityOfPage\":{\"@id\":\"https:\\\/\\\/www.ilnotiziario.net\\\/wp\\\/serietv\\\/incastrati-recensione-prima-serie-ficarra-picone\\\/\"},\"wordCount\":454,\"publisher\":{\"@id\":\"https:\\\/\\\/www.ilnotiziario.net\\\/wp\\\/#organization\"},\"image\":{\"@id\":\"https:\\\/\\\/www.ilnotiziario.net\\\/wp\\\/serietv\\\/incastrati-recensione-prima-serie-ficarra-picone\\\/#primaryimage\"},\"thumbnailUrl\":\"https:\\\/\\\/www.ilnotiziario.net\\\/wp\\\/wp-content\\\/uploads\\\/2022\\\/01\\\/incastrati_ficarra_picone-2-1.jpg\",\"keywords\":[\"Fiarra\",\"incastrati\",\"netflix\",\"Picone\",\"recensione\",\"serie\"],\"articleSection\":[\"SERIE TV\"],\"inLanguage\":\"it-IT\"},{\"@type\":\"WebPage\",\"@id\":\"https:\\\/\\\/www.ilnotiziario.net\\\/wp\\\/serietv\\\/incastrati-recensione-prima-serie-ficarra-picone\\\/\",\"url\":\"https:\\\/\\\/www.ilnotiziario.net\\\/wp\\\/serietv\\\/incastrati-recensione-prima-serie-ficarra-picone\\\/\",\"name\":\"Incastrati, recensione: la prima serie di Ficarra & Picone fra comedy e grottesco - Il Notiziario\",\"isPartOf\":{\"@id\":\"https:\\\/\\\/www.ilnotiziario.net\\\/wp\\\/#website\"},\"primaryImageOfPage\":{\"@id\":\"https:\\\/\\\/www.ilnotiziario.net\\\/wp\\\/serietv\\\/incastrati-recensione-prima-serie-ficarra-picone\\\/#primaryimage\"},\"image\":{\"@id\":\"https:\\\/\\\/www.ilnotiziario.net\\\/wp\\\/serietv\\\/incastrati-recensione-prima-serie-ficarra-picone\\\/#primaryimage\"},\"thumbnailUrl\":\"https:\\\/\\\/www.ilnotiziario.net\\\/wp\\\/wp-content\\\/uploads\\\/2022\\\/01\\\/incastrati_ficarra_picone-2-1.jpg\",\"datePublished\":\"2022-01-16T15:11:39+00:00\",\"description\":\"di Stefano Di Maria Anche Ficarra e Picone sono approdati al mondo seriale e lo hanno fatto col botto. La loro prima serie targata Netflix, INCASTRATI, \u00e8 Ai protagonisti Ficarra e Picone il merito di essere sempre se stessi, di sapersi giocare le carte che sanno usare meglio e li hanno resi famosi al grande pubblico: la complicit\u00e0 che li lega, l\u2019ironia, il talento nel far divertire e riflettere sui mali che affliggono la nostra societ\u00e0.\",\"breadcrumb\":{\"@id\":\"https:\\\/\\\/www.ilnotiziario.net\\\/wp\\\/serietv\\\/incastrati-recensione-prima-serie-ficarra-picone\\\/#breadcrumb\"},\"inLanguage\":\"it-IT\",\"potentialAction\":[{\"@type\":\"ReadAction\",\"target\":[\"https:\\\/\\\/www.ilnotiziario.net\\\/wp\\\/serietv\\\/incastrati-recensione-prima-serie-ficarra-picone\\\/\"]}]},{\"@type\":\"ImageObject\",\"inLanguage\":\"it-IT\",\"@id\":\"https:\\\/\\\/www.ilnotiziario.net\\\/wp\\\/serietv\\\/incastrati-recensione-prima-serie-ficarra-picone\\\/#primaryimage\",\"url\":\"https:\\\/\\\/www.ilnotiziario.net\\\/wp\\\/wp-content\\\/uploads\\\/2022\\\/01\\\/incastrati_ficarra_picone-2-1.jpg\",\"contentUrl\":\"https:\\\/\\\/www.ilnotiziario.net\\\/wp\\\/wp-content\\\/uploads\\\/2022\\\/01\\\/incastrati_ficarra_picone-2-1.jpg\",\"width\":1280,\"height\":720},{\"@type\":\"BreadcrumbList\",\"@id\":\"https:\\\/\\\/www.ilnotiziario.net\\\/wp\\\/serietv\\\/incastrati-recensione-prima-serie-ficarra-picone\\\/#breadcrumb\",\"itemListElement\":[{\"@type\":\"ListItem\",\"position\":1,\"name\":\"tds_text_logo_tagline_colortds_text_logo_tagline_colortds_text_logo_tagline_colortds_text_logo_tagline_colortd_module_7_title_excerpttd_module_7_title_excerpttd_module_7_title_excerpttd_module_7_title_excerptHome\",\"item\":\"https:\\\/\\\/www.ilnotiziario.net\\\/wp\\\/\"},{\"@type\":\"ListItem\",\"position\":2,\"name\":\"Incastrati, recensione: la prima serie di Ficarra &#038; Picone fra comedy e grottesco\"}]},{\"@type\":\"WebSite\",\"@id\":\"https:\\\/\\\/www.ilnotiziario.net\\\/wp\\\/#website\",\"url\":\"https:\\\/\\\/www.ilnotiziario.net\\\/wp\\\/\",\"name\":\"Il Notiziario\",\"description\":\"Per restare sempre connessi alla notizia\",\"publisher\":{\"@id\":\"https:\\\/\\\/www.ilnotiziario.net\\\/wp\\\/#organization\"},\"alternateName\":\"Il Notiziario Bollate\",\"potentialAction\":[{\"@type\":\"SearchAction\",\"target\":{\"@type\":\"EntryPoint\",\"urlTemplate\":\"https:\\\/\\\/www.ilnotiziario.net\\\/wp\\\/?s={search_term_string}\"},\"query-input\":{\"@type\":\"PropertyValueSpecification\",\"valueRequired\":true,\"valueName\":\"search_term_string\"}}],\"inLanguage\":\"it-IT\"},{\"@type\":\"Organization\",\"@id\":\"https:\\\/\\\/www.ilnotiziario.net\\\/wp\\\/#organization\",\"name\":\"Il Notiziario\",\"url\":\"https:\\\/\\\/www.ilnotiziario.net\\\/wp\\\/\",\"logo\":{\"@type\":\"ImageObject\",\"inLanguage\":\"it-IT\",\"@id\":\"https:\\\/\\\/www.ilnotiziario.net\\\/wp\\\/#\\\/schema\\\/logo\\\/image\\\/\",\"url\":\"https:\\\/\\\/www.ilnotiziario.net\\\/wp\\\/wp-content\\\/uploads\\\/2022\\\/06\\\/170x170ilN.png\",\"contentUrl\":\"https:\\\/\\\/www.ilnotiziario.net\\\/wp\\\/wp-content\\\/uploads\\\/2022\\\/06\\\/170x170ilN.png\",\"width\":355,\"height\":355,\"caption\":\"Il Notiziario\"},\"image\":{\"@id\":\"https:\\\/\\\/www.ilnotiziario.net\\\/wp\\\/#\\\/schema\\\/logo\\\/image\\\/\"},\"sameAs\":[\"https:\\\/\\\/www.facebook.com\\\/ilnotiziarioind\\\/\",\"https:\\\/\\\/x.com\\\/ilNotiziarioInd\",\"https:\\\/\\\/www.instagram.com\\\/ilnotiziario_settimanale\\\/\"]},{\"@type\":\"Person\",\"@id\":\"https:\\\/\\\/www.ilnotiziario.net\\\/wp\\\/#\\\/schema\\\/person\\\/82fdd8795bbed42a4164047853b6efe7\",\"name\":\"Stefano Di Maria\",\"image\":{\"@type\":\"ImageObject\",\"inLanguage\":\"it-IT\",\"@id\":\"https:\\\/\\\/secure.gravatar.com\\\/avatar\\\/b3163d1e75da759bd0a681248e88a87d84bdd563fec9b060a3ae82742880745a?s=96&d=mm&r=g\",\"url\":\"https:\\\/\\\/secure.gravatar.com\\\/avatar\\\/b3163d1e75da759bd0a681248e88a87d84bdd563fec9b060a3ae82742880745a?s=96&d=mm&r=g\",\"contentUrl\":\"https:\\\/\\\/secure.gravatar.com\\\/avatar\\\/b3163d1e75da759bd0a681248e88a87d84bdd563fec9b060a3ae82742880745a?s=96&d=mm&r=g\",\"caption\":\"Stefano Di Maria\"},\"sameAs\":[\"http:\\\/\\\/www.ilnotiziario.net\"]}]}<\/script>\n<!-- \/ Yoast SEO plugin. -->","yoast_head_json":{"title":"Incastrati, recensione: la prima serie di Ficarra & Picone fra comedy e grottesco - Il Notiziario","description":"di Stefano Di Maria Anche Ficarra e Picone sono approdati al mondo seriale e lo hanno fatto col botto. La loro prima serie targata Netflix, INCASTRATI, \u00e8 Ai protagonisti Ficarra e Picone il merito di essere sempre se stessi, di sapersi giocare le carte che sanno usare meglio e li hanno resi famosi al grande pubblico: la complicit\u00e0 che li lega, l\u2019ironia, il talento nel far divertire e riflettere sui mali che affliggono la nostra societ\u00e0.","robots":{"index":"index","follow":"follow","max-snippet":"max-snippet:-1","max-image-preview":"max-image-preview:large","max-video-preview":"max-video-preview:-1"},"canonical":"https:\/\/www.ilnotiziario.net\/wp\/serietv\/incastrati-recensione-prima-serie-ficarra-picone\/","og_locale":"it_IT","og_type":"article","og_title":"Incastrati, recensione: la prima serie di Ficarra & Picone fra comedy e grottesco - Il Notiziario","og_description":"di Stefano Di Maria Anche Ficarra e Picone sono approdati al mondo seriale e lo hanno fatto col botto. La loro prima serie targata Netflix, INCASTRATI, \u00e8 Ai protagonisti Ficarra e Picone il merito di essere sempre se stessi, di sapersi giocare le carte che sanno usare meglio e li hanno resi famosi al grande pubblico: la complicit\u00e0 che li lega, l\u2019ironia, il talento nel far divertire e riflettere sui mali che affliggono la nostra societ\u00e0.","og_url":"https:\/\/www.ilnotiziario.net\/wp\/serietv\/incastrati-recensione-prima-serie-ficarra-picone\/","og_site_name":"Il Notiziario","article_publisher":"https:\/\/www.facebook.com\/ilnotiziarioind\/","article_published_time":"2022-01-16T15:11:39+00:00","og_image":[{"width":1280,"height":720,"url":"https:\/\/www.ilnotiziario.net\/wp\/wp-content\/uploads\/2022\/01\/incastrati_ficarra_picone-2-1.jpg","type":"image\/jpeg"}],"author":"Stefano Di Maria","twitter_card":"summary_large_image","twitter_creator":"@ilNotiziarioInd","twitter_site":"@ilNotiziarioInd","twitter_misc":{"Scritto da":"Stefano Di Maria","Tempo di lettura stimato":"3 minuti"},"schema":{"@context":"https:\/\/schema.org","@graph":[{"@type":"Article","@id":"https:\/\/www.ilnotiziario.net\/wp\/serietv\/incastrati-recensione-prima-serie-ficarra-picone\/#article","isPartOf":{"@id":"https:\/\/www.ilnotiziario.net\/wp\/serietv\/incastrati-recensione-prima-serie-ficarra-picone\/"},"author":{"name":"Stefano Di Maria","@id":"https:\/\/www.ilnotiziario.net\/wp\/#\/schema\/person\/82fdd8795bbed42a4164047853b6efe7"},"headline":"Incastrati, recensione: la prima serie di Ficarra &#038; Picone fra comedy e grottesco","datePublished":"2022-01-16T15:11:39+00:00","mainEntityOfPage":{"@id":"https:\/\/www.ilnotiziario.net\/wp\/serietv\/incastrati-recensione-prima-serie-ficarra-picone\/"},"wordCount":454,"publisher":{"@id":"https:\/\/www.ilnotiziario.net\/wp\/#organization"},"image":{"@id":"https:\/\/www.ilnotiziario.net\/wp\/serietv\/incastrati-recensione-prima-serie-ficarra-picone\/#primaryimage"},"thumbnailUrl":"https:\/\/www.ilnotiziario.net\/wp\/wp-content\/uploads\/2022\/01\/incastrati_ficarra_picone-2-1.jpg","keywords":["Fiarra","incastrati","netflix","Picone","recensione","serie"],"articleSection":["SERIE TV"],"inLanguage":"it-IT"},{"@type":"WebPage","@id":"https:\/\/www.ilnotiziario.net\/wp\/serietv\/incastrati-recensione-prima-serie-ficarra-picone\/","url":"https:\/\/www.ilnotiziario.net\/wp\/serietv\/incastrati-recensione-prima-serie-ficarra-picone\/","name":"Incastrati, recensione: la prima serie di Ficarra & Picone fra comedy e grottesco - Il Notiziario","isPartOf":{"@id":"https:\/\/www.ilnotiziario.net\/wp\/#website"},"primaryImageOfPage":{"@id":"https:\/\/www.ilnotiziario.net\/wp\/serietv\/incastrati-recensione-prima-serie-ficarra-picone\/#primaryimage"},"image":{"@id":"https:\/\/www.ilnotiziario.net\/wp\/serietv\/incastrati-recensione-prima-serie-ficarra-picone\/#primaryimage"},"thumbnailUrl":"https:\/\/www.ilnotiziario.net\/wp\/wp-content\/uploads\/2022\/01\/incastrati_ficarra_picone-2-1.jpg","datePublished":"2022-01-16T15:11:39+00:00","description":"di Stefano Di Maria Anche Ficarra e Picone sono approdati al mondo seriale e lo hanno fatto col botto. La loro prima serie targata Netflix, INCASTRATI, \u00e8 Ai protagonisti Ficarra e Picone il merito di essere sempre se stessi, di sapersi giocare le carte che sanno usare meglio e li hanno resi famosi al grande pubblico: la complicit\u00e0 che li lega, l\u2019ironia, il talento nel far divertire e riflettere sui mali che affliggono la nostra societ\u00e0.","breadcrumb":{"@id":"https:\/\/www.ilnotiziario.net\/wp\/serietv\/incastrati-recensione-prima-serie-ficarra-picone\/#breadcrumb"},"inLanguage":"it-IT","potentialAction":[{"@type":"ReadAction","target":["https:\/\/www.ilnotiziario.net\/wp\/serietv\/incastrati-recensione-prima-serie-ficarra-picone\/"]}]},{"@type":"ImageObject","inLanguage":"it-IT","@id":"https:\/\/www.ilnotiziario.net\/wp\/serietv\/incastrati-recensione-prima-serie-ficarra-picone\/#primaryimage","url":"https:\/\/www.ilnotiziario.net\/wp\/wp-content\/uploads\/2022\/01\/incastrati_ficarra_picone-2-1.jpg","contentUrl":"https:\/\/www.ilnotiziario.net\/wp\/wp-content\/uploads\/2022\/01\/incastrati_ficarra_picone-2-1.jpg","width":1280,"height":720},{"@type":"BreadcrumbList","@id":"https:\/\/www.ilnotiziario.net\/wp\/serietv\/incastrati-recensione-prima-serie-ficarra-picone\/#breadcrumb","itemListElement":[{"@type":"ListItem","position":1,"name":"tds_text_logo_tagline_colortds_text_logo_tagline_colortds_text_logo_tagline_colortds_text_logo_tagline_colortd_module_7_title_excerpttd_module_7_title_excerpttd_module_7_title_excerpttd_module_7_title_excerptHome","item":"https:\/\/www.ilnotiziario.net\/wp\/"},{"@type":"ListItem","position":2,"name":"Incastrati, recensione: la prima serie di Ficarra &#038; Picone fra comedy e grottesco"}]},{"@type":"WebSite","@id":"https:\/\/www.ilnotiziario.net\/wp\/#website","url":"https:\/\/www.ilnotiziario.net\/wp\/","name":"Il Notiziario","description":"Per restare sempre connessi alla notizia","publisher":{"@id":"https:\/\/www.ilnotiziario.net\/wp\/#organization"},"alternateName":"Il Notiziario Bollate","potentialAction":[{"@type":"SearchAction","target":{"@type":"EntryPoint","urlTemplate":"https:\/\/www.ilnotiziario.net\/wp\/?s={search_term_string}"},"query-input":{"@type":"PropertyValueSpecification","valueRequired":true,"valueName":"search_term_string"}}],"inLanguage":"it-IT"},{"@type":"Organization","@id":"https:\/\/www.ilnotiziario.net\/wp\/#organization","name":"Il Notiziario","url":"https:\/\/www.ilnotiziario.net\/wp\/","logo":{"@type":"ImageObject","inLanguage":"it-IT","@id":"https:\/\/www.ilnotiziario.net\/wp\/#\/schema\/logo\/image\/","url":"https:\/\/www.ilnotiziario.net\/wp\/wp-content\/uploads\/2022\/06\/170x170ilN.png","contentUrl":"https:\/\/www.ilnotiziario.net\/wp\/wp-content\/uploads\/2022\/06\/170x170ilN.png","width":355,"height":355,"caption":"Il Notiziario"},"image":{"@id":"https:\/\/www.ilnotiziario.net\/wp\/#\/schema\/logo\/image\/"},"sameAs":["https:\/\/www.facebook.com\/ilnotiziarioind\/","https:\/\/x.com\/ilNotiziarioInd","https:\/\/www.instagram.com\/ilnotiziario_settimanale\/"]},{"@type":"Person","@id":"https:\/\/www.ilnotiziario.net\/wp\/#\/schema\/person\/82fdd8795bbed42a4164047853b6efe7","name":"Stefano Di Maria","image":{"@type":"ImageObject","inLanguage":"it-IT","@id":"https:\/\/secure.gravatar.com\/avatar\/b3163d1e75da759bd0a681248e88a87d84bdd563fec9b060a3ae82742880745a?s=96&d=mm&r=g","url":"https:\/\/secure.gravatar.com\/avatar\/b3163d1e75da759bd0a681248e88a87d84bdd563fec9b060a3ae82742880745a?s=96&d=mm&r=g","contentUrl":"https:\/\/secure.gravatar.com\/avatar\/b3163d1e75da759bd0a681248e88a87d84bdd563fec9b060a3ae82742880745a?s=96&d=mm&r=g","caption":"Stefano Di Maria"},"sameAs":["http:\/\/www.ilnotiziario.net"]}]}},"_links":{"self":[{"href":"https:\/\/www.ilnotiziario.net\/wp\/wp-json\/wp\/v2\/posts\/160999","targetHints":{"allow":["GET"]}}],"collection":[{"href":"https:\/\/www.ilnotiziario.net\/wp\/wp-json\/wp\/v2\/posts"}],"about":[{"href":"https:\/\/www.ilnotiziario.net\/wp\/wp-json\/wp\/v2\/types\/post"}],"author":[{"embeddable":true,"href":"https:\/\/www.ilnotiziario.net\/wp\/wp-json\/wp\/v2\/users\/6"}],"replies":[{"embeddable":true,"href":"https:\/\/www.ilnotiziario.net\/wp\/wp-json\/wp\/v2\/comments?post=160999"}],"version-history":[{"count":0,"href":"https:\/\/www.ilnotiziario.net\/wp\/wp-json\/wp\/v2\/posts\/160999\/revisions"}],"wp:featuredmedia":[{"embeddable":true,"href":"https:\/\/www.ilnotiziario.net\/wp\/wp-json\/wp\/v2\/media\/161002"}],"wp:attachment":[{"href":"https:\/\/www.ilnotiziario.net\/wp\/wp-json\/wp\/v2\/media?parent=160999"}],"wp:term":[{"taxonomy":"category","embeddable":true,"href":"https:\/\/www.ilnotiziario.net\/wp\/wp-json\/wp\/v2\/categories?post=160999"},{"taxonomy":"post_tag","embeddable":true,"href":"https:\/\/www.ilnotiziario.net\/wp\/wp-json\/wp\/v2\/tags?post=160999"}],"curies":[{"name":"wp","href":"https:\/\/api.w.org\/{rel}","templated":true}]}}