{"id":161740,"date":"2022-02-03T10:09:45","date_gmt":"2022-02-03T09:09:45","guid":{"rendered":"https:\/\/www.ilnotiziario.net\/wp\/?p=161740"},"modified":"2022-02-03T10:09:45","modified_gmt":"2022-02-03T09:09:45","slug":"novate-melina-dal-fornaio-della-piazza-al-talent-show","status":"publish","type":"post","link":"https:\/\/www.ilnotiziario.net\/wp\/bollatese\/novate-melina-dal-fornaio-della-piazza-al-talent-show\/","title":{"rendered":"Novate: Melina, dal Fornaio della piazza al talent show"},"content":{"rendered":"<figure id=\"attachment_161741\" aria-describedby=\"caption-attachment-161741\" style=\"width: 300px\" class=\"wp-caption aligncenter\"><img fetchpriority=\"high\" decoding=\"async\" class=\"wp-image-161741 size-medium\" src=\"https:\/\/www.ilnotiziario.net\/wp\/wp-content\/uploads\/2022\/02\/melina-e1643879306180-300x242.jpg\" alt=\"Novate Melina fornaio talent show\" width=\"300\" height=\"242\" srcset=\"https:\/\/www.ilnotiziario.net\/wp\/wp-content\/uploads\/2022\/02\/melina-e1643879306180-300x242.jpg 300w, https:\/\/www.ilnotiziario.net\/wp\/wp-content\/uploads\/2022\/02\/melina-e1643879306180.jpg 459w\" sizes=\"(max-width: 300px) 100vw, 300px\" \/><figcaption id=\"caption-attachment-161741\" class=\"wp-caption-text\">Melina Mistretta<\/figcaption><\/figure>\n<p>&nbsp;Giunto alla sua terza edizione, il \u201cMelacantotalent\u201d vede protagonista la citt\u00e0 di Novate Milanese&nbsp; con un personaggio assai noto in citt\u00e0.<\/p><div id=\"ilnot-3252218710\" class=\"ilnot-contenuto ilnot-entity-placement\"><p><!-- incontent_1 --><\/p>\n<div class=\"gptslot\" data-adunitid=\"1\"><\/div>\n<\/div>\n<p>Il social talent \u00e8 nato nel 2020, proprio quando \u00e8 iniziato il periodo nero per la musica a causa della pandemia, per cercare di ridurre le distanze tra i cantanti e il pubblico: un talent show che si svolge online, <strong>nel quale il pubblico pu\u00f2 votare attraverso Facebook.<\/strong><\/p>\n<p>Novate \u00e8 sin dalla prima edizione protagonista di questo talent perch\u00e9 uno dei quattro giudici \u00e8 la talentuosa concittadina Giulia Penza, ora emigrata nel Regno Unito per continuare a studiare canto, ma in questa nuova edizione 2022 c\u2019\u00e8 anche un\u2019altra cittadina novatese tra i protagonisti.<\/p><div id=\"ilnot-1524973414\" class=\"ilnot-contenuto_2 ilnot-entity-placement\"><div class=\"ads-wrapper\">\n<div class=\"ad-slot\">\n   <div id=\"ilnot-3385191299\" style=\"margin-right: auto;margin-left: auto;text-align: center;width: 320px;height: 100px;\"><a href=\"https:\/\/www.scuolasicurezza.it\/\"><img decoding=\"async\" src=\"https:\/\/www.ilnotiziario.net\/wp\/wp-content\/uploads\/2026\/04\/IlNotiziario_banner-sito-e-newsletter-320-x-100-px-1.gif\" alt=\"\"><\/a><\/div>\n  <\/div>\n<div class=\"ad-slot\">\n   <div id=\"ilnot-1958945670\" style=\"margin-right: auto;margin-left: auto;text-align: center;width: 320px;height: 100px;\"><a href=\"https:\/\/purodesignarredamenti.com\/\"><img decoding=\"async\" src=\"https:\/\/www.ilnotiziario.net\/wp\/wp-content\/uploads\/2026\/04\/banner-puro-ok.gif\" alt=\"whatsapp\"><\/a><\/div><\/p><\/div>\n<\/div>\n<\/div>\n<p>Si tratta di un volto notissimo in citt\u00e0, ossia Melina Mistretta, titolare del \u201cFornaio della piazza\u201d. Marted\u00ec sera Melina,<strong> insieme ad altri 18 concorrenti, si \u00e8 esibita in diretta cantando \u201cIn cerca di te<\/strong>\u201d, un celebre brano del 1944 di Natalino Otto riproposto qualche anno fa da Simona Molinari.<\/p>\n<p>L\u2019esibizione di Melina \u00e8 stata molto votata dal pubblico collegato, facendole cos\u00ec guadagnare il terzo posto, ma la gara \u00e8 ancora aperta.<\/p>\n<p>\u201cSiamo tre gruppi e dobbiamo esibirci tutti in tre serate diverse, poi faranno la somma dei voti e andremo alle semifinali\u201d, ci spiega la stessa Melina.<\/p><div id=\"ilnot-1615546770\" class=\"ilnot-contenuto_2-2 ilnot-entity-placement\"><div class=\"gptslot\" data-adunitid=\"2\"><\/div>\n<\/div>\n<p>La sua \u00e8 una passione per il canto nata quando era ancora una bambina, un amore sconfinato per la musica, cos\u00ec forte che a 16 anni Melina decide di imparare a suonare la chitarra classica.<\/p>\n<p>\u201cAi miei tempi non c\u2019era la possibilit\u00e0 di scaricare le basi con Youtube per cui mi sono arrangiata da sola. <strong>A diciotto anni ho iniziato a lavorare al Greenland di Limbiate<\/strong> come presentatrice negli spettacoli di cabaret. A fine serata partiva il karaoke e io mi esibivo sempre\u201d.<\/p>\n<p>L\u2019energia di Melina \u00e8 riuscita ad oltrepassare lo schermo, cantare la fa stare bene.<\/p><div id=\"ilnot-2881671760\" class=\"ilnot-contenuto_2-2-2 ilnot-entity-placement\"><div class=\"gptslot\" data-adunitid=\"3\"><\/div>\n<\/div>\n<p>\u201cAlcuni novatesi sapevano che avrei partecipato a questo talent e questa sera sono stata sommersa di messaggi e alcuni di loro hanno partecipato alla diretta votandomi. \u00c8 molto importante sentire la loro vicinanza. Grazie\u201d.<\/p>\n","protected":false},"excerpt":{"rendered":"<p>&nbsp;Giunto alla sua terza edizione, il \u201cMelacantotalent\u201d vede protagonista la citt\u00e0 di Novate Milanese&nbsp; con un personaggio assai noto in citt\u00e0. Il social talent \u00e8 nato nel 2020, proprio quando \u00e8 iniziato il periodo nero per la musica a causa della pandemia, per cercare di ridurre le distanze tra i cantanti e il pubblico: un<\/p>\n","protected":false},"author":14,"featured_media":161741,"comment_status":"closed","ping_status":"closed","sticky":false,"template":"","format":"standard","meta":{"footnotes":""},"categories":[8,11,20],"tags":[9824,172],"class_list":{"0":"post-161740","1":"post","2":"type-post","3":"status-publish","4":"format-standard","5":"has-post-thumbnail","7":"category-bollatese","8":"category-nord-milano","9":"category-prima-pagina","10":"tag-melina-mistretta","11":"tag-novate"},"yoast_head":"<!-- This site is optimized with the Yoast SEO plugin v27.4 - https:\/\/yoast.com\/product\/yoast-seo-wordpress\/ -->\n<title>Novate: Melina, dal Fornaio della piazza al talent show - Il Notiziario<\/title>\n<meta name=\"description\" content=\"&nbsp;Giunto alla sua terza edizione, il \u201cMelacantotalent\u201d vede protagonista la citt\u00e0 di Novate Milanese&nbsp; con un personaggio assai noto in citt\u00e0. Il\" \/>\n<meta name=\"robots\" content=\"index, follow, max-snippet:-1, max-image-preview:large, max-video-preview:-1\" \/>\n<link rel=\"canonical\" href=\"https:\/\/www.ilnotiziario.net\/wp\/bollatese\/novate-melina-dal-fornaio-della-piazza-al-talent-show\/\" \/>\n<meta property=\"og:locale\" content=\"it_IT\" \/>\n<meta property=\"og:type\" content=\"article\" \/>\n<meta property=\"og:title\" content=\"Novate: Melina, dal Fornaio della piazza al talent show - Il Notiziario\" \/>\n<meta property=\"og:description\" content=\"&nbsp;Giunto alla sua terza edizione, il \u201cMelacantotalent\u201d vede protagonista la citt\u00e0 di Novate Milanese&nbsp; con un personaggio assai noto in citt\u00e0. Il\" \/>\n<meta property=\"og:url\" content=\"https:\/\/www.ilnotiziario.net\/wp\/bollatese\/novate-melina-dal-fornaio-della-piazza-al-talent-show\/\" \/>\n<meta property=\"og:site_name\" content=\"Il Notiziario\" \/>\n<meta property=\"article:publisher\" content=\"https:\/\/www.facebook.com\/ilnotiziarioind\/\" \/>\n<meta property=\"article:published_time\" content=\"2022-02-03T09:09:45+00:00\" \/>\n<meta property=\"og:image\" content=\"https:\/\/www.ilnotiziario.net\/wp\/wp-content\/uploads\/2022\/02\/melina-e1643879306180.jpg\" \/>\n\t<meta property=\"og:image:width\" content=\"459\" \/>\n\t<meta property=\"og:image:height\" content=\"371\" \/>\n\t<meta property=\"og:image:type\" content=\"image\/jpeg\" \/>\n<meta name=\"author\" content=\"Silvia Citterio\" \/>\n<meta name=\"twitter:card\" content=\"summary_large_image\" \/>\n<meta name=\"twitter:creator\" content=\"@ilNotiziarioInd\" \/>\n<meta name=\"twitter:site\" content=\"@ilNotiziarioInd\" \/>\n<meta name=\"twitter:label1\" content=\"Scritto da\" \/>\n\t<meta name=\"twitter:data1\" content=\"Silvia Citterio\" \/>\n\t<meta name=\"twitter:label2\" content=\"Tempo di lettura stimato\" \/>\n\t<meta name=\"twitter:data2\" content=\"2 minuti\" \/>\n<script type=\"application\/ld+json\" class=\"yoast-schema-graph\">{\"@context\":\"https:\\\/\\\/schema.org\",\"@graph\":[{\"@type\":\"Article\",\"@id\":\"https:\\\/\\\/www.ilnotiziario.net\\\/wp\\\/bollatese\\\/novate-melina-dal-fornaio-della-piazza-al-talent-show\\\/#article\",\"isPartOf\":{\"@id\":\"https:\\\/\\\/www.ilnotiziario.net\\\/wp\\\/bollatese\\\/novate-melina-dal-fornaio-della-piazza-al-talent-show\\\/\"},\"author\":{\"name\":\"Silvia Citterio\",\"@id\":\"https:\\\/\\\/www.ilnotiziario.net\\\/wp\\\/#\\\/schema\\\/person\\\/c5bca2edc3d99d29959f04a6126f687b\"},\"headline\":\"Novate: Melina, dal Fornaio della piazza al talent show\",\"datePublished\":\"2022-02-03T09:09:45+00:00\",\"mainEntityOfPage\":{\"@id\":\"https:\\\/\\\/www.ilnotiziario.net\\\/wp\\\/bollatese\\\/novate-melina-dal-fornaio-della-piazza-al-talent-show\\\/\"},\"wordCount\":351,\"publisher\":{\"@id\":\"https:\\\/\\\/www.ilnotiziario.net\\\/wp\\\/#organization\"},\"image\":{\"@id\":\"https:\\\/\\\/www.ilnotiziario.net\\\/wp\\\/bollatese\\\/novate-melina-dal-fornaio-della-piazza-al-talent-show\\\/#primaryimage\"},\"thumbnailUrl\":\"https:\\\/\\\/www.ilnotiziario.net\\\/wp\\\/wp-content\\\/uploads\\\/2022\\\/02\\\/melina-e1643879306180.jpg\",\"keywords\":[\"Melina Mistretta\",\"novate\"],\"articleSection\":[\"BOLLATESE\",\"NORD MILANO\",\"Prima Pagina\"],\"inLanguage\":\"it-IT\"},{\"@type\":\"WebPage\",\"@id\":\"https:\\\/\\\/www.ilnotiziario.net\\\/wp\\\/bollatese\\\/novate-melina-dal-fornaio-della-piazza-al-talent-show\\\/\",\"url\":\"https:\\\/\\\/www.ilnotiziario.net\\\/wp\\\/bollatese\\\/novate-melina-dal-fornaio-della-piazza-al-talent-show\\\/\",\"name\":\"Novate: Melina, dal Fornaio della piazza al talent show - Il Notiziario\",\"isPartOf\":{\"@id\":\"https:\\\/\\\/www.ilnotiziario.net\\\/wp\\\/#website\"},\"primaryImageOfPage\":{\"@id\":\"https:\\\/\\\/www.ilnotiziario.net\\\/wp\\\/bollatese\\\/novate-melina-dal-fornaio-della-piazza-al-talent-show\\\/#primaryimage\"},\"image\":{\"@id\":\"https:\\\/\\\/www.ilnotiziario.net\\\/wp\\\/bollatese\\\/novate-melina-dal-fornaio-della-piazza-al-talent-show\\\/#primaryimage\"},\"thumbnailUrl\":\"https:\\\/\\\/www.ilnotiziario.net\\\/wp\\\/wp-content\\\/uploads\\\/2022\\\/02\\\/melina-e1643879306180.jpg\",\"datePublished\":\"2022-02-03T09:09:45+00:00\",\"description\":\"&nbsp;Giunto alla sua terza edizione, il \u201cMelacantotalent\u201d vede protagonista la citt\u00e0 di Novate Milanese&nbsp; con un personaggio assai noto in citt\u00e0. Il\",\"breadcrumb\":{\"@id\":\"https:\\\/\\\/www.ilnotiziario.net\\\/wp\\\/bollatese\\\/novate-melina-dal-fornaio-della-piazza-al-talent-show\\\/#breadcrumb\"},\"inLanguage\":\"it-IT\",\"potentialAction\":[{\"@type\":\"ReadAction\",\"target\":[\"https:\\\/\\\/www.ilnotiziario.net\\\/wp\\\/bollatese\\\/novate-melina-dal-fornaio-della-piazza-al-talent-show\\\/\"]}]},{\"@type\":\"ImageObject\",\"inLanguage\":\"it-IT\",\"@id\":\"https:\\\/\\\/www.ilnotiziario.net\\\/wp\\\/bollatese\\\/novate-melina-dal-fornaio-della-piazza-al-talent-show\\\/#primaryimage\",\"url\":\"https:\\\/\\\/www.ilnotiziario.net\\\/wp\\\/wp-content\\\/uploads\\\/2022\\\/02\\\/melina-e1643879306180.jpg\",\"contentUrl\":\"https:\\\/\\\/www.ilnotiziario.net\\\/wp\\\/wp-content\\\/uploads\\\/2022\\\/02\\\/melina-e1643879306180.jpg\",\"width\":459,\"height\":371,\"caption\":\"Novate Melina e il nuovo singolo con Francesco Salvi\"},{\"@type\":\"BreadcrumbList\",\"@id\":\"https:\\\/\\\/www.ilnotiziario.net\\\/wp\\\/bollatese\\\/novate-melina-dal-fornaio-della-piazza-al-talent-show\\\/#breadcrumb\",\"itemListElement\":[{\"@type\":\"ListItem\",\"position\":1,\"name\":\"tds_text_logo_tagline_colortds_text_logo_tagline_colortds_text_logo_tagline_colortds_text_logo_tagline_colortd_module_7_title_excerpttd_module_7_title_excerpttd_module_7_title_excerpttd_module_7_title_excerptHome\",\"item\":\"https:\\\/\\\/www.ilnotiziario.net\\\/wp\\\/\"},{\"@type\":\"ListItem\",\"position\":2,\"name\":\"Novate: Melina, dal Fornaio della piazza al talent show\"}]},{\"@type\":\"WebSite\",\"@id\":\"https:\\\/\\\/www.ilnotiziario.net\\\/wp\\\/#website\",\"url\":\"https:\\\/\\\/www.ilnotiziario.net\\\/wp\\\/\",\"name\":\"Il Notiziario\",\"description\":\"Per restare sempre connessi alla notizia\",\"publisher\":{\"@id\":\"https:\\\/\\\/www.ilnotiziario.net\\\/wp\\\/#organization\"},\"alternateName\":\"Il Notiziario Bollate\",\"potentialAction\":[{\"@type\":\"SearchAction\",\"target\":{\"@type\":\"EntryPoint\",\"urlTemplate\":\"https:\\\/\\\/www.ilnotiziario.net\\\/wp\\\/?s={search_term_string}\"},\"query-input\":{\"@type\":\"PropertyValueSpecification\",\"valueRequired\":true,\"valueName\":\"search_term_string\"}}],\"inLanguage\":\"it-IT\"},{\"@type\":\"Organization\",\"@id\":\"https:\\\/\\\/www.ilnotiziario.net\\\/wp\\\/#organization\",\"name\":\"Il Notiziario\",\"url\":\"https:\\\/\\\/www.ilnotiziario.net\\\/wp\\\/\",\"logo\":{\"@type\":\"ImageObject\",\"inLanguage\":\"it-IT\",\"@id\":\"https:\\\/\\\/www.ilnotiziario.net\\\/wp\\\/#\\\/schema\\\/logo\\\/image\\\/\",\"url\":\"https:\\\/\\\/www.ilnotiziario.net\\\/wp\\\/wp-content\\\/uploads\\\/2022\\\/06\\\/170x170ilN.png\",\"contentUrl\":\"https:\\\/\\\/www.ilnotiziario.net\\\/wp\\\/wp-content\\\/uploads\\\/2022\\\/06\\\/170x170ilN.png\",\"width\":355,\"height\":355,\"caption\":\"Il Notiziario\"},\"image\":{\"@id\":\"https:\\\/\\\/www.ilnotiziario.net\\\/wp\\\/#\\\/schema\\\/logo\\\/image\\\/\"},\"sameAs\":[\"https:\\\/\\\/www.facebook.com\\\/ilnotiziarioind\\\/\",\"https:\\\/\\\/x.com\\\/ilNotiziarioInd\",\"https:\\\/\\\/www.instagram.com\\\/ilnotiziario_settimanale\\\/\"]},{\"@type\":\"Person\",\"@id\":\"https:\\\/\\\/www.ilnotiziario.net\\\/wp\\\/#\\\/schema\\\/person\\\/c5bca2edc3d99d29959f04a6126f687b\",\"name\":\"Silvia Citterio\",\"image\":{\"@type\":\"ImageObject\",\"inLanguage\":\"it-IT\",\"@id\":\"https:\\\/\\\/secure.gravatar.com\\\/avatar\\\/03eb19c63b944e79a9b5ce53ca5d1ca303edcf368a68721ec3ccaae7f98c5afd?s=96&d=mm&r=g\",\"url\":\"https:\\\/\\\/secure.gravatar.com\\\/avatar\\\/03eb19c63b944e79a9b5ce53ca5d1ca303edcf368a68721ec3ccaae7f98c5afd?s=96&d=mm&r=g\",\"contentUrl\":\"https:\\\/\\\/secure.gravatar.com\\\/avatar\\\/03eb19c63b944e79a9b5ce53ca5d1ca303edcf368a68721ec3ccaae7f98c5afd?s=96&d=mm&r=g\",\"caption\":\"Silvia Citterio\"}}]}<\/script>\n<!-- \/ Yoast SEO plugin. -->","yoast_head_json":{"title":"Novate: Melina, dal Fornaio della piazza al talent show - Il Notiziario","description":"&nbsp;Giunto alla sua terza edizione, il \u201cMelacantotalent\u201d vede protagonista la citt\u00e0 di Novate Milanese&nbsp; con un personaggio assai noto in citt\u00e0. Il","robots":{"index":"index","follow":"follow","max-snippet":"max-snippet:-1","max-image-preview":"max-image-preview:large","max-video-preview":"max-video-preview:-1"},"canonical":"https:\/\/www.ilnotiziario.net\/wp\/bollatese\/novate-melina-dal-fornaio-della-piazza-al-talent-show\/","og_locale":"it_IT","og_type":"article","og_title":"Novate: Melina, dal Fornaio della piazza al talent show - Il Notiziario","og_description":"&nbsp;Giunto alla sua terza edizione, il \u201cMelacantotalent\u201d vede protagonista la citt\u00e0 di Novate Milanese&nbsp; con un personaggio assai noto in citt\u00e0. Il","og_url":"https:\/\/www.ilnotiziario.net\/wp\/bollatese\/novate-melina-dal-fornaio-della-piazza-al-talent-show\/","og_site_name":"Il Notiziario","article_publisher":"https:\/\/www.facebook.com\/ilnotiziarioind\/","article_published_time":"2022-02-03T09:09:45+00:00","og_image":[{"width":459,"height":371,"url":"https:\/\/www.ilnotiziario.net\/wp\/wp-content\/uploads\/2022\/02\/melina-e1643879306180.jpg","type":"image\/jpeg"}],"author":"Silvia Citterio","twitter_card":"summary_large_image","twitter_creator":"@ilNotiziarioInd","twitter_site":"@ilNotiziarioInd","twitter_misc":{"Scritto da":"Silvia Citterio","Tempo di lettura stimato":"2 minuti"},"schema":{"@context":"https:\/\/schema.org","@graph":[{"@type":"Article","@id":"https:\/\/www.ilnotiziario.net\/wp\/bollatese\/novate-melina-dal-fornaio-della-piazza-al-talent-show\/#article","isPartOf":{"@id":"https:\/\/www.ilnotiziario.net\/wp\/bollatese\/novate-melina-dal-fornaio-della-piazza-al-talent-show\/"},"author":{"name":"Silvia Citterio","@id":"https:\/\/www.ilnotiziario.net\/wp\/#\/schema\/person\/c5bca2edc3d99d29959f04a6126f687b"},"headline":"Novate: Melina, dal Fornaio della piazza al talent show","datePublished":"2022-02-03T09:09:45+00:00","mainEntityOfPage":{"@id":"https:\/\/www.ilnotiziario.net\/wp\/bollatese\/novate-melina-dal-fornaio-della-piazza-al-talent-show\/"},"wordCount":351,"publisher":{"@id":"https:\/\/www.ilnotiziario.net\/wp\/#organization"},"image":{"@id":"https:\/\/www.ilnotiziario.net\/wp\/bollatese\/novate-melina-dal-fornaio-della-piazza-al-talent-show\/#primaryimage"},"thumbnailUrl":"https:\/\/www.ilnotiziario.net\/wp\/wp-content\/uploads\/2022\/02\/melina-e1643879306180.jpg","keywords":["Melina Mistretta","novate"],"articleSection":["BOLLATESE","NORD MILANO","Prima Pagina"],"inLanguage":"it-IT"},{"@type":"WebPage","@id":"https:\/\/www.ilnotiziario.net\/wp\/bollatese\/novate-melina-dal-fornaio-della-piazza-al-talent-show\/","url":"https:\/\/www.ilnotiziario.net\/wp\/bollatese\/novate-melina-dal-fornaio-della-piazza-al-talent-show\/","name":"Novate: Melina, dal Fornaio della piazza al talent show - Il Notiziario","isPartOf":{"@id":"https:\/\/www.ilnotiziario.net\/wp\/#website"},"primaryImageOfPage":{"@id":"https:\/\/www.ilnotiziario.net\/wp\/bollatese\/novate-melina-dal-fornaio-della-piazza-al-talent-show\/#primaryimage"},"image":{"@id":"https:\/\/www.ilnotiziario.net\/wp\/bollatese\/novate-melina-dal-fornaio-della-piazza-al-talent-show\/#primaryimage"},"thumbnailUrl":"https:\/\/www.ilnotiziario.net\/wp\/wp-content\/uploads\/2022\/02\/melina-e1643879306180.jpg","datePublished":"2022-02-03T09:09:45+00:00","description":"&nbsp;Giunto alla sua terza edizione, il \u201cMelacantotalent\u201d vede protagonista la citt\u00e0 di Novate Milanese&nbsp; con un personaggio assai noto in citt\u00e0. Il","breadcrumb":{"@id":"https:\/\/www.ilnotiziario.net\/wp\/bollatese\/novate-melina-dal-fornaio-della-piazza-al-talent-show\/#breadcrumb"},"inLanguage":"it-IT","potentialAction":[{"@type":"ReadAction","target":["https:\/\/www.ilnotiziario.net\/wp\/bollatese\/novate-melina-dal-fornaio-della-piazza-al-talent-show\/"]}]},{"@type":"ImageObject","inLanguage":"it-IT","@id":"https:\/\/www.ilnotiziario.net\/wp\/bollatese\/novate-melina-dal-fornaio-della-piazza-al-talent-show\/#primaryimage","url":"https:\/\/www.ilnotiziario.net\/wp\/wp-content\/uploads\/2022\/02\/melina-e1643879306180.jpg","contentUrl":"https:\/\/www.ilnotiziario.net\/wp\/wp-content\/uploads\/2022\/02\/melina-e1643879306180.jpg","width":459,"height":371,"caption":"Novate Melina e il nuovo singolo con Francesco Salvi"},{"@type":"BreadcrumbList","@id":"https:\/\/www.ilnotiziario.net\/wp\/bollatese\/novate-melina-dal-fornaio-della-piazza-al-talent-show\/#breadcrumb","itemListElement":[{"@type":"ListItem","position":1,"name":"tds_text_logo_tagline_colortds_text_logo_tagline_colortds_text_logo_tagline_colortds_text_logo_tagline_colortd_module_7_title_excerpttd_module_7_title_excerpttd_module_7_title_excerpttd_module_7_title_excerptHome","item":"https:\/\/www.ilnotiziario.net\/wp\/"},{"@type":"ListItem","position":2,"name":"Novate: Melina, dal Fornaio della piazza al talent show"}]},{"@type":"WebSite","@id":"https:\/\/www.ilnotiziario.net\/wp\/#website","url":"https:\/\/www.ilnotiziario.net\/wp\/","name":"Il Notiziario","description":"Per restare sempre connessi alla notizia","publisher":{"@id":"https:\/\/www.ilnotiziario.net\/wp\/#organization"},"alternateName":"Il Notiziario Bollate","potentialAction":[{"@type":"SearchAction","target":{"@type":"EntryPoint","urlTemplate":"https:\/\/www.ilnotiziario.net\/wp\/?s={search_term_string}"},"query-input":{"@type":"PropertyValueSpecification","valueRequired":true,"valueName":"search_term_string"}}],"inLanguage":"it-IT"},{"@type":"Organization","@id":"https:\/\/www.ilnotiziario.net\/wp\/#organization","name":"Il Notiziario","url":"https:\/\/www.ilnotiziario.net\/wp\/","logo":{"@type":"ImageObject","inLanguage":"it-IT","@id":"https:\/\/www.ilnotiziario.net\/wp\/#\/schema\/logo\/image\/","url":"https:\/\/www.ilnotiziario.net\/wp\/wp-content\/uploads\/2022\/06\/170x170ilN.png","contentUrl":"https:\/\/www.ilnotiziario.net\/wp\/wp-content\/uploads\/2022\/06\/170x170ilN.png","width":355,"height":355,"caption":"Il Notiziario"},"image":{"@id":"https:\/\/www.ilnotiziario.net\/wp\/#\/schema\/logo\/image\/"},"sameAs":["https:\/\/www.facebook.com\/ilnotiziarioind\/","https:\/\/x.com\/ilNotiziarioInd","https:\/\/www.instagram.com\/ilnotiziario_settimanale\/"]},{"@type":"Person","@id":"https:\/\/www.ilnotiziario.net\/wp\/#\/schema\/person\/c5bca2edc3d99d29959f04a6126f687b","name":"Silvia Citterio","image":{"@type":"ImageObject","inLanguage":"it-IT","@id":"https:\/\/secure.gravatar.com\/avatar\/03eb19c63b944e79a9b5ce53ca5d1ca303edcf368a68721ec3ccaae7f98c5afd?s=96&d=mm&r=g","url":"https:\/\/secure.gravatar.com\/avatar\/03eb19c63b944e79a9b5ce53ca5d1ca303edcf368a68721ec3ccaae7f98c5afd?s=96&d=mm&r=g","contentUrl":"https:\/\/secure.gravatar.com\/avatar\/03eb19c63b944e79a9b5ce53ca5d1ca303edcf368a68721ec3ccaae7f98c5afd?s=96&d=mm&r=g","caption":"Silvia Citterio"}}]}},"_links":{"self":[{"href":"https:\/\/www.ilnotiziario.net\/wp\/wp-json\/wp\/v2\/posts\/161740","targetHints":{"allow":["GET"]}}],"collection":[{"href":"https:\/\/www.ilnotiziario.net\/wp\/wp-json\/wp\/v2\/posts"}],"about":[{"href":"https:\/\/www.ilnotiziario.net\/wp\/wp-json\/wp\/v2\/types\/post"}],"author":[{"embeddable":true,"href":"https:\/\/www.ilnotiziario.net\/wp\/wp-json\/wp\/v2\/users\/14"}],"replies":[{"embeddable":true,"href":"https:\/\/www.ilnotiziario.net\/wp\/wp-json\/wp\/v2\/comments?post=161740"}],"version-history":[{"count":0,"href":"https:\/\/www.ilnotiziario.net\/wp\/wp-json\/wp\/v2\/posts\/161740\/revisions"}],"wp:featuredmedia":[{"embeddable":true,"href":"https:\/\/www.ilnotiziario.net\/wp\/wp-json\/wp\/v2\/media\/161741"}],"wp:attachment":[{"href":"https:\/\/www.ilnotiziario.net\/wp\/wp-json\/wp\/v2\/media?parent=161740"}],"wp:term":[{"taxonomy":"category","embeddable":true,"href":"https:\/\/www.ilnotiziario.net\/wp\/wp-json\/wp\/v2\/categories?post=161740"},{"taxonomy":"post_tag","embeddable":true,"href":"https:\/\/www.ilnotiziario.net\/wp\/wp-json\/wp\/v2\/tags?post=161740"}],"curies":[{"name":"wp","href":"https:\/\/api.w.org\/{rel}","templated":true}]}}