{"id":161746,"date":"2022-02-01T16:07:36","date_gmt":"2022-02-01T15:07:36","guid":{"rendered":"https:\/\/www.ilnotiziario.net\/wp\/?p=161746"},"modified":"2022-02-01T16:18:49","modified_gmt":"2022-02-01T15:18:49","slug":"chef-enrico-derflingher-al-prealpi-di-saronno-la-regina-elisabetta-va-matta-per-il-mio-risotto-victoria-i-video","status":"publish","type":"post","link":"https:\/\/www.ilnotiziario.net\/wp\/prima-pagina\/chef-enrico-derflingher-al-prealpi-di-saronno-la-regina-elisabetta-va-matta-per-il-mio-risotto-victoria-i-video\/","title":{"rendered":"Chef Enrico Derflingher al Prealpi di Saronno: &#8220;La regina Elisabetta va matta per il mio risotto Victoria&#8221; I VIDEO"},"content":{"rendered":"<figure id=\"attachment_161752\" aria-describedby=\"caption-attachment-161752\" style=\"width: 300px\" class=\"wp-caption alignnone\"><img fetchpriority=\"high\" decoding=\"async\" class=\"size-medium wp-image-161752\" src=\"https:\/\/www.ilnotiziario.net\/wp\/wp-content\/uploads\/2022\/02\/WhatsApp-Image-2022-02-01-at-11.06.10-300x225.jpeg\" alt=\"\" width=\"300\" height=\"225\" srcset=\"https:\/\/www.ilnotiziario.net\/wp\/wp-content\/uploads\/2022\/02\/WhatsApp-Image-2022-02-01-at-11.06.10-300x225.jpeg 300w, https:\/\/www.ilnotiziario.net\/wp\/wp-content\/uploads\/2022\/02\/WhatsApp-Image-2022-02-01-at-11.06.10-1024x768.jpeg 1024w, https:\/\/www.ilnotiziario.net\/wp\/wp-content\/uploads\/2022\/02\/WhatsApp-Image-2022-02-01-at-11.06.10-768x576.jpeg 768w, https:\/\/www.ilnotiziario.net\/wp\/wp-content\/uploads\/2022\/02\/WhatsApp-Image-2022-02-01-at-11.06.10-1536x1152.jpeg 1536w, https:\/\/www.ilnotiziario.net\/wp\/wp-content\/uploads\/2022\/02\/WhatsApp-Image-2022-02-01-at-11.06.10-696x522.jpeg 696w, https:\/\/www.ilnotiziario.net\/wp\/wp-content\/uploads\/2022\/02\/WhatsApp-Image-2022-02-01-at-11.06.10-1392x1044.jpeg 1392w, https:\/\/www.ilnotiziario.net\/wp\/wp-content\/uploads\/2022\/02\/WhatsApp-Image-2022-02-01-at-11.06.10-1068x801.jpeg 1068w, https:\/\/www.ilnotiziario.net\/wp\/wp-content\/uploads\/2022\/02\/WhatsApp-Image-2022-02-01-at-11.06.10-80x60.jpeg 80w, https:\/\/www.ilnotiziario.net\/wp\/wp-content\/uploads\/2022\/02\/WhatsApp-Image-2022-02-01-at-11.06.10-160x120.jpeg 160w, https:\/\/www.ilnotiziario.net\/wp\/wp-content\/uploads\/2022\/02\/WhatsApp-Image-2022-02-01-at-11.06.10-265x198.jpeg 265w, https:\/\/www.ilnotiziario.net\/wp\/wp-content\/uploads\/2022\/02\/WhatsApp-Image-2022-02-01-at-11.06.10.jpeg 1600w\" sizes=\"(max-width: 300px) 100vw, 300px\" \/><figcaption id=\"caption-attachment-161752\" class=\"wp-caption-text\">Il presidente di Euro Toques Enrico Derflingher con gli studenti dell&#8217;istituto alberghiero Prealpi di Saronno<\/figcaption><\/figure>\n<p>Da Bellagio sul lago di Como alle stanze regali di Buckingham Palace. Ha 14 anni lo chef <strong>Enrico Derflingher<\/strong> quando si affaccia, per la prima volta, in una cucina professionale. Affetta carote e pela patate da mattina a sera, e mai avrebbe immaginato che dodici anni dopo avrebbe cucinato addirittura per la <strong>Regina Elisabetta<\/strong>, primo chef italiano ammesso tra i fornelli della Casa Reale britannica dopo 400 cuochi francesi. Lo chef Derflingher ha incontrato questa mattina gli studenti dell&#8217;<strong>istituto alberghiero Prealpi<\/strong> di <strong>Saronno: <\/strong>insieme al loro docente, <a href=\"https:\/\/www.ilnotiziario.net\/wp\/2021\/12\/22\/saronno-chef-carlo-mazara-premiato-a-roma-con-il-collare-collegium-cocorum-i-video\/\">chef Carlo Mazara, recentemente premiato a Roma<\/a>, l&#8217;attuale presidente di <strong>Euro Toques International<\/strong> ha ripercorso le tappe di una carriera che lo ha portato a deliziare i palati pi\u00f9 potenti del globo. Tante le curiosit\u00e0 dei giovani aspiranti cuochi che si formano per eccellere in un settore dove l&#8217;Italia \u00e8 da sempre capofila:<\/p><div id=\"ilnot-2670369982\" class=\"ilnot-contenuto ilnot-entity-placement\"><p><!-- incontent_1 --><\/p>\n<div class=\"gptslot\" data-adunitid=\"1\"><\/div>\n<\/div>\n<div class=\"epyt-video-wrapper\"><iframe  id=\"_ytid_14158\"  width=\"765\" height=\"430\"  data-origwidth=\"765\" data-origheight=\"430\"  data-relstop=\"1\" src=\"https:\/\/www.youtube-nocookie.com\/embed\/tWM1wVr5m7A?enablejsapi=1&autoplay=0&cc_load_policy=0&cc_lang_pref=&iv_load_policy=1&loop=0&rel=0&fs=1&playsinline=0&autohide=2&theme=dark&color=red&controls=1&disablekb=0&\" class=\"__youtube_prefs__  no-lazyload\" title=\"YouTube player\"  allow=\"fullscreen; accelerometer; autoplay; clipboard-write; encrypted-media; gyroscope; picture-in-picture; web-share\" referrerpolicy=\"strict-origin-when-cross-origin\" allowfullscreen data-no-lazy=\"1\" data-skipgform_ajax_framebjll=\"\"><\/iframe><\/div>\n<p>&nbsp;<\/p>\n<p>&nbsp;<\/p>\n<p><strong>Claudio Agrelli<\/strong><\/p>\n","protected":false},"excerpt":{"rendered":"<p>Da Bellagio sul lago di Como alle stanze regali di Buckingham Palace. Ha 14 anni lo chef Enrico Derflingher quando si affaccia, per la prima volta, in una cucina professionale. Affetta carote e pela patate da mattina a sera, e mai avrebbe immaginato che dodici anni dopo avrebbe cucinato addirittura per la Regina Elisabetta, primo<\/p>\n","protected":false},"author":3,"featured_media":161752,"comment_status":"closed","ping_status":"closed","sticky":false,"template":"","format":"standard","meta":{"footnotes":""},"categories":[20,13,14,16,21],"tags":[8541,9645,3117,3775,9644,9825,9647,9496,9826,56],"class_list":{"0":"post-161746","1":"post","2":"type-post","3":"status-publish","4":"format-standard","5":"has-post-thumbnail","7":"category-prima-pagina","8":"category-saronnese","9":"category-saronno","10":"category-storie","11":"category-video","12":"tag-alberghiero","13":"tag-carlo-mazara","14":"tag-chef","15":"tag-cucina","16":"tag-cucina-italiana","17":"tag-enrico-derflingher","18":"tag-euro-toque","19":"tag-istituto-prealpi","20":"tag-regina-elisabetta","21":"tag-saronno-2"},"yoast_head":"<!-- This site is optimized with the Yoast SEO plugin v27.4 - https:\/\/yoast.com\/product\/yoast-seo-wordpress\/ -->\n<title>Chef Enrico Derflingher al Prealpi di Saronno: &quot;La regina Elisabetta va matta per il mio risotto Victoria&quot; I VIDEO - Il Notiziario<\/title>\n<meta name=\"description\" content=\"Da Bellagio sul lago di Como alle stanze regali di Buckingham Palace. Ha 14 anni lo chef Enrico Derflingher quando si affaccia, per la prima volta, in una\" \/>\n<meta name=\"robots\" content=\"index, follow, max-snippet:-1, max-image-preview:large, max-video-preview:-1\" \/>\n<link rel=\"canonical\" href=\"https:\/\/www.ilnotiziario.net\/wp\/prima-pagina\/chef-enrico-derflingher-al-prealpi-di-saronno-la-regina-elisabetta-va-matta-per-il-mio-risotto-victoria-i-video\/\" \/>\n<meta property=\"og:locale\" content=\"it_IT\" \/>\n<meta property=\"og:type\" content=\"article\" \/>\n<meta property=\"og:title\" content=\"Chef Enrico Derflingher al Prealpi di Saronno: &quot;La regina Elisabetta va matta per il mio risotto Victoria&quot; I VIDEO - Il Notiziario\" \/>\n<meta property=\"og:description\" content=\"Da Bellagio sul lago di Como alle stanze regali di Buckingham Palace. Ha 14 anni lo chef Enrico Derflingher quando si affaccia, per la prima volta, in una\" \/>\n<meta property=\"og:url\" content=\"https:\/\/www.ilnotiziario.net\/wp\/prima-pagina\/chef-enrico-derflingher-al-prealpi-di-saronno-la-regina-elisabetta-va-matta-per-il-mio-risotto-victoria-i-video\/\" \/>\n<meta property=\"og:site_name\" content=\"Il Notiziario\" \/>\n<meta property=\"article:publisher\" content=\"https:\/\/www.facebook.com\/ilnotiziarioind\/\" \/>\n<meta property=\"article:published_time\" content=\"2022-02-01T15:07:36+00:00\" \/>\n<meta property=\"article:modified_time\" content=\"2022-02-01T15:18:49+00:00\" \/>\n<meta property=\"og:image\" content=\"https:\/\/www.ilnotiziario.net\/wp\/wp-content\/uploads\/2022\/02\/WhatsApp-Image-2022-02-01-at-11.06.10.jpeg\" \/>\n\t<meta property=\"og:image:width\" content=\"1600\" \/>\n\t<meta property=\"og:image:height\" content=\"1200\" \/>\n\t<meta property=\"og:image:type\" content=\"image\/jpeg\" \/>\n<meta name=\"author\" content=\"Gabriele Bassani\" \/>\n<meta name=\"twitter:card\" content=\"summary_large_image\" \/>\n<meta name=\"twitter:creator\" content=\"@ilNotiziarioInd\" \/>\n<meta name=\"twitter:site\" content=\"@ilNotiziarioInd\" \/>\n<meta name=\"twitter:label1\" content=\"Scritto da\" \/>\n\t<meta name=\"twitter:data1\" content=\"Gabriele Bassani\" \/>\n\t<meta name=\"twitter:label2\" content=\"Tempo di lettura stimato\" \/>\n\t<meta name=\"twitter:data2\" content=\"2 minuti\" \/>\n<script type=\"application\/ld+json\" class=\"yoast-schema-graph\">{\"@context\":\"https:\\\/\\\/schema.org\",\"@graph\":[{\"@type\":\"Article\",\"@id\":\"https:\\\/\\\/www.ilnotiziario.net\\\/wp\\\/prima-pagina\\\/chef-enrico-derflingher-al-prealpi-di-saronno-la-regina-elisabetta-va-matta-per-il-mio-risotto-victoria-i-video\\\/#article\",\"isPartOf\":{\"@id\":\"https:\\\/\\\/www.ilnotiziario.net\\\/wp\\\/prima-pagina\\\/chef-enrico-derflingher-al-prealpi-di-saronno-la-regina-elisabetta-va-matta-per-il-mio-risotto-victoria-i-video\\\/\"},\"author\":{\"name\":\"Gabriele Bassani\",\"@id\":\"https:\\\/\\\/www.ilnotiziario.net\\\/wp\\\/#\\\/schema\\\/person\\\/386e222908f898bb41c033989482bbf2\"},\"headline\":\"Chef Enrico Derflingher al Prealpi di Saronno: &#8220;La regina Elisabetta va matta per il mio risotto Victoria&#8221; I VIDEO\",\"datePublished\":\"2022-02-01T15:07:36+00:00\",\"dateModified\":\"2022-02-01T15:18:49+00:00\",\"mainEntityOfPage\":{\"@id\":\"https:\\\/\\\/www.ilnotiziario.net\\\/wp\\\/prima-pagina\\\/chef-enrico-derflingher-al-prealpi-di-saronno-la-regina-elisabetta-va-matta-per-il-mio-risotto-victoria-i-video\\\/\"},\"wordCount\":198,\"publisher\":{\"@id\":\"https:\\\/\\\/www.ilnotiziario.net\\\/wp\\\/#organization\"},\"image\":{\"@id\":\"https:\\\/\\\/www.ilnotiziario.net\\\/wp\\\/prima-pagina\\\/chef-enrico-derflingher-al-prealpi-di-saronno-la-regina-elisabetta-va-matta-per-il-mio-risotto-victoria-i-video\\\/#primaryimage\"},\"thumbnailUrl\":\"https:\\\/\\\/www.ilnotiziario.net\\\/wp\\\/wp-content\\\/uploads\\\/2022\\\/02\\\/WhatsApp-Image-2022-02-01-at-11.06.10.jpeg\",\"keywords\":[\"alberghiero\",\"Carlo Mazara\",\"chef\",\"cucina\",\"cucina italiana\",\"Enrico Derflingher\",\"Euro Toque\",\"Istituto Prealpi\",\"Regina Elisabetta\",\"Saronno\"],\"articleSection\":[\"Prima Pagina\",\"SARONNESE\",\"SARONNO\",\"STORIE\",\"Video\"],\"inLanguage\":\"it-IT\"},{\"@type\":\"WebPage\",\"@id\":\"https:\\\/\\\/www.ilnotiziario.net\\\/wp\\\/prima-pagina\\\/chef-enrico-derflingher-al-prealpi-di-saronno-la-regina-elisabetta-va-matta-per-il-mio-risotto-victoria-i-video\\\/\",\"url\":\"https:\\\/\\\/www.ilnotiziario.net\\\/wp\\\/prima-pagina\\\/chef-enrico-derflingher-al-prealpi-di-saronno-la-regina-elisabetta-va-matta-per-il-mio-risotto-victoria-i-video\\\/\",\"name\":\"Chef Enrico Derflingher al Prealpi di Saronno: \\\"La regina Elisabetta va matta per il mio risotto Victoria\\\" I VIDEO - Il Notiziario\",\"isPartOf\":{\"@id\":\"https:\\\/\\\/www.ilnotiziario.net\\\/wp\\\/#website\"},\"primaryImageOfPage\":{\"@id\":\"https:\\\/\\\/www.ilnotiziario.net\\\/wp\\\/prima-pagina\\\/chef-enrico-derflingher-al-prealpi-di-saronno-la-regina-elisabetta-va-matta-per-il-mio-risotto-victoria-i-video\\\/#primaryimage\"},\"image\":{\"@id\":\"https:\\\/\\\/www.ilnotiziario.net\\\/wp\\\/prima-pagina\\\/chef-enrico-derflingher-al-prealpi-di-saronno-la-regina-elisabetta-va-matta-per-il-mio-risotto-victoria-i-video\\\/#primaryimage\"},\"thumbnailUrl\":\"https:\\\/\\\/www.ilnotiziario.net\\\/wp\\\/wp-content\\\/uploads\\\/2022\\\/02\\\/WhatsApp-Image-2022-02-01-at-11.06.10.jpeg\",\"datePublished\":\"2022-02-01T15:07:36+00:00\",\"dateModified\":\"2022-02-01T15:18:49+00:00\",\"description\":\"Da Bellagio sul lago di Como alle stanze regali di Buckingham Palace. Ha 14 anni lo chef Enrico Derflingher quando si affaccia, per la prima volta, in una\",\"breadcrumb\":{\"@id\":\"https:\\\/\\\/www.ilnotiziario.net\\\/wp\\\/prima-pagina\\\/chef-enrico-derflingher-al-prealpi-di-saronno-la-regina-elisabetta-va-matta-per-il-mio-risotto-victoria-i-video\\\/#breadcrumb\"},\"inLanguage\":\"it-IT\",\"potentialAction\":[{\"@type\":\"ReadAction\",\"target\":[\"https:\\\/\\\/www.ilnotiziario.net\\\/wp\\\/prima-pagina\\\/chef-enrico-derflingher-al-prealpi-di-saronno-la-regina-elisabetta-va-matta-per-il-mio-risotto-victoria-i-video\\\/\"]}]},{\"@type\":\"ImageObject\",\"inLanguage\":\"it-IT\",\"@id\":\"https:\\\/\\\/www.ilnotiziario.net\\\/wp\\\/prima-pagina\\\/chef-enrico-derflingher-al-prealpi-di-saronno-la-regina-elisabetta-va-matta-per-il-mio-risotto-victoria-i-video\\\/#primaryimage\",\"url\":\"https:\\\/\\\/www.ilnotiziario.net\\\/wp\\\/wp-content\\\/uploads\\\/2022\\\/02\\\/WhatsApp-Image-2022-02-01-at-11.06.10.jpeg\",\"contentUrl\":\"https:\\\/\\\/www.ilnotiziario.net\\\/wp\\\/wp-content\\\/uploads\\\/2022\\\/02\\\/WhatsApp-Image-2022-02-01-at-11.06.10.jpeg\",\"width\":1600,\"height\":1200,\"caption\":\"Il presidente di Euro Toques Enrico Derflingher con gli studenti dell'istituto alberghiero Prealpi di Saronno\"},{\"@type\":\"BreadcrumbList\",\"@id\":\"https:\\\/\\\/www.ilnotiziario.net\\\/wp\\\/prima-pagina\\\/chef-enrico-derflingher-al-prealpi-di-saronno-la-regina-elisabetta-va-matta-per-il-mio-risotto-victoria-i-video\\\/#breadcrumb\",\"itemListElement\":[{\"@type\":\"ListItem\",\"position\":1,\"name\":\"tds_text_logo_tagline_colortds_text_logo_tagline_colortds_text_logo_tagline_colortds_text_logo_tagline_colortd_module_7_title_excerpttd_module_7_title_excerpttd_module_7_title_excerpttd_module_7_title_excerptHome\",\"item\":\"https:\\\/\\\/www.ilnotiziario.net\\\/wp\\\/\"},{\"@type\":\"ListItem\",\"position\":2,\"name\":\"Chef Enrico Derflingher al Prealpi di Saronno: &#8220;La regina Elisabetta va matta per il mio risotto Victoria&#8221; I VIDEO\"}]},{\"@type\":\"WebSite\",\"@id\":\"https:\\\/\\\/www.ilnotiziario.net\\\/wp\\\/#website\",\"url\":\"https:\\\/\\\/www.ilnotiziario.net\\\/wp\\\/\",\"name\":\"Il Notiziario\",\"description\":\"Per restare sempre connessi alla notizia\",\"publisher\":{\"@id\":\"https:\\\/\\\/www.ilnotiziario.net\\\/wp\\\/#organization\"},\"alternateName\":\"Il Notiziario Bollate\",\"potentialAction\":[{\"@type\":\"SearchAction\",\"target\":{\"@type\":\"EntryPoint\",\"urlTemplate\":\"https:\\\/\\\/www.ilnotiziario.net\\\/wp\\\/?s={search_term_string}\"},\"query-input\":{\"@type\":\"PropertyValueSpecification\",\"valueRequired\":true,\"valueName\":\"search_term_string\"}}],\"inLanguage\":\"it-IT\"},{\"@type\":\"Organization\",\"@id\":\"https:\\\/\\\/www.ilnotiziario.net\\\/wp\\\/#organization\",\"name\":\"Il Notiziario\",\"url\":\"https:\\\/\\\/www.ilnotiziario.net\\\/wp\\\/\",\"logo\":{\"@type\":\"ImageObject\",\"inLanguage\":\"it-IT\",\"@id\":\"https:\\\/\\\/www.ilnotiziario.net\\\/wp\\\/#\\\/schema\\\/logo\\\/image\\\/\",\"url\":\"https:\\\/\\\/www.ilnotiziario.net\\\/wp\\\/wp-content\\\/uploads\\\/2022\\\/06\\\/170x170ilN.png\",\"contentUrl\":\"https:\\\/\\\/www.ilnotiziario.net\\\/wp\\\/wp-content\\\/uploads\\\/2022\\\/06\\\/170x170ilN.png\",\"width\":355,\"height\":355,\"caption\":\"Il Notiziario\"},\"image\":{\"@id\":\"https:\\\/\\\/www.ilnotiziario.net\\\/wp\\\/#\\\/schema\\\/logo\\\/image\\\/\"},\"sameAs\":[\"https:\\\/\\\/www.facebook.com\\\/ilnotiziarioind\\\/\",\"https:\\\/\\\/x.com\\\/ilNotiziarioInd\",\"https:\\\/\\\/www.instagram.com\\\/ilnotiziario_settimanale\\\/\"]},{\"@type\":\"Person\",\"@id\":\"https:\\\/\\\/www.ilnotiziario.net\\\/wp\\\/#\\\/schema\\\/person\\\/386e222908f898bb41c033989482bbf2\",\"name\":\"Gabriele Bassani\",\"image\":{\"@type\":\"ImageObject\",\"inLanguage\":\"it-IT\",\"@id\":\"https:\\\/\\\/secure.gravatar.com\\\/avatar\\\/09274f4a84fa97698bde56f84b3afed61c8492d48b0550db9671b68c177479cb?s=96&d=mm&r=g\",\"url\":\"https:\\\/\\\/secure.gravatar.com\\\/avatar\\\/09274f4a84fa97698bde56f84b3afed61c8492d48b0550db9671b68c177479cb?s=96&d=mm&r=g\",\"contentUrl\":\"https:\\\/\\\/secure.gravatar.com\\\/avatar\\\/09274f4a84fa97698bde56f84b3afed61c8492d48b0550db9671b68c177479cb?s=96&d=mm&r=g\",\"caption\":\"Gabriele Bassani\"},\"sameAs\":[\"http:\\\/\\\/www.ilnotiziario.net\"]}]}<\/script>\n<!-- \/ Yoast SEO plugin. -->","yoast_head_json":{"title":"Chef Enrico Derflingher al Prealpi di Saronno: \"La regina Elisabetta va matta per il mio risotto Victoria\" I VIDEO - Il Notiziario","description":"Da Bellagio sul lago di Como alle stanze regali di Buckingham Palace. Ha 14 anni lo chef Enrico Derflingher quando si affaccia, per la prima volta, in una","robots":{"index":"index","follow":"follow","max-snippet":"max-snippet:-1","max-image-preview":"max-image-preview:large","max-video-preview":"max-video-preview:-1"},"canonical":"https:\/\/www.ilnotiziario.net\/wp\/prima-pagina\/chef-enrico-derflingher-al-prealpi-di-saronno-la-regina-elisabetta-va-matta-per-il-mio-risotto-victoria-i-video\/","og_locale":"it_IT","og_type":"article","og_title":"Chef Enrico Derflingher al Prealpi di Saronno: \"La regina Elisabetta va matta per il mio risotto Victoria\" I VIDEO - Il Notiziario","og_description":"Da Bellagio sul lago di Como alle stanze regali di Buckingham Palace. Ha 14 anni lo chef Enrico Derflingher quando si affaccia, per la prima volta, in una","og_url":"https:\/\/www.ilnotiziario.net\/wp\/prima-pagina\/chef-enrico-derflingher-al-prealpi-di-saronno-la-regina-elisabetta-va-matta-per-il-mio-risotto-victoria-i-video\/","og_site_name":"Il Notiziario","article_publisher":"https:\/\/www.facebook.com\/ilnotiziarioind\/","article_published_time":"2022-02-01T15:07:36+00:00","article_modified_time":"2022-02-01T15:18:49+00:00","og_image":[{"width":1600,"height":1200,"url":"https:\/\/www.ilnotiziario.net\/wp\/wp-content\/uploads\/2022\/02\/WhatsApp-Image-2022-02-01-at-11.06.10.jpeg","type":"image\/jpeg"}],"author":"Gabriele Bassani","twitter_card":"summary_large_image","twitter_creator":"@ilNotiziarioInd","twitter_site":"@ilNotiziarioInd","twitter_misc":{"Scritto da":"Gabriele Bassani","Tempo di lettura stimato":"2 minuti"},"schema":{"@context":"https:\/\/schema.org","@graph":[{"@type":"Article","@id":"https:\/\/www.ilnotiziario.net\/wp\/prima-pagina\/chef-enrico-derflingher-al-prealpi-di-saronno-la-regina-elisabetta-va-matta-per-il-mio-risotto-victoria-i-video\/#article","isPartOf":{"@id":"https:\/\/www.ilnotiziario.net\/wp\/prima-pagina\/chef-enrico-derflingher-al-prealpi-di-saronno-la-regina-elisabetta-va-matta-per-il-mio-risotto-victoria-i-video\/"},"author":{"name":"Gabriele Bassani","@id":"https:\/\/www.ilnotiziario.net\/wp\/#\/schema\/person\/386e222908f898bb41c033989482bbf2"},"headline":"Chef Enrico Derflingher al Prealpi di Saronno: &#8220;La regina Elisabetta va matta per il mio risotto Victoria&#8221; I VIDEO","datePublished":"2022-02-01T15:07:36+00:00","dateModified":"2022-02-01T15:18:49+00:00","mainEntityOfPage":{"@id":"https:\/\/www.ilnotiziario.net\/wp\/prima-pagina\/chef-enrico-derflingher-al-prealpi-di-saronno-la-regina-elisabetta-va-matta-per-il-mio-risotto-victoria-i-video\/"},"wordCount":198,"publisher":{"@id":"https:\/\/www.ilnotiziario.net\/wp\/#organization"},"image":{"@id":"https:\/\/www.ilnotiziario.net\/wp\/prima-pagina\/chef-enrico-derflingher-al-prealpi-di-saronno-la-regina-elisabetta-va-matta-per-il-mio-risotto-victoria-i-video\/#primaryimage"},"thumbnailUrl":"https:\/\/www.ilnotiziario.net\/wp\/wp-content\/uploads\/2022\/02\/WhatsApp-Image-2022-02-01-at-11.06.10.jpeg","keywords":["alberghiero","Carlo Mazara","chef","cucina","cucina italiana","Enrico Derflingher","Euro Toque","Istituto Prealpi","Regina Elisabetta","Saronno"],"articleSection":["Prima Pagina","SARONNESE","SARONNO","STORIE","Video"],"inLanguage":"it-IT"},{"@type":"WebPage","@id":"https:\/\/www.ilnotiziario.net\/wp\/prima-pagina\/chef-enrico-derflingher-al-prealpi-di-saronno-la-regina-elisabetta-va-matta-per-il-mio-risotto-victoria-i-video\/","url":"https:\/\/www.ilnotiziario.net\/wp\/prima-pagina\/chef-enrico-derflingher-al-prealpi-di-saronno-la-regina-elisabetta-va-matta-per-il-mio-risotto-victoria-i-video\/","name":"Chef Enrico Derflingher al Prealpi di Saronno: \"La regina Elisabetta va matta per il mio risotto Victoria\" I VIDEO - Il Notiziario","isPartOf":{"@id":"https:\/\/www.ilnotiziario.net\/wp\/#website"},"primaryImageOfPage":{"@id":"https:\/\/www.ilnotiziario.net\/wp\/prima-pagina\/chef-enrico-derflingher-al-prealpi-di-saronno-la-regina-elisabetta-va-matta-per-il-mio-risotto-victoria-i-video\/#primaryimage"},"image":{"@id":"https:\/\/www.ilnotiziario.net\/wp\/prima-pagina\/chef-enrico-derflingher-al-prealpi-di-saronno-la-regina-elisabetta-va-matta-per-il-mio-risotto-victoria-i-video\/#primaryimage"},"thumbnailUrl":"https:\/\/www.ilnotiziario.net\/wp\/wp-content\/uploads\/2022\/02\/WhatsApp-Image-2022-02-01-at-11.06.10.jpeg","datePublished":"2022-02-01T15:07:36+00:00","dateModified":"2022-02-01T15:18:49+00:00","description":"Da Bellagio sul lago di Como alle stanze regali di Buckingham Palace. Ha 14 anni lo chef Enrico Derflingher quando si affaccia, per la prima volta, in una","breadcrumb":{"@id":"https:\/\/www.ilnotiziario.net\/wp\/prima-pagina\/chef-enrico-derflingher-al-prealpi-di-saronno-la-regina-elisabetta-va-matta-per-il-mio-risotto-victoria-i-video\/#breadcrumb"},"inLanguage":"it-IT","potentialAction":[{"@type":"ReadAction","target":["https:\/\/www.ilnotiziario.net\/wp\/prima-pagina\/chef-enrico-derflingher-al-prealpi-di-saronno-la-regina-elisabetta-va-matta-per-il-mio-risotto-victoria-i-video\/"]}]},{"@type":"ImageObject","inLanguage":"it-IT","@id":"https:\/\/www.ilnotiziario.net\/wp\/prima-pagina\/chef-enrico-derflingher-al-prealpi-di-saronno-la-regina-elisabetta-va-matta-per-il-mio-risotto-victoria-i-video\/#primaryimage","url":"https:\/\/www.ilnotiziario.net\/wp\/wp-content\/uploads\/2022\/02\/WhatsApp-Image-2022-02-01-at-11.06.10.jpeg","contentUrl":"https:\/\/www.ilnotiziario.net\/wp\/wp-content\/uploads\/2022\/02\/WhatsApp-Image-2022-02-01-at-11.06.10.jpeg","width":1600,"height":1200,"caption":"Il presidente di Euro Toques Enrico Derflingher con gli studenti dell'istituto alberghiero Prealpi di Saronno"},{"@type":"BreadcrumbList","@id":"https:\/\/www.ilnotiziario.net\/wp\/prima-pagina\/chef-enrico-derflingher-al-prealpi-di-saronno-la-regina-elisabetta-va-matta-per-il-mio-risotto-victoria-i-video\/#breadcrumb","itemListElement":[{"@type":"ListItem","position":1,"name":"tds_text_logo_tagline_colortds_text_logo_tagline_colortds_text_logo_tagline_colortds_text_logo_tagline_colortd_module_7_title_excerpttd_module_7_title_excerpttd_module_7_title_excerpttd_module_7_title_excerptHome","item":"https:\/\/www.ilnotiziario.net\/wp\/"},{"@type":"ListItem","position":2,"name":"Chef Enrico Derflingher al Prealpi di Saronno: &#8220;La regina Elisabetta va matta per il mio risotto Victoria&#8221; I VIDEO"}]},{"@type":"WebSite","@id":"https:\/\/www.ilnotiziario.net\/wp\/#website","url":"https:\/\/www.ilnotiziario.net\/wp\/","name":"Il Notiziario","description":"Per restare sempre connessi alla notizia","publisher":{"@id":"https:\/\/www.ilnotiziario.net\/wp\/#organization"},"alternateName":"Il Notiziario Bollate","potentialAction":[{"@type":"SearchAction","target":{"@type":"EntryPoint","urlTemplate":"https:\/\/www.ilnotiziario.net\/wp\/?s={search_term_string}"},"query-input":{"@type":"PropertyValueSpecification","valueRequired":true,"valueName":"search_term_string"}}],"inLanguage":"it-IT"},{"@type":"Organization","@id":"https:\/\/www.ilnotiziario.net\/wp\/#organization","name":"Il Notiziario","url":"https:\/\/www.ilnotiziario.net\/wp\/","logo":{"@type":"ImageObject","inLanguage":"it-IT","@id":"https:\/\/www.ilnotiziario.net\/wp\/#\/schema\/logo\/image\/","url":"https:\/\/www.ilnotiziario.net\/wp\/wp-content\/uploads\/2022\/06\/170x170ilN.png","contentUrl":"https:\/\/www.ilnotiziario.net\/wp\/wp-content\/uploads\/2022\/06\/170x170ilN.png","width":355,"height":355,"caption":"Il Notiziario"},"image":{"@id":"https:\/\/www.ilnotiziario.net\/wp\/#\/schema\/logo\/image\/"},"sameAs":["https:\/\/www.facebook.com\/ilnotiziarioind\/","https:\/\/x.com\/ilNotiziarioInd","https:\/\/www.instagram.com\/ilnotiziario_settimanale\/"]},{"@type":"Person","@id":"https:\/\/www.ilnotiziario.net\/wp\/#\/schema\/person\/386e222908f898bb41c033989482bbf2","name":"Gabriele Bassani","image":{"@type":"ImageObject","inLanguage":"it-IT","@id":"https:\/\/secure.gravatar.com\/avatar\/09274f4a84fa97698bde56f84b3afed61c8492d48b0550db9671b68c177479cb?s=96&d=mm&r=g","url":"https:\/\/secure.gravatar.com\/avatar\/09274f4a84fa97698bde56f84b3afed61c8492d48b0550db9671b68c177479cb?s=96&d=mm&r=g","contentUrl":"https:\/\/secure.gravatar.com\/avatar\/09274f4a84fa97698bde56f84b3afed61c8492d48b0550db9671b68c177479cb?s=96&d=mm&r=g","caption":"Gabriele Bassani"},"sameAs":["http:\/\/www.ilnotiziario.net"]}]}},"_links":{"self":[{"href":"https:\/\/www.ilnotiziario.net\/wp\/wp-json\/wp\/v2\/posts\/161746","targetHints":{"allow":["GET"]}}],"collection":[{"href":"https:\/\/www.ilnotiziario.net\/wp\/wp-json\/wp\/v2\/posts"}],"about":[{"href":"https:\/\/www.ilnotiziario.net\/wp\/wp-json\/wp\/v2\/types\/post"}],"author":[{"embeddable":true,"href":"https:\/\/www.ilnotiziario.net\/wp\/wp-json\/wp\/v2\/users\/3"}],"replies":[{"embeddable":true,"href":"https:\/\/www.ilnotiziario.net\/wp\/wp-json\/wp\/v2\/comments?post=161746"}],"version-history":[{"count":0,"href":"https:\/\/www.ilnotiziario.net\/wp\/wp-json\/wp\/v2\/posts\/161746\/revisions"}],"wp:featuredmedia":[{"embeddable":true,"href":"https:\/\/www.ilnotiziario.net\/wp\/wp-json\/wp\/v2\/media\/161752"}],"wp:attachment":[{"href":"https:\/\/www.ilnotiziario.net\/wp\/wp-json\/wp\/v2\/media?parent=161746"}],"wp:term":[{"taxonomy":"category","embeddable":true,"href":"https:\/\/www.ilnotiziario.net\/wp\/wp-json\/wp\/v2\/categories?post=161746"},{"taxonomy":"post_tag","embeddable":true,"href":"https:\/\/www.ilnotiziario.net\/wp\/wp-json\/wp\/v2\/tags?post=161746"}],"curies":[{"name":"wp","href":"https:\/\/api.w.org\/{rel}","templated":true}]}}