{"id":161806,"date":"2022-02-03T18:38:12","date_gmt":"2022-02-03T17:38:12","guid":{"rendered":"https:\/\/www.ilnotiziario.net\/wp\/?p=161806"},"modified":"2022-02-03T18:38:12","modified_gmt":"2022-02-03T17:38:12","slug":"caronno-allievi-insegnanti-scuola-calzini-spaiati","status":"publish","type":"post","link":"https:\/\/www.ilnotiziario.net\/wp\/prima-pagina\/caronno-allievi-insegnanti-scuola-calzini-spaiati\/","title":{"rendered":"Rispetto per la diversit\u00e0: a Caronno allievi e insegnanti a scuola coi calzini spaiati"},"content":{"rendered":"<p><img fetchpriority=\"high\" decoding=\"async\" class=\"alignnone size-medium wp-image-161807\" src=\"https:\/\/www.ilnotiziario.net\/wp\/wp-content\/uploads\/2022\/02\/foto-calzini-FACOLTATIVA-300x293.png\" alt=\"\" width=\"300\" height=\"293\" srcset=\"https:\/\/www.ilnotiziario.net\/wp\/wp-content\/uploads\/2022\/02\/foto-calzini-FACOLTATIVA-300x293.png 300w, https:\/\/www.ilnotiziario.net\/wp\/wp-content\/uploads\/2022\/02\/foto-calzini-FACOLTATIVA-1024x998.png 1024w, https:\/\/www.ilnotiziario.net\/wp\/wp-content\/uploads\/2022\/02\/foto-calzini-FACOLTATIVA-768x749.png 768w, https:\/\/www.ilnotiziario.net\/wp\/wp-content\/uploads\/2022\/02\/foto-calzini-FACOLTATIVA-696x679.png 696w, https:\/\/www.ilnotiziario.net\/wp\/wp-content\/uploads\/2022\/02\/foto-calzini-FACOLTATIVA-1068x1041.png 1068w, https:\/\/www.ilnotiziario.net\/wp\/wp-content\/uploads\/2022\/02\/foto-calzini-FACOLTATIVA.png 1080w\" sizes=\"(max-width: 300px) 100vw, 300px\" \/>Giornata decisamente speciale quella che si vivr\u00e0 domani, venerd\u00ec 4 febbraio, alle scuole dell\u2019infanzia \u201cMontessori\u201d e \u201cCollodi\u201d di Caronno Pertusella: <strong>alunni e insegnanti indosseranno calzini diversi,<\/strong> mentre chi \u00e8 a casa in quarantena potr\u00e0 fare altrettanto la prossima settimana.<\/p><div id=\"ilnot-2066045561\" class=\"ilnot-contenuto ilnot-entity-placement\"><p><!-- incontent_1 --><\/p>\n<div class=\"gptslot\" data-adunitid=\"1\"><\/div>\n<\/div>\n<p>\u201cIl tema della diversit\u00e0 \u00e8 molto sentito nelle nostre scuole &#8211; spiega una delle insegnanti, Monica Giudici &#8211; Faremo diverse attivit\u00e0, fra cui quella di trasformare i calzini in simpatici burattini, e inviteremo i bambini a inventare storie\u201d. Sar\u00e0 un modo <strong>per insegnare il rispetto per il diverso, che sia per il colore della pelle, per la religione o altro.<\/strong> Anche se, a dire la verit\u00e0, i bambini non notano quasi mai differenze fra coetanei rispetto al mondo degli adulti.<\/p>\n<p>L\u2019iniziativa apre cos\u00ec il \u201cProgetto inclusione\u201d promosso dal Comune, che ha organizzato e sovvenzionato per i piccoli delle scuole dell\u2019infanzia un laboratorio di teatro con finalit\u00e0 inclusiva, dal titolo \u201cUno non esclude l\u2019altro\u201d. La \u201cCooperativa Sociale Lambro\u201d di Monza coinvolger\u00e0 i bambini con spettacoli, laboratori e intrattenimenti vari.<\/p><div id=\"ilnot-161632470\" class=\"ilnot-contenuto_2 ilnot-entity-placement\"><div class=\"ads-wrapper\">\n<div class=\"ad-slot\">\n   <div id=\"ilnot-1807570347\" style=\"margin-right: auto;margin-left: auto;text-align: center;width: 320px;height: 100px;\"><a href=\"https:\/\/www.scuolasicurezza.it\/\"><img decoding=\"async\" src=\"https:\/\/www.ilnotiziario.net\/wp\/wp-content\/uploads\/2026\/04\/IlNotiziario_banner-sito-e-newsletter-320-x-100-px-1.gif\" alt=\"\"><\/a><\/div>\n  <\/div>\n<div class=\"ad-slot\">\n   <div id=\"ilnot-4187699862\" style=\"margin-right: auto;margin-left: auto;text-align: center;width: 320px;height: 100px;\"><a href=\"https:\/\/purodesignarredamenti.com\/\"><img decoding=\"async\" src=\"https:\/\/www.ilnotiziario.net\/wp\/wp-content\/uploads\/2026\/04\/banner-puro-ok.gif\" alt=\"whatsapp\"><\/a><\/div><\/p><\/div>\n<\/div>\n<\/div>\n","protected":false},"excerpt":{"rendered":"<p>Giornata decisamente speciale quella che si vivr\u00e0 domani, venerd\u00ec 4 febbraio, alle scuole dell\u2019infanzia \u201cMontessori\u201d e \u201cCollodi\u201d di Caronno Pertusella: alunni e insegnanti indosseranno calzini diversi, mentre chi \u00e8 a casa in quarantena potr\u00e0 fare altrettanto la prossima settimana. \u201cIl tema della diversit\u00e0 \u00e8 molto sentito nelle nostre scuole &#8211; spiega una delle insegnanti, Monica<\/p>\n","protected":false},"author":6,"featured_media":161807,"comment_status":"closed","ping_status":"closed","sticky":false,"template":"","format":"standard","meta":{"footnotes":""},"categories":[20,13],"tags":[9833,139,438],"class_list":{"0":"post-161806","1":"post","2":"type-post","3":"status-publish","4":"format-standard","5":"has-post-thumbnail","7":"category-prima-pagina","8":"category-saronnese","9":"tag-calzini-spaiati","10":"tag-caronno","11":"tag-scuole"},"yoast_head":"<!-- This site is optimized with the Yoast SEO plugin v27.5 - https:\/\/yoast.com\/product\/yoast-seo-wordpress\/ -->\n<title>Rispetto per la diversit\u00e0: a Caronno allievi e insegnanti a scuola coi calzini spaiati - Il Notiziario<\/title>\n<meta name=\"description\" content=\"Giornata decisamente speciale quella che si vivr\u00e0 domani, venerd\u00ec 4 febbraio, alle scuole dell\u2019infanzia \u201cMontessori\u201d e \u201cCollodi\u201d di Caronno Pertusella: Alle scuole dell\u2019infanzia \u201cMontessori\u201d e \u201cCollodi\u201d di Caronno Pertusella alunni e insegnanti indosseranno calzini diversi\" \/>\n<meta name=\"robots\" content=\"index, follow, max-snippet:-1, max-image-preview:large, max-video-preview:-1\" \/>\n<link rel=\"canonical\" href=\"https:\/\/www.ilnotiziario.net\/wp\/prima-pagina\/caronno-allievi-insegnanti-scuola-calzini-spaiati\/\" \/>\n<meta property=\"og:locale\" content=\"it_IT\" \/>\n<meta property=\"og:type\" content=\"article\" \/>\n<meta property=\"og:title\" content=\"Rispetto per la diversit\u00e0: a Caronno allievi e insegnanti a scuola coi calzini spaiati - Il Notiziario\" \/>\n<meta property=\"og:description\" content=\"Giornata decisamente speciale quella che si vivr\u00e0 domani, venerd\u00ec 4 febbraio, alle scuole dell\u2019infanzia \u201cMontessori\u201d e \u201cCollodi\u201d di Caronno Pertusella: Alle scuole dell\u2019infanzia \u201cMontessori\u201d e \u201cCollodi\u201d di Caronno Pertusella alunni e insegnanti indosseranno calzini diversi\" \/>\n<meta property=\"og:url\" content=\"https:\/\/www.ilnotiziario.net\/wp\/prima-pagina\/caronno-allievi-insegnanti-scuola-calzini-spaiati\/\" \/>\n<meta property=\"og:site_name\" content=\"Il Notiziario\" \/>\n<meta property=\"article:publisher\" content=\"https:\/\/www.facebook.com\/ilnotiziarioind\/\" \/>\n<meta property=\"article:published_time\" content=\"2022-02-03T17:38:12+00:00\" \/>\n<meta property=\"og:image\" content=\"https:\/\/www.ilnotiziario.net\/wp\/wp-content\/uploads\/2022\/02\/foto-calzini-FACOLTATIVA.png\" \/>\n\t<meta property=\"og:image:width\" content=\"1080\" \/>\n\t<meta property=\"og:image:height\" content=\"1053\" \/>\n\t<meta property=\"og:image:type\" content=\"image\/png\" \/>\n<meta name=\"author\" content=\"Stefano Di Maria\" \/>\n<meta name=\"twitter:card\" content=\"summary_large_image\" \/>\n<meta name=\"twitter:creator\" content=\"@ilNotiziarioInd\" \/>\n<meta name=\"twitter:site\" content=\"@ilNotiziarioInd\" \/>\n<meta name=\"twitter:label1\" content=\"Scritto da\" \/>\n\t<meta name=\"twitter:data1\" content=\"Stefano Di Maria\" \/>\n\t<meta name=\"twitter:label2\" content=\"Tempo di lettura stimato\" \/>\n\t<meta name=\"twitter:data2\" content=\"2 minuti\" \/>\n<script type=\"application\/ld+json\" class=\"yoast-schema-graph\">{\"@context\":\"https:\\\/\\\/schema.org\",\"@graph\":[{\"@type\":\"Article\",\"@id\":\"https:\\\/\\\/www.ilnotiziario.net\\\/wp\\\/prima-pagina\\\/caronno-allievi-insegnanti-scuola-calzini-spaiati\\\/#article\",\"isPartOf\":{\"@id\":\"https:\\\/\\\/www.ilnotiziario.net\\\/wp\\\/prima-pagina\\\/caronno-allievi-insegnanti-scuola-calzini-spaiati\\\/\"},\"author\":{\"name\":\"Stefano Di Maria\",\"@id\":\"https:\\\/\\\/www.ilnotiziario.net\\\/wp\\\/#\\\/schema\\\/person\\\/82fdd8795bbed42a4164047853b6efe7\"},\"headline\":\"Rispetto per la diversit\u00e0: a Caronno allievi e insegnanti a scuola coi calzini spaiati\",\"datePublished\":\"2022-02-03T17:38:12+00:00\",\"mainEntityOfPage\":{\"@id\":\"https:\\\/\\\/www.ilnotiziario.net\\\/wp\\\/prima-pagina\\\/caronno-allievi-insegnanti-scuola-calzini-spaiati\\\/\"},\"wordCount\":182,\"publisher\":{\"@id\":\"https:\\\/\\\/www.ilnotiziario.net\\\/wp\\\/#organization\"},\"image\":{\"@id\":\"https:\\\/\\\/www.ilnotiziario.net\\\/wp\\\/prima-pagina\\\/caronno-allievi-insegnanti-scuola-calzini-spaiati\\\/#primaryimage\"},\"thumbnailUrl\":\"https:\\\/\\\/www.ilnotiziario.net\\\/wp\\\/wp-content\\\/uploads\\\/2022\\\/02\\\/foto-calzini-FACOLTATIVA.png\",\"keywords\":[\"calzini spaiati\",\"Caronno\",\"scuole\"],\"articleSection\":[\"Prima Pagina\",\"SARONNESE\"],\"inLanguage\":\"it-IT\"},{\"@type\":\"WebPage\",\"@id\":\"https:\\\/\\\/www.ilnotiziario.net\\\/wp\\\/prima-pagina\\\/caronno-allievi-insegnanti-scuola-calzini-spaiati\\\/\",\"url\":\"https:\\\/\\\/www.ilnotiziario.net\\\/wp\\\/prima-pagina\\\/caronno-allievi-insegnanti-scuola-calzini-spaiati\\\/\",\"name\":\"Rispetto per la diversit\u00e0: a Caronno allievi e insegnanti a scuola coi calzini spaiati - Il Notiziario\",\"isPartOf\":{\"@id\":\"https:\\\/\\\/www.ilnotiziario.net\\\/wp\\\/#website\"},\"primaryImageOfPage\":{\"@id\":\"https:\\\/\\\/www.ilnotiziario.net\\\/wp\\\/prima-pagina\\\/caronno-allievi-insegnanti-scuola-calzini-spaiati\\\/#primaryimage\"},\"image\":{\"@id\":\"https:\\\/\\\/www.ilnotiziario.net\\\/wp\\\/prima-pagina\\\/caronno-allievi-insegnanti-scuola-calzini-spaiati\\\/#primaryimage\"},\"thumbnailUrl\":\"https:\\\/\\\/www.ilnotiziario.net\\\/wp\\\/wp-content\\\/uploads\\\/2022\\\/02\\\/foto-calzini-FACOLTATIVA.png\",\"datePublished\":\"2022-02-03T17:38:12+00:00\",\"description\":\"Giornata decisamente speciale quella che si vivr\u00e0 domani, venerd\u00ec 4 febbraio, alle scuole dell\u2019infanzia \u201cMontessori\u201d e \u201cCollodi\u201d di Caronno Pertusella: Alle scuole dell\u2019infanzia \u201cMontessori\u201d e \u201cCollodi\u201d di Caronno Pertusella alunni e insegnanti indosseranno calzini diversi\",\"breadcrumb\":{\"@id\":\"https:\\\/\\\/www.ilnotiziario.net\\\/wp\\\/prima-pagina\\\/caronno-allievi-insegnanti-scuola-calzini-spaiati\\\/#breadcrumb\"},\"inLanguage\":\"it-IT\",\"potentialAction\":[{\"@type\":\"ReadAction\",\"target\":[\"https:\\\/\\\/www.ilnotiziario.net\\\/wp\\\/prima-pagina\\\/caronno-allievi-insegnanti-scuola-calzini-spaiati\\\/\"]}]},{\"@type\":\"ImageObject\",\"inLanguage\":\"it-IT\",\"@id\":\"https:\\\/\\\/www.ilnotiziario.net\\\/wp\\\/prima-pagina\\\/caronno-allievi-insegnanti-scuola-calzini-spaiati\\\/#primaryimage\",\"url\":\"https:\\\/\\\/www.ilnotiziario.net\\\/wp\\\/wp-content\\\/uploads\\\/2022\\\/02\\\/foto-calzini-FACOLTATIVA.png\",\"contentUrl\":\"https:\\\/\\\/www.ilnotiziario.net\\\/wp\\\/wp-content\\\/uploads\\\/2022\\\/02\\\/foto-calzini-FACOLTATIVA.png\",\"width\":1080,\"height\":1053},{\"@type\":\"BreadcrumbList\",\"@id\":\"https:\\\/\\\/www.ilnotiziario.net\\\/wp\\\/prima-pagina\\\/caronno-allievi-insegnanti-scuola-calzini-spaiati\\\/#breadcrumb\",\"itemListElement\":[{\"@type\":\"ListItem\",\"position\":1,\"name\":\"tds_text_logo_tagline_colortds_text_logo_tagline_colortds_text_logo_tagline_colortds_text_logo_tagline_colortd_module_7_title_excerpttd_module_7_title_excerpttd_module_7_title_excerpttd_module_7_title_excerptHome\",\"item\":\"https:\\\/\\\/www.ilnotiziario.net\\\/wp\\\/\"},{\"@type\":\"ListItem\",\"position\":2,\"name\":\"Rispetto per la diversit\u00e0: a Caronno allievi e insegnanti a scuola coi calzini spaiati\"}]},{\"@type\":\"WebSite\",\"@id\":\"https:\\\/\\\/www.ilnotiziario.net\\\/wp\\\/#website\",\"url\":\"https:\\\/\\\/www.ilnotiziario.net\\\/wp\\\/\",\"name\":\"Il Notiziario\",\"description\":\"Per restare sempre connessi alla notizia\",\"publisher\":{\"@id\":\"https:\\\/\\\/www.ilnotiziario.net\\\/wp\\\/#organization\"},\"alternateName\":\"Il Notiziario Bollate\",\"potentialAction\":[{\"@type\":\"SearchAction\",\"target\":{\"@type\":\"EntryPoint\",\"urlTemplate\":\"https:\\\/\\\/www.ilnotiziario.net\\\/wp\\\/?s={search_term_string}\"},\"query-input\":{\"@type\":\"PropertyValueSpecification\",\"valueRequired\":true,\"valueName\":\"search_term_string\"}}],\"inLanguage\":\"it-IT\"},{\"@type\":\"Organization\",\"@id\":\"https:\\\/\\\/www.ilnotiziario.net\\\/wp\\\/#organization\",\"name\":\"Il Notiziario\",\"url\":\"https:\\\/\\\/www.ilnotiziario.net\\\/wp\\\/\",\"logo\":{\"@type\":\"ImageObject\",\"inLanguage\":\"it-IT\",\"@id\":\"https:\\\/\\\/www.ilnotiziario.net\\\/wp\\\/#\\\/schema\\\/logo\\\/image\\\/\",\"url\":\"https:\\\/\\\/www.ilnotiziario.net\\\/wp\\\/wp-content\\\/uploads\\\/2022\\\/06\\\/170x170ilN.png\",\"contentUrl\":\"https:\\\/\\\/www.ilnotiziario.net\\\/wp\\\/wp-content\\\/uploads\\\/2022\\\/06\\\/170x170ilN.png\",\"width\":355,\"height\":355,\"caption\":\"Il Notiziario\"},\"image\":{\"@id\":\"https:\\\/\\\/www.ilnotiziario.net\\\/wp\\\/#\\\/schema\\\/logo\\\/image\\\/\"},\"sameAs\":[\"https:\\\/\\\/www.facebook.com\\\/ilnotiziarioind\\\/\",\"https:\\\/\\\/x.com\\\/ilNotiziarioInd\",\"https:\\\/\\\/www.instagram.com\\\/ilnotiziario_settimanale\\\/\"]},{\"@type\":\"Person\",\"@id\":\"https:\\\/\\\/www.ilnotiziario.net\\\/wp\\\/#\\\/schema\\\/person\\\/82fdd8795bbed42a4164047853b6efe7\",\"name\":\"Stefano Di Maria\",\"image\":{\"@type\":\"ImageObject\",\"inLanguage\":\"it-IT\",\"@id\":\"https:\\\/\\\/secure.gravatar.com\\\/avatar\\\/b3163d1e75da759bd0a681248e88a87d84bdd563fec9b060a3ae82742880745a?s=96&d=mm&r=g\",\"url\":\"https:\\\/\\\/secure.gravatar.com\\\/avatar\\\/b3163d1e75da759bd0a681248e88a87d84bdd563fec9b060a3ae82742880745a?s=96&d=mm&r=g\",\"contentUrl\":\"https:\\\/\\\/secure.gravatar.com\\\/avatar\\\/b3163d1e75da759bd0a681248e88a87d84bdd563fec9b060a3ae82742880745a?s=96&d=mm&r=g\",\"caption\":\"Stefano Di Maria\"},\"sameAs\":[\"http:\\\/\\\/www.ilnotiziario.net\"]}]}<\/script>\n<!-- \/ Yoast SEO plugin. -->","yoast_head_json":{"title":"Rispetto per la diversit\u00e0: a Caronno allievi e insegnanti a scuola coi calzini spaiati - Il Notiziario","description":"Giornata decisamente speciale quella che si vivr\u00e0 domani, venerd\u00ec 4 febbraio, alle scuole dell\u2019infanzia \u201cMontessori\u201d e \u201cCollodi\u201d di Caronno Pertusella: Alle scuole dell\u2019infanzia \u201cMontessori\u201d e \u201cCollodi\u201d di Caronno Pertusella alunni e insegnanti indosseranno calzini diversi","robots":{"index":"index","follow":"follow","max-snippet":"max-snippet:-1","max-image-preview":"max-image-preview:large","max-video-preview":"max-video-preview:-1"},"canonical":"https:\/\/www.ilnotiziario.net\/wp\/prima-pagina\/caronno-allievi-insegnanti-scuola-calzini-spaiati\/","og_locale":"it_IT","og_type":"article","og_title":"Rispetto per la diversit\u00e0: a Caronno allievi e insegnanti a scuola coi calzini spaiati - Il Notiziario","og_description":"Giornata decisamente speciale quella che si vivr\u00e0 domani, venerd\u00ec 4 febbraio, alle scuole dell\u2019infanzia \u201cMontessori\u201d e \u201cCollodi\u201d di Caronno Pertusella: Alle scuole dell\u2019infanzia \u201cMontessori\u201d e \u201cCollodi\u201d di Caronno Pertusella alunni e insegnanti indosseranno calzini diversi","og_url":"https:\/\/www.ilnotiziario.net\/wp\/prima-pagina\/caronno-allievi-insegnanti-scuola-calzini-spaiati\/","og_site_name":"Il Notiziario","article_publisher":"https:\/\/www.facebook.com\/ilnotiziarioind\/","article_published_time":"2022-02-03T17:38:12+00:00","og_image":[{"width":1080,"height":1053,"url":"https:\/\/www.ilnotiziario.net\/wp\/wp-content\/uploads\/2022\/02\/foto-calzini-FACOLTATIVA.png","type":"image\/png"}],"author":"Stefano Di Maria","twitter_card":"summary_large_image","twitter_creator":"@ilNotiziarioInd","twitter_site":"@ilNotiziarioInd","twitter_misc":{"Scritto da":"Stefano Di Maria","Tempo di lettura stimato":"2 minuti"},"schema":{"@context":"https:\/\/schema.org","@graph":[{"@type":"Article","@id":"https:\/\/www.ilnotiziario.net\/wp\/prima-pagina\/caronno-allievi-insegnanti-scuola-calzini-spaiati\/#article","isPartOf":{"@id":"https:\/\/www.ilnotiziario.net\/wp\/prima-pagina\/caronno-allievi-insegnanti-scuola-calzini-spaiati\/"},"author":{"name":"Stefano Di Maria","@id":"https:\/\/www.ilnotiziario.net\/wp\/#\/schema\/person\/82fdd8795bbed42a4164047853b6efe7"},"headline":"Rispetto per la diversit\u00e0: a Caronno allievi e insegnanti a scuola coi calzini spaiati","datePublished":"2022-02-03T17:38:12+00:00","mainEntityOfPage":{"@id":"https:\/\/www.ilnotiziario.net\/wp\/prima-pagina\/caronno-allievi-insegnanti-scuola-calzini-spaiati\/"},"wordCount":182,"publisher":{"@id":"https:\/\/www.ilnotiziario.net\/wp\/#organization"},"image":{"@id":"https:\/\/www.ilnotiziario.net\/wp\/prima-pagina\/caronno-allievi-insegnanti-scuola-calzini-spaiati\/#primaryimage"},"thumbnailUrl":"https:\/\/www.ilnotiziario.net\/wp\/wp-content\/uploads\/2022\/02\/foto-calzini-FACOLTATIVA.png","keywords":["calzini spaiati","Caronno","scuole"],"articleSection":["Prima Pagina","SARONNESE"],"inLanguage":"it-IT"},{"@type":"WebPage","@id":"https:\/\/www.ilnotiziario.net\/wp\/prima-pagina\/caronno-allievi-insegnanti-scuola-calzini-spaiati\/","url":"https:\/\/www.ilnotiziario.net\/wp\/prima-pagina\/caronno-allievi-insegnanti-scuola-calzini-spaiati\/","name":"Rispetto per la diversit\u00e0: a Caronno allievi e insegnanti a scuola coi calzini spaiati - Il Notiziario","isPartOf":{"@id":"https:\/\/www.ilnotiziario.net\/wp\/#website"},"primaryImageOfPage":{"@id":"https:\/\/www.ilnotiziario.net\/wp\/prima-pagina\/caronno-allievi-insegnanti-scuola-calzini-spaiati\/#primaryimage"},"image":{"@id":"https:\/\/www.ilnotiziario.net\/wp\/prima-pagina\/caronno-allievi-insegnanti-scuola-calzini-spaiati\/#primaryimage"},"thumbnailUrl":"https:\/\/www.ilnotiziario.net\/wp\/wp-content\/uploads\/2022\/02\/foto-calzini-FACOLTATIVA.png","datePublished":"2022-02-03T17:38:12+00:00","description":"Giornata decisamente speciale quella che si vivr\u00e0 domani, venerd\u00ec 4 febbraio, alle scuole dell\u2019infanzia \u201cMontessori\u201d e \u201cCollodi\u201d di Caronno Pertusella: Alle scuole dell\u2019infanzia \u201cMontessori\u201d e \u201cCollodi\u201d di Caronno Pertusella alunni e insegnanti indosseranno calzini diversi","breadcrumb":{"@id":"https:\/\/www.ilnotiziario.net\/wp\/prima-pagina\/caronno-allievi-insegnanti-scuola-calzini-spaiati\/#breadcrumb"},"inLanguage":"it-IT","potentialAction":[{"@type":"ReadAction","target":["https:\/\/www.ilnotiziario.net\/wp\/prima-pagina\/caronno-allievi-insegnanti-scuola-calzini-spaiati\/"]}]},{"@type":"ImageObject","inLanguage":"it-IT","@id":"https:\/\/www.ilnotiziario.net\/wp\/prima-pagina\/caronno-allievi-insegnanti-scuola-calzini-spaiati\/#primaryimage","url":"https:\/\/www.ilnotiziario.net\/wp\/wp-content\/uploads\/2022\/02\/foto-calzini-FACOLTATIVA.png","contentUrl":"https:\/\/www.ilnotiziario.net\/wp\/wp-content\/uploads\/2022\/02\/foto-calzini-FACOLTATIVA.png","width":1080,"height":1053},{"@type":"BreadcrumbList","@id":"https:\/\/www.ilnotiziario.net\/wp\/prima-pagina\/caronno-allievi-insegnanti-scuola-calzini-spaiati\/#breadcrumb","itemListElement":[{"@type":"ListItem","position":1,"name":"tds_text_logo_tagline_colortds_text_logo_tagline_colortds_text_logo_tagline_colortds_text_logo_tagline_colortd_module_7_title_excerpttd_module_7_title_excerpttd_module_7_title_excerpttd_module_7_title_excerptHome","item":"https:\/\/www.ilnotiziario.net\/wp\/"},{"@type":"ListItem","position":2,"name":"Rispetto per la diversit\u00e0: a Caronno allievi e insegnanti a scuola coi calzini spaiati"}]},{"@type":"WebSite","@id":"https:\/\/www.ilnotiziario.net\/wp\/#website","url":"https:\/\/www.ilnotiziario.net\/wp\/","name":"Il Notiziario","description":"Per restare sempre connessi alla notizia","publisher":{"@id":"https:\/\/www.ilnotiziario.net\/wp\/#organization"},"alternateName":"Il Notiziario Bollate","potentialAction":[{"@type":"SearchAction","target":{"@type":"EntryPoint","urlTemplate":"https:\/\/www.ilnotiziario.net\/wp\/?s={search_term_string}"},"query-input":{"@type":"PropertyValueSpecification","valueRequired":true,"valueName":"search_term_string"}}],"inLanguage":"it-IT"},{"@type":"Organization","@id":"https:\/\/www.ilnotiziario.net\/wp\/#organization","name":"Il Notiziario","url":"https:\/\/www.ilnotiziario.net\/wp\/","logo":{"@type":"ImageObject","inLanguage":"it-IT","@id":"https:\/\/www.ilnotiziario.net\/wp\/#\/schema\/logo\/image\/","url":"https:\/\/www.ilnotiziario.net\/wp\/wp-content\/uploads\/2022\/06\/170x170ilN.png","contentUrl":"https:\/\/www.ilnotiziario.net\/wp\/wp-content\/uploads\/2022\/06\/170x170ilN.png","width":355,"height":355,"caption":"Il Notiziario"},"image":{"@id":"https:\/\/www.ilnotiziario.net\/wp\/#\/schema\/logo\/image\/"},"sameAs":["https:\/\/www.facebook.com\/ilnotiziarioind\/","https:\/\/x.com\/ilNotiziarioInd","https:\/\/www.instagram.com\/ilnotiziario_settimanale\/"]},{"@type":"Person","@id":"https:\/\/www.ilnotiziario.net\/wp\/#\/schema\/person\/82fdd8795bbed42a4164047853b6efe7","name":"Stefano Di Maria","image":{"@type":"ImageObject","inLanguage":"it-IT","@id":"https:\/\/secure.gravatar.com\/avatar\/b3163d1e75da759bd0a681248e88a87d84bdd563fec9b060a3ae82742880745a?s=96&d=mm&r=g","url":"https:\/\/secure.gravatar.com\/avatar\/b3163d1e75da759bd0a681248e88a87d84bdd563fec9b060a3ae82742880745a?s=96&d=mm&r=g","contentUrl":"https:\/\/secure.gravatar.com\/avatar\/b3163d1e75da759bd0a681248e88a87d84bdd563fec9b060a3ae82742880745a?s=96&d=mm&r=g","caption":"Stefano Di Maria"},"sameAs":["http:\/\/www.ilnotiziario.net"]}]}},"_links":{"self":[{"href":"https:\/\/www.ilnotiziario.net\/wp\/wp-json\/wp\/v2\/posts\/161806","targetHints":{"allow":["GET"]}}],"collection":[{"href":"https:\/\/www.ilnotiziario.net\/wp\/wp-json\/wp\/v2\/posts"}],"about":[{"href":"https:\/\/www.ilnotiziario.net\/wp\/wp-json\/wp\/v2\/types\/post"}],"author":[{"embeddable":true,"href":"https:\/\/www.ilnotiziario.net\/wp\/wp-json\/wp\/v2\/users\/6"}],"replies":[{"embeddable":true,"href":"https:\/\/www.ilnotiziario.net\/wp\/wp-json\/wp\/v2\/comments?post=161806"}],"version-history":[{"count":0,"href":"https:\/\/www.ilnotiziario.net\/wp\/wp-json\/wp\/v2\/posts\/161806\/revisions"}],"wp:featuredmedia":[{"embeddable":true,"href":"https:\/\/www.ilnotiziario.net\/wp\/wp-json\/wp\/v2\/media\/161807"}],"wp:attachment":[{"href":"https:\/\/www.ilnotiziario.net\/wp\/wp-json\/wp\/v2\/media?parent=161806"}],"wp:term":[{"taxonomy":"category","embeddable":true,"href":"https:\/\/www.ilnotiziario.net\/wp\/wp-json\/wp\/v2\/categories?post=161806"},{"taxonomy":"post_tag","embeddable":true,"href":"https:\/\/www.ilnotiziario.net\/wp\/wp-json\/wp\/v2\/tags?post=161806"}],"curies":[{"name":"wp","href":"https:\/\/api.w.org\/{rel}","templated":true}]}}