{"id":162226,"date":"2022-02-14T16:04:54","date_gmt":"2022-02-14T15:04:54","guid":{"rendered":"https:\/\/www.ilnotiziario.net\/wp\/?p=162226"},"modified":"2022-02-14T16:04:54","modified_gmt":"2022-02-14T15:04:54","slug":"centro-cinofilo-interforze-a-cogliate-lassessore-regionale-foroni-in-visita-allarea-nel-parco-groane","status":"publish","type":"post","link":"https:\/\/www.ilnotiziario.net\/wp\/brianza\/centro-cinofilo-interforze-a-cogliate-lassessore-regionale-foroni-in-visita-allarea-nel-parco-groane\/","title":{"rendered":"Centro cinofilo interforze a Cogliate, l&#8217;assessore regionale Foroni in visita all&#8217;area nel Parco Groane"},"content":{"rendered":"<p><img fetchpriority=\"high\" decoding=\"async\" class=\"aligncenter size-full wp-image-162227\" src=\"https:\/\/www.ilnotiziario.net\/wp\/wp-content\/uploads\/2022\/02\/Foroni-Parco-ex-Acna.jpg\" alt=\"Foroni Cral ex Acna \" width=\"1419\" height=\"798\" srcset=\"https:\/\/www.ilnotiziario.net\/wp\/wp-content\/uploads\/2022\/02\/Foroni-Parco-ex-Acna.jpg 1419w, https:\/\/www.ilnotiziario.net\/wp\/wp-content\/uploads\/2022\/02\/Foroni-Parco-ex-Acna-300x169.jpg 300w, https:\/\/www.ilnotiziario.net\/wp\/wp-content\/uploads\/2022\/02\/Foroni-Parco-ex-Acna-1024x576.jpg 1024w, https:\/\/www.ilnotiziario.net\/wp\/wp-content\/uploads\/2022\/02\/Foroni-Parco-ex-Acna-768x432.jpg 768w, https:\/\/www.ilnotiziario.net\/wp\/wp-content\/uploads\/2022\/02\/Foroni-Parco-ex-Acna-696x391.jpg 696w, https:\/\/www.ilnotiziario.net\/wp\/wp-content\/uploads\/2022\/02\/Foroni-Parco-ex-Acna-1392x783.jpg 1392w, https:\/\/www.ilnotiziario.net\/wp\/wp-content\/uploads\/2022\/02\/Foroni-Parco-ex-Acna-1068x601.jpg 1068w\" sizes=\"(max-width: 1419px) 100vw, 1419px\" \/>L\u2019assessore regionale Pietro Foroni, con deleghe al Territorio e alla Protezione civile ha fatto visita questo pomeriggio all\u2019area dell\u2019ex Cral Acna di Cogliate, con accesso da via Montecatini, <strong>dove sorger\u00e0 presto un centro cinofilo interforze con campo macerie. <\/strong><\/p><div id=\"ilnot-2717517124\" class=\"ilnot-contenuto ilnot-entity-placement\"><p><!-- incontent_1 --><\/p>\n<div class=\"gptslot\" data-adunitid=\"1\"><\/div>\n<\/div>\n<p>\u201cCon una delibera di giunta di questa mattina abbiamo finanziato per circa 210mila euro questo progetto che punta a realizzare qui un\u2019eccellenza nell\u2019attivit\u00e0 di addestramento cani per la ricerca persone, che sar\u00e0 a disposizione della Protezione civile e anche di diverse forze di polizia\u201d -ha spiegato l\u2019assessore, accompagnato nella visita<strong> dal sindaco di Cogliate, Andrea Basilico, dal consigliere regionale Andrea Monti e da Duilio Cleva,<\/strong> dell\u2019Associazione Alpini, referente del Centro di formazione cinotecnica Lupo Maestro che avr\u00e0 in gestione la struttura, per la cui realizzazione \u00e8 previsto un investimento complessivo sar\u00e0 di poco meno di 300mila euro.<\/p>\n<p>Nelle scorse settimane un gruppo di volontari degli Alpini, ha lavorato sodo per rimuovere un gran volume di rifiuti accumulati negli anni all\u2019interno delle strutture del vecchio centro sportivo aziendale in stato di abbandono, oggi purtroppo diventato una delle tante piazze di spaccio all\u2019interno del Parco delle Groane. Ma il futuro che attende quest\u2019area \u00e8 di tutt\u2019altro genere, <strong>diventer\u00e0 un luogo di formazione di \u201cbinomi\u201d uomo-cane<\/strong>, per l\u2019impiego in svariate situazioni di emergenza ma anche di terapia. \u201cSar\u00e0 un fiore all\u2019occhiello non solo per Cogliate ma anche a livello regionale\u201d -ha ribadito il sindaco Andrea Basilico, che crede molto in questo progetto, che punta anche a garantire un presidio continuativo di un\u2019area oggi in forte degrado.<\/p><div id=\"ilnot-2773514290\" class=\"ilnot-contenuto_2 ilnot-entity-placement\"><div class=\"ads-wrapper\">\n<div class=\"ad-slot\">\n   <div id=\"ilnot-2003618397\" style=\"margin-right: auto;margin-left: auto;text-align: center;width: 320px;height: 100px;\"><a href=\"https:\/\/www.scuolasicurezza.it\/\"><img decoding=\"async\" src=\"https:\/\/www.ilnotiziario.net\/wp\/wp-content\/uploads\/2026\/04\/IlNotiziario_banner-sito-e-newsletter-320-x-100-px-1.gif\" alt=\"\"><\/a><\/div>\n  <\/div>\n<div class=\"ad-slot\">\n   <div id=\"ilnot-2296500932\" style=\"margin-right: auto;margin-left: auto;text-align: center;width: 320px;height: 100px;\"><a href=\"https:\/\/purodesignarredamenti.com\/\"><img decoding=\"async\" src=\"https:\/\/www.ilnotiziario.net\/wp\/wp-content\/uploads\/2026\/04\/banner-puro-ok.gif\" alt=\"whatsapp\"><\/a><\/div><\/p><\/div>\n<\/div>\n<\/div>\n<p>\u201cQuando arriver\u00e0 a regime, questo centro di addestramento cinofilo sar\u00e0 operativo sette giorni su sette, sia con l\u2019attivit\u00e0 civile, ovvero l\u2019educazione cinofila rivolta ai singoli proprietari di cani, sia con quella di forze dell\u2019ordine e associazioni di volontariato\u201d \u2013 ha aggiunto Cleva.<\/p>\n","protected":false},"excerpt":{"rendered":"<p>L\u2019assessore regionale Pietro Foroni, con deleghe al Territorio e alla Protezione civile ha fatto visita questo pomeriggio all\u2019area dell\u2019ex Cral Acna di Cogliate, con accesso da via Montecatini, dove sorger\u00e0 presto un centro cinofilo interforze con campo macerie. \u201cCon una delibera di giunta di questa mattina abbiamo finanziato per circa 210mila euro questo progetto che<\/p>\n","protected":false},"author":3,"featured_media":162227,"comment_status":"closed","ping_status":"closed","sticky":false,"template":"","format":"standard","meta":{"footnotes":""},"categories":[9,20,13],"tags":[9880,461,9878,286,9879],"class_list":{"0":"post-162226","1":"post","2":"type-post","3":"status-publish","4":"format-standard","5":"has-post-thumbnail","7":"category-brianza","8":"category-prima-pagina","9":"category-saronnese","10":"tag-acna","11":"tag-centro","12":"tag-cinofilo","13":"tag-cogliate","14":"tag-foroni"},"yoast_head":"<!-- This site is optimized with the Yoast SEO plugin v27.4 - https:\/\/yoast.com\/product\/yoast-seo-wordpress\/ -->\n<title>Centro cinofilo interforze a Cogliate, l&#039;assessore regionale Foroni in visita all&#039;area nel Parco Groane - Il Notiziario<\/title>\n<meta name=\"description\" content=\"L\u2019assessore regionale Pietro Foroni, con deleghe al Territorio e alla Protezione civile ha fatto visita questo pomeriggio all\u2019area dell\u2019ex Cral Acna di\" \/>\n<meta name=\"robots\" content=\"index, follow, max-snippet:-1, max-image-preview:large, max-video-preview:-1\" \/>\n<link rel=\"canonical\" href=\"https:\/\/www.ilnotiziario.net\/wp\/brianza\/centro-cinofilo-interforze-a-cogliate-lassessore-regionale-foroni-in-visita-allarea-nel-parco-groane\/\" \/>\n<meta property=\"og:locale\" content=\"it_IT\" \/>\n<meta property=\"og:type\" content=\"article\" \/>\n<meta property=\"og:title\" content=\"Centro cinofilo interforze a Cogliate, l&#039;assessore regionale Foroni in visita all&#039;area nel Parco Groane - Il Notiziario\" \/>\n<meta property=\"og:description\" content=\"L\u2019assessore regionale Pietro Foroni, con deleghe al Territorio e alla Protezione civile ha fatto visita questo pomeriggio all\u2019area dell\u2019ex Cral Acna di\" \/>\n<meta property=\"og:url\" content=\"https:\/\/www.ilnotiziario.net\/wp\/brianza\/centro-cinofilo-interforze-a-cogliate-lassessore-regionale-foroni-in-visita-allarea-nel-parco-groane\/\" \/>\n<meta property=\"og:site_name\" content=\"Il Notiziario\" \/>\n<meta property=\"article:publisher\" content=\"https:\/\/www.facebook.com\/ilnotiziarioind\/\" \/>\n<meta property=\"article:published_time\" content=\"2022-02-14T15:04:54+00:00\" \/>\n<meta property=\"og:image\" content=\"https:\/\/www.ilnotiziario.net\/wp\/wp-content\/uploads\/2022\/02\/Foroni-Parco-ex-Acna.jpg\" \/>\n\t<meta property=\"og:image:width\" content=\"1419\" \/>\n\t<meta property=\"og:image:height\" content=\"798\" \/>\n\t<meta property=\"og:image:type\" content=\"image\/jpeg\" \/>\n<meta name=\"author\" content=\"Gabriele Bassani\" \/>\n<meta name=\"twitter:card\" content=\"summary_large_image\" \/>\n<meta name=\"twitter:creator\" content=\"@ilNotiziarioInd\" \/>\n<meta name=\"twitter:site\" content=\"@ilNotiziarioInd\" \/>\n<meta name=\"twitter:label1\" content=\"Scritto da\" \/>\n\t<meta name=\"twitter:data1\" content=\"Gabriele Bassani\" \/>\n\t<meta name=\"twitter:label2\" content=\"Tempo di lettura stimato\" \/>\n\t<meta name=\"twitter:data2\" content=\"2 minuti\" \/>\n<script type=\"application\/ld+json\" class=\"yoast-schema-graph\">{\"@context\":\"https:\\\/\\\/schema.org\",\"@graph\":[{\"@type\":\"Article\",\"@id\":\"https:\\\/\\\/www.ilnotiziario.net\\\/wp\\\/brianza\\\/centro-cinofilo-interforze-a-cogliate-lassessore-regionale-foroni-in-visita-allarea-nel-parco-groane\\\/#article\",\"isPartOf\":{\"@id\":\"https:\\\/\\\/www.ilnotiziario.net\\\/wp\\\/brianza\\\/centro-cinofilo-interforze-a-cogliate-lassessore-regionale-foroni-in-visita-allarea-nel-parco-groane\\\/\"},\"author\":{\"name\":\"Gabriele Bassani\",\"@id\":\"https:\\\/\\\/www.ilnotiziario.net\\\/wp\\\/#\\\/schema\\\/person\\\/386e222908f898bb41c033989482bbf2\"},\"headline\":\"Centro cinofilo interforze a Cogliate, l&#8217;assessore regionale Foroni in visita all&#8217;area nel Parco Groane\",\"datePublished\":\"2022-02-14T15:04:54+00:00\",\"mainEntityOfPage\":{\"@id\":\"https:\\\/\\\/www.ilnotiziario.net\\\/wp\\\/brianza\\\/centro-cinofilo-interforze-a-cogliate-lassessore-regionale-foroni-in-visita-allarea-nel-parco-groane\\\/\"},\"wordCount\":323,\"publisher\":{\"@id\":\"https:\\\/\\\/www.ilnotiziario.net\\\/wp\\\/#organization\"},\"image\":{\"@id\":\"https:\\\/\\\/www.ilnotiziario.net\\\/wp\\\/brianza\\\/centro-cinofilo-interforze-a-cogliate-lassessore-regionale-foroni-in-visita-allarea-nel-parco-groane\\\/#primaryimage\"},\"thumbnailUrl\":\"https:\\\/\\\/www.ilnotiziario.net\\\/wp\\\/wp-content\\\/uploads\\\/2022\\\/02\\\/Foroni-Parco-ex-Acna.jpg\",\"keywords\":[\"acna\",\"centro\",\"cinofilo\",\"Cogliate\",\"foroni\"],\"articleSection\":[\"BRIANZA\",\"Prima Pagina\",\"SARONNESE\"],\"inLanguage\":\"it-IT\"},{\"@type\":\"WebPage\",\"@id\":\"https:\\\/\\\/www.ilnotiziario.net\\\/wp\\\/brianza\\\/centro-cinofilo-interforze-a-cogliate-lassessore-regionale-foroni-in-visita-allarea-nel-parco-groane\\\/\",\"url\":\"https:\\\/\\\/www.ilnotiziario.net\\\/wp\\\/brianza\\\/centro-cinofilo-interforze-a-cogliate-lassessore-regionale-foroni-in-visita-allarea-nel-parco-groane\\\/\",\"name\":\"Centro cinofilo interforze a Cogliate, l'assessore regionale Foroni in visita all'area nel Parco Groane - Il Notiziario\",\"isPartOf\":{\"@id\":\"https:\\\/\\\/www.ilnotiziario.net\\\/wp\\\/#website\"},\"primaryImageOfPage\":{\"@id\":\"https:\\\/\\\/www.ilnotiziario.net\\\/wp\\\/brianza\\\/centro-cinofilo-interforze-a-cogliate-lassessore-regionale-foroni-in-visita-allarea-nel-parco-groane\\\/#primaryimage\"},\"image\":{\"@id\":\"https:\\\/\\\/www.ilnotiziario.net\\\/wp\\\/brianza\\\/centro-cinofilo-interforze-a-cogliate-lassessore-regionale-foroni-in-visita-allarea-nel-parco-groane\\\/#primaryimage\"},\"thumbnailUrl\":\"https:\\\/\\\/www.ilnotiziario.net\\\/wp\\\/wp-content\\\/uploads\\\/2022\\\/02\\\/Foroni-Parco-ex-Acna.jpg\",\"datePublished\":\"2022-02-14T15:04:54+00:00\",\"description\":\"L\u2019assessore regionale Pietro Foroni, con deleghe al Territorio e alla Protezione civile ha fatto visita questo pomeriggio all\u2019area dell\u2019ex Cral Acna di\",\"breadcrumb\":{\"@id\":\"https:\\\/\\\/www.ilnotiziario.net\\\/wp\\\/brianza\\\/centro-cinofilo-interforze-a-cogliate-lassessore-regionale-foroni-in-visita-allarea-nel-parco-groane\\\/#breadcrumb\"},\"inLanguage\":\"it-IT\",\"potentialAction\":[{\"@type\":\"ReadAction\",\"target\":[\"https:\\\/\\\/www.ilnotiziario.net\\\/wp\\\/brianza\\\/centro-cinofilo-interforze-a-cogliate-lassessore-regionale-foroni-in-visita-allarea-nel-parco-groane\\\/\"]}]},{\"@type\":\"ImageObject\",\"inLanguage\":\"it-IT\",\"@id\":\"https:\\\/\\\/www.ilnotiziario.net\\\/wp\\\/brianza\\\/centro-cinofilo-interforze-a-cogliate-lassessore-regionale-foroni-in-visita-allarea-nel-parco-groane\\\/#primaryimage\",\"url\":\"https:\\\/\\\/www.ilnotiziario.net\\\/wp\\\/wp-content\\\/uploads\\\/2022\\\/02\\\/Foroni-Parco-ex-Acna.jpg\",\"contentUrl\":\"https:\\\/\\\/www.ilnotiziario.net\\\/wp\\\/wp-content\\\/uploads\\\/2022\\\/02\\\/Foroni-Parco-ex-Acna.jpg\",\"width\":1419,\"height\":798,\"caption\":\"Foroni Cral ex Acna\"},{\"@type\":\"BreadcrumbList\",\"@id\":\"https:\\\/\\\/www.ilnotiziario.net\\\/wp\\\/brianza\\\/centro-cinofilo-interforze-a-cogliate-lassessore-regionale-foroni-in-visita-allarea-nel-parco-groane\\\/#breadcrumb\",\"itemListElement\":[{\"@type\":\"ListItem\",\"position\":1,\"name\":\"tds_text_logo_tagline_colortds_text_logo_tagline_colortds_text_logo_tagline_colortds_text_logo_tagline_colortd_module_7_title_excerpttd_module_7_title_excerpttd_module_7_title_excerpttd_module_7_title_excerptHome\",\"item\":\"https:\\\/\\\/www.ilnotiziario.net\\\/wp\\\/\"},{\"@type\":\"ListItem\",\"position\":2,\"name\":\"Centro cinofilo interforze a Cogliate, l&#8217;assessore regionale Foroni in visita all&#8217;area nel Parco Groane\"}]},{\"@type\":\"WebSite\",\"@id\":\"https:\\\/\\\/www.ilnotiziario.net\\\/wp\\\/#website\",\"url\":\"https:\\\/\\\/www.ilnotiziario.net\\\/wp\\\/\",\"name\":\"Il Notiziario\",\"description\":\"Per restare sempre connessi alla notizia\",\"publisher\":{\"@id\":\"https:\\\/\\\/www.ilnotiziario.net\\\/wp\\\/#organization\"},\"alternateName\":\"Il Notiziario Bollate\",\"potentialAction\":[{\"@type\":\"SearchAction\",\"target\":{\"@type\":\"EntryPoint\",\"urlTemplate\":\"https:\\\/\\\/www.ilnotiziario.net\\\/wp\\\/?s={search_term_string}\"},\"query-input\":{\"@type\":\"PropertyValueSpecification\",\"valueRequired\":true,\"valueName\":\"search_term_string\"}}],\"inLanguage\":\"it-IT\"},{\"@type\":\"Organization\",\"@id\":\"https:\\\/\\\/www.ilnotiziario.net\\\/wp\\\/#organization\",\"name\":\"Il Notiziario\",\"url\":\"https:\\\/\\\/www.ilnotiziario.net\\\/wp\\\/\",\"logo\":{\"@type\":\"ImageObject\",\"inLanguage\":\"it-IT\",\"@id\":\"https:\\\/\\\/www.ilnotiziario.net\\\/wp\\\/#\\\/schema\\\/logo\\\/image\\\/\",\"url\":\"https:\\\/\\\/www.ilnotiziario.net\\\/wp\\\/wp-content\\\/uploads\\\/2022\\\/06\\\/170x170ilN.png\",\"contentUrl\":\"https:\\\/\\\/www.ilnotiziario.net\\\/wp\\\/wp-content\\\/uploads\\\/2022\\\/06\\\/170x170ilN.png\",\"width\":355,\"height\":355,\"caption\":\"Il Notiziario\"},\"image\":{\"@id\":\"https:\\\/\\\/www.ilnotiziario.net\\\/wp\\\/#\\\/schema\\\/logo\\\/image\\\/\"},\"sameAs\":[\"https:\\\/\\\/www.facebook.com\\\/ilnotiziarioind\\\/\",\"https:\\\/\\\/x.com\\\/ilNotiziarioInd\",\"https:\\\/\\\/www.instagram.com\\\/ilnotiziario_settimanale\\\/\"]},{\"@type\":\"Person\",\"@id\":\"https:\\\/\\\/www.ilnotiziario.net\\\/wp\\\/#\\\/schema\\\/person\\\/386e222908f898bb41c033989482bbf2\",\"name\":\"Gabriele Bassani\",\"image\":{\"@type\":\"ImageObject\",\"inLanguage\":\"it-IT\",\"@id\":\"https:\\\/\\\/secure.gravatar.com\\\/avatar\\\/09274f4a84fa97698bde56f84b3afed61c8492d48b0550db9671b68c177479cb?s=96&d=mm&r=g\",\"url\":\"https:\\\/\\\/secure.gravatar.com\\\/avatar\\\/09274f4a84fa97698bde56f84b3afed61c8492d48b0550db9671b68c177479cb?s=96&d=mm&r=g\",\"contentUrl\":\"https:\\\/\\\/secure.gravatar.com\\\/avatar\\\/09274f4a84fa97698bde56f84b3afed61c8492d48b0550db9671b68c177479cb?s=96&d=mm&r=g\",\"caption\":\"Gabriele Bassani\"},\"sameAs\":[\"http:\\\/\\\/www.ilnotiziario.net\"]}]}<\/script>\n<!-- \/ Yoast SEO plugin. -->","yoast_head_json":{"title":"Centro cinofilo interforze a Cogliate, l'assessore regionale Foroni in visita all'area nel Parco Groane - Il Notiziario","description":"L\u2019assessore regionale Pietro Foroni, con deleghe al Territorio e alla Protezione civile ha fatto visita questo pomeriggio all\u2019area dell\u2019ex Cral Acna di","robots":{"index":"index","follow":"follow","max-snippet":"max-snippet:-1","max-image-preview":"max-image-preview:large","max-video-preview":"max-video-preview:-1"},"canonical":"https:\/\/www.ilnotiziario.net\/wp\/brianza\/centro-cinofilo-interforze-a-cogliate-lassessore-regionale-foroni-in-visita-allarea-nel-parco-groane\/","og_locale":"it_IT","og_type":"article","og_title":"Centro cinofilo interforze a Cogliate, l'assessore regionale Foroni in visita all'area nel Parco Groane - Il Notiziario","og_description":"L\u2019assessore regionale Pietro Foroni, con deleghe al Territorio e alla Protezione civile ha fatto visita questo pomeriggio all\u2019area dell\u2019ex Cral Acna di","og_url":"https:\/\/www.ilnotiziario.net\/wp\/brianza\/centro-cinofilo-interforze-a-cogliate-lassessore-regionale-foroni-in-visita-allarea-nel-parco-groane\/","og_site_name":"Il Notiziario","article_publisher":"https:\/\/www.facebook.com\/ilnotiziarioind\/","article_published_time":"2022-02-14T15:04:54+00:00","og_image":[{"width":1419,"height":798,"url":"https:\/\/www.ilnotiziario.net\/wp\/wp-content\/uploads\/2022\/02\/Foroni-Parco-ex-Acna.jpg","type":"image\/jpeg"}],"author":"Gabriele Bassani","twitter_card":"summary_large_image","twitter_creator":"@ilNotiziarioInd","twitter_site":"@ilNotiziarioInd","twitter_misc":{"Scritto da":"Gabriele Bassani","Tempo di lettura stimato":"2 minuti"},"schema":{"@context":"https:\/\/schema.org","@graph":[{"@type":"Article","@id":"https:\/\/www.ilnotiziario.net\/wp\/brianza\/centro-cinofilo-interforze-a-cogliate-lassessore-regionale-foroni-in-visita-allarea-nel-parco-groane\/#article","isPartOf":{"@id":"https:\/\/www.ilnotiziario.net\/wp\/brianza\/centro-cinofilo-interforze-a-cogliate-lassessore-regionale-foroni-in-visita-allarea-nel-parco-groane\/"},"author":{"name":"Gabriele Bassani","@id":"https:\/\/www.ilnotiziario.net\/wp\/#\/schema\/person\/386e222908f898bb41c033989482bbf2"},"headline":"Centro cinofilo interforze a Cogliate, l&#8217;assessore regionale Foroni in visita all&#8217;area nel Parco Groane","datePublished":"2022-02-14T15:04:54+00:00","mainEntityOfPage":{"@id":"https:\/\/www.ilnotiziario.net\/wp\/brianza\/centro-cinofilo-interforze-a-cogliate-lassessore-regionale-foroni-in-visita-allarea-nel-parco-groane\/"},"wordCount":323,"publisher":{"@id":"https:\/\/www.ilnotiziario.net\/wp\/#organization"},"image":{"@id":"https:\/\/www.ilnotiziario.net\/wp\/brianza\/centro-cinofilo-interforze-a-cogliate-lassessore-regionale-foroni-in-visita-allarea-nel-parco-groane\/#primaryimage"},"thumbnailUrl":"https:\/\/www.ilnotiziario.net\/wp\/wp-content\/uploads\/2022\/02\/Foroni-Parco-ex-Acna.jpg","keywords":["acna","centro","cinofilo","Cogliate","foroni"],"articleSection":["BRIANZA","Prima Pagina","SARONNESE"],"inLanguage":"it-IT"},{"@type":"WebPage","@id":"https:\/\/www.ilnotiziario.net\/wp\/brianza\/centro-cinofilo-interforze-a-cogliate-lassessore-regionale-foroni-in-visita-allarea-nel-parco-groane\/","url":"https:\/\/www.ilnotiziario.net\/wp\/brianza\/centro-cinofilo-interforze-a-cogliate-lassessore-regionale-foroni-in-visita-allarea-nel-parco-groane\/","name":"Centro cinofilo interforze a Cogliate, l'assessore regionale Foroni in visita all'area nel Parco Groane - Il Notiziario","isPartOf":{"@id":"https:\/\/www.ilnotiziario.net\/wp\/#website"},"primaryImageOfPage":{"@id":"https:\/\/www.ilnotiziario.net\/wp\/brianza\/centro-cinofilo-interforze-a-cogliate-lassessore-regionale-foroni-in-visita-allarea-nel-parco-groane\/#primaryimage"},"image":{"@id":"https:\/\/www.ilnotiziario.net\/wp\/brianza\/centro-cinofilo-interforze-a-cogliate-lassessore-regionale-foroni-in-visita-allarea-nel-parco-groane\/#primaryimage"},"thumbnailUrl":"https:\/\/www.ilnotiziario.net\/wp\/wp-content\/uploads\/2022\/02\/Foroni-Parco-ex-Acna.jpg","datePublished":"2022-02-14T15:04:54+00:00","description":"L\u2019assessore regionale Pietro Foroni, con deleghe al Territorio e alla Protezione civile ha fatto visita questo pomeriggio all\u2019area dell\u2019ex Cral Acna di","breadcrumb":{"@id":"https:\/\/www.ilnotiziario.net\/wp\/brianza\/centro-cinofilo-interforze-a-cogliate-lassessore-regionale-foroni-in-visita-allarea-nel-parco-groane\/#breadcrumb"},"inLanguage":"it-IT","potentialAction":[{"@type":"ReadAction","target":["https:\/\/www.ilnotiziario.net\/wp\/brianza\/centro-cinofilo-interforze-a-cogliate-lassessore-regionale-foroni-in-visita-allarea-nel-parco-groane\/"]}]},{"@type":"ImageObject","inLanguage":"it-IT","@id":"https:\/\/www.ilnotiziario.net\/wp\/brianza\/centro-cinofilo-interforze-a-cogliate-lassessore-regionale-foroni-in-visita-allarea-nel-parco-groane\/#primaryimage","url":"https:\/\/www.ilnotiziario.net\/wp\/wp-content\/uploads\/2022\/02\/Foroni-Parco-ex-Acna.jpg","contentUrl":"https:\/\/www.ilnotiziario.net\/wp\/wp-content\/uploads\/2022\/02\/Foroni-Parco-ex-Acna.jpg","width":1419,"height":798,"caption":"Foroni Cral ex Acna"},{"@type":"BreadcrumbList","@id":"https:\/\/www.ilnotiziario.net\/wp\/brianza\/centro-cinofilo-interforze-a-cogliate-lassessore-regionale-foroni-in-visita-allarea-nel-parco-groane\/#breadcrumb","itemListElement":[{"@type":"ListItem","position":1,"name":"tds_text_logo_tagline_colortds_text_logo_tagline_colortds_text_logo_tagline_colortds_text_logo_tagline_colortd_module_7_title_excerpttd_module_7_title_excerpttd_module_7_title_excerpttd_module_7_title_excerptHome","item":"https:\/\/www.ilnotiziario.net\/wp\/"},{"@type":"ListItem","position":2,"name":"Centro cinofilo interforze a Cogliate, l&#8217;assessore regionale Foroni in visita all&#8217;area nel Parco Groane"}]},{"@type":"WebSite","@id":"https:\/\/www.ilnotiziario.net\/wp\/#website","url":"https:\/\/www.ilnotiziario.net\/wp\/","name":"Il Notiziario","description":"Per restare sempre connessi alla notizia","publisher":{"@id":"https:\/\/www.ilnotiziario.net\/wp\/#organization"},"alternateName":"Il Notiziario Bollate","potentialAction":[{"@type":"SearchAction","target":{"@type":"EntryPoint","urlTemplate":"https:\/\/www.ilnotiziario.net\/wp\/?s={search_term_string}"},"query-input":{"@type":"PropertyValueSpecification","valueRequired":true,"valueName":"search_term_string"}}],"inLanguage":"it-IT"},{"@type":"Organization","@id":"https:\/\/www.ilnotiziario.net\/wp\/#organization","name":"Il Notiziario","url":"https:\/\/www.ilnotiziario.net\/wp\/","logo":{"@type":"ImageObject","inLanguage":"it-IT","@id":"https:\/\/www.ilnotiziario.net\/wp\/#\/schema\/logo\/image\/","url":"https:\/\/www.ilnotiziario.net\/wp\/wp-content\/uploads\/2022\/06\/170x170ilN.png","contentUrl":"https:\/\/www.ilnotiziario.net\/wp\/wp-content\/uploads\/2022\/06\/170x170ilN.png","width":355,"height":355,"caption":"Il Notiziario"},"image":{"@id":"https:\/\/www.ilnotiziario.net\/wp\/#\/schema\/logo\/image\/"},"sameAs":["https:\/\/www.facebook.com\/ilnotiziarioind\/","https:\/\/x.com\/ilNotiziarioInd","https:\/\/www.instagram.com\/ilnotiziario_settimanale\/"]},{"@type":"Person","@id":"https:\/\/www.ilnotiziario.net\/wp\/#\/schema\/person\/386e222908f898bb41c033989482bbf2","name":"Gabriele Bassani","image":{"@type":"ImageObject","inLanguage":"it-IT","@id":"https:\/\/secure.gravatar.com\/avatar\/09274f4a84fa97698bde56f84b3afed61c8492d48b0550db9671b68c177479cb?s=96&d=mm&r=g","url":"https:\/\/secure.gravatar.com\/avatar\/09274f4a84fa97698bde56f84b3afed61c8492d48b0550db9671b68c177479cb?s=96&d=mm&r=g","contentUrl":"https:\/\/secure.gravatar.com\/avatar\/09274f4a84fa97698bde56f84b3afed61c8492d48b0550db9671b68c177479cb?s=96&d=mm&r=g","caption":"Gabriele Bassani"},"sameAs":["http:\/\/www.ilnotiziario.net"]}]}},"_links":{"self":[{"href":"https:\/\/www.ilnotiziario.net\/wp\/wp-json\/wp\/v2\/posts\/162226","targetHints":{"allow":["GET"]}}],"collection":[{"href":"https:\/\/www.ilnotiziario.net\/wp\/wp-json\/wp\/v2\/posts"}],"about":[{"href":"https:\/\/www.ilnotiziario.net\/wp\/wp-json\/wp\/v2\/types\/post"}],"author":[{"embeddable":true,"href":"https:\/\/www.ilnotiziario.net\/wp\/wp-json\/wp\/v2\/users\/3"}],"replies":[{"embeddable":true,"href":"https:\/\/www.ilnotiziario.net\/wp\/wp-json\/wp\/v2\/comments?post=162226"}],"version-history":[{"count":0,"href":"https:\/\/www.ilnotiziario.net\/wp\/wp-json\/wp\/v2\/posts\/162226\/revisions"}],"wp:featuredmedia":[{"embeddable":true,"href":"https:\/\/www.ilnotiziario.net\/wp\/wp-json\/wp\/v2\/media\/162227"}],"wp:attachment":[{"href":"https:\/\/www.ilnotiziario.net\/wp\/wp-json\/wp\/v2\/media?parent=162226"}],"wp:term":[{"taxonomy":"category","embeddable":true,"href":"https:\/\/www.ilnotiziario.net\/wp\/wp-json\/wp\/v2\/categories?post=162226"},{"taxonomy":"post_tag","embeddable":true,"href":"https:\/\/www.ilnotiziario.net\/wp\/wp-json\/wp\/v2\/tags?post=162226"}],"curies":[{"name":"wp","href":"https:\/\/api.w.org\/{rel}","templated":true}]}}