{"id":162302,"date":"2022-02-16T08:04:18","date_gmt":"2022-02-16T07:04:18","guid":{"rendered":"https:\/\/www.ilnotiziario.net\/wp\/?p=162302"},"modified":"2022-02-16T08:04:18","modified_gmt":"2022-02-16T07:04:18","slug":"rho-monza-svincolo-novate-milanese","status":"publish","type":"post","link":"https:\/\/www.ilnotiziario.net\/wp\/prima-pagina\/rho-monza-svincolo-novate-milanese\/","title":{"rendered":"Rho-Monza lavori, chiude il vecchio svincolo a Novate Milanese: auto in trincea verso Rho"},"content":{"rendered":"<div dir=\"auto\"><img fetchpriority=\"high\" decoding=\"async\" class=\"size-medium wp-image-162323 alignleft\" src=\"https:\/\/www.ilnotiziario.net\/wp\/wp-content\/uploads\/2022\/02\/rho-monza-300x169.jpg\" alt=\"\" width=\"300\" height=\"169\" srcset=\"https:\/\/www.ilnotiziario.net\/wp\/wp-content\/uploads\/2022\/02\/rho-monza-300x169.jpg 300w, https:\/\/www.ilnotiziario.net\/wp\/wp-content\/uploads\/2022\/02\/rho-monza-1024x576.jpg 1024w, https:\/\/www.ilnotiziario.net\/wp\/wp-content\/uploads\/2022\/02\/rho-monza-768x432.jpg 768w, https:\/\/www.ilnotiziario.net\/wp\/wp-content\/uploads\/2022\/02\/rho-monza-696x391.jpg 696w, https:\/\/www.ilnotiziario.net\/wp\/wp-content\/uploads\/2022\/02\/rho-monza-1068x600.jpg 1068w, https:\/\/www.ilnotiziario.net\/wp\/wp-content\/uploads\/2022\/02\/rho-monza.jpg 1245w\" sizes=\"(max-width: 300px) 100vw, 300px\" \/>Chiude l&#8217;ultimo svincolo del vecchio tracciato della Rho-Monza a Novate Milanese. Ad annunciarlo \u00e8 l&#8217;Amministrazione comunale che anticipa le novit\u00e0 che dovrebbero essere in vigore tra tre settimane.&nbsp;<\/div>\n<div dir=\"auto\">&nbsp;<\/div>\n<div dir=\"auto\">Si tratta dello svincolo di via Brodolini della Rho-Monza verr\u00e0 chiuso definitivamente. Gi\u00e0 da qualche mese \u00e8 stato ridimensionato e utilizzato esclusivamente per il tratto verso Rho. Al contempo &#8220;diventer\u00e0 operativo come unico accesso sulla nuova A52 lo svincolo Novate \u2013 Bollate situato in via Di Vittorio alle spalle dell\u2019albergo&#8221;, spiegano dal Comune. &#8220;Il provvedimento si rende necessario a fronte dell\u2019avanzamento dei lavori che consentiranno di convogliare tutti i mezzi sul nuovo tracciato in trincea anche per quelli diretti verso Rho, permettendo la demolizione del vecchio sedime stradale necessario per avviare la realizzazione del tratto di Novate Milanese della complanare il cui progetto \u00e8 stato approvato dagli Enti competenti lo scorso 2 febbraio&#8221;.<\/div>\n<div dir=\"auto\">&nbsp;<\/div>\n<div dir=\"auto\">Questa novit\u00e0 \u00e8 annunciata a partire da luned\u00ec 7 marzo, ma la conferma ufficiale da parte di Serravalle arriver\u00e0 tra qualche giorno. Cos\u00ec facendo &#8220;la nuova Rho-Monza assumer\u00e0 la fisionomia definitiva con tutte le caratteristiche autostradali, infrastruttura a cui si affiancher\u00e0 la complanare, strada indispensabile per il collegamento intercomunale dei territori attraversati dalla A52&#8221;, concludono dal Comune.&nbsp;<\/div>\n","protected":false},"excerpt":{"rendered":"<p>Chiude l&#8217;ultimo svincolo del vecchio tracciato della Rho-Monza a Novate Milanese. Ad annunciarlo \u00e8 l&#8217;Amministrazione comunale che anticipa le novit\u00e0 che dovrebbero essere in vigore tra tre settimane.&nbsp; &nbsp; Si tratta dello svincolo di via Brodolini della Rho-Monza verr\u00e0 chiuso definitivamente. Gi\u00e0 da qualche mese \u00e8 stato ridimensionato e utilizzato esclusivamente per il tratto verso<\/p>\n","protected":false},"author":7,"featured_media":162323,"comment_status":"closed","ping_status":"closed","sticky":false,"template":"","format":"standard","meta":{"footnotes":""},"categories":[8,20],"tags":[204,3433,1788],"class_list":{"0":"post-162302","1":"post","2":"type-post","3":"status-publish","4":"format-standard","5":"has-post-thumbnail","7":"category-bollatese","8":"category-prima-pagina","9":"tag-novate-milanese","10":"tag-rho-monza","11":"tag-svincolo"},"yoast_head":"<!-- This site is optimized with the Yoast SEO plugin v27.5 - https:\/\/yoast.com\/product\/yoast-seo-wordpress\/ -->\n<title>Rho-Monza lavori, chiude il vecchio svincolo a Novate Milanese: auto in trincea verso Rho<\/title>\n<meta name=\"description\" content=\"Chiude l&#039;ultimo svincolo del vecchio tracciato della Rho-Monza a Novate Milanese. Ad annunciarlo \u00e8 l&#039;Amministrazione comunale che anticipa le novit\u00e0 che\" \/>\n<meta name=\"robots\" content=\"index, follow, max-snippet:-1, max-image-preview:large, max-video-preview:-1\" \/>\n<link rel=\"canonical\" href=\"https:\/\/www.ilnotiziario.net\/wp\/prima-pagina\/rho-monza-svincolo-novate-milanese\/\" \/>\n<meta property=\"og:locale\" content=\"it_IT\" \/>\n<meta property=\"og:type\" content=\"article\" \/>\n<meta property=\"og:title\" content=\"Rho-Monza lavori, chiude il vecchio svincolo a Novate Milanese: auto in trincea verso Rho\" \/>\n<meta property=\"og:description\" content=\"Chiude l&#039;ultimo svincolo del vecchio tracciato della Rho-Monza a Novate Milanese. Ad annunciarlo \u00e8 l&#039;Amministrazione comunale che anticipa le novit\u00e0 che\" \/>\n<meta property=\"og:url\" content=\"https:\/\/www.ilnotiziario.net\/wp\/prima-pagina\/rho-monza-svincolo-novate-milanese\/\" \/>\n<meta property=\"og:site_name\" content=\"Il Notiziario\" \/>\n<meta property=\"article:publisher\" content=\"https:\/\/www.facebook.com\/ilnotiziarioind\/\" \/>\n<meta property=\"article:published_time\" content=\"2022-02-16T07:04:18+00:00\" \/>\n<meta property=\"og:image\" content=\"https:\/\/www.ilnotiziario.net\/wp\/wp-content\/uploads\/2022\/02\/rho-monza.jpg\" \/>\n\t<meta property=\"og:image:width\" content=\"1245\" \/>\n\t<meta property=\"og:image:height\" content=\"700\" \/>\n\t<meta property=\"og:image:type\" content=\"image\/jpeg\" \/>\n<meta name=\"author\" content=\"Simone Carcano\" \/>\n<meta name=\"twitter:card\" content=\"summary_large_image\" \/>\n<meta name=\"twitter:creator\" content=\"@simone_carcano\" \/>\n<meta name=\"twitter:site\" content=\"@ilNotiziarioInd\" \/>\n<meta name=\"twitter:label1\" content=\"Scritto da\" \/>\n\t<meta name=\"twitter:data1\" content=\"Simone Carcano\" \/>\n\t<meta name=\"twitter:label2\" content=\"Tempo di lettura stimato\" \/>\n\t<meta name=\"twitter:data2\" content=\"2 minuti\" \/>\n<script type=\"application\/ld+json\" class=\"yoast-schema-graph\">{\"@context\":\"https:\\\/\\\/schema.org\",\"@graph\":[{\"@type\":\"Article\",\"@id\":\"https:\\\/\\\/www.ilnotiziario.net\\\/wp\\\/prima-pagina\\\/rho-monza-svincolo-novate-milanese\\\/#article\",\"isPartOf\":{\"@id\":\"https:\\\/\\\/www.ilnotiziario.net\\\/wp\\\/prima-pagina\\\/rho-monza-svincolo-novate-milanese\\\/\"},\"author\":{\"name\":\"Simone Carcano\",\"@id\":\"https:\\\/\\\/www.ilnotiziario.net\\\/wp\\\/#\\\/schema\\\/person\\\/c218ad0865f96bfe2c1c2cfa719653f7\"},\"headline\":\"Rho-Monza lavori, chiude il vecchio svincolo a Novate Milanese: auto in trincea verso Rho\",\"datePublished\":\"2022-02-16T07:04:18+00:00\",\"mainEntityOfPage\":{\"@id\":\"https:\\\/\\\/www.ilnotiziario.net\\\/wp\\\/prima-pagina\\\/rho-monza-svincolo-novate-milanese\\\/\"},\"wordCount\":213,\"publisher\":{\"@id\":\"https:\\\/\\\/www.ilnotiziario.net\\\/wp\\\/#organization\"},\"image\":{\"@id\":\"https:\\\/\\\/www.ilnotiziario.net\\\/wp\\\/prima-pagina\\\/rho-monza-svincolo-novate-milanese\\\/#primaryimage\"},\"thumbnailUrl\":\"https:\\\/\\\/www.ilnotiziario.net\\\/wp\\\/wp-content\\\/uploads\\\/2022\\\/02\\\/rho-monza.jpg\",\"keywords\":[\"Novate Milanese\",\"Rho-Monza\",\"svincolo\"],\"articleSection\":[\"BOLLATESE\",\"Prima Pagina\"],\"inLanguage\":\"it-IT\"},{\"@type\":\"WebPage\",\"@id\":\"https:\\\/\\\/www.ilnotiziario.net\\\/wp\\\/prima-pagina\\\/rho-monza-svincolo-novate-milanese\\\/\",\"url\":\"https:\\\/\\\/www.ilnotiziario.net\\\/wp\\\/prima-pagina\\\/rho-monza-svincolo-novate-milanese\\\/\",\"name\":\"Rho-Monza lavori, chiude il vecchio svincolo a Novate Milanese: auto in trincea verso Rho\",\"isPartOf\":{\"@id\":\"https:\\\/\\\/www.ilnotiziario.net\\\/wp\\\/#website\"},\"primaryImageOfPage\":{\"@id\":\"https:\\\/\\\/www.ilnotiziario.net\\\/wp\\\/prima-pagina\\\/rho-monza-svincolo-novate-milanese\\\/#primaryimage\"},\"image\":{\"@id\":\"https:\\\/\\\/www.ilnotiziario.net\\\/wp\\\/prima-pagina\\\/rho-monza-svincolo-novate-milanese\\\/#primaryimage\"},\"thumbnailUrl\":\"https:\\\/\\\/www.ilnotiziario.net\\\/wp\\\/wp-content\\\/uploads\\\/2022\\\/02\\\/rho-monza.jpg\",\"datePublished\":\"2022-02-16T07:04:18+00:00\",\"description\":\"Chiude l'ultimo svincolo del vecchio tracciato della Rho-Monza a Novate Milanese. Ad annunciarlo \u00e8 l'Amministrazione comunale che anticipa le novit\u00e0 che\",\"breadcrumb\":{\"@id\":\"https:\\\/\\\/www.ilnotiziario.net\\\/wp\\\/prima-pagina\\\/rho-monza-svincolo-novate-milanese\\\/#breadcrumb\"},\"inLanguage\":\"it-IT\",\"potentialAction\":[{\"@type\":\"ReadAction\",\"target\":[\"https:\\\/\\\/www.ilnotiziario.net\\\/wp\\\/prima-pagina\\\/rho-monza-svincolo-novate-milanese\\\/\"]}]},{\"@type\":\"ImageObject\",\"inLanguage\":\"it-IT\",\"@id\":\"https:\\\/\\\/www.ilnotiziario.net\\\/wp\\\/prima-pagina\\\/rho-monza-svincolo-novate-milanese\\\/#primaryimage\",\"url\":\"https:\\\/\\\/www.ilnotiziario.net\\\/wp\\\/wp-content\\\/uploads\\\/2022\\\/02\\\/rho-monza.jpg\",\"contentUrl\":\"https:\\\/\\\/www.ilnotiziario.net\\\/wp\\\/wp-content\\\/uploads\\\/2022\\\/02\\\/rho-monza.jpg\",\"width\":1245,\"height\":700},{\"@type\":\"BreadcrumbList\",\"@id\":\"https:\\\/\\\/www.ilnotiziario.net\\\/wp\\\/prima-pagina\\\/rho-monza-svincolo-novate-milanese\\\/#breadcrumb\",\"itemListElement\":[{\"@type\":\"ListItem\",\"position\":1,\"name\":\"tds_text_logo_tagline_colortds_text_logo_tagline_colortds_text_logo_tagline_colortds_text_logo_tagline_colortd_module_7_title_excerpttd_module_7_title_excerpttd_module_7_title_excerpttd_module_7_title_excerptHome\",\"item\":\"https:\\\/\\\/www.ilnotiziario.net\\\/wp\\\/\"},{\"@type\":\"ListItem\",\"position\":2,\"name\":\"Rho-Monza lavori, chiude il vecchio svincolo a Novate Milanese: auto in trincea verso Rho\"}]},{\"@type\":\"WebSite\",\"@id\":\"https:\\\/\\\/www.ilnotiziario.net\\\/wp\\\/#website\",\"url\":\"https:\\\/\\\/www.ilnotiziario.net\\\/wp\\\/\",\"name\":\"Il Notiziario\",\"description\":\"Per restare sempre connessi alla notizia\",\"publisher\":{\"@id\":\"https:\\\/\\\/www.ilnotiziario.net\\\/wp\\\/#organization\"},\"alternateName\":\"Il Notiziario Bollate\",\"potentialAction\":[{\"@type\":\"SearchAction\",\"target\":{\"@type\":\"EntryPoint\",\"urlTemplate\":\"https:\\\/\\\/www.ilnotiziario.net\\\/wp\\\/?s={search_term_string}\"},\"query-input\":{\"@type\":\"PropertyValueSpecification\",\"valueRequired\":true,\"valueName\":\"search_term_string\"}}],\"inLanguage\":\"it-IT\"},{\"@type\":\"Organization\",\"@id\":\"https:\\\/\\\/www.ilnotiziario.net\\\/wp\\\/#organization\",\"name\":\"Il Notiziario\",\"url\":\"https:\\\/\\\/www.ilnotiziario.net\\\/wp\\\/\",\"logo\":{\"@type\":\"ImageObject\",\"inLanguage\":\"it-IT\",\"@id\":\"https:\\\/\\\/www.ilnotiziario.net\\\/wp\\\/#\\\/schema\\\/logo\\\/image\\\/\",\"url\":\"https:\\\/\\\/www.ilnotiziario.net\\\/wp\\\/wp-content\\\/uploads\\\/2022\\\/06\\\/170x170ilN.png\",\"contentUrl\":\"https:\\\/\\\/www.ilnotiziario.net\\\/wp\\\/wp-content\\\/uploads\\\/2022\\\/06\\\/170x170ilN.png\",\"width\":355,\"height\":355,\"caption\":\"Il Notiziario\"},\"image\":{\"@id\":\"https:\\\/\\\/www.ilnotiziario.net\\\/wp\\\/#\\\/schema\\\/logo\\\/image\\\/\"},\"sameAs\":[\"https:\\\/\\\/www.facebook.com\\\/ilnotiziarioind\\\/\",\"https:\\\/\\\/x.com\\\/ilNotiziarioInd\",\"https:\\\/\\\/www.instagram.com\\\/ilnotiziario_settimanale\\\/\"]},{\"@type\":\"Person\",\"@id\":\"https:\\\/\\\/www.ilnotiziario.net\\\/wp\\\/#\\\/schema\\\/person\\\/c218ad0865f96bfe2c1c2cfa719653f7\",\"name\":\"Simone Carcano\",\"image\":{\"@type\":\"ImageObject\",\"inLanguage\":\"it-IT\",\"@id\":\"https:\\\/\\\/secure.gravatar.com\\\/avatar\\\/5e677023cff2c47e9f7a896b9157a46e18bd36e7c4d000a1726bb730be7d38bb?s=96&d=mm&r=g\",\"url\":\"https:\\\/\\\/secure.gravatar.com\\\/avatar\\\/5e677023cff2c47e9f7a896b9157a46e18bd36e7c4d000a1726bb730be7d38bb?s=96&d=mm&r=g\",\"contentUrl\":\"https:\\\/\\\/secure.gravatar.com\\\/avatar\\\/5e677023cff2c47e9f7a896b9157a46e18bd36e7c4d000a1726bb730be7d38bb?s=96&d=mm&r=g\",\"caption\":\"Simone Carcano\"},\"sameAs\":[\"http:\\\/\\\/www.ilnotiziario.net\",\"https:\\\/\\\/x.com\\\/@simone_carcano\"]}]}<\/script>\n<!-- \/ Yoast SEO plugin. -->","yoast_head_json":{"title":"Rho-Monza lavori, chiude il vecchio svincolo a Novate Milanese: auto in trincea verso Rho","description":"Chiude l'ultimo svincolo del vecchio tracciato della Rho-Monza a Novate Milanese. Ad annunciarlo \u00e8 l'Amministrazione comunale che anticipa le novit\u00e0 che","robots":{"index":"index","follow":"follow","max-snippet":"max-snippet:-1","max-image-preview":"max-image-preview:large","max-video-preview":"max-video-preview:-1"},"canonical":"https:\/\/www.ilnotiziario.net\/wp\/prima-pagina\/rho-monza-svincolo-novate-milanese\/","og_locale":"it_IT","og_type":"article","og_title":"Rho-Monza lavori, chiude il vecchio svincolo a Novate Milanese: auto in trincea verso Rho","og_description":"Chiude l'ultimo svincolo del vecchio tracciato della Rho-Monza a Novate Milanese. Ad annunciarlo \u00e8 l'Amministrazione comunale che anticipa le novit\u00e0 che","og_url":"https:\/\/www.ilnotiziario.net\/wp\/prima-pagina\/rho-monza-svincolo-novate-milanese\/","og_site_name":"Il Notiziario","article_publisher":"https:\/\/www.facebook.com\/ilnotiziarioind\/","article_published_time":"2022-02-16T07:04:18+00:00","og_image":[{"width":1245,"height":700,"url":"https:\/\/www.ilnotiziario.net\/wp\/wp-content\/uploads\/2022\/02\/rho-monza.jpg","type":"image\/jpeg"}],"author":"Simone Carcano","twitter_card":"summary_large_image","twitter_creator":"@simone_carcano","twitter_site":"@ilNotiziarioInd","twitter_misc":{"Scritto da":"Simone Carcano","Tempo di lettura stimato":"2 minuti"},"schema":{"@context":"https:\/\/schema.org","@graph":[{"@type":"Article","@id":"https:\/\/www.ilnotiziario.net\/wp\/prima-pagina\/rho-monza-svincolo-novate-milanese\/#article","isPartOf":{"@id":"https:\/\/www.ilnotiziario.net\/wp\/prima-pagina\/rho-monza-svincolo-novate-milanese\/"},"author":{"name":"Simone Carcano","@id":"https:\/\/www.ilnotiziario.net\/wp\/#\/schema\/person\/c218ad0865f96bfe2c1c2cfa719653f7"},"headline":"Rho-Monza lavori, chiude il vecchio svincolo a Novate Milanese: auto in trincea verso Rho","datePublished":"2022-02-16T07:04:18+00:00","mainEntityOfPage":{"@id":"https:\/\/www.ilnotiziario.net\/wp\/prima-pagina\/rho-monza-svincolo-novate-milanese\/"},"wordCount":213,"publisher":{"@id":"https:\/\/www.ilnotiziario.net\/wp\/#organization"},"image":{"@id":"https:\/\/www.ilnotiziario.net\/wp\/prima-pagina\/rho-monza-svincolo-novate-milanese\/#primaryimage"},"thumbnailUrl":"https:\/\/www.ilnotiziario.net\/wp\/wp-content\/uploads\/2022\/02\/rho-monza.jpg","keywords":["Novate Milanese","Rho-Monza","svincolo"],"articleSection":["BOLLATESE","Prima Pagina"],"inLanguage":"it-IT"},{"@type":"WebPage","@id":"https:\/\/www.ilnotiziario.net\/wp\/prima-pagina\/rho-monza-svincolo-novate-milanese\/","url":"https:\/\/www.ilnotiziario.net\/wp\/prima-pagina\/rho-monza-svincolo-novate-milanese\/","name":"Rho-Monza lavori, chiude il vecchio svincolo a Novate Milanese: auto in trincea verso Rho","isPartOf":{"@id":"https:\/\/www.ilnotiziario.net\/wp\/#website"},"primaryImageOfPage":{"@id":"https:\/\/www.ilnotiziario.net\/wp\/prima-pagina\/rho-monza-svincolo-novate-milanese\/#primaryimage"},"image":{"@id":"https:\/\/www.ilnotiziario.net\/wp\/prima-pagina\/rho-monza-svincolo-novate-milanese\/#primaryimage"},"thumbnailUrl":"https:\/\/www.ilnotiziario.net\/wp\/wp-content\/uploads\/2022\/02\/rho-monza.jpg","datePublished":"2022-02-16T07:04:18+00:00","description":"Chiude l'ultimo svincolo del vecchio tracciato della Rho-Monza a Novate Milanese. Ad annunciarlo \u00e8 l'Amministrazione comunale che anticipa le novit\u00e0 che","breadcrumb":{"@id":"https:\/\/www.ilnotiziario.net\/wp\/prima-pagina\/rho-monza-svincolo-novate-milanese\/#breadcrumb"},"inLanguage":"it-IT","potentialAction":[{"@type":"ReadAction","target":["https:\/\/www.ilnotiziario.net\/wp\/prima-pagina\/rho-monza-svincolo-novate-milanese\/"]}]},{"@type":"ImageObject","inLanguage":"it-IT","@id":"https:\/\/www.ilnotiziario.net\/wp\/prima-pagina\/rho-monza-svincolo-novate-milanese\/#primaryimage","url":"https:\/\/www.ilnotiziario.net\/wp\/wp-content\/uploads\/2022\/02\/rho-monza.jpg","contentUrl":"https:\/\/www.ilnotiziario.net\/wp\/wp-content\/uploads\/2022\/02\/rho-monza.jpg","width":1245,"height":700},{"@type":"BreadcrumbList","@id":"https:\/\/www.ilnotiziario.net\/wp\/prima-pagina\/rho-monza-svincolo-novate-milanese\/#breadcrumb","itemListElement":[{"@type":"ListItem","position":1,"name":"tds_text_logo_tagline_colortds_text_logo_tagline_colortds_text_logo_tagline_colortds_text_logo_tagline_colortd_module_7_title_excerpttd_module_7_title_excerpttd_module_7_title_excerpttd_module_7_title_excerptHome","item":"https:\/\/www.ilnotiziario.net\/wp\/"},{"@type":"ListItem","position":2,"name":"Rho-Monza lavori, chiude il vecchio svincolo a Novate Milanese: auto in trincea verso Rho"}]},{"@type":"WebSite","@id":"https:\/\/www.ilnotiziario.net\/wp\/#website","url":"https:\/\/www.ilnotiziario.net\/wp\/","name":"Il Notiziario","description":"Per restare sempre connessi alla notizia","publisher":{"@id":"https:\/\/www.ilnotiziario.net\/wp\/#organization"},"alternateName":"Il Notiziario Bollate","potentialAction":[{"@type":"SearchAction","target":{"@type":"EntryPoint","urlTemplate":"https:\/\/www.ilnotiziario.net\/wp\/?s={search_term_string}"},"query-input":{"@type":"PropertyValueSpecification","valueRequired":true,"valueName":"search_term_string"}}],"inLanguage":"it-IT"},{"@type":"Organization","@id":"https:\/\/www.ilnotiziario.net\/wp\/#organization","name":"Il Notiziario","url":"https:\/\/www.ilnotiziario.net\/wp\/","logo":{"@type":"ImageObject","inLanguage":"it-IT","@id":"https:\/\/www.ilnotiziario.net\/wp\/#\/schema\/logo\/image\/","url":"https:\/\/www.ilnotiziario.net\/wp\/wp-content\/uploads\/2022\/06\/170x170ilN.png","contentUrl":"https:\/\/www.ilnotiziario.net\/wp\/wp-content\/uploads\/2022\/06\/170x170ilN.png","width":355,"height":355,"caption":"Il Notiziario"},"image":{"@id":"https:\/\/www.ilnotiziario.net\/wp\/#\/schema\/logo\/image\/"},"sameAs":["https:\/\/www.facebook.com\/ilnotiziarioind\/","https:\/\/x.com\/ilNotiziarioInd","https:\/\/www.instagram.com\/ilnotiziario_settimanale\/"]},{"@type":"Person","@id":"https:\/\/www.ilnotiziario.net\/wp\/#\/schema\/person\/c218ad0865f96bfe2c1c2cfa719653f7","name":"Simone Carcano","image":{"@type":"ImageObject","inLanguage":"it-IT","@id":"https:\/\/secure.gravatar.com\/avatar\/5e677023cff2c47e9f7a896b9157a46e18bd36e7c4d000a1726bb730be7d38bb?s=96&d=mm&r=g","url":"https:\/\/secure.gravatar.com\/avatar\/5e677023cff2c47e9f7a896b9157a46e18bd36e7c4d000a1726bb730be7d38bb?s=96&d=mm&r=g","contentUrl":"https:\/\/secure.gravatar.com\/avatar\/5e677023cff2c47e9f7a896b9157a46e18bd36e7c4d000a1726bb730be7d38bb?s=96&d=mm&r=g","caption":"Simone Carcano"},"sameAs":["http:\/\/www.ilnotiziario.net","https:\/\/x.com\/@simone_carcano"]}]}},"_links":{"self":[{"href":"https:\/\/www.ilnotiziario.net\/wp\/wp-json\/wp\/v2\/posts\/162302","targetHints":{"allow":["GET"]}}],"collection":[{"href":"https:\/\/www.ilnotiziario.net\/wp\/wp-json\/wp\/v2\/posts"}],"about":[{"href":"https:\/\/www.ilnotiziario.net\/wp\/wp-json\/wp\/v2\/types\/post"}],"author":[{"embeddable":true,"href":"https:\/\/www.ilnotiziario.net\/wp\/wp-json\/wp\/v2\/users\/7"}],"replies":[{"embeddable":true,"href":"https:\/\/www.ilnotiziario.net\/wp\/wp-json\/wp\/v2\/comments?post=162302"}],"version-history":[{"count":0,"href":"https:\/\/www.ilnotiziario.net\/wp\/wp-json\/wp\/v2\/posts\/162302\/revisions"}],"wp:featuredmedia":[{"embeddable":true,"href":"https:\/\/www.ilnotiziario.net\/wp\/wp-json\/wp\/v2\/media\/162323"}],"wp:attachment":[{"href":"https:\/\/www.ilnotiziario.net\/wp\/wp-json\/wp\/v2\/media?parent=162302"}],"wp:term":[{"taxonomy":"category","embeddable":true,"href":"https:\/\/www.ilnotiziario.net\/wp\/wp-json\/wp\/v2\/categories?post=162302"},{"taxonomy":"post_tag","embeddable":true,"href":"https:\/\/www.ilnotiziario.net\/wp\/wp-json\/wp\/v2\/tags?post=162302"}],"curies":[{"name":"wp","href":"https:\/\/api.w.org\/{rel}","templated":true}]}}