{"id":162840,"date":"2022-02-24T16:52:59","date_gmt":"2022-02-24T15:52:59","guid":{"rendered":"https:\/\/www.ilnotiziario.net\/wp\/?p=162840"},"modified":"2022-02-24T16:52:59","modified_gmt":"2022-02-24T15:52:59","slug":"garbagnate-incendio-con-trappola-dietro-il-quadrifoglio","status":"publish","type":"post","link":"https:\/\/www.ilnotiziario.net\/wp\/bollatese\/garbagnate-incendio-con-trappola-dietro-il-quadrifoglio\/","title":{"rendered":"Garbagnate, incendio con&#8230; trappola dietro il Quadrifoglio"},"content":{"rendered":"<p>Che cosa \u00e8 successo la scorsa domenica mattina a Garbagnate dietro al quartiere Quadrifoglio, sul confine con il Parco delle Groane?<\/p><div id=\"ilnot-2165901286\" class=\"ilnot-contenuto ilnot-entity-placement\"><p><!-- incontent_1 --><\/p>\n<div class=\"gptslot\" data-adunitid=\"1\"><\/div>\n<\/div>\n<p>La vicenda al momento \u00e8 avvolta dal mistero e difficilmente si riuscir\u00e0 a fare piena luce, ma quello che appare certo \u00e8 che qualcosa di strano deve essere successo.<\/p>\n<p>Tutto ha avuto inizio nella mattinata domenicale, una giornata apparentemente tranquilla, quando \u00e8 giunta una chiamata ai Vigili del fuoco del distaccamento di via Venezia a Garbagnate per avvisare che c\u2019era in corso un incendio di sterpaglie sul confine tra il Parco delle Groane e l\u2019area terminale del grande parcheggio del Quadrifoglio, lo stesso in cui due mesi fa andarono a fuoco ben quattordici autovetture in sosta.<\/p><div id=\"ilnot-3239899276\" class=\"ilnot-contenuto_2 ilnot-entity-placement\"><div class=\"ads-wrapper\">\n<div class=\"ad-slot\">\n   <div id=\"ilnot-4071851369\" style=\"margin-right: auto;margin-left: auto;text-align: center;width: 320px;height: 100px;\"><a href=\"https:\/\/www.scuolasicurezza.it\/\"><img decoding=\"async\" src=\"https:\/\/www.ilnotiziario.net\/wp\/wp-content\/uploads\/2026\/04\/IlNotiziario_banner-sito-e-newsletter-320-x-100-px-1.gif\" alt=\"\"><\/a><\/div>\n  <\/div>\n<div class=\"ad-slot\">\n   <div id=\"ilnot-1866161564\" style=\"margin-right: auto;margin-left: auto;text-align: center;width: 320px;height: 100px;\"><a href=\"https:\/\/purodesignarredamenti.com\/\"><img decoding=\"async\" src=\"https:\/\/www.ilnotiziario.net\/wp\/wp-content\/uploads\/2026\/04\/banner-puro-ok.gif\" alt=\"whatsapp\"><\/a><\/div><\/p><\/div>\n<\/div>\n<\/div>\n<h2>Garbagnate, vigili del fuoco per un incendio e tre taniche di benzina abbandonate<\/h2>\n<p>Subito da via Venezia \u00e8 partita un\u2019autobotte dei Vigili del fuoco che sono rapidamente giunti sul posto, rendendosi conto di essere davanti a un incendio per fortuna non vasto e ancora in fase iniziale: grazie al fatto che qualcuno si \u00e8 accorto e ha dato subito l\u2019allarme, si \u00e8 evitato che le fiamme potessero ampliarsi ed estendersi grazie al terreno estremamente secco, innescando un <a href=\"https:\/\/www.ilnotiziario.net\/wp\/2022\/02\/08\/domato-notte-maxi-incendio-parco-groane-misinto-cogliate-e-lazzate\/\"><strong>ampio incendio come era accaduto una settimana prima a Misinto.<\/strong><\/a><\/p>\n<p>L\u2019incendio a detta dei pompieri non si \u00e8 certo sviluppato per cause naturali, poteva essere nato accidentalmente oppure poteva essere doloso, ma ci\u00f2 che ha allarmato non poco i pompieri \u00e8 stato il ritrovamento, nascoste dietro un albero vicino all\u2019area in fiamme, di tre taniche piene di benzina che erano state abbandonate l\u00ec e che, se non si fosse spento subito l\u2019incendio, avrebbero innescato un fuoco di ben pi\u00f9 devastanti proporzioni.<\/p>\n<h2>Il giallo dei fusti di benzina abbandonati a Garbagnate&nbsp;<\/h2>\n<p>Chi poteva aver abbandonato quei fusti, che contenevano almeno una trentina di litri di liquido? Forse qualche piromane che voleva innescare un incendio pi\u00f9 vasto?<\/p><div id=\"ilnot-1110160516\" class=\"ilnot-contenuto_2-2 ilnot-entity-placement\"><div class=\"gptslot\" data-adunitid=\"2\"><\/div>\n<\/div>\n<p>Certo, col prezzo attuale del carburante, nessuno dimenticherebbe l\u00ec tre preziose taniche per errore.<\/p>\n<p>I pompieri, dopo aver spento l\u2019incendio, hanno eliminato il pericolo rimuovendo le taniche, ma sulla vicenda restano aperti tutti gli interrogativi.<\/p>\n","protected":false},"excerpt":{"rendered":"<p>Che cosa \u00e8 successo la scorsa domenica mattina a Garbagnate dietro al quartiere Quadrifoglio, sul confine con il Parco delle Groane? La vicenda al momento \u00e8 avvolta dal mistero e difficilmente si riuscir\u00e0 a fare piena luce, ma quello che appare certo \u00e8 che qualcosa di strano deve essere successo. Tutto ha avuto inizio nella<\/p>\n","protected":false},"author":14,"featured_media":162841,"comment_status":"closed","ping_status":"closed","sticky":false,"template":"","format":"standard","meta":{"footnotes":""},"categories":[8,11],"tags":[43,76,375],"class_list":{"0":"post-162840","1":"post","2":"type-post","3":"status-publish","4":"format-standard","5":"has-post-thumbnail","7":"category-bollatese","8":"category-nord-milano","9":"tag-garbagnate","10":"tag-incendio","11":"tag-quadrifoglio"},"yoast_head":"<!-- This site is optimized with the Yoast SEO plugin v27.4 - https:\/\/yoast.com\/product\/yoast-seo-wordpress\/ -->\n<title>Garbagnate, incendio con... trappola dietro il Quadrifoglio - Il Notiziario<\/title>\n<meta name=\"description\" content=\"Che cosa \u00e8 successo la scorsa domenica mattina a Garbagnate dietro al quartiere Quadrifoglio, sul confine con il Parco delle Groane? La vicenda al momento\" \/>\n<meta name=\"robots\" content=\"index, follow, max-snippet:-1, max-image-preview:large, max-video-preview:-1\" \/>\n<link rel=\"canonical\" href=\"https:\/\/www.ilnotiziario.net\/wp\/bollatese\/garbagnate-incendio-con-trappola-dietro-il-quadrifoglio\/\" \/>\n<meta property=\"og:locale\" content=\"it_IT\" \/>\n<meta property=\"og:type\" content=\"article\" \/>\n<meta property=\"og:title\" content=\"Garbagnate, incendio con... trappola dietro il Quadrifoglio - Il Notiziario\" \/>\n<meta property=\"og:description\" content=\"Che cosa \u00e8 successo la scorsa domenica mattina a Garbagnate dietro al quartiere Quadrifoglio, sul confine con il Parco delle Groane? La vicenda al momento\" \/>\n<meta property=\"og:url\" content=\"https:\/\/www.ilnotiziario.net\/wp\/bollatese\/garbagnate-incendio-con-trappola-dietro-il-quadrifoglio\/\" \/>\n<meta property=\"og:site_name\" content=\"Il Notiziario\" \/>\n<meta property=\"article:publisher\" content=\"https:\/\/www.facebook.com\/ilnotiziarioind\/\" \/>\n<meta property=\"article:published_time\" content=\"2022-02-24T15:52:59+00:00\" \/>\n<meta property=\"og:image\" content=\"https:\/\/www.ilnotiziario.net\/wp\/wp-content\/uploads\/2022\/02\/gar-incendio.jpg\" \/>\n\t<meta property=\"og:image:width\" content=\"290\" \/>\n\t<meta property=\"og:image:height\" content=\"206\" \/>\n\t<meta property=\"og:image:type\" content=\"image\/jpeg\" \/>\n<meta name=\"author\" content=\"Silvia Citterio\" \/>\n<meta name=\"twitter:card\" content=\"summary_large_image\" \/>\n<meta name=\"twitter:creator\" content=\"@ilNotiziarioInd\" \/>\n<meta name=\"twitter:site\" content=\"@ilNotiziarioInd\" \/>\n<meta name=\"twitter:label1\" content=\"Scritto da\" \/>\n\t<meta name=\"twitter:data1\" content=\"Silvia Citterio\" \/>\n\t<meta name=\"twitter:label2\" content=\"Tempo di lettura stimato\" \/>\n\t<meta name=\"twitter:data2\" content=\"2 minuti\" \/>\n<script type=\"application\/ld+json\" class=\"yoast-schema-graph\">{\"@context\":\"https:\\\/\\\/schema.org\",\"@graph\":[{\"@type\":\"Article\",\"@id\":\"https:\\\/\\\/www.ilnotiziario.net\\\/wp\\\/bollatese\\\/garbagnate-incendio-con-trappola-dietro-il-quadrifoglio\\\/#article\",\"isPartOf\":{\"@id\":\"https:\\\/\\\/www.ilnotiziario.net\\\/wp\\\/bollatese\\\/garbagnate-incendio-con-trappola-dietro-il-quadrifoglio\\\/\"},\"author\":{\"name\":\"Silvia Citterio\",\"@id\":\"https:\\\/\\\/www.ilnotiziario.net\\\/wp\\\/#\\\/schema\\\/person\\\/c5bca2edc3d99d29959f04a6126f687b\"},\"headline\":\"Garbagnate, incendio con&#8230; trappola dietro il Quadrifoglio\",\"datePublished\":\"2022-02-24T15:52:59+00:00\",\"mainEntityOfPage\":{\"@id\":\"https:\\\/\\\/www.ilnotiziario.net\\\/wp\\\/bollatese\\\/garbagnate-incendio-con-trappola-dietro-il-quadrifoglio\\\/\"},\"wordCount\":351,\"publisher\":{\"@id\":\"https:\\\/\\\/www.ilnotiziario.net\\\/wp\\\/#organization\"},\"image\":{\"@id\":\"https:\\\/\\\/www.ilnotiziario.net\\\/wp\\\/bollatese\\\/garbagnate-incendio-con-trappola-dietro-il-quadrifoglio\\\/#primaryimage\"},\"thumbnailUrl\":\"https:\\\/\\\/www.ilnotiziario.net\\\/wp\\\/wp-content\\\/uploads\\\/2022\\\/02\\\/gar-incendio.jpg\",\"keywords\":[\"Garbagnate\",\"incendio\",\"Quadrifoglio\"],\"articleSection\":[\"BOLLATESE\",\"NORD MILANO\"],\"inLanguage\":\"it-IT\"},{\"@type\":\"WebPage\",\"@id\":\"https:\\\/\\\/www.ilnotiziario.net\\\/wp\\\/bollatese\\\/garbagnate-incendio-con-trappola-dietro-il-quadrifoglio\\\/\",\"url\":\"https:\\\/\\\/www.ilnotiziario.net\\\/wp\\\/bollatese\\\/garbagnate-incendio-con-trappola-dietro-il-quadrifoglio\\\/\",\"name\":\"Garbagnate, incendio con... trappola dietro il Quadrifoglio - Il Notiziario\",\"isPartOf\":{\"@id\":\"https:\\\/\\\/www.ilnotiziario.net\\\/wp\\\/#website\"},\"primaryImageOfPage\":{\"@id\":\"https:\\\/\\\/www.ilnotiziario.net\\\/wp\\\/bollatese\\\/garbagnate-incendio-con-trappola-dietro-il-quadrifoglio\\\/#primaryimage\"},\"image\":{\"@id\":\"https:\\\/\\\/www.ilnotiziario.net\\\/wp\\\/bollatese\\\/garbagnate-incendio-con-trappola-dietro-il-quadrifoglio\\\/#primaryimage\"},\"thumbnailUrl\":\"https:\\\/\\\/www.ilnotiziario.net\\\/wp\\\/wp-content\\\/uploads\\\/2022\\\/02\\\/gar-incendio.jpg\",\"datePublished\":\"2022-02-24T15:52:59+00:00\",\"description\":\"Che cosa \u00e8 successo la scorsa domenica mattina a Garbagnate dietro al quartiere Quadrifoglio, sul confine con il Parco delle Groane? La vicenda al momento\",\"breadcrumb\":{\"@id\":\"https:\\\/\\\/www.ilnotiziario.net\\\/wp\\\/bollatese\\\/garbagnate-incendio-con-trappola-dietro-il-quadrifoglio\\\/#breadcrumb\"},\"inLanguage\":\"it-IT\",\"potentialAction\":[{\"@type\":\"ReadAction\",\"target\":[\"https:\\\/\\\/www.ilnotiziario.net\\\/wp\\\/bollatese\\\/garbagnate-incendio-con-trappola-dietro-il-quadrifoglio\\\/\"]}]},{\"@type\":\"ImageObject\",\"inLanguage\":\"it-IT\",\"@id\":\"https:\\\/\\\/www.ilnotiziario.net\\\/wp\\\/bollatese\\\/garbagnate-incendio-con-trappola-dietro-il-quadrifoglio\\\/#primaryimage\",\"url\":\"https:\\\/\\\/www.ilnotiziario.net\\\/wp\\\/wp-content\\\/uploads\\\/2022\\\/02\\\/gar-incendio.jpg\",\"contentUrl\":\"https:\\\/\\\/www.ilnotiziario.net\\\/wp\\\/wp-content\\\/uploads\\\/2022\\\/02\\\/gar-incendio.jpg\",\"width\":290,\"height\":206,\"caption\":\"Le tre taniche rinvenute accanto all'area in fiamme\"},{\"@type\":\"BreadcrumbList\",\"@id\":\"https:\\\/\\\/www.ilnotiziario.net\\\/wp\\\/bollatese\\\/garbagnate-incendio-con-trappola-dietro-il-quadrifoglio\\\/#breadcrumb\",\"itemListElement\":[{\"@type\":\"ListItem\",\"position\":1,\"name\":\"tds_text_logo_tagline_colortds_text_logo_tagline_colortds_text_logo_tagline_colortds_text_logo_tagline_colortd_module_7_title_excerpttd_module_7_title_excerpttd_module_7_title_excerpttd_module_7_title_excerptHome\",\"item\":\"https:\\\/\\\/www.ilnotiziario.net\\\/wp\\\/\"},{\"@type\":\"ListItem\",\"position\":2,\"name\":\"Garbagnate, incendio con&#8230; trappola dietro il Quadrifoglio\"}]},{\"@type\":\"WebSite\",\"@id\":\"https:\\\/\\\/www.ilnotiziario.net\\\/wp\\\/#website\",\"url\":\"https:\\\/\\\/www.ilnotiziario.net\\\/wp\\\/\",\"name\":\"Il Notiziario\",\"description\":\"Per restare sempre connessi alla notizia\",\"publisher\":{\"@id\":\"https:\\\/\\\/www.ilnotiziario.net\\\/wp\\\/#organization\"},\"alternateName\":\"Il Notiziario Bollate\",\"potentialAction\":[{\"@type\":\"SearchAction\",\"target\":{\"@type\":\"EntryPoint\",\"urlTemplate\":\"https:\\\/\\\/www.ilnotiziario.net\\\/wp\\\/?s={search_term_string}\"},\"query-input\":{\"@type\":\"PropertyValueSpecification\",\"valueRequired\":true,\"valueName\":\"search_term_string\"}}],\"inLanguage\":\"it-IT\"},{\"@type\":\"Organization\",\"@id\":\"https:\\\/\\\/www.ilnotiziario.net\\\/wp\\\/#organization\",\"name\":\"Il Notiziario\",\"url\":\"https:\\\/\\\/www.ilnotiziario.net\\\/wp\\\/\",\"logo\":{\"@type\":\"ImageObject\",\"inLanguage\":\"it-IT\",\"@id\":\"https:\\\/\\\/www.ilnotiziario.net\\\/wp\\\/#\\\/schema\\\/logo\\\/image\\\/\",\"url\":\"https:\\\/\\\/www.ilnotiziario.net\\\/wp\\\/wp-content\\\/uploads\\\/2022\\\/06\\\/170x170ilN.png\",\"contentUrl\":\"https:\\\/\\\/www.ilnotiziario.net\\\/wp\\\/wp-content\\\/uploads\\\/2022\\\/06\\\/170x170ilN.png\",\"width\":355,\"height\":355,\"caption\":\"Il Notiziario\"},\"image\":{\"@id\":\"https:\\\/\\\/www.ilnotiziario.net\\\/wp\\\/#\\\/schema\\\/logo\\\/image\\\/\"},\"sameAs\":[\"https:\\\/\\\/www.facebook.com\\\/ilnotiziarioind\\\/\",\"https:\\\/\\\/x.com\\\/ilNotiziarioInd\",\"https:\\\/\\\/www.instagram.com\\\/ilnotiziario_settimanale\\\/\"]},{\"@type\":\"Person\",\"@id\":\"https:\\\/\\\/www.ilnotiziario.net\\\/wp\\\/#\\\/schema\\\/person\\\/c5bca2edc3d99d29959f04a6126f687b\",\"name\":\"Silvia Citterio\",\"image\":{\"@type\":\"ImageObject\",\"inLanguage\":\"it-IT\",\"@id\":\"https:\\\/\\\/secure.gravatar.com\\\/avatar\\\/03eb19c63b944e79a9b5ce53ca5d1ca303edcf368a68721ec3ccaae7f98c5afd?s=96&d=mm&r=g\",\"url\":\"https:\\\/\\\/secure.gravatar.com\\\/avatar\\\/03eb19c63b944e79a9b5ce53ca5d1ca303edcf368a68721ec3ccaae7f98c5afd?s=96&d=mm&r=g\",\"contentUrl\":\"https:\\\/\\\/secure.gravatar.com\\\/avatar\\\/03eb19c63b944e79a9b5ce53ca5d1ca303edcf368a68721ec3ccaae7f98c5afd?s=96&d=mm&r=g\",\"caption\":\"Silvia Citterio\"}}]}<\/script>\n<!-- \/ Yoast SEO plugin. -->","yoast_head_json":{"title":"Garbagnate, incendio con... trappola dietro il Quadrifoglio - Il Notiziario","description":"Che cosa \u00e8 successo la scorsa domenica mattina a Garbagnate dietro al quartiere Quadrifoglio, sul confine con il Parco delle Groane? La vicenda al momento","robots":{"index":"index","follow":"follow","max-snippet":"max-snippet:-1","max-image-preview":"max-image-preview:large","max-video-preview":"max-video-preview:-1"},"canonical":"https:\/\/www.ilnotiziario.net\/wp\/bollatese\/garbagnate-incendio-con-trappola-dietro-il-quadrifoglio\/","og_locale":"it_IT","og_type":"article","og_title":"Garbagnate, incendio con... trappola dietro il Quadrifoglio - Il Notiziario","og_description":"Che cosa \u00e8 successo la scorsa domenica mattina a Garbagnate dietro al quartiere Quadrifoglio, sul confine con il Parco delle Groane? La vicenda al momento","og_url":"https:\/\/www.ilnotiziario.net\/wp\/bollatese\/garbagnate-incendio-con-trappola-dietro-il-quadrifoglio\/","og_site_name":"Il Notiziario","article_publisher":"https:\/\/www.facebook.com\/ilnotiziarioind\/","article_published_time":"2022-02-24T15:52:59+00:00","og_image":[{"width":290,"height":206,"url":"https:\/\/www.ilnotiziario.net\/wp\/wp-content\/uploads\/2022\/02\/gar-incendio.jpg","type":"image\/jpeg"}],"author":"Silvia Citterio","twitter_card":"summary_large_image","twitter_creator":"@ilNotiziarioInd","twitter_site":"@ilNotiziarioInd","twitter_misc":{"Scritto da":"Silvia Citterio","Tempo di lettura stimato":"2 minuti"},"schema":{"@context":"https:\/\/schema.org","@graph":[{"@type":"Article","@id":"https:\/\/www.ilnotiziario.net\/wp\/bollatese\/garbagnate-incendio-con-trappola-dietro-il-quadrifoglio\/#article","isPartOf":{"@id":"https:\/\/www.ilnotiziario.net\/wp\/bollatese\/garbagnate-incendio-con-trappola-dietro-il-quadrifoglio\/"},"author":{"name":"Silvia Citterio","@id":"https:\/\/www.ilnotiziario.net\/wp\/#\/schema\/person\/c5bca2edc3d99d29959f04a6126f687b"},"headline":"Garbagnate, incendio con&#8230; trappola dietro il Quadrifoglio","datePublished":"2022-02-24T15:52:59+00:00","mainEntityOfPage":{"@id":"https:\/\/www.ilnotiziario.net\/wp\/bollatese\/garbagnate-incendio-con-trappola-dietro-il-quadrifoglio\/"},"wordCount":351,"publisher":{"@id":"https:\/\/www.ilnotiziario.net\/wp\/#organization"},"image":{"@id":"https:\/\/www.ilnotiziario.net\/wp\/bollatese\/garbagnate-incendio-con-trappola-dietro-il-quadrifoglio\/#primaryimage"},"thumbnailUrl":"https:\/\/www.ilnotiziario.net\/wp\/wp-content\/uploads\/2022\/02\/gar-incendio.jpg","keywords":["Garbagnate","incendio","Quadrifoglio"],"articleSection":["BOLLATESE","NORD MILANO"],"inLanguage":"it-IT"},{"@type":"WebPage","@id":"https:\/\/www.ilnotiziario.net\/wp\/bollatese\/garbagnate-incendio-con-trappola-dietro-il-quadrifoglio\/","url":"https:\/\/www.ilnotiziario.net\/wp\/bollatese\/garbagnate-incendio-con-trappola-dietro-il-quadrifoglio\/","name":"Garbagnate, incendio con... trappola dietro il Quadrifoglio - Il Notiziario","isPartOf":{"@id":"https:\/\/www.ilnotiziario.net\/wp\/#website"},"primaryImageOfPage":{"@id":"https:\/\/www.ilnotiziario.net\/wp\/bollatese\/garbagnate-incendio-con-trappola-dietro-il-quadrifoglio\/#primaryimage"},"image":{"@id":"https:\/\/www.ilnotiziario.net\/wp\/bollatese\/garbagnate-incendio-con-trappola-dietro-il-quadrifoglio\/#primaryimage"},"thumbnailUrl":"https:\/\/www.ilnotiziario.net\/wp\/wp-content\/uploads\/2022\/02\/gar-incendio.jpg","datePublished":"2022-02-24T15:52:59+00:00","description":"Che cosa \u00e8 successo la scorsa domenica mattina a Garbagnate dietro al quartiere Quadrifoglio, sul confine con il Parco delle Groane? La vicenda al momento","breadcrumb":{"@id":"https:\/\/www.ilnotiziario.net\/wp\/bollatese\/garbagnate-incendio-con-trappola-dietro-il-quadrifoglio\/#breadcrumb"},"inLanguage":"it-IT","potentialAction":[{"@type":"ReadAction","target":["https:\/\/www.ilnotiziario.net\/wp\/bollatese\/garbagnate-incendio-con-trappola-dietro-il-quadrifoglio\/"]}]},{"@type":"ImageObject","inLanguage":"it-IT","@id":"https:\/\/www.ilnotiziario.net\/wp\/bollatese\/garbagnate-incendio-con-trappola-dietro-il-quadrifoglio\/#primaryimage","url":"https:\/\/www.ilnotiziario.net\/wp\/wp-content\/uploads\/2022\/02\/gar-incendio.jpg","contentUrl":"https:\/\/www.ilnotiziario.net\/wp\/wp-content\/uploads\/2022\/02\/gar-incendio.jpg","width":290,"height":206,"caption":"Le tre taniche rinvenute accanto all'area in fiamme"},{"@type":"BreadcrumbList","@id":"https:\/\/www.ilnotiziario.net\/wp\/bollatese\/garbagnate-incendio-con-trappola-dietro-il-quadrifoglio\/#breadcrumb","itemListElement":[{"@type":"ListItem","position":1,"name":"tds_text_logo_tagline_colortds_text_logo_tagline_colortds_text_logo_tagline_colortds_text_logo_tagline_colortd_module_7_title_excerpttd_module_7_title_excerpttd_module_7_title_excerpttd_module_7_title_excerptHome","item":"https:\/\/www.ilnotiziario.net\/wp\/"},{"@type":"ListItem","position":2,"name":"Garbagnate, incendio con&#8230; trappola dietro il Quadrifoglio"}]},{"@type":"WebSite","@id":"https:\/\/www.ilnotiziario.net\/wp\/#website","url":"https:\/\/www.ilnotiziario.net\/wp\/","name":"Il Notiziario","description":"Per restare sempre connessi alla notizia","publisher":{"@id":"https:\/\/www.ilnotiziario.net\/wp\/#organization"},"alternateName":"Il Notiziario Bollate","potentialAction":[{"@type":"SearchAction","target":{"@type":"EntryPoint","urlTemplate":"https:\/\/www.ilnotiziario.net\/wp\/?s={search_term_string}"},"query-input":{"@type":"PropertyValueSpecification","valueRequired":true,"valueName":"search_term_string"}}],"inLanguage":"it-IT"},{"@type":"Organization","@id":"https:\/\/www.ilnotiziario.net\/wp\/#organization","name":"Il Notiziario","url":"https:\/\/www.ilnotiziario.net\/wp\/","logo":{"@type":"ImageObject","inLanguage":"it-IT","@id":"https:\/\/www.ilnotiziario.net\/wp\/#\/schema\/logo\/image\/","url":"https:\/\/www.ilnotiziario.net\/wp\/wp-content\/uploads\/2022\/06\/170x170ilN.png","contentUrl":"https:\/\/www.ilnotiziario.net\/wp\/wp-content\/uploads\/2022\/06\/170x170ilN.png","width":355,"height":355,"caption":"Il Notiziario"},"image":{"@id":"https:\/\/www.ilnotiziario.net\/wp\/#\/schema\/logo\/image\/"},"sameAs":["https:\/\/www.facebook.com\/ilnotiziarioind\/","https:\/\/x.com\/ilNotiziarioInd","https:\/\/www.instagram.com\/ilnotiziario_settimanale\/"]},{"@type":"Person","@id":"https:\/\/www.ilnotiziario.net\/wp\/#\/schema\/person\/c5bca2edc3d99d29959f04a6126f687b","name":"Silvia Citterio","image":{"@type":"ImageObject","inLanguage":"it-IT","@id":"https:\/\/secure.gravatar.com\/avatar\/03eb19c63b944e79a9b5ce53ca5d1ca303edcf368a68721ec3ccaae7f98c5afd?s=96&d=mm&r=g","url":"https:\/\/secure.gravatar.com\/avatar\/03eb19c63b944e79a9b5ce53ca5d1ca303edcf368a68721ec3ccaae7f98c5afd?s=96&d=mm&r=g","contentUrl":"https:\/\/secure.gravatar.com\/avatar\/03eb19c63b944e79a9b5ce53ca5d1ca303edcf368a68721ec3ccaae7f98c5afd?s=96&d=mm&r=g","caption":"Silvia Citterio"}}]}},"_links":{"self":[{"href":"https:\/\/www.ilnotiziario.net\/wp\/wp-json\/wp\/v2\/posts\/162840","targetHints":{"allow":["GET"]}}],"collection":[{"href":"https:\/\/www.ilnotiziario.net\/wp\/wp-json\/wp\/v2\/posts"}],"about":[{"href":"https:\/\/www.ilnotiziario.net\/wp\/wp-json\/wp\/v2\/types\/post"}],"author":[{"embeddable":true,"href":"https:\/\/www.ilnotiziario.net\/wp\/wp-json\/wp\/v2\/users\/14"}],"replies":[{"embeddable":true,"href":"https:\/\/www.ilnotiziario.net\/wp\/wp-json\/wp\/v2\/comments?post=162840"}],"version-history":[{"count":0,"href":"https:\/\/www.ilnotiziario.net\/wp\/wp-json\/wp\/v2\/posts\/162840\/revisions"}],"wp:featuredmedia":[{"embeddable":true,"href":"https:\/\/www.ilnotiziario.net\/wp\/wp-json\/wp\/v2\/media\/162841"}],"wp:attachment":[{"href":"https:\/\/www.ilnotiziario.net\/wp\/wp-json\/wp\/v2\/media?parent=162840"}],"wp:term":[{"taxonomy":"category","embeddable":true,"href":"https:\/\/www.ilnotiziario.net\/wp\/wp-json\/wp\/v2\/categories?post=162840"},{"taxonomy":"post_tag","embeddable":true,"href":"https:\/\/www.ilnotiziario.net\/wp\/wp-json\/wp\/v2\/tags?post=162840"}],"curies":[{"name":"wp","href":"https:\/\/api.w.org\/{rel}","templated":true}]}}