{"id":163908,"date":"2022-03-11T18:29:40","date_gmt":"2022-03-11T17:29:40","guid":{"rendered":"https:\/\/www.ilnotiziario.net\/wp\/?p=163908"},"modified":"2022-03-23T11:42:00","modified_gmt":"2022-03-23T10:42:00","slug":"dal-centro-islamico-di-saronno-a-leopoli-il-viaggio-di-saif-per-portare-aiuti-in-ucraina-i-video","status":"publish","type":"post","link":"https:\/\/www.ilnotiziario.net\/wp\/prima-pagina\/dal-centro-islamico-di-saronno-a-leopoli-il-viaggio-di-saif-per-portare-aiuti-in-ucraina-i-video\/","title":{"rendered":"Dal Centro Islamico di Saronno a Leopoli, in viaggio per portare aiuti in Ucraina I VIDEO"},"content":{"rendered":"<p>La solidariet\u00e0 in tempo di guerra unisce culture e religioni differenti. Ai primi di marzo il <strong>Centro Culturale Islamico di Saronno<\/strong> ha promosso una <strong>raccolta di beni di prima necessit\u00e0<\/strong> per la popolazione civile in <strong>Ucraina<\/strong>. Venerd\u00ec scorso, <strong>Saif Abouabid<\/strong> &#8211; responsabile relazioni internazionali della comunit\u00e0 &#8211; e altri due giovani volontari sono partiti con un furgone dal <strong>centro islamico di via Grieg<\/strong> verso <strong>Leopoli<\/strong>. Il rischio di restare bloccati alla frontiera ha imposto loro la consegna degli aiuti umanitari alla Croce Rossa polacca nella cittadina di <strong>Przemy\u015bl<\/strong>. L\u00ec si trova uno dei pi\u00f9 grandi accampamenti con oltre 20mila profughi ucraini, per lo pi\u00f9 donne e bambini. <strong>\u201cNon potevamo restare a guardare\u201d,<\/strong> ha raccontato ai nostri microfoni Saif al termine della preghiera del venerd\u00ec. Nell&#8217;intervista video il racconto del suo lungo viaggio verso Est:<\/p><div id=\"ilnot-1952486566\" class=\"ilnot-contenuto ilnot-entity-placement\"><p><!-- incontent_1 --><\/p>\n<div class=\"gptslot\" data-adunitid=\"1\"><\/div>\n<\/div>\n<div class=\"epyt-video-wrapper\"><iframe  id=\"_ytid_58116\"  width=\"765\" height=\"430\"  data-origwidth=\"765\" data-origheight=\"430\"  data-relstop=\"1\" src=\"https:\/\/www.youtube-nocookie.com\/embed\/8RkLHcDpkkM?enablejsapi=1&autoplay=0&cc_load_policy=0&cc_lang_pref=&iv_load_policy=1&loop=0&rel=0&fs=1&playsinline=0&autohide=2&theme=dark&color=red&controls=1&disablekb=0&\" class=\"__youtube_prefs__  no-lazyload\" title=\"YouTube player\"  allow=\"fullscreen; accelerometer; autoplay; clipboard-write; encrypted-media; gyroscope; picture-in-picture; web-share\" referrerpolicy=\"strict-origin-when-cross-origin\" allowfullscreen data-no-lazy=\"1\" data-skipgform_ajax_framebjll=\"\"><\/iframe><\/div>\n<p><strong>Claudio Agrelli<\/strong><\/p>\n","protected":false},"excerpt":{"rendered":"<p>La solidariet\u00e0 in tempo di guerra unisce culture e religioni differenti. Ai primi di marzo il Centro Culturale Islamico di Saronno ha promosso una raccolta di beni di prima necessit\u00e0 per la popolazione civile in Ucraina. Venerd\u00ec scorso, Saif Abouabid &#8211; responsabile relazioni internazionali della comunit\u00e0 &#8211; e altri due giovani volontari sono partiti con<\/p>\n","protected":false},"author":3,"featured_media":163917,"comment_status":"closed","ping_status":"closed","sticky":false,"template":"","format":"standard","meta":{"footnotes":""},"categories":[20,13,14,16,21],"tags":[1987,9972,10005,10007,10006,10008,2174,56,1911],"class_list":{"0":"post-163908","1":"post","2":"type-post","3":"status-publish","4":"format-standard","5":"has-post-thumbnail","7":"category-prima-pagina","8":"category-saronnese","9":"category-saronno","10":"category-storie","11":"category-video","12":"tag-solidarieta","13":"tag-aiuti-umanitari","14":"tag-centro-islamico-saronno","15":"tag-guerra-russo-ucraina","16":"tag-leopoli","17":"tag-multiculturalismo","18":"tag-profughi","19":"tag-saronno-2","20":"tag-ucraina"},"yoast_head":"<!-- This site is optimized with the Yoast SEO plugin v27.5 - https:\/\/yoast.com\/product\/yoast-seo-wordpress\/ -->\n<title>Dal Centro Islamico di Saronno a Leopoli, in viaggio per portare aiuti in Ucraina I VIDEO - Il Notiziario<\/title>\n<meta name=\"description\" content=\"La solidariet\u00e0 in tempo di guerra unisce culture e religioni differenti. Ai primi di marzo il Centro Culturale Islamico di Saronno ha promosso una\" \/>\n<meta name=\"robots\" content=\"index, follow, max-snippet:-1, max-image-preview:large, max-video-preview:-1\" \/>\n<link rel=\"canonical\" href=\"https:\/\/www.ilnotiziario.net\/wp\/prima-pagina\/dal-centro-islamico-di-saronno-a-leopoli-il-viaggio-di-saif-per-portare-aiuti-in-ucraina-i-video\/\" \/>\n<meta property=\"og:locale\" content=\"it_IT\" \/>\n<meta property=\"og:type\" content=\"article\" \/>\n<meta property=\"og:title\" content=\"Dal Centro Islamico di Saronno a Leopoli, in viaggio per portare aiuti in Ucraina I VIDEO - Il Notiziario\" \/>\n<meta property=\"og:description\" content=\"La solidariet\u00e0 in tempo di guerra unisce culture e religioni differenti. Ai primi di marzo il Centro Culturale Islamico di Saronno ha promosso una\" \/>\n<meta property=\"og:url\" content=\"https:\/\/www.ilnotiziario.net\/wp\/prima-pagina\/dal-centro-islamico-di-saronno-a-leopoli-il-viaggio-di-saif-per-portare-aiuti-in-ucraina-i-video\/\" \/>\n<meta property=\"og:site_name\" content=\"Il Notiziario\" \/>\n<meta property=\"article:publisher\" content=\"https:\/\/www.facebook.com\/ilnotiziarioind\/\" \/>\n<meta property=\"article:published_time\" content=\"2022-03-11T17:29:40+00:00\" \/>\n<meta property=\"article:modified_time\" content=\"2022-03-23T10:42:00+00:00\" \/>\n<meta property=\"og:image\" content=\"https:\/\/www.ilnotiziario.net\/wp\/wp-content\/uploads\/2022\/03\/saif.png\" \/>\n\t<meta property=\"og:image:width\" content=\"1472\" \/>\n\t<meta property=\"og:image:height\" content=\"843\" \/>\n\t<meta property=\"og:image:type\" content=\"image\/png\" \/>\n<meta name=\"author\" content=\"Gabriele Bassani\" \/>\n<meta name=\"twitter:card\" content=\"summary_large_image\" \/>\n<meta name=\"twitter:creator\" content=\"@ilNotiziarioInd\" \/>\n<meta name=\"twitter:site\" content=\"@ilNotiziarioInd\" \/>\n<meta name=\"twitter:label1\" content=\"Scritto da\" \/>\n\t<meta name=\"twitter:data1\" content=\"Gabriele Bassani\" \/>\n\t<meta name=\"twitter:label2\" content=\"Tempo di lettura stimato\" \/>\n\t<meta name=\"twitter:data2\" content=\"1 minuto\" \/>\n<script type=\"application\/ld+json\" class=\"yoast-schema-graph\">{\"@context\":\"https:\\\/\\\/schema.org\",\"@graph\":[{\"@type\":\"Article\",\"@id\":\"https:\\\/\\\/www.ilnotiziario.net\\\/wp\\\/prima-pagina\\\/dal-centro-islamico-di-saronno-a-leopoli-il-viaggio-di-saif-per-portare-aiuti-in-ucraina-i-video\\\/#article\",\"isPartOf\":{\"@id\":\"https:\\\/\\\/www.ilnotiziario.net\\\/wp\\\/prima-pagina\\\/dal-centro-islamico-di-saronno-a-leopoli-il-viaggio-di-saif-per-portare-aiuti-in-ucraina-i-video\\\/\"},\"author\":{\"name\":\"Gabriele Bassani\",\"@id\":\"https:\\\/\\\/www.ilnotiziario.net\\\/wp\\\/#\\\/schema\\\/person\\\/386e222908f898bb41c033989482bbf2\"},\"headline\":\"Dal Centro Islamico di Saronno a Leopoli, in viaggio per portare aiuti in Ucraina I VIDEO\",\"datePublished\":\"2022-03-11T17:29:40+00:00\",\"dateModified\":\"2022-03-23T10:42:00+00:00\",\"mainEntityOfPage\":{\"@id\":\"https:\\\/\\\/www.ilnotiziario.net\\\/wp\\\/prima-pagina\\\/dal-centro-islamico-di-saronno-a-leopoli-il-viaggio-di-saif-per-portare-aiuti-in-ucraina-i-video\\\/\"},\"wordCount\":163,\"publisher\":{\"@id\":\"https:\\\/\\\/www.ilnotiziario.net\\\/wp\\\/#organization\"},\"image\":{\"@id\":\"https:\\\/\\\/www.ilnotiziario.net\\\/wp\\\/prima-pagina\\\/dal-centro-islamico-di-saronno-a-leopoli-il-viaggio-di-saif-per-portare-aiuti-in-ucraina-i-video\\\/#primaryimage\"},\"thumbnailUrl\":\"https:\\\/\\\/www.ilnotiziario.net\\\/wp\\\/wp-content\\\/uploads\\\/2022\\\/03\\\/saif.png\",\"keywords\":[\". solidariet\u00e0\",\"aiuti umanitari\",\"centro islamico saronno\",\"guerra russo ucraina\",\"leopoli\",\"multiculturalismo\",\"profughi\",\"Saronno\",\"ucraina\"],\"articleSection\":[\"Prima Pagina\",\"SARONNESE\",\"SARONNO\",\"STORIE\",\"Video\"],\"inLanguage\":\"it-IT\"},{\"@type\":\"WebPage\",\"@id\":\"https:\\\/\\\/www.ilnotiziario.net\\\/wp\\\/prima-pagina\\\/dal-centro-islamico-di-saronno-a-leopoli-il-viaggio-di-saif-per-portare-aiuti-in-ucraina-i-video\\\/\",\"url\":\"https:\\\/\\\/www.ilnotiziario.net\\\/wp\\\/prima-pagina\\\/dal-centro-islamico-di-saronno-a-leopoli-il-viaggio-di-saif-per-portare-aiuti-in-ucraina-i-video\\\/\",\"name\":\"Dal Centro Islamico di Saronno a Leopoli, in viaggio per portare aiuti in Ucraina I VIDEO - Il Notiziario\",\"isPartOf\":{\"@id\":\"https:\\\/\\\/www.ilnotiziario.net\\\/wp\\\/#website\"},\"primaryImageOfPage\":{\"@id\":\"https:\\\/\\\/www.ilnotiziario.net\\\/wp\\\/prima-pagina\\\/dal-centro-islamico-di-saronno-a-leopoli-il-viaggio-di-saif-per-portare-aiuti-in-ucraina-i-video\\\/#primaryimage\"},\"image\":{\"@id\":\"https:\\\/\\\/www.ilnotiziario.net\\\/wp\\\/prima-pagina\\\/dal-centro-islamico-di-saronno-a-leopoli-il-viaggio-di-saif-per-portare-aiuti-in-ucraina-i-video\\\/#primaryimage\"},\"thumbnailUrl\":\"https:\\\/\\\/www.ilnotiziario.net\\\/wp\\\/wp-content\\\/uploads\\\/2022\\\/03\\\/saif.png\",\"datePublished\":\"2022-03-11T17:29:40+00:00\",\"dateModified\":\"2022-03-23T10:42:00+00:00\",\"description\":\"La solidariet\u00e0 in tempo di guerra unisce culture e religioni differenti. Ai primi di marzo il Centro Culturale Islamico di Saronno ha promosso una\",\"breadcrumb\":{\"@id\":\"https:\\\/\\\/www.ilnotiziario.net\\\/wp\\\/prima-pagina\\\/dal-centro-islamico-di-saronno-a-leopoli-il-viaggio-di-saif-per-portare-aiuti-in-ucraina-i-video\\\/#breadcrumb\"},\"inLanguage\":\"it-IT\",\"potentialAction\":[{\"@type\":\"ReadAction\",\"target\":[\"https:\\\/\\\/www.ilnotiziario.net\\\/wp\\\/prima-pagina\\\/dal-centro-islamico-di-saronno-a-leopoli-il-viaggio-di-saif-per-portare-aiuti-in-ucraina-i-video\\\/\"]}]},{\"@type\":\"ImageObject\",\"inLanguage\":\"it-IT\",\"@id\":\"https:\\\/\\\/www.ilnotiziario.net\\\/wp\\\/prima-pagina\\\/dal-centro-islamico-di-saronno-a-leopoli-il-viaggio-di-saif-per-portare-aiuti-in-ucraina-i-video\\\/#primaryimage\",\"url\":\"https:\\\/\\\/www.ilnotiziario.net\\\/wp\\\/wp-content\\\/uploads\\\/2022\\\/03\\\/saif.png\",\"contentUrl\":\"https:\\\/\\\/www.ilnotiziario.net\\\/wp\\\/wp-content\\\/uploads\\\/2022\\\/03\\\/saif.png\",\"width\":1472,\"height\":843,\"caption\":\"Saif Abouabid, dal 2017 responsabile relazioni pubbliche del centro culturale islamico di Saronno\"},{\"@type\":\"BreadcrumbList\",\"@id\":\"https:\\\/\\\/www.ilnotiziario.net\\\/wp\\\/prima-pagina\\\/dal-centro-islamico-di-saronno-a-leopoli-il-viaggio-di-saif-per-portare-aiuti-in-ucraina-i-video\\\/#breadcrumb\",\"itemListElement\":[{\"@type\":\"ListItem\",\"position\":1,\"name\":\"tds_text_logo_tagline_colortds_text_logo_tagline_colortds_text_logo_tagline_colortds_text_logo_tagline_colortd_module_7_title_excerpttd_module_7_title_excerpttd_module_7_title_excerpttd_module_7_title_excerptHome\",\"item\":\"https:\\\/\\\/www.ilnotiziario.net\\\/wp\\\/\"},{\"@type\":\"ListItem\",\"position\":2,\"name\":\"Dal Centro Islamico di Saronno a Leopoli, in viaggio per portare aiuti in Ucraina I VIDEO\"}]},{\"@type\":\"WebSite\",\"@id\":\"https:\\\/\\\/www.ilnotiziario.net\\\/wp\\\/#website\",\"url\":\"https:\\\/\\\/www.ilnotiziario.net\\\/wp\\\/\",\"name\":\"Il Notiziario\",\"description\":\"Per restare sempre connessi alla notizia\",\"publisher\":{\"@id\":\"https:\\\/\\\/www.ilnotiziario.net\\\/wp\\\/#organization\"},\"alternateName\":\"Il Notiziario Bollate\",\"potentialAction\":[{\"@type\":\"SearchAction\",\"target\":{\"@type\":\"EntryPoint\",\"urlTemplate\":\"https:\\\/\\\/www.ilnotiziario.net\\\/wp\\\/?s={search_term_string}\"},\"query-input\":{\"@type\":\"PropertyValueSpecification\",\"valueRequired\":true,\"valueName\":\"search_term_string\"}}],\"inLanguage\":\"it-IT\"},{\"@type\":\"Organization\",\"@id\":\"https:\\\/\\\/www.ilnotiziario.net\\\/wp\\\/#organization\",\"name\":\"Il Notiziario\",\"url\":\"https:\\\/\\\/www.ilnotiziario.net\\\/wp\\\/\",\"logo\":{\"@type\":\"ImageObject\",\"inLanguage\":\"it-IT\",\"@id\":\"https:\\\/\\\/www.ilnotiziario.net\\\/wp\\\/#\\\/schema\\\/logo\\\/image\\\/\",\"url\":\"https:\\\/\\\/www.ilnotiziario.net\\\/wp\\\/wp-content\\\/uploads\\\/2022\\\/06\\\/170x170ilN.png\",\"contentUrl\":\"https:\\\/\\\/www.ilnotiziario.net\\\/wp\\\/wp-content\\\/uploads\\\/2022\\\/06\\\/170x170ilN.png\",\"width\":355,\"height\":355,\"caption\":\"Il Notiziario\"},\"image\":{\"@id\":\"https:\\\/\\\/www.ilnotiziario.net\\\/wp\\\/#\\\/schema\\\/logo\\\/image\\\/\"},\"sameAs\":[\"https:\\\/\\\/www.facebook.com\\\/ilnotiziarioind\\\/\",\"https:\\\/\\\/x.com\\\/ilNotiziarioInd\",\"https:\\\/\\\/www.instagram.com\\\/ilnotiziario_settimanale\\\/\"]},{\"@type\":\"Person\",\"@id\":\"https:\\\/\\\/www.ilnotiziario.net\\\/wp\\\/#\\\/schema\\\/person\\\/386e222908f898bb41c033989482bbf2\",\"name\":\"Gabriele Bassani\",\"image\":{\"@type\":\"ImageObject\",\"inLanguage\":\"it-IT\",\"@id\":\"https:\\\/\\\/secure.gravatar.com\\\/avatar\\\/09274f4a84fa97698bde56f84b3afed61c8492d48b0550db9671b68c177479cb?s=96&d=mm&r=g\",\"url\":\"https:\\\/\\\/secure.gravatar.com\\\/avatar\\\/09274f4a84fa97698bde56f84b3afed61c8492d48b0550db9671b68c177479cb?s=96&d=mm&r=g\",\"contentUrl\":\"https:\\\/\\\/secure.gravatar.com\\\/avatar\\\/09274f4a84fa97698bde56f84b3afed61c8492d48b0550db9671b68c177479cb?s=96&d=mm&r=g\",\"caption\":\"Gabriele Bassani\"},\"sameAs\":[\"http:\\\/\\\/www.ilnotiziario.net\"]}]}<\/script>\n<!-- \/ Yoast SEO plugin. -->","yoast_head_json":{"title":"Dal Centro Islamico di Saronno a Leopoli, in viaggio per portare aiuti in Ucraina I VIDEO - Il Notiziario","description":"La solidariet\u00e0 in tempo di guerra unisce culture e religioni differenti. Ai primi di marzo il Centro Culturale Islamico di Saronno ha promosso una","robots":{"index":"index","follow":"follow","max-snippet":"max-snippet:-1","max-image-preview":"max-image-preview:large","max-video-preview":"max-video-preview:-1"},"canonical":"https:\/\/www.ilnotiziario.net\/wp\/prima-pagina\/dal-centro-islamico-di-saronno-a-leopoli-il-viaggio-di-saif-per-portare-aiuti-in-ucraina-i-video\/","og_locale":"it_IT","og_type":"article","og_title":"Dal Centro Islamico di Saronno a Leopoli, in viaggio per portare aiuti in Ucraina I VIDEO - Il Notiziario","og_description":"La solidariet\u00e0 in tempo di guerra unisce culture e religioni differenti. Ai primi di marzo il Centro Culturale Islamico di Saronno ha promosso una","og_url":"https:\/\/www.ilnotiziario.net\/wp\/prima-pagina\/dal-centro-islamico-di-saronno-a-leopoli-il-viaggio-di-saif-per-portare-aiuti-in-ucraina-i-video\/","og_site_name":"Il Notiziario","article_publisher":"https:\/\/www.facebook.com\/ilnotiziarioind\/","article_published_time":"2022-03-11T17:29:40+00:00","article_modified_time":"2022-03-23T10:42:00+00:00","og_image":[{"width":1472,"height":843,"url":"https:\/\/www.ilnotiziario.net\/wp\/wp-content\/uploads\/2022\/03\/saif.png","type":"image\/png"}],"author":"Gabriele Bassani","twitter_card":"summary_large_image","twitter_creator":"@ilNotiziarioInd","twitter_site":"@ilNotiziarioInd","twitter_misc":{"Scritto da":"Gabriele Bassani","Tempo di lettura stimato":"1 minuto"},"schema":{"@context":"https:\/\/schema.org","@graph":[{"@type":"Article","@id":"https:\/\/www.ilnotiziario.net\/wp\/prima-pagina\/dal-centro-islamico-di-saronno-a-leopoli-il-viaggio-di-saif-per-portare-aiuti-in-ucraina-i-video\/#article","isPartOf":{"@id":"https:\/\/www.ilnotiziario.net\/wp\/prima-pagina\/dal-centro-islamico-di-saronno-a-leopoli-il-viaggio-di-saif-per-portare-aiuti-in-ucraina-i-video\/"},"author":{"name":"Gabriele Bassani","@id":"https:\/\/www.ilnotiziario.net\/wp\/#\/schema\/person\/386e222908f898bb41c033989482bbf2"},"headline":"Dal Centro Islamico di Saronno a Leopoli, in viaggio per portare aiuti in Ucraina I VIDEO","datePublished":"2022-03-11T17:29:40+00:00","dateModified":"2022-03-23T10:42:00+00:00","mainEntityOfPage":{"@id":"https:\/\/www.ilnotiziario.net\/wp\/prima-pagina\/dal-centro-islamico-di-saronno-a-leopoli-il-viaggio-di-saif-per-portare-aiuti-in-ucraina-i-video\/"},"wordCount":163,"publisher":{"@id":"https:\/\/www.ilnotiziario.net\/wp\/#organization"},"image":{"@id":"https:\/\/www.ilnotiziario.net\/wp\/prima-pagina\/dal-centro-islamico-di-saronno-a-leopoli-il-viaggio-di-saif-per-portare-aiuti-in-ucraina-i-video\/#primaryimage"},"thumbnailUrl":"https:\/\/www.ilnotiziario.net\/wp\/wp-content\/uploads\/2022\/03\/saif.png","keywords":[". solidariet\u00e0","aiuti umanitari","centro islamico saronno","guerra russo ucraina","leopoli","multiculturalismo","profughi","Saronno","ucraina"],"articleSection":["Prima Pagina","SARONNESE","SARONNO","STORIE","Video"],"inLanguage":"it-IT"},{"@type":"WebPage","@id":"https:\/\/www.ilnotiziario.net\/wp\/prima-pagina\/dal-centro-islamico-di-saronno-a-leopoli-il-viaggio-di-saif-per-portare-aiuti-in-ucraina-i-video\/","url":"https:\/\/www.ilnotiziario.net\/wp\/prima-pagina\/dal-centro-islamico-di-saronno-a-leopoli-il-viaggio-di-saif-per-portare-aiuti-in-ucraina-i-video\/","name":"Dal Centro Islamico di Saronno a Leopoli, in viaggio per portare aiuti in Ucraina I VIDEO - Il Notiziario","isPartOf":{"@id":"https:\/\/www.ilnotiziario.net\/wp\/#website"},"primaryImageOfPage":{"@id":"https:\/\/www.ilnotiziario.net\/wp\/prima-pagina\/dal-centro-islamico-di-saronno-a-leopoli-il-viaggio-di-saif-per-portare-aiuti-in-ucraina-i-video\/#primaryimage"},"image":{"@id":"https:\/\/www.ilnotiziario.net\/wp\/prima-pagina\/dal-centro-islamico-di-saronno-a-leopoli-il-viaggio-di-saif-per-portare-aiuti-in-ucraina-i-video\/#primaryimage"},"thumbnailUrl":"https:\/\/www.ilnotiziario.net\/wp\/wp-content\/uploads\/2022\/03\/saif.png","datePublished":"2022-03-11T17:29:40+00:00","dateModified":"2022-03-23T10:42:00+00:00","description":"La solidariet\u00e0 in tempo di guerra unisce culture e religioni differenti. Ai primi di marzo il Centro Culturale Islamico di Saronno ha promosso una","breadcrumb":{"@id":"https:\/\/www.ilnotiziario.net\/wp\/prima-pagina\/dal-centro-islamico-di-saronno-a-leopoli-il-viaggio-di-saif-per-portare-aiuti-in-ucraina-i-video\/#breadcrumb"},"inLanguage":"it-IT","potentialAction":[{"@type":"ReadAction","target":["https:\/\/www.ilnotiziario.net\/wp\/prima-pagina\/dal-centro-islamico-di-saronno-a-leopoli-il-viaggio-di-saif-per-portare-aiuti-in-ucraina-i-video\/"]}]},{"@type":"ImageObject","inLanguage":"it-IT","@id":"https:\/\/www.ilnotiziario.net\/wp\/prima-pagina\/dal-centro-islamico-di-saronno-a-leopoli-il-viaggio-di-saif-per-portare-aiuti-in-ucraina-i-video\/#primaryimage","url":"https:\/\/www.ilnotiziario.net\/wp\/wp-content\/uploads\/2022\/03\/saif.png","contentUrl":"https:\/\/www.ilnotiziario.net\/wp\/wp-content\/uploads\/2022\/03\/saif.png","width":1472,"height":843,"caption":"Saif Abouabid, dal 2017 responsabile relazioni pubbliche del centro culturale islamico di Saronno"},{"@type":"BreadcrumbList","@id":"https:\/\/www.ilnotiziario.net\/wp\/prima-pagina\/dal-centro-islamico-di-saronno-a-leopoli-il-viaggio-di-saif-per-portare-aiuti-in-ucraina-i-video\/#breadcrumb","itemListElement":[{"@type":"ListItem","position":1,"name":"tds_text_logo_tagline_colortds_text_logo_tagline_colortds_text_logo_tagline_colortds_text_logo_tagline_colortd_module_7_title_excerpttd_module_7_title_excerpttd_module_7_title_excerpttd_module_7_title_excerptHome","item":"https:\/\/www.ilnotiziario.net\/wp\/"},{"@type":"ListItem","position":2,"name":"Dal Centro Islamico di Saronno a Leopoli, in viaggio per portare aiuti in Ucraina I VIDEO"}]},{"@type":"WebSite","@id":"https:\/\/www.ilnotiziario.net\/wp\/#website","url":"https:\/\/www.ilnotiziario.net\/wp\/","name":"Il Notiziario","description":"Per restare sempre connessi alla notizia","publisher":{"@id":"https:\/\/www.ilnotiziario.net\/wp\/#organization"},"alternateName":"Il Notiziario Bollate","potentialAction":[{"@type":"SearchAction","target":{"@type":"EntryPoint","urlTemplate":"https:\/\/www.ilnotiziario.net\/wp\/?s={search_term_string}"},"query-input":{"@type":"PropertyValueSpecification","valueRequired":true,"valueName":"search_term_string"}}],"inLanguage":"it-IT"},{"@type":"Organization","@id":"https:\/\/www.ilnotiziario.net\/wp\/#organization","name":"Il Notiziario","url":"https:\/\/www.ilnotiziario.net\/wp\/","logo":{"@type":"ImageObject","inLanguage":"it-IT","@id":"https:\/\/www.ilnotiziario.net\/wp\/#\/schema\/logo\/image\/","url":"https:\/\/www.ilnotiziario.net\/wp\/wp-content\/uploads\/2022\/06\/170x170ilN.png","contentUrl":"https:\/\/www.ilnotiziario.net\/wp\/wp-content\/uploads\/2022\/06\/170x170ilN.png","width":355,"height":355,"caption":"Il Notiziario"},"image":{"@id":"https:\/\/www.ilnotiziario.net\/wp\/#\/schema\/logo\/image\/"},"sameAs":["https:\/\/www.facebook.com\/ilnotiziarioind\/","https:\/\/x.com\/ilNotiziarioInd","https:\/\/www.instagram.com\/ilnotiziario_settimanale\/"]},{"@type":"Person","@id":"https:\/\/www.ilnotiziario.net\/wp\/#\/schema\/person\/386e222908f898bb41c033989482bbf2","name":"Gabriele Bassani","image":{"@type":"ImageObject","inLanguage":"it-IT","@id":"https:\/\/secure.gravatar.com\/avatar\/09274f4a84fa97698bde56f84b3afed61c8492d48b0550db9671b68c177479cb?s=96&d=mm&r=g","url":"https:\/\/secure.gravatar.com\/avatar\/09274f4a84fa97698bde56f84b3afed61c8492d48b0550db9671b68c177479cb?s=96&d=mm&r=g","contentUrl":"https:\/\/secure.gravatar.com\/avatar\/09274f4a84fa97698bde56f84b3afed61c8492d48b0550db9671b68c177479cb?s=96&d=mm&r=g","caption":"Gabriele Bassani"},"sameAs":["http:\/\/www.ilnotiziario.net"]}]}},"_links":{"self":[{"href":"https:\/\/www.ilnotiziario.net\/wp\/wp-json\/wp\/v2\/posts\/163908","targetHints":{"allow":["GET"]}}],"collection":[{"href":"https:\/\/www.ilnotiziario.net\/wp\/wp-json\/wp\/v2\/posts"}],"about":[{"href":"https:\/\/www.ilnotiziario.net\/wp\/wp-json\/wp\/v2\/types\/post"}],"author":[{"embeddable":true,"href":"https:\/\/www.ilnotiziario.net\/wp\/wp-json\/wp\/v2\/users\/3"}],"replies":[{"embeddable":true,"href":"https:\/\/www.ilnotiziario.net\/wp\/wp-json\/wp\/v2\/comments?post=163908"}],"version-history":[{"count":0,"href":"https:\/\/www.ilnotiziario.net\/wp\/wp-json\/wp\/v2\/posts\/163908\/revisions"}],"wp:featuredmedia":[{"embeddable":true,"href":"https:\/\/www.ilnotiziario.net\/wp\/wp-json\/wp\/v2\/media\/163917"}],"wp:attachment":[{"href":"https:\/\/www.ilnotiziario.net\/wp\/wp-json\/wp\/v2\/media?parent=163908"}],"wp:term":[{"taxonomy":"category","embeddable":true,"href":"https:\/\/www.ilnotiziario.net\/wp\/wp-json\/wp\/v2\/categories?post=163908"},{"taxonomy":"post_tag","embeddable":true,"href":"https:\/\/www.ilnotiziario.net\/wp\/wp-json\/wp\/v2\/tags?post=163908"}],"curies":[{"name":"wp","href":"https:\/\/api.w.org\/{rel}","templated":true}]}}