{"id":163950,"date":"2022-03-12T11:57:28","date_gmt":"2022-03-12T10:57:28","guid":{"rendered":"https:\/\/www.ilnotiziario.net\/wp\/?p=163950"},"modified":"2022-03-12T12:24:36","modified_gmt":"2022-03-12T11:24:36","slug":"novate-milanese-tecnico-morto-precipitando-dal-cestello-salvo-il-fratello-che-era-con-lui","status":"publish","type":"post","link":"https:\/\/www.ilnotiziario.net\/wp\/prima-pagina\/novate-milanese-tecnico-morto-precipitando-dal-cestello-salvo-il-fratello-che-era-con-lui\/","title":{"rendered":"Operaio morto a Biassono dopo una caduta da 20 metri: Novate Milanese piange Federico"},"content":{"rendered":"<p>Viveva da tempo a Novate Milanese Federico Bastos Neves, 33 anni, vittima dell\u2019ennesimo incidente sul lavoro in Lombardia. E\u2019 successo gioved\u00ec pomeriggio a Biassono, in Brianza, dove stava lavorando con il fratello Felipe, di 26 anni, <strong>per la manutenzione alle antenne di telefonia mobile in cima ad un silos, a circa 20 metri di altezza.<\/strong><\/p><div id=\"ilnot-1109844576\" class=\"ilnot-contenuto ilnot-entity-placement\"><p><!-- incontent_1 --><\/p>\n<div class=\"gptslot\" data-adunitid=\"1\"><\/div>\n<\/div>\n<h2>Incidente sul lavoro a Biassono, in Brianza&nbsp;<\/h2>\n<p>Secondo una prima ricostruzione della tragedia, i due fratelli avevano ormai concluso l\u2019intervento quando, poco dopo le 14, una delle antenne si \u00e8 staccata ed \u00e8 precipitata colpendo il cestello del braccio elevatore su cui si trovavano i due fratelli manutentori.<br \/>\nIl pi\u00f9 giovane dei due \u00e8 riuscito a sganciare in tempo i moschettoni che lo legavano al cestello e si \u00e8 aggrappato al perno del braccio mentre il fratello maggiore \u00e8 precipitato, perdendo la vita.<\/p>\n<p>La ricostruzione esatta della dinamica \u00e8 affidata alla Polizia locale di Biassono, intervenuta sul posto. Felipe, il fratello minore, \u00e8 stato trasportato in ospedale a Desio, in codice verde.<\/p><div id=\"ilnot-1534430345\" class=\"ilnot-contenuto_2 ilnot-entity-placement\"><div class=\"ads-wrapper\">\n<div class=\"ad-slot\">\n   <div id=\"ilnot-2415000194\" style=\"margin-right: auto;margin-left: auto;text-align: center;width: 320px;height: 100px;\"><a href=\"https:\/\/www.scuolasicurezza.it\/\"><img decoding=\"async\" src=\"https:\/\/www.ilnotiziario.net\/wp\/wp-content\/uploads\/2026\/04\/IlNotiziario_banner-sito-e-newsletter-320-x-100-px-1.gif\" alt=\"\"><\/a><\/div>\n  <\/div>\n<div class=\"ad-slot\">\n   <div id=\"ilnot-4098043673\" style=\"margin-right: auto;margin-left: auto;text-align: center;width: 320px;height: 100px;\"><a href=\"https:\/\/purodesignarredamenti.com\/\"><img decoding=\"async\" src=\"https:\/\/www.ilnotiziario.net\/wp\/wp-content\/uploads\/2026\/04\/banner-puro-ok.gif\" alt=\"whatsapp\"><\/a><\/div><\/p><\/div>\n<\/div>\n<\/div>\n","protected":false},"excerpt":{"rendered":"<p>Viveva da tempo a Novate Milanese Federico Bastos Neves, 33 anni, vittima dell\u2019ennesimo incidente sul lavoro in Lombardia. E\u2019 successo gioved\u00ec pomeriggio a Biassono, in Brianza, dove stava lavorando con il fratello Felipe, di 26 anni, per la manutenzione alle antenne di telefonia mobile in cima ad un silos, a circa 20 metri di altezza.<\/p>\n","protected":false},"author":3,"featured_media":77565,"comment_status":"closed","ping_status":"closed","sticky":false,"template":"","format":"standard","meta":{"footnotes":""},"categories":[8,11,20],"tags":[7404,1435,95,404,201,204],"class_list":{"0":"post-163950","1":"post","2":"type-post","3":"status-publish","4":"format-standard","5":"has-post-thumbnail","7":"category-bollatese","8":"category-nord-milano","9":"category-prima-pagina","10":"tag-biassono","11":"tag-fratelli","12":"tag-incidente","13":"tag-lavoro","14":"tag-mortale","15":"tag-novate-milanese"},"yoast_head":"<!-- This site is optimized with the Yoast SEO plugin v27.4 - https:\/\/yoast.com\/product\/yoast-seo-wordpress\/ -->\n<title>Operaio morto a Biassono dopo una caduta da 20 metri: Novate Milanese piange Federico<\/title>\n<meta name=\"description\" content=\"Viveva da tempo a Novate Milanese Federico Bastos Neves, 33 anni, vittima dell\u2019ennesimo incidente sul lavoro in Lombardia. E\u2019 successo gioved\u00ec pomeriggio\" \/>\n<meta name=\"robots\" content=\"index, follow, max-snippet:-1, max-image-preview:large, max-video-preview:-1\" \/>\n<link rel=\"canonical\" href=\"https:\/\/www.ilnotiziario.net\/wp\/prima-pagina\/novate-milanese-tecnico-morto-precipitando-dal-cestello-salvo-il-fratello-che-era-con-lui\/\" \/>\n<meta property=\"og:locale\" content=\"it_IT\" \/>\n<meta property=\"og:type\" content=\"article\" \/>\n<meta property=\"og:title\" content=\"Operaio morto a Biassono dopo una caduta da 20 metri: Novate Milanese piange Federico\" \/>\n<meta property=\"og:description\" content=\"Viveva da tempo a Novate Milanese Federico Bastos Neves, 33 anni, vittima dell\u2019ennesimo incidente sul lavoro in Lombardia. E\u2019 successo gioved\u00ec pomeriggio\" \/>\n<meta property=\"og:url\" content=\"https:\/\/www.ilnotiziario.net\/wp\/prima-pagina\/novate-milanese-tecnico-morto-precipitando-dal-cestello-salvo-il-fratello-che-era-con-lui\/\" \/>\n<meta property=\"og:site_name\" content=\"Il Notiziario\" \/>\n<meta property=\"article:publisher\" content=\"https:\/\/www.facebook.com\/ilnotiziarioind\/\" \/>\n<meta property=\"article:published_time\" content=\"2022-03-12T10:57:28+00:00\" \/>\n<meta property=\"article:modified_time\" content=\"2022-03-12T11:24:36+00:00\" \/>\n<meta property=\"og:image\" content=\"https:\/\/www.ilnotiziario.net\/wp\/wp-content\/uploads\/2020\/06\/Ambulanza.jpg\" \/>\n\t<meta property=\"og:image:width\" content=\"1085\" \/>\n\t<meta property=\"og:image:height\" content=\"1019\" \/>\n\t<meta property=\"og:image:type\" content=\"image\/jpeg\" \/>\n<meta name=\"author\" content=\"Gabriele Bassani\" \/>\n<meta name=\"twitter:card\" content=\"summary_large_image\" \/>\n<meta name=\"twitter:creator\" content=\"@ilNotiziarioInd\" \/>\n<meta name=\"twitter:site\" content=\"@ilNotiziarioInd\" \/>\n<meta name=\"twitter:label1\" content=\"Scritto da\" \/>\n\t<meta name=\"twitter:data1\" content=\"Gabriele Bassani\" \/>\n\t<meta name=\"twitter:label2\" content=\"Tempo di lettura stimato\" \/>\n\t<meta name=\"twitter:data2\" content=\"1 minuto\" \/>\n<script type=\"application\/ld+json\" class=\"yoast-schema-graph\">{\"@context\":\"https:\\\/\\\/schema.org\",\"@graph\":[{\"@type\":\"Article\",\"@id\":\"https:\\\/\\\/www.ilnotiziario.net\\\/wp\\\/prima-pagina\\\/novate-milanese-tecnico-morto-precipitando-dal-cestello-salvo-il-fratello-che-era-con-lui\\\/#article\",\"isPartOf\":{\"@id\":\"https:\\\/\\\/www.ilnotiziario.net\\\/wp\\\/prima-pagina\\\/novate-milanese-tecnico-morto-precipitando-dal-cestello-salvo-il-fratello-che-era-con-lui\\\/\"},\"author\":{\"name\":\"Gabriele Bassani\",\"@id\":\"https:\\\/\\\/www.ilnotiziario.net\\\/wp\\\/#\\\/schema\\\/person\\\/386e222908f898bb41c033989482bbf2\"},\"headline\":\"Operaio morto a Biassono dopo una caduta da 20 metri: Novate Milanese piange Federico\",\"datePublished\":\"2022-03-12T10:57:28+00:00\",\"dateModified\":\"2022-03-12T11:24:36+00:00\",\"mainEntityOfPage\":{\"@id\":\"https:\\\/\\\/www.ilnotiziario.net\\\/wp\\\/prima-pagina\\\/novate-milanese-tecnico-morto-precipitando-dal-cestello-salvo-il-fratello-che-era-con-lui\\\/\"},\"wordCount\":172,\"publisher\":{\"@id\":\"https:\\\/\\\/www.ilnotiziario.net\\\/wp\\\/#organization\"},\"image\":{\"@id\":\"https:\\\/\\\/www.ilnotiziario.net\\\/wp\\\/prima-pagina\\\/novate-milanese-tecnico-morto-precipitando-dal-cestello-salvo-il-fratello-che-era-con-lui\\\/#primaryimage\"},\"thumbnailUrl\":\"https:\\\/\\\/www.ilnotiziario.net\\\/wp\\\/wp-content\\\/uploads\\\/2020\\\/06\\\/Ambulanza.jpg\",\"keywords\":[\"Biassono\",\"fratelli\",\"incidente\",\"Lavoro\",\"mortale\",\"Novate Milanese\"],\"articleSection\":[\"BOLLATESE\",\"NORD MILANO\",\"Prima Pagina\"],\"inLanguage\":\"it-IT\"},{\"@type\":\"WebPage\",\"@id\":\"https:\\\/\\\/www.ilnotiziario.net\\\/wp\\\/prima-pagina\\\/novate-milanese-tecnico-morto-precipitando-dal-cestello-salvo-il-fratello-che-era-con-lui\\\/\",\"url\":\"https:\\\/\\\/www.ilnotiziario.net\\\/wp\\\/prima-pagina\\\/novate-milanese-tecnico-morto-precipitando-dal-cestello-salvo-il-fratello-che-era-con-lui\\\/\",\"name\":\"Operaio morto a Biassono dopo una caduta da 20 metri: Novate Milanese piange Federico\",\"isPartOf\":{\"@id\":\"https:\\\/\\\/www.ilnotiziario.net\\\/wp\\\/#website\"},\"primaryImageOfPage\":{\"@id\":\"https:\\\/\\\/www.ilnotiziario.net\\\/wp\\\/prima-pagina\\\/novate-milanese-tecnico-morto-precipitando-dal-cestello-salvo-il-fratello-che-era-con-lui\\\/#primaryimage\"},\"image\":{\"@id\":\"https:\\\/\\\/www.ilnotiziario.net\\\/wp\\\/prima-pagina\\\/novate-milanese-tecnico-morto-precipitando-dal-cestello-salvo-il-fratello-che-era-con-lui\\\/#primaryimage\"},\"thumbnailUrl\":\"https:\\\/\\\/www.ilnotiziario.net\\\/wp\\\/wp-content\\\/uploads\\\/2020\\\/06\\\/Ambulanza.jpg\",\"datePublished\":\"2022-03-12T10:57:28+00:00\",\"dateModified\":\"2022-03-12T11:24:36+00:00\",\"description\":\"Viveva da tempo a Novate Milanese Federico Bastos Neves, 33 anni, vittima dell\u2019ennesimo incidente sul lavoro in Lombardia. E\u2019 successo gioved\u00ec pomeriggio\",\"breadcrumb\":{\"@id\":\"https:\\\/\\\/www.ilnotiziario.net\\\/wp\\\/prima-pagina\\\/novate-milanese-tecnico-morto-precipitando-dal-cestello-salvo-il-fratello-che-era-con-lui\\\/#breadcrumb\"},\"inLanguage\":\"it-IT\",\"potentialAction\":[{\"@type\":\"ReadAction\",\"target\":[\"https:\\\/\\\/www.ilnotiziario.net\\\/wp\\\/prima-pagina\\\/novate-milanese-tecnico-morto-precipitando-dal-cestello-salvo-il-fratello-che-era-con-lui\\\/\"]}]},{\"@type\":\"ImageObject\",\"inLanguage\":\"it-IT\",\"@id\":\"https:\\\/\\\/www.ilnotiziario.net\\\/wp\\\/prima-pagina\\\/novate-milanese-tecnico-morto-precipitando-dal-cestello-salvo-il-fratello-che-era-con-lui\\\/#primaryimage\",\"url\":\"https:\\\/\\\/www.ilnotiziario.net\\\/wp\\\/wp-content\\\/uploads\\\/2020\\\/06\\\/Ambulanza.jpg\",\"contentUrl\":\"https:\\\/\\\/www.ilnotiziario.net\\\/wp\\\/wp-content\\\/uploads\\\/2020\\\/06\\\/Ambulanza.jpg\",\"width\":1085,\"height\":1019,\"caption\":\"Foto archivio\"},{\"@type\":\"BreadcrumbList\",\"@id\":\"https:\\\/\\\/www.ilnotiziario.net\\\/wp\\\/prima-pagina\\\/novate-milanese-tecnico-morto-precipitando-dal-cestello-salvo-il-fratello-che-era-con-lui\\\/#breadcrumb\",\"itemListElement\":[{\"@type\":\"ListItem\",\"position\":1,\"name\":\"tds_text_logo_tagline_colortds_text_logo_tagline_colortds_text_logo_tagline_colortds_text_logo_tagline_colortd_module_7_title_excerpttd_module_7_title_excerpttd_module_7_title_excerpttd_module_7_title_excerptHome\",\"item\":\"https:\\\/\\\/www.ilnotiziario.net\\\/wp\\\/\"},{\"@type\":\"ListItem\",\"position\":2,\"name\":\"Operaio morto a Biassono dopo una caduta da 20 metri: Novate Milanese piange Federico\"}]},{\"@type\":\"WebSite\",\"@id\":\"https:\\\/\\\/www.ilnotiziario.net\\\/wp\\\/#website\",\"url\":\"https:\\\/\\\/www.ilnotiziario.net\\\/wp\\\/\",\"name\":\"Il Notiziario\",\"description\":\"Per restare sempre connessi alla notizia\",\"publisher\":{\"@id\":\"https:\\\/\\\/www.ilnotiziario.net\\\/wp\\\/#organization\"},\"alternateName\":\"Il Notiziario Bollate\",\"potentialAction\":[{\"@type\":\"SearchAction\",\"target\":{\"@type\":\"EntryPoint\",\"urlTemplate\":\"https:\\\/\\\/www.ilnotiziario.net\\\/wp\\\/?s={search_term_string}\"},\"query-input\":{\"@type\":\"PropertyValueSpecification\",\"valueRequired\":true,\"valueName\":\"search_term_string\"}}],\"inLanguage\":\"it-IT\"},{\"@type\":\"Organization\",\"@id\":\"https:\\\/\\\/www.ilnotiziario.net\\\/wp\\\/#organization\",\"name\":\"Il Notiziario\",\"url\":\"https:\\\/\\\/www.ilnotiziario.net\\\/wp\\\/\",\"logo\":{\"@type\":\"ImageObject\",\"inLanguage\":\"it-IT\",\"@id\":\"https:\\\/\\\/www.ilnotiziario.net\\\/wp\\\/#\\\/schema\\\/logo\\\/image\\\/\",\"url\":\"https:\\\/\\\/www.ilnotiziario.net\\\/wp\\\/wp-content\\\/uploads\\\/2022\\\/06\\\/170x170ilN.png\",\"contentUrl\":\"https:\\\/\\\/www.ilnotiziario.net\\\/wp\\\/wp-content\\\/uploads\\\/2022\\\/06\\\/170x170ilN.png\",\"width\":355,\"height\":355,\"caption\":\"Il Notiziario\"},\"image\":{\"@id\":\"https:\\\/\\\/www.ilnotiziario.net\\\/wp\\\/#\\\/schema\\\/logo\\\/image\\\/\"},\"sameAs\":[\"https:\\\/\\\/www.facebook.com\\\/ilnotiziarioind\\\/\",\"https:\\\/\\\/x.com\\\/ilNotiziarioInd\",\"https:\\\/\\\/www.instagram.com\\\/ilnotiziario_settimanale\\\/\"]},{\"@type\":\"Person\",\"@id\":\"https:\\\/\\\/www.ilnotiziario.net\\\/wp\\\/#\\\/schema\\\/person\\\/386e222908f898bb41c033989482bbf2\",\"name\":\"Gabriele Bassani\",\"image\":{\"@type\":\"ImageObject\",\"inLanguage\":\"it-IT\",\"@id\":\"https:\\\/\\\/secure.gravatar.com\\\/avatar\\\/09274f4a84fa97698bde56f84b3afed61c8492d48b0550db9671b68c177479cb?s=96&d=mm&r=g\",\"url\":\"https:\\\/\\\/secure.gravatar.com\\\/avatar\\\/09274f4a84fa97698bde56f84b3afed61c8492d48b0550db9671b68c177479cb?s=96&d=mm&r=g\",\"contentUrl\":\"https:\\\/\\\/secure.gravatar.com\\\/avatar\\\/09274f4a84fa97698bde56f84b3afed61c8492d48b0550db9671b68c177479cb?s=96&d=mm&r=g\",\"caption\":\"Gabriele Bassani\"},\"sameAs\":[\"http:\\\/\\\/www.ilnotiziario.net\"]}]}<\/script>\n<!-- \/ Yoast SEO plugin. -->","yoast_head_json":{"title":"Operaio morto a Biassono dopo una caduta da 20 metri: Novate Milanese piange Federico","description":"Viveva da tempo a Novate Milanese Federico Bastos Neves, 33 anni, vittima dell\u2019ennesimo incidente sul lavoro in Lombardia. E\u2019 successo gioved\u00ec pomeriggio","robots":{"index":"index","follow":"follow","max-snippet":"max-snippet:-1","max-image-preview":"max-image-preview:large","max-video-preview":"max-video-preview:-1"},"canonical":"https:\/\/www.ilnotiziario.net\/wp\/prima-pagina\/novate-milanese-tecnico-morto-precipitando-dal-cestello-salvo-il-fratello-che-era-con-lui\/","og_locale":"it_IT","og_type":"article","og_title":"Operaio morto a Biassono dopo una caduta da 20 metri: Novate Milanese piange Federico","og_description":"Viveva da tempo a Novate Milanese Federico Bastos Neves, 33 anni, vittima dell\u2019ennesimo incidente sul lavoro in Lombardia. E\u2019 successo gioved\u00ec pomeriggio","og_url":"https:\/\/www.ilnotiziario.net\/wp\/prima-pagina\/novate-milanese-tecnico-morto-precipitando-dal-cestello-salvo-il-fratello-che-era-con-lui\/","og_site_name":"Il Notiziario","article_publisher":"https:\/\/www.facebook.com\/ilnotiziarioind\/","article_published_time":"2022-03-12T10:57:28+00:00","article_modified_time":"2022-03-12T11:24:36+00:00","og_image":[{"width":1085,"height":1019,"url":"https:\/\/www.ilnotiziario.net\/wp\/wp-content\/uploads\/2020\/06\/Ambulanza.jpg","type":"image\/jpeg"}],"author":"Gabriele Bassani","twitter_card":"summary_large_image","twitter_creator":"@ilNotiziarioInd","twitter_site":"@ilNotiziarioInd","twitter_misc":{"Scritto da":"Gabriele Bassani","Tempo di lettura stimato":"1 minuto"},"schema":{"@context":"https:\/\/schema.org","@graph":[{"@type":"Article","@id":"https:\/\/www.ilnotiziario.net\/wp\/prima-pagina\/novate-milanese-tecnico-morto-precipitando-dal-cestello-salvo-il-fratello-che-era-con-lui\/#article","isPartOf":{"@id":"https:\/\/www.ilnotiziario.net\/wp\/prima-pagina\/novate-milanese-tecnico-morto-precipitando-dal-cestello-salvo-il-fratello-che-era-con-lui\/"},"author":{"name":"Gabriele Bassani","@id":"https:\/\/www.ilnotiziario.net\/wp\/#\/schema\/person\/386e222908f898bb41c033989482bbf2"},"headline":"Operaio morto a Biassono dopo una caduta da 20 metri: Novate Milanese piange Federico","datePublished":"2022-03-12T10:57:28+00:00","dateModified":"2022-03-12T11:24:36+00:00","mainEntityOfPage":{"@id":"https:\/\/www.ilnotiziario.net\/wp\/prima-pagina\/novate-milanese-tecnico-morto-precipitando-dal-cestello-salvo-il-fratello-che-era-con-lui\/"},"wordCount":172,"publisher":{"@id":"https:\/\/www.ilnotiziario.net\/wp\/#organization"},"image":{"@id":"https:\/\/www.ilnotiziario.net\/wp\/prima-pagina\/novate-milanese-tecnico-morto-precipitando-dal-cestello-salvo-il-fratello-che-era-con-lui\/#primaryimage"},"thumbnailUrl":"https:\/\/www.ilnotiziario.net\/wp\/wp-content\/uploads\/2020\/06\/Ambulanza.jpg","keywords":["Biassono","fratelli","incidente","Lavoro","mortale","Novate Milanese"],"articleSection":["BOLLATESE","NORD MILANO","Prima Pagina"],"inLanguage":"it-IT"},{"@type":"WebPage","@id":"https:\/\/www.ilnotiziario.net\/wp\/prima-pagina\/novate-milanese-tecnico-morto-precipitando-dal-cestello-salvo-il-fratello-che-era-con-lui\/","url":"https:\/\/www.ilnotiziario.net\/wp\/prima-pagina\/novate-milanese-tecnico-morto-precipitando-dal-cestello-salvo-il-fratello-che-era-con-lui\/","name":"Operaio morto a Biassono dopo una caduta da 20 metri: Novate Milanese piange Federico","isPartOf":{"@id":"https:\/\/www.ilnotiziario.net\/wp\/#website"},"primaryImageOfPage":{"@id":"https:\/\/www.ilnotiziario.net\/wp\/prima-pagina\/novate-milanese-tecnico-morto-precipitando-dal-cestello-salvo-il-fratello-che-era-con-lui\/#primaryimage"},"image":{"@id":"https:\/\/www.ilnotiziario.net\/wp\/prima-pagina\/novate-milanese-tecnico-morto-precipitando-dal-cestello-salvo-il-fratello-che-era-con-lui\/#primaryimage"},"thumbnailUrl":"https:\/\/www.ilnotiziario.net\/wp\/wp-content\/uploads\/2020\/06\/Ambulanza.jpg","datePublished":"2022-03-12T10:57:28+00:00","dateModified":"2022-03-12T11:24:36+00:00","description":"Viveva da tempo a Novate Milanese Federico Bastos Neves, 33 anni, vittima dell\u2019ennesimo incidente sul lavoro in Lombardia. E\u2019 successo gioved\u00ec pomeriggio","breadcrumb":{"@id":"https:\/\/www.ilnotiziario.net\/wp\/prima-pagina\/novate-milanese-tecnico-morto-precipitando-dal-cestello-salvo-il-fratello-che-era-con-lui\/#breadcrumb"},"inLanguage":"it-IT","potentialAction":[{"@type":"ReadAction","target":["https:\/\/www.ilnotiziario.net\/wp\/prima-pagina\/novate-milanese-tecnico-morto-precipitando-dal-cestello-salvo-il-fratello-che-era-con-lui\/"]}]},{"@type":"ImageObject","inLanguage":"it-IT","@id":"https:\/\/www.ilnotiziario.net\/wp\/prima-pagina\/novate-milanese-tecnico-morto-precipitando-dal-cestello-salvo-il-fratello-che-era-con-lui\/#primaryimage","url":"https:\/\/www.ilnotiziario.net\/wp\/wp-content\/uploads\/2020\/06\/Ambulanza.jpg","contentUrl":"https:\/\/www.ilnotiziario.net\/wp\/wp-content\/uploads\/2020\/06\/Ambulanza.jpg","width":1085,"height":1019,"caption":"Foto archivio"},{"@type":"BreadcrumbList","@id":"https:\/\/www.ilnotiziario.net\/wp\/prima-pagina\/novate-milanese-tecnico-morto-precipitando-dal-cestello-salvo-il-fratello-che-era-con-lui\/#breadcrumb","itemListElement":[{"@type":"ListItem","position":1,"name":"tds_text_logo_tagline_colortds_text_logo_tagline_colortds_text_logo_tagline_colortds_text_logo_tagline_colortd_module_7_title_excerpttd_module_7_title_excerpttd_module_7_title_excerpttd_module_7_title_excerptHome","item":"https:\/\/www.ilnotiziario.net\/wp\/"},{"@type":"ListItem","position":2,"name":"Operaio morto a Biassono dopo una caduta da 20 metri: Novate Milanese piange Federico"}]},{"@type":"WebSite","@id":"https:\/\/www.ilnotiziario.net\/wp\/#website","url":"https:\/\/www.ilnotiziario.net\/wp\/","name":"Il Notiziario","description":"Per restare sempre connessi alla notizia","publisher":{"@id":"https:\/\/www.ilnotiziario.net\/wp\/#organization"},"alternateName":"Il Notiziario Bollate","potentialAction":[{"@type":"SearchAction","target":{"@type":"EntryPoint","urlTemplate":"https:\/\/www.ilnotiziario.net\/wp\/?s={search_term_string}"},"query-input":{"@type":"PropertyValueSpecification","valueRequired":true,"valueName":"search_term_string"}}],"inLanguage":"it-IT"},{"@type":"Organization","@id":"https:\/\/www.ilnotiziario.net\/wp\/#organization","name":"Il Notiziario","url":"https:\/\/www.ilnotiziario.net\/wp\/","logo":{"@type":"ImageObject","inLanguage":"it-IT","@id":"https:\/\/www.ilnotiziario.net\/wp\/#\/schema\/logo\/image\/","url":"https:\/\/www.ilnotiziario.net\/wp\/wp-content\/uploads\/2022\/06\/170x170ilN.png","contentUrl":"https:\/\/www.ilnotiziario.net\/wp\/wp-content\/uploads\/2022\/06\/170x170ilN.png","width":355,"height":355,"caption":"Il Notiziario"},"image":{"@id":"https:\/\/www.ilnotiziario.net\/wp\/#\/schema\/logo\/image\/"},"sameAs":["https:\/\/www.facebook.com\/ilnotiziarioind\/","https:\/\/x.com\/ilNotiziarioInd","https:\/\/www.instagram.com\/ilnotiziario_settimanale\/"]},{"@type":"Person","@id":"https:\/\/www.ilnotiziario.net\/wp\/#\/schema\/person\/386e222908f898bb41c033989482bbf2","name":"Gabriele Bassani","image":{"@type":"ImageObject","inLanguage":"it-IT","@id":"https:\/\/secure.gravatar.com\/avatar\/09274f4a84fa97698bde56f84b3afed61c8492d48b0550db9671b68c177479cb?s=96&d=mm&r=g","url":"https:\/\/secure.gravatar.com\/avatar\/09274f4a84fa97698bde56f84b3afed61c8492d48b0550db9671b68c177479cb?s=96&d=mm&r=g","contentUrl":"https:\/\/secure.gravatar.com\/avatar\/09274f4a84fa97698bde56f84b3afed61c8492d48b0550db9671b68c177479cb?s=96&d=mm&r=g","caption":"Gabriele Bassani"},"sameAs":["http:\/\/www.ilnotiziario.net"]}]}},"_links":{"self":[{"href":"https:\/\/www.ilnotiziario.net\/wp\/wp-json\/wp\/v2\/posts\/163950","targetHints":{"allow":["GET"]}}],"collection":[{"href":"https:\/\/www.ilnotiziario.net\/wp\/wp-json\/wp\/v2\/posts"}],"about":[{"href":"https:\/\/www.ilnotiziario.net\/wp\/wp-json\/wp\/v2\/types\/post"}],"author":[{"embeddable":true,"href":"https:\/\/www.ilnotiziario.net\/wp\/wp-json\/wp\/v2\/users\/3"}],"replies":[{"embeddable":true,"href":"https:\/\/www.ilnotiziario.net\/wp\/wp-json\/wp\/v2\/comments?post=163950"}],"version-history":[{"count":0,"href":"https:\/\/www.ilnotiziario.net\/wp\/wp-json\/wp\/v2\/posts\/163950\/revisions"}],"wp:featuredmedia":[{"embeddable":true,"href":"https:\/\/www.ilnotiziario.net\/wp\/wp-json\/wp\/v2\/media\/77565"}],"wp:attachment":[{"href":"https:\/\/www.ilnotiziario.net\/wp\/wp-json\/wp\/v2\/media?parent=163950"}],"wp:term":[{"taxonomy":"category","embeddable":true,"href":"https:\/\/www.ilnotiziario.net\/wp\/wp-json\/wp\/v2\/categories?post=163950"},{"taxonomy":"post_tag","embeddable":true,"href":"https:\/\/www.ilnotiziario.net\/wp\/wp-json\/wp\/v2\/tags?post=163950"}],"curies":[{"name":"wp","href":"https:\/\/api.w.org\/{rel}","templated":true}]}}