{"id":163984,"date":"2022-03-14T19:00:21","date_gmt":"2022-03-14T18:00:21","guid":{"rendered":"https:\/\/www.ilnotiziario.net\/wp\/?p=163984"},"modified":"2022-03-14T12:13:47","modified_gmt":"2022-03-14T11:13:47","slug":"paderno-dugnano-ponte-chiuso-lavori","status":"publish","type":"post","link":"https:\/\/www.ilnotiziario.net\/wp\/prima-pagina\/paderno-dugnano-ponte-chiuso-lavori\/","title":{"rendered":"Paderno Dugnano, ponte chiuso: verso i (primi) lavori in via Camposanto"},"content":{"rendered":"<p>A Paderno Dugnano attorno al ponte chiuso di via Camposanto entro un paio di settimane inizier\u00e0 a muoversi qualcosa. Arriveranno i primi operai per l&#8217;avvio dei lavori di bonifica che porteranno all&#8217;inizio del cantiere vero e proprio. Per la demolizione e ricostruzione del ponte chiuso sul fronte di via Camposanto sono previsti 6 mesi.&nbsp;<\/p><div id=\"ilnot-258002953\" class=\"ilnot-contenuto ilnot-entity-placement\"><p><!-- incontent_1 --><\/p>\n<div class=\"gptslot\" data-adunitid=\"1\"><\/div>\n<\/div>\n<h2>Il progetto per il ponte chiuso di Paderno verso la validazione<\/h2>\n<p>Nelle prossime ore entro l&#8217;inizio della prossima settimana il progetto per la demolizione e riqualificazione del ponte di via Camposanto verr\u00e0 validato. Un passaggio fondamentale che d\u00e0 il via libera alla gara d&#8217;appalto per individuare l&#8217;impresa che realizzer\u00e0 i lavori. Con questo passaggio si conclude l&#8217;iter tecnico che seppur nella sua complessit\u00e0 sta rispettando tutti i tempi previsti. Intanto, in Comune a Paderno c&#8217;\u00e8 un cauto ottimismo per l&#8217;avvio dei lavori preliminari attorno al ponte chiuso dal 30 maggio scorso.<\/p>\n<h2>Da aprile, i primi lavori di bonifica da ordigni bellici<\/h2>\n<p>A partire gi\u00e0 dal prossimo mese potrebbero iniziare gli interventi di bonifica dagli ordigni, un passaggio obbligatorio nel caso di scavi. E che comunque in quel terreno gi\u00e0 un paio di anni fa \u00e8 riemerso un ordigno bellico adagiato lungo il letto del Seveso. Con la gara d&#8217;appalto che prender\u00e0 il via a met\u00e0 mese verr\u00e0 individuata l&#8217;impresa in una rosa di 10 aziende che hanno risposto alla manifestazione d&#8217;interesse.<\/p><div id=\"ilnot-3899246898\" class=\"ilnot-contenuto_2 ilnot-entity-placement\"><div class=\"ads-wrapper\">\n<div class=\"ad-slot\">\n   <div id=\"ilnot-3427794959\" style=\"margin-right: auto;margin-left: auto;text-align: center;width: 320px;height: 100px;\"><a href=\"https:\/\/www.scuolasicurezza.it\/\"><img decoding=\"async\" src=\"https:\/\/www.ilnotiziario.net\/wp\/wp-content\/uploads\/2026\/04\/IlNotiziario_banner-sito-e-newsletter-320-x-100-px-1.gif\" alt=\"\"><\/a><\/div>\n  <\/div>\n<div class=\"ad-slot\">\n   <div id=\"ilnot-3552138423\" style=\"margin-right: auto;margin-left: auto;text-align: center;width: 320px;height: 100px;\"><a href=\"https:\/\/purodesignarredamenti.com\/\"><img decoding=\"async\" src=\"https:\/\/www.ilnotiziario.net\/wp\/wp-content\/uploads\/2026\/04\/banner-puro-ok.gif\" alt=\"whatsapp\"><\/a><\/div><\/p><\/div>\n<\/div>\n<\/div>\n<p>Entro fine aprile verranno consegnate le aree per la parziale demolizione del ponte sul fronte di via Camposanto e la ricostruzione. Un intervento che coster\u00e0 al comune oltre 1 milione e 250 mila euro.<span class=\"Apple-converted-space\">&nbsp;<\/span><\/p>\n<h2>I tempi previsti per demolizione e ricostruzione del ponte<\/h2>\n<p>Al momento \u00e8 confermata anche la tabella di marcia dei lavori: avvio del cantiere entro i primi di maggio e sei mesi di lavori per ricostruire il ponte e mettere in sicurezza la parte che rimarr\u00e0 in piedi entro la fine dell&#8217;autunno. E allo stesso tempo limitare <a href=\"https:\/\/www.ilnotiziario.net\/wp\/2021\/09\/13\/paderno-ponte-chiuso-strade\/\">i disagi alla viabilit\u00e0<\/a> che da 9 mesi bloccano Paderno Dugnano.&nbsp;Per approfondire quanto prevedono a Paderno i lavori per la demolizione parziale, ricostruzione e adeguamento totale del ponte chiuso, <a href=\"https:\/\/www.ilnotiziario.net\/wp\/2021\/10\/12\/paderno-ponte-chiuso-demolito\/\">clicca qui<\/a>.&nbsp;<\/p>\n","protected":false},"excerpt":{"rendered":"<p>A Paderno Dugnano attorno al ponte chiuso di via Camposanto entro un paio di settimane inizier\u00e0 a muoversi qualcosa. Arriveranno i primi operai per l&#8217;avvio dei lavori di bonifica che porteranno all&#8217;inizio del cantiere vero e proprio. Per la demolizione e ricostruzione del ponte chiuso sul fronte di via Camposanto sono previsti 6 mesi.&nbsp; Il<\/p>\n","protected":false},"author":7,"featured_media":157014,"comment_status":"closed","ping_status":"closed","sticky":false,"template":"","format":"standard","meta":{"footnotes":""},"categories":[11,20],"tags":[237,39,9024,10015],"class_list":{"0":"post-163984","1":"post","2":"type-post","3":"status-publish","4":"format-standard","5":"has-post-thumbnail","7":"category-nord-milano","8":"category-prima-pagina","9":"tag-lavori","10":"tag-paderno-dugnano","11":"tag-ponte-chiuso","12":"tag-via-camposanto"},"yoast_head":"<!-- This site is optimized with the Yoast SEO plugin v27.5 - https:\/\/yoast.com\/product\/yoast-seo-wordpress\/ -->\n<title>Paderno Dugnano, ponte chiuso: verso i (primi) lavori in via Camposanto<\/title>\n<meta name=\"description\" content=\"A Paderno Dugnano si va verso il primo avvio dei lavori attorno al ponte chiuso. Per i primi di aprile \u00e8 atteso l&#039;inizio della bonifica\" \/>\n<meta name=\"robots\" content=\"index, follow, max-snippet:-1, max-image-preview:large, max-video-preview:-1\" \/>\n<link rel=\"canonical\" href=\"https:\/\/www.ilnotiziario.net\/wp\/prima-pagina\/paderno-dugnano-ponte-chiuso-lavori\/\" \/>\n<meta property=\"og:locale\" content=\"it_IT\" \/>\n<meta property=\"og:type\" content=\"article\" \/>\n<meta property=\"og:title\" content=\"Paderno Dugnano, ponte chiuso: verso i (primi) lavori in via Camposanto\" \/>\n<meta property=\"og:description\" content=\"A Paderno Dugnano si va verso il primo avvio dei lavori attorno al ponte chiuso. Per i primi di aprile \u00e8 atteso l&#039;inizio della bonifica\" \/>\n<meta property=\"og:url\" content=\"https:\/\/www.ilnotiziario.net\/wp\/prima-pagina\/paderno-dugnano-ponte-chiuso-lavori\/\" \/>\n<meta property=\"og:site_name\" content=\"Il Notiziario\" \/>\n<meta property=\"article:publisher\" content=\"https:\/\/www.facebook.com\/ilnotiziarioind\/\" \/>\n<meta property=\"article:published_time\" content=\"2022-03-14T18:00:21+00:00\" \/>\n<meta property=\"og:image\" content=\"https:\/\/www.ilnotiziario.net\/wp\/wp-content\/uploads\/2021\/10\/esercito-ponte-chiuso-paderno.jpg\" \/>\n\t<meta property=\"og:image:width\" content=\"1600\" \/>\n\t<meta property=\"og:image:height\" content=\"900\" \/>\n\t<meta property=\"og:image:type\" content=\"image\/jpeg\" \/>\n<meta name=\"author\" content=\"Simone Carcano\" \/>\n<meta name=\"twitter:card\" content=\"summary_large_image\" \/>\n<meta name=\"twitter:creator\" content=\"@simone_carcano\" \/>\n<meta name=\"twitter:site\" content=\"@ilNotiziarioInd\" \/>\n<meta name=\"twitter:label1\" content=\"Scritto da\" \/>\n\t<meta name=\"twitter:data1\" content=\"Simone Carcano\" \/>\n\t<meta name=\"twitter:label2\" content=\"Tempo di lettura stimato\" \/>\n\t<meta name=\"twitter:data2\" content=\"2 minuti\" \/>\n<script type=\"application\/ld+json\" class=\"yoast-schema-graph\">{\"@context\":\"https:\\\/\\\/schema.org\",\"@graph\":[{\"@type\":\"Article\",\"@id\":\"https:\\\/\\\/www.ilnotiziario.net\\\/wp\\\/prima-pagina\\\/paderno-dugnano-ponte-chiuso-lavori\\\/#article\",\"isPartOf\":{\"@id\":\"https:\\\/\\\/www.ilnotiziario.net\\\/wp\\\/prima-pagina\\\/paderno-dugnano-ponte-chiuso-lavori\\\/\"},\"author\":{\"name\":\"Simone Carcano\",\"@id\":\"https:\\\/\\\/www.ilnotiziario.net\\\/wp\\\/#\\\/schema\\\/person\\\/c218ad0865f96bfe2c1c2cfa719653f7\"},\"headline\":\"Paderno Dugnano, ponte chiuso: verso i (primi) lavori in via Camposanto\",\"datePublished\":\"2022-03-14T18:00:21+00:00\",\"mainEntityOfPage\":{\"@id\":\"https:\\\/\\\/www.ilnotiziario.net\\\/wp\\\/prima-pagina\\\/paderno-dugnano-ponte-chiuso-lavori\\\/\"},\"wordCount\":365,\"publisher\":{\"@id\":\"https:\\\/\\\/www.ilnotiziario.net\\\/wp\\\/#organization\"},\"image\":{\"@id\":\"https:\\\/\\\/www.ilnotiziario.net\\\/wp\\\/prima-pagina\\\/paderno-dugnano-ponte-chiuso-lavori\\\/#primaryimage\"},\"thumbnailUrl\":\"https:\\\/\\\/www.ilnotiziario.net\\\/wp\\\/wp-content\\\/uploads\\\/2021\\\/10\\\/esercito-ponte-chiuso-paderno.jpg\",\"keywords\":[\"lavori\",\"Paderno Dugnano\",\"Ponte chiuso\",\"Via Camposanto\"],\"articleSection\":[\"NORD MILANO\",\"Prima Pagina\"],\"inLanguage\":\"it-IT\"},{\"@type\":\"WebPage\",\"@id\":\"https:\\\/\\\/www.ilnotiziario.net\\\/wp\\\/prima-pagina\\\/paderno-dugnano-ponte-chiuso-lavori\\\/\",\"url\":\"https:\\\/\\\/www.ilnotiziario.net\\\/wp\\\/prima-pagina\\\/paderno-dugnano-ponte-chiuso-lavori\\\/\",\"name\":\"Paderno Dugnano, ponte chiuso: verso i (primi) lavori in via Camposanto\",\"isPartOf\":{\"@id\":\"https:\\\/\\\/www.ilnotiziario.net\\\/wp\\\/#website\"},\"primaryImageOfPage\":{\"@id\":\"https:\\\/\\\/www.ilnotiziario.net\\\/wp\\\/prima-pagina\\\/paderno-dugnano-ponte-chiuso-lavori\\\/#primaryimage\"},\"image\":{\"@id\":\"https:\\\/\\\/www.ilnotiziario.net\\\/wp\\\/prima-pagina\\\/paderno-dugnano-ponte-chiuso-lavori\\\/#primaryimage\"},\"thumbnailUrl\":\"https:\\\/\\\/www.ilnotiziario.net\\\/wp\\\/wp-content\\\/uploads\\\/2021\\\/10\\\/esercito-ponte-chiuso-paderno.jpg\",\"datePublished\":\"2022-03-14T18:00:21+00:00\",\"description\":\"A Paderno Dugnano si va verso il primo avvio dei lavori attorno al ponte chiuso. Per i primi di aprile \u00e8 atteso l'inizio della bonifica\",\"breadcrumb\":{\"@id\":\"https:\\\/\\\/www.ilnotiziario.net\\\/wp\\\/prima-pagina\\\/paderno-dugnano-ponte-chiuso-lavori\\\/#breadcrumb\"},\"inLanguage\":\"it-IT\",\"potentialAction\":[{\"@type\":\"ReadAction\",\"target\":[\"https:\\\/\\\/www.ilnotiziario.net\\\/wp\\\/prima-pagina\\\/paderno-dugnano-ponte-chiuso-lavori\\\/\"]}]},{\"@type\":\"ImageObject\",\"inLanguage\":\"it-IT\",\"@id\":\"https:\\\/\\\/www.ilnotiziario.net\\\/wp\\\/prima-pagina\\\/paderno-dugnano-ponte-chiuso-lavori\\\/#primaryimage\",\"url\":\"https:\\\/\\\/www.ilnotiziario.net\\\/wp\\\/wp-content\\\/uploads\\\/2021\\\/10\\\/esercito-ponte-chiuso-paderno.jpg\",\"contentUrl\":\"https:\\\/\\\/www.ilnotiziario.net\\\/wp\\\/wp-content\\\/uploads\\\/2021\\\/10\\\/esercito-ponte-chiuso-paderno.jpg\",\"width\":1600,\"height\":900,\"caption\":\"A Paderno Dugnano attorno al ponte chiuso iniziano i primi lavori\"},{\"@type\":\"BreadcrumbList\",\"@id\":\"https:\\\/\\\/www.ilnotiziario.net\\\/wp\\\/prima-pagina\\\/paderno-dugnano-ponte-chiuso-lavori\\\/#breadcrumb\",\"itemListElement\":[{\"@type\":\"ListItem\",\"position\":1,\"name\":\"tds_text_logo_tagline_colortds_text_logo_tagline_colortds_text_logo_tagline_colortds_text_logo_tagline_colortd_module_7_title_excerpttd_module_7_title_excerpttd_module_7_title_excerpttd_module_7_title_excerptHome\",\"item\":\"https:\\\/\\\/www.ilnotiziario.net\\\/wp\\\/\"},{\"@type\":\"ListItem\",\"position\":2,\"name\":\"Paderno Dugnano, ponte chiuso: verso i (primi) lavori in via Camposanto\"}]},{\"@type\":\"WebSite\",\"@id\":\"https:\\\/\\\/www.ilnotiziario.net\\\/wp\\\/#website\",\"url\":\"https:\\\/\\\/www.ilnotiziario.net\\\/wp\\\/\",\"name\":\"Il Notiziario\",\"description\":\"Per restare sempre connessi alla notizia\",\"publisher\":{\"@id\":\"https:\\\/\\\/www.ilnotiziario.net\\\/wp\\\/#organization\"},\"alternateName\":\"Il Notiziario Bollate\",\"potentialAction\":[{\"@type\":\"SearchAction\",\"target\":{\"@type\":\"EntryPoint\",\"urlTemplate\":\"https:\\\/\\\/www.ilnotiziario.net\\\/wp\\\/?s={search_term_string}\"},\"query-input\":{\"@type\":\"PropertyValueSpecification\",\"valueRequired\":true,\"valueName\":\"search_term_string\"}}],\"inLanguage\":\"it-IT\"},{\"@type\":\"Organization\",\"@id\":\"https:\\\/\\\/www.ilnotiziario.net\\\/wp\\\/#organization\",\"name\":\"Il Notiziario\",\"url\":\"https:\\\/\\\/www.ilnotiziario.net\\\/wp\\\/\",\"logo\":{\"@type\":\"ImageObject\",\"inLanguage\":\"it-IT\",\"@id\":\"https:\\\/\\\/www.ilnotiziario.net\\\/wp\\\/#\\\/schema\\\/logo\\\/image\\\/\",\"url\":\"https:\\\/\\\/www.ilnotiziario.net\\\/wp\\\/wp-content\\\/uploads\\\/2022\\\/06\\\/170x170ilN.png\",\"contentUrl\":\"https:\\\/\\\/www.ilnotiziario.net\\\/wp\\\/wp-content\\\/uploads\\\/2022\\\/06\\\/170x170ilN.png\",\"width\":355,\"height\":355,\"caption\":\"Il Notiziario\"},\"image\":{\"@id\":\"https:\\\/\\\/www.ilnotiziario.net\\\/wp\\\/#\\\/schema\\\/logo\\\/image\\\/\"},\"sameAs\":[\"https:\\\/\\\/www.facebook.com\\\/ilnotiziarioind\\\/\",\"https:\\\/\\\/x.com\\\/ilNotiziarioInd\",\"https:\\\/\\\/www.instagram.com\\\/ilnotiziario_settimanale\\\/\"]},{\"@type\":\"Person\",\"@id\":\"https:\\\/\\\/www.ilnotiziario.net\\\/wp\\\/#\\\/schema\\\/person\\\/c218ad0865f96bfe2c1c2cfa719653f7\",\"name\":\"Simone Carcano\",\"image\":{\"@type\":\"ImageObject\",\"inLanguage\":\"it-IT\",\"@id\":\"https:\\\/\\\/secure.gravatar.com\\\/avatar\\\/5e677023cff2c47e9f7a896b9157a46e18bd36e7c4d000a1726bb730be7d38bb?s=96&d=mm&r=g\",\"url\":\"https:\\\/\\\/secure.gravatar.com\\\/avatar\\\/5e677023cff2c47e9f7a896b9157a46e18bd36e7c4d000a1726bb730be7d38bb?s=96&d=mm&r=g\",\"contentUrl\":\"https:\\\/\\\/secure.gravatar.com\\\/avatar\\\/5e677023cff2c47e9f7a896b9157a46e18bd36e7c4d000a1726bb730be7d38bb?s=96&d=mm&r=g\",\"caption\":\"Simone Carcano\"},\"sameAs\":[\"http:\\\/\\\/www.ilnotiziario.net\",\"https:\\\/\\\/x.com\\\/@simone_carcano\"]}]}<\/script>\n<!-- \/ Yoast SEO plugin. -->","yoast_head_json":{"title":"Paderno Dugnano, ponte chiuso: verso i (primi) lavori in via Camposanto","description":"A Paderno Dugnano si va verso il primo avvio dei lavori attorno al ponte chiuso. Per i primi di aprile \u00e8 atteso l'inizio della bonifica","robots":{"index":"index","follow":"follow","max-snippet":"max-snippet:-1","max-image-preview":"max-image-preview:large","max-video-preview":"max-video-preview:-1"},"canonical":"https:\/\/www.ilnotiziario.net\/wp\/prima-pagina\/paderno-dugnano-ponte-chiuso-lavori\/","og_locale":"it_IT","og_type":"article","og_title":"Paderno Dugnano, ponte chiuso: verso i (primi) lavori in via Camposanto","og_description":"A Paderno Dugnano si va verso il primo avvio dei lavori attorno al ponte chiuso. Per i primi di aprile \u00e8 atteso l'inizio della bonifica","og_url":"https:\/\/www.ilnotiziario.net\/wp\/prima-pagina\/paderno-dugnano-ponte-chiuso-lavori\/","og_site_name":"Il Notiziario","article_publisher":"https:\/\/www.facebook.com\/ilnotiziarioind\/","article_published_time":"2022-03-14T18:00:21+00:00","og_image":[{"width":1600,"height":900,"url":"https:\/\/www.ilnotiziario.net\/wp\/wp-content\/uploads\/2021\/10\/esercito-ponte-chiuso-paderno.jpg","type":"image\/jpeg"}],"author":"Simone Carcano","twitter_card":"summary_large_image","twitter_creator":"@simone_carcano","twitter_site":"@ilNotiziarioInd","twitter_misc":{"Scritto da":"Simone Carcano","Tempo di lettura stimato":"2 minuti"},"schema":{"@context":"https:\/\/schema.org","@graph":[{"@type":"Article","@id":"https:\/\/www.ilnotiziario.net\/wp\/prima-pagina\/paderno-dugnano-ponte-chiuso-lavori\/#article","isPartOf":{"@id":"https:\/\/www.ilnotiziario.net\/wp\/prima-pagina\/paderno-dugnano-ponte-chiuso-lavori\/"},"author":{"name":"Simone Carcano","@id":"https:\/\/www.ilnotiziario.net\/wp\/#\/schema\/person\/c218ad0865f96bfe2c1c2cfa719653f7"},"headline":"Paderno Dugnano, ponte chiuso: verso i (primi) lavori in via Camposanto","datePublished":"2022-03-14T18:00:21+00:00","mainEntityOfPage":{"@id":"https:\/\/www.ilnotiziario.net\/wp\/prima-pagina\/paderno-dugnano-ponte-chiuso-lavori\/"},"wordCount":365,"publisher":{"@id":"https:\/\/www.ilnotiziario.net\/wp\/#organization"},"image":{"@id":"https:\/\/www.ilnotiziario.net\/wp\/prima-pagina\/paderno-dugnano-ponte-chiuso-lavori\/#primaryimage"},"thumbnailUrl":"https:\/\/www.ilnotiziario.net\/wp\/wp-content\/uploads\/2021\/10\/esercito-ponte-chiuso-paderno.jpg","keywords":["lavori","Paderno Dugnano","Ponte chiuso","Via Camposanto"],"articleSection":["NORD MILANO","Prima Pagina"],"inLanguage":"it-IT"},{"@type":"WebPage","@id":"https:\/\/www.ilnotiziario.net\/wp\/prima-pagina\/paderno-dugnano-ponte-chiuso-lavori\/","url":"https:\/\/www.ilnotiziario.net\/wp\/prima-pagina\/paderno-dugnano-ponte-chiuso-lavori\/","name":"Paderno Dugnano, ponte chiuso: verso i (primi) lavori in via Camposanto","isPartOf":{"@id":"https:\/\/www.ilnotiziario.net\/wp\/#website"},"primaryImageOfPage":{"@id":"https:\/\/www.ilnotiziario.net\/wp\/prima-pagina\/paderno-dugnano-ponte-chiuso-lavori\/#primaryimage"},"image":{"@id":"https:\/\/www.ilnotiziario.net\/wp\/prima-pagina\/paderno-dugnano-ponte-chiuso-lavori\/#primaryimage"},"thumbnailUrl":"https:\/\/www.ilnotiziario.net\/wp\/wp-content\/uploads\/2021\/10\/esercito-ponte-chiuso-paderno.jpg","datePublished":"2022-03-14T18:00:21+00:00","description":"A Paderno Dugnano si va verso il primo avvio dei lavori attorno al ponte chiuso. Per i primi di aprile \u00e8 atteso l'inizio della bonifica","breadcrumb":{"@id":"https:\/\/www.ilnotiziario.net\/wp\/prima-pagina\/paderno-dugnano-ponte-chiuso-lavori\/#breadcrumb"},"inLanguage":"it-IT","potentialAction":[{"@type":"ReadAction","target":["https:\/\/www.ilnotiziario.net\/wp\/prima-pagina\/paderno-dugnano-ponte-chiuso-lavori\/"]}]},{"@type":"ImageObject","inLanguage":"it-IT","@id":"https:\/\/www.ilnotiziario.net\/wp\/prima-pagina\/paderno-dugnano-ponte-chiuso-lavori\/#primaryimage","url":"https:\/\/www.ilnotiziario.net\/wp\/wp-content\/uploads\/2021\/10\/esercito-ponte-chiuso-paderno.jpg","contentUrl":"https:\/\/www.ilnotiziario.net\/wp\/wp-content\/uploads\/2021\/10\/esercito-ponte-chiuso-paderno.jpg","width":1600,"height":900,"caption":"A Paderno Dugnano attorno al ponte chiuso iniziano i primi lavori"},{"@type":"BreadcrumbList","@id":"https:\/\/www.ilnotiziario.net\/wp\/prima-pagina\/paderno-dugnano-ponte-chiuso-lavori\/#breadcrumb","itemListElement":[{"@type":"ListItem","position":1,"name":"tds_text_logo_tagline_colortds_text_logo_tagline_colortds_text_logo_tagline_colortds_text_logo_tagline_colortd_module_7_title_excerpttd_module_7_title_excerpttd_module_7_title_excerpttd_module_7_title_excerptHome","item":"https:\/\/www.ilnotiziario.net\/wp\/"},{"@type":"ListItem","position":2,"name":"Paderno Dugnano, ponte chiuso: verso i (primi) lavori in via Camposanto"}]},{"@type":"WebSite","@id":"https:\/\/www.ilnotiziario.net\/wp\/#website","url":"https:\/\/www.ilnotiziario.net\/wp\/","name":"Il Notiziario","description":"Per restare sempre connessi alla notizia","publisher":{"@id":"https:\/\/www.ilnotiziario.net\/wp\/#organization"},"alternateName":"Il Notiziario Bollate","potentialAction":[{"@type":"SearchAction","target":{"@type":"EntryPoint","urlTemplate":"https:\/\/www.ilnotiziario.net\/wp\/?s={search_term_string}"},"query-input":{"@type":"PropertyValueSpecification","valueRequired":true,"valueName":"search_term_string"}}],"inLanguage":"it-IT"},{"@type":"Organization","@id":"https:\/\/www.ilnotiziario.net\/wp\/#organization","name":"Il Notiziario","url":"https:\/\/www.ilnotiziario.net\/wp\/","logo":{"@type":"ImageObject","inLanguage":"it-IT","@id":"https:\/\/www.ilnotiziario.net\/wp\/#\/schema\/logo\/image\/","url":"https:\/\/www.ilnotiziario.net\/wp\/wp-content\/uploads\/2022\/06\/170x170ilN.png","contentUrl":"https:\/\/www.ilnotiziario.net\/wp\/wp-content\/uploads\/2022\/06\/170x170ilN.png","width":355,"height":355,"caption":"Il Notiziario"},"image":{"@id":"https:\/\/www.ilnotiziario.net\/wp\/#\/schema\/logo\/image\/"},"sameAs":["https:\/\/www.facebook.com\/ilnotiziarioind\/","https:\/\/x.com\/ilNotiziarioInd","https:\/\/www.instagram.com\/ilnotiziario_settimanale\/"]},{"@type":"Person","@id":"https:\/\/www.ilnotiziario.net\/wp\/#\/schema\/person\/c218ad0865f96bfe2c1c2cfa719653f7","name":"Simone Carcano","image":{"@type":"ImageObject","inLanguage":"it-IT","@id":"https:\/\/secure.gravatar.com\/avatar\/5e677023cff2c47e9f7a896b9157a46e18bd36e7c4d000a1726bb730be7d38bb?s=96&d=mm&r=g","url":"https:\/\/secure.gravatar.com\/avatar\/5e677023cff2c47e9f7a896b9157a46e18bd36e7c4d000a1726bb730be7d38bb?s=96&d=mm&r=g","contentUrl":"https:\/\/secure.gravatar.com\/avatar\/5e677023cff2c47e9f7a896b9157a46e18bd36e7c4d000a1726bb730be7d38bb?s=96&d=mm&r=g","caption":"Simone Carcano"},"sameAs":["http:\/\/www.ilnotiziario.net","https:\/\/x.com\/@simone_carcano"]}]}},"_links":{"self":[{"href":"https:\/\/www.ilnotiziario.net\/wp\/wp-json\/wp\/v2\/posts\/163984","targetHints":{"allow":["GET"]}}],"collection":[{"href":"https:\/\/www.ilnotiziario.net\/wp\/wp-json\/wp\/v2\/posts"}],"about":[{"href":"https:\/\/www.ilnotiziario.net\/wp\/wp-json\/wp\/v2\/types\/post"}],"author":[{"embeddable":true,"href":"https:\/\/www.ilnotiziario.net\/wp\/wp-json\/wp\/v2\/users\/7"}],"replies":[{"embeddable":true,"href":"https:\/\/www.ilnotiziario.net\/wp\/wp-json\/wp\/v2\/comments?post=163984"}],"version-history":[{"count":0,"href":"https:\/\/www.ilnotiziario.net\/wp\/wp-json\/wp\/v2\/posts\/163984\/revisions"}],"wp:featuredmedia":[{"embeddable":true,"href":"https:\/\/www.ilnotiziario.net\/wp\/wp-json\/wp\/v2\/media\/157014"}],"wp:attachment":[{"href":"https:\/\/www.ilnotiziario.net\/wp\/wp-json\/wp\/v2\/media?parent=163984"}],"wp:term":[{"taxonomy":"category","embeddable":true,"href":"https:\/\/www.ilnotiziario.net\/wp\/wp-json\/wp\/v2\/categories?post=163984"},{"taxonomy":"post_tag","embeddable":true,"href":"https:\/\/www.ilnotiziario.net\/wp\/wp-json\/wp\/v2\/tags?post=163984"}],"curies":[{"name":"wp","href":"https:\/\/api.w.org\/{rel}","templated":true}]}}