{"id":164114,"date":"2022-03-16T14:46:31","date_gmt":"2022-03-16T13:46:31","guid":{"rendered":"https:\/\/www.ilnotiziario.net\/wp\/?p=164114"},"modified":"2022-03-16T15:02:11","modified_gmt":"2022-03-16T14:02:11","slug":"aereo-caduto-lecco","status":"publish","type":"post","link":"https:\/\/www.ilnotiziario.net\/wp\/prima-pagina\/aereo-caduto-lecco\/","title":{"rendered":"Aereo caduto a Lecco: partito da Venegono, morto un pilota sul Legnone"},"content":{"rendered":"<div class=\"kvgmc6g5 cxmmr5t8 oygrvhab hcukyx3x c1et5uql ii04i59q\">\n<div dir=\"auto\">Aereo militare caduto a Lecco sul monte Legnone. L&#8217;incidente \u00e8 avvenuto poco dopo mezzogiorno. L&#8217;aereo era partito da Vengono in provincia di Varese. Arrivato nel lecchese avrebbe avuto un&#8217;avaria con la perdita di molto fumo nero prima dello schianto e dell&#8217;esplosione contro il monte. In tutta la provincia \u00e8 stato percepito un forte boato causato dall&#8217;aereo caduto. Uno dei due piloti a bordo \u00e8 morto. L&#8217;altro sarebbe illeso.<\/div>\n<h2 dir=\"auto\">Aereo militare caduto sul monte Legnone<\/h2>\n<div dir=\"auto\">Sarebbe un Aermacchi M346, l&#8217;aereo caduto sul monte Legnone in provincia di Lecco. Si tratterebbe di un piccolo biposto a reazione. Ancora da chiarire se sia un aereo militare o da addestratore.&nbsp;Da quello che trapela, in prossimit\u00e0 della cima l&#8217;aereo si sarebbe schiantato dopo un volo di test. L&#8217;impatto sarebbe avvenuto&nbsp;2.609 metri di altitudine in uno dei punti pi\u00f9 alti delle montagne di Lecco.<\/div>\n<\/div>\n<h2 dir=\"auto\">L&#8217;esplosione dopo l&#8217;impatto sul monte Legnone: morto un pilota<\/h2>\n<div dir=\"auto\">Dopo l&#8217;impatto violentissimo ci sarebbe stata un&#8217;esplosione da cui si \u00e8 sprigionato molto fumo nero. &nbsp; Alcuni testimoni racconterebbero di aver visto nel cielo una lunga scia di fumo. Poi avrebbero assistito all&#8217;impatto contro la cima e infine all&#8217;esplosione. Nell&#8217;impatto i due piloti a bordo sono stati sbalzati fuori dal velivolo. Uno di loro \u00e8 stato ritrovato su un balcone naturale di roccia dai soccorritori. L&#8217;altro invece sarebbe stato ritrovato morto.<\/div>\n<h2 dir=\"auto\">L&#8217;aereo caduto era partito da Vengono (Varese)<\/h2>\n<div dir=\"auto\">L&#8217;aereo caduto a Lecco era partito qualche decina di minuti prima da Venegono (Varese). Una volta in prossimit\u00e0 della Brianza, l&#8217;Aermacchi M346 ha proseguito lungo il lago di Como sulla sponda di Lecco, qui \u00e8 anche entrato nella provincia di Sondrio. Poi \u00e8 tornato indietro nei pressi di Lecco poco prima dello schianto e della caduta. L&#8217;incidente ha mobilitato diverse squadre di soccorso. Dai Vigili del fuoco ai carabinieri fino ai sanitari del 118 arrivati con&nbsp;due elicotteri del 118, da Como e&nbsp;Milano.<\/div>\n<div dir=\"auto\">&nbsp;<\/div>\n<div dir=\"auto\">Leggi ilnotiziario anche in digitale da pc, smartphone e tablet, <a href=\"http:\/\/www.edicola.ilnotiziario.net\">clicca qui<\/a>.<\/div>\n","protected":false},"excerpt":{"rendered":"<p>Aereo militare caduto a Lecco sul monte Legnone. L&#8217;incidente \u00e8 avvenuto poco dopo mezzogiorno. L&#8217;aereo era partito da Vengono in provincia di Varese. Arrivato nel lecchese avrebbe avuto un&#8217;avaria con la perdita di molto fumo nero prima dello schianto e dell&#8217;esplosione contro il monte. In tutta la provincia \u00e8 stato percepito un forte boato causato<\/p>\n","protected":false},"author":7,"featured_media":164116,"comment_status":"closed","ping_status":"closed","sticky":false,"template":"","format":"standard","meta":{"footnotes":""},"categories":[20],"tags":[1252,1251,6746],"class_list":{"0":"post-164114","1":"post","2":"type-post","3":"status-publish","4":"format-standard","5":"has-post-thumbnail","7":"category-prima-pagina","8":"tag-aereo","9":"tag-caduto","10":"tag-lecco"},"yoast_head":"<!-- This site is optimized with the Yoast SEO plugin v27.4 - https:\/\/yoast.com\/product\/yoast-seo-wordpress\/ -->\n<title>Aereo caduto a Lecco: partito da Venegono, morto un pilota sul Legnone<\/title>\n<meta name=\"description\" content=\"Un aereo militare \u00e8 caduto sul monte Legnone a Lecco. L&#039;incidente \u00e8 avvenuto poco dopo mezzogiorno. L&#039;aereo era partito da Vengono (Varese)\" \/>\n<meta name=\"robots\" content=\"index, follow, max-snippet:-1, max-image-preview:large, max-video-preview:-1\" \/>\n<link rel=\"canonical\" href=\"https:\/\/www.ilnotiziario.net\/wp\/prima-pagina\/aereo-caduto-lecco\/\" \/>\n<meta property=\"og:locale\" content=\"it_IT\" \/>\n<meta property=\"og:type\" content=\"article\" \/>\n<meta property=\"og:title\" content=\"Aereo caduto a Lecco: partito da Venegono, morto un pilota sul Legnone\" \/>\n<meta property=\"og:description\" content=\"Un aereo militare \u00e8 caduto sul monte Legnone a Lecco. L&#039;incidente \u00e8 avvenuto poco dopo mezzogiorno. L&#039;aereo era partito da Vengono (Varese)\" \/>\n<meta property=\"og:url\" content=\"https:\/\/www.ilnotiziario.net\/wp\/prima-pagina\/aereo-caduto-lecco\/\" \/>\n<meta property=\"og:site_name\" content=\"Il Notiziario\" \/>\n<meta property=\"article:publisher\" content=\"https:\/\/www.facebook.com\/ilnotiziarioind\/\" \/>\n<meta property=\"article:published_time\" content=\"2022-03-16T13:46:31+00:00\" \/>\n<meta property=\"article:modified_time\" content=\"2022-03-16T14:02:11+00:00\" \/>\n<meta property=\"og:image\" content=\"https:\/\/www.ilnotiziario.net\/wp\/wp-content\/uploads\/2022\/03\/aereo-caduto-lecco.png\" \/>\n\t<meta property=\"og:image:width\" content=\"684\" \/>\n\t<meta property=\"og:image:height\" content=\"458\" \/>\n\t<meta property=\"og:image:type\" content=\"image\/png\" \/>\n<meta name=\"author\" content=\"Simone Carcano\" \/>\n<meta name=\"twitter:card\" content=\"summary_large_image\" \/>\n<meta name=\"twitter:creator\" content=\"@simone_carcano\" \/>\n<meta name=\"twitter:site\" content=\"@ilNotiziarioInd\" \/>\n<meta name=\"twitter:label1\" content=\"Scritto da\" \/>\n\t<meta name=\"twitter:data1\" content=\"Simone Carcano\" \/>\n\t<meta name=\"twitter:label2\" content=\"Tempo di lettura stimato\" \/>\n\t<meta name=\"twitter:data2\" content=\"2 minuti\" \/>\n<script type=\"application\/ld+json\" class=\"yoast-schema-graph\">{\"@context\":\"https:\\\/\\\/schema.org\",\"@graph\":[{\"@type\":\"Article\",\"@id\":\"https:\\\/\\\/www.ilnotiziario.net\\\/wp\\\/prima-pagina\\\/aereo-caduto-lecco\\\/#article\",\"isPartOf\":{\"@id\":\"https:\\\/\\\/www.ilnotiziario.net\\\/wp\\\/prima-pagina\\\/aereo-caduto-lecco\\\/\"},\"author\":{\"name\":\"Simone Carcano\",\"@id\":\"https:\\\/\\\/www.ilnotiziario.net\\\/wp\\\/#\\\/schema\\\/person\\\/c218ad0865f96bfe2c1c2cfa719653f7\"},\"headline\":\"Aereo caduto a Lecco: partito da Venegono, morto un pilota sul Legnone\",\"datePublished\":\"2022-03-16T13:46:31+00:00\",\"dateModified\":\"2022-03-16T14:02:11+00:00\",\"mainEntityOfPage\":{\"@id\":\"https:\\\/\\\/www.ilnotiziario.net\\\/wp\\\/prima-pagina\\\/aereo-caduto-lecco\\\/\"},\"wordCount\":351,\"publisher\":{\"@id\":\"https:\\\/\\\/www.ilnotiziario.net\\\/wp\\\/#organization\"},\"image\":{\"@id\":\"https:\\\/\\\/www.ilnotiziario.net\\\/wp\\\/prima-pagina\\\/aereo-caduto-lecco\\\/#primaryimage\"},\"thumbnailUrl\":\"https:\\\/\\\/www.ilnotiziario.net\\\/wp\\\/wp-content\\\/uploads\\\/2022\\\/03\\\/aereo-caduto-lecco.png\",\"keywords\":[\"aereo\",\"caduto\",\"Lecco\"],\"articleSection\":[\"Prima Pagina\"],\"inLanguage\":\"it-IT\"},{\"@type\":\"WebPage\",\"@id\":\"https:\\\/\\\/www.ilnotiziario.net\\\/wp\\\/prima-pagina\\\/aereo-caduto-lecco\\\/\",\"url\":\"https:\\\/\\\/www.ilnotiziario.net\\\/wp\\\/prima-pagina\\\/aereo-caduto-lecco\\\/\",\"name\":\"Aereo caduto a Lecco: partito da Venegono, morto un pilota sul Legnone\",\"isPartOf\":{\"@id\":\"https:\\\/\\\/www.ilnotiziario.net\\\/wp\\\/#website\"},\"primaryImageOfPage\":{\"@id\":\"https:\\\/\\\/www.ilnotiziario.net\\\/wp\\\/prima-pagina\\\/aereo-caduto-lecco\\\/#primaryimage\"},\"image\":{\"@id\":\"https:\\\/\\\/www.ilnotiziario.net\\\/wp\\\/prima-pagina\\\/aereo-caduto-lecco\\\/#primaryimage\"},\"thumbnailUrl\":\"https:\\\/\\\/www.ilnotiziario.net\\\/wp\\\/wp-content\\\/uploads\\\/2022\\\/03\\\/aereo-caduto-lecco.png\",\"datePublished\":\"2022-03-16T13:46:31+00:00\",\"dateModified\":\"2022-03-16T14:02:11+00:00\",\"description\":\"Un aereo militare \u00e8 caduto sul monte Legnone a Lecco. L'incidente \u00e8 avvenuto poco dopo mezzogiorno. L'aereo era partito da Vengono (Varese)\",\"breadcrumb\":{\"@id\":\"https:\\\/\\\/www.ilnotiziario.net\\\/wp\\\/prima-pagina\\\/aereo-caduto-lecco\\\/#breadcrumb\"},\"inLanguage\":\"it-IT\",\"potentialAction\":[{\"@type\":\"ReadAction\",\"target\":[\"https:\\\/\\\/www.ilnotiziario.net\\\/wp\\\/prima-pagina\\\/aereo-caduto-lecco\\\/\"]}]},{\"@type\":\"ImageObject\",\"inLanguage\":\"it-IT\",\"@id\":\"https:\\\/\\\/www.ilnotiziario.net\\\/wp\\\/prima-pagina\\\/aereo-caduto-lecco\\\/#primaryimage\",\"url\":\"https:\\\/\\\/www.ilnotiziario.net\\\/wp\\\/wp-content\\\/uploads\\\/2022\\\/03\\\/aereo-caduto-lecco.png\",\"contentUrl\":\"https:\\\/\\\/www.ilnotiziario.net\\\/wp\\\/wp-content\\\/uploads\\\/2022\\\/03\\\/aereo-caduto-lecco.png\",\"width\":684,\"height\":458},{\"@type\":\"BreadcrumbList\",\"@id\":\"https:\\\/\\\/www.ilnotiziario.net\\\/wp\\\/prima-pagina\\\/aereo-caduto-lecco\\\/#breadcrumb\",\"itemListElement\":[{\"@type\":\"ListItem\",\"position\":1,\"name\":\"tds_text_logo_tagline_colortds_text_logo_tagline_colortds_text_logo_tagline_colortds_text_logo_tagline_colortd_module_7_title_excerpttd_module_7_title_excerpttd_module_7_title_excerpttd_module_7_title_excerptHome\",\"item\":\"https:\\\/\\\/www.ilnotiziario.net\\\/wp\\\/\"},{\"@type\":\"ListItem\",\"position\":2,\"name\":\"Aereo caduto a Lecco: partito da Venegono, morto un pilota sul Legnone\"}]},{\"@type\":\"WebSite\",\"@id\":\"https:\\\/\\\/www.ilnotiziario.net\\\/wp\\\/#website\",\"url\":\"https:\\\/\\\/www.ilnotiziario.net\\\/wp\\\/\",\"name\":\"Il Notiziario\",\"description\":\"Per restare sempre connessi alla notizia\",\"publisher\":{\"@id\":\"https:\\\/\\\/www.ilnotiziario.net\\\/wp\\\/#organization\"},\"alternateName\":\"Il Notiziario Bollate\",\"potentialAction\":[{\"@type\":\"SearchAction\",\"target\":{\"@type\":\"EntryPoint\",\"urlTemplate\":\"https:\\\/\\\/www.ilnotiziario.net\\\/wp\\\/?s={search_term_string}\"},\"query-input\":{\"@type\":\"PropertyValueSpecification\",\"valueRequired\":true,\"valueName\":\"search_term_string\"}}],\"inLanguage\":\"it-IT\"},{\"@type\":\"Organization\",\"@id\":\"https:\\\/\\\/www.ilnotiziario.net\\\/wp\\\/#organization\",\"name\":\"Il Notiziario\",\"url\":\"https:\\\/\\\/www.ilnotiziario.net\\\/wp\\\/\",\"logo\":{\"@type\":\"ImageObject\",\"inLanguage\":\"it-IT\",\"@id\":\"https:\\\/\\\/www.ilnotiziario.net\\\/wp\\\/#\\\/schema\\\/logo\\\/image\\\/\",\"url\":\"https:\\\/\\\/www.ilnotiziario.net\\\/wp\\\/wp-content\\\/uploads\\\/2022\\\/06\\\/170x170ilN.png\",\"contentUrl\":\"https:\\\/\\\/www.ilnotiziario.net\\\/wp\\\/wp-content\\\/uploads\\\/2022\\\/06\\\/170x170ilN.png\",\"width\":355,\"height\":355,\"caption\":\"Il Notiziario\"},\"image\":{\"@id\":\"https:\\\/\\\/www.ilnotiziario.net\\\/wp\\\/#\\\/schema\\\/logo\\\/image\\\/\"},\"sameAs\":[\"https:\\\/\\\/www.facebook.com\\\/ilnotiziarioind\\\/\",\"https:\\\/\\\/x.com\\\/ilNotiziarioInd\",\"https:\\\/\\\/www.instagram.com\\\/ilnotiziario_settimanale\\\/\"]},{\"@type\":\"Person\",\"@id\":\"https:\\\/\\\/www.ilnotiziario.net\\\/wp\\\/#\\\/schema\\\/person\\\/c218ad0865f96bfe2c1c2cfa719653f7\",\"name\":\"Simone Carcano\",\"image\":{\"@type\":\"ImageObject\",\"inLanguage\":\"it-IT\",\"@id\":\"https:\\\/\\\/secure.gravatar.com\\\/avatar\\\/5e677023cff2c47e9f7a896b9157a46e18bd36e7c4d000a1726bb730be7d38bb?s=96&d=mm&r=g\",\"url\":\"https:\\\/\\\/secure.gravatar.com\\\/avatar\\\/5e677023cff2c47e9f7a896b9157a46e18bd36e7c4d000a1726bb730be7d38bb?s=96&d=mm&r=g\",\"contentUrl\":\"https:\\\/\\\/secure.gravatar.com\\\/avatar\\\/5e677023cff2c47e9f7a896b9157a46e18bd36e7c4d000a1726bb730be7d38bb?s=96&d=mm&r=g\",\"caption\":\"Simone Carcano\"},\"sameAs\":[\"http:\\\/\\\/www.ilnotiziario.net\",\"https:\\\/\\\/x.com\\\/@simone_carcano\"]}]}<\/script>\n<!-- \/ Yoast SEO plugin. -->","yoast_head_json":{"title":"Aereo caduto a Lecco: partito da Venegono, morto un pilota sul Legnone","description":"Un aereo militare \u00e8 caduto sul monte Legnone a Lecco. L'incidente \u00e8 avvenuto poco dopo mezzogiorno. L'aereo era partito da Vengono (Varese)","robots":{"index":"index","follow":"follow","max-snippet":"max-snippet:-1","max-image-preview":"max-image-preview:large","max-video-preview":"max-video-preview:-1"},"canonical":"https:\/\/www.ilnotiziario.net\/wp\/prima-pagina\/aereo-caduto-lecco\/","og_locale":"it_IT","og_type":"article","og_title":"Aereo caduto a Lecco: partito da Venegono, morto un pilota sul Legnone","og_description":"Un aereo militare \u00e8 caduto sul monte Legnone a Lecco. L'incidente \u00e8 avvenuto poco dopo mezzogiorno. L'aereo era partito da Vengono (Varese)","og_url":"https:\/\/www.ilnotiziario.net\/wp\/prima-pagina\/aereo-caduto-lecco\/","og_site_name":"Il Notiziario","article_publisher":"https:\/\/www.facebook.com\/ilnotiziarioind\/","article_published_time":"2022-03-16T13:46:31+00:00","article_modified_time":"2022-03-16T14:02:11+00:00","og_image":[{"width":684,"height":458,"url":"https:\/\/www.ilnotiziario.net\/wp\/wp-content\/uploads\/2022\/03\/aereo-caduto-lecco.png","type":"image\/png"}],"author":"Simone Carcano","twitter_card":"summary_large_image","twitter_creator":"@simone_carcano","twitter_site":"@ilNotiziarioInd","twitter_misc":{"Scritto da":"Simone Carcano","Tempo di lettura stimato":"2 minuti"},"schema":{"@context":"https:\/\/schema.org","@graph":[{"@type":"Article","@id":"https:\/\/www.ilnotiziario.net\/wp\/prima-pagina\/aereo-caduto-lecco\/#article","isPartOf":{"@id":"https:\/\/www.ilnotiziario.net\/wp\/prima-pagina\/aereo-caduto-lecco\/"},"author":{"name":"Simone Carcano","@id":"https:\/\/www.ilnotiziario.net\/wp\/#\/schema\/person\/c218ad0865f96bfe2c1c2cfa719653f7"},"headline":"Aereo caduto a Lecco: partito da Venegono, morto un pilota sul Legnone","datePublished":"2022-03-16T13:46:31+00:00","dateModified":"2022-03-16T14:02:11+00:00","mainEntityOfPage":{"@id":"https:\/\/www.ilnotiziario.net\/wp\/prima-pagina\/aereo-caduto-lecco\/"},"wordCount":351,"publisher":{"@id":"https:\/\/www.ilnotiziario.net\/wp\/#organization"},"image":{"@id":"https:\/\/www.ilnotiziario.net\/wp\/prima-pagina\/aereo-caduto-lecco\/#primaryimage"},"thumbnailUrl":"https:\/\/www.ilnotiziario.net\/wp\/wp-content\/uploads\/2022\/03\/aereo-caduto-lecco.png","keywords":["aereo","caduto","Lecco"],"articleSection":["Prima Pagina"],"inLanguage":"it-IT"},{"@type":"WebPage","@id":"https:\/\/www.ilnotiziario.net\/wp\/prima-pagina\/aereo-caduto-lecco\/","url":"https:\/\/www.ilnotiziario.net\/wp\/prima-pagina\/aereo-caduto-lecco\/","name":"Aereo caduto a Lecco: partito da Venegono, morto un pilota sul Legnone","isPartOf":{"@id":"https:\/\/www.ilnotiziario.net\/wp\/#website"},"primaryImageOfPage":{"@id":"https:\/\/www.ilnotiziario.net\/wp\/prima-pagina\/aereo-caduto-lecco\/#primaryimage"},"image":{"@id":"https:\/\/www.ilnotiziario.net\/wp\/prima-pagina\/aereo-caduto-lecco\/#primaryimage"},"thumbnailUrl":"https:\/\/www.ilnotiziario.net\/wp\/wp-content\/uploads\/2022\/03\/aereo-caduto-lecco.png","datePublished":"2022-03-16T13:46:31+00:00","dateModified":"2022-03-16T14:02:11+00:00","description":"Un aereo militare \u00e8 caduto sul monte Legnone a Lecco. L'incidente \u00e8 avvenuto poco dopo mezzogiorno. L'aereo era partito da Vengono (Varese)","breadcrumb":{"@id":"https:\/\/www.ilnotiziario.net\/wp\/prima-pagina\/aereo-caduto-lecco\/#breadcrumb"},"inLanguage":"it-IT","potentialAction":[{"@type":"ReadAction","target":["https:\/\/www.ilnotiziario.net\/wp\/prima-pagina\/aereo-caduto-lecco\/"]}]},{"@type":"ImageObject","inLanguage":"it-IT","@id":"https:\/\/www.ilnotiziario.net\/wp\/prima-pagina\/aereo-caduto-lecco\/#primaryimage","url":"https:\/\/www.ilnotiziario.net\/wp\/wp-content\/uploads\/2022\/03\/aereo-caduto-lecco.png","contentUrl":"https:\/\/www.ilnotiziario.net\/wp\/wp-content\/uploads\/2022\/03\/aereo-caduto-lecco.png","width":684,"height":458},{"@type":"BreadcrumbList","@id":"https:\/\/www.ilnotiziario.net\/wp\/prima-pagina\/aereo-caduto-lecco\/#breadcrumb","itemListElement":[{"@type":"ListItem","position":1,"name":"tds_text_logo_tagline_colortds_text_logo_tagline_colortds_text_logo_tagline_colortds_text_logo_tagline_colortd_module_7_title_excerpttd_module_7_title_excerpttd_module_7_title_excerpttd_module_7_title_excerptHome","item":"https:\/\/www.ilnotiziario.net\/wp\/"},{"@type":"ListItem","position":2,"name":"Aereo caduto a Lecco: partito da Venegono, morto un pilota sul Legnone"}]},{"@type":"WebSite","@id":"https:\/\/www.ilnotiziario.net\/wp\/#website","url":"https:\/\/www.ilnotiziario.net\/wp\/","name":"Il Notiziario","description":"Per restare sempre connessi alla notizia","publisher":{"@id":"https:\/\/www.ilnotiziario.net\/wp\/#organization"},"alternateName":"Il Notiziario Bollate","potentialAction":[{"@type":"SearchAction","target":{"@type":"EntryPoint","urlTemplate":"https:\/\/www.ilnotiziario.net\/wp\/?s={search_term_string}"},"query-input":{"@type":"PropertyValueSpecification","valueRequired":true,"valueName":"search_term_string"}}],"inLanguage":"it-IT"},{"@type":"Organization","@id":"https:\/\/www.ilnotiziario.net\/wp\/#organization","name":"Il Notiziario","url":"https:\/\/www.ilnotiziario.net\/wp\/","logo":{"@type":"ImageObject","inLanguage":"it-IT","@id":"https:\/\/www.ilnotiziario.net\/wp\/#\/schema\/logo\/image\/","url":"https:\/\/www.ilnotiziario.net\/wp\/wp-content\/uploads\/2022\/06\/170x170ilN.png","contentUrl":"https:\/\/www.ilnotiziario.net\/wp\/wp-content\/uploads\/2022\/06\/170x170ilN.png","width":355,"height":355,"caption":"Il Notiziario"},"image":{"@id":"https:\/\/www.ilnotiziario.net\/wp\/#\/schema\/logo\/image\/"},"sameAs":["https:\/\/www.facebook.com\/ilnotiziarioind\/","https:\/\/x.com\/ilNotiziarioInd","https:\/\/www.instagram.com\/ilnotiziario_settimanale\/"]},{"@type":"Person","@id":"https:\/\/www.ilnotiziario.net\/wp\/#\/schema\/person\/c218ad0865f96bfe2c1c2cfa719653f7","name":"Simone Carcano","image":{"@type":"ImageObject","inLanguage":"it-IT","@id":"https:\/\/secure.gravatar.com\/avatar\/5e677023cff2c47e9f7a896b9157a46e18bd36e7c4d000a1726bb730be7d38bb?s=96&d=mm&r=g","url":"https:\/\/secure.gravatar.com\/avatar\/5e677023cff2c47e9f7a896b9157a46e18bd36e7c4d000a1726bb730be7d38bb?s=96&d=mm&r=g","contentUrl":"https:\/\/secure.gravatar.com\/avatar\/5e677023cff2c47e9f7a896b9157a46e18bd36e7c4d000a1726bb730be7d38bb?s=96&d=mm&r=g","caption":"Simone Carcano"},"sameAs":["http:\/\/www.ilnotiziario.net","https:\/\/x.com\/@simone_carcano"]}]}},"_links":{"self":[{"href":"https:\/\/www.ilnotiziario.net\/wp\/wp-json\/wp\/v2\/posts\/164114","targetHints":{"allow":["GET"]}}],"collection":[{"href":"https:\/\/www.ilnotiziario.net\/wp\/wp-json\/wp\/v2\/posts"}],"about":[{"href":"https:\/\/www.ilnotiziario.net\/wp\/wp-json\/wp\/v2\/types\/post"}],"author":[{"embeddable":true,"href":"https:\/\/www.ilnotiziario.net\/wp\/wp-json\/wp\/v2\/users\/7"}],"replies":[{"embeddable":true,"href":"https:\/\/www.ilnotiziario.net\/wp\/wp-json\/wp\/v2\/comments?post=164114"}],"version-history":[{"count":0,"href":"https:\/\/www.ilnotiziario.net\/wp\/wp-json\/wp\/v2\/posts\/164114\/revisions"}],"wp:featuredmedia":[{"embeddable":true,"href":"https:\/\/www.ilnotiziario.net\/wp\/wp-json\/wp\/v2\/media\/164116"}],"wp:attachment":[{"href":"https:\/\/www.ilnotiziario.net\/wp\/wp-json\/wp\/v2\/media?parent=164114"}],"wp:term":[{"taxonomy":"category","embeddable":true,"href":"https:\/\/www.ilnotiziario.net\/wp\/wp-json\/wp\/v2\/categories?post=164114"},{"taxonomy":"post_tag","embeddable":true,"href":"https:\/\/www.ilnotiziario.net\/wp\/wp-json\/wp\/v2\/tags?post=164114"}],"curies":[{"name":"wp","href":"https:\/\/api.w.org\/{rel}","templated":true}]}}