{"id":165688,"date":"2022-04-20T18:54:04","date_gmt":"2022-04-20T16:54:04","guid":{"rendered":"https:\/\/www.ilnotiziario.net\/wp\/?p=165688"},"modified":"2022-04-20T18:54:04","modified_gmt":"2022-04-20T16:54:04","slug":"uboldo-chiama-giappone-parte-stasera-incontrarti","status":"publish","type":"post","link":"https:\/\/www.ilnotiziario.net\/wp\/saronnese\/uboldo-chiama-giappone-parte-stasera-incontrarti\/","title":{"rendered":"Uboldo chiama il Giappone: parte stasera &#8220;IncontrArTi&#8221;"},"content":{"rendered":"<p>\u201cE\u2019 finalmente ora di\u2026 \u2018IncontrArTi\u2019\u201d: uno slogan che \u00e8 gi\u00e0 tutto un programma per la rassegna culturale che prender\u00e0 il questa sera, 20 aprile, alla Casa dei Talenti \u201cGiancarlo Radrizzani\u201d di Uboldo: una proposta senza precedenti, che porr\u00e0 Uboldo al centro di eventi di grande spessore culturale.<\/p><div id=\"ilnot-1269539952\" class=\"ilnot-contenuto ilnot-entity-placement\"><p><!-- incontent_1 --><\/p>\n<div class=\"gptslot\" data-adunitid=\"1\"><\/div>\n<\/div>\n<h2>Un ricco calendario di appuntamenti<\/h2>\n<p>L\u2019organizzazione \u00e8 del gruppo associativo Officine Musicali, che ha allestito \u201cIncontrArTi\u201d col patrocinio dell\u2019amministrazione comunale. Un ricco calendario di appuntamenti di varia natura, che terranno banco fino al 10 giugno: otto settimane fra concerti, cineforum, spettacoli teatrali per famiglie, cabaret, opere liriche, ma anche interessanti momenti di approfondimento, riflessione, workshop e presentazioni letterarie.<\/p>\n<h2>Il patrocinio del Consolato generale del Giappone&nbsp;<\/h2>\n<p>Di particolare rilievo il focus che gli organizzatori hanno voluto realizzare per questa prima edizione sulla secolare cultura giapponese. Col patrocinio del Consolato Generale del Giappone a Milano, si avr\u00e0 la possibilit\u00e0 di ammirare due importanti mostre del fotografo di fama internazionale Flavio Gallozzi: \u201cIl gesto creativo nelle arti tradizionali giapponesi\u201d (da stasera, con inaugurazione alle 21, al 14 maggio) e \u201cWagashi, Chaban\u00e0, Chanoyu\u201d (dal 15 maggio al 10 giugno), visitabili in concomitanza con le iniziative della rassegna. Il 15 maggio, dalle 15, alla presenza della delegazione consolare e delle autorit\u00e0 locali, da non perdere&nbsp; l\u2019esibizione del gruppo Sanbiki, dell\u2019associazione Taiko di Lecco, con le sue tradizionali percussioni nipponiche e la cerimonia del t\u00e8 proposta dalla maestra di costumi giapponesi Yoko Takada.<\/p><div id=\"ilnot-889684580\" class=\"ilnot-contenuto_2 ilnot-entity-placement\"><div class=\"ads-wrapper\">\n<div class=\"ad-slot\">\n   <div id=\"ilnot-1518342938\" style=\"margin-right: auto;margin-left: auto;text-align: center;width: 320px;height: 100px;\"><a href=\"https:\/\/www.scuolasicurezza.it\/\"><img decoding=\"async\" src=\"https:\/\/www.ilnotiziario.net\/wp\/wp-content\/uploads\/2026\/04\/IlNotiziario_banner-sito-e-newsletter-320-x-100-px-1.gif\" alt=\"\"><\/a><\/div>\n  <\/div>\n<div class=\"ad-slot\">\n   <div id=\"ilnot-4021191864\" style=\"margin-right: auto;margin-left: auto;text-align: center;width: 320px;height: 100px;\"><a href=\"https:\/\/purodesignarredamenti.com\/\"><img decoding=\"async\" src=\"https:\/\/www.ilnotiziario.net\/wp\/wp-content\/uploads\/2026\/04\/banner-puro-ok.gif\" alt=\"whatsapp\"><\/a><\/div><\/p><\/div>\n<\/div>\n<\/div>\n<h2>Da stasera i primi eventi<\/h2>\n<p>Primi eventi: oggi alle 21.30 il concerto \u201cMusica x 2\u201d, di Gian Luigi Carlone (voce, sax soprano, flauto traverso, ocarina, naphoon) e Matteo Castellan (pianoforte e fisarmonica); domani alle 21 una serata culturale e didattica sul giardino botanico di Uboldo, trattando la conservazione e la difesa della flora spontanea (a cura di Gianni Riva, in collaborazione con la biblioteca comunale).<\/p>\n","protected":false},"excerpt":{"rendered":"<p>\u201cE\u2019 finalmente ora di\u2026 \u2018IncontrArTi\u2019\u201d: uno slogan che \u00e8 gi\u00e0 tutto un programma per la rassegna culturale che prender\u00e0 il questa sera, 20 aprile, alla Casa dei Talenti \u201cGiancarlo Radrizzani\u201d di Uboldo: una proposta senza precedenti, che porr\u00e0 Uboldo al centro di eventi di grande spessore culturale. Un ricco calendario di appuntamenti L\u2019organizzazione \u00e8 del<\/p>\n","protected":false},"author":6,"featured_media":165689,"comment_status":"closed","ping_status":"closed","sticky":false,"template":"","format":"standard","meta":{"footnotes":""},"categories":[20,13],"tags":[6138,10154,60],"class_list":{"0":"post-165688","1":"post","2":"type-post","3":"status-publish","4":"format-standard","5":"has-post-thumbnail","7":"category-prima-pagina","8":"category-saronnese","9":"tag-giappone","10":"tag-incontrarti","11":"tag-uboldo"},"yoast_head":"<!-- This site is optimized with the Yoast SEO plugin v27.5 - https:\/\/yoast.com\/product\/yoast-seo-wordpress\/ -->\n<title>Uboldo chiama il Giappone: parte stasera &quot;IncontrArTi&quot; - Il Notiziario<\/title>\n<meta name=\"description\" content=\"\u201cE\u2019 finalmente ora di\u2026 \u2018IncontrArTi\u2019\u201d: uno slogan che \u00e8 gi\u00e0 tutto un programma per la rassegna culturale che prender\u00e0 il questa sera, 20 aprile, alla Casa Prender\u00e0 il questa sera, 20 aprile, alla Casa dei Talenti \u201cGiancarlo Radrizzani\u201d di Uboldo: una proposta senza precedenti, che porr\u00e0 Uboldo al centro di eventi di grande spessore culturale.\" \/>\n<meta name=\"robots\" content=\"index, follow, max-snippet:-1, max-image-preview:large, max-video-preview:-1\" \/>\n<link rel=\"canonical\" href=\"https:\/\/www.ilnotiziario.net\/wp\/saronnese\/uboldo-chiama-giappone-parte-stasera-incontrarti\/\" \/>\n<meta property=\"og:locale\" content=\"it_IT\" \/>\n<meta property=\"og:type\" content=\"article\" \/>\n<meta property=\"og:title\" content=\"Uboldo chiama il Giappone: parte stasera &quot;IncontrArTi&quot; - Il Notiziario\" \/>\n<meta property=\"og:description\" content=\"\u201cE\u2019 finalmente ora di\u2026 \u2018IncontrArTi\u2019\u201d: uno slogan che \u00e8 gi\u00e0 tutto un programma per la rassegna culturale che prender\u00e0 il questa sera, 20 aprile, alla Casa Prender\u00e0 il questa sera, 20 aprile, alla Casa dei Talenti \u201cGiancarlo Radrizzani\u201d di Uboldo: una proposta senza precedenti, che porr\u00e0 Uboldo al centro di eventi di grande spessore culturale.\" \/>\n<meta property=\"og:url\" content=\"https:\/\/www.ilnotiziario.net\/wp\/saronnese\/uboldo-chiama-giappone-parte-stasera-incontrarti\/\" \/>\n<meta property=\"og:site_name\" content=\"Il Notiziario\" \/>\n<meta property=\"article:publisher\" content=\"https:\/\/www.facebook.com\/ilnotiziarioind\/\" \/>\n<meta property=\"article:published_time\" content=\"2022-04-20T16:54:04+00:00\" \/>\n<meta property=\"og:image\" content=\"https:\/\/www.ilnotiziario.net\/wp\/wp-content\/uploads\/2022\/04\/Immagine-2022-04-20-184644.png\" \/>\n\t<meta property=\"og:image:width\" content=\"1347\" \/>\n\t<meta property=\"og:image:height\" content=\"745\" \/>\n\t<meta property=\"og:image:type\" content=\"image\/png\" \/>\n<meta name=\"author\" content=\"Stefano Di Maria\" \/>\n<meta name=\"twitter:card\" content=\"summary_large_image\" \/>\n<meta name=\"twitter:creator\" content=\"@ilNotiziarioInd\" \/>\n<meta name=\"twitter:site\" content=\"@ilNotiziarioInd\" \/>\n<meta name=\"twitter:label1\" content=\"Scritto da\" \/>\n\t<meta name=\"twitter:data1\" content=\"Stefano Di Maria\" \/>\n\t<meta name=\"twitter:label2\" content=\"Tempo di lettura stimato\" \/>\n\t<meta name=\"twitter:data2\" content=\"2 minuti\" \/>\n<script type=\"application\/ld+json\" class=\"yoast-schema-graph\">{\"@context\":\"https:\\\/\\\/schema.org\",\"@graph\":[{\"@type\":\"Article\",\"@id\":\"https:\\\/\\\/www.ilnotiziario.net\\\/wp\\\/saronnese\\\/uboldo-chiama-giappone-parte-stasera-incontrarti\\\/#article\",\"isPartOf\":{\"@id\":\"https:\\\/\\\/www.ilnotiziario.net\\\/wp\\\/saronnese\\\/uboldo-chiama-giappone-parte-stasera-incontrarti\\\/\"},\"author\":{\"name\":\"Stefano Di Maria\",\"@id\":\"https:\\\/\\\/www.ilnotiziario.net\\\/wp\\\/#\\\/schema\\\/person\\\/82fdd8795bbed42a4164047853b6efe7\"},\"headline\":\"Uboldo chiama il Giappone: parte stasera &#8220;IncontrArTi&#8221;\",\"datePublished\":\"2022-04-20T16:54:04+00:00\",\"mainEntityOfPage\":{\"@id\":\"https:\\\/\\\/www.ilnotiziario.net\\\/wp\\\/saronnese\\\/uboldo-chiama-giappone-parte-stasera-incontrarti\\\/\"},\"wordCount\":299,\"publisher\":{\"@id\":\"https:\\\/\\\/www.ilnotiziario.net\\\/wp\\\/#organization\"},\"image\":{\"@id\":\"https:\\\/\\\/www.ilnotiziario.net\\\/wp\\\/saronnese\\\/uboldo-chiama-giappone-parte-stasera-incontrarti\\\/#primaryimage\"},\"thumbnailUrl\":\"https:\\\/\\\/www.ilnotiziario.net\\\/wp\\\/wp-content\\\/uploads\\\/2022\\\/04\\\/Immagine-2022-04-20-184644.png\",\"keywords\":[\"Giappone\",\"Incontrarti\",\"Uboldo\"],\"articleSection\":[\"Prima Pagina\",\"SARONNESE\"],\"inLanguage\":\"it-IT\"},{\"@type\":\"WebPage\",\"@id\":\"https:\\\/\\\/www.ilnotiziario.net\\\/wp\\\/saronnese\\\/uboldo-chiama-giappone-parte-stasera-incontrarti\\\/\",\"url\":\"https:\\\/\\\/www.ilnotiziario.net\\\/wp\\\/saronnese\\\/uboldo-chiama-giappone-parte-stasera-incontrarti\\\/\",\"name\":\"Uboldo chiama il Giappone: parte stasera \\\"IncontrArTi\\\" - Il Notiziario\",\"isPartOf\":{\"@id\":\"https:\\\/\\\/www.ilnotiziario.net\\\/wp\\\/#website\"},\"primaryImageOfPage\":{\"@id\":\"https:\\\/\\\/www.ilnotiziario.net\\\/wp\\\/saronnese\\\/uboldo-chiama-giappone-parte-stasera-incontrarti\\\/#primaryimage\"},\"image\":{\"@id\":\"https:\\\/\\\/www.ilnotiziario.net\\\/wp\\\/saronnese\\\/uboldo-chiama-giappone-parte-stasera-incontrarti\\\/#primaryimage\"},\"thumbnailUrl\":\"https:\\\/\\\/www.ilnotiziario.net\\\/wp\\\/wp-content\\\/uploads\\\/2022\\\/04\\\/Immagine-2022-04-20-184644.png\",\"datePublished\":\"2022-04-20T16:54:04+00:00\",\"description\":\"\u201cE\u2019 finalmente ora di\u2026 \u2018IncontrArTi\u2019\u201d: uno slogan che \u00e8 gi\u00e0 tutto un programma per la rassegna culturale che prender\u00e0 il questa sera, 20 aprile, alla Casa Prender\u00e0 il questa sera, 20 aprile, alla Casa dei Talenti \u201cGiancarlo Radrizzani\u201d di Uboldo: una proposta senza precedenti, che porr\u00e0 Uboldo al centro di eventi di grande spessore culturale.\",\"breadcrumb\":{\"@id\":\"https:\\\/\\\/www.ilnotiziario.net\\\/wp\\\/saronnese\\\/uboldo-chiama-giappone-parte-stasera-incontrarti\\\/#breadcrumb\"},\"inLanguage\":\"it-IT\",\"potentialAction\":[{\"@type\":\"ReadAction\",\"target\":[\"https:\\\/\\\/www.ilnotiziario.net\\\/wp\\\/saronnese\\\/uboldo-chiama-giappone-parte-stasera-incontrarti\\\/\"]}]},{\"@type\":\"ImageObject\",\"inLanguage\":\"it-IT\",\"@id\":\"https:\\\/\\\/www.ilnotiziario.net\\\/wp\\\/saronnese\\\/uboldo-chiama-giappone-parte-stasera-incontrarti\\\/#primaryimage\",\"url\":\"https:\\\/\\\/www.ilnotiziario.net\\\/wp\\\/wp-content\\\/uploads\\\/2022\\\/04\\\/Immagine-2022-04-20-184644.png\",\"contentUrl\":\"https:\\\/\\\/www.ilnotiziario.net\\\/wp\\\/wp-content\\\/uploads\\\/2022\\\/04\\\/Immagine-2022-04-20-184644.png\",\"width\":1347,\"height\":745},{\"@type\":\"BreadcrumbList\",\"@id\":\"https:\\\/\\\/www.ilnotiziario.net\\\/wp\\\/saronnese\\\/uboldo-chiama-giappone-parte-stasera-incontrarti\\\/#breadcrumb\",\"itemListElement\":[{\"@type\":\"ListItem\",\"position\":1,\"name\":\"tds_text_logo_tagline_colortds_text_logo_tagline_colortds_text_logo_tagline_colortds_text_logo_tagline_colortd_module_7_title_excerpttd_module_7_title_excerpttd_module_7_title_excerpttd_module_7_title_excerptHome\",\"item\":\"https:\\\/\\\/www.ilnotiziario.net\\\/wp\\\/\"},{\"@type\":\"ListItem\",\"position\":2,\"name\":\"Uboldo chiama il Giappone: parte stasera &#8220;IncontrArTi&#8221;\"}]},{\"@type\":\"WebSite\",\"@id\":\"https:\\\/\\\/www.ilnotiziario.net\\\/wp\\\/#website\",\"url\":\"https:\\\/\\\/www.ilnotiziario.net\\\/wp\\\/\",\"name\":\"Il Notiziario\",\"description\":\"Per restare sempre connessi alla notizia\",\"publisher\":{\"@id\":\"https:\\\/\\\/www.ilnotiziario.net\\\/wp\\\/#organization\"},\"alternateName\":\"Il Notiziario Bollate\",\"potentialAction\":[{\"@type\":\"SearchAction\",\"target\":{\"@type\":\"EntryPoint\",\"urlTemplate\":\"https:\\\/\\\/www.ilnotiziario.net\\\/wp\\\/?s={search_term_string}\"},\"query-input\":{\"@type\":\"PropertyValueSpecification\",\"valueRequired\":true,\"valueName\":\"search_term_string\"}}],\"inLanguage\":\"it-IT\"},{\"@type\":\"Organization\",\"@id\":\"https:\\\/\\\/www.ilnotiziario.net\\\/wp\\\/#organization\",\"name\":\"Il Notiziario\",\"url\":\"https:\\\/\\\/www.ilnotiziario.net\\\/wp\\\/\",\"logo\":{\"@type\":\"ImageObject\",\"inLanguage\":\"it-IT\",\"@id\":\"https:\\\/\\\/www.ilnotiziario.net\\\/wp\\\/#\\\/schema\\\/logo\\\/image\\\/\",\"url\":\"https:\\\/\\\/www.ilnotiziario.net\\\/wp\\\/wp-content\\\/uploads\\\/2022\\\/06\\\/170x170ilN.png\",\"contentUrl\":\"https:\\\/\\\/www.ilnotiziario.net\\\/wp\\\/wp-content\\\/uploads\\\/2022\\\/06\\\/170x170ilN.png\",\"width\":355,\"height\":355,\"caption\":\"Il Notiziario\"},\"image\":{\"@id\":\"https:\\\/\\\/www.ilnotiziario.net\\\/wp\\\/#\\\/schema\\\/logo\\\/image\\\/\"},\"sameAs\":[\"https:\\\/\\\/www.facebook.com\\\/ilnotiziarioind\\\/\",\"https:\\\/\\\/x.com\\\/ilNotiziarioInd\",\"https:\\\/\\\/www.instagram.com\\\/ilnotiziario_settimanale\\\/\"]},{\"@type\":\"Person\",\"@id\":\"https:\\\/\\\/www.ilnotiziario.net\\\/wp\\\/#\\\/schema\\\/person\\\/82fdd8795bbed42a4164047853b6efe7\",\"name\":\"Stefano Di Maria\",\"image\":{\"@type\":\"ImageObject\",\"inLanguage\":\"it-IT\",\"@id\":\"https:\\\/\\\/secure.gravatar.com\\\/avatar\\\/b3163d1e75da759bd0a681248e88a87d84bdd563fec9b060a3ae82742880745a?s=96&d=mm&r=g\",\"url\":\"https:\\\/\\\/secure.gravatar.com\\\/avatar\\\/b3163d1e75da759bd0a681248e88a87d84bdd563fec9b060a3ae82742880745a?s=96&d=mm&r=g\",\"contentUrl\":\"https:\\\/\\\/secure.gravatar.com\\\/avatar\\\/b3163d1e75da759bd0a681248e88a87d84bdd563fec9b060a3ae82742880745a?s=96&d=mm&r=g\",\"caption\":\"Stefano Di Maria\"},\"sameAs\":[\"http:\\\/\\\/www.ilnotiziario.net\"]}]}<\/script>\n<!-- \/ Yoast SEO plugin. -->","yoast_head_json":{"title":"Uboldo chiama il Giappone: parte stasera \"IncontrArTi\" - Il Notiziario","description":"\u201cE\u2019 finalmente ora di\u2026 \u2018IncontrArTi\u2019\u201d: uno slogan che \u00e8 gi\u00e0 tutto un programma per la rassegna culturale che prender\u00e0 il questa sera, 20 aprile, alla Casa Prender\u00e0 il questa sera, 20 aprile, alla Casa dei Talenti \u201cGiancarlo Radrizzani\u201d di Uboldo: una proposta senza precedenti, che porr\u00e0 Uboldo al centro di eventi di grande spessore culturale.","robots":{"index":"index","follow":"follow","max-snippet":"max-snippet:-1","max-image-preview":"max-image-preview:large","max-video-preview":"max-video-preview:-1"},"canonical":"https:\/\/www.ilnotiziario.net\/wp\/saronnese\/uboldo-chiama-giappone-parte-stasera-incontrarti\/","og_locale":"it_IT","og_type":"article","og_title":"Uboldo chiama il Giappone: parte stasera \"IncontrArTi\" - Il Notiziario","og_description":"\u201cE\u2019 finalmente ora di\u2026 \u2018IncontrArTi\u2019\u201d: uno slogan che \u00e8 gi\u00e0 tutto un programma per la rassegna culturale che prender\u00e0 il questa sera, 20 aprile, alla Casa Prender\u00e0 il questa sera, 20 aprile, alla Casa dei Talenti \u201cGiancarlo Radrizzani\u201d di Uboldo: una proposta senza precedenti, che porr\u00e0 Uboldo al centro di eventi di grande spessore culturale.","og_url":"https:\/\/www.ilnotiziario.net\/wp\/saronnese\/uboldo-chiama-giappone-parte-stasera-incontrarti\/","og_site_name":"Il Notiziario","article_publisher":"https:\/\/www.facebook.com\/ilnotiziarioind\/","article_published_time":"2022-04-20T16:54:04+00:00","og_image":[{"width":1347,"height":745,"url":"https:\/\/www.ilnotiziario.net\/wp\/wp-content\/uploads\/2022\/04\/Immagine-2022-04-20-184644.png","type":"image\/png"}],"author":"Stefano Di Maria","twitter_card":"summary_large_image","twitter_creator":"@ilNotiziarioInd","twitter_site":"@ilNotiziarioInd","twitter_misc":{"Scritto da":"Stefano Di Maria","Tempo di lettura stimato":"2 minuti"},"schema":{"@context":"https:\/\/schema.org","@graph":[{"@type":"Article","@id":"https:\/\/www.ilnotiziario.net\/wp\/saronnese\/uboldo-chiama-giappone-parte-stasera-incontrarti\/#article","isPartOf":{"@id":"https:\/\/www.ilnotiziario.net\/wp\/saronnese\/uboldo-chiama-giappone-parte-stasera-incontrarti\/"},"author":{"name":"Stefano Di Maria","@id":"https:\/\/www.ilnotiziario.net\/wp\/#\/schema\/person\/82fdd8795bbed42a4164047853b6efe7"},"headline":"Uboldo chiama il Giappone: parte stasera &#8220;IncontrArTi&#8221;","datePublished":"2022-04-20T16:54:04+00:00","mainEntityOfPage":{"@id":"https:\/\/www.ilnotiziario.net\/wp\/saronnese\/uboldo-chiama-giappone-parte-stasera-incontrarti\/"},"wordCount":299,"publisher":{"@id":"https:\/\/www.ilnotiziario.net\/wp\/#organization"},"image":{"@id":"https:\/\/www.ilnotiziario.net\/wp\/saronnese\/uboldo-chiama-giappone-parte-stasera-incontrarti\/#primaryimage"},"thumbnailUrl":"https:\/\/www.ilnotiziario.net\/wp\/wp-content\/uploads\/2022\/04\/Immagine-2022-04-20-184644.png","keywords":["Giappone","Incontrarti","Uboldo"],"articleSection":["Prima Pagina","SARONNESE"],"inLanguage":"it-IT"},{"@type":"WebPage","@id":"https:\/\/www.ilnotiziario.net\/wp\/saronnese\/uboldo-chiama-giappone-parte-stasera-incontrarti\/","url":"https:\/\/www.ilnotiziario.net\/wp\/saronnese\/uboldo-chiama-giappone-parte-stasera-incontrarti\/","name":"Uboldo chiama il Giappone: parte stasera \"IncontrArTi\" - Il Notiziario","isPartOf":{"@id":"https:\/\/www.ilnotiziario.net\/wp\/#website"},"primaryImageOfPage":{"@id":"https:\/\/www.ilnotiziario.net\/wp\/saronnese\/uboldo-chiama-giappone-parte-stasera-incontrarti\/#primaryimage"},"image":{"@id":"https:\/\/www.ilnotiziario.net\/wp\/saronnese\/uboldo-chiama-giappone-parte-stasera-incontrarti\/#primaryimage"},"thumbnailUrl":"https:\/\/www.ilnotiziario.net\/wp\/wp-content\/uploads\/2022\/04\/Immagine-2022-04-20-184644.png","datePublished":"2022-04-20T16:54:04+00:00","description":"\u201cE\u2019 finalmente ora di\u2026 \u2018IncontrArTi\u2019\u201d: uno slogan che \u00e8 gi\u00e0 tutto un programma per la rassegna culturale che prender\u00e0 il questa sera, 20 aprile, alla Casa Prender\u00e0 il questa sera, 20 aprile, alla Casa dei Talenti \u201cGiancarlo Radrizzani\u201d di Uboldo: una proposta senza precedenti, che porr\u00e0 Uboldo al centro di eventi di grande spessore culturale.","breadcrumb":{"@id":"https:\/\/www.ilnotiziario.net\/wp\/saronnese\/uboldo-chiama-giappone-parte-stasera-incontrarti\/#breadcrumb"},"inLanguage":"it-IT","potentialAction":[{"@type":"ReadAction","target":["https:\/\/www.ilnotiziario.net\/wp\/saronnese\/uboldo-chiama-giappone-parte-stasera-incontrarti\/"]}]},{"@type":"ImageObject","inLanguage":"it-IT","@id":"https:\/\/www.ilnotiziario.net\/wp\/saronnese\/uboldo-chiama-giappone-parte-stasera-incontrarti\/#primaryimage","url":"https:\/\/www.ilnotiziario.net\/wp\/wp-content\/uploads\/2022\/04\/Immagine-2022-04-20-184644.png","contentUrl":"https:\/\/www.ilnotiziario.net\/wp\/wp-content\/uploads\/2022\/04\/Immagine-2022-04-20-184644.png","width":1347,"height":745},{"@type":"BreadcrumbList","@id":"https:\/\/www.ilnotiziario.net\/wp\/saronnese\/uboldo-chiama-giappone-parte-stasera-incontrarti\/#breadcrumb","itemListElement":[{"@type":"ListItem","position":1,"name":"tds_text_logo_tagline_colortds_text_logo_tagline_colortds_text_logo_tagline_colortds_text_logo_tagline_colortd_module_7_title_excerpttd_module_7_title_excerpttd_module_7_title_excerpttd_module_7_title_excerptHome","item":"https:\/\/www.ilnotiziario.net\/wp\/"},{"@type":"ListItem","position":2,"name":"Uboldo chiama il Giappone: parte stasera &#8220;IncontrArTi&#8221;"}]},{"@type":"WebSite","@id":"https:\/\/www.ilnotiziario.net\/wp\/#website","url":"https:\/\/www.ilnotiziario.net\/wp\/","name":"Il Notiziario","description":"Per restare sempre connessi alla notizia","publisher":{"@id":"https:\/\/www.ilnotiziario.net\/wp\/#organization"},"alternateName":"Il Notiziario Bollate","potentialAction":[{"@type":"SearchAction","target":{"@type":"EntryPoint","urlTemplate":"https:\/\/www.ilnotiziario.net\/wp\/?s={search_term_string}"},"query-input":{"@type":"PropertyValueSpecification","valueRequired":true,"valueName":"search_term_string"}}],"inLanguage":"it-IT"},{"@type":"Organization","@id":"https:\/\/www.ilnotiziario.net\/wp\/#organization","name":"Il Notiziario","url":"https:\/\/www.ilnotiziario.net\/wp\/","logo":{"@type":"ImageObject","inLanguage":"it-IT","@id":"https:\/\/www.ilnotiziario.net\/wp\/#\/schema\/logo\/image\/","url":"https:\/\/www.ilnotiziario.net\/wp\/wp-content\/uploads\/2022\/06\/170x170ilN.png","contentUrl":"https:\/\/www.ilnotiziario.net\/wp\/wp-content\/uploads\/2022\/06\/170x170ilN.png","width":355,"height":355,"caption":"Il Notiziario"},"image":{"@id":"https:\/\/www.ilnotiziario.net\/wp\/#\/schema\/logo\/image\/"},"sameAs":["https:\/\/www.facebook.com\/ilnotiziarioind\/","https:\/\/x.com\/ilNotiziarioInd","https:\/\/www.instagram.com\/ilnotiziario_settimanale\/"]},{"@type":"Person","@id":"https:\/\/www.ilnotiziario.net\/wp\/#\/schema\/person\/82fdd8795bbed42a4164047853b6efe7","name":"Stefano Di Maria","image":{"@type":"ImageObject","inLanguage":"it-IT","@id":"https:\/\/secure.gravatar.com\/avatar\/b3163d1e75da759bd0a681248e88a87d84bdd563fec9b060a3ae82742880745a?s=96&d=mm&r=g","url":"https:\/\/secure.gravatar.com\/avatar\/b3163d1e75da759bd0a681248e88a87d84bdd563fec9b060a3ae82742880745a?s=96&d=mm&r=g","contentUrl":"https:\/\/secure.gravatar.com\/avatar\/b3163d1e75da759bd0a681248e88a87d84bdd563fec9b060a3ae82742880745a?s=96&d=mm&r=g","caption":"Stefano Di Maria"},"sameAs":["http:\/\/www.ilnotiziario.net"]}]}},"_links":{"self":[{"href":"https:\/\/www.ilnotiziario.net\/wp\/wp-json\/wp\/v2\/posts\/165688","targetHints":{"allow":["GET"]}}],"collection":[{"href":"https:\/\/www.ilnotiziario.net\/wp\/wp-json\/wp\/v2\/posts"}],"about":[{"href":"https:\/\/www.ilnotiziario.net\/wp\/wp-json\/wp\/v2\/types\/post"}],"author":[{"embeddable":true,"href":"https:\/\/www.ilnotiziario.net\/wp\/wp-json\/wp\/v2\/users\/6"}],"replies":[{"embeddable":true,"href":"https:\/\/www.ilnotiziario.net\/wp\/wp-json\/wp\/v2\/comments?post=165688"}],"version-history":[{"count":0,"href":"https:\/\/www.ilnotiziario.net\/wp\/wp-json\/wp\/v2\/posts\/165688\/revisions"}],"wp:featuredmedia":[{"embeddable":true,"href":"https:\/\/www.ilnotiziario.net\/wp\/wp-json\/wp\/v2\/media\/165689"}],"wp:attachment":[{"href":"https:\/\/www.ilnotiziario.net\/wp\/wp-json\/wp\/v2\/media?parent=165688"}],"wp:term":[{"taxonomy":"category","embeddable":true,"href":"https:\/\/www.ilnotiziario.net\/wp\/wp-json\/wp\/v2\/categories?post=165688"},{"taxonomy":"post_tag","embeddable":true,"href":"https:\/\/www.ilnotiziario.net\/wp\/wp-json\/wp\/v2\/tags?post=165688"}],"curies":[{"name":"wp","href":"https:\/\/api.w.org\/{rel}","templated":true}]}}