{"id":165906,"date":"2022-04-28T08:24:50","date_gmt":"2022-04-28T06:24:50","guid":{"rendered":"https:\/\/www.ilnotiziario.net\/wp\/?p=165906"},"modified":"2022-04-28T11:08:21","modified_gmt":"2022-04-28T09:08:21","slug":"corte-costituzionale-illegittima-figlio-cognome-padre","status":"publish","type":"post","link":"https:\/\/www.ilnotiziario.net\/wp\/prima-pagina\/corte-costituzionale-illegittima-figlio-cognome-padre\/","title":{"rendered":"Corte Costituzionale: non si pu\u00f2 pi\u00f9 assegnare automaticamente al figlio il cognome del padre"},"content":{"rendered":"<p>Per la Corte Costituzionale non si potr\u00e0 pi\u00f9 assegnare automaticamente al figlio il cognome del padre. La Corte suprema ha stabilito che sono illegittime tutte le norme che attribuiscono automaticamente il cognome del padre<\/p><div id=\"ilnot-3310658058\" class=\"ilnot-contenuto ilnot-entity-placement\"><p><!-- incontent_1 --><\/p>\n<div class=\"gptslot\" data-adunitid=\"1\"><\/div>\n<\/div>\n<h3>Per la Corte regola discriminante che assegna al figlio il cognome del padre<\/h3>\n<p>Decisione storica da parte della Corte Costituzionale sull&#8217;automatismo he ha fin qui assegnato al figlio il cognome del padre. \u201c<strong>\u00c8 discriminatoria e lesiva dell&#8217;identit\u00e0 del figlio<\/strong> la regola che attribuisce automaticamente il cognome del padre.&#8221;<\/p>\n<p>In attesa del deposito della sentenza, l\u2019Ufficio comunicazione e stampa della Corte costituzionale fa sapere che le norme censurate sono state dichiarate illegittime per contrasto con gli articoli 2, 3 e 117, primo comma, della Costituzione, quest\u2019ultimo in relazione agli articoli 8 e 14 della Convenzione europea dei diritti dell\u2019uomo.<\/p><div id=\"ilnot-647110666\" class=\"ilnot-contenuto_2 ilnot-entity-placement\"><div class=\"ads-wrapper\">\n<div class=\"ad-slot\">\n   <div id=\"ilnot-1383068739\" style=\"margin-right: auto;margin-left: auto;text-align: center;width: 320px;height: 100px;\"><a href=\"https:\/\/www.scuolasicurezza.it\/\"><img decoding=\"async\" src=\"https:\/\/www.ilnotiziario.net\/wp\/wp-content\/uploads\/2026\/04\/IlNotiziario_banner-sito-e-newsletter-320-x-100-px-1.gif\" alt=\"\"><\/a><\/div>\n  <\/div>\n<div class=\"ad-slot\">\n   <div id=\"ilnot-4143971546\" style=\"margin-right: auto;margin-left: auto;text-align: center;width: 320px;height: 100px;\"><a href=\"https:\/\/purodesignarredamenti.com\/\"><img decoding=\"async\" src=\"https:\/\/www.ilnotiziario.net\/wp\/wp-content\/uploads\/2026\/04\/banner-puro-ok.gif\" alt=\"whatsapp\"><\/a><\/div><\/p><\/div>\n<\/div>\n<\/div>\n<h2>Le reazioni\u00a0 alla decisione della Corte sull&#8217;assegnazione del cognome<\/h2>\n<p><em>\u201cDecisione storica della Consulta sul doppio cognome per i figli. Ora tocca al Parlamento accelerare: il primo giorno di questa legislatura ho depositato alla Camera una proposta di legge sul tema e c&#8217;\u00e8 un disegno anche al Senato. Basta discriminazioni che penalizzano le madri!\u201d<\/em>, <strong>commenta la deputata Laura Boldrini.<\/strong><\/p>\n<p>Sui social impazzano i commenti , quasi tutti positivi. Il<strong> senatore della Lega Simone Pillon<\/strong> con un tweet ha voluto invece creare scompiglio e polemica. <em>\u201cMa il cognome materno non \u00e8 mica per caso il cognome del nonno o del bisnonno materno?\u201d<\/em><\/p>\n<p><strong>Manuela Miceli\u00a0<\/strong><\/p><div id=\"ilnot-1896434626\" class=\"ilnot-contenuto_2-2 ilnot-entity-placement\"><div class=\"gptslot\" data-adunitid=\"2\"><\/div>\n<\/div>\n<p>Sfoglia il notiziario in formato digitale direttamente dal nostro sito <a href=\"http:\/\/edicola.ilnotiziario.net\"><strong>edicola.ilnotiziario.net<\/strong><\/a><\/p>\n","protected":false},"excerpt":{"rendered":"<p>Per la Corte Costituzionale non si potr\u00e0 pi\u00f9 assegnare automaticamente al figlio il cognome del padre. La Corte suprema ha stabilito che sono illegittime tutte le norme che attribuiscono automaticamente il cognome del padre Per la Corte regola discriminante che assegna al figlio il cognome del padre Decisione storica da parte della Corte Costituzionale sull&#8217;automatismo<\/p>\n","protected":false},"author":3,"featured_media":165907,"comment_status":"closed","ping_status":"closed","sticky":false,"template":"","format":"standard","meta":{"footnotes":""},"categories":[4193,20],"tags":[7126,10177,2212,1077],"class_list":{"0":"post-165906","1":"post","2":"type-post","3":"status-publish","4":"format-standard","5":"has-post-thumbnail","7":"category-buonoasapersi","8":"category-prima-pagina","9":"tag-cognome","10":"tag-corte-costituzionale","11":"tag-figlio","12":"tag-padre"},"yoast_head":"<!-- This site is optimized with the Yoast SEO plugin v27.4 - https:\/\/yoast.com\/product\/yoast-seo-wordpress\/ -->\n<title>Corte Costituzionale: non pi\u00f9 automatico per il figlio il cognome del padre<\/title>\n<meta name=\"description\" content=\"Per la Corte Costituzionale non si potr\u00e0 pi\u00f9 assegnare automaticamente al figlio il cognome del padre. La Corte suprema ha stabilito che sono illegittime\" \/>\n<meta name=\"robots\" content=\"index, follow, max-snippet:-1, max-image-preview:large, max-video-preview:-1\" \/>\n<link rel=\"canonical\" href=\"https:\/\/www.ilnotiziario.net\/wp\/prima-pagina\/corte-costituzionale-illegittima-figlio-cognome-padre\/\" \/>\n<meta property=\"og:locale\" content=\"it_IT\" \/>\n<meta property=\"og:type\" content=\"article\" \/>\n<meta property=\"og:title\" content=\"Corte Costituzionale: non pi\u00f9 automatico per il figlio il cognome del padre\" \/>\n<meta property=\"og:description\" content=\"Per la Corte Costituzionale non si potr\u00e0 pi\u00f9 assegnare automaticamente al figlio il cognome del padre. La Corte suprema ha stabilito che sono illegittime\" \/>\n<meta property=\"og:url\" content=\"https:\/\/www.ilnotiziario.net\/wp\/prima-pagina\/corte-costituzionale-illegittima-figlio-cognome-padre\/\" \/>\n<meta property=\"og:site_name\" content=\"Il Notiziario\" \/>\n<meta property=\"article:publisher\" content=\"https:\/\/www.facebook.com\/ilnotiziarioind\/\" \/>\n<meta property=\"article:published_time\" content=\"2022-04-28T06:24:50+00:00\" \/>\n<meta property=\"article:modified_time\" content=\"2022-04-28T09:08:21+00:00\" \/>\n<meta property=\"og:image\" content=\"https:\/\/www.ilnotiziario.net\/wp\/wp-content\/uploads\/2022\/04\/corte-costituzionale-cognome-figlio.jpg\" \/>\n\t<meta property=\"og:image:width\" content=\"1242\" \/>\n\t<meta property=\"og:image:height\" content=\"872\" \/>\n\t<meta property=\"og:image:type\" content=\"image\/jpeg\" \/>\n<meta name=\"author\" content=\"Gabriele Bassani\" \/>\n<meta name=\"twitter:card\" content=\"summary_large_image\" \/>\n<meta name=\"twitter:creator\" content=\"@ilNotiziarioInd\" \/>\n<meta name=\"twitter:site\" content=\"@ilNotiziarioInd\" \/>\n<meta name=\"twitter:label1\" content=\"Scritto da\" \/>\n\t<meta name=\"twitter:data1\" content=\"Gabriele Bassani\" \/>\n\t<meta name=\"twitter:label2\" content=\"Tempo di lettura stimato\" \/>\n\t<meta name=\"twitter:data2\" content=\"2 minuti\" \/>\n<script type=\"application\/ld+json\" class=\"yoast-schema-graph\">{\"@context\":\"https:\\\/\\\/schema.org\",\"@graph\":[{\"@type\":\"Article\",\"@id\":\"https:\\\/\\\/www.ilnotiziario.net\\\/wp\\\/prima-pagina\\\/corte-costituzionale-illegittima-figlio-cognome-padre\\\/#article\",\"isPartOf\":{\"@id\":\"https:\\\/\\\/www.ilnotiziario.net\\\/wp\\\/prima-pagina\\\/corte-costituzionale-illegittima-figlio-cognome-padre\\\/\"},\"author\":{\"name\":\"Gabriele Bassani\",\"@id\":\"https:\\\/\\\/www.ilnotiziario.net\\\/wp\\\/#\\\/schema\\\/person\\\/386e222908f898bb41c033989482bbf2\"},\"headline\":\"Corte Costituzionale: non si pu\u00f2 pi\u00f9 assegnare automaticamente al figlio il cognome del padre\",\"datePublished\":\"2022-04-28T06:24:50+00:00\",\"dateModified\":\"2022-04-28T09:08:21+00:00\",\"mainEntityOfPage\":{\"@id\":\"https:\\\/\\\/www.ilnotiziario.net\\\/wp\\\/prima-pagina\\\/corte-costituzionale-illegittima-figlio-cognome-padre\\\/\"},\"wordCount\":259,\"publisher\":{\"@id\":\"https:\\\/\\\/www.ilnotiziario.net\\\/wp\\\/#organization\"},\"image\":{\"@id\":\"https:\\\/\\\/www.ilnotiziario.net\\\/wp\\\/prima-pagina\\\/corte-costituzionale-illegittima-figlio-cognome-padre\\\/#primaryimage\"},\"thumbnailUrl\":\"https:\\\/\\\/www.ilnotiziario.net\\\/wp\\\/wp-content\\\/uploads\\\/2022\\\/04\\\/corte-costituzionale-cognome-figlio.jpg\",\"keywords\":[\"cognome\",\"corte costituzionale\",\"figlio\",\"padre\"],\"articleSection\":[\"BUONO A SAPERSI\",\"Prima Pagina\"],\"inLanguage\":\"it-IT\"},{\"@type\":\"WebPage\",\"@id\":\"https:\\\/\\\/www.ilnotiziario.net\\\/wp\\\/prima-pagina\\\/corte-costituzionale-illegittima-figlio-cognome-padre\\\/\",\"url\":\"https:\\\/\\\/www.ilnotiziario.net\\\/wp\\\/prima-pagina\\\/corte-costituzionale-illegittima-figlio-cognome-padre\\\/\",\"name\":\"Corte Costituzionale: non pi\u00f9 automatico per il figlio il cognome del padre\",\"isPartOf\":{\"@id\":\"https:\\\/\\\/www.ilnotiziario.net\\\/wp\\\/#website\"},\"primaryImageOfPage\":{\"@id\":\"https:\\\/\\\/www.ilnotiziario.net\\\/wp\\\/prima-pagina\\\/corte-costituzionale-illegittima-figlio-cognome-padre\\\/#primaryimage\"},\"image\":{\"@id\":\"https:\\\/\\\/www.ilnotiziario.net\\\/wp\\\/prima-pagina\\\/corte-costituzionale-illegittima-figlio-cognome-padre\\\/#primaryimage\"},\"thumbnailUrl\":\"https:\\\/\\\/www.ilnotiziario.net\\\/wp\\\/wp-content\\\/uploads\\\/2022\\\/04\\\/corte-costituzionale-cognome-figlio.jpg\",\"datePublished\":\"2022-04-28T06:24:50+00:00\",\"dateModified\":\"2022-04-28T09:08:21+00:00\",\"description\":\"Per la Corte Costituzionale non si potr\u00e0 pi\u00f9 assegnare automaticamente al figlio il cognome del padre. La Corte suprema ha stabilito che sono illegittime\",\"breadcrumb\":{\"@id\":\"https:\\\/\\\/www.ilnotiziario.net\\\/wp\\\/prima-pagina\\\/corte-costituzionale-illegittima-figlio-cognome-padre\\\/#breadcrumb\"},\"inLanguage\":\"it-IT\",\"potentialAction\":[{\"@type\":\"ReadAction\",\"target\":[\"https:\\\/\\\/www.ilnotiziario.net\\\/wp\\\/prima-pagina\\\/corte-costituzionale-illegittima-figlio-cognome-padre\\\/\"]}]},{\"@type\":\"ImageObject\",\"inLanguage\":\"it-IT\",\"@id\":\"https:\\\/\\\/www.ilnotiziario.net\\\/wp\\\/prima-pagina\\\/corte-costituzionale-illegittima-figlio-cognome-padre\\\/#primaryimage\",\"url\":\"https:\\\/\\\/www.ilnotiziario.net\\\/wp\\\/wp-content\\\/uploads\\\/2022\\\/04\\\/corte-costituzionale-cognome-figlio.jpg\",\"contentUrl\":\"https:\\\/\\\/www.ilnotiziario.net\\\/wp\\\/wp-content\\\/uploads\\\/2022\\\/04\\\/corte-costituzionale-cognome-figlio.jpg\",\"width\":1242,\"height\":872,\"caption\":\"corte costituzionale cognome figlio\"},{\"@type\":\"BreadcrumbList\",\"@id\":\"https:\\\/\\\/www.ilnotiziario.net\\\/wp\\\/prima-pagina\\\/corte-costituzionale-illegittima-figlio-cognome-padre\\\/#breadcrumb\",\"itemListElement\":[{\"@type\":\"ListItem\",\"position\":1,\"name\":\"tds_text_logo_tagline_colortds_text_logo_tagline_colortds_text_logo_tagline_colortds_text_logo_tagline_colortd_module_7_title_excerpttd_module_7_title_excerpttd_module_7_title_excerpttd_module_7_title_excerptHome\",\"item\":\"https:\\\/\\\/www.ilnotiziario.net\\\/wp\\\/\"},{\"@type\":\"ListItem\",\"position\":2,\"name\":\"Corte Costituzionale: non si pu\u00f2 pi\u00f9 assegnare automaticamente al figlio il cognome del padre\"}]},{\"@type\":\"WebSite\",\"@id\":\"https:\\\/\\\/www.ilnotiziario.net\\\/wp\\\/#website\",\"url\":\"https:\\\/\\\/www.ilnotiziario.net\\\/wp\\\/\",\"name\":\"Il Notiziario\",\"description\":\"Per restare sempre connessi alla notizia\",\"publisher\":{\"@id\":\"https:\\\/\\\/www.ilnotiziario.net\\\/wp\\\/#organization\"},\"alternateName\":\"Il Notiziario Bollate\",\"potentialAction\":[{\"@type\":\"SearchAction\",\"target\":{\"@type\":\"EntryPoint\",\"urlTemplate\":\"https:\\\/\\\/www.ilnotiziario.net\\\/wp\\\/?s={search_term_string}\"},\"query-input\":{\"@type\":\"PropertyValueSpecification\",\"valueRequired\":true,\"valueName\":\"search_term_string\"}}],\"inLanguage\":\"it-IT\"},{\"@type\":\"Organization\",\"@id\":\"https:\\\/\\\/www.ilnotiziario.net\\\/wp\\\/#organization\",\"name\":\"Il Notiziario\",\"url\":\"https:\\\/\\\/www.ilnotiziario.net\\\/wp\\\/\",\"logo\":{\"@type\":\"ImageObject\",\"inLanguage\":\"it-IT\",\"@id\":\"https:\\\/\\\/www.ilnotiziario.net\\\/wp\\\/#\\\/schema\\\/logo\\\/image\\\/\",\"url\":\"https:\\\/\\\/www.ilnotiziario.net\\\/wp\\\/wp-content\\\/uploads\\\/2022\\\/06\\\/170x170ilN.png\",\"contentUrl\":\"https:\\\/\\\/www.ilnotiziario.net\\\/wp\\\/wp-content\\\/uploads\\\/2022\\\/06\\\/170x170ilN.png\",\"width\":355,\"height\":355,\"caption\":\"Il Notiziario\"},\"image\":{\"@id\":\"https:\\\/\\\/www.ilnotiziario.net\\\/wp\\\/#\\\/schema\\\/logo\\\/image\\\/\"},\"sameAs\":[\"https:\\\/\\\/www.facebook.com\\\/ilnotiziarioind\\\/\",\"https:\\\/\\\/x.com\\\/ilNotiziarioInd\",\"https:\\\/\\\/www.instagram.com\\\/ilnotiziario_settimanale\\\/\"]},{\"@type\":\"Person\",\"@id\":\"https:\\\/\\\/www.ilnotiziario.net\\\/wp\\\/#\\\/schema\\\/person\\\/386e222908f898bb41c033989482bbf2\",\"name\":\"Gabriele Bassani\",\"image\":{\"@type\":\"ImageObject\",\"inLanguage\":\"it-IT\",\"@id\":\"https:\\\/\\\/secure.gravatar.com\\\/avatar\\\/09274f4a84fa97698bde56f84b3afed61c8492d48b0550db9671b68c177479cb?s=96&d=mm&r=g\",\"url\":\"https:\\\/\\\/secure.gravatar.com\\\/avatar\\\/09274f4a84fa97698bde56f84b3afed61c8492d48b0550db9671b68c177479cb?s=96&d=mm&r=g\",\"contentUrl\":\"https:\\\/\\\/secure.gravatar.com\\\/avatar\\\/09274f4a84fa97698bde56f84b3afed61c8492d48b0550db9671b68c177479cb?s=96&d=mm&r=g\",\"caption\":\"Gabriele Bassani\"},\"sameAs\":[\"http:\\\/\\\/www.ilnotiziario.net\"]}]}<\/script>\n<!-- \/ Yoast SEO plugin. -->","yoast_head_json":{"title":"Corte Costituzionale: non pi\u00f9 automatico per il figlio il cognome del padre","description":"Per la Corte Costituzionale non si potr\u00e0 pi\u00f9 assegnare automaticamente al figlio il cognome del padre. La Corte suprema ha stabilito che sono illegittime","robots":{"index":"index","follow":"follow","max-snippet":"max-snippet:-1","max-image-preview":"max-image-preview:large","max-video-preview":"max-video-preview:-1"},"canonical":"https:\/\/www.ilnotiziario.net\/wp\/prima-pagina\/corte-costituzionale-illegittima-figlio-cognome-padre\/","og_locale":"it_IT","og_type":"article","og_title":"Corte Costituzionale: non pi\u00f9 automatico per il figlio il cognome del padre","og_description":"Per la Corte Costituzionale non si potr\u00e0 pi\u00f9 assegnare automaticamente al figlio il cognome del padre. La Corte suprema ha stabilito che sono illegittime","og_url":"https:\/\/www.ilnotiziario.net\/wp\/prima-pagina\/corte-costituzionale-illegittima-figlio-cognome-padre\/","og_site_name":"Il Notiziario","article_publisher":"https:\/\/www.facebook.com\/ilnotiziarioind\/","article_published_time":"2022-04-28T06:24:50+00:00","article_modified_time":"2022-04-28T09:08:21+00:00","og_image":[{"width":1242,"height":872,"url":"https:\/\/www.ilnotiziario.net\/wp\/wp-content\/uploads\/2022\/04\/corte-costituzionale-cognome-figlio.jpg","type":"image\/jpeg"}],"author":"Gabriele Bassani","twitter_card":"summary_large_image","twitter_creator":"@ilNotiziarioInd","twitter_site":"@ilNotiziarioInd","twitter_misc":{"Scritto da":"Gabriele Bassani","Tempo di lettura stimato":"2 minuti"},"schema":{"@context":"https:\/\/schema.org","@graph":[{"@type":"Article","@id":"https:\/\/www.ilnotiziario.net\/wp\/prima-pagina\/corte-costituzionale-illegittima-figlio-cognome-padre\/#article","isPartOf":{"@id":"https:\/\/www.ilnotiziario.net\/wp\/prima-pagina\/corte-costituzionale-illegittima-figlio-cognome-padre\/"},"author":{"name":"Gabriele Bassani","@id":"https:\/\/www.ilnotiziario.net\/wp\/#\/schema\/person\/386e222908f898bb41c033989482bbf2"},"headline":"Corte Costituzionale: non si pu\u00f2 pi\u00f9 assegnare automaticamente al figlio il cognome del padre","datePublished":"2022-04-28T06:24:50+00:00","dateModified":"2022-04-28T09:08:21+00:00","mainEntityOfPage":{"@id":"https:\/\/www.ilnotiziario.net\/wp\/prima-pagina\/corte-costituzionale-illegittima-figlio-cognome-padre\/"},"wordCount":259,"publisher":{"@id":"https:\/\/www.ilnotiziario.net\/wp\/#organization"},"image":{"@id":"https:\/\/www.ilnotiziario.net\/wp\/prima-pagina\/corte-costituzionale-illegittima-figlio-cognome-padre\/#primaryimage"},"thumbnailUrl":"https:\/\/www.ilnotiziario.net\/wp\/wp-content\/uploads\/2022\/04\/corte-costituzionale-cognome-figlio.jpg","keywords":["cognome","corte costituzionale","figlio","padre"],"articleSection":["BUONO A SAPERSI","Prima Pagina"],"inLanguage":"it-IT"},{"@type":"WebPage","@id":"https:\/\/www.ilnotiziario.net\/wp\/prima-pagina\/corte-costituzionale-illegittima-figlio-cognome-padre\/","url":"https:\/\/www.ilnotiziario.net\/wp\/prima-pagina\/corte-costituzionale-illegittima-figlio-cognome-padre\/","name":"Corte Costituzionale: non pi\u00f9 automatico per il figlio il cognome del padre","isPartOf":{"@id":"https:\/\/www.ilnotiziario.net\/wp\/#website"},"primaryImageOfPage":{"@id":"https:\/\/www.ilnotiziario.net\/wp\/prima-pagina\/corte-costituzionale-illegittima-figlio-cognome-padre\/#primaryimage"},"image":{"@id":"https:\/\/www.ilnotiziario.net\/wp\/prima-pagina\/corte-costituzionale-illegittima-figlio-cognome-padre\/#primaryimage"},"thumbnailUrl":"https:\/\/www.ilnotiziario.net\/wp\/wp-content\/uploads\/2022\/04\/corte-costituzionale-cognome-figlio.jpg","datePublished":"2022-04-28T06:24:50+00:00","dateModified":"2022-04-28T09:08:21+00:00","description":"Per la Corte Costituzionale non si potr\u00e0 pi\u00f9 assegnare automaticamente al figlio il cognome del padre. La Corte suprema ha stabilito che sono illegittime","breadcrumb":{"@id":"https:\/\/www.ilnotiziario.net\/wp\/prima-pagina\/corte-costituzionale-illegittima-figlio-cognome-padre\/#breadcrumb"},"inLanguage":"it-IT","potentialAction":[{"@type":"ReadAction","target":["https:\/\/www.ilnotiziario.net\/wp\/prima-pagina\/corte-costituzionale-illegittima-figlio-cognome-padre\/"]}]},{"@type":"ImageObject","inLanguage":"it-IT","@id":"https:\/\/www.ilnotiziario.net\/wp\/prima-pagina\/corte-costituzionale-illegittima-figlio-cognome-padre\/#primaryimage","url":"https:\/\/www.ilnotiziario.net\/wp\/wp-content\/uploads\/2022\/04\/corte-costituzionale-cognome-figlio.jpg","contentUrl":"https:\/\/www.ilnotiziario.net\/wp\/wp-content\/uploads\/2022\/04\/corte-costituzionale-cognome-figlio.jpg","width":1242,"height":872,"caption":"corte costituzionale cognome figlio"},{"@type":"BreadcrumbList","@id":"https:\/\/www.ilnotiziario.net\/wp\/prima-pagina\/corte-costituzionale-illegittima-figlio-cognome-padre\/#breadcrumb","itemListElement":[{"@type":"ListItem","position":1,"name":"tds_text_logo_tagline_colortds_text_logo_tagline_colortds_text_logo_tagline_colortds_text_logo_tagline_colortd_module_7_title_excerpttd_module_7_title_excerpttd_module_7_title_excerpttd_module_7_title_excerptHome","item":"https:\/\/www.ilnotiziario.net\/wp\/"},{"@type":"ListItem","position":2,"name":"Corte Costituzionale: non si pu\u00f2 pi\u00f9 assegnare automaticamente al figlio il cognome del padre"}]},{"@type":"WebSite","@id":"https:\/\/www.ilnotiziario.net\/wp\/#website","url":"https:\/\/www.ilnotiziario.net\/wp\/","name":"Il Notiziario","description":"Per restare sempre connessi alla notizia","publisher":{"@id":"https:\/\/www.ilnotiziario.net\/wp\/#organization"},"alternateName":"Il Notiziario Bollate","potentialAction":[{"@type":"SearchAction","target":{"@type":"EntryPoint","urlTemplate":"https:\/\/www.ilnotiziario.net\/wp\/?s={search_term_string}"},"query-input":{"@type":"PropertyValueSpecification","valueRequired":true,"valueName":"search_term_string"}}],"inLanguage":"it-IT"},{"@type":"Organization","@id":"https:\/\/www.ilnotiziario.net\/wp\/#organization","name":"Il Notiziario","url":"https:\/\/www.ilnotiziario.net\/wp\/","logo":{"@type":"ImageObject","inLanguage":"it-IT","@id":"https:\/\/www.ilnotiziario.net\/wp\/#\/schema\/logo\/image\/","url":"https:\/\/www.ilnotiziario.net\/wp\/wp-content\/uploads\/2022\/06\/170x170ilN.png","contentUrl":"https:\/\/www.ilnotiziario.net\/wp\/wp-content\/uploads\/2022\/06\/170x170ilN.png","width":355,"height":355,"caption":"Il Notiziario"},"image":{"@id":"https:\/\/www.ilnotiziario.net\/wp\/#\/schema\/logo\/image\/"},"sameAs":["https:\/\/www.facebook.com\/ilnotiziarioind\/","https:\/\/x.com\/ilNotiziarioInd","https:\/\/www.instagram.com\/ilnotiziario_settimanale\/"]},{"@type":"Person","@id":"https:\/\/www.ilnotiziario.net\/wp\/#\/schema\/person\/386e222908f898bb41c033989482bbf2","name":"Gabriele Bassani","image":{"@type":"ImageObject","inLanguage":"it-IT","@id":"https:\/\/secure.gravatar.com\/avatar\/09274f4a84fa97698bde56f84b3afed61c8492d48b0550db9671b68c177479cb?s=96&d=mm&r=g","url":"https:\/\/secure.gravatar.com\/avatar\/09274f4a84fa97698bde56f84b3afed61c8492d48b0550db9671b68c177479cb?s=96&d=mm&r=g","contentUrl":"https:\/\/secure.gravatar.com\/avatar\/09274f4a84fa97698bde56f84b3afed61c8492d48b0550db9671b68c177479cb?s=96&d=mm&r=g","caption":"Gabriele Bassani"},"sameAs":["http:\/\/www.ilnotiziario.net"]}]}},"_links":{"self":[{"href":"https:\/\/www.ilnotiziario.net\/wp\/wp-json\/wp\/v2\/posts\/165906","targetHints":{"allow":["GET"]}}],"collection":[{"href":"https:\/\/www.ilnotiziario.net\/wp\/wp-json\/wp\/v2\/posts"}],"about":[{"href":"https:\/\/www.ilnotiziario.net\/wp\/wp-json\/wp\/v2\/types\/post"}],"author":[{"embeddable":true,"href":"https:\/\/www.ilnotiziario.net\/wp\/wp-json\/wp\/v2\/users\/3"}],"replies":[{"embeddable":true,"href":"https:\/\/www.ilnotiziario.net\/wp\/wp-json\/wp\/v2\/comments?post=165906"}],"version-history":[{"count":0,"href":"https:\/\/www.ilnotiziario.net\/wp\/wp-json\/wp\/v2\/posts\/165906\/revisions"}],"wp:featuredmedia":[{"embeddable":true,"href":"https:\/\/www.ilnotiziario.net\/wp\/wp-json\/wp\/v2\/media\/165907"}],"wp:attachment":[{"href":"https:\/\/www.ilnotiziario.net\/wp\/wp-json\/wp\/v2\/media?parent=165906"}],"wp:term":[{"taxonomy":"category","embeddable":true,"href":"https:\/\/www.ilnotiziario.net\/wp\/wp-json\/wp\/v2\/categories?post=165906"},{"taxonomy":"post_tag","embeddable":true,"href":"https:\/\/www.ilnotiziario.net\/wp\/wp-json\/wp\/v2\/tags?post=165906"}],"curies":[{"name":"wp","href":"https:\/\/api.w.org\/{rel}","templated":true}]}}