{"id":166250,"date":"2022-05-07T09:30:06","date_gmt":"2022-05-07T07:30:06","guid":{"rendered":"https:\/\/www.ilnotiziario.net\/wp\/?p=166250"},"modified":"2022-05-07T09:30:06","modified_gmt":"2022-05-07T07:30:06","slug":"torna-la-straceriano-con-la-festa-di-associazioni-sport-e-volontariato","status":"publish","type":"post","link":"https:\/\/www.ilnotiziario.net\/wp\/brianza\/torna-la-straceriano-con-la-festa-di-associazioni-sport-e-volontariato\/","title":{"rendered":"Torna la Straceriano con la festa di associazioni, sport e volontariato"},"content":{"rendered":"<p>Torna la Straceriano che apre una giornata di festa per associazioni sport e volontariato.&nbsp; Festa di Primavera&nbsp; a Ceriano Laghetto con una giornata ricchissima di appuntamenti per tutti nelle vie del centro.<\/p><div id=\"ilnot-2456201731\" class=\"ilnot-contenuto ilnot-entity-placement\"><p><!-- incontent_1 --><\/p>\n<div class=\"gptslot\" data-adunitid=\"1\"><\/div>\n<\/div>\n<p>L\u2019appuntamento \u00e8 per domenica 8 maggio, quando <strong>alle 8,30 in piazza Diaz partir\u00e0 la XXVI edizione della Straceriano. <\/strong><\/p>\n<p>La Straceriano \u00e8 una manifestazione podistica non competitiva organizzata dalla Pro Loco, che propone percorsi di 6, 12 o 21 km da affrontare a passo libero: in palio il <strong>Trofeo il notiziario<\/strong> per gruppi pi\u00f9 numerosi e concorrenti pi\u00f9 giovani e pi\u00f9 anziani.<\/p><div id=\"ilnot-3457690656\" class=\"ilnot-contenuto_2 ilnot-entity-placement\"><div class=\"ads-wrapper\">\n<div class=\"ad-slot\">\n   <div id=\"ilnot-1677461476\" style=\"margin-right: auto;margin-left: auto;text-align: center;width: 320px;height: 100px;\"><a href=\"https:\/\/www.scuolasicurezza.it\/\"><img decoding=\"async\" src=\"https:\/\/www.ilnotiziario.net\/wp\/wp-content\/uploads\/2026\/04\/IlNotiziario_banner-sito-e-newsletter-320-x-100-px-1.gif\" alt=\"\"><\/a><\/div>\n  <\/div>\n<div class=\"ad-slot\">\n   <div id=\"ilnot-989950701\" style=\"margin-right: auto;margin-left: auto;text-align: center;width: 320px;height: 100px;\"><a href=\"https:\/\/purodesignarredamenti.com\/\"><img decoding=\"async\" src=\"https:\/\/www.ilnotiziario.net\/wp\/wp-content\/uploads\/2026\/04\/banner-puro-ok.gif\" alt=\"whatsapp\"><\/a><\/div><\/p><\/div>\n<\/div>\n<\/div>\n<h2>Dopo la Straceriano festa in piazza con associazioni mercatini e volontariato&nbsp;<\/h2>\n<p>Dalle 10 alle 19 ci saranno mercatini di hobbistica, artigianato, arte, sapori, piante e fiori. Nel corso della giornata diversi appuntamenti: alle 10,30 il laboratorio floreale in Biblioteca, dalle 11 in Arengario esibizioni dei ragazzi dei corsi civici musicali de \u201cLa citt\u00e0 sonora\u201d. Alle 16 in piazza Diaz la consegna delle borse di studio cerianesi.<\/p>\n<p>Alle 17,30 in sala consigliare il progetto Upsalute con Giorgia Colombo di Telelombardia. In piazza Lombardia ci sar\u00e0 inolte l\u2019esposizione di auto, moto e Vespa d\u2019epoca, oltre ad una mostra di dipinti. Nel pomeriggio altri laboratori creativi sia per i bambini che per i pi\u00f9 grandicelli.<\/p>\n<h2>Ceriano, festa in piazza con esposizioni e street food&nbsp;<\/h2>\n<p>Nel Giardinone ci sar\u00e0 l\u2019opportunit\u00e0 del \u201cbattesimo della sella\u201d e ci saranno inoltre gonfiabili, bolle d\u2019acqua, trenino e altre attrazione. Saranno presenti anche falconieri e rapaci. Nel piazzale Martiri di Odessa ci saranno anche esposizioni e prove di Quod e driabike. Saranno attivi diversi punti ristoro, dalla griglieria allo street food.<\/p><div id=\"ilnot-2195003992\" class=\"ilnot-contenuto_2-2 ilnot-entity-placement\"><div class=\"gptslot\" data-adunitid=\"2\"><\/div>\n<\/div>\n<p>Nel pomeriggio poi, prender\u00e0 il via la festa del Volontariato, delle associazioni e dello sport con la piazza Diaz trasformata in una serie di campi da gioco per esibizioni di basket e voley, l\u2019allestimento di gazebo per le dimostrazioni, partite di scacchi, esposizioni.<\/p>\n<p>Tra le curiosit\u00e0 <strong>ci sar\u00e0 la presenza del club Yamaha Rd series,<\/strong> l\u2019esposizione dei modelli della storica casa motociclistica F.B. Mondial, la presenza di Ilaria Zogno, campionessa italiana body building e di Gaia Stucchi, istruttrice di scacchi, delegata provinciale.<\/p>\n<p>Sfoglia l&#8217;edizione settimanale del notiziario anche su Pc, smartphone e tablet direttamente dal nostro sito <a href=\"http:\/\/edicola.ilnotiziario.net\"><strong>edicola.ilnotiziario.net&nbsp;<\/strong><\/a><\/p><div id=\"ilnot-921538695\" class=\"ilnot-contenuto_2-2-2 ilnot-entity-placement\"><div class=\"gptslot\" data-adunitid=\"3\"><\/div>\n<\/div>\n","protected":false},"excerpt":{"rendered":"<p>Torna la Straceriano che apre una giornata di festa per associazioni sport e volontariato.&nbsp; Festa di Primavera&nbsp; a Ceriano Laghetto con una giornata ricchissima di appuntamenti per tutti nelle vie del centro. L\u2019appuntamento \u00e8 per domenica 8 maggio, quando alle 8,30 in piazza Diaz partir\u00e0 la XXVI edizione della Straceriano. La Straceriano \u00e8 una manifestazione<\/p>\n","protected":false},"author":3,"featured_media":166251,"comment_status":"closed","ping_status":"closed","sticky":false,"template":"","format":"standard","meta":{"footnotes":""},"categories":[277,9,20,13],"tags":[856,130,463,1232],"class_list":{"0":"post-166250","1":"post","2":"type-post","3":"status-publish","4":"format-standard","5":"has-post-thumbnail","7":"category-appuntamenti-della-settimana","8":"category-brianza","9":"category-prima-pagina","10":"category-saronnese","11":"tag-ceriano-laghetto","12":"tag-festa","13":"tag-piazza","14":"tag-straceriano"},"yoast_head":"<!-- This site is optimized with the Yoast SEO plugin v27.4 - https:\/\/yoast.com\/product\/yoast-seo-wordpress\/ -->\n<title>Torna la Straceriano con la festa di associazioni, sport e volontariato - Il Notiziario<\/title>\n<meta name=\"description\" content=\"Torna la Straceriano che apre una giornata di festa per associazioni sport e volontariato.&nbsp; Festa di Primavera&nbsp; a Ceriano Laghetto con una\" \/>\n<meta name=\"robots\" content=\"index, follow, max-snippet:-1, max-image-preview:large, max-video-preview:-1\" \/>\n<link rel=\"canonical\" href=\"https:\/\/www.ilnotiziario.net\/wp\/brianza\/torna-la-straceriano-con-la-festa-di-associazioni-sport-e-volontariato\/\" \/>\n<meta property=\"og:locale\" content=\"it_IT\" \/>\n<meta property=\"og:type\" content=\"article\" \/>\n<meta property=\"og:title\" content=\"Torna la Straceriano con la festa di associazioni, sport e volontariato - Il Notiziario\" \/>\n<meta property=\"og:description\" content=\"Torna la Straceriano che apre una giornata di festa per associazioni sport e volontariato.&nbsp; Festa di Primavera&nbsp; a Ceriano Laghetto con una\" \/>\n<meta property=\"og:url\" content=\"https:\/\/www.ilnotiziario.net\/wp\/brianza\/torna-la-straceriano-con-la-festa-di-associazioni-sport-e-volontariato\/\" \/>\n<meta property=\"og:site_name\" content=\"Il Notiziario\" \/>\n<meta property=\"article:publisher\" content=\"https:\/\/www.facebook.com\/ilnotiziarioind\/\" \/>\n<meta property=\"article:published_time\" content=\"2022-05-07T07:30:06+00:00\" \/>\n<meta property=\"og:image\" content=\"https:\/\/www.ilnotiziario.net\/wp\/wp-content\/uploads\/2022\/05\/Straceriano-partenza.jpg\" \/>\n\t<meta property=\"og:image:width\" content=\"2087\" \/>\n\t<meta property=\"og:image:height\" content=\"967\" \/>\n\t<meta property=\"og:image:type\" content=\"image\/jpeg\" \/>\n<meta name=\"author\" content=\"Gabriele Bassani\" \/>\n<meta name=\"twitter:card\" content=\"summary_large_image\" \/>\n<meta name=\"twitter:creator\" content=\"@ilNotiziarioInd\" \/>\n<meta name=\"twitter:site\" content=\"@ilNotiziarioInd\" \/>\n<meta name=\"twitter:label1\" content=\"Scritto da\" \/>\n\t<meta name=\"twitter:data1\" content=\"Gabriele Bassani\" \/>\n\t<meta name=\"twitter:label2\" content=\"Tempo di lettura stimato\" \/>\n\t<meta name=\"twitter:data2\" content=\"2 minuti\" \/>\n<script type=\"application\/ld+json\" class=\"yoast-schema-graph\">{\"@context\":\"https:\\\/\\\/schema.org\",\"@graph\":[{\"@type\":\"Article\",\"@id\":\"https:\\\/\\\/www.ilnotiziario.net\\\/wp\\\/brianza\\\/torna-la-straceriano-con-la-festa-di-associazioni-sport-e-volontariato\\\/#article\",\"isPartOf\":{\"@id\":\"https:\\\/\\\/www.ilnotiziario.net\\\/wp\\\/brianza\\\/torna-la-straceriano-con-la-festa-di-associazioni-sport-e-volontariato\\\/\"},\"author\":{\"name\":\"Gabriele Bassani\",\"@id\":\"https:\\\/\\\/www.ilnotiziario.net\\\/wp\\\/#\\\/schema\\\/person\\\/386e222908f898bb41c033989482bbf2\"},\"headline\":\"Torna la Straceriano con la festa di associazioni, sport e volontariato\",\"datePublished\":\"2022-05-07T07:30:06+00:00\",\"mainEntityOfPage\":{\"@id\":\"https:\\\/\\\/www.ilnotiziario.net\\\/wp\\\/brianza\\\/torna-la-straceriano-con-la-festa-di-associazioni-sport-e-volontariato\\\/\"},\"wordCount\":377,\"publisher\":{\"@id\":\"https:\\\/\\\/www.ilnotiziario.net\\\/wp\\\/#organization\"},\"image\":{\"@id\":\"https:\\\/\\\/www.ilnotiziario.net\\\/wp\\\/brianza\\\/torna-la-straceriano-con-la-festa-di-associazioni-sport-e-volontariato\\\/#primaryimage\"},\"thumbnailUrl\":\"https:\\\/\\\/www.ilnotiziario.net\\\/wp\\\/wp-content\\\/uploads\\\/2022\\\/05\\\/Straceriano-partenza.jpg\",\"keywords\":[\"Ceriano Laghetto\",\"festa\",\"piazza\",\"Straceriano\"],\"articleSection\":[\"APPUNTAMENTI\",\"BRIANZA\",\"Prima Pagina\",\"SARONNESE\"],\"inLanguage\":\"it-IT\"},{\"@type\":\"WebPage\",\"@id\":\"https:\\\/\\\/www.ilnotiziario.net\\\/wp\\\/brianza\\\/torna-la-straceriano-con-la-festa-di-associazioni-sport-e-volontariato\\\/\",\"url\":\"https:\\\/\\\/www.ilnotiziario.net\\\/wp\\\/brianza\\\/torna-la-straceriano-con-la-festa-di-associazioni-sport-e-volontariato\\\/\",\"name\":\"Torna la Straceriano con la festa di associazioni, sport e volontariato - Il Notiziario\",\"isPartOf\":{\"@id\":\"https:\\\/\\\/www.ilnotiziario.net\\\/wp\\\/#website\"},\"primaryImageOfPage\":{\"@id\":\"https:\\\/\\\/www.ilnotiziario.net\\\/wp\\\/brianza\\\/torna-la-straceriano-con-la-festa-di-associazioni-sport-e-volontariato\\\/#primaryimage\"},\"image\":{\"@id\":\"https:\\\/\\\/www.ilnotiziario.net\\\/wp\\\/brianza\\\/torna-la-straceriano-con-la-festa-di-associazioni-sport-e-volontariato\\\/#primaryimage\"},\"thumbnailUrl\":\"https:\\\/\\\/www.ilnotiziario.net\\\/wp\\\/wp-content\\\/uploads\\\/2022\\\/05\\\/Straceriano-partenza.jpg\",\"datePublished\":\"2022-05-07T07:30:06+00:00\",\"description\":\"Torna la Straceriano che apre una giornata di festa per associazioni sport e volontariato.&nbsp; Festa di Primavera&nbsp; a Ceriano Laghetto con una\",\"breadcrumb\":{\"@id\":\"https:\\\/\\\/www.ilnotiziario.net\\\/wp\\\/brianza\\\/torna-la-straceriano-con-la-festa-di-associazioni-sport-e-volontariato\\\/#breadcrumb\"},\"inLanguage\":\"it-IT\",\"potentialAction\":[{\"@type\":\"ReadAction\",\"target\":[\"https:\\\/\\\/www.ilnotiziario.net\\\/wp\\\/brianza\\\/torna-la-straceriano-con-la-festa-di-associazioni-sport-e-volontariato\\\/\"]}]},{\"@type\":\"ImageObject\",\"inLanguage\":\"it-IT\",\"@id\":\"https:\\\/\\\/www.ilnotiziario.net\\\/wp\\\/brianza\\\/torna-la-straceriano-con-la-festa-di-associazioni-sport-e-volontariato\\\/#primaryimage\",\"url\":\"https:\\\/\\\/www.ilnotiziario.net\\\/wp\\\/wp-content\\\/uploads\\\/2022\\\/05\\\/Straceriano-partenza.jpg\",\"contentUrl\":\"https:\\\/\\\/www.ilnotiziario.net\\\/wp\\\/wp-content\\\/uploads\\\/2022\\\/05\\\/Straceriano-partenza.jpg\",\"width\":2087,\"height\":967,\"caption\":\"straceriano festa volontariato\"},{\"@type\":\"BreadcrumbList\",\"@id\":\"https:\\\/\\\/www.ilnotiziario.net\\\/wp\\\/brianza\\\/torna-la-straceriano-con-la-festa-di-associazioni-sport-e-volontariato\\\/#breadcrumb\",\"itemListElement\":[{\"@type\":\"ListItem\",\"position\":1,\"name\":\"tds_text_logo_tagline_colortds_text_logo_tagline_colortds_text_logo_tagline_colortds_text_logo_tagline_colortd_module_7_title_excerpttd_module_7_title_excerpttd_module_7_title_excerpttd_module_7_title_excerptHome\",\"item\":\"https:\\\/\\\/www.ilnotiziario.net\\\/wp\\\/\"},{\"@type\":\"ListItem\",\"position\":2,\"name\":\"Torna la Straceriano con la festa di associazioni, sport e volontariato\"}]},{\"@type\":\"WebSite\",\"@id\":\"https:\\\/\\\/www.ilnotiziario.net\\\/wp\\\/#website\",\"url\":\"https:\\\/\\\/www.ilnotiziario.net\\\/wp\\\/\",\"name\":\"Il Notiziario\",\"description\":\"Per restare sempre connessi alla notizia\",\"publisher\":{\"@id\":\"https:\\\/\\\/www.ilnotiziario.net\\\/wp\\\/#organization\"},\"alternateName\":\"Il Notiziario Bollate\",\"potentialAction\":[{\"@type\":\"SearchAction\",\"target\":{\"@type\":\"EntryPoint\",\"urlTemplate\":\"https:\\\/\\\/www.ilnotiziario.net\\\/wp\\\/?s={search_term_string}\"},\"query-input\":{\"@type\":\"PropertyValueSpecification\",\"valueRequired\":true,\"valueName\":\"search_term_string\"}}],\"inLanguage\":\"it-IT\"},{\"@type\":\"Organization\",\"@id\":\"https:\\\/\\\/www.ilnotiziario.net\\\/wp\\\/#organization\",\"name\":\"Il Notiziario\",\"url\":\"https:\\\/\\\/www.ilnotiziario.net\\\/wp\\\/\",\"logo\":{\"@type\":\"ImageObject\",\"inLanguage\":\"it-IT\",\"@id\":\"https:\\\/\\\/www.ilnotiziario.net\\\/wp\\\/#\\\/schema\\\/logo\\\/image\\\/\",\"url\":\"https:\\\/\\\/www.ilnotiziario.net\\\/wp\\\/wp-content\\\/uploads\\\/2022\\\/06\\\/170x170ilN.png\",\"contentUrl\":\"https:\\\/\\\/www.ilnotiziario.net\\\/wp\\\/wp-content\\\/uploads\\\/2022\\\/06\\\/170x170ilN.png\",\"width\":355,\"height\":355,\"caption\":\"Il Notiziario\"},\"image\":{\"@id\":\"https:\\\/\\\/www.ilnotiziario.net\\\/wp\\\/#\\\/schema\\\/logo\\\/image\\\/\"},\"sameAs\":[\"https:\\\/\\\/www.facebook.com\\\/ilnotiziarioind\\\/\",\"https:\\\/\\\/x.com\\\/ilNotiziarioInd\",\"https:\\\/\\\/www.instagram.com\\\/ilnotiziario_settimanale\\\/\"]},{\"@type\":\"Person\",\"@id\":\"https:\\\/\\\/www.ilnotiziario.net\\\/wp\\\/#\\\/schema\\\/person\\\/386e222908f898bb41c033989482bbf2\",\"name\":\"Gabriele Bassani\",\"image\":{\"@type\":\"ImageObject\",\"inLanguage\":\"it-IT\",\"@id\":\"https:\\\/\\\/secure.gravatar.com\\\/avatar\\\/09274f4a84fa97698bde56f84b3afed61c8492d48b0550db9671b68c177479cb?s=96&d=mm&r=g\",\"url\":\"https:\\\/\\\/secure.gravatar.com\\\/avatar\\\/09274f4a84fa97698bde56f84b3afed61c8492d48b0550db9671b68c177479cb?s=96&d=mm&r=g\",\"contentUrl\":\"https:\\\/\\\/secure.gravatar.com\\\/avatar\\\/09274f4a84fa97698bde56f84b3afed61c8492d48b0550db9671b68c177479cb?s=96&d=mm&r=g\",\"caption\":\"Gabriele Bassani\"},\"sameAs\":[\"http:\\\/\\\/www.ilnotiziario.net\"]}]}<\/script>\n<!-- \/ Yoast SEO plugin. -->","yoast_head_json":{"title":"Torna la Straceriano con la festa di associazioni, sport e volontariato - Il Notiziario","description":"Torna la Straceriano che apre una giornata di festa per associazioni sport e volontariato.&nbsp; Festa di Primavera&nbsp; a Ceriano Laghetto con una","robots":{"index":"index","follow":"follow","max-snippet":"max-snippet:-1","max-image-preview":"max-image-preview:large","max-video-preview":"max-video-preview:-1"},"canonical":"https:\/\/www.ilnotiziario.net\/wp\/brianza\/torna-la-straceriano-con-la-festa-di-associazioni-sport-e-volontariato\/","og_locale":"it_IT","og_type":"article","og_title":"Torna la Straceriano con la festa di associazioni, sport e volontariato - Il Notiziario","og_description":"Torna la Straceriano che apre una giornata di festa per associazioni sport e volontariato.&nbsp; Festa di Primavera&nbsp; a Ceriano Laghetto con una","og_url":"https:\/\/www.ilnotiziario.net\/wp\/brianza\/torna-la-straceriano-con-la-festa-di-associazioni-sport-e-volontariato\/","og_site_name":"Il Notiziario","article_publisher":"https:\/\/www.facebook.com\/ilnotiziarioind\/","article_published_time":"2022-05-07T07:30:06+00:00","og_image":[{"width":2087,"height":967,"url":"https:\/\/www.ilnotiziario.net\/wp\/wp-content\/uploads\/2022\/05\/Straceriano-partenza.jpg","type":"image\/jpeg"}],"author":"Gabriele Bassani","twitter_card":"summary_large_image","twitter_creator":"@ilNotiziarioInd","twitter_site":"@ilNotiziarioInd","twitter_misc":{"Scritto da":"Gabriele Bassani","Tempo di lettura stimato":"2 minuti"},"schema":{"@context":"https:\/\/schema.org","@graph":[{"@type":"Article","@id":"https:\/\/www.ilnotiziario.net\/wp\/brianza\/torna-la-straceriano-con-la-festa-di-associazioni-sport-e-volontariato\/#article","isPartOf":{"@id":"https:\/\/www.ilnotiziario.net\/wp\/brianza\/torna-la-straceriano-con-la-festa-di-associazioni-sport-e-volontariato\/"},"author":{"name":"Gabriele Bassani","@id":"https:\/\/www.ilnotiziario.net\/wp\/#\/schema\/person\/386e222908f898bb41c033989482bbf2"},"headline":"Torna la Straceriano con la festa di associazioni, sport e volontariato","datePublished":"2022-05-07T07:30:06+00:00","mainEntityOfPage":{"@id":"https:\/\/www.ilnotiziario.net\/wp\/brianza\/torna-la-straceriano-con-la-festa-di-associazioni-sport-e-volontariato\/"},"wordCount":377,"publisher":{"@id":"https:\/\/www.ilnotiziario.net\/wp\/#organization"},"image":{"@id":"https:\/\/www.ilnotiziario.net\/wp\/brianza\/torna-la-straceriano-con-la-festa-di-associazioni-sport-e-volontariato\/#primaryimage"},"thumbnailUrl":"https:\/\/www.ilnotiziario.net\/wp\/wp-content\/uploads\/2022\/05\/Straceriano-partenza.jpg","keywords":["Ceriano Laghetto","festa","piazza","Straceriano"],"articleSection":["APPUNTAMENTI","BRIANZA","Prima Pagina","SARONNESE"],"inLanguage":"it-IT"},{"@type":"WebPage","@id":"https:\/\/www.ilnotiziario.net\/wp\/brianza\/torna-la-straceriano-con-la-festa-di-associazioni-sport-e-volontariato\/","url":"https:\/\/www.ilnotiziario.net\/wp\/brianza\/torna-la-straceriano-con-la-festa-di-associazioni-sport-e-volontariato\/","name":"Torna la Straceriano con la festa di associazioni, sport e volontariato - Il Notiziario","isPartOf":{"@id":"https:\/\/www.ilnotiziario.net\/wp\/#website"},"primaryImageOfPage":{"@id":"https:\/\/www.ilnotiziario.net\/wp\/brianza\/torna-la-straceriano-con-la-festa-di-associazioni-sport-e-volontariato\/#primaryimage"},"image":{"@id":"https:\/\/www.ilnotiziario.net\/wp\/brianza\/torna-la-straceriano-con-la-festa-di-associazioni-sport-e-volontariato\/#primaryimage"},"thumbnailUrl":"https:\/\/www.ilnotiziario.net\/wp\/wp-content\/uploads\/2022\/05\/Straceriano-partenza.jpg","datePublished":"2022-05-07T07:30:06+00:00","description":"Torna la Straceriano che apre una giornata di festa per associazioni sport e volontariato.&nbsp; Festa di Primavera&nbsp; a Ceriano Laghetto con una","breadcrumb":{"@id":"https:\/\/www.ilnotiziario.net\/wp\/brianza\/torna-la-straceriano-con-la-festa-di-associazioni-sport-e-volontariato\/#breadcrumb"},"inLanguage":"it-IT","potentialAction":[{"@type":"ReadAction","target":["https:\/\/www.ilnotiziario.net\/wp\/brianza\/torna-la-straceriano-con-la-festa-di-associazioni-sport-e-volontariato\/"]}]},{"@type":"ImageObject","inLanguage":"it-IT","@id":"https:\/\/www.ilnotiziario.net\/wp\/brianza\/torna-la-straceriano-con-la-festa-di-associazioni-sport-e-volontariato\/#primaryimage","url":"https:\/\/www.ilnotiziario.net\/wp\/wp-content\/uploads\/2022\/05\/Straceriano-partenza.jpg","contentUrl":"https:\/\/www.ilnotiziario.net\/wp\/wp-content\/uploads\/2022\/05\/Straceriano-partenza.jpg","width":2087,"height":967,"caption":"straceriano festa volontariato"},{"@type":"BreadcrumbList","@id":"https:\/\/www.ilnotiziario.net\/wp\/brianza\/torna-la-straceriano-con-la-festa-di-associazioni-sport-e-volontariato\/#breadcrumb","itemListElement":[{"@type":"ListItem","position":1,"name":"tds_text_logo_tagline_colortds_text_logo_tagline_colortds_text_logo_tagline_colortds_text_logo_tagline_colortd_module_7_title_excerpttd_module_7_title_excerpttd_module_7_title_excerpttd_module_7_title_excerptHome","item":"https:\/\/www.ilnotiziario.net\/wp\/"},{"@type":"ListItem","position":2,"name":"Torna la Straceriano con la festa di associazioni, sport e volontariato"}]},{"@type":"WebSite","@id":"https:\/\/www.ilnotiziario.net\/wp\/#website","url":"https:\/\/www.ilnotiziario.net\/wp\/","name":"Il Notiziario","description":"Per restare sempre connessi alla notizia","publisher":{"@id":"https:\/\/www.ilnotiziario.net\/wp\/#organization"},"alternateName":"Il Notiziario Bollate","potentialAction":[{"@type":"SearchAction","target":{"@type":"EntryPoint","urlTemplate":"https:\/\/www.ilnotiziario.net\/wp\/?s={search_term_string}"},"query-input":{"@type":"PropertyValueSpecification","valueRequired":true,"valueName":"search_term_string"}}],"inLanguage":"it-IT"},{"@type":"Organization","@id":"https:\/\/www.ilnotiziario.net\/wp\/#organization","name":"Il Notiziario","url":"https:\/\/www.ilnotiziario.net\/wp\/","logo":{"@type":"ImageObject","inLanguage":"it-IT","@id":"https:\/\/www.ilnotiziario.net\/wp\/#\/schema\/logo\/image\/","url":"https:\/\/www.ilnotiziario.net\/wp\/wp-content\/uploads\/2022\/06\/170x170ilN.png","contentUrl":"https:\/\/www.ilnotiziario.net\/wp\/wp-content\/uploads\/2022\/06\/170x170ilN.png","width":355,"height":355,"caption":"Il Notiziario"},"image":{"@id":"https:\/\/www.ilnotiziario.net\/wp\/#\/schema\/logo\/image\/"},"sameAs":["https:\/\/www.facebook.com\/ilnotiziarioind\/","https:\/\/x.com\/ilNotiziarioInd","https:\/\/www.instagram.com\/ilnotiziario_settimanale\/"]},{"@type":"Person","@id":"https:\/\/www.ilnotiziario.net\/wp\/#\/schema\/person\/386e222908f898bb41c033989482bbf2","name":"Gabriele Bassani","image":{"@type":"ImageObject","inLanguage":"it-IT","@id":"https:\/\/secure.gravatar.com\/avatar\/09274f4a84fa97698bde56f84b3afed61c8492d48b0550db9671b68c177479cb?s=96&d=mm&r=g","url":"https:\/\/secure.gravatar.com\/avatar\/09274f4a84fa97698bde56f84b3afed61c8492d48b0550db9671b68c177479cb?s=96&d=mm&r=g","contentUrl":"https:\/\/secure.gravatar.com\/avatar\/09274f4a84fa97698bde56f84b3afed61c8492d48b0550db9671b68c177479cb?s=96&d=mm&r=g","caption":"Gabriele Bassani"},"sameAs":["http:\/\/www.ilnotiziario.net"]}]}},"_links":{"self":[{"href":"https:\/\/www.ilnotiziario.net\/wp\/wp-json\/wp\/v2\/posts\/166250","targetHints":{"allow":["GET"]}}],"collection":[{"href":"https:\/\/www.ilnotiziario.net\/wp\/wp-json\/wp\/v2\/posts"}],"about":[{"href":"https:\/\/www.ilnotiziario.net\/wp\/wp-json\/wp\/v2\/types\/post"}],"author":[{"embeddable":true,"href":"https:\/\/www.ilnotiziario.net\/wp\/wp-json\/wp\/v2\/users\/3"}],"replies":[{"embeddable":true,"href":"https:\/\/www.ilnotiziario.net\/wp\/wp-json\/wp\/v2\/comments?post=166250"}],"version-history":[{"count":0,"href":"https:\/\/www.ilnotiziario.net\/wp\/wp-json\/wp\/v2\/posts\/166250\/revisions"}],"wp:featuredmedia":[{"embeddable":true,"href":"https:\/\/www.ilnotiziario.net\/wp\/wp-json\/wp\/v2\/media\/166251"}],"wp:attachment":[{"href":"https:\/\/www.ilnotiziario.net\/wp\/wp-json\/wp\/v2\/media?parent=166250"}],"wp:term":[{"taxonomy":"category","embeddable":true,"href":"https:\/\/www.ilnotiziario.net\/wp\/wp-json\/wp\/v2\/categories?post=166250"},{"taxonomy":"post_tag","embeddable":true,"href":"https:\/\/www.ilnotiziario.net\/wp\/wp-json\/wp\/v2\/tags?post=166250"}],"curies":[{"name":"wp","href":"https:\/\/api.w.org\/{rel}","templated":true}]}}