{"id":166991,"date":"2022-05-31T15:24:54","date_gmt":"2022-05-31T13:24:54","guid":{"rendered":"https:\/\/www.ilnotiziario.net\/wp\/?p=166991"},"modified":"2022-05-31T15:24:54","modified_gmt":"2022-05-31T13:24:54","slug":"inseguimento-speronamenti-valassina-arrestato-un-fuggitivo","status":"publish","type":"post","link":"https:\/\/www.ilnotiziario.net\/wp\/prima-pagina\/inseguimento-speronamenti-valassina-arrestato-un-fuggitivo\/","title":{"rendered":"Inseguimento e speronamenti sulla Valassina, arrestato un fuggitivo | FOTO"},"content":{"rendered":"<p>Inseguimento e speronamenti oggi a mezzogiorno sulla Valassina, dove i carabinieri sono riusciti a bloccare un\u2019auto in fuga e ad arrestare il conducente.<\/p><div id=\"ilnot-787836558\" class=\"ilnot-contenuto ilnot-entity-placement\"><p><!-- incontent_1 --><\/p>\n<div class=\"gptslot\" data-adunitid=\"1\"><\/div>\n<\/div>\n<p>Tutto \u00e8 cominciato alle 12,15 di oggi, marted\u00ec 31 maggio, quando un<strong>a pattuglia di carabinieri della stazione di Giussano<\/strong> si \u00e8 vista venire incontro una Bme Serie 1.<\/p>\n<p>L\u2019auto dei carabinieri percorreva via XXIV maggio di Briosco quando la Bmw che scendeva da Inverigo li ha puntati invadendo il senso di marcia della vettura dell\u2019Arma.<\/p><div id=\"ilnot-1852797888\" class=\"ilnot-contenuto_2 ilnot-entity-placement\"><div class=\"ads-wrapper\">\n<div class=\"ad-slot\">\n   <div id=\"ilnot-3905252038\" style=\"margin-right: auto;margin-left: auto;text-align: center;width: 320px;height: 100px;\"><a href=\"https:\/\/www.scuolasicurezza.it\/\"><img decoding=\"async\" src=\"https:\/\/www.ilnotiziario.net\/wp\/wp-content\/uploads\/2026\/04\/IlNotiziario_banner-sito-e-newsletter-320-x-100-px-1.gif\" alt=\"\"><\/a><\/div>\n  <\/div>\n<div class=\"ad-slot\">\n   <div id=\"ilnot-1229868893\" style=\"margin-right: auto;margin-left: auto;text-align: center;width: 320px;height: 100px;\"><a href=\"https:\/\/purodesignarredamenti.com\/\"><img decoding=\"async\" src=\"https:\/\/www.ilnotiziario.net\/wp\/wp-content\/uploads\/2026\/04\/banner-puro-ok.gif\" alt=\"whatsapp\"><\/a><\/div><\/p><\/div>\n<\/div>\n<\/div>\n<h2>I carabinieri all&#8217;inseguimento sulla Valassina in direzione Milano&nbsp;<\/h2>\n<p>Il militare alla guida ha sterzato all\u2019improvviso per evitare l\u2019impatto.<\/p>\n<p>A quel punto \u00e8 scattato l\u2019inseguimento con l\u2019autovettura militare che ha invertito il senso di marcia e <strong>ha attivato sirena e lampeggianti per rincorrere i malviventi, datisi alla fuga a forte velocit\u00e0.<\/strong><\/p>\n<p>Imboccata la SS36 Valassina in direzione Milano, giunti all\u2019altezza dell\u2019uscita della fraz. Fornaci di Briosco, la Bmw ha speronato la fiancata destra della Subaru dell\u2019Arma.<\/p><div id=\"ilnot-784342421\" class=\"ilnot-contenuto_2-2 ilnot-entity-placement\"><div class=\"gptslot\" data-adunitid=\"2\"><\/div>\n<\/div>\n<p>Ma la pattuglia imperterrita, ha continuato l\u2019inseguimento.<\/p>\n<p>I fuggiaschi vistisi nuovamente affiancati, con i militari che erano nuovamente a loro ridosso, hanno nuovamente speronato, quadra volta con maggiore violenza, il mezzo militare.<\/p>\n<h2>Fuga a piedi dopo l&#8217;inseguimento in Valassina&nbsp;<\/h2>\n<p><strong>A causa dell\u2019urto, nella Bmw si sono attivati gli airbags<\/strong> costringendo i malviventi a interrompere la marcia mentre l\u2019auto dei carabinieri gli aveva bloccato la strada.<\/p><div id=\"ilnot-804735927\" class=\"ilnot-contenuto_2-2-2 ilnot-entity-placement\"><div class=\"gptslot\" data-adunitid=\"3\"><\/div>\n<\/div>\n<div id='gallery-1' class='gallery galleryid-166991 gallery-columns-3 gallery-size-large'><figure class='gallery-item'>\n\t\t\t<div class='gallery-icon landscape'>\n\t\t\t\t<a href='https:\/\/www.ilnotiziario.net\/wp\/prima-pagina\/inseguimento-speronamenti-valassina-arrestato-un-fuggitivo\/attachment\/carabinieri-inseguimento-1\/'><img fetchpriority=\"high\" decoding=\"async\" width=\"765\" height=\"541\" src=\"https:\/\/www.ilnotiziario.net\/wp\/wp-content\/uploads\/2022\/05\/Carabinieri-inseguimento-1.jpg\" class=\"attachment-large size-large\" alt=\"\" srcset=\"https:\/\/www.ilnotiziario.net\/wp\/wp-content\/uploads\/2022\/05\/Carabinieri-inseguimento-1.jpg 1024w, https:\/\/www.ilnotiziario.net\/wp\/wp-content\/uploads\/2022\/05\/Carabinieri-inseguimento-1-300x212.jpg 300w, https:\/\/www.ilnotiziario.net\/wp\/wp-content\/uploads\/2022\/05\/Carabinieri-inseguimento-1-768x543.jpg 768w, https:\/\/www.ilnotiziario.net\/wp\/wp-content\/uploads\/2022\/05\/Carabinieri-inseguimento-1-150x106.jpg 150w, https:\/\/www.ilnotiziario.net\/wp\/wp-content\/uploads\/2022\/05\/Carabinieri-inseguimento-1-450x318.jpg 450w\" sizes=\"(max-width: 765px) 100vw, 765px\" \/><\/a>\n\t\t\t<\/div><\/figure><figure class='gallery-item'>\n\t\t\t<div class='gallery-icon landscape'>\n\t\t\t\t<a href='https:\/\/www.ilnotiziario.net\/wp\/prima-pagina\/inseguimento-speronamenti-valassina-arrestato-un-fuggitivo\/attachment\/carabinieri-inseguimento-2\/'><img decoding=\"async\" width=\"765\" height=\"547\" src=\"https:\/\/www.ilnotiziario.net\/wp\/wp-content\/uploads\/2022\/05\/Carabinieri-Inseguimento-2.jpg\" class=\"attachment-large size-large\" alt=\"\" srcset=\"https:\/\/www.ilnotiziario.net\/wp\/wp-content\/uploads\/2022\/05\/Carabinieri-Inseguimento-2.jpg 1024w, https:\/\/www.ilnotiziario.net\/wp\/wp-content\/uploads\/2022\/05\/Carabinieri-Inseguimento-2-300x214.jpg 300w, https:\/\/www.ilnotiziario.net\/wp\/wp-content\/uploads\/2022\/05\/Carabinieri-Inseguimento-2-768x549.jpg 768w, https:\/\/www.ilnotiziario.net\/wp\/wp-content\/uploads\/2022\/05\/Carabinieri-Inseguimento-2-150x107.jpg 150w, https:\/\/www.ilnotiziario.net\/wp\/wp-content\/uploads\/2022\/05\/Carabinieri-Inseguimento-2-450x322.jpg 450w\" sizes=\"(max-width: 765px) 100vw, 765px\" \/><\/a>\n\t\t\t<\/div><\/figure><figure class='gallery-item'>\n\t\t\t<div class='gallery-icon landscape'>\n\t\t\t\t<a href='https:\/\/www.ilnotiziario.net\/wp\/prima-pagina\/inseguimento-speronamenti-valassina-arrestato-un-fuggitivo\/attachment\/carabinieri-insegumento-3\/'><img decoding=\"async\" width=\"765\" height=\"547\" src=\"https:\/\/www.ilnotiziario.net\/wp\/wp-content\/uploads\/2022\/05\/Carabinieri-Insegumento-3.jpg\" class=\"attachment-large size-large\" alt=\"carabinieri inseguimento\" srcset=\"https:\/\/www.ilnotiziario.net\/wp\/wp-content\/uploads\/2022\/05\/Carabinieri-Insegumento-3.jpg 1024w, https:\/\/www.ilnotiziario.net\/wp\/wp-content\/uploads\/2022\/05\/Carabinieri-Insegumento-3-300x214.jpg 300w, https:\/\/www.ilnotiziario.net\/wp\/wp-content\/uploads\/2022\/05\/Carabinieri-Insegumento-3-768x549.jpg 768w, https:\/\/www.ilnotiziario.net\/wp\/wp-content\/uploads\/2022\/05\/Carabinieri-Insegumento-3-150x107.jpg 150w, https:\/\/www.ilnotiziario.net\/wp\/wp-content\/uploads\/2022\/05\/Carabinieri-Insegumento-3-450x322.jpg 450w\" sizes=\"(max-width: 765px) 100vw, 765px\" \/><\/a>\n\t\t\t<\/div><\/figure><figure class='gallery-item'>\n\t\t\t<div class='gallery-icon landscape'>\n\t\t\t\t<a href='https:\/\/www.ilnotiziario.net\/wp\/prima-pagina\/inseguimento-speronamenti-valassina-arrestato-un-fuggitivo\/attachment\/carabinieri-inseguimento-4\/'><img loading=\"lazy\" decoding=\"async\" width=\"765\" height=\"510\" src=\"https:\/\/www.ilnotiziario.net\/wp\/wp-content\/uploads\/2022\/05\/carabinieri-inseguimento-4.jpg\" class=\"attachment-large size-large\" alt=\"carabinieri inseguimento\" srcset=\"https:\/\/www.ilnotiziario.net\/wp\/wp-content\/uploads\/2022\/05\/carabinieri-inseguimento-4.jpg 1024w, https:\/\/www.ilnotiziario.net\/wp\/wp-content\/uploads\/2022\/05\/carabinieri-inseguimento-4-300x200.jpg 300w, https:\/\/www.ilnotiziario.net\/wp\/wp-content\/uploads\/2022\/05\/carabinieri-inseguimento-4-768x512.jpg 768w, https:\/\/www.ilnotiziario.net\/wp\/wp-content\/uploads\/2022\/05\/carabinieri-inseguimento-4-150x100.jpg 150w, https:\/\/www.ilnotiziario.net\/wp\/wp-content\/uploads\/2022\/05\/carabinieri-inseguimento-4-450x300.jpg 450w\" sizes=\"(max-width: 765px) 100vw, 765px\" \/><\/a>\n\t\t\t<\/div><\/figure>\n\t\t<\/div>\n\n<p>A questo punto il conducente della Bmw, 21enne marocchino incensurato, nonostante la fuga a piedi, \u00e8 stato inseguito &#8211; <strong>anche attraversando lo spartitraffico della superstrada<\/strong> -, bloccato e tratto in arresto per resistenza.<\/p>\n<p>Il passeggero \u00e8 riuscito invece ad allontanarsi all\u2019interno della fitta vegetazione a bordo strada.<\/p>\n<p>Sfoglia il notiziario in formato digitale direttamente dal sito <a href=\"http:\/\/edicola.ilnotiziario.net\"><strong>edicola.ilnotiziario.net<\/strong><\/a><\/p><div id=\"ilnot-1393476467\" class=\"ilnot-contenuto_2-2-2-2 ilnot-entity-placement\"><div class=\"gptslot\" data-adunitid=\"4\"><\/div>\n<\/div>\n","protected":false},"excerpt":{"rendered":"<p>Inseguimento e speronamenti oggi a mezzogiorno sulla Valassina, dove i carabinieri sono riusciti a bloccare un\u2019auto in fuga e ad arrestare il conducente. Tutto \u00e8 cominciato alle 12,15 di oggi, marted\u00ec 31 maggio, quando una pattuglia di carabinieri della stazione di Giussano si \u00e8 vista venire incontro una Bme Serie 1. L\u2019auto dei carabinieri percorreva<\/p>\n","protected":false},"author":3,"featured_media":166994,"comment_status":"closed","ping_status":"closed","sticky":false,"template":"","format":"gallery","meta":{"footnotes":""},"categories":[3464,20],"tags":[41,4866,1536,10266],"class_list":{"0":"post-166991","1":"post","2":"type-post","3":"status-publish","4":"format-gallery","5":"has-post-thumbnail","7":"category-lombardia","8":"category-prima-pagina","9":"tag-carabinieri","10":"tag-giussano","11":"tag-inseguimento","12":"tag-valassina","13":"post_format-post-format-gallery"},"yoast_head":"<!-- This site is optimized with the Yoast SEO plugin v27.4 - https:\/\/yoast.com\/product\/yoast-seo-wordpress\/ -->\n<title>Inseguimento e speronamenti sulla Valassina, arrestato un fuggitivo | FOTO -<\/title>\n<meta name=\"description\" content=\"Inseguimento e speronamenti oggi a mezzogiorno sulla Valassina, dove i carabinieri sono riusciti a bloccare un\u2019auto in fuga e ad arrestare il conducente.\" \/>\n<meta name=\"robots\" content=\"index, follow, max-snippet:-1, max-image-preview:large, max-video-preview:-1\" \/>\n<link rel=\"canonical\" href=\"https:\/\/www.ilnotiziario.net\/wp\/prima-pagina\/inseguimento-speronamenti-valassina-arrestato-un-fuggitivo\/\" \/>\n<meta property=\"og:locale\" content=\"it_IT\" \/>\n<meta property=\"og:type\" content=\"article\" \/>\n<meta property=\"og:title\" content=\"Inseguimento e speronamenti sulla Valassina, arrestato un fuggitivo | FOTO -\" \/>\n<meta property=\"og:description\" content=\"Inseguimento e speronamenti oggi a mezzogiorno sulla Valassina, dove i carabinieri sono riusciti a bloccare un\u2019auto in fuga e ad arrestare il conducente.\" \/>\n<meta property=\"og:url\" content=\"https:\/\/www.ilnotiziario.net\/wp\/prima-pagina\/inseguimento-speronamenti-valassina-arrestato-un-fuggitivo\/\" \/>\n<meta property=\"og:site_name\" content=\"Il Notiziario\" \/>\n<meta property=\"article:publisher\" content=\"https:\/\/www.facebook.com\/ilnotiziarioind\/\" \/>\n<meta property=\"article:published_time\" content=\"2022-05-31T13:24:54+00:00\" \/>\n<meta property=\"og:image\" content=\"https:\/\/www.ilnotiziario.net\/wp\/wp-content\/uploads\/2022\/05\/Carabinieri-Insegumento-3.jpg\" \/>\n\t<meta property=\"og:image:width\" content=\"1024\" \/>\n\t<meta property=\"og:image:height\" content=\"732\" \/>\n\t<meta property=\"og:image:type\" content=\"image\/jpeg\" \/>\n<meta name=\"author\" content=\"Gabriele Bassani\" \/>\n<meta name=\"twitter:card\" content=\"summary_large_image\" \/>\n<meta name=\"twitter:creator\" content=\"@ilNotiziarioInd\" \/>\n<meta name=\"twitter:site\" content=\"@ilNotiziarioInd\" \/>\n<meta name=\"twitter:label1\" content=\"Scritto da\" \/>\n\t<meta name=\"twitter:data1\" content=\"Gabriele Bassani\" \/>\n\t<meta name=\"twitter:label2\" content=\"Tempo di lettura stimato\" \/>\n\t<meta name=\"twitter:data2\" content=\"2 minuti\" \/>\n<script type=\"application\/ld+json\" class=\"yoast-schema-graph\">{\"@context\":\"https:\\\/\\\/schema.org\",\"@graph\":[{\"@type\":\"Article\",\"@id\":\"https:\\\/\\\/www.ilnotiziario.net\\\/wp\\\/prima-pagina\\\/inseguimento-speronamenti-valassina-arrestato-un-fuggitivo\\\/#article\",\"isPartOf\":{\"@id\":\"https:\\\/\\\/www.ilnotiziario.net\\\/wp\\\/prima-pagina\\\/inseguimento-speronamenti-valassina-arrestato-un-fuggitivo\\\/\"},\"author\":{\"name\":\"Gabriele Bassani\",\"@id\":\"https:\\\/\\\/www.ilnotiziario.net\\\/wp\\\/#\\\/schema\\\/person\\\/386e222908f898bb41c033989482bbf2\"},\"headline\":\"Inseguimento e speronamenti sulla Valassina, arrestato un fuggitivo | FOTO\",\"datePublished\":\"2022-05-31T13:24:54+00:00\",\"mainEntityOfPage\":{\"@id\":\"https:\\\/\\\/www.ilnotiziario.net\\\/wp\\\/prima-pagina\\\/inseguimento-speronamenti-valassina-arrestato-un-fuggitivo\\\/\"},\"wordCount\":300,\"publisher\":{\"@id\":\"https:\\\/\\\/www.ilnotiziario.net\\\/wp\\\/#organization\"},\"image\":{\"@id\":\"https:\\\/\\\/www.ilnotiziario.net\\\/wp\\\/prima-pagina\\\/inseguimento-speronamenti-valassina-arrestato-un-fuggitivo\\\/#primaryimage\"},\"thumbnailUrl\":\"https:\\\/\\\/www.ilnotiziario.net\\\/wp\\\/wp-content\\\/uploads\\\/2022\\\/05\\\/Carabinieri-Insegumento-3.jpg\",\"keywords\":[\"Carabinieri\",\"Giussano\",\"inseguimento\",\"valassina\"],\"articleSection\":[\"CRONACA\",\"Prima Pagina\"],\"inLanguage\":\"it-IT\"},{\"@type\":\"WebPage\",\"@id\":\"https:\\\/\\\/www.ilnotiziario.net\\\/wp\\\/prima-pagina\\\/inseguimento-speronamenti-valassina-arrestato-un-fuggitivo\\\/\",\"url\":\"https:\\\/\\\/www.ilnotiziario.net\\\/wp\\\/prima-pagina\\\/inseguimento-speronamenti-valassina-arrestato-un-fuggitivo\\\/\",\"name\":\"Inseguimento e speronamenti sulla Valassina, arrestato un fuggitivo | FOTO -\",\"isPartOf\":{\"@id\":\"https:\\\/\\\/www.ilnotiziario.net\\\/wp\\\/#website\"},\"primaryImageOfPage\":{\"@id\":\"https:\\\/\\\/www.ilnotiziario.net\\\/wp\\\/prima-pagina\\\/inseguimento-speronamenti-valassina-arrestato-un-fuggitivo\\\/#primaryimage\"},\"image\":{\"@id\":\"https:\\\/\\\/www.ilnotiziario.net\\\/wp\\\/prima-pagina\\\/inseguimento-speronamenti-valassina-arrestato-un-fuggitivo\\\/#primaryimage\"},\"thumbnailUrl\":\"https:\\\/\\\/www.ilnotiziario.net\\\/wp\\\/wp-content\\\/uploads\\\/2022\\\/05\\\/Carabinieri-Insegumento-3.jpg\",\"datePublished\":\"2022-05-31T13:24:54+00:00\",\"description\":\"Inseguimento e speronamenti oggi a mezzogiorno sulla Valassina, dove i carabinieri sono riusciti a bloccare un\u2019auto in fuga e ad arrestare il conducente.\",\"breadcrumb\":{\"@id\":\"https:\\\/\\\/www.ilnotiziario.net\\\/wp\\\/prima-pagina\\\/inseguimento-speronamenti-valassina-arrestato-un-fuggitivo\\\/#breadcrumb\"},\"inLanguage\":\"it-IT\",\"potentialAction\":[{\"@type\":\"ReadAction\",\"target\":[\"https:\\\/\\\/www.ilnotiziario.net\\\/wp\\\/prima-pagina\\\/inseguimento-speronamenti-valassina-arrestato-un-fuggitivo\\\/\"]}]},{\"@type\":\"ImageObject\",\"inLanguage\":\"it-IT\",\"@id\":\"https:\\\/\\\/www.ilnotiziario.net\\\/wp\\\/prima-pagina\\\/inseguimento-speronamenti-valassina-arrestato-un-fuggitivo\\\/#primaryimage\",\"url\":\"https:\\\/\\\/www.ilnotiziario.net\\\/wp\\\/wp-content\\\/uploads\\\/2022\\\/05\\\/Carabinieri-Insegumento-3.jpg\",\"contentUrl\":\"https:\\\/\\\/www.ilnotiziario.net\\\/wp\\\/wp-content\\\/uploads\\\/2022\\\/05\\\/Carabinieri-Insegumento-3.jpg\",\"width\":1024,\"height\":732,\"caption\":\"carabinieri inseguimento\"},{\"@type\":\"BreadcrumbList\",\"@id\":\"https:\\\/\\\/www.ilnotiziario.net\\\/wp\\\/prima-pagina\\\/inseguimento-speronamenti-valassina-arrestato-un-fuggitivo\\\/#breadcrumb\",\"itemListElement\":[{\"@type\":\"ListItem\",\"position\":1,\"name\":\"tds_text_logo_tagline_colortds_text_logo_tagline_colortds_text_logo_tagline_colortds_text_logo_tagline_colortd_module_7_title_excerpttd_module_7_title_excerpttd_module_7_title_excerpttd_module_7_title_excerptHome\",\"item\":\"https:\\\/\\\/www.ilnotiziario.net\\\/wp\\\/\"},{\"@type\":\"ListItem\",\"position\":2,\"name\":\"Inseguimento e speronamenti sulla Valassina, arrestato un fuggitivo | FOTO\"}]},{\"@type\":\"WebSite\",\"@id\":\"https:\\\/\\\/www.ilnotiziario.net\\\/wp\\\/#website\",\"url\":\"https:\\\/\\\/www.ilnotiziario.net\\\/wp\\\/\",\"name\":\"Il Notiziario\",\"description\":\"Per restare sempre connessi alla notizia\",\"publisher\":{\"@id\":\"https:\\\/\\\/www.ilnotiziario.net\\\/wp\\\/#organization\"},\"alternateName\":\"Il Notiziario Bollate\",\"potentialAction\":[{\"@type\":\"SearchAction\",\"target\":{\"@type\":\"EntryPoint\",\"urlTemplate\":\"https:\\\/\\\/www.ilnotiziario.net\\\/wp\\\/?s={search_term_string}\"},\"query-input\":{\"@type\":\"PropertyValueSpecification\",\"valueRequired\":true,\"valueName\":\"search_term_string\"}}],\"inLanguage\":\"it-IT\"},{\"@type\":\"Organization\",\"@id\":\"https:\\\/\\\/www.ilnotiziario.net\\\/wp\\\/#organization\",\"name\":\"Il Notiziario\",\"url\":\"https:\\\/\\\/www.ilnotiziario.net\\\/wp\\\/\",\"logo\":{\"@type\":\"ImageObject\",\"inLanguage\":\"it-IT\",\"@id\":\"https:\\\/\\\/www.ilnotiziario.net\\\/wp\\\/#\\\/schema\\\/logo\\\/image\\\/\",\"url\":\"https:\\\/\\\/www.ilnotiziario.net\\\/wp\\\/wp-content\\\/uploads\\\/2022\\\/06\\\/170x170ilN.png\",\"contentUrl\":\"https:\\\/\\\/www.ilnotiziario.net\\\/wp\\\/wp-content\\\/uploads\\\/2022\\\/06\\\/170x170ilN.png\",\"width\":355,\"height\":355,\"caption\":\"Il Notiziario\"},\"image\":{\"@id\":\"https:\\\/\\\/www.ilnotiziario.net\\\/wp\\\/#\\\/schema\\\/logo\\\/image\\\/\"},\"sameAs\":[\"https:\\\/\\\/www.facebook.com\\\/ilnotiziarioind\\\/\",\"https:\\\/\\\/x.com\\\/ilNotiziarioInd\",\"https:\\\/\\\/www.instagram.com\\\/ilnotiziario_settimanale\\\/\"]},{\"@type\":\"Person\",\"@id\":\"https:\\\/\\\/www.ilnotiziario.net\\\/wp\\\/#\\\/schema\\\/person\\\/386e222908f898bb41c033989482bbf2\",\"name\":\"Gabriele Bassani\",\"image\":{\"@type\":\"ImageObject\",\"inLanguage\":\"it-IT\",\"@id\":\"https:\\\/\\\/secure.gravatar.com\\\/avatar\\\/09274f4a84fa97698bde56f84b3afed61c8492d48b0550db9671b68c177479cb?s=96&d=mm&r=g\",\"url\":\"https:\\\/\\\/secure.gravatar.com\\\/avatar\\\/09274f4a84fa97698bde56f84b3afed61c8492d48b0550db9671b68c177479cb?s=96&d=mm&r=g\",\"contentUrl\":\"https:\\\/\\\/secure.gravatar.com\\\/avatar\\\/09274f4a84fa97698bde56f84b3afed61c8492d48b0550db9671b68c177479cb?s=96&d=mm&r=g\",\"caption\":\"Gabriele Bassani\"},\"sameAs\":[\"http:\\\/\\\/www.ilnotiziario.net\"]}]}<\/script>\n<!-- \/ Yoast SEO plugin. -->","yoast_head_json":{"title":"Inseguimento e speronamenti sulla Valassina, arrestato un fuggitivo | FOTO -","description":"Inseguimento e speronamenti oggi a mezzogiorno sulla Valassina, dove i carabinieri sono riusciti a bloccare un\u2019auto in fuga e ad arrestare il conducente.","robots":{"index":"index","follow":"follow","max-snippet":"max-snippet:-1","max-image-preview":"max-image-preview:large","max-video-preview":"max-video-preview:-1"},"canonical":"https:\/\/www.ilnotiziario.net\/wp\/prima-pagina\/inseguimento-speronamenti-valassina-arrestato-un-fuggitivo\/","og_locale":"it_IT","og_type":"article","og_title":"Inseguimento e speronamenti sulla Valassina, arrestato un fuggitivo | FOTO -","og_description":"Inseguimento e speronamenti oggi a mezzogiorno sulla Valassina, dove i carabinieri sono riusciti a bloccare un\u2019auto in fuga e ad arrestare il conducente.","og_url":"https:\/\/www.ilnotiziario.net\/wp\/prima-pagina\/inseguimento-speronamenti-valassina-arrestato-un-fuggitivo\/","og_site_name":"Il Notiziario","article_publisher":"https:\/\/www.facebook.com\/ilnotiziarioind\/","article_published_time":"2022-05-31T13:24:54+00:00","og_image":[{"width":1024,"height":732,"url":"https:\/\/www.ilnotiziario.net\/wp\/wp-content\/uploads\/2022\/05\/Carabinieri-Insegumento-3.jpg","type":"image\/jpeg"}],"author":"Gabriele Bassani","twitter_card":"summary_large_image","twitter_creator":"@ilNotiziarioInd","twitter_site":"@ilNotiziarioInd","twitter_misc":{"Scritto da":"Gabriele Bassani","Tempo di lettura stimato":"2 minuti"},"schema":{"@context":"https:\/\/schema.org","@graph":[{"@type":"Article","@id":"https:\/\/www.ilnotiziario.net\/wp\/prima-pagina\/inseguimento-speronamenti-valassina-arrestato-un-fuggitivo\/#article","isPartOf":{"@id":"https:\/\/www.ilnotiziario.net\/wp\/prima-pagina\/inseguimento-speronamenti-valassina-arrestato-un-fuggitivo\/"},"author":{"name":"Gabriele Bassani","@id":"https:\/\/www.ilnotiziario.net\/wp\/#\/schema\/person\/386e222908f898bb41c033989482bbf2"},"headline":"Inseguimento e speronamenti sulla Valassina, arrestato un fuggitivo | FOTO","datePublished":"2022-05-31T13:24:54+00:00","mainEntityOfPage":{"@id":"https:\/\/www.ilnotiziario.net\/wp\/prima-pagina\/inseguimento-speronamenti-valassina-arrestato-un-fuggitivo\/"},"wordCount":300,"publisher":{"@id":"https:\/\/www.ilnotiziario.net\/wp\/#organization"},"image":{"@id":"https:\/\/www.ilnotiziario.net\/wp\/prima-pagina\/inseguimento-speronamenti-valassina-arrestato-un-fuggitivo\/#primaryimage"},"thumbnailUrl":"https:\/\/www.ilnotiziario.net\/wp\/wp-content\/uploads\/2022\/05\/Carabinieri-Insegumento-3.jpg","keywords":["Carabinieri","Giussano","inseguimento","valassina"],"articleSection":["CRONACA","Prima Pagina"],"inLanguage":"it-IT"},{"@type":"WebPage","@id":"https:\/\/www.ilnotiziario.net\/wp\/prima-pagina\/inseguimento-speronamenti-valassina-arrestato-un-fuggitivo\/","url":"https:\/\/www.ilnotiziario.net\/wp\/prima-pagina\/inseguimento-speronamenti-valassina-arrestato-un-fuggitivo\/","name":"Inseguimento e speronamenti sulla Valassina, arrestato un fuggitivo | FOTO -","isPartOf":{"@id":"https:\/\/www.ilnotiziario.net\/wp\/#website"},"primaryImageOfPage":{"@id":"https:\/\/www.ilnotiziario.net\/wp\/prima-pagina\/inseguimento-speronamenti-valassina-arrestato-un-fuggitivo\/#primaryimage"},"image":{"@id":"https:\/\/www.ilnotiziario.net\/wp\/prima-pagina\/inseguimento-speronamenti-valassina-arrestato-un-fuggitivo\/#primaryimage"},"thumbnailUrl":"https:\/\/www.ilnotiziario.net\/wp\/wp-content\/uploads\/2022\/05\/Carabinieri-Insegumento-3.jpg","datePublished":"2022-05-31T13:24:54+00:00","description":"Inseguimento e speronamenti oggi a mezzogiorno sulla Valassina, dove i carabinieri sono riusciti a bloccare un\u2019auto in fuga e ad arrestare il conducente.","breadcrumb":{"@id":"https:\/\/www.ilnotiziario.net\/wp\/prima-pagina\/inseguimento-speronamenti-valassina-arrestato-un-fuggitivo\/#breadcrumb"},"inLanguage":"it-IT","potentialAction":[{"@type":"ReadAction","target":["https:\/\/www.ilnotiziario.net\/wp\/prima-pagina\/inseguimento-speronamenti-valassina-arrestato-un-fuggitivo\/"]}]},{"@type":"ImageObject","inLanguage":"it-IT","@id":"https:\/\/www.ilnotiziario.net\/wp\/prima-pagina\/inseguimento-speronamenti-valassina-arrestato-un-fuggitivo\/#primaryimage","url":"https:\/\/www.ilnotiziario.net\/wp\/wp-content\/uploads\/2022\/05\/Carabinieri-Insegumento-3.jpg","contentUrl":"https:\/\/www.ilnotiziario.net\/wp\/wp-content\/uploads\/2022\/05\/Carabinieri-Insegumento-3.jpg","width":1024,"height":732,"caption":"carabinieri inseguimento"},{"@type":"BreadcrumbList","@id":"https:\/\/www.ilnotiziario.net\/wp\/prima-pagina\/inseguimento-speronamenti-valassina-arrestato-un-fuggitivo\/#breadcrumb","itemListElement":[{"@type":"ListItem","position":1,"name":"tds_text_logo_tagline_colortds_text_logo_tagline_colortds_text_logo_tagline_colortds_text_logo_tagline_colortd_module_7_title_excerpttd_module_7_title_excerpttd_module_7_title_excerpttd_module_7_title_excerptHome","item":"https:\/\/www.ilnotiziario.net\/wp\/"},{"@type":"ListItem","position":2,"name":"Inseguimento e speronamenti sulla Valassina, arrestato un fuggitivo | FOTO"}]},{"@type":"WebSite","@id":"https:\/\/www.ilnotiziario.net\/wp\/#website","url":"https:\/\/www.ilnotiziario.net\/wp\/","name":"Il Notiziario","description":"Per restare sempre connessi alla notizia","publisher":{"@id":"https:\/\/www.ilnotiziario.net\/wp\/#organization"},"alternateName":"Il Notiziario Bollate","potentialAction":[{"@type":"SearchAction","target":{"@type":"EntryPoint","urlTemplate":"https:\/\/www.ilnotiziario.net\/wp\/?s={search_term_string}"},"query-input":{"@type":"PropertyValueSpecification","valueRequired":true,"valueName":"search_term_string"}}],"inLanguage":"it-IT"},{"@type":"Organization","@id":"https:\/\/www.ilnotiziario.net\/wp\/#organization","name":"Il Notiziario","url":"https:\/\/www.ilnotiziario.net\/wp\/","logo":{"@type":"ImageObject","inLanguage":"it-IT","@id":"https:\/\/www.ilnotiziario.net\/wp\/#\/schema\/logo\/image\/","url":"https:\/\/www.ilnotiziario.net\/wp\/wp-content\/uploads\/2022\/06\/170x170ilN.png","contentUrl":"https:\/\/www.ilnotiziario.net\/wp\/wp-content\/uploads\/2022\/06\/170x170ilN.png","width":355,"height":355,"caption":"Il Notiziario"},"image":{"@id":"https:\/\/www.ilnotiziario.net\/wp\/#\/schema\/logo\/image\/"},"sameAs":["https:\/\/www.facebook.com\/ilnotiziarioind\/","https:\/\/x.com\/ilNotiziarioInd","https:\/\/www.instagram.com\/ilnotiziario_settimanale\/"]},{"@type":"Person","@id":"https:\/\/www.ilnotiziario.net\/wp\/#\/schema\/person\/386e222908f898bb41c033989482bbf2","name":"Gabriele Bassani","image":{"@type":"ImageObject","inLanguage":"it-IT","@id":"https:\/\/secure.gravatar.com\/avatar\/09274f4a84fa97698bde56f84b3afed61c8492d48b0550db9671b68c177479cb?s=96&d=mm&r=g","url":"https:\/\/secure.gravatar.com\/avatar\/09274f4a84fa97698bde56f84b3afed61c8492d48b0550db9671b68c177479cb?s=96&d=mm&r=g","contentUrl":"https:\/\/secure.gravatar.com\/avatar\/09274f4a84fa97698bde56f84b3afed61c8492d48b0550db9671b68c177479cb?s=96&d=mm&r=g","caption":"Gabriele Bassani"},"sameAs":["http:\/\/www.ilnotiziario.net"]}]}},"_links":{"self":[{"href":"https:\/\/www.ilnotiziario.net\/wp\/wp-json\/wp\/v2\/posts\/166991","targetHints":{"allow":["GET"]}}],"collection":[{"href":"https:\/\/www.ilnotiziario.net\/wp\/wp-json\/wp\/v2\/posts"}],"about":[{"href":"https:\/\/www.ilnotiziario.net\/wp\/wp-json\/wp\/v2\/types\/post"}],"author":[{"embeddable":true,"href":"https:\/\/www.ilnotiziario.net\/wp\/wp-json\/wp\/v2\/users\/3"}],"replies":[{"embeddable":true,"href":"https:\/\/www.ilnotiziario.net\/wp\/wp-json\/wp\/v2\/comments?post=166991"}],"version-history":[{"count":0,"href":"https:\/\/www.ilnotiziario.net\/wp\/wp-json\/wp\/v2\/posts\/166991\/revisions"}],"wp:featuredmedia":[{"embeddable":true,"href":"https:\/\/www.ilnotiziario.net\/wp\/wp-json\/wp\/v2\/media\/166994"}],"wp:attachment":[{"href":"https:\/\/www.ilnotiziario.net\/wp\/wp-json\/wp\/v2\/media?parent=166991"}],"wp:term":[{"taxonomy":"category","embeddable":true,"href":"https:\/\/www.ilnotiziario.net\/wp\/wp-json\/wp\/v2\/categories?post=166991"},{"taxonomy":"post_tag","embeddable":true,"href":"https:\/\/www.ilnotiziario.net\/wp\/wp-json\/wp\/v2\/tags?post=166991"}],"curies":[{"name":"wp","href":"https:\/\/api.w.org\/{rel}","templated":true}]}}