{"id":167953,"date":"2022-06-23T09:57:11","date_gmt":"2022-06-23T07:57:11","guid":{"rendered":"https:\/\/www.ilnotiziario.net\/wp\/?p=167953"},"modified":"2022-06-23T09:57:11","modified_gmt":"2022-06-23T07:57:11","slug":"lauto-elettrica-e-le-lobby","status":"publish","type":"post","link":"https:\/\/www.ilnotiziario.net\/wp\/editoriali\/lauto-elettrica-e-le-lobby\/","title":{"rendered":"L&#8217;auto elettrica e le lobby"},"content":{"rendered":"<p>Settimana scorsa il Parlamento europeo (eletto da noi, non sceso dalla luna) ha approvato<strong> lo stop alla vendita di auto nuove a benzina, diesel, gpl, metano<\/strong> e perfino ibride dal 2035.<\/p><div id=\"ilnot-2526587300\" class=\"ilnot-contenuto ilnot-entity-placement\"><p><!-- incontent_1 --><\/p>\n<div class=\"gptslot\" data-adunitid=\"1\"><\/div>\n<\/div>\n<p>Perch\u00e8 la legge entri davvero in vigore mancano ancora altri passaggi, ma presto la decisione sar\u00e0 definitiva. E ci sar\u00e0 da ridere, anzi, da piangere.<\/p>\n<p>Voi credete davvero che<strong> l\u2019Italia in soli 11 anni e mezzo sar\u00e0 in grado di potenziare la sua rete elettrica<\/strong> creando nuove centrali e nuove linee dell\u2019alta tensione per portare una marea di elettricit\u00e0 in pi\u00f9 nelle nostre case e strade, sud incluso? Secondo me ci metteremo 10 anni solo per decidere dove costruire i tralicci.<\/p><div id=\"ilnot-2962437373\" class=\"ilnot-contenuto_2 ilnot-entity-placement\"><div class=\"ads-wrapper\">\n<div class=\"ad-slot\">\n   <div id=\"ilnot-3323163889\" style=\"margin-right: auto;margin-left: auto;text-align: center;width: 320px;height: 100px;\"><a href=\"https:\/\/www.scuolasicurezza.it\/\"><img decoding=\"async\" src=\"https:\/\/www.ilnotiziario.net\/wp\/wp-content\/uploads\/2026\/04\/IlNotiziario_banner-sito-e-newsletter-320-x-100-px-1.gif\" alt=\"\"><\/a><\/div>\n  <\/div>\n<div class=\"ad-slot\">\n   <div id=\"ilnot-2782564004\" style=\"margin-right: auto;margin-left: auto;text-align: center;width: 320px;height: 100px;\"><a href=\"https:\/\/purodesignarredamenti.com\/\"><img decoding=\"async\" src=\"https:\/\/www.ilnotiziario.net\/wp\/wp-content\/uploads\/2026\/04\/banner-puro-ok.gif\" alt=\"whatsapp\"><\/a><\/div><\/p><\/div>\n<\/div>\n<\/div>\n<p>Voi credete davvero che in 11 anni e mezzo <strong>si inventeranno batterie in grado di far andare da Milano alla Calabria<\/strong> senza doversi fermare pi\u00f9 volte (per ore) a ricaricare? Secondo me alla fine l\u2019Italia sar\u00e0 pi\u00f9 divisa anzich\u00e9 pi\u00f9 unita.<\/p>\n<p><strong>E dubito che si inquiner\u00e0 molto meno,<\/strong> perch\u00e9 l\u2019elettricit\u00e0 va prodotta e noi, che abbiamo rifiutato il nucleare, per produrla con gas e petrolio dovremo inquinare moltissimo.<\/p>\n<p>Ma allora perch\u00e9 vogliono questo cambiamento, che ci metter\u00e0 al 100% nelle mani dei cinesi che controllano il mercato delle batterie? Ricordate<strong> quel tizio che rideva felice dopo il terremoto dell\u2019Aquila<\/strong> perch\u00e9 immaginava i soldi che avrebbe fatto? Ecco, la logica pare la stessa: le lobby (che hanno imposto questa scelta) sono felici non per l\u2019ambiente, ma per i soldi che gireranno e i miliardi che guadagneranno. Sulla nostra pelle.<\/p><div id=\"ilnot-3742116327\" class=\"ilnot-contenuto_2-2 ilnot-entity-placement\"><div class=\"gptslot\" data-adunitid=\"2\"><\/div>\n<\/div>\n<p><strong>Piero Uboldi<\/strong><\/p>\n<p>Sfoglia il notiziario in versione digitale direttamente dal nostro sito <a href=\"http:\/\/edicola.ilnotiziario.net\"><strong>edicola.ilnotiziario.net<\/strong><\/a><\/p>\n","protected":false},"excerpt":{"rendered":"<p>Settimana scorsa il Parlamento europeo (eletto da noi, non sceso dalla luna) ha approvato lo stop alla vendita di auto nuove a benzina, diesel, gpl, metano e perfino ibride dal 2035. Perch\u00e8 la legge entri davvero in vigore mancano ancora altri passaggi, ma presto la decisione sar\u00e0 definitiva. E ci sar\u00e0 da ridere, anzi, da<\/p>\n","protected":false},"author":3,"featured_media":167954,"comment_status":"closed","ping_status":"closed","sticky":false,"template":"","format":"standard","meta":{"footnotes":""},"categories":[3431],"tags":[10320,10321,61,5988,62],"class_list":{"0":"post-167953","1":"post","2":"type-post","3":"status-publish","4":"format-standard","5":"has-post-thumbnail","7":"category-editoriali","8":"tag-auto-elettrica","9":"tag-carica","10":"tag-editoriale","11":"tag-elettrico","12":"tag-uboldi"},"yoast_head":"<!-- This site is optimized with the Yoast SEO plugin v27.4 - https:\/\/yoast.com\/product\/yoast-seo-wordpress\/ -->\n<title>L&#039;auto elettrica e le lobby - Il Notiziario<\/title>\n<meta name=\"description\" content=\"Il Parlamento europeo ha approvato lo stop alla vendita di auto nuove a benzina, diesel, gpl, metano e perfino ibride dal 2035.\" \/>\n<meta name=\"robots\" content=\"index, follow, max-snippet:-1, max-image-preview:large, max-video-preview:-1\" \/>\n<link rel=\"canonical\" href=\"https:\/\/www.ilnotiziario.net\/wp\/editoriali\/lauto-elettrica-e-le-lobby\/\" \/>\n<meta property=\"og:locale\" content=\"it_IT\" \/>\n<meta property=\"og:type\" content=\"article\" \/>\n<meta property=\"og:title\" content=\"L&#039;auto elettrica e le lobby - Il Notiziario\" \/>\n<meta property=\"og:description\" content=\"Il Parlamento europeo ha approvato lo stop alla vendita di auto nuove a benzina, diesel, gpl, metano e perfino ibride dal 2035.\" \/>\n<meta property=\"og:url\" content=\"https:\/\/www.ilnotiziario.net\/wp\/editoriali\/lauto-elettrica-e-le-lobby\/\" \/>\n<meta property=\"og:site_name\" content=\"Il Notiziario\" \/>\n<meta property=\"article:publisher\" content=\"https:\/\/www.facebook.com\/ilnotiziarioind\/\" \/>\n<meta property=\"article:published_time\" content=\"2022-06-23T07:57:11+00:00\" \/>\n<meta property=\"og:image\" content=\"https:\/\/www.ilnotiziario.net\/wp\/wp-content\/uploads\/2022\/06\/auto-elettrica-ricarica.jpg\" \/>\n\t<meta property=\"og:image:width\" content=\"1000\" \/>\n\t<meta property=\"og:image:height\" content=\"668\" \/>\n\t<meta property=\"og:image:type\" content=\"image\/jpeg\" \/>\n<meta name=\"author\" content=\"Gabriele Bassani\" \/>\n<meta name=\"twitter:card\" content=\"summary_large_image\" \/>\n<meta name=\"twitter:creator\" content=\"@ilNotiziarioInd\" \/>\n<meta name=\"twitter:site\" content=\"@ilNotiziarioInd\" \/>\n<meta name=\"twitter:label1\" content=\"Scritto da\" \/>\n\t<meta name=\"twitter:data1\" content=\"Gabriele Bassani\" \/>\n\t<meta name=\"twitter:label2\" content=\"Tempo di lettura stimato\" \/>\n\t<meta name=\"twitter:data2\" content=\"2 minuti\" \/>\n<script type=\"application\/ld+json\" class=\"yoast-schema-graph\">{\"@context\":\"https:\\\/\\\/schema.org\",\"@graph\":[{\"@type\":\"Article\",\"@id\":\"https:\\\/\\\/www.ilnotiziario.net\\\/wp\\\/editoriali\\\/lauto-elettrica-e-le-lobby\\\/#article\",\"isPartOf\":{\"@id\":\"https:\\\/\\\/www.ilnotiziario.net\\\/wp\\\/editoriali\\\/lauto-elettrica-e-le-lobby\\\/\"},\"author\":{\"name\":\"Gabriele Bassani\",\"@id\":\"https:\\\/\\\/www.ilnotiziario.net\\\/wp\\\/#\\\/schema\\\/person\\\/386e222908f898bb41c033989482bbf2\"},\"headline\":\"L&#8217;auto elettrica e le lobby\",\"datePublished\":\"2022-06-23T07:57:11+00:00\",\"mainEntityOfPage\":{\"@id\":\"https:\\\/\\\/www.ilnotiziario.net\\\/wp\\\/editoriali\\\/lauto-elettrica-e-le-lobby\\\/\"},\"wordCount\":272,\"publisher\":{\"@id\":\"https:\\\/\\\/www.ilnotiziario.net\\\/wp\\\/#organization\"},\"image\":{\"@id\":\"https:\\\/\\\/www.ilnotiziario.net\\\/wp\\\/editoriali\\\/lauto-elettrica-e-le-lobby\\\/#primaryimage\"},\"thumbnailUrl\":\"https:\\\/\\\/www.ilnotiziario.net\\\/wp\\\/wp-content\\\/uploads\\\/2022\\\/06\\\/auto-elettrica-ricarica.jpg\",\"keywords\":[\"auto elettrica\",\"carica\",\"editoriale\",\"elettrico\",\"Uboldi\"],\"articleSection\":[\"EDITORIALI\"],\"inLanguage\":\"it-IT\"},{\"@type\":\"WebPage\",\"@id\":\"https:\\\/\\\/www.ilnotiziario.net\\\/wp\\\/editoriali\\\/lauto-elettrica-e-le-lobby\\\/\",\"url\":\"https:\\\/\\\/www.ilnotiziario.net\\\/wp\\\/editoriali\\\/lauto-elettrica-e-le-lobby\\\/\",\"name\":\"L'auto elettrica e le lobby - Il Notiziario\",\"isPartOf\":{\"@id\":\"https:\\\/\\\/www.ilnotiziario.net\\\/wp\\\/#website\"},\"primaryImageOfPage\":{\"@id\":\"https:\\\/\\\/www.ilnotiziario.net\\\/wp\\\/editoriali\\\/lauto-elettrica-e-le-lobby\\\/#primaryimage\"},\"image\":{\"@id\":\"https:\\\/\\\/www.ilnotiziario.net\\\/wp\\\/editoriali\\\/lauto-elettrica-e-le-lobby\\\/#primaryimage\"},\"thumbnailUrl\":\"https:\\\/\\\/www.ilnotiziario.net\\\/wp\\\/wp-content\\\/uploads\\\/2022\\\/06\\\/auto-elettrica-ricarica.jpg\",\"datePublished\":\"2022-06-23T07:57:11+00:00\",\"description\":\"Il Parlamento europeo ha approvato lo stop alla vendita di auto nuove a benzina, diesel, gpl, metano e perfino ibride dal 2035.\",\"breadcrumb\":{\"@id\":\"https:\\\/\\\/www.ilnotiziario.net\\\/wp\\\/editoriali\\\/lauto-elettrica-e-le-lobby\\\/#breadcrumb\"},\"inLanguage\":\"it-IT\",\"potentialAction\":[{\"@type\":\"ReadAction\",\"target\":[\"https:\\\/\\\/www.ilnotiziario.net\\\/wp\\\/editoriali\\\/lauto-elettrica-e-le-lobby\\\/\"]}]},{\"@type\":\"ImageObject\",\"inLanguage\":\"it-IT\",\"@id\":\"https:\\\/\\\/www.ilnotiziario.net\\\/wp\\\/editoriali\\\/lauto-elettrica-e-le-lobby\\\/#primaryimage\",\"url\":\"https:\\\/\\\/www.ilnotiziario.net\\\/wp\\\/wp-content\\\/uploads\\\/2022\\\/06\\\/auto-elettrica-ricarica.jpg\",\"contentUrl\":\"https:\\\/\\\/www.ilnotiziario.net\\\/wp\\\/wp-content\\\/uploads\\\/2022\\\/06\\\/auto-elettrica-ricarica.jpg\",\"width\":1000,\"height\":668,\"caption\":\"foto: depositphotos.com\"},{\"@type\":\"BreadcrumbList\",\"@id\":\"https:\\\/\\\/www.ilnotiziario.net\\\/wp\\\/editoriali\\\/lauto-elettrica-e-le-lobby\\\/#breadcrumb\",\"itemListElement\":[{\"@type\":\"ListItem\",\"position\":1,\"name\":\"tds_text_logo_tagline_colortds_text_logo_tagline_colortds_text_logo_tagline_colortds_text_logo_tagline_colortd_module_7_title_excerpttd_module_7_title_excerpttd_module_7_title_excerpttd_module_7_title_excerptHome\",\"item\":\"https:\\\/\\\/www.ilnotiziario.net\\\/wp\\\/\"},{\"@type\":\"ListItem\",\"position\":2,\"name\":\"L&#8217;auto elettrica e le lobby\"}]},{\"@type\":\"WebSite\",\"@id\":\"https:\\\/\\\/www.ilnotiziario.net\\\/wp\\\/#website\",\"url\":\"https:\\\/\\\/www.ilnotiziario.net\\\/wp\\\/\",\"name\":\"Il Notiziario\",\"description\":\"Per restare sempre connessi alla notizia\",\"publisher\":{\"@id\":\"https:\\\/\\\/www.ilnotiziario.net\\\/wp\\\/#organization\"},\"alternateName\":\"Il Notiziario Bollate\",\"potentialAction\":[{\"@type\":\"SearchAction\",\"target\":{\"@type\":\"EntryPoint\",\"urlTemplate\":\"https:\\\/\\\/www.ilnotiziario.net\\\/wp\\\/?s={search_term_string}\"},\"query-input\":{\"@type\":\"PropertyValueSpecification\",\"valueRequired\":true,\"valueName\":\"search_term_string\"}}],\"inLanguage\":\"it-IT\"},{\"@type\":\"Organization\",\"@id\":\"https:\\\/\\\/www.ilnotiziario.net\\\/wp\\\/#organization\",\"name\":\"Il Notiziario\",\"url\":\"https:\\\/\\\/www.ilnotiziario.net\\\/wp\\\/\",\"logo\":{\"@type\":\"ImageObject\",\"inLanguage\":\"it-IT\",\"@id\":\"https:\\\/\\\/www.ilnotiziario.net\\\/wp\\\/#\\\/schema\\\/logo\\\/image\\\/\",\"url\":\"https:\\\/\\\/www.ilnotiziario.net\\\/wp\\\/wp-content\\\/uploads\\\/2022\\\/06\\\/170x170ilN.png\",\"contentUrl\":\"https:\\\/\\\/www.ilnotiziario.net\\\/wp\\\/wp-content\\\/uploads\\\/2022\\\/06\\\/170x170ilN.png\",\"width\":355,\"height\":355,\"caption\":\"Il Notiziario\"},\"image\":{\"@id\":\"https:\\\/\\\/www.ilnotiziario.net\\\/wp\\\/#\\\/schema\\\/logo\\\/image\\\/\"},\"sameAs\":[\"https:\\\/\\\/www.facebook.com\\\/ilnotiziarioind\\\/\",\"https:\\\/\\\/x.com\\\/ilNotiziarioInd\",\"https:\\\/\\\/www.instagram.com\\\/ilnotiziario_settimanale\\\/\"]},{\"@type\":\"Person\",\"@id\":\"https:\\\/\\\/www.ilnotiziario.net\\\/wp\\\/#\\\/schema\\\/person\\\/386e222908f898bb41c033989482bbf2\",\"name\":\"Gabriele Bassani\",\"image\":{\"@type\":\"ImageObject\",\"inLanguage\":\"it-IT\",\"@id\":\"https:\\\/\\\/secure.gravatar.com\\\/avatar\\\/09274f4a84fa97698bde56f84b3afed61c8492d48b0550db9671b68c177479cb?s=96&d=mm&r=g\",\"url\":\"https:\\\/\\\/secure.gravatar.com\\\/avatar\\\/09274f4a84fa97698bde56f84b3afed61c8492d48b0550db9671b68c177479cb?s=96&d=mm&r=g\",\"contentUrl\":\"https:\\\/\\\/secure.gravatar.com\\\/avatar\\\/09274f4a84fa97698bde56f84b3afed61c8492d48b0550db9671b68c177479cb?s=96&d=mm&r=g\",\"caption\":\"Gabriele Bassani\"},\"sameAs\":[\"http:\\\/\\\/www.ilnotiziario.net\"]}]}<\/script>\n<!-- \/ Yoast SEO plugin. -->","yoast_head_json":{"title":"L'auto elettrica e le lobby - Il Notiziario","description":"Il Parlamento europeo ha approvato lo stop alla vendita di auto nuove a benzina, diesel, gpl, metano e perfino ibride dal 2035.","robots":{"index":"index","follow":"follow","max-snippet":"max-snippet:-1","max-image-preview":"max-image-preview:large","max-video-preview":"max-video-preview:-1"},"canonical":"https:\/\/www.ilnotiziario.net\/wp\/editoriali\/lauto-elettrica-e-le-lobby\/","og_locale":"it_IT","og_type":"article","og_title":"L'auto elettrica e le lobby - Il Notiziario","og_description":"Il Parlamento europeo ha approvato lo stop alla vendita di auto nuove a benzina, diesel, gpl, metano e perfino ibride dal 2035.","og_url":"https:\/\/www.ilnotiziario.net\/wp\/editoriali\/lauto-elettrica-e-le-lobby\/","og_site_name":"Il Notiziario","article_publisher":"https:\/\/www.facebook.com\/ilnotiziarioind\/","article_published_time":"2022-06-23T07:57:11+00:00","og_image":[{"width":1000,"height":668,"url":"https:\/\/www.ilnotiziario.net\/wp\/wp-content\/uploads\/2022\/06\/auto-elettrica-ricarica.jpg","type":"image\/jpeg"}],"author":"Gabriele Bassani","twitter_card":"summary_large_image","twitter_creator":"@ilNotiziarioInd","twitter_site":"@ilNotiziarioInd","twitter_misc":{"Scritto da":"Gabriele Bassani","Tempo di lettura stimato":"2 minuti"},"schema":{"@context":"https:\/\/schema.org","@graph":[{"@type":"Article","@id":"https:\/\/www.ilnotiziario.net\/wp\/editoriali\/lauto-elettrica-e-le-lobby\/#article","isPartOf":{"@id":"https:\/\/www.ilnotiziario.net\/wp\/editoriali\/lauto-elettrica-e-le-lobby\/"},"author":{"name":"Gabriele Bassani","@id":"https:\/\/www.ilnotiziario.net\/wp\/#\/schema\/person\/386e222908f898bb41c033989482bbf2"},"headline":"L&#8217;auto elettrica e le lobby","datePublished":"2022-06-23T07:57:11+00:00","mainEntityOfPage":{"@id":"https:\/\/www.ilnotiziario.net\/wp\/editoriali\/lauto-elettrica-e-le-lobby\/"},"wordCount":272,"publisher":{"@id":"https:\/\/www.ilnotiziario.net\/wp\/#organization"},"image":{"@id":"https:\/\/www.ilnotiziario.net\/wp\/editoriali\/lauto-elettrica-e-le-lobby\/#primaryimage"},"thumbnailUrl":"https:\/\/www.ilnotiziario.net\/wp\/wp-content\/uploads\/2022\/06\/auto-elettrica-ricarica.jpg","keywords":["auto elettrica","carica","editoriale","elettrico","Uboldi"],"articleSection":["EDITORIALI"],"inLanguage":"it-IT"},{"@type":"WebPage","@id":"https:\/\/www.ilnotiziario.net\/wp\/editoriali\/lauto-elettrica-e-le-lobby\/","url":"https:\/\/www.ilnotiziario.net\/wp\/editoriali\/lauto-elettrica-e-le-lobby\/","name":"L'auto elettrica e le lobby - Il Notiziario","isPartOf":{"@id":"https:\/\/www.ilnotiziario.net\/wp\/#website"},"primaryImageOfPage":{"@id":"https:\/\/www.ilnotiziario.net\/wp\/editoriali\/lauto-elettrica-e-le-lobby\/#primaryimage"},"image":{"@id":"https:\/\/www.ilnotiziario.net\/wp\/editoriali\/lauto-elettrica-e-le-lobby\/#primaryimage"},"thumbnailUrl":"https:\/\/www.ilnotiziario.net\/wp\/wp-content\/uploads\/2022\/06\/auto-elettrica-ricarica.jpg","datePublished":"2022-06-23T07:57:11+00:00","description":"Il Parlamento europeo ha approvato lo stop alla vendita di auto nuove a benzina, diesel, gpl, metano e perfino ibride dal 2035.","breadcrumb":{"@id":"https:\/\/www.ilnotiziario.net\/wp\/editoriali\/lauto-elettrica-e-le-lobby\/#breadcrumb"},"inLanguage":"it-IT","potentialAction":[{"@type":"ReadAction","target":["https:\/\/www.ilnotiziario.net\/wp\/editoriali\/lauto-elettrica-e-le-lobby\/"]}]},{"@type":"ImageObject","inLanguage":"it-IT","@id":"https:\/\/www.ilnotiziario.net\/wp\/editoriali\/lauto-elettrica-e-le-lobby\/#primaryimage","url":"https:\/\/www.ilnotiziario.net\/wp\/wp-content\/uploads\/2022\/06\/auto-elettrica-ricarica.jpg","contentUrl":"https:\/\/www.ilnotiziario.net\/wp\/wp-content\/uploads\/2022\/06\/auto-elettrica-ricarica.jpg","width":1000,"height":668,"caption":"foto: depositphotos.com"},{"@type":"BreadcrumbList","@id":"https:\/\/www.ilnotiziario.net\/wp\/editoriali\/lauto-elettrica-e-le-lobby\/#breadcrumb","itemListElement":[{"@type":"ListItem","position":1,"name":"tds_text_logo_tagline_colortds_text_logo_tagline_colortds_text_logo_tagline_colortds_text_logo_tagline_colortd_module_7_title_excerpttd_module_7_title_excerpttd_module_7_title_excerpttd_module_7_title_excerptHome","item":"https:\/\/www.ilnotiziario.net\/wp\/"},{"@type":"ListItem","position":2,"name":"L&#8217;auto elettrica e le lobby"}]},{"@type":"WebSite","@id":"https:\/\/www.ilnotiziario.net\/wp\/#website","url":"https:\/\/www.ilnotiziario.net\/wp\/","name":"Il Notiziario","description":"Per restare sempre connessi alla notizia","publisher":{"@id":"https:\/\/www.ilnotiziario.net\/wp\/#organization"},"alternateName":"Il Notiziario Bollate","potentialAction":[{"@type":"SearchAction","target":{"@type":"EntryPoint","urlTemplate":"https:\/\/www.ilnotiziario.net\/wp\/?s={search_term_string}"},"query-input":{"@type":"PropertyValueSpecification","valueRequired":true,"valueName":"search_term_string"}}],"inLanguage":"it-IT"},{"@type":"Organization","@id":"https:\/\/www.ilnotiziario.net\/wp\/#organization","name":"Il Notiziario","url":"https:\/\/www.ilnotiziario.net\/wp\/","logo":{"@type":"ImageObject","inLanguage":"it-IT","@id":"https:\/\/www.ilnotiziario.net\/wp\/#\/schema\/logo\/image\/","url":"https:\/\/www.ilnotiziario.net\/wp\/wp-content\/uploads\/2022\/06\/170x170ilN.png","contentUrl":"https:\/\/www.ilnotiziario.net\/wp\/wp-content\/uploads\/2022\/06\/170x170ilN.png","width":355,"height":355,"caption":"Il Notiziario"},"image":{"@id":"https:\/\/www.ilnotiziario.net\/wp\/#\/schema\/logo\/image\/"},"sameAs":["https:\/\/www.facebook.com\/ilnotiziarioind\/","https:\/\/x.com\/ilNotiziarioInd","https:\/\/www.instagram.com\/ilnotiziario_settimanale\/"]},{"@type":"Person","@id":"https:\/\/www.ilnotiziario.net\/wp\/#\/schema\/person\/386e222908f898bb41c033989482bbf2","name":"Gabriele Bassani","image":{"@type":"ImageObject","inLanguage":"it-IT","@id":"https:\/\/secure.gravatar.com\/avatar\/09274f4a84fa97698bde56f84b3afed61c8492d48b0550db9671b68c177479cb?s=96&d=mm&r=g","url":"https:\/\/secure.gravatar.com\/avatar\/09274f4a84fa97698bde56f84b3afed61c8492d48b0550db9671b68c177479cb?s=96&d=mm&r=g","contentUrl":"https:\/\/secure.gravatar.com\/avatar\/09274f4a84fa97698bde56f84b3afed61c8492d48b0550db9671b68c177479cb?s=96&d=mm&r=g","caption":"Gabriele Bassani"},"sameAs":["http:\/\/www.ilnotiziario.net"]}]}},"_links":{"self":[{"href":"https:\/\/www.ilnotiziario.net\/wp\/wp-json\/wp\/v2\/posts\/167953","targetHints":{"allow":["GET"]}}],"collection":[{"href":"https:\/\/www.ilnotiziario.net\/wp\/wp-json\/wp\/v2\/posts"}],"about":[{"href":"https:\/\/www.ilnotiziario.net\/wp\/wp-json\/wp\/v2\/types\/post"}],"author":[{"embeddable":true,"href":"https:\/\/www.ilnotiziario.net\/wp\/wp-json\/wp\/v2\/users\/3"}],"replies":[{"embeddable":true,"href":"https:\/\/www.ilnotiziario.net\/wp\/wp-json\/wp\/v2\/comments?post=167953"}],"version-history":[{"count":0,"href":"https:\/\/www.ilnotiziario.net\/wp\/wp-json\/wp\/v2\/posts\/167953\/revisions"}],"wp:featuredmedia":[{"embeddable":true,"href":"https:\/\/www.ilnotiziario.net\/wp\/wp-json\/wp\/v2\/media\/167954"}],"wp:attachment":[{"href":"https:\/\/www.ilnotiziario.net\/wp\/wp-json\/wp\/v2\/media?parent=167953"}],"wp:term":[{"taxonomy":"category","embeddable":true,"href":"https:\/\/www.ilnotiziario.net\/wp\/wp-json\/wp\/v2\/categories?post=167953"},{"taxonomy":"post_tag","embeddable":true,"href":"https:\/\/www.ilnotiziario.net\/wp\/wp-json\/wp\/v2\/tags?post=167953"}],"curies":[{"name":"wp","href":"https:\/\/api.w.org\/{rel}","templated":true}]}}