{"id":168042,"date":"2022-06-25T09:34:32","date_gmt":"2022-06-25T07:34:32","guid":{"rendered":"https:\/\/www.ilnotiziario.net\/wp\/?p=168042"},"modified":"2022-06-25T09:34:32","modified_gmt":"2022-06-25T07:34:32","slug":"tram-limbiate-milano-riunione-durgenza-tra-sindaci-regione-province-e-atm","status":"publish","type":"post","link":"https:\/\/www.ilnotiziario.net\/wp\/brianza\/tram-limbiate-milano-riunione-durgenza-tra-sindaci-regione-province-e-atm\/","title":{"rendered":"Tram Limbiate-Milano, riunione d&#8217;urgenza tra sindaci, Regione, province e Atm"},"content":{"rendered":"<p>Riunione d\u2019urgenza sul <strong>futuro del tram Limbiate-Milano in programma marted\u00ec 28<\/strong>. I sindaci della tratta interessata (Limbiate, Senago, Varedo, Paderno Dugnano e Cormano) si riuniranno insieme a Citt\u00e0 Metropolitana di Milano, Provincia di Monza e Brianza, Regione Lombardia e Atm per fare il punto della situazione.<\/p><div id=\"ilnot-1133561769\" class=\"ilnot-contenuto ilnot-entity-placement\"><p><!-- incontent_1 --><\/p>\n<div class=\"gptslot\" data-adunitid=\"1\"><\/div>\n<\/div>\n<p>La riunione \u00e8 stata fissata con urgenza <a href=\"https:\/\/www.ilnotiziario.net\/wp\/2022\/06\/23\/tram-limbiate-milano-soppresso-video\/\"><strong>dopo le proteste sollevate in questi giorn<\/strong><\/a>i dagli utenti della linea <a href=\"https:\/\/www.ilnotiziario.net\/wp\/2022\/06\/21\/il-tram-limbiate-milano-sara-soppresso-entro-lautunno\/\"><strong>di fronte all\u2019ipotesi di una cessazione del servizio in autunno.<\/strong><\/a><\/p>\n<h2>Tram Limbiate-Milano, riunione convocata dal sindaco di Paderno Dugnano&nbsp;<\/h2>\n<p>&#8220;Mi sono fatto portavoce, di una preoccupazione condivisa con i tanti utenti della linea sugli scenari pi\u00f9 prossimi rispetto al mantenimento del servizio di trasporto ed abbiamo chiesto un aggiornamento sul progetto di riqualificazione &#8211; spiega il sindaco di Paderno Dugnano Ezio Casati.<\/p><div id=\"ilnot-3829425219\" class=\"ilnot-contenuto_2 ilnot-entity-placement\"><div class=\"ads-wrapper\">\n<div class=\"ad-slot\">\n   <div id=\"ilnot-62944575\" style=\"margin-right: auto;margin-left: auto;text-align: center;width: 320px;height: 100px;\"><a href=\"https:\/\/www.scuolasicurezza.it\/\"><img decoding=\"async\" src=\"https:\/\/www.ilnotiziario.net\/wp\/wp-content\/uploads\/2026\/04\/IlNotiziario_banner-sito-e-newsletter-320-x-100-px-1.gif\" alt=\"\"><\/a><\/div>\n  <\/div>\n<div class=\"ad-slot\">\n   <div id=\"ilnot-416623674\" style=\"margin-right: auto;margin-left: auto;text-align: center;width: 320px;height: 100px;\"><a href=\"https:\/\/purodesignarredamenti.com\/\"><img decoding=\"async\" src=\"https:\/\/www.ilnotiziario.net\/wp\/wp-content\/uploads\/2026\/04\/banner-puro-ok.gif\" alt=\"whatsapp\"><\/a><\/div><\/p><\/div>\n<\/div>\n<\/div>\n<p>\u201cI temi che noi Sindaci abbiamo posto e riproporremo al tavolo di confronto riguardano la vivibilit\u00e0 dei nostri territori e una mobilit\u00e0 sicuramente condizionata dai volumi di traffico gi\u00e0 esistenti sulla SS dei Giovi, per questo riteniamo importante anche che si possa giungere in tempi certi all&#8217;avvio dei lavori su questa linea per renderla pi\u00f9 sicura, moderna e funzionale&#8221;.<\/p>\n<p>Intanto da Regione Lombardia, <a href=\"https:\/\/www.ilnotiziario.net\/wp\/2022\/06\/24\/tram-limbiate-milano-assessore-regionale-non-fermiamo-la-linea-prima-dei-lavori\/\"><strong>dopo l\u2019intervento dell\u2019assessore Terzi che chiede di non bloccare il servizio del tram<\/strong> <\/a>fino all\u2019avvio dei cantieri, interviene il consigliere Andrea Monti, vicecapogruppo della Lega.<\/p>\n<p>\u201cLa lettera di spiegazioni del Comune di Milano non spiega un bel nulla, se non l\u2019arroganza con cui il sindaco Sala agisce sulla pelle dei pendolari brianzoli. E quanto alle promesse di Palazzo Marino, non si capisce cosa significhi la \u201cpossibilit\u00e0 di tenere in esercizio la linea\u201d o quali siano le \u201cdifficolt\u00e0\u201d ventilate nel portare avanti il nuovo progetto di una metrotranvia\u201d -scrive Monti.<\/p><div id=\"ilnot-1386656566\" class=\"ilnot-contenuto_2-2 ilnot-entity-placement\"><div class=\"gptslot\" data-adunitid=\"2\"><\/div>\n<\/div>\n<h2>Tram Limbiate, Monti convoca in Regione assessore Censi e Atm&nbsp;<\/h2>\n<p>\u201cDi tutto ci\u00f2\u201d, continua il consigliere regionale, \u201cRegione Lombardia non sapeva nulla; meglio sarebbe che talune persone chiamate a rappresentare le Istituzioni imparino a confrontarsi e a dialogare sia con le altre Istituzioni, sia con i cittadini ed i Comitati, ai quali va dato spazio di risposta\u201d.<\/p>\n<p>\u201cDa parte mia\u201d, conclude Monti, \u201canticipo che invier\u00f2 all\u2019Assessore Censi una richiesta di audizione in V Commissione al Pirellone, invitando anche i vertici di Atm ed il comitato Utp, affinch\u00e9 chiarisca quale sia l\u2019attuale scenario della linea tranviaria e quale sia lo stato dell\u2019arte dei lavori della nuova metrotranvia. Dobbiamo scongiurare la chiusura di questa linea prima che inizino lavori, dato che il rischio \u00e8 che gli stessi poi non partano pi\u00f9. Noi invece vogliamo che la metrotranvia venga realizzata\u201d.<\/p>\n<p>Sfoglia il notiziario in formato digitale direttamente dal nostro sito<a href=\"http:\/\/edicola.ilnotiziario.net\"><strong> edicola.ilnotiziario.net<\/strong><\/a><\/p><div id=\"ilnot-3114439778\" class=\"ilnot-contenuto_2-2-2 ilnot-entity-placement\"><div class=\"gptslot\" data-adunitid=\"3\"><\/div>\n<\/div>\n","protected":false},"excerpt":{"rendered":"<p>Riunione d\u2019urgenza sul futuro del tram Limbiate-Milano in programma marted\u00ec 28. I sindaci della tratta interessata (Limbiate, Senago, Varedo, Paderno Dugnano e Cormano) si riuniranno insieme a Citt\u00e0 Metropolitana di Milano, Provincia di Monza e Brianza, Regione Lombardia e Atm per fare il punto della situazione. La riunione \u00e8 stata fissata con urgenza dopo le<\/p>\n","protected":false},"author":3,"featured_media":167960,"comment_status":"closed","ping_status":"closed","sticky":false,"template":"","format":"standard","meta":{"footnotes":""},"categories":[9,11,20],"tags":[51,10324,641,676,162],"class_list":{"0":"post-168042","1":"post","2":"type-post","3":"status-publish","4":"format-standard","5":"has-post-thumbnail","7":"category-brianza","8":"category-nord-milano","9":"category-prima-pagina","10":"tag-atm","11":"tag-limbiate-milano","12":"tag-regione","13":"tag-sindaci","14":"tag-tram"},"yoast_head":"<!-- This site is optimized with the Yoast SEO plugin v27.5 - https:\/\/yoast.com\/product\/yoast-seo-wordpress\/ -->\n<title>Tram Limbiate-Milano, riunione d&#039;urgenza tra sindaci, Regione, province e Atm - Il Notiziario<\/title>\n<meta name=\"description\" content=\"Riunione tra sindaci della tratta, Regione e province interessate per fare il punto sulla linea tram Limbiate-Milano\" \/>\n<meta name=\"robots\" content=\"index, follow, max-snippet:-1, max-image-preview:large, max-video-preview:-1\" \/>\n<link rel=\"canonical\" href=\"https:\/\/www.ilnotiziario.net\/wp\/brianza\/tram-limbiate-milano-riunione-durgenza-tra-sindaci-regione-province-e-atm\/\" \/>\n<meta property=\"og:locale\" content=\"it_IT\" \/>\n<meta property=\"og:type\" content=\"article\" \/>\n<meta property=\"og:title\" content=\"Tram Limbiate-Milano, riunione d&#039;urgenza tra sindaci, Regione, province e Atm - Il Notiziario\" \/>\n<meta property=\"og:description\" content=\"Riunione tra sindaci della tratta, Regione e province interessate per fare il punto sulla linea tram Limbiate-Milano\" \/>\n<meta property=\"og:url\" content=\"https:\/\/www.ilnotiziario.net\/wp\/brianza\/tram-limbiate-milano-riunione-durgenza-tra-sindaci-regione-province-e-atm\/\" \/>\n<meta property=\"og:site_name\" content=\"Il Notiziario\" \/>\n<meta property=\"article:publisher\" content=\"https:\/\/www.facebook.com\/ilnotiziarioind\/\" \/>\n<meta property=\"article:published_time\" content=\"2022-06-25T07:34:32+00:00\" \/>\n<meta property=\"og:image\" content=\"https:\/\/www.ilnotiziario.net\/wp\/wp-content\/uploads\/2022\/06\/Immagine-2022-06-23-131223-1024x467.png\" \/>\n\t<meta property=\"og:image:width\" content=\"1024\" \/>\n\t<meta property=\"og:image:height\" content=\"467\" \/>\n\t<meta property=\"og:image:type\" content=\"image\/png\" \/>\n<meta name=\"author\" content=\"Gabriele Bassani\" \/>\n<meta name=\"twitter:card\" content=\"summary_large_image\" \/>\n<meta name=\"twitter:creator\" content=\"@ilNotiziarioInd\" \/>\n<meta name=\"twitter:site\" content=\"@ilNotiziarioInd\" \/>\n<meta name=\"twitter:label1\" content=\"Scritto da\" \/>\n\t<meta name=\"twitter:data1\" content=\"Gabriele Bassani\" \/>\n\t<meta name=\"twitter:label2\" content=\"Tempo di lettura stimato\" \/>\n\t<meta name=\"twitter:data2\" content=\"3 minuti\" \/>\n<script type=\"application\/ld+json\" class=\"yoast-schema-graph\">{\"@context\":\"https:\\\/\\\/schema.org\",\"@graph\":[{\"@type\":\"Article\",\"@id\":\"https:\\\/\\\/www.ilnotiziario.net\\\/wp\\\/brianza\\\/tram-limbiate-milano-riunione-durgenza-tra-sindaci-regione-province-e-atm\\\/#article\",\"isPartOf\":{\"@id\":\"https:\\\/\\\/www.ilnotiziario.net\\\/wp\\\/brianza\\\/tram-limbiate-milano-riunione-durgenza-tra-sindaci-regione-province-e-atm\\\/\"},\"author\":{\"name\":\"Gabriele Bassani\",\"@id\":\"https:\\\/\\\/www.ilnotiziario.net\\\/wp\\\/#\\\/schema\\\/person\\\/386e222908f898bb41c033989482bbf2\"},\"headline\":\"Tram Limbiate-Milano, riunione d&#8217;urgenza tra sindaci, Regione, province e Atm\",\"datePublished\":\"2022-06-25T07:34:32+00:00\",\"mainEntityOfPage\":{\"@id\":\"https:\\\/\\\/www.ilnotiziario.net\\\/wp\\\/brianza\\\/tram-limbiate-milano-riunione-durgenza-tra-sindaci-regione-province-e-atm\\\/\"},\"wordCount\":449,\"publisher\":{\"@id\":\"https:\\\/\\\/www.ilnotiziario.net\\\/wp\\\/#organization\"},\"image\":{\"@id\":\"https:\\\/\\\/www.ilnotiziario.net\\\/wp\\\/brianza\\\/tram-limbiate-milano-riunione-durgenza-tra-sindaci-regione-province-e-atm\\\/#primaryimage\"},\"thumbnailUrl\":\"https:\\\/\\\/www.ilnotiziario.net\\\/wp\\\/wp-content\\\/uploads\\\/2022\\\/06\\\/Immagine-2022-06-23-131223.png\",\"keywords\":[\"Atm\",\"Limbiate-Milano\",\"Regione\",\"sindaci\",\"tram\"],\"articleSection\":[\"BRIANZA\",\"NORD MILANO\",\"Prima Pagina\"],\"inLanguage\":\"it-IT\"},{\"@type\":\"WebPage\",\"@id\":\"https:\\\/\\\/www.ilnotiziario.net\\\/wp\\\/brianza\\\/tram-limbiate-milano-riunione-durgenza-tra-sindaci-regione-province-e-atm\\\/\",\"url\":\"https:\\\/\\\/www.ilnotiziario.net\\\/wp\\\/brianza\\\/tram-limbiate-milano-riunione-durgenza-tra-sindaci-regione-province-e-atm\\\/\",\"name\":\"Tram Limbiate-Milano, riunione d'urgenza tra sindaci, Regione, province e Atm - Il Notiziario\",\"isPartOf\":{\"@id\":\"https:\\\/\\\/www.ilnotiziario.net\\\/wp\\\/#website\"},\"primaryImageOfPage\":{\"@id\":\"https:\\\/\\\/www.ilnotiziario.net\\\/wp\\\/brianza\\\/tram-limbiate-milano-riunione-durgenza-tra-sindaci-regione-province-e-atm\\\/#primaryimage\"},\"image\":{\"@id\":\"https:\\\/\\\/www.ilnotiziario.net\\\/wp\\\/brianza\\\/tram-limbiate-milano-riunione-durgenza-tra-sindaci-regione-province-e-atm\\\/#primaryimage\"},\"thumbnailUrl\":\"https:\\\/\\\/www.ilnotiziario.net\\\/wp\\\/wp-content\\\/uploads\\\/2022\\\/06\\\/Immagine-2022-06-23-131223.png\",\"datePublished\":\"2022-06-25T07:34:32+00:00\",\"description\":\"Riunione tra sindaci della tratta, Regione e province interessate per fare il punto sulla linea tram Limbiate-Milano\",\"breadcrumb\":{\"@id\":\"https:\\\/\\\/www.ilnotiziario.net\\\/wp\\\/brianza\\\/tram-limbiate-milano-riunione-durgenza-tra-sindaci-regione-province-e-atm\\\/#breadcrumb\"},\"inLanguage\":\"it-IT\",\"potentialAction\":[{\"@type\":\"ReadAction\",\"target\":[\"https:\\\/\\\/www.ilnotiziario.net\\\/wp\\\/brianza\\\/tram-limbiate-milano-riunione-durgenza-tra-sindaci-regione-province-e-atm\\\/\"]}]},{\"@type\":\"ImageObject\",\"inLanguage\":\"it-IT\",\"@id\":\"https:\\\/\\\/www.ilnotiziario.net\\\/wp\\\/brianza\\\/tram-limbiate-milano-riunione-durgenza-tra-sindaci-regione-province-e-atm\\\/#primaryimage\",\"url\":\"https:\\\/\\\/www.ilnotiziario.net\\\/wp\\\/wp-content\\\/uploads\\\/2022\\\/06\\\/Immagine-2022-06-23-131223.png\",\"contentUrl\":\"https:\\\/\\\/www.ilnotiziario.net\\\/wp\\\/wp-content\\\/uploads\\\/2022\\\/06\\\/Immagine-2022-06-23-131223.png\",\"width\":1626,\"height\":742,\"caption\":\"Utenti scendono dal tram al capolinea di Milano Comasina M3\"},{\"@type\":\"BreadcrumbList\",\"@id\":\"https:\\\/\\\/www.ilnotiziario.net\\\/wp\\\/brianza\\\/tram-limbiate-milano-riunione-durgenza-tra-sindaci-regione-province-e-atm\\\/#breadcrumb\",\"itemListElement\":[{\"@type\":\"ListItem\",\"position\":1,\"name\":\"tds_text_logo_tagline_colortds_text_logo_tagline_colortds_text_logo_tagline_colortds_text_logo_tagline_colortd_module_7_title_excerpttd_module_7_title_excerpttd_module_7_title_excerpttd_module_7_title_excerptHome\",\"item\":\"https:\\\/\\\/www.ilnotiziario.net\\\/wp\\\/\"},{\"@type\":\"ListItem\",\"position\":2,\"name\":\"Tram Limbiate-Milano, riunione d&#8217;urgenza tra sindaci, Regione, province e Atm\"}]},{\"@type\":\"WebSite\",\"@id\":\"https:\\\/\\\/www.ilnotiziario.net\\\/wp\\\/#website\",\"url\":\"https:\\\/\\\/www.ilnotiziario.net\\\/wp\\\/\",\"name\":\"Il Notiziario\",\"description\":\"Per restare sempre connessi alla notizia\",\"publisher\":{\"@id\":\"https:\\\/\\\/www.ilnotiziario.net\\\/wp\\\/#organization\"},\"alternateName\":\"Il Notiziario Bollate\",\"potentialAction\":[{\"@type\":\"SearchAction\",\"target\":{\"@type\":\"EntryPoint\",\"urlTemplate\":\"https:\\\/\\\/www.ilnotiziario.net\\\/wp\\\/?s={search_term_string}\"},\"query-input\":{\"@type\":\"PropertyValueSpecification\",\"valueRequired\":true,\"valueName\":\"search_term_string\"}}],\"inLanguage\":\"it-IT\"},{\"@type\":\"Organization\",\"@id\":\"https:\\\/\\\/www.ilnotiziario.net\\\/wp\\\/#organization\",\"name\":\"Il Notiziario\",\"url\":\"https:\\\/\\\/www.ilnotiziario.net\\\/wp\\\/\",\"logo\":{\"@type\":\"ImageObject\",\"inLanguage\":\"it-IT\",\"@id\":\"https:\\\/\\\/www.ilnotiziario.net\\\/wp\\\/#\\\/schema\\\/logo\\\/image\\\/\",\"url\":\"https:\\\/\\\/www.ilnotiziario.net\\\/wp\\\/wp-content\\\/uploads\\\/2022\\\/06\\\/170x170ilN.png\",\"contentUrl\":\"https:\\\/\\\/www.ilnotiziario.net\\\/wp\\\/wp-content\\\/uploads\\\/2022\\\/06\\\/170x170ilN.png\",\"width\":355,\"height\":355,\"caption\":\"Il Notiziario\"},\"image\":{\"@id\":\"https:\\\/\\\/www.ilnotiziario.net\\\/wp\\\/#\\\/schema\\\/logo\\\/image\\\/\"},\"sameAs\":[\"https:\\\/\\\/www.facebook.com\\\/ilnotiziarioind\\\/\",\"https:\\\/\\\/x.com\\\/ilNotiziarioInd\",\"https:\\\/\\\/www.instagram.com\\\/ilnotiziario_settimanale\\\/\"]},{\"@type\":\"Person\",\"@id\":\"https:\\\/\\\/www.ilnotiziario.net\\\/wp\\\/#\\\/schema\\\/person\\\/386e222908f898bb41c033989482bbf2\",\"name\":\"Gabriele Bassani\",\"image\":{\"@type\":\"ImageObject\",\"inLanguage\":\"it-IT\",\"@id\":\"https:\\\/\\\/secure.gravatar.com\\\/avatar\\\/09274f4a84fa97698bde56f84b3afed61c8492d48b0550db9671b68c177479cb?s=96&d=mm&r=g\",\"url\":\"https:\\\/\\\/secure.gravatar.com\\\/avatar\\\/09274f4a84fa97698bde56f84b3afed61c8492d48b0550db9671b68c177479cb?s=96&d=mm&r=g\",\"contentUrl\":\"https:\\\/\\\/secure.gravatar.com\\\/avatar\\\/09274f4a84fa97698bde56f84b3afed61c8492d48b0550db9671b68c177479cb?s=96&d=mm&r=g\",\"caption\":\"Gabriele Bassani\"},\"sameAs\":[\"http:\\\/\\\/www.ilnotiziario.net\"]}]}<\/script>\n<!-- \/ Yoast SEO plugin. -->","yoast_head_json":{"title":"Tram Limbiate-Milano, riunione d'urgenza tra sindaci, Regione, province e Atm - Il Notiziario","description":"Riunione tra sindaci della tratta, Regione e province interessate per fare il punto sulla linea tram Limbiate-Milano","robots":{"index":"index","follow":"follow","max-snippet":"max-snippet:-1","max-image-preview":"max-image-preview:large","max-video-preview":"max-video-preview:-1"},"canonical":"https:\/\/www.ilnotiziario.net\/wp\/brianza\/tram-limbiate-milano-riunione-durgenza-tra-sindaci-regione-province-e-atm\/","og_locale":"it_IT","og_type":"article","og_title":"Tram Limbiate-Milano, riunione d'urgenza tra sindaci, Regione, province e Atm - Il Notiziario","og_description":"Riunione tra sindaci della tratta, Regione e province interessate per fare il punto sulla linea tram Limbiate-Milano","og_url":"https:\/\/www.ilnotiziario.net\/wp\/brianza\/tram-limbiate-milano-riunione-durgenza-tra-sindaci-regione-province-e-atm\/","og_site_name":"Il Notiziario","article_publisher":"https:\/\/www.facebook.com\/ilnotiziarioind\/","article_published_time":"2022-06-25T07:34:32+00:00","og_image":[{"width":1024,"height":467,"url":"https:\/\/www.ilnotiziario.net\/wp\/wp-content\/uploads\/2022\/06\/Immagine-2022-06-23-131223-1024x467.png","type":"image\/png"}],"author":"Gabriele Bassani","twitter_card":"summary_large_image","twitter_creator":"@ilNotiziarioInd","twitter_site":"@ilNotiziarioInd","twitter_misc":{"Scritto da":"Gabriele Bassani","Tempo di lettura stimato":"3 minuti"},"schema":{"@context":"https:\/\/schema.org","@graph":[{"@type":"Article","@id":"https:\/\/www.ilnotiziario.net\/wp\/brianza\/tram-limbiate-milano-riunione-durgenza-tra-sindaci-regione-province-e-atm\/#article","isPartOf":{"@id":"https:\/\/www.ilnotiziario.net\/wp\/brianza\/tram-limbiate-milano-riunione-durgenza-tra-sindaci-regione-province-e-atm\/"},"author":{"name":"Gabriele Bassani","@id":"https:\/\/www.ilnotiziario.net\/wp\/#\/schema\/person\/386e222908f898bb41c033989482bbf2"},"headline":"Tram Limbiate-Milano, riunione d&#8217;urgenza tra sindaci, Regione, province e Atm","datePublished":"2022-06-25T07:34:32+00:00","mainEntityOfPage":{"@id":"https:\/\/www.ilnotiziario.net\/wp\/brianza\/tram-limbiate-milano-riunione-durgenza-tra-sindaci-regione-province-e-atm\/"},"wordCount":449,"publisher":{"@id":"https:\/\/www.ilnotiziario.net\/wp\/#organization"},"image":{"@id":"https:\/\/www.ilnotiziario.net\/wp\/brianza\/tram-limbiate-milano-riunione-durgenza-tra-sindaci-regione-province-e-atm\/#primaryimage"},"thumbnailUrl":"https:\/\/www.ilnotiziario.net\/wp\/wp-content\/uploads\/2022\/06\/Immagine-2022-06-23-131223.png","keywords":["Atm","Limbiate-Milano","Regione","sindaci","tram"],"articleSection":["BRIANZA","NORD MILANO","Prima Pagina"],"inLanguage":"it-IT"},{"@type":"WebPage","@id":"https:\/\/www.ilnotiziario.net\/wp\/brianza\/tram-limbiate-milano-riunione-durgenza-tra-sindaci-regione-province-e-atm\/","url":"https:\/\/www.ilnotiziario.net\/wp\/brianza\/tram-limbiate-milano-riunione-durgenza-tra-sindaci-regione-province-e-atm\/","name":"Tram Limbiate-Milano, riunione d'urgenza tra sindaci, Regione, province e Atm - Il Notiziario","isPartOf":{"@id":"https:\/\/www.ilnotiziario.net\/wp\/#website"},"primaryImageOfPage":{"@id":"https:\/\/www.ilnotiziario.net\/wp\/brianza\/tram-limbiate-milano-riunione-durgenza-tra-sindaci-regione-province-e-atm\/#primaryimage"},"image":{"@id":"https:\/\/www.ilnotiziario.net\/wp\/brianza\/tram-limbiate-milano-riunione-durgenza-tra-sindaci-regione-province-e-atm\/#primaryimage"},"thumbnailUrl":"https:\/\/www.ilnotiziario.net\/wp\/wp-content\/uploads\/2022\/06\/Immagine-2022-06-23-131223.png","datePublished":"2022-06-25T07:34:32+00:00","description":"Riunione tra sindaci della tratta, Regione e province interessate per fare il punto sulla linea tram Limbiate-Milano","breadcrumb":{"@id":"https:\/\/www.ilnotiziario.net\/wp\/brianza\/tram-limbiate-milano-riunione-durgenza-tra-sindaci-regione-province-e-atm\/#breadcrumb"},"inLanguage":"it-IT","potentialAction":[{"@type":"ReadAction","target":["https:\/\/www.ilnotiziario.net\/wp\/brianza\/tram-limbiate-milano-riunione-durgenza-tra-sindaci-regione-province-e-atm\/"]}]},{"@type":"ImageObject","inLanguage":"it-IT","@id":"https:\/\/www.ilnotiziario.net\/wp\/brianza\/tram-limbiate-milano-riunione-durgenza-tra-sindaci-regione-province-e-atm\/#primaryimage","url":"https:\/\/www.ilnotiziario.net\/wp\/wp-content\/uploads\/2022\/06\/Immagine-2022-06-23-131223.png","contentUrl":"https:\/\/www.ilnotiziario.net\/wp\/wp-content\/uploads\/2022\/06\/Immagine-2022-06-23-131223.png","width":1626,"height":742,"caption":"Utenti scendono dal tram al capolinea di Milano Comasina M3"},{"@type":"BreadcrumbList","@id":"https:\/\/www.ilnotiziario.net\/wp\/brianza\/tram-limbiate-milano-riunione-durgenza-tra-sindaci-regione-province-e-atm\/#breadcrumb","itemListElement":[{"@type":"ListItem","position":1,"name":"tds_text_logo_tagline_colortds_text_logo_tagline_colortds_text_logo_tagline_colortds_text_logo_tagline_colortd_module_7_title_excerpttd_module_7_title_excerpttd_module_7_title_excerpttd_module_7_title_excerptHome","item":"https:\/\/www.ilnotiziario.net\/wp\/"},{"@type":"ListItem","position":2,"name":"Tram Limbiate-Milano, riunione d&#8217;urgenza tra sindaci, Regione, province e Atm"}]},{"@type":"WebSite","@id":"https:\/\/www.ilnotiziario.net\/wp\/#website","url":"https:\/\/www.ilnotiziario.net\/wp\/","name":"Il Notiziario","description":"Per restare sempre connessi alla notizia","publisher":{"@id":"https:\/\/www.ilnotiziario.net\/wp\/#organization"},"alternateName":"Il Notiziario Bollate","potentialAction":[{"@type":"SearchAction","target":{"@type":"EntryPoint","urlTemplate":"https:\/\/www.ilnotiziario.net\/wp\/?s={search_term_string}"},"query-input":{"@type":"PropertyValueSpecification","valueRequired":true,"valueName":"search_term_string"}}],"inLanguage":"it-IT"},{"@type":"Organization","@id":"https:\/\/www.ilnotiziario.net\/wp\/#organization","name":"Il Notiziario","url":"https:\/\/www.ilnotiziario.net\/wp\/","logo":{"@type":"ImageObject","inLanguage":"it-IT","@id":"https:\/\/www.ilnotiziario.net\/wp\/#\/schema\/logo\/image\/","url":"https:\/\/www.ilnotiziario.net\/wp\/wp-content\/uploads\/2022\/06\/170x170ilN.png","contentUrl":"https:\/\/www.ilnotiziario.net\/wp\/wp-content\/uploads\/2022\/06\/170x170ilN.png","width":355,"height":355,"caption":"Il Notiziario"},"image":{"@id":"https:\/\/www.ilnotiziario.net\/wp\/#\/schema\/logo\/image\/"},"sameAs":["https:\/\/www.facebook.com\/ilnotiziarioind\/","https:\/\/x.com\/ilNotiziarioInd","https:\/\/www.instagram.com\/ilnotiziario_settimanale\/"]},{"@type":"Person","@id":"https:\/\/www.ilnotiziario.net\/wp\/#\/schema\/person\/386e222908f898bb41c033989482bbf2","name":"Gabriele Bassani","image":{"@type":"ImageObject","inLanguage":"it-IT","@id":"https:\/\/secure.gravatar.com\/avatar\/09274f4a84fa97698bde56f84b3afed61c8492d48b0550db9671b68c177479cb?s=96&d=mm&r=g","url":"https:\/\/secure.gravatar.com\/avatar\/09274f4a84fa97698bde56f84b3afed61c8492d48b0550db9671b68c177479cb?s=96&d=mm&r=g","contentUrl":"https:\/\/secure.gravatar.com\/avatar\/09274f4a84fa97698bde56f84b3afed61c8492d48b0550db9671b68c177479cb?s=96&d=mm&r=g","caption":"Gabriele Bassani"},"sameAs":["http:\/\/www.ilnotiziario.net"]}]}},"_links":{"self":[{"href":"https:\/\/www.ilnotiziario.net\/wp\/wp-json\/wp\/v2\/posts\/168042","targetHints":{"allow":["GET"]}}],"collection":[{"href":"https:\/\/www.ilnotiziario.net\/wp\/wp-json\/wp\/v2\/posts"}],"about":[{"href":"https:\/\/www.ilnotiziario.net\/wp\/wp-json\/wp\/v2\/types\/post"}],"author":[{"embeddable":true,"href":"https:\/\/www.ilnotiziario.net\/wp\/wp-json\/wp\/v2\/users\/3"}],"replies":[{"embeddable":true,"href":"https:\/\/www.ilnotiziario.net\/wp\/wp-json\/wp\/v2\/comments?post=168042"}],"version-history":[{"count":0,"href":"https:\/\/www.ilnotiziario.net\/wp\/wp-json\/wp\/v2\/posts\/168042\/revisions"}],"wp:featuredmedia":[{"embeddable":true,"href":"https:\/\/www.ilnotiziario.net\/wp\/wp-json\/wp\/v2\/media\/167960"}],"wp:attachment":[{"href":"https:\/\/www.ilnotiziario.net\/wp\/wp-json\/wp\/v2\/media?parent=168042"}],"wp:term":[{"taxonomy":"category","embeddable":true,"href":"https:\/\/www.ilnotiziario.net\/wp\/wp-json\/wp\/v2\/categories?post=168042"},{"taxonomy":"post_tag","embeddable":true,"href":"https:\/\/www.ilnotiziario.net\/wp\/wp-json\/wp\/v2\/tags?post=168042"}],"curies":[{"name":"wp","href":"https:\/\/api.w.org\/{rel}","templated":true}]}}