{"id":168121,"date":"2022-06-28T12:05:40","date_gmt":"2022-06-28T10:05:40","guid":{"rendered":"https:\/\/www.ilnotiziario.net\/wp\/?p=168121"},"modified":"2022-06-28T14:41:45","modified_gmt":"2022-06-28T12:41:45","slug":"disagio-giovanile-dispersione-scolastica-saronno","status":"publish","type":"post","link":"https:\/\/www.ilnotiziario.net\/wp\/prima-pagina\/disagio-giovanile-dispersione-scolastica-saronno\/","title":{"rendered":"Disagio giovanile e dispersione scolastica: a Saronno il dibattito di Azione"},"content":{"rendered":"<p>&#8220;Pre-adolescenti, adolescenti e giovani: dalla crisi alla crescita&#8221;: \u00e8 il titolo della serata promossa da Azione Saronno all\u2019auditorium Aldo Moro, finalizzato ad approfondire il tema del sempre pi\u00f9 diffuso disagio giovanile.&nbsp;<\/p><div id=\"ilnot-2308943089\" class=\"ilnot-contenuto ilnot-entity-placement\"><p><!-- incontent_1 --><\/p>\n<div class=\"gptslot\" data-adunitid=\"1\"><\/div>\n<\/div>\n<p>Un caldo torrido e l\u2019assenza di aria condizionata, la concomitanza di altri eventi e la complessit\u00e0 delle questioni affrontate non hanno impedito che la sala si riempisse di oltre 100 persone e che rimanesse piena fino al termine dell\u2019evento (e oltre), con <strong>numerosi interventi dal pubblico e una nutrita presenza di rappresentanti politici<\/strong>, a partire da Ilaria Pagani, assessore a Coesione Sociale, Servizi alla Persona e Politiche per le Famiglie.<\/p>\n<p>Questi i relatori: Katia Montalbetti, Angela Lischetti, Matteo Fabris, Ivano Zoppi, Simona Ciceri e don Federico Bareggi: hanno dato vita a un susseguirsi di interventi di taglio diverso, alcuni pi\u00f9 accademici e altri pi\u00f9 \u201cdal campo\u201d, consentendo al pubblico di farsi un\u2019idea di cosa stia avvenendo realmente da diversi punti di vista.<\/p><div id=\"ilnot-3081492291\" class=\"ilnot-contenuto_2 ilnot-entity-placement\"><div class=\"ads-wrapper\">\n<div class=\"ad-slot\">\n   <div id=\"ilnot-3822236571\" style=\"margin-right: auto;margin-left: auto;text-align: center;width: 320px;height: 100px;\"><a href=\"https:\/\/www.scuolasicurezza.it\/\"><img decoding=\"async\" src=\"https:\/\/www.ilnotiziario.net\/wp\/wp-content\/uploads\/2026\/04\/IlNotiziario_banner-sito-e-newsletter-320-x-100-px-1.gif\" alt=\"\"><\/a><\/div>\n  <\/div>\n<div class=\"ad-slot\">\n   <div id=\"ilnot-208251418\" style=\"margin-right: auto;margin-left: auto;text-align: center;width: 320px;height: 100px;\"><a href=\"https:\/\/purodesignarredamenti.com\/\"><img decoding=\"async\" src=\"https:\/\/www.ilnotiziario.net\/wp\/wp-content\/uploads\/2026\/04\/banner-puro-ok.gif\" alt=\"whatsapp\"><\/a><\/div><\/p><\/div>\n<\/div>\n<\/div>\n<h2><strong>Dispersione scolastica in aumento a Saronno e dintorni&nbsp;<\/strong><\/h2>\n<p>Ad allarmare \u00e8 il dato della <strong>dispersione scolastica, in netto aumento: in Italia \u00e8 pari al 13,67%<\/strong> (la media europea \u00e8 intorno al 9%). Lo stesso si osserva per il fenomeno dei NEET (Not in Education, Employment or Training), indicatore della&nbsp; quota di popolazione d&#8217;et\u00e0 compresa fra i 15 e i 29 anni che non \u00e8 n\u00e9 occupata n\u00e9 inserita in un percorso di istruzione o formazione.: circa il 20% in Italia, il 17,7% in Lombardia, il 18,7% in Provincia di Varese.<\/p>\n<p>Questi dati sono riportati dalla Relazione del Garante per l\u2019infanzia e l\u2019Adolescenza di giugno 2022.&nbsp;<\/p>\n<h2><strong>A Saronno 2,48 euro pro-capite per politiche giovanili, a Caronno 0,14.<\/strong><\/h2>\n<p>In tema di risorse, il PNRR prevede una componente dedicata a infrastrutture sociali, famiglie, comunit\u00e0 e Terzo settore all\u2019interno della Missione 5. La Regione Lombardia ha stanziato poi ulteriori risorse, fra cui <strong>1,2 milioni di euro per la promozione del Voucher Adolescenti.<\/strong><\/p><div id=\"ilnot-3841392686\" class=\"ilnot-contenuto_2-2 ilnot-entity-placement\"><div class=\"gptslot\" data-adunitid=\"2\"><\/div>\n<\/div>\n<p>Dal dibattito \u00e8 emerso che gli enti locali devono riconoscere la priorit\u00e0 di questi temi, anche a scapito di altri: le risorse sulla neuropsichiatria infantile sono stabili da 20 anni a questa parte, sebbene il bisogno sia in aumento e le liste di attesa siano molto lunghe. Stando poi ai dati di OpenPolis 2019, <strong>il Comune di Saronno spende 2,48 euro pro-capite per politiche giovanili,<\/strong> il Comune di Caronno Pertusella 0,14 euro.<\/p>\n<p>Come rispondere a questa emergenza? Tutti i relatori hanno riconosciuto come primo passo decisivo un\u2019<strong>alleanza strategica tra amministrazioni, operatori, istituzioni e associazioni.<\/strong> Non solo un fecondo confronto, ma una strutturale co-programmazione, a partire dal ruolo degli enti del terzo settore.&nbsp;<\/p>\n<h2><strong>Azione contro la dispersione scolastica: serve nuovo patto educativo<\/strong><\/h2>\n<p>In conclusione: tutte le volte che si parla di sviluppo e di sviluppo intelligente non si pu\u00f2 omettere il tema delle comunit\u00e0 e delle connessioni, delle relazioni e delle reti; la co-programmazione non dovrebbe riguardare le politiche sociali come tema isolato, ma le \u201cpolitiche pubbliche integrate\u201d, in cui la cosiddetta \u201csociet\u00e0 del bisogno\u201d possa portare il proprio contributo in termini di <strong>analisi dei bisogni, individuazione degli interventi e delle risorse necessari<\/strong>e.<\/p><div id=\"ilnot-1502336137\" class=\"ilnot-contenuto_2-2-2 ilnot-entity-placement\"><div class=\"gptslot\" data-adunitid=\"3\"><\/div>\n<\/div>\n<p>&#8220;Azione con questo evento ha voluto avviare un confronto con associazioni, enti e istituzioni per immaginare un nuovo patto educativo per le nostre citt\u00e0 &#8211; sottolineano i promotori della serata &#8211; Invitiamo tutti a incontrarci e a inviarci proposte&#8221;.<\/p>\n<p>Sfoglia il notiziario in formato digitale direttamente dal nostro sito <strong><a href=\"http:\/\/edicola.ilnotiziario.net\">edicola.ilnotiziario.net&nbsp;<\/a>&nbsp;<\/strong><\/p>\n","protected":false},"excerpt":{"rendered":"<p>&#8220;Pre-adolescenti, adolescenti e giovani: dalla crisi alla crescita&#8221;: \u00e8 il titolo della serata promossa da Azione Saronno all\u2019auditorium Aldo Moro, finalizzato ad approfondire il tema del sempre pi\u00f9 diffuso disagio giovanile.&nbsp; Un caldo torrido e l\u2019assenza di aria condizionata, la concomitanza di altri eventi e la complessit\u00e0 delle questioni affrontate non hanno impedito che la<\/p>\n","protected":false},"author":6,"featured_media":168122,"comment_status":"closed","ping_status":"closed","sticky":false,"template":"","format":"standard","meta":{"footnotes":""},"categories":[20,14],"tags":[4146,2003,10334,56],"class_list":{"0":"post-168121","1":"post","2":"type-post","3":"status-publish","4":"format-standard","5":"has-post-thumbnail","7":"category-prima-pagina","8":"category-saronno","9":"tag-azione","10":"tag-disagio","11":"tag-dispersione-scolastica","12":"tag-saronno-2"},"yoast_head":"<!-- This site is optimized with the Yoast SEO plugin v27.4 - https:\/\/yoast.com\/product\/yoast-seo-wordpress\/ -->\n<title>Disagio giovanile e dispersione scolastica: a Saronno il dibattito di Azione - Il Notiziario<\/title>\n<meta name=\"description\" content=\"&quot;Pre-adolescenti, adolescenti e giovani: dalla crisi alla crescita&quot;: \u00e8 il titolo della serata promossa da Azione Saronno all\u2019auditorium Aldo Moro, A Saronno successo del dibattito di Azione su disagio giovanile e dispersione scolastica\" \/>\n<meta name=\"robots\" content=\"index, follow, max-snippet:-1, max-image-preview:large, max-video-preview:-1\" \/>\n<link rel=\"canonical\" href=\"https:\/\/www.ilnotiziario.net\/wp\/prima-pagina\/disagio-giovanile-dispersione-scolastica-saronno\/\" \/>\n<meta property=\"og:locale\" content=\"it_IT\" \/>\n<meta property=\"og:type\" content=\"article\" \/>\n<meta property=\"og:title\" content=\"Disagio giovanile e dispersione scolastica: a Saronno il dibattito di Azione - Il Notiziario\" \/>\n<meta property=\"og:description\" content=\"&quot;Pre-adolescenti, adolescenti e giovani: dalla crisi alla crescita&quot;: \u00e8 il titolo della serata promossa da Azione Saronno all\u2019auditorium Aldo Moro, A Saronno successo del dibattito di Azione su disagio giovanile e dispersione scolastica\" \/>\n<meta property=\"og:url\" content=\"https:\/\/www.ilnotiziario.net\/wp\/prima-pagina\/disagio-giovanile-dispersione-scolastica-saronno\/\" \/>\n<meta property=\"og:site_name\" content=\"Il Notiziario\" \/>\n<meta property=\"article:publisher\" content=\"https:\/\/www.facebook.com\/ilnotiziarioind\/\" \/>\n<meta property=\"article:published_time\" content=\"2022-06-28T10:05:40+00:00\" \/>\n<meta property=\"article:modified_time\" content=\"2022-06-28T12:41:45+00:00\" \/>\n<meta property=\"og:image\" content=\"https:\/\/www.ilnotiziario.net\/wp\/wp-content\/uploads\/2022\/06\/27-giugno-Saronno.jpeg\" \/>\n\t<meta property=\"og:image:width\" content=\"1599\" \/>\n\t<meta property=\"og:image:height\" content=\"904\" \/>\n\t<meta property=\"og:image:type\" content=\"image\/jpeg\" \/>\n<meta name=\"author\" content=\"Stefano Di Maria\" \/>\n<meta name=\"twitter:card\" content=\"summary_large_image\" \/>\n<meta name=\"twitter:creator\" content=\"@ilNotiziarioInd\" \/>\n<meta name=\"twitter:site\" content=\"@ilNotiziarioInd\" \/>\n<meta name=\"twitter:label1\" content=\"Scritto da\" \/>\n\t<meta name=\"twitter:data1\" content=\"Stefano Di Maria\" \/>\n\t<meta name=\"twitter:label2\" content=\"Tempo di lettura stimato\" \/>\n\t<meta name=\"twitter:data2\" content=\"3 minuti\" \/>\n<script type=\"application\/ld+json\" class=\"yoast-schema-graph\">{\"@context\":\"https:\\\/\\\/schema.org\",\"@graph\":[{\"@type\":\"Article\",\"@id\":\"https:\\\/\\\/www.ilnotiziario.net\\\/wp\\\/prima-pagina\\\/disagio-giovanile-dispersione-scolastica-saronno\\\/#article\",\"isPartOf\":{\"@id\":\"https:\\\/\\\/www.ilnotiziario.net\\\/wp\\\/prima-pagina\\\/disagio-giovanile-dispersione-scolastica-saronno\\\/\"},\"author\":{\"name\":\"Stefano Di Maria\",\"@id\":\"https:\\\/\\\/www.ilnotiziario.net\\\/wp\\\/#\\\/schema\\\/person\\\/82fdd8795bbed42a4164047853b6efe7\"},\"headline\":\"Disagio giovanile e dispersione scolastica: a Saronno il dibattito di Azione\",\"datePublished\":\"2022-06-28T10:05:40+00:00\",\"dateModified\":\"2022-06-28T12:41:45+00:00\",\"mainEntityOfPage\":{\"@id\":\"https:\\\/\\\/www.ilnotiziario.net\\\/wp\\\/prima-pagina\\\/disagio-giovanile-dispersione-scolastica-saronno\\\/\"},\"wordCount\":559,\"publisher\":{\"@id\":\"https:\\\/\\\/www.ilnotiziario.net\\\/wp\\\/#organization\"},\"image\":{\"@id\":\"https:\\\/\\\/www.ilnotiziario.net\\\/wp\\\/prima-pagina\\\/disagio-giovanile-dispersione-scolastica-saronno\\\/#primaryimage\"},\"thumbnailUrl\":\"https:\\\/\\\/www.ilnotiziario.net\\\/wp\\\/wp-content\\\/uploads\\\/2022\\\/06\\\/27-giugno-Saronno.jpeg\",\"keywords\":[\"azione\",\"disagio\",\"dispersione scolastica\",\"Saronno\"],\"articleSection\":[\"Prima Pagina\",\"SARONNO\"],\"inLanguage\":\"it-IT\"},{\"@type\":\"WebPage\",\"@id\":\"https:\\\/\\\/www.ilnotiziario.net\\\/wp\\\/prima-pagina\\\/disagio-giovanile-dispersione-scolastica-saronno\\\/\",\"url\":\"https:\\\/\\\/www.ilnotiziario.net\\\/wp\\\/prima-pagina\\\/disagio-giovanile-dispersione-scolastica-saronno\\\/\",\"name\":\"Disagio giovanile e dispersione scolastica: a Saronno il dibattito di Azione - Il Notiziario\",\"isPartOf\":{\"@id\":\"https:\\\/\\\/www.ilnotiziario.net\\\/wp\\\/#website\"},\"primaryImageOfPage\":{\"@id\":\"https:\\\/\\\/www.ilnotiziario.net\\\/wp\\\/prima-pagina\\\/disagio-giovanile-dispersione-scolastica-saronno\\\/#primaryimage\"},\"image\":{\"@id\":\"https:\\\/\\\/www.ilnotiziario.net\\\/wp\\\/prima-pagina\\\/disagio-giovanile-dispersione-scolastica-saronno\\\/#primaryimage\"},\"thumbnailUrl\":\"https:\\\/\\\/www.ilnotiziario.net\\\/wp\\\/wp-content\\\/uploads\\\/2022\\\/06\\\/27-giugno-Saronno.jpeg\",\"datePublished\":\"2022-06-28T10:05:40+00:00\",\"dateModified\":\"2022-06-28T12:41:45+00:00\",\"description\":\"\\\"Pre-adolescenti, adolescenti e giovani: dalla crisi alla crescita\\\": \u00e8 il titolo della serata promossa da Azione Saronno all\u2019auditorium Aldo Moro, A Saronno successo del dibattito di Azione su disagio giovanile e dispersione scolastica\",\"breadcrumb\":{\"@id\":\"https:\\\/\\\/www.ilnotiziario.net\\\/wp\\\/prima-pagina\\\/disagio-giovanile-dispersione-scolastica-saronno\\\/#breadcrumb\"},\"inLanguage\":\"it-IT\",\"potentialAction\":[{\"@type\":\"ReadAction\",\"target\":[\"https:\\\/\\\/www.ilnotiziario.net\\\/wp\\\/prima-pagina\\\/disagio-giovanile-dispersione-scolastica-saronno\\\/\"]}]},{\"@type\":\"ImageObject\",\"inLanguage\":\"it-IT\",\"@id\":\"https:\\\/\\\/www.ilnotiziario.net\\\/wp\\\/prima-pagina\\\/disagio-giovanile-dispersione-scolastica-saronno\\\/#primaryimage\",\"url\":\"https:\\\/\\\/www.ilnotiziario.net\\\/wp\\\/wp-content\\\/uploads\\\/2022\\\/06\\\/27-giugno-Saronno.jpeg\",\"contentUrl\":\"https:\\\/\\\/www.ilnotiziario.net\\\/wp\\\/wp-content\\\/uploads\\\/2022\\\/06\\\/27-giugno-Saronno.jpeg\",\"width\":1599,\"height\":904,\"caption\":\"I relatori presenti alla serata\"},{\"@type\":\"BreadcrumbList\",\"@id\":\"https:\\\/\\\/www.ilnotiziario.net\\\/wp\\\/prima-pagina\\\/disagio-giovanile-dispersione-scolastica-saronno\\\/#breadcrumb\",\"itemListElement\":[{\"@type\":\"ListItem\",\"position\":1,\"name\":\"tds_text_logo_tagline_colortds_text_logo_tagline_colortds_text_logo_tagline_colortds_text_logo_tagline_colortd_module_7_title_excerpttd_module_7_title_excerpttd_module_7_title_excerpttd_module_7_title_excerptHome\",\"item\":\"https:\\\/\\\/www.ilnotiziario.net\\\/wp\\\/\"},{\"@type\":\"ListItem\",\"position\":2,\"name\":\"Disagio giovanile e dispersione scolastica: a Saronno il dibattito di Azione\"}]},{\"@type\":\"WebSite\",\"@id\":\"https:\\\/\\\/www.ilnotiziario.net\\\/wp\\\/#website\",\"url\":\"https:\\\/\\\/www.ilnotiziario.net\\\/wp\\\/\",\"name\":\"Il Notiziario\",\"description\":\"Per restare sempre connessi alla notizia\",\"publisher\":{\"@id\":\"https:\\\/\\\/www.ilnotiziario.net\\\/wp\\\/#organization\"},\"alternateName\":\"Il Notiziario Bollate\",\"potentialAction\":[{\"@type\":\"SearchAction\",\"target\":{\"@type\":\"EntryPoint\",\"urlTemplate\":\"https:\\\/\\\/www.ilnotiziario.net\\\/wp\\\/?s={search_term_string}\"},\"query-input\":{\"@type\":\"PropertyValueSpecification\",\"valueRequired\":true,\"valueName\":\"search_term_string\"}}],\"inLanguage\":\"it-IT\"},{\"@type\":\"Organization\",\"@id\":\"https:\\\/\\\/www.ilnotiziario.net\\\/wp\\\/#organization\",\"name\":\"Il Notiziario\",\"url\":\"https:\\\/\\\/www.ilnotiziario.net\\\/wp\\\/\",\"logo\":{\"@type\":\"ImageObject\",\"inLanguage\":\"it-IT\",\"@id\":\"https:\\\/\\\/www.ilnotiziario.net\\\/wp\\\/#\\\/schema\\\/logo\\\/image\\\/\",\"url\":\"https:\\\/\\\/www.ilnotiziario.net\\\/wp\\\/wp-content\\\/uploads\\\/2022\\\/06\\\/170x170ilN.png\",\"contentUrl\":\"https:\\\/\\\/www.ilnotiziario.net\\\/wp\\\/wp-content\\\/uploads\\\/2022\\\/06\\\/170x170ilN.png\",\"width\":355,\"height\":355,\"caption\":\"Il Notiziario\"},\"image\":{\"@id\":\"https:\\\/\\\/www.ilnotiziario.net\\\/wp\\\/#\\\/schema\\\/logo\\\/image\\\/\"},\"sameAs\":[\"https:\\\/\\\/www.facebook.com\\\/ilnotiziarioind\\\/\",\"https:\\\/\\\/x.com\\\/ilNotiziarioInd\",\"https:\\\/\\\/www.instagram.com\\\/ilnotiziario_settimanale\\\/\"]},{\"@type\":\"Person\",\"@id\":\"https:\\\/\\\/www.ilnotiziario.net\\\/wp\\\/#\\\/schema\\\/person\\\/82fdd8795bbed42a4164047853b6efe7\",\"name\":\"Stefano Di Maria\",\"image\":{\"@type\":\"ImageObject\",\"inLanguage\":\"it-IT\",\"@id\":\"https:\\\/\\\/secure.gravatar.com\\\/avatar\\\/b3163d1e75da759bd0a681248e88a87d84bdd563fec9b060a3ae82742880745a?s=96&d=mm&r=g\",\"url\":\"https:\\\/\\\/secure.gravatar.com\\\/avatar\\\/b3163d1e75da759bd0a681248e88a87d84bdd563fec9b060a3ae82742880745a?s=96&d=mm&r=g\",\"contentUrl\":\"https:\\\/\\\/secure.gravatar.com\\\/avatar\\\/b3163d1e75da759bd0a681248e88a87d84bdd563fec9b060a3ae82742880745a?s=96&d=mm&r=g\",\"caption\":\"Stefano Di Maria\"},\"sameAs\":[\"http:\\\/\\\/www.ilnotiziario.net\"]}]}<\/script>\n<!-- \/ Yoast SEO plugin. -->","yoast_head_json":{"title":"Disagio giovanile e dispersione scolastica: a Saronno il dibattito di Azione - Il Notiziario","description":"\"Pre-adolescenti, adolescenti e giovani: dalla crisi alla crescita\": \u00e8 il titolo della serata promossa da Azione Saronno all\u2019auditorium Aldo Moro, A Saronno successo del dibattito di Azione su disagio giovanile e dispersione scolastica","robots":{"index":"index","follow":"follow","max-snippet":"max-snippet:-1","max-image-preview":"max-image-preview:large","max-video-preview":"max-video-preview:-1"},"canonical":"https:\/\/www.ilnotiziario.net\/wp\/prima-pagina\/disagio-giovanile-dispersione-scolastica-saronno\/","og_locale":"it_IT","og_type":"article","og_title":"Disagio giovanile e dispersione scolastica: a Saronno il dibattito di Azione - Il Notiziario","og_description":"\"Pre-adolescenti, adolescenti e giovani: dalla crisi alla crescita\": \u00e8 il titolo della serata promossa da Azione Saronno all\u2019auditorium Aldo Moro, A Saronno successo del dibattito di Azione su disagio giovanile e dispersione scolastica","og_url":"https:\/\/www.ilnotiziario.net\/wp\/prima-pagina\/disagio-giovanile-dispersione-scolastica-saronno\/","og_site_name":"Il Notiziario","article_publisher":"https:\/\/www.facebook.com\/ilnotiziarioind\/","article_published_time":"2022-06-28T10:05:40+00:00","article_modified_time":"2022-06-28T12:41:45+00:00","og_image":[{"width":1599,"height":904,"url":"https:\/\/www.ilnotiziario.net\/wp\/wp-content\/uploads\/2022\/06\/27-giugno-Saronno.jpeg","type":"image\/jpeg"}],"author":"Stefano Di Maria","twitter_card":"summary_large_image","twitter_creator":"@ilNotiziarioInd","twitter_site":"@ilNotiziarioInd","twitter_misc":{"Scritto da":"Stefano Di Maria","Tempo di lettura stimato":"3 minuti"},"schema":{"@context":"https:\/\/schema.org","@graph":[{"@type":"Article","@id":"https:\/\/www.ilnotiziario.net\/wp\/prima-pagina\/disagio-giovanile-dispersione-scolastica-saronno\/#article","isPartOf":{"@id":"https:\/\/www.ilnotiziario.net\/wp\/prima-pagina\/disagio-giovanile-dispersione-scolastica-saronno\/"},"author":{"name":"Stefano Di Maria","@id":"https:\/\/www.ilnotiziario.net\/wp\/#\/schema\/person\/82fdd8795bbed42a4164047853b6efe7"},"headline":"Disagio giovanile e dispersione scolastica: a Saronno il dibattito di Azione","datePublished":"2022-06-28T10:05:40+00:00","dateModified":"2022-06-28T12:41:45+00:00","mainEntityOfPage":{"@id":"https:\/\/www.ilnotiziario.net\/wp\/prima-pagina\/disagio-giovanile-dispersione-scolastica-saronno\/"},"wordCount":559,"publisher":{"@id":"https:\/\/www.ilnotiziario.net\/wp\/#organization"},"image":{"@id":"https:\/\/www.ilnotiziario.net\/wp\/prima-pagina\/disagio-giovanile-dispersione-scolastica-saronno\/#primaryimage"},"thumbnailUrl":"https:\/\/www.ilnotiziario.net\/wp\/wp-content\/uploads\/2022\/06\/27-giugno-Saronno.jpeg","keywords":["azione","disagio","dispersione scolastica","Saronno"],"articleSection":["Prima Pagina","SARONNO"],"inLanguage":"it-IT"},{"@type":"WebPage","@id":"https:\/\/www.ilnotiziario.net\/wp\/prima-pagina\/disagio-giovanile-dispersione-scolastica-saronno\/","url":"https:\/\/www.ilnotiziario.net\/wp\/prima-pagina\/disagio-giovanile-dispersione-scolastica-saronno\/","name":"Disagio giovanile e dispersione scolastica: a Saronno il dibattito di Azione - Il Notiziario","isPartOf":{"@id":"https:\/\/www.ilnotiziario.net\/wp\/#website"},"primaryImageOfPage":{"@id":"https:\/\/www.ilnotiziario.net\/wp\/prima-pagina\/disagio-giovanile-dispersione-scolastica-saronno\/#primaryimage"},"image":{"@id":"https:\/\/www.ilnotiziario.net\/wp\/prima-pagina\/disagio-giovanile-dispersione-scolastica-saronno\/#primaryimage"},"thumbnailUrl":"https:\/\/www.ilnotiziario.net\/wp\/wp-content\/uploads\/2022\/06\/27-giugno-Saronno.jpeg","datePublished":"2022-06-28T10:05:40+00:00","dateModified":"2022-06-28T12:41:45+00:00","description":"\"Pre-adolescenti, adolescenti e giovani: dalla crisi alla crescita\": \u00e8 il titolo della serata promossa da Azione Saronno all\u2019auditorium Aldo Moro, A Saronno successo del dibattito di Azione su disagio giovanile e dispersione scolastica","breadcrumb":{"@id":"https:\/\/www.ilnotiziario.net\/wp\/prima-pagina\/disagio-giovanile-dispersione-scolastica-saronno\/#breadcrumb"},"inLanguage":"it-IT","potentialAction":[{"@type":"ReadAction","target":["https:\/\/www.ilnotiziario.net\/wp\/prima-pagina\/disagio-giovanile-dispersione-scolastica-saronno\/"]}]},{"@type":"ImageObject","inLanguage":"it-IT","@id":"https:\/\/www.ilnotiziario.net\/wp\/prima-pagina\/disagio-giovanile-dispersione-scolastica-saronno\/#primaryimage","url":"https:\/\/www.ilnotiziario.net\/wp\/wp-content\/uploads\/2022\/06\/27-giugno-Saronno.jpeg","contentUrl":"https:\/\/www.ilnotiziario.net\/wp\/wp-content\/uploads\/2022\/06\/27-giugno-Saronno.jpeg","width":1599,"height":904,"caption":"I relatori presenti alla serata"},{"@type":"BreadcrumbList","@id":"https:\/\/www.ilnotiziario.net\/wp\/prima-pagina\/disagio-giovanile-dispersione-scolastica-saronno\/#breadcrumb","itemListElement":[{"@type":"ListItem","position":1,"name":"tds_text_logo_tagline_colortds_text_logo_tagline_colortds_text_logo_tagline_colortds_text_logo_tagline_colortd_module_7_title_excerpttd_module_7_title_excerpttd_module_7_title_excerpttd_module_7_title_excerptHome","item":"https:\/\/www.ilnotiziario.net\/wp\/"},{"@type":"ListItem","position":2,"name":"Disagio giovanile e dispersione scolastica: a Saronno il dibattito di Azione"}]},{"@type":"WebSite","@id":"https:\/\/www.ilnotiziario.net\/wp\/#website","url":"https:\/\/www.ilnotiziario.net\/wp\/","name":"Il Notiziario","description":"Per restare sempre connessi alla notizia","publisher":{"@id":"https:\/\/www.ilnotiziario.net\/wp\/#organization"},"alternateName":"Il Notiziario Bollate","potentialAction":[{"@type":"SearchAction","target":{"@type":"EntryPoint","urlTemplate":"https:\/\/www.ilnotiziario.net\/wp\/?s={search_term_string}"},"query-input":{"@type":"PropertyValueSpecification","valueRequired":true,"valueName":"search_term_string"}}],"inLanguage":"it-IT"},{"@type":"Organization","@id":"https:\/\/www.ilnotiziario.net\/wp\/#organization","name":"Il Notiziario","url":"https:\/\/www.ilnotiziario.net\/wp\/","logo":{"@type":"ImageObject","inLanguage":"it-IT","@id":"https:\/\/www.ilnotiziario.net\/wp\/#\/schema\/logo\/image\/","url":"https:\/\/www.ilnotiziario.net\/wp\/wp-content\/uploads\/2022\/06\/170x170ilN.png","contentUrl":"https:\/\/www.ilnotiziario.net\/wp\/wp-content\/uploads\/2022\/06\/170x170ilN.png","width":355,"height":355,"caption":"Il Notiziario"},"image":{"@id":"https:\/\/www.ilnotiziario.net\/wp\/#\/schema\/logo\/image\/"},"sameAs":["https:\/\/www.facebook.com\/ilnotiziarioind\/","https:\/\/x.com\/ilNotiziarioInd","https:\/\/www.instagram.com\/ilnotiziario_settimanale\/"]},{"@type":"Person","@id":"https:\/\/www.ilnotiziario.net\/wp\/#\/schema\/person\/82fdd8795bbed42a4164047853b6efe7","name":"Stefano Di Maria","image":{"@type":"ImageObject","inLanguage":"it-IT","@id":"https:\/\/secure.gravatar.com\/avatar\/b3163d1e75da759bd0a681248e88a87d84bdd563fec9b060a3ae82742880745a?s=96&d=mm&r=g","url":"https:\/\/secure.gravatar.com\/avatar\/b3163d1e75da759bd0a681248e88a87d84bdd563fec9b060a3ae82742880745a?s=96&d=mm&r=g","contentUrl":"https:\/\/secure.gravatar.com\/avatar\/b3163d1e75da759bd0a681248e88a87d84bdd563fec9b060a3ae82742880745a?s=96&d=mm&r=g","caption":"Stefano Di Maria"},"sameAs":["http:\/\/www.ilnotiziario.net"]}]}},"_links":{"self":[{"href":"https:\/\/www.ilnotiziario.net\/wp\/wp-json\/wp\/v2\/posts\/168121","targetHints":{"allow":["GET"]}}],"collection":[{"href":"https:\/\/www.ilnotiziario.net\/wp\/wp-json\/wp\/v2\/posts"}],"about":[{"href":"https:\/\/www.ilnotiziario.net\/wp\/wp-json\/wp\/v2\/types\/post"}],"author":[{"embeddable":true,"href":"https:\/\/www.ilnotiziario.net\/wp\/wp-json\/wp\/v2\/users\/6"}],"replies":[{"embeddable":true,"href":"https:\/\/www.ilnotiziario.net\/wp\/wp-json\/wp\/v2\/comments?post=168121"}],"version-history":[{"count":0,"href":"https:\/\/www.ilnotiziario.net\/wp\/wp-json\/wp\/v2\/posts\/168121\/revisions"}],"wp:featuredmedia":[{"embeddable":true,"href":"https:\/\/www.ilnotiziario.net\/wp\/wp-json\/wp\/v2\/media\/168122"}],"wp:attachment":[{"href":"https:\/\/www.ilnotiziario.net\/wp\/wp-json\/wp\/v2\/media?parent=168121"}],"wp:term":[{"taxonomy":"category","embeddable":true,"href":"https:\/\/www.ilnotiziario.net\/wp\/wp-json\/wp\/v2\/categories?post=168121"},{"taxonomy":"post_tag","embeddable":true,"href":"https:\/\/www.ilnotiziario.net\/wp\/wp-json\/wp\/v2\/tags?post=168121"}],"curies":[{"name":"wp","href":"https:\/\/api.w.org\/{rel}","templated":true}]}}