{"id":168485,"date":"2022-07-07T12:25:46","date_gmt":"2022-07-07T10:25:46","guid":{"rendered":"https:\/\/www.ilnotiziario.net\/wp\/?p=168485"},"modified":"2022-07-07T12:32:35","modified_gmt":"2022-07-07T10:32:35","slug":"si-apre-la-festa-della-birra-a-misinto-per-10-giorni-come-in-baviera","status":"publish","type":"post","link":"https:\/\/www.ilnotiziario.net\/wp\/prima-pagina\/si-apre-la-festa-della-birra-a-misinto-per-10-giorni-come-in-baviera\/","title":{"rendered":"Festa della Birra a Misinto: dove si trova, gli ospiti dei 10 giorni come in Baviera"},"content":{"rendered":"<p>Apre questa sera la festa della birra di Misinto, paese che&nbsp; per 10 giorni si trasforma in un angolo di Baviera.<\/p><div id=\"ilnot-887473915\" class=\"ilnot-contenuto ilnot-entity-placement\"><p><!-- incontent_1 --><\/p>\n<div class=\"gptslot\" data-adunitid=\"1\"><\/div>\n<\/div>\n<p>E&#8217; la 25^ edizione della Misinto Bierfest al M\u00f6nchshof Stadl di via Marconi .<\/p>\n<p>I cancelli apriranno, per la prima volta dopo due anni di stop, gioved\u00ec 7 luglio alle ore 19 e la manifestazione proseguir\u00e0 fino a domenica 17 luglio con la grande festa di chiusura.<\/p><div id=\"ilnot-2121841225\" class=\"ilnot-contenuto_2 ilnot-entity-placement\"><div class=\"ads-wrapper\">\n<div class=\"ad-slot\">\n   <div id=\"ilnot-2103117879\" style=\"margin-right: auto;margin-left: auto;text-align: center;width: 320px;height: 100px;\"><a href=\"https:\/\/www.scuolasicurezza.it\/\"><img decoding=\"async\" src=\"https:\/\/www.ilnotiziario.net\/wp\/wp-content\/uploads\/2026\/04\/IlNotiziario_banner-sito-e-newsletter-320-x-100-px-1.gif\" alt=\"\"><\/a><\/div>\n  <\/div>\n<div class=\"ad-slot\">\n   <div id=\"ilnot-377850944\" style=\"margin-right: auto;margin-left: auto;text-align: center;width: 320px;height: 100px;\"><a href=\"https:\/\/purodesignarredamenti.com\/\"><img decoding=\"async\" src=\"https:\/\/www.ilnotiziario.net\/wp\/wp-content\/uploads\/2026\/04\/banner-puro-ok.gif\" alt=\"whatsapp\"><\/a><\/div><\/p><\/div>\n<\/div>\n<\/div>\n<p>\u201cCon grandissima emozione ci apprestiamo a dare il via alla 25^ edizione della Misinto Bierfest- ha commentato Fabio Mondini, presidente di GAM E20 e organizzatore della manifestazione-. Siamo certi che i festeggiamenti della Misinto Bierfest 2022 saranno memorabili, nel segno della qualit\u00e0 e della tradizione delle feste della birra tedesche. Misinto si trasformer\u00e0 per dieci giorni in un vero e proprio angolo di Baviera, assorbendone le tradizioni gastronomiche, birraie e di eventi culturali&#8221;.&nbsp;<\/p>\n<h2>Festa della birra a Misinto, inaugurazione con ospiti d&#8217;eccezione&nbsp;<\/h2>\n<p>Sul palco a dare il benvenuto al pubblico sar\u00e0 il presidente di Gam E20 Fabio Mondini che dar\u00e0 il via alla serata di apertura. La serata di inaugurazione prevede la tradizionale e, mai come quest\u2019anno tanto attesa, apertura della botte da parte del sindaco di Misinto Matteo Piuri. Momento solenne che sancisce il via ufficiale alla manifestazione.<\/p>\n<p>In occasione del raggiungimento <strong>del grande traguardo della 25^ edizione,<\/strong> saranno presenti alla serata di inaugurazione la Console Generale tedesca Ingrid Jung e l\u2019assessore all\u2019Istruzione, Universit\u00e0 e Ricerca, Innovazione e Semplificazione di Regione Lombardia Fabrizio Sala e il CEO Kulmbacher Brauerei Herr Markus Stodden a cui si affiancher\u00e0 la squadra di Kulmbacher con Thomas W\u00f6lfel, Chris Heinze, Cesare Bellussi e l\u2019amico Luca Tacca.<\/p><div id=\"ilnot-1692510220\" class=\"ilnot-contenuto_2-2 ilnot-entity-placement\"><div class=\"gptslot\" data-adunitid=\"2\"><\/div>\n<\/div>\n<p>Oltre che al M\u00f6nchshof Stadl di via Marconi, area feste di 2500 metri quadrati capace di accogliere oltre 2mila persone al coperto, durante la settimana sar\u00e0 infatti possibile degustare le specialit\u00e0 della Bierfest nei locali del centro cittadino di Misinto.<\/p>\n<p>E proprio<a href=\"https:\/\/www.ilnotiziario.net\/wp\/2022\/06\/10\/misinto-bierfest-torna-dal-7-luglio-con-tante-novita-per-ledizione-numero-25\/\"><strong> i locali che saranno addobbati a festa con i tradizionali colori della Misinto Bierfest, l\u2019azzurro e il bianco.<\/strong><\/a><\/p>\n<p>Non solo, nel corso dei weekend i proprietari di bar e ristoranti misintesi avranno a disposizione una postazione all&#8217;interno del M\u00f6nchshof Stadl dove si sfideranno a colpi di spillatura di birra.<\/p><div id=\"ilnot-2202128293\" class=\"ilnot-contenuto_2-2-2 ilnot-entity-placement\"><div class=\"gptslot\" data-adunitid=\"3\"><\/div>\n<\/div>\n<p>Confermata, anche per quest\u2019anno, l\u2019importante presenza di oltre 70 volontari che si alterneranno sotto al tendone del M\u00f6nchshof Stadl per la gestione della festa. Anche in questo 2022 dar\u00e0 il suo importante contributo la Federazione Italiana Cuochi. Grazie a questa presenza la qualit\u00e0 e la coerenza rispetto alla tradizione dei piatti proposti sar\u00e0 garantita<\/p>\n<h2>Festa della birra a Misinto, le giornate speciali in un angolo di Baviera&nbsp;<\/h2>\n<p><strong>Gioved\u00ec 7 luglio<\/strong> alle ore 21,30 grande cerimonia di inaugurazione della Misinto Bierfest con la tradizionale apertura della botte da parte del Sindaco di Misinto Matteo Piuri.<\/p>\n<p><strong>Domenica 10 luglio<\/strong> alle ore 10.30 Festa della famiglia con la Messa sotto al tendone e il pranzo per le famiglie. L\u2019invito, come da tradizione, \u00e8 esteso alle associazioni del territorio attive nell\u2019ambito della disabilit\u00e0.<\/p><div id=\"ilnot-1731174838\" class=\"ilnot-contenuto_2-2-2-2 ilnot-entity-placement\"><div class=\"gptslot\" data-adunitid=\"4\"><\/div>\n<\/div>\n<p><strong>Domenica 17 luglio<\/strong> ore 22 grande festa di chiusura della Misinto Bierfest.<\/p>\n<p>Tutte le sere la festa sar\u00e0 accompagnata da concerti di gruppi bavaresi.<\/p><div id=\"ilnot-488832337\" class=\"ilnot-contenuto_2-2-2-2-2 ilnot-entity-placement\"><div class=\"gptslot\" data-adunitid=\"5\"><\/div>\n<\/div>\n<p>I cancelli della festa apriranno tutti i giorni alle ore 19.00.<\/p>\n<p>&nbsp;<\/p>\n<p>IL programma dei gruppi musicali prevede l&#8217;alternanza di formazioni di musica folcloristica della Baviera.&nbsp;<\/p>\n<p>7, 8, 9, 10 luglio Lechis;<\/p>\n<p>11,12,13 luglio Grumis;<\/p><div id=\"ilnot-984991330\" class=\"ilnot-contenuto_2-2-2-2-2-2 ilnot-entity-placement\"><div class=\"gptslot\" data-adunitid=\"6\"><\/div>\n<\/div>\n<p>14, 15, 16 e 17 luglio Die wilderer;<\/p>\n<p>8 e il 16 luglio la serata terminer\u00e0 con il djset di Rudy Neri.<\/p>\n<p>&nbsp;<\/p>\n<p>Sfoglia il notiziario in formato digitale da Pc, smartphone e tablet direttamente dal nostro sito <a href=\"http:\/\/edicola.ilnotiziario.net\"><strong>edicola.ilnotiziario.net<\/strong><\/a><\/p><div id=\"ilnot-1601632878\" class=\"ilnot-contenuto_2-2-2-2-2-2-2 ilnot-entity-placement\"><div class=\"gptslot\" data-adunitid=\"7\"><\/div>\n<\/div>\n","protected":false},"excerpt":{"rendered":"<p>Apre questa sera la festa della birra di Misinto, paese che&nbsp; per 10 giorni si trasforma in un angolo di Baviera. E&#8217; la 25^ edizione della Misinto Bierfest al M\u00f6nchshof Stadl di via Marconi . I cancelli apriranno, per la prima volta dopo due anni di stop, gioved\u00ec 7 luglio alle ore 19 e la<\/p>\n","protected":false},"author":3,"featured_media":168486,"comment_status":"closed","ping_status":"closed","sticky":false,"template":"","format":"standard","meta":{"footnotes":""},"categories":[277,9,20,13],"tags":[6279,3262,130,135],"class_list":{"0":"post-168485","1":"post","2":"type-post","3":"status-publish","4":"format-standard","5":"has-post-thumbnail","7":"category-appuntamenti-della-settimana","8":"category-brianza","9":"category-prima-pagina","10":"category-saronnese","11":"tag-bierfest","12":"tag-birra","13":"tag-festa","14":"tag-misinto"},"yoast_head":"<!-- This site is optimized with the Yoast SEO plugin v27.5 - https:\/\/yoast.com\/product\/yoast-seo-wordpress\/ -->\n<title>Festa della Birra a Misinto: dove si trova e gli ospiti dei 10 giorni come in Baviera<\/title>\n<meta name=\"description\" content=\"Apre questa sera la festa della birra di Misinto, paese che\u00a0 per 10 giorni si trasforma in un angolo di Baviera.\" \/>\n<meta name=\"robots\" content=\"index, follow, max-snippet:-1, max-image-preview:large, max-video-preview:-1\" \/>\n<link rel=\"canonical\" href=\"https:\/\/www.ilnotiziario.net\/wp\/prima-pagina\/si-apre-la-festa-della-birra-a-misinto-per-10-giorni-come-in-baviera\/\" \/>\n<meta property=\"og:locale\" content=\"it_IT\" \/>\n<meta property=\"og:type\" content=\"article\" \/>\n<meta property=\"og:title\" content=\"Festa della Birra a Misinto: dove si trova e gli ospiti dei 10 giorni come in Baviera\" \/>\n<meta property=\"og:description\" content=\"Apre questa sera la festa della birra di Misinto, paese che\u00a0 per 10 giorni si trasforma in un angolo di Baviera.\" \/>\n<meta property=\"og:url\" content=\"https:\/\/www.ilnotiziario.net\/wp\/prima-pagina\/si-apre-la-festa-della-birra-a-misinto-per-10-giorni-come-in-baviera\/\" \/>\n<meta property=\"og:site_name\" content=\"Il Notiziario\" \/>\n<meta property=\"article:publisher\" content=\"https:\/\/www.facebook.com\/ilnotiziarioind\/\" \/>\n<meta property=\"article:published_time\" content=\"2022-07-07T10:25:46+00:00\" \/>\n<meta property=\"article:modified_time\" content=\"2022-07-07T10:32:35+00:00\" \/>\n<meta property=\"og:image\" content=\"https:\/\/www.ilnotiziario.net\/wp\/wp-content\/uploads\/2022\/07\/Misinto-Bierfest-Apertura.jpg\" \/>\n\t<meta property=\"og:image:width\" content=\"1280\" \/>\n\t<meta property=\"og:image:height\" content=\"699\" \/>\n\t<meta property=\"og:image:type\" content=\"image\/jpeg\" \/>\n<meta name=\"author\" content=\"Gabriele Bassani\" \/>\n<meta name=\"twitter:card\" content=\"summary_large_image\" \/>\n<meta name=\"twitter:creator\" content=\"@ilNotiziarioInd\" \/>\n<meta name=\"twitter:site\" content=\"@ilNotiziarioInd\" \/>\n<meta name=\"twitter:label1\" content=\"Scritto da\" \/>\n\t<meta name=\"twitter:data1\" content=\"Gabriele Bassani\" \/>\n\t<meta name=\"twitter:label2\" content=\"Tempo di lettura stimato\" \/>\n\t<meta name=\"twitter:data2\" content=\"4 minuti\" \/>\n<script type=\"application\/ld+json\" class=\"yoast-schema-graph\">{\"@context\":\"https:\\\/\\\/schema.org\",\"@graph\":[{\"@type\":\"Article\",\"@id\":\"https:\\\/\\\/www.ilnotiziario.net\\\/wp\\\/prima-pagina\\\/si-apre-la-festa-della-birra-a-misinto-per-10-giorni-come-in-baviera\\\/#article\",\"isPartOf\":{\"@id\":\"https:\\\/\\\/www.ilnotiziario.net\\\/wp\\\/prima-pagina\\\/si-apre-la-festa-della-birra-a-misinto-per-10-giorni-come-in-baviera\\\/\"},\"author\":{\"name\":\"Gabriele Bassani\",\"@id\":\"https:\\\/\\\/www.ilnotiziario.net\\\/wp\\\/#\\\/schema\\\/person\\\/386e222908f898bb41c033989482bbf2\"},\"headline\":\"Festa della Birra a Misinto: dove si trova, gli ospiti dei 10 giorni come in Baviera\",\"datePublished\":\"2022-07-07T10:25:46+00:00\",\"dateModified\":\"2022-07-07T10:32:35+00:00\",\"mainEntityOfPage\":{\"@id\":\"https:\\\/\\\/www.ilnotiziario.net\\\/wp\\\/prima-pagina\\\/si-apre-la-festa-della-birra-a-misinto-per-10-giorni-come-in-baviera\\\/\"},\"wordCount\":596,\"publisher\":{\"@id\":\"https:\\\/\\\/www.ilnotiziario.net\\\/wp\\\/#organization\"},\"image\":{\"@id\":\"https:\\\/\\\/www.ilnotiziario.net\\\/wp\\\/prima-pagina\\\/si-apre-la-festa-della-birra-a-misinto-per-10-giorni-come-in-baviera\\\/#primaryimage\"},\"thumbnailUrl\":\"https:\\\/\\\/www.ilnotiziario.net\\\/wp\\\/wp-content\\\/uploads\\\/2022\\\/07\\\/Misinto-Bierfest-Apertura.jpg\",\"keywords\":[\"Bierfest\",\"Birra\",\"festa\",\"Misinto\"],\"articleSection\":[\"APPUNTAMENTI\",\"BRIANZA\",\"Prima Pagina\",\"SARONNESE\"],\"inLanguage\":\"it-IT\"},{\"@type\":\"WebPage\",\"@id\":\"https:\\\/\\\/www.ilnotiziario.net\\\/wp\\\/prima-pagina\\\/si-apre-la-festa-della-birra-a-misinto-per-10-giorni-come-in-baviera\\\/\",\"url\":\"https:\\\/\\\/www.ilnotiziario.net\\\/wp\\\/prima-pagina\\\/si-apre-la-festa-della-birra-a-misinto-per-10-giorni-come-in-baviera\\\/\",\"name\":\"Festa della Birra a Misinto: dove si trova e gli ospiti dei 10 giorni come in Baviera\",\"isPartOf\":{\"@id\":\"https:\\\/\\\/www.ilnotiziario.net\\\/wp\\\/#website\"},\"primaryImageOfPage\":{\"@id\":\"https:\\\/\\\/www.ilnotiziario.net\\\/wp\\\/prima-pagina\\\/si-apre-la-festa-della-birra-a-misinto-per-10-giorni-come-in-baviera\\\/#primaryimage\"},\"image\":{\"@id\":\"https:\\\/\\\/www.ilnotiziario.net\\\/wp\\\/prima-pagina\\\/si-apre-la-festa-della-birra-a-misinto-per-10-giorni-come-in-baviera\\\/#primaryimage\"},\"thumbnailUrl\":\"https:\\\/\\\/www.ilnotiziario.net\\\/wp\\\/wp-content\\\/uploads\\\/2022\\\/07\\\/Misinto-Bierfest-Apertura.jpg\",\"datePublished\":\"2022-07-07T10:25:46+00:00\",\"dateModified\":\"2022-07-07T10:32:35+00:00\",\"description\":\"Apre questa sera la festa della birra di Misinto, paese che\u00a0 per 10 giorni si trasforma in un angolo di Baviera.\",\"breadcrumb\":{\"@id\":\"https:\\\/\\\/www.ilnotiziario.net\\\/wp\\\/prima-pagina\\\/si-apre-la-festa-della-birra-a-misinto-per-10-giorni-come-in-baviera\\\/#breadcrumb\"},\"inLanguage\":\"it-IT\",\"potentialAction\":[{\"@type\":\"ReadAction\",\"target\":[\"https:\\\/\\\/www.ilnotiziario.net\\\/wp\\\/prima-pagina\\\/si-apre-la-festa-della-birra-a-misinto-per-10-giorni-come-in-baviera\\\/\"]}]},{\"@type\":\"ImageObject\",\"inLanguage\":\"it-IT\",\"@id\":\"https:\\\/\\\/www.ilnotiziario.net\\\/wp\\\/prima-pagina\\\/si-apre-la-festa-della-birra-a-misinto-per-10-giorni-come-in-baviera\\\/#primaryimage\",\"url\":\"https:\\\/\\\/www.ilnotiziario.net\\\/wp\\\/wp-content\\\/uploads\\\/2022\\\/07\\\/Misinto-Bierfest-Apertura.jpg\",\"contentUrl\":\"https:\\\/\\\/www.ilnotiziario.net\\\/wp\\\/wp-content\\\/uploads\\\/2022\\\/07\\\/Misinto-Bierfest-Apertura.jpg\",\"width\":1280,\"height\":699,\"caption\":\"Misinto festa birra Baviera\"},{\"@type\":\"BreadcrumbList\",\"@id\":\"https:\\\/\\\/www.ilnotiziario.net\\\/wp\\\/prima-pagina\\\/si-apre-la-festa-della-birra-a-misinto-per-10-giorni-come-in-baviera\\\/#breadcrumb\",\"itemListElement\":[{\"@type\":\"ListItem\",\"position\":1,\"name\":\"tds_text_logo_tagline_colortds_text_logo_tagline_colortds_text_logo_tagline_colortds_text_logo_tagline_colortd_module_7_title_excerpttd_module_7_title_excerpttd_module_7_title_excerpttd_module_7_title_excerptHome\",\"item\":\"https:\\\/\\\/www.ilnotiziario.net\\\/wp\\\/\"},{\"@type\":\"ListItem\",\"position\":2,\"name\":\"Festa della Birra a Misinto: dove si trova, gli ospiti dei 10 giorni come in Baviera\"}]},{\"@type\":\"WebSite\",\"@id\":\"https:\\\/\\\/www.ilnotiziario.net\\\/wp\\\/#website\",\"url\":\"https:\\\/\\\/www.ilnotiziario.net\\\/wp\\\/\",\"name\":\"Il Notiziario\",\"description\":\"Per restare sempre connessi alla notizia\",\"publisher\":{\"@id\":\"https:\\\/\\\/www.ilnotiziario.net\\\/wp\\\/#organization\"},\"alternateName\":\"Il Notiziario Bollate\",\"potentialAction\":[{\"@type\":\"SearchAction\",\"target\":{\"@type\":\"EntryPoint\",\"urlTemplate\":\"https:\\\/\\\/www.ilnotiziario.net\\\/wp\\\/?s={search_term_string}\"},\"query-input\":{\"@type\":\"PropertyValueSpecification\",\"valueRequired\":true,\"valueName\":\"search_term_string\"}}],\"inLanguage\":\"it-IT\"},{\"@type\":\"Organization\",\"@id\":\"https:\\\/\\\/www.ilnotiziario.net\\\/wp\\\/#organization\",\"name\":\"Il Notiziario\",\"url\":\"https:\\\/\\\/www.ilnotiziario.net\\\/wp\\\/\",\"logo\":{\"@type\":\"ImageObject\",\"inLanguage\":\"it-IT\",\"@id\":\"https:\\\/\\\/www.ilnotiziario.net\\\/wp\\\/#\\\/schema\\\/logo\\\/image\\\/\",\"url\":\"https:\\\/\\\/www.ilnotiziario.net\\\/wp\\\/wp-content\\\/uploads\\\/2022\\\/06\\\/170x170ilN.png\",\"contentUrl\":\"https:\\\/\\\/www.ilnotiziario.net\\\/wp\\\/wp-content\\\/uploads\\\/2022\\\/06\\\/170x170ilN.png\",\"width\":355,\"height\":355,\"caption\":\"Il Notiziario\"},\"image\":{\"@id\":\"https:\\\/\\\/www.ilnotiziario.net\\\/wp\\\/#\\\/schema\\\/logo\\\/image\\\/\"},\"sameAs\":[\"https:\\\/\\\/www.facebook.com\\\/ilnotiziarioind\\\/\",\"https:\\\/\\\/x.com\\\/ilNotiziarioInd\",\"https:\\\/\\\/www.instagram.com\\\/ilnotiziario_settimanale\\\/\"]},{\"@type\":\"Person\",\"@id\":\"https:\\\/\\\/www.ilnotiziario.net\\\/wp\\\/#\\\/schema\\\/person\\\/386e222908f898bb41c033989482bbf2\",\"name\":\"Gabriele Bassani\",\"image\":{\"@type\":\"ImageObject\",\"inLanguage\":\"it-IT\",\"@id\":\"https:\\\/\\\/secure.gravatar.com\\\/avatar\\\/09274f4a84fa97698bde56f84b3afed61c8492d48b0550db9671b68c177479cb?s=96&d=mm&r=g\",\"url\":\"https:\\\/\\\/secure.gravatar.com\\\/avatar\\\/09274f4a84fa97698bde56f84b3afed61c8492d48b0550db9671b68c177479cb?s=96&d=mm&r=g\",\"contentUrl\":\"https:\\\/\\\/secure.gravatar.com\\\/avatar\\\/09274f4a84fa97698bde56f84b3afed61c8492d48b0550db9671b68c177479cb?s=96&d=mm&r=g\",\"caption\":\"Gabriele Bassani\"},\"sameAs\":[\"http:\\\/\\\/www.ilnotiziario.net\"]}]}<\/script>\n<!-- \/ Yoast SEO plugin. -->","yoast_head_json":{"title":"Festa della Birra a Misinto: dove si trova e gli ospiti dei 10 giorni come in Baviera","description":"Apre questa sera la festa della birra di Misinto, paese che\u00a0 per 10 giorni si trasforma in un angolo di Baviera.","robots":{"index":"index","follow":"follow","max-snippet":"max-snippet:-1","max-image-preview":"max-image-preview:large","max-video-preview":"max-video-preview:-1"},"canonical":"https:\/\/www.ilnotiziario.net\/wp\/prima-pagina\/si-apre-la-festa-della-birra-a-misinto-per-10-giorni-come-in-baviera\/","og_locale":"it_IT","og_type":"article","og_title":"Festa della Birra a Misinto: dove si trova e gli ospiti dei 10 giorni come in Baviera","og_description":"Apre questa sera la festa della birra di Misinto, paese che\u00a0 per 10 giorni si trasforma in un angolo di Baviera.","og_url":"https:\/\/www.ilnotiziario.net\/wp\/prima-pagina\/si-apre-la-festa-della-birra-a-misinto-per-10-giorni-come-in-baviera\/","og_site_name":"Il Notiziario","article_publisher":"https:\/\/www.facebook.com\/ilnotiziarioind\/","article_published_time":"2022-07-07T10:25:46+00:00","article_modified_time":"2022-07-07T10:32:35+00:00","og_image":[{"width":1280,"height":699,"url":"https:\/\/www.ilnotiziario.net\/wp\/wp-content\/uploads\/2022\/07\/Misinto-Bierfest-Apertura.jpg","type":"image\/jpeg"}],"author":"Gabriele Bassani","twitter_card":"summary_large_image","twitter_creator":"@ilNotiziarioInd","twitter_site":"@ilNotiziarioInd","twitter_misc":{"Scritto da":"Gabriele Bassani","Tempo di lettura stimato":"4 minuti"},"schema":{"@context":"https:\/\/schema.org","@graph":[{"@type":"Article","@id":"https:\/\/www.ilnotiziario.net\/wp\/prima-pagina\/si-apre-la-festa-della-birra-a-misinto-per-10-giorni-come-in-baviera\/#article","isPartOf":{"@id":"https:\/\/www.ilnotiziario.net\/wp\/prima-pagina\/si-apre-la-festa-della-birra-a-misinto-per-10-giorni-come-in-baviera\/"},"author":{"name":"Gabriele Bassani","@id":"https:\/\/www.ilnotiziario.net\/wp\/#\/schema\/person\/386e222908f898bb41c033989482bbf2"},"headline":"Festa della Birra a Misinto: dove si trova, gli ospiti dei 10 giorni come in Baviera","datePublished":"2022-07-07T10:25:46+00:00","dateModified":"2022-07-07T10:32:35+00:00","mainEntityOfPage":{"@id":"https:\/\/www.ilnotiziario.net\/wp\/prima-pagina\/si-apre-la-festa-della-birra-a-misinto-per-10-giorni-come-in-baviera\/"},"wordCount":596,"publisher":{"@id":"https:\/\/www.ilnotiziario.net\/wp\/#organization"},"image":{"@id":"https:\/\/www.ilnotiziario.net\/wp\/prima-pagina\/si-apre-la-festa-della-birra-a-misinto-per-10-giorni-come-in-baviera\/#primaryimage"},"thumbnailUrl":"https:\/\/www.ilnotiziario.net\/wp\/wp-content\/uploads\/2022\/07\/Misinto-Bierfest-Apertura.jpg","keywords":["Bierfest","Birra","festa","Misinto"],"articleSection":["APPUNTAMENTI","BRIANZA","Prima Pagina","SARONNESE"],"inLanguage":"it-IT"},{"@type":"WebPage","@id":"https:\/\/www.ilnotiziario.net\/wp\/prima-pagina\/si-apre-la-festa-della-birra-a-misinto-per-10-giorni-come-in-baviera\/","url":"https:\/\/www.ilnotiziario.net\/wp\/prima-pagina\/si-apre-la-festa-della-birra-a-misinto-per-10-giorni-come-in-baviera\/","name":"Festa della Birra a Misinto: dove si trova e gli ospiti dei 10 giorni come in Baviera","isPartOf":{"@id":"https:\/\/www.ilnotiziario.net\/wp\/#website"},"primaryImageOfPage":{"@id":"https:\/\/www.ilnotiziario.net\/wp\/prima-pagina\/si-apre-la-festa-della-birra-a-misinto-per-10-giorni-come-in-baviera\/#primaryimage"},"image":{"@id":"https:\/\/www.ilnotiziario.net\/wp\/prima-pagina\/si-apre-la-festa-della-birra-a-misinto-per-10-giorni-come-in-baviera\/#primaryimage"},"thumbnailUrl":"https:\/\/www.ilnotiziario.net\/wp\/wp-content\/uploads\/2022\/07\/Misinto-Bierfest-Apertura.jpg","datePublished":"2022-07-07T10:25:46+00:00","dateModified":"2022-07-07T10:32:35+00:00","description":"Apre questa sera la festa della birra di Misinto, paese che\u00a0 per 10 giorni si trasforma in un angolo di Baviera.","breadcrumb":{"@id":"https:\/\/www.ilnotiziario.net\/wp\/prima-pagina\/si-apre-la-festa-della-birra-a-misinto-per-10-giorni-come-in-baviera\/#breadcrumb"},"inLanguage":"it-IT","potentialAction":[{"@type":"ReadAction","target":["https:\/\/www.ilnotiziario.net\/wp\/prima-pagina\/si-apre-la-festa-della-birra-a-misinto-per-10-giorni-come-in-baviera\/"]}]},{"@type":"ImageObject","inLanguage":"it-IT","@id":"https:\/\/www.ilnotiziario.net\/wp\/prima-pagina\/si-apre-la-festa-della-birra-a-misinto-per-10-giorni-come-in-baviera\/#primaryimage","url":"https:\/\/www.ilnotiziario.net\/wp\/wp-content\/uploads\/2022\/07\/Misinto-Bierfest-Apertura.jpg","contentUrl":"https:\/\/www.ilnotiziario.net\/wp\/wp-content\/uploads\/2022\/07\/Misinto-Bierfest-Apertura.jpg","width":1280,"height":699,"caption":"Misinto festa birra Baviera"},{"@type":"BreadcrumbList","@id":"https:\/\/www.ilnotiziario.net\/wp\/prima-pagina\/si-apre-la-festa-della-birra-a-misinto-per-10-giorni-come-in-baviera\/#breadcrumb","itemListElement":[{"@type":"ListItem","position":1,"name":"tds_text_logo_tagline_colortds_text_logo_tagline_colortds_text_logo_tagline_colortds_text_logo_tagline_colortd_module_7_title_excerpttd_module_7_title_excerpttd_module_7_title_excerpttd_module_7_title_excerptHome","item":"https:\/\/www.ilnotiziario.net\/wp\/"},{"@type":"ListItem","position":2,"name":"Festa della Birra a Misinto: dove si trova, gli ospiti dei 10 giorni come in Baviera"}]},{"@type":"WebSite","@id":"https:\/\/www.ilnotiziario.net\/wp\/#website","url":"https:\/\/www.ilnotiziario.net\/wp\/","name":"Il Notiziario","description":"Per restare sempre connessi alla notizia","publisher":{"@id":"https:\/\/www.ilnotiziario.net\/wp\/#organization"},"alternateName":"Il Notiziario Bollate","potentialAction":[{"@type":"SearchAction","target":{"@type":"EntryPoint","urlTemplate":"https:\/\/www.ilnotiziario.net\/wp\/?s={search_term_string}"},"query-input":{"@type":"PropertyValueSpecification","valueRequired":true,"valueName":"search_term_string"}}],"inLanguage":"it-IT"},{"@type":"Organization","@id":"https:\/\/www.ilnotiziario.net\/wp\/#organization","name":"Il Notiziario","url":"https:\/\/www.ilnotiziario.net\/wp\/","logo":{"@type":"ImageObject","inLanguage":"it-IT","@id":"https:\/\/www.ilnotiziario.net\/wp\/#\/schema\/logo\/image\/","url":"https:\/\/www.ilnotiziario.net\/wp\/wp-content\/uploads\/2022\/06\/170x170ilN.png","contentUrl":"https:\/\/www.ilnotiziario.net\/wp\/wp-content\/uploads\/2022\/06\/170x170ilN.png","width":355,"height":355,"caption":"Il Notiziario"},"image":{"@id":"https:\/\/www.ilnotiziario.net\/wp\/#\/schema\/logo\/image\/"},"sameAs":["https:\/\/www.facebook.com\/ilnotiziarioind\/","https:\/\/x.com\/ilNotiziarioInd","https:\/\/www.instagram.com\/ilnotiziario_settimanale\/"]},{"@type":"Person","@id":"https:\/\/www.ilnotiziario.net\/wp\/#\/schema\/person\/386e222908f898bb41c033989482bbf2","name":"Gabriele Bassani","image":{"@type":"ImageObject","inLanguage":"it-IT","@id":"https:\/\/secure.gravatar.com\/avatar\/09274f4a84fa97698bde56f84b3afed61c8492d48b0550db9671b68c177479cb?s=96&d=mm&r=g","url":"https:\/\/secure.gravatar.com\/avatar\/09274f4a84fa97698bde56f84b3afed61c8492d48b0550db9671b68c177479cb?s=96&d=mm&r=g","contentUrl":"https:\/\/secure.gravatar.com\/avatar\/09274f4a84fa97698bde56f84b3afed61c8492d48b0550db9671b68c177479cb?s=96&d=mm&r=g","caption":"Gabriele Bassani"},"sameAs":["http:\/\/www.ilnotiziario.net"]}]}},"_links":{"self":[{"href":"https:\/\/www.ilnotiziario.net\/wp\/wp-json\/wp\/v2\/posts\/168485","targetHints":{"allow":["GET"]}}],"collection":[{"href":"https:\/\/www.ilnotiziario.net\/wp\/wp-json\/wp\/v2\/posts"}],"about":[{"href":"https:\/\/www.ilnotiziario.net\/wp\/wp-json\/wp\/v2\/types\/post"}],"author":[{"embeddable":true,"href":"https:\/\/www.ilnotiziario.net\/wp\/wp-json\/wp\/v2\/users\/3"}],"replies":[{"embeddable":true,"href":"https:\/\/www.ilnotiziario.net\/wp\/wp-json\/wp\/v2\/comments?post=168485"}],"version-history":[{"count":0,"href":"https:\/\/www.ilnotiziario.net\/wp\/wp-json\/wp\/v2\/posts\/168485\/revisions"}],"wp:featuredmedia":[{"embeddable":true,"href":"https:\/\/www.ilnotiziario.net\/wp\/wp-json\/wp\/v2\/media\/168486"}],"wp:attachment":[{"href":"https:\/\/www.ilnotiziario.net\/wp\/wp-json\/wp\/v2\/media?parent=168485"}],"wp:term":[{"taxonomy":"category","embeddable":true,"href":"https:\/\/www.ilnotiziario.net\/wp\/wp-json\/wp\/v2\/categories?post=168485"},{"taxonomy":"post_tag","embeddable":true,"href":"https:\/\/www.ilnotiziario.net\/wp\/wp-json\/wp\/v2\/tags?post=168485"}],"curies":[{"name":"wp","href":"https:\/\/api.w.org\/{rel}","templated":true}]}}