{"id":170416,"date":"2022-09-11T10:45:24","date_gmt":"2022-09-11T08:45:24","guid":{"rendered":"https:\/\/www.ilnotiziario.net\/wp\/?p=170416"},"modified":"2022-09-11T11:05:32","modified_gmt":"2022-09-11T09:05:32","slug":"maxi-rissa-paderno-villaggio","status":"publish","type":"post","link":"https:\/\/www.ilnotiziario.net\/wp\/nord-milano\/maxi-rissa-paderno-villaggio\/","title":{"rendered":"Maxi rissa a Paderno (la seconda in 6 giorni al Villaggio): &#8220;Bottiglie spaccate in testa&#8221; | VIDEO"},"content":{"rendered":"<div style=\"width: 765px;\" class=\"wp-video\"><video class=\"wp-video-shortcode\" id=\"video-170416-1\" width=\"765\" height=\"430\" preload=\"metadata\" controls=\"controls\"><source type=\"video\/mp4\" src=\"https:\/\/www.ilnotiziario.net\/wp\/wp-content\/uploads\/2022\/09\/RISSA-VILLAGGIO-PADERNO.mp4?_=1\" \/><a href=\"https:\/\/www.ilnotiziario.net\/wp\/wp-content\/uploads\/2022\/09\/RISSA-VILLAGGIO-PADERNO.mp4\">https:\/\/www.ilnotiziario.net\/wp\/wp-content\/uploads\/2022\/09\/RISSA-VILLAGGIO-PADERNO.mp4<\/a><\/video><\/div>\n<p>Maxi rissa al Villaggio Ambrosiano a Paderno Dugnano. La seconda aggressione in meno di una settimana che si registra nella via principale del quartiere.&nbsp;<\/p><div id=\"ilnot-3233211649\" class=\"ilnot-contenuto ilnot-entity-placement\"><p><!-- incontent_1 --><\/p>\n<div class=\"gptslot\" data-adunitid=\"1\"><\/div>\n<\/div>\n<h2>Maxi rissa al Villaggio Ambrosiano: il video sui social<\/h2>\n<p>Sono le 21 di sabato, quando in via Tripoli scoppia una rissa. Tutto \u00e8 registrato nei video fatti dai residenti affacciati alle finestre. Si vede un nutrito gruppo di almeno 12 persone che cammina minaccioso verso una persona. Sembrano tutti stranieri. Si sentono urla, minacce e poi uno di questi affronta corpo a corpo un uomo. Volano schiaffi e spintoni. Nel frattempo, si sentono le voci dei residenti che stanno filmando con i loro telefonini: &#8220;Gli hanno spaccato una bottiglia in testa&#8221;. In sottofondo si sentono urla di dolore e minacce.&nbsp;Poi il gruppo si sposta poco pi\u00f9 avanti dietro a un albero. Probabilmente affrontano altre persone accorse in difesa.<\/p>\n<p>E&#8217; l&#8217;ennesima rissa che scoppia al Villaggio Ambrosiano, quartiere periferico di Paderno Dugnano e in assoluto il pi\u00f9 multietnico. Da mesi i residenti denunciano fenomeni di microcriminalit\u00e0 e risse sempre pi\u00f9 frequenti. E quella di sabato sera, ne \u00e8 solo l&#8217;epilogo di cui c&#8217;\u00e8 una testimonianza diretta tramite i video. Pochi giorni prima si era registrata un&#8217;altra aggressione.<\/p><div id=\"ilnot-44326218\" class=\"ilnot-contenuto_2 ilnot-entity-placement\"><div class=\"ads-wrapper\">\n<div class=\"ad-slot\">\n   <div id=\"ilnot-1087054906\" style=\"margin-right: auto;margin-left: auto;text-align: center;width: 320px;height: 100px;\"><a href=\"https:\/\/www.scuolasicurezza.it\/\"><img decoding=\"async\" src=\"https:\/\/www.ilnotiziario.net\/wp\/wp-content\/uploads\/2026\/04\/IlNotiziario_banner-sito-e-newsletter-320-x-100-px-1.gif\" alt=\"\"><\/a><\/div>\n  <\/div>\n<div class=\"ad-slot\">\n   <div id=\"ilnot-2179490577\" style=\"margin-right: auto;margin-left: auto;text-align: center;width: 320px;height: 100px;\"><a href=\"https:\/\/purodesignarredamenti.com\/\"><img decoding=\"async\" src=\"https:\/\/www.ilnotiziario.net\/wp\/wp-content\/uploads\/2026\/04\/banner-puro-ok.gif\" alt=\"whatsapp\"><\/a><\/div><\/p><\/div>\n<\/div>\n<\/div>\n<h2>Gli fa la pip\u00ec sul cancello di casa al Villaggio, poi lo prende a sassate: &#8220;Ero una maschera di sangue&#8221;<\/h2>\n<p>\u201cQuando sono uscito dal cancello di casa, ho visto che stava per fare pip\u00ec sulla mia recinzione. Gli ho detto di non farlo, mi ha tirato una sberla e poi un cubo di porfido in testa\u201d. Inizia cos\u00ec il racocnto choc di un 47enne che racconta a <a href=\"http:\/\/edicola.ilnotiziario.net\">ilnotiziario<\/a>, che cosa \u00e8 successo luned\u00ec pomeriggio per le vie del centro al Villaggio Ambrosiano prima di finire al pronto soccorso.<\/p>\n<p>Non sono neanche le 19, per strada ci sono auto e persone. \u201cHo iniziato a mettere fuori i rifiuti per la raccolta del giorno dopo\u201d, spiega l\u2019operaio 47enne. \u201cA un certo punto un marocchino sul marciapiede tenta di fare pip\u00ec sulla mia cancellata\u201d. Da questo momento la situazione sarebbe degenerata in un batter d&#8217;occhio. \u201cGli ho detto di non farlo, mi ha risposto che ero razzista e sembrava se ne fosse andato via\u201d. Ma a quel punto lo colpisce da dietro con una sberla. Cos\u00ec il padernese residente tra via Cuba e via Tripoli affronta il suo aggressore.<\/p>\n<p>Ne nasce un breve inseguimento a piedi. Intanto, il 33enne probabilmente ubriaco afferra da terra un cubo di porfido dal marciapiede e glielo lancia contro. \u201cMi ha colpito alla testa, poco sopra l\u2019occhio. In un attimo sono diventato una maschera di sangue da quanto ne perdevo\u201d, racconta l\u2019operaio. L\u2019adrenalina schizza alle stelle e a questo punto in suo aiuto arriva il cognato. Intanto, l\u2019aggressore scappa per le vie del centro fino a risalire tutta via Tripoli. L&#8217;inseguimento prosegue fino a via Derna. Qui il marocchino recupera bottiglie di vetro dai cassonetti e inizia a lanciarle. La bagarre finisce con l\u2019arrivo della polizia locale che ferma il marocchino. Da quanto accertato dagli agenti del comando di via Grandi, era senza permesso di soggiorno e documenti. Per questo \u00e8 stato denunciato per mancato adempimento.&nbsp;<\/p><div id=\"ilnot-2641767657\" class=\"ilnot-contenuto_2-2 ilnot-entity-placement\"><div class=\"gptslot\" data-adunitid=\"2\"><\/div>\n<\/div>\n","protected":false},"excerpt":{"rendered":"<p>Maxi rissa al Villaggio Ambrosiano a Paderno Dugnano. La seconda aggressione in meno di una settimana che si registra nella via principale del quartiere.&nbsp; Maxi rissa al Villaggio Ambrosiano: il video sui social Sono le 21 di sabato, quando in via Tripoli scoppia una rissa. Tutto \u00e8 registrato nei video fatti dai residenti affacciati alle<\/p>\n","protected":false},"author":7,"featured_media":170417,"comment_status":"closed","ping_status":"closed","sticky":false,"template":"","format":"standard","meta":{"footnotes":""},"categories":[11,20],"tags":[39,1802,5513],"class_list":{"0":"post-170416","1":"post","2":"type-post","3":"status-publish","4":"format-standard","5":"has-post-thumbnail","7":"category-nord-milano","8":"category-prima-pagina","9":"tag-paderno-dugnano","10":"tag-rissa","11":"tag-villaggio-ambrosiano"},"yoast_head":"<!-- This site is optimized with the Yoast SEO plugin v27.5 - https:\/\/yoast.com\/product\/yoast-seo-wordpress\/ -->\n<title>Maxi rissa a Paderno (la seconda in 6 giorni al Villaggio): &quot;Bottiglie spaccate in testa&quot; | VIDEO<\/title>\n<meta name=\"description\" content=\"Maxi rissa al Villaggio Ambrosiano a Paderno Dugnano. La seconda aggressione in meno di una settimana che si registra nella via principale\" \/>\n<meta name=\"robots\" content=\"index, follow, max-snippet:-1, max-image-preview:large, max-video-preview:-1\" \/>\n<link rel=\"canonical\" href=\"https:\/\/www.ilnotiziario.net\/wp\/nord-milano\/maxi-rissa-paderno-villaggio\/\" \/>\n<meta property=\"og:locale\" content=\"it_IT\" \/>\n<meta property=\"og:type\" content=\"article\" \/>\n<meta property=\"og:title\" content=\"Maxi rissa a Paderno (la seconda in 6 giorni al Villaggio): &quot;Bottiglie spaccate in testa&quot; | VIDEO\" \/>\n<meta property=\"og:description\" content=\"Maxi rissa al Villaggio Ambrosiano a Paderno Dugnano. La seconda aggressione in meno di una settimana che si registra nella via principale\" \/>\n<meta property=\"og:url\" content=\"https:\/\/www.ilnotiziario.net\/wp\/nord-milano\/maxi-rissa-paderno-villaggio\/\" \/>\n<meta property=\"og:site_name\" content=\"Il Notiziario\" \/>\n<meta property=\"article:publisher\" content=\"https:\/\/www.facebook.com\/ilnotiziarioind\/\" \/>\n<meta property=\"article:published_time\" content=\"2022-09-11T08:45:24+00:00\" \/>\n<meta property=\"article:modified_time\" content=\"2022-09-11T09:05:32+00:00\" \/>\n<meta property=\"og:image\" content=\"https:\/\/www.ilnotiziario.net\/wp\/wp-content\/uploads\/2022\/09\/rissa-villaggio-ambrosiano.jpg\" \/>\n\t<meta property=\"og:image:width\" content=\"1280\" \/>\n\t<meta property=\"og:image:height\" content=\"720\" \/>\n\t<meta property=\"og:image:type\" content=\"image\/jpeg\" \/>\n<meta name=\"author\" content=\"Simone Carcano\" \/>\n<meta name=\"twitter:card\" content=\"summary_large_image\" \/>\n<meta name=\"twitter:creator\" content=\"@simone_carcano\" \/>\n<meta name=\"twitter:site\" content=\"@ilNotiziarioInd\" \/>\n<meta name=\"twitter:label1\" content=\"Scritto da\" \/>\n\t<meta name=\"twitter:data1\" content=\"Simone Carcano\" \/>\n\t<meta name=\"twitter:label2\" content=\"Tempo di lettura stimato\" \/>\n\t<meta name=\"twitter:data2\" content=\"3 minuti\" \/>\n<script type=\"application\/ld+json\" class=\"yoast-schema-graph\">{\"@context\":\"https:\\\/\\\/schema.org\",\"@graph\":[{\"@type\":\"Article\",\"@id\":\"https:\\\/\\\/www.ilnotiziario.net\\\/wp\\\/nord-milano\\\/maxi-rissa-paderno-villaggio\\\/#article\",\"isPartOf\":{\"@id\":\"https:\\\/\\\/www.ilnotiziario.net\\\/wp\\\/nord-milano\\\/maxi-rissa-paderno-villaggio\\\/\"},\"author\":{\"name\":\"Simone Carcano\",\"@id\":\"https:\\\/\\\/www.ilnotiziario.net\\\/wp\\\/#\\\/schema\\\/person\\\/c218ad0865f96bfe2c1c2cfa719653f7\"},\"headline\":\"Maxi rissa a Paderno (la seconda in 6 giorni al Villaggio): &#8220;Bottiglie spaccate in testa&#8221; | VIDEO\",\"datePublished\":\"2022-09-11T08:45:24+00:00\",\"dateModified\":\"2022-09-11T09:05:32+00:00\",\"mainEntityOfPage\":{\"@id\":\"https:\\\/\\\/www.ilnotiziario.net\\\/wp\\\/nord-milano\\\/maxi-rissa-paderno-villaggio\\\/\"},\"wordCount\":555,\"publisher\":{\"@id\":\"https:\\\/\\\/www.ilnotiziario.net\\\/wp\\\/#organization\"},\"image\":{\"@id\":\"https:\\\/\\\/www.ilnotiziario.net\\\/wp\\\/nord-milano\\\/maxi-rissa-paderno-villaggio\\\/#primaryimage\"},\"thumbnailUrl\":\"https:\\\/\\\/www.ilnotiziario.net\\\/wp\\\/wp-content\\\/uploads\\\/2022\\\/09\\\/rissa-villaggio-ambrosiano.jpg\",\"keywords\":[\"Paderno Dugnano\",\"rissa\",\"Villaggio Ambrosiano\"],\"articleSection\":[\"NORD MILANO\",\"Prima Pagina\"],\"inLanguage\":\"it-IT\"},{\"@type\":\"WebPage\",\"@id\":\"https:\\\/\\\/www.ilnotiziario.net\\\/wp\\\/nord-milano\\\/maxi-rissa-paderno-villaggio\\\/\",\"url\":\"https:\\\/\\\/www.ilnotiziario.net\\\/wp\\\/nord-milano\\\/maxi-rissa-paderno-villaggio\\\/\",\"name\":\"Maxi rissa a Paderno (la seconda in 6 giorni al Villaggio): \\\"Bottiglie spaccate in testa\\\" | VIDEO\",\"isPartOf\":{\"@id\":\"https:\\\/\\\/www.ilnotiziario.net\\\/wp\\\/#website\"},\"primaryImageOfPage\":{\"@id\":\"https:\\\/\\\/www.ilnotiziario.net\\\/wp\\\/nord-milano\\\/maxi-rissa-paderno-villaggio\\\/#primaryimage\"},\"image\":{\"@id\":\"https:\\\/\\\/www.ilnotiziario.net\\\/wp\\\/nord-milano\\\/maxi-rissa-paderno-villaggio\\\/#primaryimage\"},\"thumbnailUrl\":\"https:\\\/\\\/www.ilnotiziario.net\\\/wp\\\/wp-content\\\/uploads\\\/2022\\\/09\\\/rissa-villaggio-ambrosiano.jpg\",\"datePublished\":\"2022-09-11T08:45:24+00:00\",\"dateModified\":\"2022-09-11T09:05:32+00:00\",\"description\":\"Maxi rissa al Villaggio Ambrosiano a Paderno Dugnano. La seconda aggressione in meno di una settimana che si registra nella via principale\",\"breadcrumb\":{\"@id\":\"https:\\\/\\\/www.ilnotiziario.net\\\/wp\\\/nord-milano\\\/maxi-rissa-paderno-villaggio\\\/#breadcrumb\"},\"inLanguage\":\"it-IT\",\"potentialAction\":[{\"@type\":\"ReadAction\",\"target\":[\"https:\\\/\\\/www.ilnotiziario.net\\\/wp\\\/nord-milano\\\/maxi-rissa-paderno-villaggio\\\/\"]}]},{\"@type\":\"ImageObject\",\"inLanguage\":\"it-IT\",\"@id\":\"https:\\\/\\\/www.ilnotiziario.net\\\/wp\\\/nord-milano\\\/maxi-rissa-paderno-villaggio\\\/#primaryimage\",\"url\":\"https:\\\/\\\/www.ilnotiziario.net\\\/wp\\\/wp-content\\\/uploads\\\/2022\\\/09\\\/rissa-villaggio-ambrosiano.jpg\",\"contentUrl\":\"https:\\\/\\\/www.ilnotiziario.net\\\/wp\\\/wp-content\\\/uploads\\\/2022\\\/09\\\/rissa-villaggio-ambrosiano.jpg\",\"width\":1280,\"height\":720},{\"@type\":\"BreadcrumbList\",\"@id\":\"https:\\\/\\\/www.ilnotiziario.net\\\/wp\\\/nord-milano\\\/maxi-rissa-paderno-villaggio\\\/#breadcrumb\",\"itemListElement\":[{\"@type\":\"ListItem\",\"position\":1,\"name\":\"tds_text_logo_tagline_colortds_text_logo_tagline_colortds_text_logo_tagline_colortds_text_logo_tagline_colortd_module_7_title_excerpttd_module_7_title_excerpttd_module_7_title_excerpttd_module_7_title_excerptHome\",\"item\":\"https:\\\/\\\/www.ilnotiziario.net\\\/wp\\\/\"},{\"@type\":\"ListItem\",\"position\":2,\"name\":\"Maxi rissa a Paderno (la seconda in 6 giorni al Villaggio): &#8220;Bottiglie spaccate in testa&#8221; | VIDEO\"}]},{\"@type\":\"WebSite\",\"@id\":\"https:\\\/\\\/www.ilnotiziario.net\\\/wp\\\/#website\",\"url\":\"https:\\\/\\\/www.ilnotiziario.net\\\/wp\\\/\",\"name\":\"Il Notiziario\",\"description\":\"Per restare sempre connessi alla notizia\",\"publisher\":{\"@id\":\"https:\\\/\\\/www.ilnotiziario.net\\\/wp\\\/#organization\"},\"alternateName\":\"Il Notiziario Bollate\",\"potentialAction\":[{\"@type\":\"SearchAction\",\"target\":{\"@type\":\"EntryPoint\",\"urlTemplate\":\"https:\\\/\\\/www.ilnotiziario.net\\\/wp\\\/?s={search_term_string}\"},\"query-input\":{\"@type\":\"PropertyValueSpecification\",\"valueRequired\":true,\"valueName\":\"search_term_string\"}}],\"inLanguage\":\"it-IT\"},{\"@type\":\"Organization\",\"@id\":\"https:\\\/\\\/www.ilnotiziario.net\\\/wp\\\/#organization\",\"name\":\"Il Notiziario\",\"url\":\"https:\\\/\\\/www.ilnotiziario.net\\\/wp\\\/\",\"logo\":{\"@type\":\"ImageObject\",\"inLanguage\":\"it-IT\",\"@id\":\"https:\\\/\\\/www.ilnotiziario.net\\\/wp\\\/#\\\/schema\\\/logo\\\/image\\\/\",\"url\":\"https:\\\/\\\/www.ilnotiziario.net\\\/wp\\\/wp-content\\\/uploads\\\/2022\\\/06\\\/170x170ilN.png\",\"contentUrl\":\"https:\\\/\\\/www.ilnotiziario.net\\\/wp\\\/wp-content\\\/uploads\\\/2022\\\/06\\\/170x170ilN.png\",\"width\":355,\"height\":355,\"caption\":\"Il Notiziario\"},\"image\":{\"@id\":\"https:\\\/\\\/www.ilnotiziario.net\\\/wp\\\/#\\\/schema\\\/logo\\\/image\\\/\"},\"sameAs\":[\"https:\\\/\\\/www.facebook.com\\\/ilnotiziarioind\\\/\",\"https:\\\/\\\/x.com\\\/ilNotiziarioInd\",\"https:\\\/\\\/www.instagram.com\\\/ilnotiziario_settimanale\\\/\"]},{\"@type\":\"Person\",\"@id\":\"https:\\\/\\\/www.ilnotiziario.net\\\/wp\\\/#\\\/schema\\\/person\\\/c218ad0865f96bfe2c1c2cfa719653f7\",\"name\":\"Simone Carcano\",\"image\":{\"@type\":\"ImageObject\",\"inLanguage\":\"it-IT\",\"@id\":\"https:\\\/\\\/secure.gravatar.com\\\/avatar\\\/5e677023cff2c47e9f7a896b9157a46e18bd36e7c4d000a1726bb730be7d38bb?s=96&d=mm&r=g\",\"url\":\"https:\\\/\\\/secure.gravatar.com\\\/avatar\\\/5e677023cff2c47e9f7a896b9157a46e18bd36e7c4d000a1726bb730be7d38bb?s=96&d=mm&r=g\",\"contentUrl\":\"https:\\\/\\\/secure.gravatar.com\\\/avatar\\\/5e677023cff2c47e9f7a896b9157a46e18bd36e7c4d000a1726bb730be7d38bb?s=96&d=mm&r=g\",\"caption\":\"Simone Carcano\"},\"sameAs\":[\"http:\\\/\\\/www.ilnotiziario.net\",\"https:\\\/\\\/x.com\\\/@simone_carcano\"]}]}<\/script>\n<!-- \/ Yoast SEO plugin. -->","yoast_head_json":{"title":"Maxi rissa a Paderno (la seconda in 6 giorni al Villaggio): \"Bottiglie spaccate in testa\" | VIDEO","description":"Maxi rissa al Villaggio Ambrosiano a Paderno Dugnano. La seconda aggressione in meno di una settimana che si registra nella via principale","robots":{"index":"index","follow":"follow","max-snippet":"max-snippet:-1","max-image-preview":"max-image-preview:large","max-video-preview":"max-video-preview:-1"},"canonical":"https:\/\/www.ilnotiziario.net\/wp\/nord-milano\/maxi-rissa-paderno-villaggio\/","og_locale":"it_IT","og_type":"article","og_title":"Maxi rissa a Paderno (la seconda in 6 giorni al Villaggio): \"Bottiglie spaccate in testa\" | VIDEO","og_description":"Maxi rissa al Villaggio Ambrosiano a Paderno Dugnano. La seconda aggressione in meno di una settimana che si registra nella via principale","og_url":"https:\/\/www.ilnotiziario.net\/wp\/nord-milano\/maxi-rissa-paderno-villaggio\/","og_site_name":"Il Notiziario","article_publisher":"https:\/\/www.facebook.com\/ilnotiziarioind\/","article_published_time":"2022-09-11T08:45:24+00:00","article_modified_time":"2022-09-11T09:05:32+00:00","og_image":[{"width":1280,"height":720,"url":"https:\/\/www.ilnotiziario.net\/wp\/wp-content\/uploads\/2022\/09\/rissa-villaggio-ambrosiano.jpg","type":"image\/jpeg"}],"author":"Simone Carcano","twitter_card":"summary_large_image","twitter_creator":"@simone_carcano","twitter_site":"@ilNotiziarioInd","twitter_misc":{"Scritto da":"Simone Carcano","Tempo di lettura stimato":"3 minuti"},"schema":{"@context":"https:\/\/schema.org","@graph":[{"@type":"Article","@id":"https:\/\/www.ilnotiziario.net\/wp\/nord-milano\/maxi-rissa-paderno-villaggio\/#article","isPartOf":{"@id":"https:\/\/www.ilnotiziario.net\/wp\/nord-milano\/maxi-rissa-paderno-villaggio\/"},"author":{"name":"Simone Carcano","@id":"https:\/\/www.ilnotiziario.net\/wp\/#\/schema\/person\/c218ad0865f96bfe2c1c2cfa719653f7"},"headline":"Maxi rissa a Paderno (la seconda in 6 giorni al Villaggio): &#8220;Bottiglie spaccate in testa&#8221; | VIDEO","datePublished":"2022-09-11T08:45:24+00:00","dateModified":"2022-09-11T09:05:32+00:00","mainEntityOfPage":{"@id":"https:\/\/www.ilnotiziario.net\/wp\/nord-milano\/maxi-rissa-paderno-villaggio\/"},"wordCount":555,"publisher":{"@id":"https:\/\/www.ilnotiziario.net\/wp\/#organization"},"image":{"@id":"https:\/\/www.ilnotiziario.net\/wp\/nord-milano\/maxi-rissa-paderno-villaggio\/#primaryimage"},"thumbnailUrl":"https:\/\/www.ilnotiziario.net\/wp\/wp-content\/uploads\/2022\/09\/rissa-villaggio-ambrosiano.jpg","keywords":["Paderno Dugnano","rissa","Villaggio Ambrosiano"],"articleSection":["NORD MILANO","Prima Pagina"],"inLanguage":"it-IT"},{"@type":"WebPage","@id":"https:\/\/www.ilnotiziario.net\/wp\/nord-milano\/maxi-rissa-paderno-villaggio\/","url":"https:\/\/www.ilnotiziario.net\/wp\/nord-milano\/maxi-rissa-paderno-villaggio\/","name":"Maxi rissa a Paderno (la seconda in 6 giorni al Villaggio): \"Bottiglie spaccate in testa\" | VIDEO","isPartOf":{"@id":"https:\/\/www.ilnotiziario.net\/wp\/#website"},"primaryImageOfPage":{"@id":"https:\/\/www.ilnotiziario.net\/wp\/nord-milano\/maxi-rissa-paderno-villaggio\/#primaryimage"},"image":{"@id":"https:\/\/www.ilnotiziario.net\/wp\/nord-milano\/maxi-rissa-paderno-villaggio\/#primaryimage"},"thumbnailUrl":"https:\/\/www.ilnotiziario.net\/wp\/wp-content\/uploads\/2022\/09\/rissa-villaggio-ambrosiano.jpg","datePublished":"2022-09-11T08:45:24+00:00","dateModified":"2022-09-11T09:05:32+00:00","description":"Maxi rissa al Villaggio Ambrosiano a Paderno Dugnano. La seconda aggressione in meno di una settimana che si registra nella via principale","breadcrumb":{"@id":"https:\/\/www.ilnotiziario.net\/wp\/nord-milano\/maxi-rissa-paderno-villaggio\/#breadcrumb"},"inLanguage":"it-IT","potentialAction":[{"@type":"ReadAction","target":["https:\/\/www.ilnotiziario.net\/wp\/nord-milano\/maxi-rissa-paderno-villaggio\/"]}]},{"@type":"ImageObject","inLanguage":"it-IT","@id":"https:\/\/www.ilnotiziario.net\/wp\/nord-milano\/maxi-rissa-paderno-villaggio\/#primaryimage","url":"https:\/\/www.ilnotiziario.net\/wp\/wp-content\/uploads\/2022\/09\/rissa-villaggio-ambrosiano.jpg","contentUrl":"https:\/\/www.ilnotiziario.net\/wp\/wp-content\/uploads\/2022\/09\/rissa-villaggio-ambrosiano.jpg","width":1280,"height":720},{"@type":"BreadcrumbList","@id":"https:\/\/www.ilnotiziario.net\/wp\/nord-milano\/maxi-rissa-paderno-villaggio\/#breadcrumb","itemListElement":[{"@type":"ListItem","position":1,"name":"tds_text_logo_tagline_colortds_text_logo_tagline_colortds_text_logo_tagline_colortds_text_logo_tagline_colortd_module_7_title_excerpttd_module_7_title_excerpttd_module_7_title_excerpttd_module_7_title_excerptHome","item":"https:\/\/www.ilnotiziario.net\/wp\/"},{"@type":"ListItem","position":2,"name":"Maxi rissa a Paderno (la seconda in 6 giorni al Villaggio): &#8220;Bottiglie spaccate in testa&#8221; | VIDEO"}]},{"@type":"WebSite","@id":"https:\/\/www.ilnotiziario.net\/wp\/#website","url":"https:\/\/www.ilnotiziario.net\/wp\/","name":"Il Notiziario","description":"Per restare sempre connessi alla notizia","publisher":{"@id":"https:\/\/www.ilnotiziario.net\/wp\/#organization"},"alternateName":"Il Notiziario Bollate","potentialAction":[{"@type":"SearchAction","target":{"@type":"EntryPoint","urlTemplate":"https:\/\/www.ilnotiziario.net\/wp\/?s={search_term_string}"},"query-input":{"@type":"PropertyValueSpecification","valueRequired":true,"valueName":"search_term_string"}}],"inLanguage":"it-IT"},{"@type":"Organization","@id":"https:\/\/www.ilnotiziario.net\/wp\/#organization","name":"Il Notiziario","url":"https:\/\/www.ilnotiziario.net\/wp\/","logo":{"@type":"ImageObject","inLanguage":"it-IT","@id":"https:\/\/www.ilnotiziario.net\/wp\/#\/schema\/logo\/image\/","url":"https:\/\/www.ilnotiziario.net\/wp\/wp-content\/uploads\/2022\/06\/170x170ilN.png","contentUrl":"https:\/\/www.ilnotiziario.net\/wp\/wp-content\/uploads\/2022\/06\/170x170ilN.png","width":355,"height":355,"caption":"Il Notiziario"},"image":{"@id":"https:\/\/www.ilnotiziario.net\/wp\/#\/schema\/logo\/image\/"},"sameAs":["https:\/\/www.facebook.com\/ilnotiziarioind\/","https:\/\/x.com\/ilNotiziarioInd","https:\/\/www.instagram.com\/ilnotiziario_settimanale\/"]},{"@type":"Person","@id":"https:\/\/www.ilnotiziario.net\/wp\/#\/schema\/person\/c218ad0865f96bfe2c1c2cfa719653f7","name":"Simone Carcano","image":{"@type":"ImageObject","inLanguage":"it-IT","@id":"https:\/\/secure.gravatar.com\/avatar\/5e677023cff2c47e9f7a896b9157a46e18bd36e7c4d000a1726bb730be7d38bb?s=96&d=mm&r=g","url":"https:\/\/secure.gravatar.com\/avatar\/5e677023cff2c47e9f7a896b9157a46e18bd36e7c4d000a1726bb730be7d38bb?s=96&d=mm&r=g","contentUrl":"https:\/\/secure.gravatar.com\/avatar\/5e677023cff2c47e9f7a896b9157a46e18bd36e7c4d000a1726bb730be7d38bb?s=96&d=mm&r=g","caption":"Simone Carcano"},"sameAs":["http:\/\/www.ilnotiziario.net","https:\/\/x.com\/@simone_carcano"]}]}},"_links":{"self":[{"href":"https:\/\/www.ilnotiziario.net\/wp\/wp-json\/wp\/v2\/posts\/170416","targetHints":{"allow":["GET"]}}],"collection":[{"href":"https:\/\/www.ilnotiziario.net\/wp\/wp-json\/wp\/v2\/posts"}],"about":[{"href":"https:\/\/www.ilnotiziario.net\/wp\/wp-json\/wp\/v2\/types\/post"}],"author":[{"embeddable":true,"href":"https:\/\/www.ilnotiziario.net\/wp\/wp-json\/wp\/v2\/users\/7"}],"replies":[{"embeddable":true,"href":"https:\/\/www.ilnotiziario.net\/wp\/wp-json\/wp\/v2\/comments?post=170416"}],"version-history":[{"count":0,"href":"https:\/\/www.ilnotiziario.net\/wp\/wp-json\/wp\/v2\/posts\/170416\/revisions"}],"wp:featuredmedia":[{"embeddable":true,"href":"https:\/\/www.ilnotiziario.net\/wp\/wp-json\/wp\/v2\/media\/170417"}],"wp:attachment":[{"href":"https:\/\/www.ilnotiziario.net\/wp\/wp-json\/wp\/v2\/media?parent=170416"}],"wp:term":[{"taxonomy":"category","embeddable":true,"href":"https:\/\/www.ilnotiziario.net\/wp\/wp-json\/wp\/v2\/categories?post=170416"},{"taxonomy":"post_tag","embeddable":true,"href":"https:\/\/www.ilnotiziario.net\/wp\/wp-json\/wp\/v2\/tags?post=170416"}],"curies":[{"name":"wp","href":"https:\/\/api.w.org\/{rel}","templated":true}]}}