{"id":170636,"date":"2022-09-16T10:18:22","date_gmt":"2022-09-16T08:18:22","guid":{"rendered":"https:\/\/www.ilnotiziario.net\/wp\/?p=170636"},"modified":"2022-09-16T10:19:02","modified_gmt":"2022-09-16T08:19:02","slug":"sciopero-al-liceo-fontana-di-arese-per-modifica-orari-e-mancanza-di-spazi","status":"publish","type":"post","link":"https:\/\/www.ilnotiziario.net\/wp\/prima-pagina\/sciopero-al-liceo-fontana-di-arese-per-modifica-orari-e-mancanza-di-spazi\/","title":{"rendered":"Sciopero  al liceo Fontana di Arese per modifica orari e mancanza di spazi"},"content":{"rendered":"<p>Sciopero&nbsp; in corso al liceo Fontana di Arese contro i nuovi orari didattici condizionati dalla cronica mancanza di spazi.<\/p><div id=\"ilnot-2840504778\" class=\"ilnot-contenuto ilnot-entity-placement\"><p><!-- incontent_1 --><\/p>\n<div class=\"gptslot\" data-adunitid=\"1\"><\/div>\n<\/div>\n<p>La direzione didattica <strong>ha deciso di distribuire le lezioni per alcune classi su 5 giorni alla settimana,<\/strong> per altre classi su sei giorni. Per le&nbsp; classi con lezioni distribuite su 5 giorni, ad alcune \u00e8 stato tolto il sabato ma ad altre \u00e8 stato tolto un giorno infrasettimanale, a qualcuna il marted\u00ec, a qualcuna il mercoled\u00ec.&nbsp;<\/p>\n<h3>Scuola troppo piccola, proteste al liceo Fontana di Arese&nbsp;<\/h3>\n<p>Le classi che avranno lezioni fino al venerd\u00ec dovranno per\u00f2 fare 7 ore al giorno, qualcuna addirittura anche 8 ore al giorno.<br \/>\nUna soluzione che crea molti disagi, anche per la questione trasporti e gli abbonamenti e&nbsp; non piace agli studenti ma nemmeno a qualche docente.<\/p><div id=\"ilnot-3813392216\" class=\"ilnot-contenuto_2 ilnot-entity-placement\"><div class=\"ads-wrapper\">\n<div class=\"ad-slot\">\n   <div id=\"ilnot-2628566171\" style=\"margin-right: auto;margin-left: auto;text-align: center;width: 320px;height: 100px;\"><a href=\"https:\/\/www.scuolasicurezza.it\/\"><img decoding=\"async\" src=\"https:\/\/www.ilnotiziario.net\/wp\/wp-content\/uploads\/2026\/04\/IlNotiziario_banner-sito-e-newsletter-320-x-100-px-1.gif\" alt=\"\"><\/a><\/div>\n  <\/div>\n<div class=\"ad-slot\">\n   <div id=\"ilnot-4060770962\" style=\"margin-right: auto;margin-left: auto;text-align: center;width: 320px;height: 100px;\"><a href=\"https:\/\/purodesignarredamenti.com\/\"><img decoding=\"async\" src=\"https:\/\/www.ilnotiziario.net\/wp\/wp-content\/uploads\/2026\/04\/banner-puro-ok.gif\" alt=\"whatsapp\"><\/a><\/div><\/p><\/div>\n<\/div>\n<\/div>\n<h2>Studenti in cortile al liceo Fontana contro la mancanza di spazi<\/h2>\n<p>Il problema, annoso, del liceo Fontana di Arese \u00e8 quello della mancanza di spazi. La scuola \u00e8 molto ricercata e ogni anno sono tanti gli studenti che si iscrivono. Quest\u2019anno per esempio, sono state create ben 7 classi prime.<\/p>\n<p>Ma gli spazi sono ridotti e ormai da tempo insufficienti. E\u2019 un problema noto da anni al quale per\u00f2 non si \u00e8 ancora trovata soluzione da parte delle istituzioni politiche coinvolte.<\/p>\n<p>Questa mattina gli studenti provano a far sentire la loro voce, rinunciando alle lezioni e protestando nel cortile della scuola, con cori e striscioni.<\/p><div id=\"ilnot-967219073\" class=\"ilnot-contenuto_2-2 ilnot-entity-placement\"><div class=\"gptslot\" data-adunitid=\"2\"><\/div>\n<\/div>\n<p>Sfoglia il notiziario settimanale su Pc, smartphone e tablet direttamente dal nostro sito <a href=\"http:\/\/edicola.ilnotiziario.net\"><strong>edicola.ilnotiziario.net&nbsp;<\/strong><\/a><\/p>\n","protected":false},"excerpt":{"rendered":"<p>Sciopero&nbsp; in corso al liceo Fontana di Arese contro i nuovi orari didattici condizionati dalla cronica mancanza di spazi. La direzione didattica ha deciso di distribuire le lezioni per alcune classi su 5 giorni alla settimana, per altre classi su sei giorni. Per le&nbsp; classi con lezioni distribuite su 5 giorni, ad alcune \u00e8 stato<\/p>\n","protected":false},"author":3,"featured_media":170638,"comment_status":"closed","ping_status":"closed","sticky":false,"template":"","format":"standard","meta":{"footnotes":""},"categories":[8,11,20],"tags":[115,1946,4308,421,380],"class_list":{"0":"post-170636","1":"post","2":"type-post","3":"status-publish","4":"format-standard","5":"has-post-thumbnail","7":"category-bollatese","8":"category-nord-milano","9":"category-prima-pagina","10":"tag-arese","11":"tag-fontana","12":"tag-liceo","13":"tag-sciopero","14":"tag-scuola"},"yoast_head":"<!-- This site is optimized with the Yoast SEO plugin v27.4 - https:\/\/yoast.com\/product\/yoast-seo-wordpress\/ -->\n<title>Sciopero al liceo Fontana di Arese per mancanza di spazi<\/title>\n<meta name=\"description\" content=\"Sciopero\u00a0 in corso al liceo Fontana di Arese contro i nuovi orari didattici condizionati dalla cronica mancanza di spazi.\" \/>\n<meta name=\"robots\" content=\"index, follow, max-snippet:-1, max-image-preview:large, max-video-preview:-1\" \/>\n<link rel=\"canonical\" href=\"https:\/\/www.ilnotiziario.net\/wp\/prima-pagina\/sciopero-al-liceo-fontana-di-arese-per-modifica-orari-e-mancanza-di-spazi\/\" \/>\n<meta property=\"og:locale\" content=\"it_IT\" \/>\n<meta property=\"og:type\" content=\"article\" \/>\n<meta property=\"og:title\" content=\"Sciopero al liceo Fontana di Arese per mancanza di spazi\" \/>\n<meta property=\"og:description\" content=\"Sciopero\u00a0 in corso al liceo Fontana di Arese contro i nuovi orari didattici condizionati dalla cronica mancanza di spazi.\" \/>\n<meta property=\"og:url\" content=\"https:\/\/www.ilnotiziario.net\/wp\/prima-pagina\/sciopero-al-liceo-fontana-di-arese-per-modifica-orari-e-mancanza-di-spazi\/\" \/>\n<meta property=\"og:site_name\" content=\"Il Notiziario\" \/>\n<meta property=\"article:publisher\" content=\"https:\/\/www.facebook.com\/ilnotiziarioind\/\" \/>\n<meta property=\"article:published_time\" content=\"2022-09-16T08:18:22+00:00\" \/>\n<meta property=\"article:modified_time\" content=\"2022-09-16T08:19:02+00:00\" \/>\n<meta property=\"og:image\" content=\"https:\/\/www.ilnotiziario.net\/wp\/wp-content\/uploads\/2022\/09\/arese-sciopero-scuola.jpg\" \/>\n\t<meta property=\"og:image:width\" content=\"995\" \/>\n\t<meta property=\"og:image:height\" content=\"860\" \/>\n\t<meta property=\"og:image:type\" content=\"image\/jpeg\" \/>\n<meta name=\"author\" content=\"Gabriele Bassani\" \/>\n<meta name=\"twitter:card\" content=\"summary_large_image\" \/>\n<meta name=\"twitter:creator\" content=\"@ilNotiziarioInd\" \/>\n<meta name=\"twitter:site\" content=\"@ilNotiziarioInd\" \/>\n<meta name=\"twitter:label1\" content=\"Scritto da\" \/>\n\t<meta name=\"twitter:data1\" content=\"Gabriele Bassani\" \/>\n\t<meta name=\"twitter:label2\" content=\"Tempo di lettura stimato\" \/>\n\t<meta name=\"twitter:data2\" content=\"2 minuti\" \/>\n<script type=\"application\/ld+json\" class=\"yoast-schema-graph\">{\"@context\":\"https:\\\/\\\/schema.org\",\"@graph\":[{\"@type\":\"Article\",\"@id\":\"https:\\\/\\\/www.ilnotiziario.net\\\/wp\\\/prima-pagina\\\/sciopero-al-liceo-fontana-di-arese-per-modifica-orari-e-mancanza-di-spazi\\\/#article\",\"isPartOf\":{\"@id\":\"https:\\\/\\\/www.ilnotiziario.net\\\/wp\\\/prima-pagina\\\/sciopero-al-liceo-fontana-di-arese-per-modifica-orari-e-mancanza-di-spazi\\\/\"},\"author\":{\"name\":\"Gabriele Bassani\",\"@id\":\"https:\\\/\\\/www.ilnotiziario.net\\\/wp\\\/#\\\/schema\\\/person\\\/386e222908f898bb41c033989482bbf2\"},\"headline\":\"Sciopero al liceo Fontana di Arese per modifica orari e mancanza di spazi\",\"datePublished\":\"2022-09-16T08:18:22+00:00\",\"dateModified\":\"2022-09-16T08:19:02+00:00\",\"mainEntityOfPage\":{\"@id\":\"https:\\\/\\\/www.ilnotiziario.net\\\/wp\\\/prima-pagina\\\/sciopero-al-liceo-fontana-di-arese-per-modifica-orari-e-mancanza-di-spazi\\\/\"},\"wordCount\":261,\"publisher\":{\"@id\":\"https:\\\/\\\/www.ilnotiziario.net\\\/wp\\\/#organization\"},\"image\":{\"@id\":\"https:\\\/\\\/www.ilnotiziario.net\\\/wp\\\/prima-pagina\\\/sciopero-al-liceo-fontana-di-arese-per-modifica-orari-e-mancanza-di-spazi\\\/#primaryimage\"},\"thumbnailUrl\":\"https:\\\/\\\/www.ilnotiziario.net\\\/wp\\\/wp-content\\\/uploads\\\/2022\\\/09\\\/arese-sciopero-scuola.jpg\",\"keywords\":[\"Arese\",\"Fontana\",\"liceo\",\"sciopero\",\"scuola\"],\"articleSection\":[\"BOLLATESE\",\"NORD MILANO\",\"Prima Pagina\"],\"inLanguage\":\"it-IT\"},{\"@type\":\"WebPage\",\"@id\":\"https:\\\/\\\/www.ilnotiziario.net\\\/wp\\\/prima-pagina\\\/sciopero-al-liceo-fontana-di-arese-per-modifica-orari-e-mancanza-di-spazi\\\/\",\"url\":\"https:\\\/\\\/www.ilnotiziario.net\\\/wp\\\/prima-pagina\\\/sciopero-al-liceo-fontana-di-arese-per-modifica-orari-e-mancanza-di-spazi\\\/\",\"name\":\"Sciopero al liceo Fontana di Arese per mancanza di spazi\",\"isPartOf\":{\"@id\":\"https:\\\/\\\/www.ilnotiziario.net\\\/wp\\\/#website\"},\"primaryImageOfPage\":{\"@id\":\"https:\\\/\\\/www.ilnotiziario.net\\\/wp\\\/prima-pagina\\\/sciopero-al-liceo-fontana-di-arese-per-modifica-orari-e-mancanza-di-spazi\\\/#primaryimage\"},\"image\":{\"@id\":\"https:\\\/\\\/www.ilnotiziario.net\\\/wp\\\/prima-pagina\\\/sciopero-al-liceo-fontana-di-arese-per-modifica-orari-e-mancanza-di-spazi\\\/#primaryimage\"},\"thumbnailUrl\":\"https:\\\/\\\/www.ilnotiziario.net\\\/wp\\\/wp-content\\\/uploads\\\/2022\\\/09\\\/arese-sciopero-scuola.jpg\",\"datePublished\":\"2022-09-16T08:18:22+00:00\",\"dateModified\":\"2022-09-16T08:19:02+00:00\",\"description\":\"Sciopero\u00a0 in corso al liceo Fontana di Arese contro i nuovi orari didattici condizionati dalla cronica mancanza di spazi.\",\"breadcrumb\":{\"@id\":\"https:\\\/\\\/www.ilnotiziario.net\\\/wp\\\/prima-pagina\\\/sciopero-al-liceo-fontana-di-arese-per-modifica-orari-e-mancanza-di-spazi\\\/#breadcrumb\"},\"inLanguage\":\"it-IT\",\"potentialAction\":[{\"@type\":\"ReadAction\",\"target\":[\"https:\\\/\\\/www.ilnotiziario.net\\\/wp\\\/prima-pagina\\\/sciopero-al-liceo-fontana-di-arese-per-modifica-orari-e-mancanza-di-spazi\\\/\"]}]},{\"@type\":\"ImageObject\",\"inLanguage\":\"it-IT\",\"@id\":\"https:\\\/\\\/www.ilnotiziario.net\\\/wp\\\/prima-pagina\\\/sciopero-al-liceo-fontana-di-arese-per-modifica-orari-e-mancanza-di-spazi\\\/#primaryimage\",\"url\":\"https:\\\/\\\/www.ilnotiziario.net\\\/wp\\\/wp-content\\\/uploads\\\/2022\\\/09\\\/arese-sciopero-scuola.jpg\",\"contentUrl\":\"https:\\\/\\\/www.ilnotiziario.net\\\/wp\\\/wp-content\\\/uploads\\\/2022\\\/09\\\/arese-sciopero-scuola.jpg\",\"width\":995,\"height\":860,\"caption\":\"sciopero liceo fontana arese\"},{\"@type\":\"BreadcrumbList\",\"@id\":\"https:\\\/\\\/www.ilnotiziario.net\\\/wp\\\/prima-pagina\\\/sciopero-al-liceo-fontana-di-arese-per-modifica-orari-e-mancanza-di-spazi\\\/#breadcrumb\",\"itemListElement\":[{\"@type\":\"ListItem\",\"position\":1,\"name\":\"tds_text_logo_tagline_colortds_text_logo_tagline_colortds_text_logo_tagline_colortds_text_logo_tagline_colortd_module_7_title_excerpttd_module_7_title_excerpttd_module_7_title_excerpttd_module_7_title_excerptHome\",\"item\":\"https:\\\/\\\/www.ilnotiziario.net\\\/wp\\\/\"},{\"@type\":\"ListItem\",\"position\":2,\"name\":\"Sciopero al liceo Fontana di Arese per modifica orari e mancanza di spazi\"}]},{\"@type\":\"WebSite\",\"@id\":\"https:\\\/\\\/www.ilnotiziario.net\\\/wp\\\/#website\",\"url\":\"https:\\\/\\\/www.ilnotiziario.net\\\/wp\\\/\",\"name\":\"Il Notiziario\",\"description\":\"Per restare sempre connessi alla notizia\",\"publisher\":{\"@id\":\"https:\\\/\\\/www.ilnotiziario.net\\\/wp\\\/#organization\"},\"alternateName\":\"Il Notiziario Bollate\",\"potentialAction\":[{\"@type\":\"SearchAction\",\"target\":{\"@type\":\"EntryPoint\",\"urlTemplate\":\"https:\\\/\\\/www.ilnotiziario.net\\\/wp\\\/?s={search_term_string}\"},\"query-input\":{\"@type\":\"PropertyValueSpecification\",\"valueRequired\":true,\"valueName\":\"search_term_string\"}}],\"inLanguage\":\"it-IT\"},{\"@type\":\"Organization\",\"@id\":\"https:\\\/\\\/www.ilnotiziario.net\\\/wp\\\/#organization\",\"name\":\"Il Notiziario\",\"url\":\"https:\\\/\\\/www.ilnotiziario.net\\\/wp\\\/\",\"logo\":{\"@type\":\"ImageObject\",\"inLanguage\":\"it-IT\",\"@id\":\"https:\\\/\\\/www.ilnotiziario.net\\\/wp\\\/#\\\/schema\\\/logo\\\/image\\\/\",\"url\":\"https:\\\/\\\/www.ilnotiziario.net\\\/wp\\\/wp-content\\\/uploads\\\/2022\\\/06\\\/170x170ilN.png\",\"contentUrl\":\"https:\\\/\\\/www.ilnotiziario.net\\\/wp\\\/wp-content\\\/uploads\\\/2022\\\/06\\\/170x170ilN.png\",\"width\":355,\"height\":355,\"caption\":\"Il Notiziario\"},\"image\":{\"@id\":\"https:\\\/\\\/www.ilnotiziario.net\\\/wp\\\/#\\\/schema\\\/logo\\\/image\\\/\"},\"sameAs\":[\"https:\\\/\\\/www.facebook.com\\\/ilnotiziarioind\\\/\",\"https:\\\/\\\/x.com\\\/ilNotiziarioInd\",\"https:\\\/\\\/www.instagram.com\\\/ilnotiziario_settimanale\\\/\"]},{\"@type\":\"Person\",\"@id\":\"https:\\\/\\\/www.ilnotiziario.net\\\/wp\\\/#\\\/schema\\\/person\\\/386e222908f898bb41c033989482bbf2\",\"name\":\"Gabriele Bassani\",\"image\":{\"@type\":\"ImageObject\",\"inLanguage\":\"it-IT\",\"@id\":\"https:\\\/\\\/secure.gravatar.com\\\/avatar\\\/09274f4a84fa97698bde56f84b3afed61c8492d48b0550db9671b68c177479cb?s=96&d=mm&r=g\",\"url\":\"https:\\\/\\\/secure.gravatar.com\\\/avatar\\\/09274f4a84fa97698bde56f84b3afed61c8492d48b0550db9671b68c177479cb?s=96&d=mm&r=g\",\"contentUrl\":\"https:\\\/\\\/secure.gravatar.com\\\/avatar\\\/09274f4a84fa97698bde56f84b3afed61c8492d48b0550db9671b68c177479cb?s=96&d=mm&r=g\",\"caption\":\"Gabriele Bassani\"},\"sameAs\":[\"http:\\\/\\\/www.ilnotiziario.net\"]}]}<\/script>\n<!-- \/ Yoast SEO plugin. -->","yoast_head_json":{"title":"Sciopero al liceo Fontana di Arese per mancanza di spazi","description":"Sciopero\u00a0 in corso al liceo Fontana di Arese contro i nuovi orari didattici condizionati dalla cronica mancanza di spazi.","robots":{"index":"index","follow":"follow","max-snippet":"max-snippet:-1","max-image-preview":"max-image-preview:large","max-video-preview":"max-video-preview:-1"},"canonical":"https:\/\/www.ilnotiziario.net\/wp\/prima-pagina\/sciopero-al-liceo-fontana-di-arese-per-modifica-orari-e-mancanza-di-spazi\/","og_locale":"it_IT","og_type":"article","og_title":"Sciopero al liceo Fontana di Arese per mancanza di spazi","og_description":"Sciopero\u00a0 in corso al liceo Fontana di Arese contro i nuovi orari didattici condizionati dalla cronica mancanza di spazi.","og_url":"https:\/\/www.ilnotiziario.net\/wp\/prima-pagina\/sciopero-al-liceo-fontana-di-arese-per-modifica-orari-e-mancanza-di-spazi\/","og_site_name":"Il Notiziario","article_publisher":"https:\/\/www.facebook.com\/ilnotiziarioind\/","article_published_time":"2022-09-16T08:18:22+00:00","article_modified_time":"2022-09-16T08:19:02+00:00","og_image":[{"width":995,"height":860,"url":"https:\/\/www.ilnotiziario.net\/wp\/wp-content\/uploads\/2022\/09\/arese-sciopero-scuola.jpg","type":"image\/jpeg"}],"author":"Gabriele Bassani","twitter_card":"summary_large_image","twitter_creator":"@ilNotiziarioInd","twitter_site":"@ilNotiziarioInd","twitter_misc":{"Scritto da":"Gabriele Bassani","Tempo di lettura stimato":"2 minuti"},"schema":{"@context":"https:\/\/schema.org","@graph":[{"@type":"Article","@id":"https:\/\/www.ilnotiziario.net\/wp\/prima-pagina\/sciopero-al-liceo-fontana-di-arese-per-modifica-orari-e-mancanza-di-spazi\/#article","isPartOf":{"@id":"https:\/\/www.ilnotiziario.net\/wp\/prima-pagina\/sciopero-al-liceo-fontana-di-arese-per-modifica-orari-e-mancanza-di-spazi\/"},"author":{"name":"Gabriele Bassani","@id":"https:\/\/www.ilnotiziario.net\/wp\/#\/schema\/person\/386e222908f898bb41c033989482bbf2"},"headline":"Sciopero al liceo Fontana di Arese per modifica orari e mancanza di spazi","datePublished":"2022-09-16T08:18:22+00:00","dateModified":"2022-09-16T08:19:02+00:00","mainEntityOfPage":{"@id":"https:\/\/www.ilnotiziario.net\/wp\/prima-pagina\/sciopero-al-liceo-fontana-di-arese-per-modifica-orari-e-mancanza-di-spazi\/"},"wordCount":261,"publisher":{"@id":"https:\/\/www.ilnotiziario.net\/wp\/#organization"},"image":{"@id":"https:\/\/www.ilnotiziario.net\/wp\/prima-pagina\/sciopero-al-liceo-fontana-di-arese-per-modifica-orari-e-mancanza-di-spazi\/#primaryimage"},"thumbnailUrl":"https:\/\/www.ilnotiziario.net\/wp\/wp-content\/uploads\/2022\/09\/arese-sciopero-scuola.jpg","keywords":["Arese","Fontana","liceo","sciopero","scuola"],"articleSection":["BOLLATESE","NORD MILANO","Prima Pagina"],"inLanguage":"it-IT"},{"@type":"WebPage","@id":"https:\/\/www.ilnotiziario.net\/wp\/prima-pagina\/sciopero-al-liceo-fontana-di-arese-per-modifica-orari-e-mancanza-di-spazi\/","url":"https:\/\/www.ilnotiziario.net\/wp\/prima-pagina\/sciopero-al-liceo-fontana-di-arese-per-modifica-orari-e-mancanza-di-spazi\/","name":"Sciopero al liceo Fontana di Arese per mancanza di spazi","isPartOf":{"@id":"https:\/\/www.ilnotiziario.net\/wp\/#website"},"primaryImageOfPage":{"@id":"https:\/\/www.ilnotiziario.net\/wp\/prima-pagina\/sciopero-al-liceo-fontana-di-arese-per-modifica-orari-e-mancanza-di-spazi\/#primaryimage"},"image":{"@id":"https:\/\/www.ilnotiziario.net\/wp\/prima-pagina\/sciopero-al-liceo-fontana-di-arese-per-modifica-orari-e-mancanza-di-spazi\/#primaryimage"},"thumbnailUrl":"https:\/\/www.ilnotiziario.net\/wp\/wp-content\/uploads\/2022\/09\/arese-sciopero-scuola.jpg","datePublished":"2022-09-16T08:18:22+00:00","dateModified":"2022-09-16T08:19:02+00:00","description":"Sciopero\u00a0 in corso al liceo Fontana di Arese contro i nuovi orari didattici condizionati dalla cronica mancanza di spazi.","breadcrumb":{"@id":"https:\/\/www.ilnotiziario.net\/wp\/prima-pagina\/sciopero-al-liceo-fontana-di-arese-per-modifica-orari-e-mancanza-di-spazi\/#breadcrumb"},"inLanguage":"it-IT","potentialAction":[{"@type":"ReadAction","target":["https:\/\/www.ilnotiziario.net\/wp\/prima-pagina\/sciopero-al-liceo-fontana-di-arese-per-modifica-orari-e-mancanza-di-spazi\/"]}]},{"@type":"ImageObject","inLanguage":"it-IT","@id":"https:\/\/www.ilnotiziario.net\/wp\/prima-pagina\/sciopero-al-liceo-fontana-di-arese-per-modifica-orari-e-mancanza-di-spazi\/#primaryimage","url":"https:\/\/www.ilnotiziario.net\/wp\/wp-content\/uploads\/2022\/09\/arese-sciopero-scuola.jpg","contentUrl":"https:\/\/www.ilnotiziario.net\/wp\/wp-content\/uploads\/2022\/09\/arese-sciopero-scuola.jpg","width":995,"height":860,"caption":"sciopero liceo fontana arese"},{"@type":"BreadcrumbList","@id":"https:\/\/www.ilnotiziario.net\/wp\/prima-pagina\/sciopero-al-liceo-fontana-di-arese-per-modifica-orari-e-mancanza-di-spazi\/#breadcrumb","itemListElement":[{"@type":"ListItem","position":1,"name":"tds_text_logo_tagline_colortds_text_logo_tagline_colortds_text_logo_tagline_colortds_text_logo_tagline_colortd_module_7_title_excerpttd_module_7_title_excerpttd_module_7_title_excerpttd_module_7_title_excerptHome","item":"https:\/\/www.ilnotiziario.net\/wp\/"},{"@type":"ListItem","position":2,"name":"Sciopero al liceo Fontana di Arese per modifica orari e mancanza di spazi"}]},{"@type":"WebSite","@id":"https:\/\/www.ilnotiziario.net\/wp\/#website","url":"https:\/\/www.ilnotiziario.net\/wp\/","name":"Il Notiziario","description":"Per restare sempre connessi alla notizia","publisher":{"@id":"https:\/\/www.ilnotiziario.net\/wp\/#organization"},"alternateName":"Il Notiziario Bollate","potentialAction":[{"@type":"SearchAction","target":{"@type":"EntryPoint","urlTemplate":"https:\/\/www.ilnotiziario.net\/wp\/?s={search_term_string}"},"query-input":{"@type":"PropertyValueSpecification","valueRequired":true,"valueName":"search_term_string"}}],"inLanguage":"it-IT"},{"@type":"Organization","@id":"https:\/\/www.ilnotiziario.net\/wp\/#organization","name":"Il Notiziario","url":"https:\/\/www.ilnotiziario.net\/wp\/","logo":{"@type":"ImageObject","inLanguage":"it-IT","@id":"https:\/\/www.ilnotiziario.net\/wp\/#\/schema\/logo\/image\/","url":"https:\/\/www.ilnotiziario.net\/wp\/wp-content\/uploads\/2022\/06\/170x170ilN.png","contentUrl":"https:\/\/www.ilnotiziario.net\/wp\/wp-content\/uploads\/2022\/06\/170x170ilN.png","width":355,"height":355,"caption":"Il Notiziario"},"image":{"@id":"https:\/\/www.ilnotiziario.net\/wp\/#\/schema\/logo\/image\/"},"sameAs":["https:\/\/www.facebook.com\/ilnotiziarioind\/","https:\/\/x.com\/ilNotiziarioInd","https:\/\/www.instagram.com\/ilnotiziario_settimanale\/"]},{"@type":"Person","@id":"https:\/\/www.ilnotiziario.net\/wp\/#\/schema\/person\/386e222908f898bb41c033989482bbf2","name":"Gabriele Bassani","image":{"@type":"ImageObject","inLanguage":"it-IT","@id":"https:\/\/secure.gravatar.com\/avatar\/09274f4a84fa97698bde56f84b3afed61c8492d48b0550db9671b68c177479cb?s=96&d=mm&r=g","url":"https:\/\/secure.gravatar.com\/avatar\/09274f4a84fa97698bde56f84b3afed61c8492d48b0550db9671b68c177479cb?s=96&d=mm&r=g","contentUrl":"https:\/\/secure.gravatar.com\/avatar\/09274f4a84fa97698bde56f84b3afed61c8492d48b0550db9671b68c177479cb?s=96&d=mm&r=g","caption":"Gabriele Bassani"},"sameAs":["http:\/\/www.ilnotiziario.net"]}]}},"_links":{"self":[{"href":"https:\/\/www.ilnotiziario.net\/wp\/wp-json\/wp\/v2\/posts\/170636","targetHints":{"allow":["GET"]}}],"collection":[{"href":"https:\/\/www.ilnotiziario.net\/wp\/wp-json\/wp\/v2\/posts"}],"about":[{"href":"https:\/\/www.ilnotiziario.net\/wp\/wp-json\/wp\/v2\/types\/post"}],"author":[{"embeddable":true,"href":"https:\/\/www.ilnotiziario.net\/wp\/wp-json\/wp\/v2\/users\/3"}],"replies":[{"embeddable":true,"href":"https:\/\/www.ilnotiziario.net\/wp\/wp-json\/wp\/v2\/comments?post=170636"}],"version-history":[{"count":0,"href":"https:\/\/www.ilnotiziario.net\/wp\/wp-json\/wp\/v2\/posts\/170636\/revisions"}],"wp:featuredmedia":[{"embeddable":true,"href":"https:\/\/www.ilnotiziario.net\/wp\/wp-json\/wp\/v2\/media\/170638"}],"wp:attachment":[{"href":"https:\/\/www.ilnotiziario.net\/wp\/wp-json\/wp\/v2\/media?parent=170636"}],"wp:term":[{"taxonomy":"category","embeddable":true,"href":"https:\/\/www.ilnotiziario.net\/wp\/wp-json\/wp\/v2\/categories?post=170636"},{"taxonomy":"post_tag","embeddable":true,"href":"https:\/\/www.ilnotiziario.net\/wp\/wp-json\/wp\/v2\/tags?post=170636"}],"curies":[{"name":"wp","href":"https:\/\/api.w.org\/{rel}","templated":true}]}}