{"id":170766,"date":"2022-09-21T08:49:33","date_gmt":"2022-09-21T06:49:33","guid":{"rendered":"https:\/\/www.ilnotiziario.net\/wp\/?p=170766"},"modified":"2022-10-01T08:09:02","modified_gmt":"2022-10-01T06:09:02","slug":"bollate-il-primo-allenatore-racconta-il-campione-di-volley-yuri-romano","status":"publish","type":"post","link":"https:\/\/www.ilnotiziario.net\/wp\/bollatese\/bollate-il-primo-allenatore-racconta-il-campione-di-volley-yuri-romano\/","title":{"rendered":"Bollate, il primo allenatore racconta il campione di volley Yuri Roman\u00f2"},"content":{"rendered":"<p>Bollate, il primo allenatore racconta il campione di volley Yuri Roman\u00f2.<br \/>\nDa Bollate a Campione del Mondo di volley.<br \/>\nDomenica sera la Nazionale Italiana di pallavolo ha conquistato il titolo di Campione del Mondo di questo affascinante e diffusissimo sport.<br \/>\nUn titolo che all\u2019Italia mancava da ben 24 anni, conquistato per giunta fuori casa, in una sfida mozzafiato contro la Polonia che era la nazione ospitante dei Mondiali.<\/p><div id=\"ilnot-3984407499\" class=\"ilnot-contenuto ilnot-entity-placement\"><p><!-- incontent_1 --><\/p>\n<div class=\"gptslot\" data-adunitid=\"1\"><\/div>\n<\/div>\n<p>Tutto il tifo contro i nostri, che per\u00f2 alla fine hanno trionfato gli azzurri, che hanno perso il primo set, ma poi hanno dominato i tre successivi. Un trionfo enorme per il nostro mondo dello sport, ma un trionfo che ha anche qualcosa di bollatese e di padernese. Infatti uno dei protagonisti assoluti di quella finale, nel ruolo di \u201copposto\u201d, \u00e8 stato Yuri Roman\u00f2, gigante alto 203 centimetri originario e residente di Paderno Dugnano (Palazzolo, per la precisione), che ha cominciato a giocare a volley a Bollate.<\/p>\n<p>E proprio grazie alle scelte giuste dei suoi tecnici di Bollate \u00e8 riuscito a crescere enormemente fino a diventare Campione del mondo. Il suo primo allenatore di volley, nonch\u00e9 figura chiave per lanciarlo verso il futuro, \u00e8 stato Alessandro Rizzi, bollatese, allenatore di lunga esperienza che attualmente per\u00f2 ha lasciato il mondo della pallavolo.<\/p><div id=\"ilnot-3255881379\" class=\"ilnot-contenuto_2 ilnot-entity-placement\"><div class=\"ads-wrapper\">\n<div class=\"ad-slot\">\n   <div id=\"ilnot-1918049039\" style=\"margin-right: auto;margin-left: auto;text-align: center;width: 320px;height: 100px;\"><a href=\"https:\/\/www.scuolasicurezza.it\/\"><img decoding=\"async\" src=\"https:\/\/www.ilnotiziario.net\/wp\/wp-content\/uploads\/2026\/04\/IlNotiziario_banner-sito-e-newsletter-320-x-100-px-1.gif\" alt=\"\"><\/a><\/div>\n  <\/div>\n<div class=\"ad-slot\">\n   <div id=\"ilnot-1136374481\" style=\"margin-right: auto;margin-left: auto;text-align: center;width: 320px;height: 100px;\"><a href=\"https:\/\/purodesignarredamenti.com\/\"><img decoding=\"async\" src=\"https:\/\/www.ilnotiziario.net\/wp\/wp-content\/uploads\/2026\/04\/banner-puro-ok.gif\" alt=\"whatsapp\"><\/a><\/div><\/p><\/div>\n<\/div>\n<\/div>\n<p>Noi lo abbiamo contattato per farci raccontare la curiosa vicenda di Yuri. Una vicenda curiosa poich\u00e9 questo ragazzo da giovane giocava a calcio, non a volley. A pallavolo giocava la sorella a Varedo e fu proprio l\u00ec che l\u2019allenatore della sorella, Vito Basone, contatt\u00f2 la Team Volley Bollate che stava cercando giovani per creare la squadra Under 17, che avrebbe dovuto fare da vivaio per la prima squadra che giocava in Serie B.<\/p>\n<h2>Yuri Roman\u00f2 e l&#8217;esordio a Bollate: parla il primo allenatore<\/h2>\n<p>\u201cRicordo molto bene quel primo giorno \u2013 ci racconta Alessandro Rizzi \u2013 Yuri \u00e8 entrato in palestra che era ancora un ragazzino molto magro e molto alto, aveva sui 15 anni e non aveva mai giocato in una societ\u00e0 di volley. Noi stavamo creando la prima formazione Under 17, lui \u00e8 arrivato alla Team Volley, l\u2019ho messo in campo da subito e ha iniziato a giocare con me, che allenavo quella squadra.<\/p>\n<p>Era fisicamente completamente diverso dall\u2019energumeno che \u00e8 adesso, ma una delle sue fortune \u00e8 stata quella, quando giocava a pallone, di fare una buona scuola calcio che gli ha dato una coordinazione sugli arti inferiori sopra la media. Io gli ho dato tutto quello che potevo dargli tecnicamente; quello che faceva specie a me e che ho visto anche nella finale dei Mondiali di domenica \u00e8 la sua capacit\u00e0 di non farsi prevaricare dalle emozioni: lui sapeva e sa che anche se sbagli una palla \u00e8 solo parte del tuo percorso, non si demoralizzava mai&#8230;\u201d.<\/p><div id=\"ilnot-2359564145\" class=\"ilnot-contenuto_2-2 ilnot-entity-placement\"><div class=\"gptslot\" data-adunitid=\"2\"><\/div>\n<\/div>\n<p>A Bollate gioc\u00f2 due anni nella Under 17 allenata da Rizzi, per\u00f2 il secondo anno gioc\u00f2 pochissimo perch\u00e9 nel frattempo era cresciuto di 20 centimetri e le ginocchia non si erano ancora adattate alla nuova altezza, per cui ebbe dei problemi. E la scelta del Bollate, sentito un esperto fisioterapista, fu giusta per la carriera di Yuri: fermarlo, non farlo giocare finch\u00e9 il fisico non si fosse adattato a quell\u2019altezza vi fu per lui lo stop per le ginocchia.<\/p>\n<p>Il terzo anno gioc\u00f2 ancora a Bollate nella Under 19 serie D allenata da Rizzi, ma Yuri si allenava con la Serie B, allenata da Gianpiero Fasce.<\/p>\n<h2>Yuri e il &#8220;dopo Bollate&#8221;<\/h2>\n<p>Poi cosa accadde? Come avvenne l\u2019addio a Bollate? \u201cPoi l\u2019anno dopo ci furono problemi in societ\u00e0, non era certo che potessimo andare avanti, mentre per lui era evidente che doveva crescere. Ma occorreva fare la scelta giusta nel suo interesse: riuscimmo a farlo entrare nei Diavoli Rosa, che sono il top nel campo giovanile.<\/p><div id=\"ilnot-2936777282\" class=\"ilnot-contenuto_2-2-2 ilnot-entity-placement\"><div class=\"gptslot\" data-adunitid=\"3\"><\/div>\n<\/div>\n<p>E fu la decisione giusta che prendemmo per lui. Yuri dopo due anni di Diavoli Rosa pass\u00f2 nel 2017 al Potentino, nel 2018 al Bergamo, nel 2019 all\u2019Emma Villas in serie A2, nel 2021 al Powervolley Milano e attualmente milita nella BlueEnergy Piacenza. Ma dal 2019 \u00e8 anche nella prima squadra della Nazionale Italiana. E domenica \u00e8 diventato Campione del Mondo.<\/p>\n<p>Sfoglia il notiziario in formato digitale direttamente dal nostro sito <a href=\"https:\/\/edicola.ilnotiziario.net\/citterioeditoresrl\/newsstand\">edicola.ilnotiziario.net<\/a><\/p>\n","protected":false},"excerpt":{"rendered":"<p>Bollate, il primo allenatore racconta il campione di volley Yuri Roman\u00f2. Da Bollate a Campione del Mondo di volley. Domenica sera la Nazionale Italiana di pallavolo ha conquistato il titolo di Campione del Mondo di questo affascinante e diffusissimo sport. Un titolo che all\u2019Italia mancava da ben 24 anni, conquistato per giunta fuori casa, in<\/p>\n","protected":false},"author":14,"featured_media":170767,"comment_status":"closed","ping_status":"closed","sticky":false,"template":"","format":"standard","meta":{"footnotes":""},"categories":[8,20,15,16],"tags":[4178,110,39,9198],"class_list":{"0":"post-170766","1":"post","2":"type-post","3":"status-publish","4":"format-standard","5":"has-post-thumbnail","7":"category-bollatese","8":"category-prima-pagina","9":"category-sport","10":"category-storie","11":"tag-allenatore","12":"tag-bollate","13":"tag-paderno-dugnano","14":"tag-yuri-romano"},"yoast_head":"<!-- This site is optimized with the Yoast SEO plugin v27.4 - https:\/\/yoast.com\/product\/yoast-seo-wordpress\/ -->\n<title>Bollate, il primo allenatore racconta il campione di volley Yuri Roman\u00f2 - Il Notiziario<\/title>\n<meta name=\"description\" content=\"Da Bollate, il primo allenatore racconta il campione del mondo di volley Yuri Roman\u00f2 che vive a Paderno Dugnano\" \/>\n<meta name=\"robots\" content=\"index, follow, max-snippet:-1, max-image-preview:large, max-video-preview:-1\" \/>\n<link rel=\"canonical\" href=\"https:\/\/www.ilnotiziario.net\/wp\/bollatese\/bollate-il-primo-allenatore-racconta-il-campione-di-volley-yuri-romano\/\" \/>\n<meta property=\"og:locale\" content=\"it_IT\" \/>\n<meta property=\"og:type\" content=\"article\" \/>\n<meta property=\"og:title\" content=\"Bollate, il primo allenatore racconta il campione di volley Yuri Roman\u00f2 - Il Notiziario\" \/>\n<meta property=\"og:description\" content=\"Da Bollate, il primo allenatore racconta il campione del mondo di volley Yuri Roman\u00f2 che vive a Paderno Dugnano\" \/>\n<meta property=\"og:url\" content=\"https:\/\/www.ilnotiziario.net\/wp\/bollatese\/bollate-il-primo-allenatore-racconta-il-campione-di-volley-yuri-romano\/\" \/>\n<meta property=\"og:site_name\" content=\"Il Notiziario\" \/>\n<meta property=\"article:publisher\" content=\"https:\/\/www.facebook.com\/ilnotiziarioind\/\" \/>\n<meta property=\"article:published_time\" content=\"2022-09-21T06:49:33+00:00\" \/>\n<meta property=\"article:modified_time\" content=\"2022-10-01T06:09:02+00:00\" \/>\n<meta property=\"og:image\" content=\"https:\/\/www.ilnotiziario.net\/wp\/wp-content\/uploads\/2022\/09\/yuri.jpg\" \/>\n\t<meta property=\"og:image:width\" content=\"709\" \/>\n\t<meta property=\"og:image:height\" content=\"378\" \/>\n\t<meta property=\"og:image:type\" content=\"image\/jpeg\" \/>\n<meta name=\"author\" content=\"Silvia Citterio\" \/>\n<meta name=\"twitter:card\" content=\"summary_large_image\" \/>\n<meta name=\"twitter:creator\" content=\"@ilNotiziarioInd\" \/>\n<meta name=\"twitter:site\" content=\"@ilNotiziarioInd\" \/>\n<meta name=\"twitter:label1\" content=\"Scritto da\" \/>\n\t<meta name=\"twitter:data1\" content=\"Silvia Citterio\" \/>\n\t<meta name=\"twitter:label2\" content=\"Tempo di lettura stimato\" \/>\n\t<meta name=\"twitter:data2\" content=\"4 minuti\" \/>\n<script type=\"application\/ld+json\" class=\"yoast-schema-graph\">{\"@context\":\"https:\\\/\\\/schema.org\",\"@graph\":[{\"@type\":\"Article\",\"@id\":\"https:\\\/\\\/www.ilnotiziario.net\\\/wp\\\/bollatese\\\/bollate-il-primo-allenatore-racconta-il-campione-di-volley-yuri-romano\\\/#article\",\"isPartOf\":{\"@id\":\"https:\\\/\\\/www.ilnotiziario.net\\\/wp\\\/bollatese\\\/bollate-il-primo-allenatore-racconta-il-campione-di-volley-yuri-romano\\\/\"},\"author\":{\"name\":\"Silvia Citterio\",\"@id\":\"https:\\\/\\\/www.ilnotiziario.net\\\/wp\\\/#\\\/schema\\\/person\\\/c5bca2edc3d99d29959f04a6126f687b\"},\"headline\":\"Bollate, il primo allenatore racconta il campione di volley Yuri Roman\u00f2\",\"datePublished\":\"2022-09-21T06:49:33+00:00\",\"dateModified\":\"2022-10-01T06:09:02+00:00\",\"mainEntityOfPage\":{\"@id\":\"https:\\\/\\\/www.ilnotiziario.net\\\/wp\\\/bollatese\\\/bollate-il-primo-allenatore-racconta-il-campione-di-volley-yuri-romano\\\/\"},\"wordCount\":692,\"publisher\":{\"@id\":\"https:\\\/\\\/www.ilnotiziario.net\\\/wp\\\/#organization\"},\"image\":{\"@id\":\"https:\\\/\\\/www.ilnotiziario.net\\\/wp\\\/bollatese\\\/bollate-il-primo-allenatore-racconta-il-campione-di-volley-yuri-romano\\\/#primaryimage\"},\"thumbnailUrl\":\"https:\\\/\\\/www.ilnotiziario.net\\\/wp\\\/wp-content\\\/uploads\\\/2022\\\/09\\\/yuri.jpg\",\"keywords\":[\"allenatore\",\"Bollate\",\"Paderno Dugnano\",\"Yuri Roman\u00f2\"],\"articleSection\":[\"BOLLATESE\",\"Prima Pagina\",\"SPORT\",\"STORIE\"],\"inLanguage\":\"it-IT\"},{\"@type\":\"WebPage\",\"@id\":\"https:\\\/\\\/www.ilnotiziario.net\\\/wp\\\/bollatese\\\/bollate-il-primo-allenatore-racconta-il-campione-di-volley-yuri-romano\\\/\",\"url\":\"https:\\\/\\\/www.ilnotiziario.net\\\/wp\\\/bollatese\\\/bollate-il-primo-allenatore-racconta-il-campione-di-volley-yuri-romano\\\/\",\"name\":\"Bollate, il primo allenatore racconta il campione di volley Yuri Roman\u00f2 - Il Notiziario\",\"isPartOf\":{\"@id\":\"https:\\\/\\\/www.ilnotiziario.net\\\/wp\\\/#website\"},\"primaryImageOfPage\":{\"@id\":\"https:\\\/\\\/www.ilnotiziario.net\\\/wp\\\/bollatese\\\/bollate-il-primo-allenatore-racconta-il-campione-di-volley-yuri-romano\\\/#primaryimage\"},\"image\":{\"@id\":\"https:\\\/\\\/www.ilnotiziario.net\\\/wp\\\/bollatese\\\/bollate-il-primo-allenatore-racconta-il-campione-di-volley-yuri-romano\\\/#primaryimage\"},\"thumbnailUrl\":\"https:\\\/\\\/www.ilnotiziario.net\\\/wp\\\/wp-content\\\/uploads\\\/2022\\\/09\\\/yuri.jpg\",\"datePublished\":\"2022-09-21T06:49:33+00:00\",\"dateModified\":\"2022-10-01T06:09:02+00:00\",\"description\":\"Da Bollate, il primo allenatore racconta il campione del mondo di volley Yuri Roman\u00f2 che vive a Paderno Dugnano\",\"breadcrumb\":{\"@id\":\"https:\\\/\\\/www.ilnotiziario.net\\\/wp\\\/bollatese\\\/bollate-il-primo-allenatore-racconta-il-campione-di-volley-yuri-romano\\\/#breadcrumb\"},\"inLanguage\":\"it-IT\",\"potentialAction\":[{\"@type\":\"ReadAction\",\"target\":[\"https:\\\/\\\/www.ilnotiziario.net\\\/wp\\\/bollatese\\\/bollate-il-primo-allenatore-racconta-il-campione-di-volley-yuri-romano\\\/\"]}]},{\"@type\":\"ImageObject\",\"inLanguage\":\"it-IT\",\"@id\":\"https:\\\/\\\/www.ilnotiziario.net\\\/wp\\\/bollatese\\\/bollate-il-primo-allenatore-racconta-il-campione-di-volley-yuri-romano\\\/#primaryimage\",\"url\":\"https:\\\/\\\/www.ilnotiziario.net\\\/wp\\\/wp-content\\\/uploads\\\/2022\\\/09\\\/yuri.jpg\",\"contentUrl\":\"https:\\\/\\\/www.ilnotiziario.net\\\/wp\\\/wp-content\\\/uploads\\\/2022\\\/09\\\/yuri.jpg\",\"width\":709,\"height\":378,\"caption\":\"Il Campione del Mondo Yuri Roman\u00f2 e, a destra, il suo primo allenatore di pallavolo, il bollatese Alessandro Rizzo\"},{\"@type\":\"BreadcrumbList\",\"@id\":\"https:\\\/\\\/www.ilnotiziario.net\\\/wp\\\/bollatese\\\/bollate-il-primo-allenatore-racconta-il-campione-di-volley-yuri-romano\\\/#breadcrumb\",\"itemListElement\":[{\"@type\":\"ListItem\",\"position\":1,\"name\":\"tds_text_logo_tagline_colortds_text_logo_tagline_colortds_text_logo_tagline_colortds_text_logo_tagline_colortd_module_7_title_excerpttd_module_7_title_excerpttd_module_7_title_excerpttd_module_7_title_excerptHome\",\"item\":\"https:\\\/\\\/www.ilnotiziario.net\\\/wp\\\/\"},{\"@type\":\"ListItem\",\"position\":2,\"name\":\"Bollate, il primo allenatore racconta il campione di volley Yuri Roman\u00f2\"}]},{\"@type\":\"WebSite\",\"@id\":\"https:\\\/\\\/www.ilnotiziario.net\\\/wp\\\/#website\",\"url\":\"https:\\\/\\\/www.ilnotiziario.net\\\/wp\\\/\",\"name\":\"Il Notiziario\",\"description\":\"Per restare sempre connessi alla notizia\",\"publisher\":{\"@id\":\"https:\\\/\\\/www.ilnotiziario.net\\\/wp\\\/#organization\"},\"alternateName\":\"Il Notiziario Bollate\",\"potentialAction\":[{\"@type\":\"SearchAction\",\"target\":{\"@type\":\"EntryPoint\",\"urlTemplate\":\"https:\\\/\\\/www.ilnotiziario.net\\\/wp\\\/?s={search_term_string}\"},\"query-input\":{\"@type\":\"PropertyValueSpecification\",\"valueRequired\":true,\"valueName\":\"search_term_string\"}}],\"inLanguage\":\"it-IT\"},{\"@type\":\"Organization\",\"@id\":\"https:\\\/\\\/www.ilnotiziario.net\\\/wp\\\/#organization\",\"name\":\"Il Notiziario\",\"url\":\"https:\\\/\\\/www.ilnotiziario.net\\\/wp\\\/\",\"logo\":{\"@type\":\"ImageObject\",\"inLanguage\":\"it-IT\",\"@id\":\"https:\\\/\\\/www.ilnotiziario.net\\\/wp\\\/#\\\/schema\\\/logo\\\/image\\\/\",\"url\":\"https:\\\/\\\/www.ilnotiziario.net\\\/wp\\\/wp-content\\\/uploads\\\/2022\\\/06\\\/170x170ilN.png\",\"contentUrl\":\"https:\\\/\\\/www.ilnotiziario.net\\\/wp\\\/wp-content\\\/uploads\\\/2022\\\/06\\\/170x170ilN.png\",\"width\":355,\"height\":355,\"caption\":\"Il Notiziario\"},\"image\":{\"@id\":\"https:\\\/\\\/www.ilnotiziario.net\\\/wp\\\/#\\\/schema\\\/logo\\\/image\\\/\"},\"sameAs\":[\"https:\\\/\\\/www.facebook.com\\\/ilnotiziarioind\\\/\",\"https:\\\/\\\/x.com\\\/ilNotiziarioInd\",\"https:\\\/\\\/www.instagram.com\\\/ilnotiziario_settimanale\\\/\"]},{\"@type\":\"Person\",\"@id\":\"https:\\\/\\\/www.ilnotiziario.net\\\/wp\\\/#\\\/schema\\\/person\\\/c5bca2edc3d99d29959f04a6126f687b\",\"name\":\"Silvia Citterio\",\"image\":{\"@type\":\"ImageObject\",\"inLanguage\":\"it-IT\",\"@id\":\"https:\\\/\\\/secure.gravatar.com\\\/avatar\\\/03eb19c63b944e79a9b5ce53ca5d1ca303edcf368a68721ec3ccaae7f98c5afd?s=96&d=mm&r=g\",\"url\":\"https:\\\/\\\/secure.gravatar.com\\\/avatar\\\/03eb19c63b944e79a9b5ce53ca5d1ca303edcf368a68721ec3ccaae7f98c5afd?s=96&d=mm&r=g\",\"contentUrl\":\"https:\\\/\\\/secure.gravatar.com\\\/avatar\\\/03eb19c63b944e79a9b5ce53ca5d1ca303edcf368a68721ec3ccaae7f98c5afd?s=96&d=mm&r=g\",\"caption\":\"Silvia Citterio\"}}]}<\/script>\n<!-- \/ Yoast SEO plugin. -->","yoast_head_json":{"title":"Bollate, il primo allenatore racconta il campione di volley Yuri Roman\u00f2 - Il Notiziario","description":"Da Bollate, il primo allenatore racconta il campione del mondo di volley Yuri Roman\u00f2 che vive a Paderno Dugnano","robots":{"index":"index","follow":"follow","max-snippet":"max-snippet:-1","max-image-preview":"max-image-preview:large","max-video-preview":"max-video-preview:-1"},"canonical":"https:\/\/www.ilnotiziario.net\/wp\/bollatese\/bollate-il-primo-allenatore-racconta-il-campione-di-volley-yuri-romano\/","og_locale":"it_IT","og_type":"article","og_title":"Bollate, il primo allenatore racconta il campione di volley Yuri Roman\u00f2 - Il Notiziario","og_description":"Da Bollate, il primo allenatore racconta il campione del mondo di volley Yuri Roman\u00f2 che vive a Paderno Dugnano","og_url":"https:\/\/www.ilnotiziario.net\/wp\/bollatese\/bollate-il-primo-allenatore-racconta-il-campione-di-volley-yuri-romano\/","og_site_name":"Il Notiziario","article_publisher":"https:\/\/www.facebook.com\/ilnotiziarioind\/","article_published_time":"2022-09-21T06:49:33+00:00","article_modified_time":"2022-10-01T06:09:02+00:00","og_image":[{"width":709,"height":378,"url":"https:\/\/www.ilnotiziario.net\/wp\/wp-content\/uploads\/2022\/09\/yuri.jpg","type":"image\/jpeg"}],"author":"Silvia Citterio","twitter_card":"summary_large_image","twitter_creator":"@ilNotiziarioInd","twitter_site":"@ilNotiziarioInd","twitter_misc":{"Scritto da":"Silvia Citterio","Tempo di lettura stimato":"4 minuti"},"schema":{"@context":"https:\/\/schema.org","@graph":[{"@type":"Article","@id":"https:\/\/www.ilnotiziario.net\/wp\/bollatese\/bollate-il-primo-allenatore-racconta-il-campione-di-volley-yuri-romano\/#article","isPartOf":{"@id":"https:\/\/www.ilnotiziario.net\/wp\/bollatese\/bollate-il-primo-allenatore-racconta-il-campione-di-volley-yuri-romano\/"},"author":{"name":"Silvia Citterio","@id":"https:\/\/www.ilnotiziario.net\/wp\/#\/schema\/person\/c5bca2edc3d99d29959f04a6126f687b"},"headline":"Bollate, il primo allenatore racconta il campione di volley Yuri Roman\u00f2","datePublished":"2022-09-21T06:49:33+00:00","dateModified":"2022-10-01T06:09:02+00:00","mainEntityOfPage":{"@id":"https:\/\/www.ilnotiziario.net\/wp\/bollatese\/bollate-il-primo-allenatore-racconta-il-campione-di-volley-yuri-romano\/"},"wordCount":692,"publisher":{"@id":"https:\/\/www.ilnotiziario.net\/wp\/#organization"},"image":{"@id":"https:\/\/www.ilnotiziario.net\/wp\/bollatese\/bollate-il-primo-allenatore-racconta-il-campione-di-volley-yuri-romano\/#primaryimage"},"thumbnailUrl":"https:\/\/www.ilnotiziario.net\/wp\/wp-content\/uploads\/2022\/09\/yuri.jpg","keywords":["allenatore","Bollate","Paderno Dugnano","Yuri Roman\u00f2"],"articleSection":["BOLLATESE","Prima Pagina","SPORT","STORIE"],"inLanguage":"it-IT"},{"@type":"WebPage","@id":"https:\/\/www.ilnotiziario.net\/wp\/bollatese\/bollate-il-primo-allenatore-racconta-il-campione-di-volley-yuri-romano\/","url":"https:\/\/www.ilnotiziario.net\/wp\/bollatese\/bollate-il-primo-allenatore-racconta-il-campione-di-volley-yuri-romano\/","name":"Bollate, il primo allenatore racconta il campione di volley Yuri Roman\u00f2 - Il Notiziario","isPartOf":{"@id":"https:\/\/www.ilnotiziario.net\/wp\/#website"},"primaryImageOfPage":{"@id":"https:\/\/www.ilnotiziario.net\/wp\/bollatese\/bollate-il-primo-allenatore-racconta-il-campione-di-volley-yuri-romano\/#primaryimage"},"image":{"@id":"https:\/\/www.ilnotiziario.net\/wp\/bollatese\/bollate-il-primo-allenatore-racconta-il-campione-di-volley-yuri-romano\/#primaryimage"},"thumbnailUrl":"https:\/\/www.ilnotiziario.net\/wp\/wp-content\/uploads\/2022\/09\/yuri.jpg","datePublished":"2022-09-21T06:49:33+00:00","dateModified":"2022-10-01T06:09:02+00:00","description":"Da Bollate, il primo allenatore racconta il campione del mondo di volley Yuri Roman\u00f2 che vive a Paderno Dugnano","breadcrumb":{"@id":"https:\/\/www.ilnotiziario.net\/wp\/bollatese\/bollate-il-primo-allenatore-racconta-il-campione-di-volley-yuri-romano\/#breadcrumb"},"inLanguage":"it-IT","potentialAction":[{"@type":"ReadAction","target":["https:\/\/www.ilnotiziario.net\/wp\/bollatese\/bollate-il-primo-allenatore-racconta-il-campione-di-volley-yuri-romano\/"]}]},{"@type":"ImageObject","inLanguage":"it-IT","@id":"https:\/\/www.ilnotiziario.net\/wp\/bollatese\/bollate-il-primo-allenatore-racconta-il-campione-di-volley-yuri-romano\/#primaryimage","url":"https:\/\/www.ilnotiziario.net\/wp\/wp-content\/uploads\/2022\/09\/yuri.jpg","contentUrl":"https:\/\/www.ilnotiziario.net\/wp\/wp-content\/uploads\/2022\/09\/yuri.jpg","width":709,"height":378,"caption":"Il Campione del Mondo Yuri Roman\u00f2 e, a destra, il suo primo allenatore di pallavolo, il bollatese Alessandro Rizzo"},{"@type":"BreadcrumbList","@id":"https:\/\/www.ilnotiziario.net\/wp\/bollatese\/bollate-il-primo-allenatore-racconta-il-campione-di-volley-yuri-romano\/#breadcrumb","itemListElement":[{"@type":"ListItem","position":1,"name":"tds_text_logo_tagline_colortds_text_logo_tagline_colortds_text_logo_tagline_colortds_text_logo_tagline_colortd_module_7_title_excerpttd_module_7_title_excerpttd_module_7_title_excerpttd_module_7_title_excerptHome","item":"https:\/\/www.ilnotiziario.net\/wp\/"},{"@type":"ListItem","position":2,"name":"Bollate, il primo allenatore racconta il campione di volley Yuri Roman\u00f2"}]},{"@type":"WebSite","@id":"https:\/\/www.ilnotiziario.net\/wp\/#website","url":"https:\/\/www.ilnotiziario.net\/wp\/","name":"Il Notiziario","description":"Per restare sempre connessi alla notizia","publisher":{"@id":"https:\/\/www.ilnotiziario.net\/wp\/#organization"},"alternateName":"Il Notiziario Bollate","potentialAction":[{"@type":"SearchAction","target":{"@type":"EntryPoint","urlTemplate":"https:\/\/www.ilnotiziario.net\/wp\/?s={search_term_string}"},"query-input":{"@type":"PropertyValueSpecification","valueRequired":true,"valueName":"search_term_string"}}],"inLanguage":"it-IT"},{"@type":"Organization","@id":"https:\/\/www.ilnotiziario.net\/wp\/#organization","name":"Il Notiziario","url":"https:\/\/www.ilnotiziario.net\/wp\/","logo":{"@type":"ImageObject","inLanguage":"it-IT","@id":"https:\/\/www.ilnotiziario.net\/wp\/#\/schema\/logo\/image\/","url":"https:\/\/www.ilnotiziario.net\/wp\/wp-content\/uploads\/2022\/06\/170x170ilN.png","contentUrl":"https:\/\/www.ilnotiziario.net\/wp\/wp-content\/uploads\/2022\/06\/170x170ilN.png","width":355,"height":355,"caption":"Il Notiziario"},"image":{"@id":"https:\/\/www.ilnotiziario.net\/wp\/#\/schema\/logo\/image\/"},"sameAs":["https:\/\/www.facebook.com\/ilnotiziarioind\/","https:\/\/x.com\/ilNotiziarioInd","https:\/\/www.instagram.com\/ilnotiziario_settimanale\/"]},{"@type":"Person","@id":"https:\/\/www.ilnotiziario.net\/wp\/#\/schema\/person\/c5bca2edc3d99d29959f04a6126f687b","name":"Silvia Citterio","image":{"@type":"ImageObject","inLanguage":"it-IT","@id":"https:\/\/secure.gravatar.com\/avatar\/03eb19c63b944e79a9b5ce53ca5d1ca303edcf368a68721ec3ccaae7f98c5afd?s=96&d=mm&r=g","url":"https:\/\/secure.gravatar.com\/avatar\/03eb19c63b944e79a9b5ce53ca5d1ca303edcf368a68721ec3ccaae7f98c5afd?s=96&d=mm&r=g","contentUrl":"https:\/\/secure.gravatar.com\/avatar\/03eb19c63b944e79a9b5ce53ca5d1ca303edcf368a68721ec3ccaae7f98c5afd?s=96&d=mm&r=g","caption":"Silvia Citterio"}}]}},"_links":{"self":[{"href":"https:\/\/www.ilnotiziario.net\/wp\/wp-json\/wp\/v2\/posts\/170766","targetHints":{"allow":["GET"]}}],"collection":[{"href":"https:\/\/www.ilnotiziario.net\/wp\/wp-json\/wp\/v2\/posts"}],"about":[{"href":"https:\/\/www.ilnotiziario.net\/wp\/wp-json\/wp\/v2\/types\/post"}],"author":[{"embeddable":true,"href":"https:\/\/www.ilnotiziario.net\/wp\/wp-json\/wp\/v2\/users\/14"}],"replies":[{"embeddable":true,"href":"https:\/\/www.ilnotiziario.net\/wp\/wp-json\/wp\/v2\/comments?post=170766"}],"version-history":[{"count":0,"href":"https:\/\/www.ilnotiziario.net\/wp\/wp-json\/wp\/v2\/posts\/170766\/revisions"}],"wp:featuredmedia":[{"embeddable":true,"href":"https:\/\/www.ilnotiziario.net\/wp\/wp-json\/wp\/v2\/media\/170767"}],"wp:attachment":[{"href":"https:\/\/www.ilnotiziario.net\/wp\/wp-json\/wp\/v2\/media?parent=170766"}],"wp:term":[{"taxonomy":"category","embeddable":true,"href":"https:\/\/www.ilnotiziario.net\/wp\/wp-json\/wp\/v2\/categories?post=170766"},{"taxonomy":"post_tag","embeddable":true,"href":"https:\/\/www.ilnotiziario.net\/wp\/wp-json\/wp\/v2\/tags?post=170766"}],"curies":[{"name":"wp","href":"https:\/\/api.w.org\/{rel}","templated":true}]}}