{"id":171440,"date":"2022-10-06T10:20:13","date_gmt":"2022-10-06T08:20:13","guid":{"rendered":"https:\/\/www.ilnotiziario.net\/wp\/?p=171440"},"modified":"2022-10-06T10:20:13","modified_gmt":"2022-10-06T08:20:13","slug":"sondaggio-ad-arese-per-il-futuro-della-comunita-pastorale","status":"publish","type":"post","link":"https:\/\/www.ilnotiziario.net\/wp\/prima-pagina\/sondaggio-ad-arese-per-il-futuro-della-comunita-pastorale\/","title":{"rendered":"Sondaggio ad Arese per il futuro della comunit\u00e0 pastorale"},"content":{"rendered":"<p><strong>Un sondaggio per condividere e programmare insieme il futuro della comunit\u00e0 pastorale di Arese<\/strong>, che con le sue parrocchie dei santi Pietro e Paolo, Maria aiuto dei cristiani e San Bernardino, si interroga su come consolidare il proprio presente e farne pietra d\u2019angolo per il proprio futuro. Di fronte alla comunit\u00e0 pastorale c\u2019\u00e8 <strong>un piano di sviluppo quinquennale di riqualificazione delle strutture<\/strong>, siano esse operative o edifici. E proprio nell\u2019ottica di condivisione e programmazione comunitaria, a fine ottobre termina il sondaggio lanciato tra i fedeli. Un modo per interagire con i fedeli e i membri della comunit\u00e0, chiedendo loro eventuali disponibilit\u00e0 e contributi in termini di tempo, risorse e competenze. Ma anche un modo per <strong>intercettare le nuovi generazioni, proponendo loro di restare connesse alla vita comunitaria anche attraverso social e newsletter.<\/strong><\/p><div id=\"ilnot-2511914259\" class=\"ilnot-contenuto ilnot-entity-placement\"><p><!-- incontent_1 --><\/p>\n<div class=\"gptslot\" data-adunitid=\"1\"><\/div>\n<\/div>\n<h2>Il sondaggio di Arese, report economico comunit\u00e0 pastorale<\/h2>\n<p>Tanto che sacerdoti, suore e laici del consiglio pastorale, cos\u00ec come quelli del consiglio Affari economici, hanno deciso di fare u<strong>n report delle problematiche presenti oggi nelle strutture aresine<\/strong>. Che sia funzionale al sondaggio rivolto ai membri della stessa comunit\u00e0 pastorale di Arese. E prevedendo interventi, costi connessi e anche possibilit\u00e0 di vendite per strutture poco o addirittura non utilizzate.<strong> Un vero e proprio consuntivo economico, per mettere nero su bianco e in trasparenza la situazione economica in cui versa la comunit\u00e0 pastorale e le esigenze di spesa futura<\/strong>.<\/p>\n<h2>Il Piano di investimenti della comunit\u00e0 pastorale<\/h2>\n<p>Nasce da qui<strong> la realizzazione di un vero e proprio Piano di riqualificazione e ripensamento delle strutture<\/strong>, con l\u2019accortezza di rispondere alle esigenze e alle richieste delle realt\u00e0 associative connesse alla vita della comunit\u00e0 pastorale. Una pianificazione di interventi, insomma, che non sia \u201ca spot\u201d ma eseguita su una base di visione complessiva.<strong> Il Piano di riqualificazione prevede uno sviluppo quinquennale e prevede tutti i lavori di manutenzione, le proposte di investimento per ripensare le strutture parrocchiali<\/strong> e di quelle ritenute necessarie per lo sviluppo delle attivit\u00e0. <strong>Almeno il 70% dei lavori previsti ha priorit\u00e0 alta<\/strong>, a partire dalla tensostruttura dei cortili di Maria aiuto dei cristiani, in favore delle attivit\u00e0 del Gruppo sportivo oratoriano Don Bosco e per gli incontri organizzati anche con le scolaresche.<\/p><div id=\"ilnot-2536817274\" class=\"ilnot-contenuto_2 ilnot-entity-placement\"><div class=\"ads-wrapper\">\n<div class=\"ad-slot\">\n   <div id=\"ilnot-4043338987\" style=\"margin-right: auto;margin-left: auto;text-align: center;width: 320px;height: 100px;\"><a href=\"https:\/\/www.scuolasicurezza.it\/\"><img decoding=\"async\" src=\"https:\/\/www.ilnotiziario.net\/wp\/wp-content\/uploads\/2026\/04\/IlNotiziario_banner-sito-e-newsletter-320-x-100-px-1.gif\" alt=\"\"><\/a><\/div>\n  <\/div>\n<div class=\"ad-slot\">\n   <div id=\"ilnot-73685374\" style=\"margin-right: auto;margin-left: auto;text-align: center;width: 320px;height: 100px;\"><a href=\"https:\/\/purodesignarredamenti.com\/\"><img decoding=\"async\" src=\"https:\/\/www.ilnotiziario.net\/wp\/wp-content\/uploads\/2026\/04\/banner-puro-ok.gif\" alt=\"whatsapp\"><\/a><\/div><\/p><\/div>\n<\/div>\n<\/div>\n<h2>Il restauro della chiesa e del campanile di San Bernardino<\/h2>\n<p>Ma <strong>altrettanto prioritario \u00e8 il restauro complessivo della chiesa, del campanile e della canonica di San Bernardino. Oggetto nel tempo di interventi tampone<\/strong>. Gli ambienti della canonica, ad esempi, da inutilizzati che sono possono essere recuperati offrendo ospitalit\u00e0 anche a gruppi di una decina di persone. Cos\u00ec come \u00e8 prioritario anche l\u2019intervento di riqualificazione degli ambienti parrocchiali in Santi Pietro e Paolo, con benefici per Caritas Acli e San Vincenzo, o sul manto erboso del campo a 7 e a 5 dell\u2019oratorio Don Bosco.<\/p>\n<p><strong>Redazione web<\/strong><\/p>\n<p><em><strong>Sfoglia il notiziario in formato digitale su Pc, smartphone e tablet direttamente dal nostro sito\u00a0<\/strong><\/em><a href=\"http:\/\/edicola.ilnotiziario.net\/\"><strong>edicola.ilnotiziario.net<\/strong><\/a><\/p><div id=\"ilnot-1430689974\" class=\"ilnot-contenuto_2-2 ilnot-entity-placement\"><div class=\"gptslot\" data-adunitid=\"2\"><\/div>\n<\/div>\n","protected":false},"excerpt":{"rendered":"<p>Un sondaggio per condividere e programmare insieme il futuro della comunit\u00e0 pastorale di Arese, che con le sue parrocchie dei santi Pietro e Paolo, Maria aiuto dei cristiani e San Bernardino, si interroga su come consolidare il proprio presente e farne pietra d\u2019angolo per il proprio futuro. Di fronte alla comunit\u00e0 pastorale c\u2019\u00e8 un piano<\/p>\n","protected":false},"author":3,"featured_media":171441,"comment_status":"closed","ping_status":"closed","sticky":false,"template":"","format":"standard","meta":{"footnotes":""},"categories":[8,11,20],"tags":[115,723,10617],"class_list":{"0":"post-171440","1":"post","2":"type-post","3":"status-publish","4":"format-standard","5":"has-post-thumbnail","7":"category-bollatese","8":"category-nord-milano","9":"category-prima-pagina","10":"tag-arese","11":"tag-chiesa","12":"tag-comunita-pastorale"},"yoast_head":"<!-- This site is optimized with the Yoast SEO plugin v27.5 - https:\/\/yoast.com\/product\/yoast-seo-wordpress\/ -->\n<title>Ottobre, chiude il sondaggio comunit\u00e0 pastorale Arese - Il Notiziario<\/title>\n<meta name=\"description\" content=\"Termina il sondaggio della comunit\u00e0 pastorale di Arese per gli interventi di riqualificazione e per la programmazione degli investimenti\" \/>\n<meta name=\"robots\" content=\"index, follow, max-snippet:-1, max-image-preview:large, max-video-preview:-1\" \/>\n<link rel=\"canonical\" href=\"https:\/\/www.ilnotiziario.net\/wp\/prima-pagina\/sondaggio-ad-arese-per-il-futuro-della-comunita-pastorale\/\" \/>\n<meta property=\"og:locale\" content=\"it_IT\" \/>\n<meta property=\"og:type\" content=\"article\" \/>\n<meta property=\"og:title\" content=\"Ottobre, chiude il sondaggio comunit\u00e0 pastorale Arese - Il Notiziario\" \/>\n<meta property=\"og:description\" content=\"Termina il sondaggio della comunit\u00e0 pastorale di Arese per gli interventi di riqualificazione e per la programmazione degli investimenti\" \/>\n<meta property=\"og:url\" content=\"https:\/\/www.ilnotiziario.net\/wp\/prima-pagina\/sondaggio-ad-arese-per-il-futuro-della-comunita-pastorale\/\" \/>\n<meta property=\"og:site_name\" content=\"Il Notiziario\" \/>\n<meta property=\"article:publisher\" content=\"https:\/\/www.facebook.com\/ilnotiziarioind\/\" \/>\n<meta property=\"article:published_time\" content=\"2022-10-06T08:20:13+00:00\" \/>\n<meta property=\"og:image\" content=\"https:\/\/www.ilnotiziario.net\/wp\/wp-content\/uploads\/2022\/10\/chiesa-santi-pietro-e-paolo-arese.jpg\" \/>\n\t<meta property=\"og:image:width\" content=\"528\" \/>\n\t<meta property=\"og:image:height\" content=\"358\" \/>\n\t<meta property=\"og:image:type\" content=\"image\/jpeg\" \/>\n<meta name=\"author\" content=\"Gabriele Bassani\" \/>\n<meta name=\"twitter:card\" content=\"summary_large_image\" \/>\n<meta name=\"twitter:creator\" content=\"@ilNotiziarioInd\" \/>\n<meta name=\"twitter:site\" content=\"@ilNotiziarioInd\" \/>\n<meta name=\"twitter:label1\" content=\"Scritto da\" \/>\n\t<meta name=\"twitter:data1\" content=\"Gabriele Bassani\" \/>\n\t<meta name=\"twitter:label2\" content=\"Tempo di lettura stimato\" \/>\n\t<meta name=\"twitter:data2\" content=\"3 minuti\" \/>\n<script type=\"application\/ld+json\" class=\"yoast-schema-graph\">{\"@context\":\"https:\\\/\\\/schema.org\",\"@graph\":[{\"@type\":\"Article\",\"@id\":\"https:\\\/\\\/www.ilnotiziario.net\\\/wp\\\/prima-pagina\\\/sondaggio-ad-arese-per-il-futuro-della-comunita-pastorale\\\/#article\",\"isPartOf\":{\"@id\":\"https:\\\/\\\/www.ilnotiziario.net\\\/wp\\\/prima-pagina\\\/sondaggio-ad-arese-per-il-futuro-della-comunita-pastorale\\\/\"},\"author\":{\"name\":\"Gabriele Bassani\",\"@id\":\"https:\\\/\\\/www.ilnotiziario.net\\\/wp\\\/#\\\/schema\\\/person\\\/386e222908f898bb41c033989482bbf2\"},\"headline\":\"Sondaggio ad Arese per il futuro della comunit\u00e0 pastorale\",\"datePublished\":\"2022-10-06T08:20:13+00:00\",\"mainEntityOfPage\":{\"@id\":\"https:\\\/\\\/www.ilnotiziario.net\\\/wp\\\/prima-pagina\\\/sondaggio-ad-arese-per-il-futuro-della-comunita-pastorale\\\/\"},\"wordCount\":485,\"publisher\":{\"@id\":\"https:\\\/\\\/www.ilnotiziario.net\\\/wp\\\/#organization\"},\"image\":{\"@id\":\"https:\\\/\\\/www.ilnotiziario.net\\\/wp\\\/prima-pagina\\\/sondaggio-ad-arese-per-il-futuro-della-comunita-pastorale\\\/#primaryimage\"},\"thumbnailUrl\":\"https:\\\/\\\/www.ilnotiziario.net\\\/wp\\\/wp-content\\\/uploads\\\/2022\\\/10\\\/chiesa-santi-pietro-e-paolo-arese.jpg\",\"keywords\":[\"Arese\",\"chiesa\",\"comunit\u00e0 pastorale\"],\"articleSection\":[\"BOLLATESE\",\"NORD MILANO\",\"Prima Pagina\"],\"inLanguage\":\"it-IT\"},{\"@type\":\"WebPage\",\"@id\":\"https:\\\/\\\/www.ilnotiziario.net\\\/wp\\\/prima-pagina\\\/sondaggio-ad-arese-per-il-futuro-della-comunita-pastorale\\\/\",\"url\":\"https:\\\/\\\/www.ilnotiziario.net\\\/wp\\\/prima-pagina\\\/sondaggio-ad-arese-per-il-futuro-della-comunita-pastorale\\\/\",\"name\":\"Ottobre, chiude il sondaggio comunit\u00e0 pastorale Arese - Il Notiziario\",\"isPartOf\":{\"@id\":\"https:\\\/\\\/www.ilnotiziario.net\\\/wp\\\/#website\"},\"primaryImageOfPage\":{\"@id\":\"https:\\\/\\\/www.ilnotiziario.net\\\/wp\\\/prima-pagina\\\/sondaggio-ad-arese-per-il-futuro-della-comunita-pastorale\\\/#primaryimage\"},\"image\":{\"@id\":\"https:\\\/\\\/www.ilnotiziario.net\\\/wp\\\/prima-pagina\\\/sondaggio-ad-arese-per-il-futuro-della-comunita-pastorale\\\/#primaryimage\"},\"thumbnailUrl\":\"https:\\\/\\\/www.ilnotiziario.net\\\/wp\\\/wp-content\\\/uploads\\\/2022\\\/10\\\/chiesa-santi-pietro-e-paolo-arese.jpg\",\"datePublished\":\"2022-10-06T08:20:13+00:00\",\"description\":\"Termina il sondaggio della comunit\u00e0 pastorale di Arese per gli interventi di riqualificazione e per la programmazione degli investimenti\",\"breadcrumb\":{\"@id\":\"https:\\\/\\\/www.ilnotiziario.net\\\/wp\\\/prima-pagina\\\/sondaggio-ad-arese-per-il-futuro-della-comunita-pastorale\\\/#breadcrumb\"},\"inLanguage\":\"it-IT\",\"potentialAction\":[{\"@type\":\"ReadAction\",\"target\":[\"https:\\\/\\\/www.ilnotiziario.net\\\/wp\\\/prima-pagina\\\/sondaggio-ad-arese-per-il-futuro-della-comunita-pastorale\\\/\"]}]},{\"@type\":\"ImageObject\",\"inLanguage\":\"it-IT\",\"@id\":\"https:\\\/\\\/www.ilnotiziario.net\\\/wp\\\/prima-pagina\\\/sondaggio-ad-arese-per-il-futuro-della-comunita-pastorale\\\/#primaryimage\",\"url\":\"https:\\\/\\\/www.ilnotiziario.net\\\/wp\\\/wp-content\\\/uploads\\\/2022\\\/10\\\/chiesa-santi-pietro-e-paolo-arese.jpg\",\"contentUrl\":\"https:\\\/\\\/www.ilnotiziario.net\\\/wp\\\/wp-content\\\/uploads\\\/2022\\\/10\\\/chiesa-santi-pietro-e-paolo-arese.jpg\",\"width\":528,\"height\":358,\"caption\":\"La chiesa Santi Pietro e Paolo di Arese\"},{\"@type\":\"BreadcrumbList\",\"@id\":\"https:\\\/\\\/www.ilnotiziario.net\\\/wp\\\/prima-pagina\\\/sondaggio-ad-arese-per-il-futuro-della-comunita-pastorale\\\/#breadcrumb\",\"itemListElement\":[{\"@type\":\"ListItem\",\"position\":1,\"name\":\"tds_text_logo_tagline_colortds_text_logo_tagline_colortds_text_logo_tagline_colortds_text_logo_tagline_colortd_module_7_title_excerpttd_module_7_title_excerpttd_module_7_title_excerpttd_module_7_title_excerptHome\",\"item\":\"https:\\\/\\\/www.ilnotiziario.net\\\/wp\\\/\"},{\"@type\":\"ListItem\",\"position\":2,\"name\":\"Sondaggio ad Arese per il futuro della comunit\u00e0 pastorale\"}]},{\"@type\":\"WebSite\",\"@id\":\"https:\\\/\\\/www.ilnotiziario.net\\\/wp\\\/#website\",\"url\":\"https:\\\/\\\/www.ilnotiziario.net\\\/wp\\\/\",\"name\":\"Il Notiziario\",\"description\":\"Per restare sempre connessi alla notizia\",\"publisher\":{\"@id\":\"https:\\\/\\\/www.ilnotiziario.net\\\/wp\\\/#organization\"},\"alternateName\":\"Il Notiziario Bollate\",\"potentialAction\":[{\"@type\":\"SearchAction\",\"target\":{\"@type\":\"EntryPoint\",\"urlTemplate\":\"https:\\\/\\\/www.ilnotiziario.net\\\/wp\\\/?s={search_term_string}\"},\"query-input\":{\"@type\":\"PropertyValueSpecification\",\"valueRequired\":true,\"valueName\":\"search_term_string\"}}],\"inLanguage\":\"it-IT\"},{\"@type\":\"Organization\",\"@id\":\"https:\\\/\\\/www.ilnotiziario.net\\\/wp\\\/#organization\",\"name\":\"Il Notiziario\",\"url\":\"https:\\\/\\\/www.ilnotiziario.net\\\/wp\\\/\",\"logo\":{\"@type\":\"ImageObject\",\"inLanguage\":\"it-IT\",\"@id\":\"https:\\\/\\\/www.ilnotiziario.net\\\/wp\\\/#\\\/schema\\\/logo\\\/image\\\/\",\"url\":\"https:\\\/\\\/www.ilnotiziario.net\\\/wp\\\/wp-content\\\/uploads\\\/2022\\\/06\\\/170x170ilN.png\",\"contentUrl\":\"https:\\\/\\\/www.ilnotiziario.net\\\/wp\\\/wp-content\\\/uploads\\\/2022\\\/06\\\/170x170ilN.png\",\"width\":355,\"height\":355,\"caption\":\"Il Notiziario\"},\"image\":{\"@id\":\"https:\\\/\\\/www.ilnotiziario.net\\\/wp\\\/#\\\/schema\\\/logo\\\/image\\\/\"},\"sameAs\":[\"https:\\\/\\\/www.facebook.com\\\/ilnotiziarioind\\\/\",\"https:\\\/\\\/x.com\\\/ilNotiziarioInd\",\"https:\\\/\\\/www.instagram.com\\\/ilnotiziario_settimanale\\\/\"]},{\"@type\":\"Person\",\"@id\":\"https:\\\/\\\/www.ilnotiziario.net\\\/wp\\\/#\\\/schema\\\/person\\\/386e222908f898bb41c033989482bbf2\",\"name\":\"Gabriele Bassani\",\"image\":{\"@type\":\"ImageObject\",\"inLanguage\":\"it-IT\",\"@id\":\"https:\\\/\\\/secure.gravatar.com\\\/avatar\\\/09274f4a84fa97698bde56f84b3afed61c8492d48b0550db9671b68c177479cb?s=96&d=mm&r=g\",\"url\":\"https:\\\/\\\/secure.gravatar.com\\\/avatar\\\/09274f4a84fa97698bde56f84b3afed61c8492d48b0550db9671b68c177479cb?s=96&d=mm&r=g\",\"contentUrl\":\"https:\\\/\\\/secure.gravatar.com\\\/avatar\\\/09274f4a84fa97698bde56f84b3afed61c8492d48b0550db9671b68c177479cb?s=96&d=mm&r=g\",\"caption\":\"Gabriele Bassani\"},\"sameAs\":[\"http:\\\/\\\/www.ilnotiziario.net\"]}]}<\/script>\n<!-- \/ Yoast SEO plugin. -->","yoast_head_json":{"title":"Ottobre, chiude il sondaggio comunit\u00e0 pastorale Arese - Il Notiziario","description":"Termina il sondaggio della comunit\u00e0 pastorale di Arese per gli interventi di riqualificazione e per la programmazione degli investimenti","robots":{"index":"index","follow":"follow","max-snippet":"max-snippet:-1","max-image-preview":"max-image-preview:large","max-video-preview":"max-video-preview:-1"},"canonical":"https:\/\/www.ilnotiziario.net\/wp\/prima-pagina\/sondaggio-ad-arese-per-il-futuro-della-comunita-pastorale\/","og_locale":"it_IT","og_type":"article","og_title":"Ottobre, chiude il sondaggio comunit\u00e0 pastorale Arese - Il Notiziario","og_description":"Termina il sondaggio della comunit\u00e0 pastorale di Arese per gli interventi di riqualificazione e per la programmazione degli investimenti","og_url":"https:\/\/www.ilnotiziario.net\/wp\/prima-pagina\/sondaggio-ad-arese-per-il-futuro-della-comunita-pastorale\/","og_site_name":"Il Notiziario","article_publisher":"https:\/\/www.facebook.com\/ilnotiziarioind\/","article_published_time":"2022-10-06T08:20:13+00:00","og_image":[{"width":528,"height":358,"url":"https:\/\/www.ilnotiziario.net\/wp\/wp-content\/uploads\/2022\/10\/chiesa-santi-pietro-e-paolo-arese.jpg","type":"image\/jpeg"}],"author":"Gabriele Bassani","twitter_card":"summary_large_image","twitter_creator":"@ilNotiziarioInd","twitter_site":"@ilNotiziarioInd","twitter_misc":{"Scritto da":"Gabriele Bassani","Tempo di lettura stimato":"3 minuti"},"schema":{"@context":"https:\/\/schema.org","@graph":[{"@type":"Article","@id":"https:\/\/www.ilnotiziario.net\/wp\/prima-pagina\/sondaggio-ad-arese-per-il-futuro-della-comunita-pastorale\/#article","isPartOf":{"@id":"https:\/\/www.ilnotiziario.net\/wp\/prima-pagina\/sondaggio-ad-arese-per-il-futuro-della-comunita-pastorale\/"},"author":{"name":"Gabriele Bassani","@id":"https:\/\/www.ilnotiziario.net\/wp\/#\/schema\/person\/386e222908f898bb41c033989482bbf2"},"headline":"Sondaggio ad Arese per il futuro della comunit\u00e0 pastorale","datePublished":"2022-10-06T08:20:13+00:00","mainEntityOfPage":{"@id":"https:\/\/www.ilnotiziario.net\/wp\/prima-pagina\/sondaggio-ad-arese-per-il-futuro-della-comunita-pastorale\/"},"wordCount":485,"publisher":{"@id":"https:\/\/www.ilnotiziario.net\/wp\/#organization"},"image":{"@id":"https:\/\/www.ilnotiziario.net\/wp\/prima-pagina\/sondaggio-ad-arese-per-il-futuro-della-comunita-pastorale\/#primaryimage"},"thumbnailUrl":"https:\/\/www.ilnotiziario.net\/wp\/wp-content\/uploads\/2022\/10\/chiesa-santi-pietro-e-paolo-arese.jpg","keywords":["Arese","chiesa","comunit\u00e0 pastorale"],"articleSection":["BOLLATESE","NORD MILANO","Prima Pagina"],"inLanguage":"it-IT"},{"@type":"WebPage","@id":"https:\/\/www.ilnotiziario.net\/wp\/prima-pagina\/sondaggio-ad-arese-per-il-futuro-della-comunita-pastorale\/","url":"https:\/\/www.ilnotiziario.net\/wp\/prima-pagina\/sondaggio-ad-arese-per-il-futuro-della-comunita-pastorale\/","name":"Ottobre, chiude il sondaggio comunit\u00e0 pastorale Arese - Il Notiziario","isPartOf":{"@id":"https:\/\/www.ilnotiziario.net\/wp\/#website"},"primaryImageOfPage":{"@id":"https:\/\/www.ilnotiziario.net\/wp\/prima-pagina\/sondaggio-ad-arese-per-il-futuro-della-comunita-pastorale\/#primaryimage"},"image":{"@id":"https:\/\/www.ilnotiziario.net\/wp\/prima-pagina\/sondaggio-ad-arese-per-il-futuro-della-comunita-pastorale\/#primaryimage"},"thumbnailUrl":"https:\/\/www.ilnotiziario.net\/wp\/wp-content\/uploads\/2022\/10\/chiesa-santi-pietro-e-paolo-arese.jpg","datePublished":"2022-10-06T08:20:13+00:00","description":"Termina il sondaggio della comunit\u00e0 pastorale di Arese per gli interventi di riqualificazione e per la programmazione degli investimenti","breadcrumb":{"@id":"https:\/\/www.ilnotiziario.net\/wp\/prima-pagina\/sondaggio-ad-arese-per-il-futuro-della-comunita-pastorale\/#breadcrumb"},"inLanguage":"it-IT","potentialAction":[{"@type":"ReadAction","target":["https:\/\/www.ilnotiziario.net\/wp\/prima-pagina\/sondaggio-ad-arese-per-il-futuro-della-comunita-pastorale\/"]}]},{"@type":"ImageObject","inLanguage":"it-IT","@id":"https:\/\/www.ilnotiziario.net\/wp\/prima-pagina\/sondaggio-ad-arese-per-il-futuro-della-comunita-pastorale\/#primaryimage","url":"https:\/\/www.ilnotiziario.net\/wp\/wp-content\/uploads\/2022\/10\/chiesa-santi-pietro-e-paolo-arese.jpg","contentUrl":"https:\/\/www.ilnotiziario.net\/wp\/wp-content\/uploads\/2022\/10\/chiesa-santi-pietro-e-paolo-arese.jpg","width":528,"height":358,"caption":"La chiesa Santi Pietro e Paolo di Arese"},{"@type":"BreadcrumbList","@id":"https:\/\/www.ilnotiziario.net\/wp\/prima-pagina\/sondaggio-ad-arese-per-il-futuro-della-comunita-pastorale\/#breadcrumb","itemListElement":[{"@type":"ListItem","position":1,"name":"tds_text_logo_tagline_colortds_text_logo_tagline_colortds_text_logo_tagline_colortds_text_logo_tagline_colortd_module_7_title_excerpttd_module_7_title_excerpttd_module_7_title_excerpttd_module_7_title_excerptHome","item":"https:\/\/www.ilnotiziario.net\/wp\/"},{"@type":"ListItem","position":2,"name":"Sondaggio ad Arese per il futuro della comunit\u00e0 pastorale"}]},{"@type":"WebSite","@id":"https:\/\/www.ilnotiziario.net\/wp\/#website","url":"https:\/\/www.ilnotiziario.net\/wp\/","name":"Il Notiziario","description":"Per restare sempre connessi alla notizia","publisher":{"@id":"https:\/\/www.ilnotiziario.net\/wp\/#organization"},"alternateName":"Il Notiziario Bollate","potentialAction":[{"@type":"SearchAction","target":{"@type":"EntryPoint","urlTemplate":"https:\/\/www.ilnotiziario.net\/wp\/?s={search_term_string}"},"query-input":{"@type":"PropertyValueSpecification","valueRequired":true,"valueName":"search_term_string"}}],"inLanguage":"it-IT"},{"@type":"Organization","@id":"https:\/\/www.ilnotiziario.net\/wp\/#organization","name":"Il Notiziario","url":"https:\/\/www.ilnotiziario.net\/wp\/","logo":{"@type":"ImageObject","inLanguage":"it-IT","@id":"https:\/\/www.ilnotiziario.net\/wp\/#\/schema\/logo\/image\/","url":"https:\/\/www.ilnotiziario.net\/wp\/wp-content\/uploads\/2022\/06\/170x170ilN.png","contentUrl":"https:\/\/www.ilnotiziario.net\/wp\/wp-content\/uploads\/2022\/06\/170x170ilN.png","width":355,"height":355,"caption":"Il Notiziario"},"image":{"@id":"https:\/\/www.ilnotiziario.net\/wp\/#\/schema\/logo\/image\/"},"sameAs":["https:\/\/www.facebook.com\/ilnotiziarioind\/","https:\/\/x.com\/ilNotiziarioInd","https:\/\/www.instagram.com\/ilnotiziario_settimanale\/"]},{"@type":"Person","@id":"https:\/\/www.ilnotiziario.net\/wp\/#\/schema\/person\/386e222908f898bb41c033989482bbf2","name":"Gabriele Bassani","image":{"@type":"ImageObject","inLanguage":"it-IT","@id":"https:\/\/secure.gravatar.com\/avatar\/09274f4a84fa97698bde56f84b3afed61c8492d48b0550db9671b68c177479cb?s=96&d=mm&r=g","url":"https:\/\/secure.gravatar.com\/avatar\/09274f4a84fa97698bde56f84b3afed61c8492d48b0550db9671b68c177479cb?s=96&d=mm&r=g","contentUrl":"https:\/\/secure.gravatar.com\/avatar\/09274f4a84fa97698bde56f84b3afed61c8492d48b0550db9671b68c177479cb?s=96&d=mm&r=g","caption":"Gabriele Bassani"},"sameAs":["http:\/\/www.ilnotiziario.net"]}]}},"_links":{"self":[{"href":"https:\/\/www.ilnotiziario.net\/wp\/wp-json\/wp\/v2\/posts\/171440","targetHints":{"allow":["GET"]}}],"collection":[{"href":"https:\/\/www.ilnotiziario.net\/wp\/wp-json\/wp\/v2\/posts"}],"about":[{"href":"https:\/\/www.ilnotiziario.net\/wp\/wp-json\/wp\/v2\/types\/post"}],"author":[{"embeddable":true,"href":"https:\/\/www.ilnotiziario.net\/wp\/wp-json\/wp\/v2\/users\/3"}],"replies":[{"embeddable":true,"href":"https:\/\/www.ilnotiziario.net\/wp\/wp-json\/wp\/v2\/comments?post=171440"}],"version-history":[{"count":0,"href":"https:\/\/www.ilnotiziario.net\/wp\/wp-json\/wp\/v2\/posts\/171440\/revisions"}],"wp:featuredmedia":[{"embeddable":true,"href":"https:\/\/www.ilnotiziario.net\/wp\/wp-json\/wp\/v2\/media\/171441"}],"wp:attachment":[{"href":"https:\/\/www.ilnotiziario.net\/wp\/wp-json\/wp\/v2\/media?parent=171440"}],"wp:term":[{"taxonomy":"category","embeddable":true,"href":"https:\/\/www.ilnotiziario.net\/wp\/wp-json\/wp\/v2\/categories?post=171440"},{"taxonomy":"post_tag","embeddable":true,"href":"https:\/\/www.ilnotiziario.net\/wp\/wp-json\/wp\/v2\/tags?post=171440"}],"curies":[{"name":"wp","href":"https:\/\/api.w.org\/{rel}","templated":true}]}}