{"id":171464,"date":"2022-10-06T12:29:12","date_gmt":"2022-10-06T10:29:12","guid":{"rendered":"https:\/\/www.ilnotiziario.net\/wp\/?p=171464"},"modified":"2022-10-06T12:30:11","modified_gmt":"2022-10-06T10:30:11","slug":"origgio-propone-i-documentari-su-inquinamento-da-plastica","status":"publish","type":"post","link":"https:\/\/www.ilnotiziario.net\/wp\/saronnese\/origgio-propone-i-documentari-su-inquinamento-da-plastica\/","title":{"rendered":"Origgio propone i documentari su inquinamento da plastica"},"content":{"rendered":"<p><strong>Documentari sull&#8217;inquinamento da plastica a Origgio<\/strong>. Potrebbe sembrare un ossimoro, ma l&#8217;inquinamento da plastica ha raggiunto dimensioni tali da poter essere raccontato anche attraverso un documentario. Ed \u00e8 esattamente quello che avverr\u00e0 <strong>nella serata di venerd\u00ec, 7 ottobre, nella Sala dei sindaci in via Manzoni.<\/strong><\/p><div id=\"ilnot-864275211\" class=\"ilnot-contenuto ilnot-entity-placement\"><p><!-- incontent_1 --><\/p>\n<div class=\"gptslot\" data-adunitid=\"1\"><\/div>\n<\/div>\n<h2>Documentari a Origgio sull&#8217;inquinamento da plastica<\/h2>\n<p>L&#8217;appuntamento \u00e8 per le 21, nell&#8217;edificio del Centro anziani: si accede con ingresso gratuito, fino a esaurimento dei posti disponibili. <strong>&#8220;Plastic river&#8221; \u00e8 il nome del documentario che racconta\u00a0l\u2019impegno di un ragazzo milanese che a bordo del suo kayak risale i laghi e i fiumi lombardi<\/strong>, ripulendoli dai sempre pi\u00f9 frequenti rifiuti di plastica. <strong>&#8220;Montagne di plastica&#8221; descrive invece la ricerca dell\u2019Universit\u00e0 degli Studi di Milano sulla contaminazione da plastica dei ghiacciai.<\/strong> Al termine delle proiezioni \u00e8 in programma l\u2019incontro con il film-maker Manuel Camia e i ricercatori dell\u2019Universit\u00e0 degli Studi di Milano, che descriveranno le difficolt\u00e0 delle riprese e gli esiti della ricerca.<\/p>\n<p><strong>Redazione web<\/strong><\/p><div id=\"ilnot-1733539374\" class=\"ilnot-contenuto_2 ilnot-entity-placement\"><div class=\"ads-wrapper\">\n<div class=\"ad-slot\">\n   <div id=\"ilnot-2668094094\" style=\"margin-right: auto;margin-left: auto;text-align: center;width: 320px;height: 100px;\"><a href=\"https:\/\/www.scuolasicurezza.it\/\"><img decoding=\"async\" src=\"https:\/\/www.ilnotiziario.net\/wp\/wp-content\/uploads\/2026\/04\/IlNotiziario_banner-sito-e-newsletter-320-x-100-px-1.gif\" alt=\"\"><\/a><\/div>\n  <\/div>\n<div class=\"ad-slot\">\n   <div id=\"ilnot-1697372021\" style=\"margin-right: auto;margin-left: auto;text-align: center;width: 320px;height: 100px;\"><a href=\"https:\/\/purodesignarredamenti.com\/\"><img decoding=\"async\" src=\"https:\/\/www.ilnotiziario.net\/wp\/wp-content\/uploads\/2026\/04\/banner-puro-ok.gif\" alt=\"whatsapp\"><\/a><\/div><\/p><\/div>\n<\/div>\n<\/div>\n<p><em><strong>Sfoglia il notiziario in formato digitale su Pc, smartphone o tablet direttamente dal nostro sito<\/strong><\/em>\u00a0<a href=\"http:\/\/edicola.ilnotiziario.net\/\"><strong>edicola.ilnotiziario.net<\/strong><\/a><\/p>\n","protected":false},"excerpt":{"rendered":"<p>Documentari sull&#8217;inquinamento da plastica a Origgio. Potrebbe sembrare un ossimoro, ma l&#8217;inquinamento da plastica ha raggiunto dimensioni tali da poter essere raccontato anche attraverso un documentario. Ed \u00e8 esattamente quello che avverr\u00e0 nella serata di venerd\u00ec, 7 ottobre, nella Sala dei sindaci in via Manzoni. Documentari a Origgio sull&#8217;inquinamento da plastica L&#8217;appuntamento \u00e8 per le<\/p>\n","protected":false},"author":3,"featured_media":171465,"comment_status":"closed","ping_status":"closed","sticky":false,"template":"","format":"standard","meta":{"footnotes":""},"categories":[13,21],"tags":[10620,307,10622,259,10621,5168],"class_list":{"0":"post-171464","1":"post","2":"type-post","3":"status-publish","4":"format-standard","5":"has-post-thumbnail","7":"category-saronnese","8":"category-video","9":"tag-documentari","10":"tag-inquinamento","11":"tag-inquinamento-plastica","12":"tag-origgio","13":"tag-plastic-river","14":"tag-plastica"},"yoast_head":"<!-- This site is optimized with the Yoast SEO plugin v27.4 - https:\/\/yoast.com\/product\/yoast-seo-wordpress\/ -->\n<title>Origgio, documentari su inquinamento da plastica - Il Notiziario<\/title>\n<meta name=\"description\" content=\"La proiezioni di documentari a Origgio sull&#039;inquinamento da plastica: appuntamento venerd\u00ec 7 ottobre in via Manzoni\" \/>\n<meta name=\"robots\" content=\"index, follow, max-snippet:-1, max-image-preview:large, max-video-preview:-1\" \/>\n<link rel=\"canonical\" href=\"https:\/\/www.ilnotiziario.net\/wp\/saronnese\/origgio-propone-i-documentari-su-inquinamento-da-plastica\/\" \/>\n<meta property=\"og:locale\" content=\"it_IT\" \/>\n<meta property=\"og:type\" content=\"article\" \/>\n<meta property=\"og:title\" content=\"Origgio, documentari su inquinamento da plastica - Il Notiziario\" \/>\n<meta property=\"og:description\" content=\"La proiezioni di documentari a Origgio sull&#039;inquinamento da plastica: appuntamento venerd\u00ec 7 ottobre in via Manzoni\" \/>\n<meta property=\"og:url\" content=\"https:\/\/www.ilnotiziario.net\/wp\/saronnese\/origgio-propone-i-documentari-su-inquinamento-da-plastica\/\" \/>\n<meta property=\"og:site_name\" content=\"Il Notiziario\" \/>\n<meta property=\"article:publisher\" content=\"https:\/\/www.facebook.com\/ilnotiziarioind\/\" \/>\n<meta property=\"article:published_time\" content=\"2022-10-06T10:29:12+00:00\" \/>\n<meta property=\"article:modified_time\" content=\"2022-10-06T10:30:11+00:00\" \/>\n<meta property=\"og:image\" content=\"https:\/\/www.ilnotiziario.net\/wp\/wp-content\/uploads\/2022\/10\/Plastic-River-720x480-1.jpg\" \/>\n\t<meta property=\"og:image:width\" content=\"720\" \/>\n\t<meta property=\"og:image:height\" content=\"480\" \/>\n\t<meta property=\"og:image:type\" content=\"image\/jpeg\" \/>\n<meta name=\"author\" content=\"Gabriele Bassani\" \/>\n<meta name=\"twitter:card\" content=\"summary_large_image\" \/>\n<meta name=\"twitter:creator\" content=\"@ilNotiziarioInd\" \/>\n<meta name=\"twitter:site\" content=\"@ilNotiziarioInd\" \/>\n<meta name=\"twitter:label1\" content=\"Scritto da\" \/>\n\t<meta name=\"twitter:data1\" content=\"Gabriele Bassani\" \/>\n\t<meta name=\"twitter:label2\" content=\"Tempo di lettura stimato\" \/>\n\t<meta name=\"twitter:data2\" content=\"1 minuto\" \/>\n<script type=\"application\/ld+json\" class=\"yoast-schema-graph\">{\"@context\":\"https:\\\/\\\/schema.org\",\"@graph\":[{\"@type\":\"Article\",\"@id\":\"https:\\\/\\\/www.ilnotiziario.net\\\/wp\\\/saronnese\\\/origgio-propone-i-documentari-su-inquinamento-da-plastica\\\/#article\",\"isPartOf\":{\"@id\":\"https:\\\/\\\/www.ilnotiziario.net\\\/wp\\\/saronnese\\\/origgio-propone-i-documentari-su-inquinamento-da-plastica\\\/\"},\"author\":{\"name\":\"Gabriele Bassani\",\"@id\":\"https:\\\/\\\/www.ilnotiziario.net\\\/wp\\\/#\\\/schema\\\/person\\\/386e222908f898bb41c033989482bbf2\"},\"headline\":\"Origgio propone i documentari su inquinamento da plastica\",\"datePublished\":\"2022-10-06T10:29:12+00:00\",\"dateModified\":\"2022-10-06T10:30:11+00:00\",\"mainEntityOfPage\":{\"@id\":\"https:\\\/\\\/www.ilnotiziario.net\\\/wp\\\/saronnese\\\/origgio-propone-i-documentari-su-inquinamento-da-plastica\\\/\"},\"wordCount\":187,\"publisher\":{\"@id\":\"https:\\\/\\\/www.ilnotiziario.net\\\/wp\\\/#organization\"},\"image\":{\"@id\":\"https:\\\/\\\/www.ilnotiziario.net\\\/wp\\\/saronnese\\\/origgio-propone-i-documentari-su-inquinamento-da-plastica\\\/#primaryimage\"},\"thumbnailUrl\":\"https:\\\/\\\/www.ilnotiziario.net\\\/wp\\\/wp-content\\\/uploads\\\/2022\\\/10\\\/Plastic-River-720x480-1.jpg\",\"keywords\":[\"documentari\",\"inquinamento\",\"inquinamento plastica\",\"Origgio\",\"plastic river\",\"plastica\"],\"articleSection\":[\"SARONNESE\",\"Video\"],\"inLanguage\":\"it-IT\"},{\"@type\":\"WebPage\",\"@id\":\"https:\\\/\\\/www.ilnotiziario.net\\\/wp\\\/saronnese\\\/origgio-propone-i-documentari-su-inquinamento-da-plastica\\\/\",\"url\":\"https:\\\/\\\/www.ilnotiziario.net\\\/wp\\\/saronnese\\\/origgio-propone-i-documentari-su-inquinamento-da-plastica\\\/\",\"name\":\"Origgio, documentari su inquinamento da plastica - Il Notiziario\",\"isPartOf\":{\"@id\":\"https:\\\/\\\/www.ilnotiziario.net\\\/wp\\\/#website\"},\"primaryImageOfPage\":{\"@id\":\"https:\\\/\\\/www.ilnotiziario.net\\\/wp\\\/saronnese\\\/origgio-propone-i-documentari-su-inquinamento-da-plastica\\\/#primaryimage\"},\"image\":{\"@id\":\"https:\\\/\\\/www.ilnotiziario.net\\\/wp\\\/saronnese\\\/origgio-propone-i-documentari-su-inquinamento-da-plastica\\\/#primaryimage\"},\"thumbnailUrl\":\"https:\\\/\\\/www.ilnotiziario.net\\\/wp\\\/wp-content\\\/uploads\\\/2022\\\/10\\\/Plastic-River-720x480-1.jpg\",\"datePublished\":\"2022-10-06T10:29:12+00:00\",\"dateModified\":\"2022-10-06T10:30:11+00:00\",\"description\":\"La proiezioni di documentari a Origgio sull'inquinamento da plastica: appuntamento venerd\u00ec 7 ottobre in via Manzoni\",\"breadcrumb\":{\"@id\":\"https:\\\/\\\/www.ilnotiziario.net\\\/wp\\\/saronnese\\\/origgio-propone-i-documentari-su-inquinamento-da-plastica\\\/#breadcrumb\"},\"inLanguage\":\"it-IT\",\"potentialAction\":[{\"@type\":\"ReadAction\",\"target\":[\"https:\\\/\\\/www.ilnotiziario.net\\\/wp\\\/saronnese\\\/origgio-propone-i-documentari-su-inquinamento-da-plastica\\\/\"]}]},{\"@type\":\"ImageObject\",\"inLanguage\":\"it-IT\",\"@id\":\"https:\\\/\\\/www.ilnotiziario.net\\\/wp\\\/saronnese\\\/origgio-propone-i-documentari-su-inquinamento-da-plastica\\\/#primaryimage\",\"url\":\"https:\\\/\\\/www.ilnotiziario.net\\\/wp\\\/wp-content\\\/uploads\\\/2022\\\/10\\\/Plastic-River-720x480-1.jpg\",\"contentUrl\":\"https:\\\/\\\/www.ilnotiziario.net\\\/wp\\\/wp-content\\\/uploads\\\/2022\\\/10\\\/Plastic-River-720x480-1.jpg\",\"width\":720,\"height\":480,\"caption\":\"Il documentario\"},{\"@type\":\"BreadcrumbList\",\"@id\":\"https:\\\/\\\/www.ilnotiziario.net\\\/wp\\\/saronnese\\\/origgio-propone-i-documentari-su-inquinamento-da-plastica\\\/#breadcrumb\",\"itemListElement\":[{\"@type\":\"ListItem\",\"position\":1,\"name\":\"tds_text_logo_tagline_colortds_text_logo_tagline_colortds_text_logo_tagline_colortds_text_logo_tagline_colortd_module_7_title_excerpttd_module_7_title_excerpttd_module_7_title_excerpttd_module_7_title_excerptHome\",\"item\":\"https:\\\/\\\/www.ilnotiziario.net\\\/wp\\\/\"},{\"@type\":\"ListItem\",\"position\":2,\"name\":\"Origgio propone i documentari su inquinamento da plastica\"}]},{\"@type\":\"WebSite\",\"@id\":\"https:\\\/\\\/www.ilnotiziario.net\\\/wp\\\/#website\",\"url\":\"https:\\\/\\\/www.ilnotiziario.net\\\/wp\\\/\",\"name\":\"Il Notiziario\",\"description\":\"Per restare sempre connessi alla notizia\",\"publisher\":{\"@id\":\"https:\\\/\\\/www.ilnotiziario.net\\\/wp\\\/#organization\"},\"alternateName\":\"Il Notiziario Bollate\",\"potentialAction\":[{\"@type\":\"SearchAction\",\"target\":{\"@type\":\"EntryPoint\",\"urlTemplate\":\"https:\\\/\\\/www.ilnotiziario.net\\\/wp\\\/?s={search_term_string}\"},\"query-input\":{\"@type\":\"PropertyValueSpecification\",\"valueRequired\":true,\"valueName\":\"search_term_string\"}}],\"inLanguage\":\"it-IT\"},{\"@type\":\"Organization\",\"@id\":\"https:\\\/\\\/www.ilnotiziario.net\\\/wp\\\/#organization\",\"name\":\"Il Notiziario\",\"url\":\"https:\\\/\\\/www.ilnotiziario.net\\\/wp\\\/\",\"logo\":{\"@type\":\"ImageObject\",\"inLanguage\":\"it-IT\",\"@id\":\"https:\\\/\\\/www.ilnotiziario.net\\\/wp\\\/#\\\/schema\\\/logo\\\/image\\\/\",\"url\":\"https:\\\/\\\/www.ilnotiziario.net\\\/wp\\\/wp-content\\\/uploads\\\/2022\\\/06\\\/170x170ilN.png\",\"contentUrl\":\"https:\\\/\\\/www.ilnotiziario.net\\\/wp\\\/wp-content\\\/uploads\\\/2022\\\/06\\\/170x170ilN.png\",\"width\":355,\"height\":355,\"caption\":\"Il Notiziario\"},\"image\":{\"@id\":\"https:\\\/\\\/www.ilnotiziario.net\\\/wp\\\/#\\\/schema\\\/logo\\\/image\\\/\"},\"sameAs\":[\"https:\\\/\\\/www.facebook.com\\\/ilnotiziarioind\\\/\",\"https:\\\/\\\/x.com\\\/ilNotiziarioInd\",\"https:\\\/\\\/www.instagram.com\\\/ilnotiziario_settimanale\\\/\"]},{\"@type\":\"Person\",\"@id\":\"https:\\\/\\\/www.ilnotiziario.net\\\/wp\\\/#\\\/schema\\\/person\\\/386e222908f898bb41c033989482bbf2\",\"name\":\"Gabriele Bassani\",\"image\":{\"@type\":\"ImageObject\",\"inLanguage\":\"it-IT\",\"@id\":\"https:\\\/\\\/secure.gravatar.com\\\/avatar\\\/09274f4a84fa97698bde56f84b3afed61c8492d48b0550db9671b68c177479cb?s=96&d=mm&r=g\",\"url\":\"https:\\\/\\\/secure.gravatar.com\\\/avatar\\\/09274f4a84fa97698bde56f84b3afed61c8492d48b0550db9671b68c177479cb?s=96&d=mm&r=g\",\"contentUrl\":\"https:\\\/\\\/secure.gravatar.com\\\/avatar\\\/09274f4a84fa97698bde56f84b3afed61c8492d48b0550db9671b68c177479cb?s=96&d=mm&r=g\",\"caption\":\"Gabriele Bassani\"},\"sameAs\":[\"http:\\\/\\\/www.ilnotiziario.net\"]}]}<\/script>\n<!-- \/ Yoast SEO plugin. -->","yoast_head_json":{"title":"Origgio, documentari su inquinamento da plastica - Il Notiziario","description":"La proiezioni di documentari a Origgio sull'inquinamento da plastica: appuntamento venerd\u00ec 7 ottobre in via Manzoni","robots":{"index":"index","follow":"follow","max-snippet":"max-snippet:-1","max-image-preview":"max-image-preview:large","max-video-preview":"max-video-preview:-1"},"canonical":"https:\/\/www.ilnotiziario.net\/wp\/saronnese\/origgio-propone-i-documentari-su-inquinamento-da-plastica\/","og_locale":"it_IT","og_type":"article","og_title":"Origgio, documentari su inquinamento da plastica - Il Notiziario","og_description":"La proiezioni di documentari a Origgio sull'inquinamento da plastica: appuntamento venerd\u00ec 7 ottobre in via Manzoni","og_url":"https:\/\/www.ilnotiziario.net\/wp\/saronnese\/origgio-propone-i-documentari-su-inquinamento-da-plastica\/","og_site_name":"Il Notiziario","article_publisher":"https:\/\/www.facebook.com\/ilnotiziarioind\/","article_published_time":"2022-10-06T10:29:12+00:00","article_modified_time":"2022-10-06T10:30:11+00:00","og_image":[{"width":720,"height":480,"url":"https:\/\/www.ilnotiziario.net\/wp\/wp-content\/uploads\/2022\/10\/Plastic-River-720x480-1.jpg","type":"image\/jpeg"}],"author":"Gabriele Bassani","twitter_card":"summary_large_image","twitter_creator":"@ilNotiziarioInd","twitter_site":"@ilNotiziarioInd","twitter_misc":{"Scritto da":"Gabriele Bassani","Tempo di lettura stimato":"1 minuto"},"schema":{"@context":"https:\/\/schema.org","@graph":[{"@type":"Article","@id":"https:\/\/www.ilnotiziario.net\/wp\/saronnese\/origgio-propone-i-documentari-su-inquinamento-da-plastica\/#article","isPartOf":{"@id":"https:\/\/www.ilnotiziario.net\/wp\/saronnese\/origgio-propone-i-documentari-su-inquinamento-da-plastica\/"},"author":{"name":"Gabriele Bassani","@id":"https:\/\/www.ilnotiziario.net\/wp\/#\/schema\/person\/386e222908f898bb41c033989482bbf2"},"headline":"Origgio propone i documentari su inquinamento da plastica","datePublished":"2022-10-06T10:29:12+00:00","dateModified":"2022-10-06T10:30:11+00:00","mainEntityOfPage":{"@id":"https:\/\/www.ilnotiziario.net\/wp\/saronnese\/origgio-propone-i-documentari-su-inquinamento-da-plastica\/"},"wordCount":187,"publisher":{"@id":"https:\/\/www.ilnotiziario.net\/wp\/#organization"},"image":{"@id":"https:\/\/www.ilnotiziario.net\/wp\/saronnese\/origgio-propone-i-documentari-su-inquinamento-da-plastica\/#primaryimage"},"thumbnailUrl":"https:\/\/www.ilnotiziario.net\/wp\/wp-content\/uploads\/2022\/10\/Plastic-River-720x480-1.jpg","keywords":["documentari","inquinamento","inquinamento plastica","Origgio","plastic river","plastica"],"articleSection":["SARONNESE","Video"],"inLanguage":"it-IT"},{"@type":"WebPage","@id":"https:\/\/www.ilnotiziario.net\/wp\/saronnese\/origgio-propone-i-documentari-su-inquinamento-da-plastica\/","url":"https:\/\/www.ilnotiziario.net\/wp\/saronnese\/origgio-propone-i-documentari-su-inquinamento-da-plastica\/","name":"Origgio, documentari su inquinamento da plastica - Il Notiziario","isPartOf":{"@id":"https:\/\/www.ilnotiziario.net\/wp\/#website"},"primaryImageOfPage":{"@id":"https:\/\/www.ilnotiziario.net\/wp\/saronnese\/origgio-propone-i-documentari-su-inquinamento-da-plastica\/#primaryimage"},"image":{"@id":"https:\/\/www.ilnotiziario.net\/wp\/saronnese\/origgio-propone-i-documentari-su-inquinamento-da-plastica\/#primaryimage"},"thumbnailUrl":"https:\/\/www.ilnotiziario.net\/wp\/wp-content\/uploads\/2022\/10\/Plastic-River-720x480-1.jpg","datePublished":"2022-10-06T10:29:12+00:00","dateModified":"2022-10-06T10:30:11+00:00","description":"La proiezioni di documentari a Origgio sull'inquinamento da plastica: appuntamento venerd\u00ec 7 ottobre in via Manzoni","breadcrumb":{"@id":"https:\/\/www.ilnotiziario.net\/wp\/saronnese\/origgio-propone-i-documentari-su-inquinamento-da-plastica\/#breadcrumb"},"inLanguage":"it-IT","potentialAction":[{"@type":"ReadAction","target":["https:\/\/www.ilnotiziario.net\/wp\/saronnese\/origgio-propone-i-documentari-su-inquinamento-da-plastica\/"]}]},{"@type":"ImageObject","inLanguage":"it-IT","@id":"https:\/\/www.ilnotiziario.net\/wp\/saronnese\/origgio-propone-i-documentari-su-inquinamento-da-plastica\/#primaryimage","url":"https:\/\/www.ilnotiziario.net\/wp\/wp-content\/uploads\/2022\/10\/Plastic-River-720x480-1.jpg","contentUrl":"https:\/\/www.ilnotiziario.net\/wp\/wp-content\/uploads\/2022\/10\/Plastic-River-720x480-1.jpg","width":720,"height":480,"caption":"Il documentario"},{"@type":"BreadcrumbList","@id":"https:\/\/www.ilnotiziario.net\/wp\/saronnese\/origgio-propone-i-documentari-su-inquinamento-da-plastica\/#breadcrumb","itemListElement":[{"@type":"ListItem","position":1,"name":"tds_text_logo_tagline_colortds_text_logo_tagline_colortds_text_logo_tagline_colortds_text_logo_tagline_colortd_module_7_title_excerpttd_module_7_title_excerpttd_module_7_title_excerpttd_module_7_title_excerptHome","item":"https:\/\/www.ilnotiziario.net\/wp\/"},{"@type":"ListItem","position":2,"name":"Origgio propone i documentari su inquinamento da plastica"}]},{"@type":"WebSite","@id":"https:\/\/www.ilnotiziario.net\/wp\/#website","url":"https:\/\/www.ilnotiziario.net\/wp\/","name":"Il Notiziario","description":"Per restare sempre connessi alla notizia","publisher":{"@id":"https:\/\/www.ilnotiziario.net\/wp\/#organization"},"alternateName":"Il Notiziario Bollate","potentialAction":[{"@type":"SearchAction","target":{"@type":"EntryPoint","urlTemplate":"https:\/\/www.ilnotiziario.net\/wp\/?s={search_term_string}"},"query-input":{"@type":"PropertyValueSpecification","valueRequired":true,"valueName":"search_term_string"}}],"inLanguage":"it-IT"},{"@type":"Organization","@id":"https:\/\/www.ilnotiziario.net\/wp\/#organization","name":"Il Notiziario","url":"https:\/\/www.ilnotiziario.net\/wp\/","logo":{"@type":"ImageObject","inLanguage":"it-IT","@id":"https:\/\/www.ilnotiziario.net\/wp\/#\/schema\/logo\/image\/","url":"https:\/\/www.ilnotiziario.net\/wp\/wp-content\/uploads\/2022\/06\/170x170ilN.png","contentUrl":"https:\/\/www.ilnotiziario.net\/wp\/wp-content\/uploads\/2022\/06\/170x170ilN.png","width":355,"height":355,"caption":"Il Notiziario"},"image":{"@id":"https:\/\/www.ilnotiziario.net\/wp\/#\/schema\/logo\/image\/"},"sameAs":["https:\/\/www.facebook.com\/ilnotiziarioind\/","https:\/\/x.com\/ilNotiziarioInd","https:\/\/www.instagram.com\/ilnotiziario_settimanale\/"]},{"@type":"Person","@id":"https:\/\/www.ilnotiziario.net\/wp\/#\/schema\/person\/386e222908f898bb41c033989482bbf2","name":"Gabriele Bassani","image":{"@type":"ImageObject","inLanguage":"it-IT","@id":"https:\/\/secure.gravatar.com\/avatar\/09274f4a84fa97698bde56f84b3afed61c8492d48b0550db9671b68c177479cb?s=96&d=mm&r=g","url":"https:\/\/secure.gravatar.com\/avatar\/09274f4a84fa97698bde56f84b3afed61c8492d48b0550db9671b68c177479cb?s=96&d=mm&r=g","contentUrl":"https:\/\/secure.gravatar.com\/avatar\/09274f4a84fa97698bde56f84b3afed61c8492d48b0550db9671b68c177479cb?s=96&d=mm&r=g","caption":"Gabriele Bassani"},"sameAs":["http:\/\/www.ilnotiziario.net"]}]}},"_links":{"self":[{"href":"https:\/\/www.ilnotiziario.net\/wp\/wp-json\/wp\/v2\/posts\/171464","targetHints":{"allow":["GET"]}}],"collection":[{"href":"https:\/\/www.ilnotiziario.net\/wp\/wp-json\/wp\/v2\/posts"}],"about":[{"href":"https:\/\/www.ilnotiziario.net\/wp\/wp-json\/wp\/v2\/types\/post"}],"author":[{"embeddable":true,"href":"https:\/\/www.ilnotiziario.net\/wp\/wp-json\/wp\/v2\/users\/3"}],"replies":[{"embeddable":true,"href":"https:\/\/www.ilnotiziario.net\/wp\/wp-json\/wp\/v2\/comments?post=171464"}],"version-history":[{"count":0,"href":"https:\/\/www.ilnotiziario.net\/wp\/wp-json\/wp\/v2\/posts\/171464\/revisions"}],"wp:featuredmedia":[{"embeddable":true,"href":"https:\/\/www.ilnotiziario.net\/wp\/wp-json\/wp\/v2\/media\/171465"}],"wp:attachment":[{"href":"https:\/\/www.ilnotiziario.net\/wp\/wp-json\/wp\/v2\/media?parent=171464"}],"wp:term":[{"taxonomy":"category","embeddable":true,"href":"https:\/\/www.ilnotiziario.net\/wp\/wp-json\/wp\/v2\/categories?post=171464"},{"taxonomy":"post_tag","embeddable":true,"href":"https:\/\/www.ilnotiziario.net\/wp\/wp-json\/wp\/v2\/tags?post=171464"}],"curies":[{"name":"wp","href":"https:\/\/api.w.org\/{rel}","templated":true}]}}