{"id":171546,"date":"2022-10-07T08:09:07","date_gmt":"2022-10-07T06:09:07","guid":{"rendered":"https:\/\/www.ilnotiziario.net\/wp\/?p=171546"},"modified":"2022-10-07T08:09:07","modified_gmt":"2022-10-07T06:09:07","slug":"le-luminarie-del-prossimo-natale","status":"publish","type":"post","link":"https:\/\/www.ilnotiziario.net\/wp\/editoriali\/le-luminarie-del-prossimo-natale\/","title":{"rendered":"Le luminarie del prossimo Natale"},"content":{"rendered":"<p>Le amministrazioni comunali di Garbagnate e di Bollate hanno gi\u00e0 annunciato che quest\u2019anno non rinunceranno alle luminarie natalizie, perch\u00e9 vogliono dare un segnale di speranza e di fiducia ai cittadini. Le accenderanno malgrado il caro bollette.<\/p><div id=\"ilnot-2093405335\" class=\"ilnot-contenuto ilnot-entity-placement\"><p><!-- incontent_1 --><\/p>\n<div class=\"gptslot\" data-adunitid=\"1\"><\/div>\n<\/div>\n<p>Per fortuna che una delle due amministrazioni \u00e8 di centrodestra e l\u2019altra di centrosinistra, cos\u00ec per lo meno si evitano polemiche politiche. Ma gi\u00e0 immaginiamo benpensanti che si stracceranno le vesti gridando allo spreco e leoni da tastiera che sui social si scateneranno in invettive come se loro fossero Madre Teresa di Calcutta e gli altri peccatori da convertire.<\/p>\n<p>Io condivido questa scelta coraggiosa di<strong> Bollate e Garbagnate<\/strong>, ma non pretendo che si debba essere tutti d\u2019accordo. Per\u00f2 chiedo coerenza. Chiedo cio\u00e8 che chi grider\u00e0 allo spreco e al fatto che si gettano soldi che si potrebbero invece investire nel sociale e nell\u2019aiuto a chi ha bisogno, faccia per primo la sua parte con un gesto tanto semplice quanto utile: acquistando i prossimi regali di Natale nei negozi cittadini anzich\u00e9 dai colossi di Internet.<\/p><div id=\"ilnot-4206107328\" class=\"ilnot-contenuto_2 ilnot-entity-placement\"><div class=\"ads-wrapper\">\n<div class=\"ad-slot\">\n   <div id=\"ilnot-2702729786\" style=\"margin-right: auto;margin-left: auto;text-align: center;width: 320px;height: 100px;\"><a href=\"https:\/\/www.scuolasicurezza.it\/\"><img decoding=\"async\" src=\"https:\/\/www.ilnotiziario.net\/wp\/wp-content\/uploads\/2026\/04\/IlNotiziario_banner-sito-e-newsletter-320-x-100-px-1.gif\" alt=\"\"><\/a><\/div>\n  <\/div>\n<div class=\"ad-slot\">\n   <div id=\"ilnot-4113698646\" style=\"margin-right: auto;margin-left: auto;text-align: center;width: 320px;height: 100px;\"><a href=\"https:\/\/purodesignarredamenti.com\/\"><img decoding=\"async\" src=\"https:\/\/www.ilnotiziario.net\/wp\/wp-content\/uploads\/2026\/04\/banner-puro-ok.gif\" alt=\"whatsapp\"><\/a><\/div><\/p><\/div>\n<\/div>\n<\/div>\n<p>S\u00ec, perch\u00e9 anche cos\u00ec si aiuta il tessuto sociale cittadino e lo si aiuta molto. Troppo facile gridare al presunto spreco altrui e poi fottersene della socialit\u00e0 per pigrizia o per risparmiare qualche misero euro.<\/p>\n<p><strong>Piero Uboldi&nbsp;<\/strong><\/p>\n<p>Sfoglia il notiziario da Pc, smartphone o tablet direttamente dalla <a href=\"http:\/\/edicola.ilnotiziario.net\"><strong>nostra edicola digitale&nbsp;<\/strong><\/a><\/p><div id=\"ilnot-2176062571\" class=\"ilnot-contenuto_2-2 ilnot-entity-placement\"><div class=\"gptslot\" data-adunitid=\"2\"><\/div>\n<\/div>\n","protected":false},"excerpt":{"rendered":"<p>Le amministrazioni comunali di Garbagnate e di Bollate hanno gi\u00e0 annunciato che quest\u2019anno non rinunceranno alle luminarie natalizie, perch\u00e9 vogliono dare un segnale di speranza e di fiducia ai cittadini. Le accenderanno malgrado il caro bollette. Per fortuna che una delle due amministrazioni \u00e8 di centrodestra e l\u2019altra di centrosinistra, cos\u00ec per lo meno si<\/p>\n","protected":false},"author":3,"featured_media":171547,"comment_status":"closed","ping_status":"closed","sticky":false,"template":"","format":"standard","meta":{"footnotes":""},"categories":[3431],"tags":[110,61,43,3647,598,62],"class_list":{"0":"post-171546","1":"post","2":"type-post","3":"status-publish","4":"format-standard","5":"has-post-thumbnail","7":"category-editoriali","8":"tag-bollate","9":"tag-editoriale","10":"tag-garbagnate","11":"tag-luminarie","12":"tag-natale","13":"tag-uboldi"},"yoast_head":"<!-- This site is optimized with the Yoast SEO plugin v27.4 - https:\/\/yoast.com\/product\/yoast-seo-wordpress\/ -->\n<title>Le luminarie del prossimo Natale - Il Notiziario<\/title>\n<meta name=\"description\" content=\"Le amministrazioni comunali di Garbagnate e di Bollate hanno gi\u00e0 annunciato che quest\u2019anno non rinunceranno alle luminarie natalizie\" \/>\n<meta name=\"robots\" content=\"index, follow, max-snippet:-1, max-image-preview:large, max-video-preview:-1\" \/>\n<link rel=\"canonical\" href=\"https:\/\/www.ilnotiziario.net\/wp\/editoriali\/le-luminarie-del-prossimo-natale\/\" \/>\n<meta property=\"og:locale\" content=\"it_IT\" \/>\n<meta property=\"og:type\" content=\"article\" \/>\n<meta property=\"og:title\" content=\"Le luminarie del prossimo Natale - Il Notiziario\" \/>\n<meta property=\"og:description\" content=\"Le amministrazioni comunali di Garbagnate e di Bollate hanno gi\u00e0 annunciato che quest\u2019anno non rinunceranno alle luminarie natalizie\" \/>\n<meta property=\"og:url\" content=\"https:\/\/www.ilnotiziario.net\/wp\/editoriali\/le-luminarie-del-prossimo-natale\/\" \/>\n<meta property=\"og:site_name\" content=\"Il Notiziario\" \/>\n<meta property=\"article:publisher\" content=\"https:\/\/www.facebook.com\/ilnotiziarioind\/\" \/>\n<meta property=\"article:published_time\" content=\"2022-10-07T06:09:07+00:00\" \/>\n<meta property=\"og:image\" content=\"https:\/\/www.ilnotiziario.net\/wp\/wp-content\/uploads\/2022\/10\/luminarie-natale.jpg\" \/>\n\t<meta property=\"og:image:width\" content=\"1000\" \/>\n\t<meta property=\"og:image:height\" content=\"667\" \/>\n\t<meta property=\"og:image:type\" content=\"image\/jpeg\" \/>\n<meta name=\"author\" content=\"Gabriele Bassani\" \/>\n<meta name=\"twitter:card\" content=\"summary_large_image\" \/>\n<meta name=\"twitter:creator\" content=\"@ilNotiziarioInd\" \/>\n<meta name=\"twitter:site\" content=\"@ilNotiziarioInd\" \/>\n<meta name=\"twitter:label1\" content=\"Scritto da\" \/>\n\t<meta name=\"twitter:data1\" content=\"Gabriele Bassani\" \/>\n\t<meta name=\"twitter:label2\" content=\"Tempo di lettura stimato\" \/>\n\t<meta name=\"twitter:data2\" content=\"2 minuti\" \/>\n<script type=\"application\/ld+json\" class=\"yoast-schema-graph\">{\"@context\":\"https:\\\/\\\/schema.org\",\"@graph\":[{\"@type\":\"Article\",\"@id\":\"https:\\\/\\\/www.ilnotiziario.net\\\/wp\\\/editoriali\\\/le-luminarie-del-prossimo-natale\\\/#article\",\"isPartOf\":{\"@id\":\"https:\\\/\\\/www.ilnotiziario.net\\\/wp\\\/editoriali\\\/le-luminarie-del-prossimo-natale\\\/\"},\"author\":{\"name\":\"Gabriele Bassani\",\"@id\":\"https:\\\/\\\/www.ilnotiziario.net\\\/wp\\\/#\\\/schema\\\/person\\\/386e222908f898bb41c033989482bbf2\"},\"headline\":\"Le luminarie del prossimo Natale\",\"datePublished\":\"2022-10-07T06:09:07+00:00\",\"mainEntityOfPage\":{\"@id\":\"https:\\\/\\\/www.ilnotiziario.net\\\/wp\\\/editoriali\\\/le-luminarie-del-prossimo-natale\\\/\"},\"wordCount\":230,\"publisher\":{\"@id\":\"https:\\\/\\\/www.ilnotiziario.net\\\/wp\\\/#organization\"},\"image\":{\"@id\":\"https:\\\/\\\/www.ilnotiziario.net\\\/wp\\\/editoriali\\\/le-luminarie-del-prossimo-natale\\\/#primaryimage\"},\"thumbnailUrl\":\"https:\\\/\\\/www.ilnotiziario.net\\\/wp\\\/wp-content\\\/uploads\\\/2022\\\/10\\\/luminarie-natale.jpg\",\"keywords\":[\"Bollate\",\"editoriale\",\"Garbagnate\",\"Luminarie\",\"Natale\",\"Uboldi\"],\"articleSection\":[\"EDITORIALI\"],\"inLanguage\":\"it-IT\"},{\"@type\":\"WebPage\",\"@id\":\"https:\\\/\\\/www.ilnotiziario.net\\\/wp\\\/editoriali\\\/le-luminarie-del-prossimo-natale\\\/\",\"url\":\"https:\\\/\\\/www.ilnotiziario.net\\\/wp\\\/editoriali\\\/le-luminarie-del-prossimo-natale\\\/\",\"name\":\"Le luminarie del prossimo Natale - Il Notiziario\",\"isPartOf\":{\"@id\":\"https:\\\/\\\/www.ilnotiziario.net\\\/wp\\\/#website\"},\"primaryImageOfPage\":{\"@id\":\"https:\\\/\\\/www.ilnotiziario.net\\\/wp\\\/editoriali\\\/le-luminarie-del-prossimo-natale\\\/#primaryimage\"},\"image\":{\"@id\":\"https:\\\/\\\/www.ilnotiziario.net\\\/wp\\\/editoriali\\\/le-luminarie-del-prossimo-natale\\\/#primaryimage\"},\"thumbnailUrl\":\"https:\\\/\\\/www.ilnotiziario.net\\\/wp\\\/wp-content\\\/uploads\\\/2022\\\/10\\\/luminarie-natale.jpg\",\"datePublished\":\"2022-10-07T06:09:07+00:00\",\"description\":\"Le amministrazioni comunali di Garbagnate e di Bollate hanno gi\u00e0 annunciato che quest\u2019anno non rinunceranno alle luminarie natalizie\",\"breadcrumb\":{\"@id\":\"https:\\\/\\\/www.ilnotiziario.net\\\/wp\\\/editoriali\\\/le-luminarie-del-prossimo-natale\\\/#breadcrumb\"},\"inLanguage\":\"it-IT\",\"potentialAction\":[{\"@type\":\"ReadAction\",\"target\":[\"https:\\\/\\\/www.ilnotiziario.net\\\/wp\\\/editoriali\\\/le-luminarie-del-prossimo-natale\\\/\"]}]},{\"@type\":\"ImageObject\",\"inLanguage\":\"it-IT\",\"@id\":\"https:\\\/\\\/www.ilnotiziario.net\\\/wp\\\/editoriali\\\/le-luminarie-del-prossimo-natale\\\/#primaryimage\",\"url\":\"https:\\\/\\\/www.ilnotiziario.net\\\/wp\\\/wp-content\\\/uploads\\\/2022\\\/10\\\/luminarie-natale.jpg\",\"contentUrl\":\"https:\\\/\\\/www.ilnotiziario.net\\\/wp\\\/wp-content\\\/uploads\\\/2022\\\/10\\\/luminarie-natale.jpg\",\"width\":1000,\"height\":667,\"caption\":\"foto: depositphotos.com\"},{\"@type\":\"BreadcrumbList\",\"@id\":\"https:\\\/\\\/www.ilnotiziario.net\\\/wp\\\/editoriali\\\/le-luminarie-del-prossimo-natale\\\/#breadcrumb\",\"itemListElement\":[{\"@type\":\"ListItem\",\"position\":1,\"name\":\"tds_text_logo_tagline_colortds_text_logo_tagline_colortds_text_logo_tagline_colortds_text_logo_tagline_colortd_module_7_title_excerpttd_module_7_title_excerpttd_module_7_title_excerpttd_module_7_title_excerptHome\",\"item\":\"https:\\\/\\\/www.ilnotiziario.net\\\/wp\\\/\"},{\"@type\":\"ListItem\",\"position\":2,\"name\":\"Le luminarie del prossimo Natale\"}]},{\"@type\":\"WebSite\",\"@id\":\"https:\\\/\\\/www.ilnotiziario.net\\\/wp\\\/#website\",\"url\":\"https:\\\/\\\/www.ilnotiziario.net\\\/wp\\\/\",\"name\":\"Il Notiziario\",\"description\":\"Per restare sempre connessi alla notizia\",\"publisher\":{\"@id\":\"https:\\\/\\\/www.ilnotiziario.net\\\/wp\\\/#organization\"},\"alternateName\":\"Il Notiziario Bollate\",\"potentialAction\":[{\"@type\":\"SearchAction\",\"target\":{\"@type\":\"EntryPoint\",\"urlTemplate\":\"https:\\\/\\\/www.ilnotiziario.net\\\/wp\\\/?s={search_term_string}\"},\"query-input\":{\"@type\":\"PropertyValueSpecification\",\"valueRequired\":true,\"valueName\":\"search_term_string\"}}],\"inLanguage\":\"it-IT\"},{\"@type\":\"Organization\",\"@id\":\"https:\\\/\\\/www.ilnotiziario.net\\\/wp\\\/#organization\",\"name\":\"Il Notiziario\",\"url\":\"https:\\\/\\\/www.ilnotiziario.net\\\/wp\\\/\",\"logo\":{\"@type\":\"ImageObject\",\"inLanguage\":\"it-IT\",\"@id\":\"https:\\\/\\\/www.ilnotiziario.net\\\/wp\\\/#\\\/schema\\\/logo\\\/image\\\/\",\"url\":\"https:\\\/\\\/www.ilnotiziario.net\\\/wp\\\/wp-content\\\/uploads\\\/2022\\\/06\\\/170x170ilN.png\",\"contentUrl\":\"https:\\\/\\\/www.ilnotiziario.net\\\/wp\\\/wp-content\\\/uploads\\\/2022\\\/06\\\/170x170ilN.png\",\"width\":355,\"height\":355,\"caption\":\"Il Notiziario\"},\"image\":{\"@id\":\"https:\\\/\\\/www.ilnotiziario.net\\\/wp\\\/#\\\/schema\\\/logo\\\/image\\\/\"},\"sameAs\":[\"https:\\\/\\\/www.facebook.com\\\/ilnotiziarioind\\\/\",\"https:\\\/\\\/x.com\\\/ilNotiziarioInd\",\"https:\\\/\\\/www.instagram.com\\\/ilnotiziario_settimanale\\\/\"]},{\"@type\":\"Person\",\"@id\":\"https:\\\/\\\/www.ilnotiziario.net\\\/wp\\\/#\\\/schema\\\/person\\\/386e222908f898bb41c033989482bbf2\",\"name\":\"Gabriele Bassani\",\"image\":{\"@type\":\"ImageObject\",\"inLanguage\":\"it-IT\",\"@id\":\"https:\\\/\\\/secure.gravatar.com\\\/avatar\\\/09274f4a84fa97698bde56f84b3afed61c8492d48b0550db9671b68c177479cb?s=96&d=mm&r=g\",\"url\":\"https:\\\/\\\/secure.gravatar.com\\\/avatar\\\/09274f4a84fa97698bde56f84b3afed61c8492d48b0550db9671b68c177479cb?s=96&d=mm&r=g\",\"contentUrl\":\"https:\\\/\\\/secure.gravatar.com\\\/avatar\\\/09274f4a84fa97698bde56f84b3afed61c8492d48b0550db9671b68c177479cb?s=96&d=mm&r=g\",\"caption\":\"Gabriele Bassani\"},\"sameAs\":[\"http:\\\/\\\/www.ilnotiziario.net\"]}]}<\/script>\n<!-- \/ Yoast SEO plugin. -->","yoast_head_json":{"title":"Le luminarie del prossimo Natale - Il Notiziario","description":"Le amministrazioni comunali di Garbagnate e di Bollate hanno gi\u00e0 annunciato che quest\u2019anno non rinunceranno alle luminarie natalizie","robots":{"index":"index","follow":"follow","max-snippet":"max-snippet:-1","max-image-preview":"max-image-preview:large","max-video-preview":"max-video-preview:-1"},"canonical":"https:\/\/www.ilnotiziario.net\/wp\/editoriali\/le-luminarie-del-prossimo-natale\/","og_locale":"it_IT","og_type":"article","og_title":"Le luminarie del prossimo Natale - Il Notiziario","og_description":"Le amministrazioni comunali di Garbagnate e di Bollate hanno gi\u00e0 annunciato che quest\u2019anno non rinunceranno alle luminarie natalizie","og_url":"https:\/\/www.ilnotiziario.net\/wp\/editoriali\/le-luminarie-del-prossimo-natale\/","og_site_name":"Il Notiziario","article_publisher":"https:\/\/www.facebook.com\/ilnotiziarioind\/","article_published_time":"2022-10-07T06:09:07+00:00","og_image":[{"width":1000,"height":667,"url":"https:\/\/www.ilnotiziario.net\/wp\/wp-content\/uploads\/2022\/10\/luminarie-natale.jpg","type":"image\/jpeg"}],"author":"Gabriele Bassani","twitter_card":"summary_large_image","twitter_creator":"@ilNotiziarioInd","twitter_site":"@ilNotiziarioInd","twitter_misc":{"Scritto da":"Gabriele Bassani","Tempo di lettura stimato":"2 minuti"},"schema":{"@context":"https:\/\/schema.org","@graph":[{"@type":"Article","@id":"https:\/\/www.ilnotiziario.net\/wp\/editoriali\/le-luminarie-del-prossimo-natale\/#article","isPartOf":{"@id":"https:\/\/www.ilnotiziario.net\/wp\/editoriali\/le-luminarie-del-prossimo-natale\/"},"author":{"name":"Gabriele Bassani","@id":"https:\/\/www.ilnotiziario.net\/wp\/#\/schema\/person\/386e222908f898bb41c033989482bbf2"},"headline":"Le luminarie del prossimo Natale","datePublished":"2022-10-07T06:09:07+00:00","mainEntityOfPage":{"@id":"https:\/\/www.ilnotiziario.net\/wp\/editoriali\/le-luminarie-del-prossimo-natale\/"},"wordCount":230,"publisher":{"@id":"https:\/\/www.ilnotiziario.net\/wp\/#organization"},"image":{"@id":"https:\/\/www.ilnotiziario.net\/wp\/editoriali\/le-luminarie-del-prossimo-natale\/#primaryimage"},"thumbnailUrl":"https:\/\/www.ilnotiziario.net\/wp\/wp-content\/uploads\/2022\/10\/luminarie-natale.jpg","keywords":["Bollate","editoriale","Garbagnate","Luminarie","Natale","Uboldi"],"articleSection":["EDITORIALI"],"inLanguage":"it-IT"},{"@type":"WebPage","@id":"https:\/\/www.ilnotiziario.net\/wp\/editoriali\/le-luminarie-del-prossimo-natale\/","url":"https:\/\/www.ilnotiziario.net\/wp\/editoriali\/le-luminarie-del-prossimo-natale\/","name":"Le luminarie del prossimo Natale - Il Notiziario","isPartOf":{"@id":"https:\/\/www.ilnotiziario.net\/wp\/#website"},"primaryImageOfPage":{"@id":"https:\/\/www.ilnotiziario.net\/wp\/editoriali\/le-luminarie-del-prossimo-natale\/#primaryimage"},"image":{"@id":"https:\/\/www.ilnotiziario.net\/wp\/editoriali\/le-luminarie-del-prossimo-natale\/#primaryimage"},"thumbnailUrl":"https:\/\/www.ilnotiziario.net\/wp\/wp-content\/uploads\/2022\/10\/luminarie-natale.jpg","datePublished":"2022-10-07T06:09:07+00:00","description":"Le amministrazioni comunali di Garbagnate e di Bollate hanno gi\u00e0 annunciato che quest\u2019anno non rinunceranno alle luminarie natalizie","breadcrumb":{"@id":"https:\/\/www.ilnotiziario.net\/wp\/editoriali\/le-luminarie-del-prossimo-natale\/#breadcrumb"},"inLanguage":"it-IT","potentialAction":[{"@type":"ReadAction","target":["https:\/\/www.ilnotiziario.net\/wp\/editoriali\/le-luminarie-del-prossimo-natale\/"]}]},{"@type":"ImageObject","inLanguage":"it-IT","@id":"https:\/\/www.ilnotiziario.net\/wp\/editoriali\/le-luminarie-del-prossimo-natale\/#primaryimage","url":"https:\/\/www.ilnotiziario.net\/wp\/wp-content\/uploads\/2022\/10\/luminarie-natale.jpg","contentUrl":"https:\/\/www.ilnotiziario.net\/wp\/wp-content\/uploads\/2022\/10\/luminarie-natale.jpg","width":1000,"height":667,"caption":"foto: depositphotos.com"},{"@type":"BreadcrumbList","@id":"https:\/\/www.ilnotiziario.net\/wp\/editoriali\/le-luminarie-del-prossimo-natale\/#breadcrumb","itemListElement":[{"@type":"ListItem","position":1,"name":"tds_text_logo_tagline_colortds_text_logo_tagline_colortds_text_logo_tagline_colortds_text_logo_tagline_colortd_module_7_title_excerpttd_module_7_title_excerpttd_module_7_title_excerpttd_module_7_title_excerptHome","item":"https:\/\/www.ilnotiziario.net\/wp\/"},{"@type":"ListItem","position":2,"name":"Le luminarie del prossimo Natale"}]},{"@type":"WebSite","@id":"https:\/\/www.ilnotiziario.net\/wp\/#website","url":"https:\/\/www.ilnotiziario.net\/wp\/","name":"Il Notiziario","description":"Per restare sempre connessi alla notizia","publisher":{"@id":"https:\/\/www.ilnotiziario.net\/wp\/#organization"},"alternateName":"Il Notiziario Bollate","potentialAction":[{"@type":"SearchAction","target":{"@type":"EntryPoint","urlTemplate":"https:\/\/www.ilnotiziario.net\/wp\/?s={search_term_string}"},"query-input":{"@type":"PropertyValueSpecification","valueRequired":true,"valueName":"search_term_string"}}],"inLanguage":"it-IT"},{"@type":"Organization","@id":"https:\/\/www.ilnotiziario.net\/wp\/#organization","name":"Il Notiziario","url":"https:\/\/www.ilnotiziario.net\/wp\/","logo":{"@type":"ImageObject","inLanguage":"it-IT","@id":"https:\/\/www.ilnotiziario.net\/wp\/#\/schema\/logo\/image\/","url":"https:\/\/www.ilnotiziario.net\/wp\/wp-content\/uploads\/2022\/06\/170x170ilN.png","contentUrl":"https:\/\/www.ilnotiziario.net\/wp\/wp-content\/uploads\/2022\/06\/170x170ilN.png","width":355,"height":355,"caption":"Il Notiziario"},"image":{"@id":"https:\/\/www.ilnotiziario.net\/wp\/#\/schema\/logo\/image\/"},"sameAs":["https:\/\/www.facebook.com\/ilnotiziarioind\/","https:\/\/x.com\/ilNotiziarioInd","https:\/\/www.instagram.com\/ilnotiziario_settimanale\/"]},{"@type":"Person","@id":"https:\/\/www.ilnotiziario.net\/wp\/#\/schema\/person\/386e222908f898bb41c033989482bbf2","name":"Gabriele Bassani","image":{"@type":"ImageObject","inLanguage":"it-IT","@id":"https:\/\/secure.gravatar.com\/avatar\/09274f4a84fa97698bde56f84b3afed61c8492d48b0550db9671b68c177479cb?s=96&d=mm&r=g","url":"https:\/\/secure.gravatar.com\/avatar\/09274f4a84fa97698bde56f84b3afed61c8492d48b0550db9671b68c177479cb?s=96&d=mm&r=g","contentUrl":"https:\/\/secure.gravatar.com\/avatar\/09274f4a84fa97698bde56f84b3afed61c8492d48b0550db9671b68c177479cb?s=96&d=mm&r=g","caption":"Gabriele Bassani"},"sameAs":["http:\/\/www.ilnotiziario.net"]}]}},"_links":{"self":[{"href":"https:\/\/www.ilnotiziario.net\/wp\/wp-json\/wp\/v2\/posts\/171546","targetHints":{"allow":["GET"]}}],"collection":[{"href":"https:\/\/www.ilnotiziario.net\/wp\/wp-json\/wp\/v2\/posts"}],"about":[{"href":"https:\/\/www.ilnotiziario.net\/wp\/wp-json\/wp\/v2\/types\/post"}],"author":[{"embeddable":true,"href":"https:\/\/www.ilnotiziario.net\/wp\/wp-json\/wp\/v2\/users\/3"}],"replies":[{"embeddable":true,"href":"https:\/\/www.ilnotiziario.net\/wp\/wp-json\/wp\/v2\/comments?post=171546"}],"version-history":[{"count":0,"href":"https:\/\/www.ilnotiziario.net\/wp\/wp-json\/wp\/v2\/posts\/171546\/revisions"}],"wp:featuredmedia":[{"embeddable":true,"href":"https:\/\/www.ilnotiziario.net\/wp\/wp-json\/wp\/v2\/media\/171547"}],"wp:attachment":[{"href":"https:\/\/www.ilnotiziario.net\/wp\/wp-json\/wp\/v2\/media?parent=171546"}],"wp:term":[{"taxonomy":"category","embeddable":true,"href":"https:\/\/www.ilnotiziario.net\/wp\/wp-json\/wp\/v2\/categories?post=171546"},{"taxonomy":"post_tag","embeddable":true,"href":"https:\/\/www.ilnotiziario.net\/wp\/wp-json\/wp\/v2\/tags?post=171546"}],"curies":[{"name":"wp","href":"https:\/\/api.w.org\/{rel}","templated":true}]}}