{"id":171742,"date":"2022-10-11T07:45:24","date_gmt":"2022-10-11T05:45:24","guid":{"rendered":"https:\/\/www.ilnotiziario.net\/wp\/?p=171742"},"modified":"2022-10-11T07:58:47","modified_gmt":"2022-10-11T05:58:47","slug":"malpensa-express-saronno-centrale","status":"publish","type":"post","link":"https:\/\/www.ilnotiziario.net\/wp\/saronno\/malpensa-express-saronno-centrale\/","title":{"rendered":"Malpensa Express da Saronno a Milano Centrale, l&#8217;ipotesi: eliminato e dirottato a Gallarate"},"content":{"rendered":"<p>Che fine far\u00e0 il Malpensa Express da Saronno a Milano Centrale? Sar\u00e0 eliminato e dirottato a Gallarate. Questa \u00e8 al momento l&#8217;ipotesi contenuta nei documenti di Regione Lombardia che d\u00e0 il via al quadruplicamento della Rho-Parabiago.<\/p><div id=\"ilnot-367508632\" class=\"ilnot-contenuto ilnot-entity-placement\"><p><!-- incontent_1 --><\/p>\n<div class=\"gptslot\" data-adunitid=\"1\"><\/div>\n<\/div>\n<h2>I lavori per il quadruplicamento della linea Rho-Arona<\/h2>\n<p>Regione Lombardia d\u00e0 il via formale all&#8217;iter che porter\u00e0 alla realizzazione dell\u2019intervento di potenziamento della linea Rho-Arona. Si tratta di lavori importanti nel tratto compreso tra la stazione di Rho (inclusa) e la stazione di Parabiago (inclusa), attraverso un quadruplicamento dell\u2019attuale linea. A questo si aggiunger\u00e0 l\u2019introduzione di un raccordo tra la linea FS e quella di Ferrovie Nord Milano nella zona prossima a Busto Arsizio. Il potenziamento avr\u00e0 conseguenze anche sul servizio ferroviario: da una parte aumenter\u00e0 l&#8217;offerta con nuove linee e corse, dall&#8217;altra per\u00f2 mette a rischio quelle esistenti.&nbsp;<\/p>\n<h2>Malpensa Express da Saronno a Centrale, verso l&#8217;eliminazione?<\/h2>\n<p>Nell&#8217;ipotesi progettuale la prima conseguenza di questi lavori riguarda il servizio Malpensa Express per Milano Centrale. L&#8217;ipotesi di Regione Lombardia prevede &#8220;un servizio semiorario Milano Centrale &#8211; Malpensa T1 via Gallarate \u2013 T2&#8221;, che quindi andrebbe in sostituzione &#8220;dell\u2019attuale Milano Centrale-Malpensa via Saronno, da garantirsi a seguito dell\u2019attivazione del collegamento T2 Malpensa \u2013 Linea RFI del Sempione&#8221;. Una previsione che \u00e8 prevista realizzata per il 2024. Significa che se si dovesse concretizzare la citt\u00e0 di Saronno perde la met\u00e0 dei treni Malpensa Express che ha oggi. Un servizio che viene utilizzato anche dai pendolari per spostarsi velocemente tra Saronno e le principali stazioni di Milano come Porta Garibaldi e Centrale.&nbsp;<\/p><div id=\"ilnot-1595159738\" class=\"ilnot-contenuto_2 ilnot-entity-placement\"><div class=\"ads-wrapper\">\n<div class=\"ad-slot\">\n   <div id=\"ilnot-505823775\" style=\"margin-right: auto;margin-left: auto;text-align: center;width: 320px;height: 100px;\"><a href=\"https:\/\/www.scuolasicurezza.it\/\"><img decoding=\"async\" src=\"https:\/\/www.ilnotiziario.net\/wp\/wp-content\/uploads\/2026\/04\/IlNotiziario_banner-sito-e-newsletter-320-x-100-px-1.gif\" alt=\"\"><\/a><\/div>\n  <\/div>\n<div class=\"ad-slot\">\n   <div id=\"ilnot-207834605\" style=\"margin-right: auto;margin-left: auto;text-align: center;width: 320px;height: 100px;\"><a href=\"https:\/\/purodesignarredamenti.com\/\"><img decoding=\"async\" src=\"https:\/\/www.ilnotiziario.net\/wp\/wp-content\/uploads\/2026\/04\/banner-puro-ok.gif\" alt=\"whatsapp\"><\/a><\/div><\/p><\/div>\n<\/div>\n<\/div>\n<p>Invece, l&#8217;altra linea del Malpensa Express, quella che parte da Milano Cadorna, \u00e8 prevista con capolinea Gallarate proseguendo quindi la sua corsa oltre l&#8217;aeroporto di Malpensa e le stazioni dei due terminal.&nbsp;<\/p>\n<h2>La linea S9 da Saronno si sposterebbe a Malpensa<\/h2>\n<p>In quest&#8217;ottica anche la linea S9 che oggi da Albairate si attesta a Saronno proseguirebbe oltre. La Regione prevede di prolungarla fino a Malpensa con treni ogni 30 minuti. Questo avverr\u00e0 &#8220;a seguito dell\u2019attivazione del collegamento T2 Malpensa \u2013 Linea RFI del Sempione la cui fine lavori \u00e8 prevista per il 2024&#8221;.<span class=\"Apple-converted-space\">&nbsp;<\/span><\/p>\n<p>In pi\u00f9, \u00e8 prevista &#8220;la deviazione della linea S5 in attestamento a Malpensa T1 via Gallarate \u2013 T2 a cadenza semioraria&#8221;. Ma anche&nbsp;un servizio orario Novara-Malpensa-Gallarate (con attestamento a Gallarate).<\/p><div id=\"ilnot-3362014010\" class=\"ilnot-contenuto_2-2 ilnot-entity-placement\"><div class=\"gptslot\" data-adunitid=\"2\"><\/div>\n<\/div>\n<p><em>Leggi ilnotiziario anche da pc, smartphone e tablet. <a href=\"http:\/\/edicola.ilnotiziario.net\">Clicca qui per la nostra edicola digitale<\/a>!<\/em><\/p>\n<p>&nbsp;<\/p>\n","protected":false},"excerpt":{"rendered":"<p>Che fine far\u00e0 il Malpensa Express da Saronno a Milano Centrale? Sar\u00e0 eliminato e dirottato a Gallarate. Questa \u00e8 al momento l&#8217;ipotesi contenuta nei documenti di Regione Lombardia che d\u00e0 il via al quadruplicamento della Rho-Parabiago. I lavori per il quadruplicamento della linea Rho-Arona Regione Lombardia d\u00e0 il via formale all&#8217;iter che porter\u00e0 alla realizzazione<\/p>\n","protected":false},"author":7,"featured_media":171743,"comment_status":"closed","ping_status":"closed","sticky":false,"template":"","format":"standard","meta":{"footnotes":""},"categories":[20,14],"tags":[711,1712,56],"class_list":{"0":"post-171742","1":"post","2":"type-post","3":"status-publish","4":"format-standard","5":"has-post-thumbnail","7":"category-prima-pagina","8":"category-saronno","9":"tag-malpensa-express","10":"tag-milano-centrale","11":"tag-saronno-2"},"yoast_head":"<!-- This site is optimized with the Yoast SEO plugin v27.5 - https:\/\/yoast.com\/product\/yoast-seo-wordpress\/ -->\n<title>Malpensa Express da Saronno a Milano Centrale, l&#039;ipotesi: eliminato e dirottato a Gallarate<\/title>\n<meta name=\"description\" content=\"Che fine far\u00e0 il Malpensa Express da Saronno a Milano Centrale? Sar\u00e0 eliminato e dirottato a Gallarate. Questa l&#039;ipotesi della Regione\" \/>\n<meta name=\"robots\" content=\"index, follow, max-snippet:-1, max-image-preview:large, max-video-preview:-1\" \/>\n<link rel=\"canonical\" href=\"https:\/\/www.ilnotiziario.net\/wp\/saronno\/malpensa-express-saronno-centrale\/\" \/>\n<meta property=\"og:locale\" content=\"it_IT\" \/>\n<meta property=\"og:type\" content=\"article\" \/>\n<meta property=\"og:title\" content=\"Malpensa Express da Saronno a Milano Centrale, l&#039;ipotesi: eliminato e dirottato a Gallarate\" \/>\n<meta property=\"og:description\" content=\"Che fine far\u00e0 il Malpensa Express da Saronno a Milano Centrale? Sar\u00e0 eliminato e dirottato a Gallarate. Questa l&#039;ipotesi della Regione\" \/>\n<meta property=\"og:url\" content=\"https:\/\/www.ilnotiziario.net\/wp\/saronno\/malpensa-express-saronno-centrale\/\" \/>\n<meta property=\"og:site_name\" content=\"Il Notiziario\" \/>\n<meta property=\"article:publisher\" content=\"https:\/\/www.facebook.com\/ilnotiziarioind\/\" \/>\n<meta property=\"article:published_time\" content=\"2022-10-11T05:45:24+00:00\" \/>\n<meta property=\"article:modified_time\" content=\"2022-10-11T05:58:47+00:00\" \/>\n<meta property=\"og:image\" content=\"https:\/\/www.ilnotiziario.net\/wp\/wp-content\/uploads\/2022\/10\/malpensa-express-saronno-centrale.jpg\" \/>\n\t<meta property=\"og:image:width\" content=\"1280\" \/>\n\t<meta property=\"og:image:height\" content=\"720\" \/>\n\t<meta property=\"og:image:type\" content=\"image\/jpeg\" \/>\n<meta name=\"author\" content=\"Simone Carcano\" \/>\n<meta name=\"twitter:card\" content=\"summary_large_image\" \/>\n<meta name=\"twitter:creator\" content=\"@simone_carcano\" \/>\n<meta name=\"twitter:site\" content=\"@ilNotiziarioInd\" \/>\n<meta name=\"twitter:label1\" content=\"Scritto da\" \/>\n\t<meta name=\"twitter:data1\" content=\"Simone Carcano\" \/>\n\t<meta name=\"twitter:label2\" content=\"Tempo di lettura stimato\" \/>\n\t<meta name=\"twitter:data2\" content=\"3 minuti\" \/>\n<script type=\"application\/ld+json\" class=\"yoast-schema-graph\">{\"@context\":\"https:\\\/\\\/schema.org\",\"@graph\":[{\"@type\":\"Article\",\"@id\":\"https:\\\/\\\/www.ilnotiziario.net\\\/wp\\\/saronno\\\/malpensa-express-saronno-centrale\\\/#article\",\"isPartOf\":{\"@id\":\"https:\\\/\\\/www.ilnotiziario.net\\\/wp\\\/saronno\\\/malpensa-express-saronno-centrale\\\/\"},\"author\":{\"name\":\"Simone Carcano\",\"@id\":\"https:\\\/\\\/www.ilnotiziario.net\\\/wp\\\/#\\\/schema\\\/person\\\/c218ad0865f96bfe2c1c2cfa719653f7\"},\"headline\":\"Malpensa Express da Saronno a Milano Centrale, l&#8217;ipotesi: eliminato e dirottato a Gallarate\",\"datePublished\":\"2022-10-11T05:45:24+00:00\",\"dateModified\":\"2022-10-11T05:58:47+00:00\",\"mainEntityOfPage\":{\"@id\":\"https:\\\/\\\/www.ilnotiziario.net\\\/wp\\\/saronno\\\/malpensa-express-saronno-centrale\\\/\"},\"wordCount\":416,\"publisher\":{\"@id\":\"https:\\\/\\\/www.ilnotiziario.net\\\/wp\\\/#organization\"},\"image\":{\"@id\":\"https:\\\/\\\/www.ilnotiziario.net\\\/wp\\\/saronno\\\/malpensa-express-saronno-centrale\\\/#primaryimage\"},\"thumbnailUrl\":\"https:\\\/\\\/www.ilnotiziario.net\\\/wp\\\/wp-content\\\/uploads\\\/2022\\\/10\\\/malpensa-express-saronno-centrale.jpg\",\"keywords\":[\"Malpensa Express\",\"Milano Centrale\",\"Saronno\"],\"articleSection\":[\"Prima Pagina\",\"SARONNO\"],\"inLanguage\":\"it-IT\"},{\"@type\":\"WebPage\",\"@id\":\"https:\\\/\\\/www.ilnotiziario.net\\\/wp\\\/saronno\\\/malpensa-express-saronno-centrale\\\/\",\"url\":\"https:\\\/\\\/www.ilnotiziario.net\\\/wp\\\/saronno\\\/malpensa-express-saronno-centrale\\\/\",\"name\":\"Malpensa Express da Saronno a Milano Centrale, l'ipotesi: eliminato e dirottato a Gallarate\",\"isPartOf\":{\"@id\":\"https:\\\/\\\/www.ilnotiziario.net\\\/wp\\\/#website\"},\"primaryImageOfPage\":{\"@id\":\"https:\\\/\\\/www.ilnotiziario.net\\\/wp\\\/saronno\\\/malpensa-express-saronno-centrale\\\/#primaryimage\"},\"image\":{\"@id\":\"https:\\\/\\\/www.ilnotiziario.net\\\/wp\\\/saronno\\\/malpensa-express-saronno-centrale\\\/#primaryimage\"},\"thumbnailUrl\":\"https:\\\/\\\/www.ilnotiziario.net\\\/wp\\\/wp-content\\\/uploads\\\/2022\\\/10\\\/malpensa-express-saronno-centrale.jpg\",\"datePublished\":\"2022-10-11T05:45:24+00:00\",\"dateModified\":\"2022-10-11T05:58:47+00:00\",\"description\":\"Che fine far\u00e0 il Malpensa Express da Saronno a Milano Centrale? Sar\u00e0 eliminato e dirottato a Gallarate. Questa l'ipotesi della Regione\",\"breadcrumb\":{\"@id\":\"https:\\\/\\\/www.ilnotiziario.net\\\/wp\\\/saronno\\\/malpensa-express-saronno-centrale\\\/#breadcrumb\"},\"inLanguage\":\"it-IT\",\"potentialAction\":[{\"@type\":\"ReadAction\",\"target\":[\"https:\\\/\\\/www.ilnotiziario.net\\\/wp\\\/saronno\\\/malpensa-express-saronno-centrale\\\/\"]}]},{\"@type\":\"ImageObject\",\"inLanguage\":\"it-IT\",\"@id\":\"https:\\\/\\\/www.ilnotiziario.net\\\/wp\\\/saronno\\\/malpensa-express-saronno-centrale\\\/#primaryimage\",\"url\":\"https:\\\/\\\/www.ilnotiziario.net\\\/wp\\\/wp-content\\\/uploads\\\/2022\\\/10\\\/malpensa-express-saronno-centrale.jpg\",\"contentUrl\":\"https:\\\/\\\/www.ilnotiziario.net\\\/wp\\\/wp-content\\\/uploads\\\/2022\\\/10\\\/malpensa-express-saronno-centrale.jpg\",\"width\":1280,\"height\":720},{\"@type\":\"BreadcrumbList\",\"@id\":\"https:\\\/\\\/www.ilnotiziario.net\\\/wp\\\/saronno\\\/malpensa-express-saronno-centrale\\\/#breadcrumb\",\"itemListElement\":[{\"@type\":\"ListItem\",\"position\":1,\"name\":\"tds_text_logo_tagline_colortds_text_logo_tagline_colortds_text_logo_tagline_colortds_text_logo_tagline_colortd_module_7_title_excerpttd_module_7_title_excerpttd_module_7_title_excerpttd_module_7_title_excerptHome\",\"item\":\"https:\\\/\\\/www.ilnotiziario.net\\\/wp\\\/\"},{\"@type\":\"ListItem\",\"position\":2,\"name\":\"Malpensa Express da Saronno a Milano Centrale, l&#8217;ipotesi: eliminato e dirottato a Gallarate\"}]},{\"@type\":\"WebSite\",\"@id\":\"https:\\\/\\\/www.ilnotiziario.net\\\/wp\\\/#website\",\"url\":\"https:\\\/\\\/www.ilnotiziario.net\\\/wp\\\/\",\"name\":\"Il Notiziario\",\"description\":\"Per restare sempre connessi alla notizia\",\"publisher\":{\"@id\":\"https:\\\/\\\/www.ilnotiziario.net\\\/wp\\\/#organization\"},\"alternateName\":\"Il Notiziario Bollate\",\"potentialAction\":[{\"@type\":\"SearchAction\",\"target\":{\"@type\":\"EntryPoint\",\"urlTemplate\":\"https:\\\/\\\/www.ilnotiziario.net\\\/wp\\\/?s={search_term_string}\"},\"query-input\":{\"@type\":\"PropertyValueSpecification\",\"valueRequired\":true,\"valueName\":\"search_term_string\"}}],\"inLanguage\":\"it-IT\"},{\"@type\":\"Organization\",\"@id\":\"https:\\\/\\\/www.ilnotiziario.net\\\/wp\\\/#organization\",\"name\":\"Il Notiziario\",\"url\":\"https:\\\/\\\/www.ilnotiziario.net\\\/wp\\\/\",\"logo\":{\"@type\":\"ImageObject\",\"inLanguage\":\"it-IT\",\"@id\":\"https:\\\/\\\/www.ilnotiziario.net\\\/wp\\\/#\\\/schema\\\/logo\\\/image\\\/\",\"url\":\"https:\\\/\\\/www.ilnotiziario.net\\\/wp\\\/wp-content\\\/uploads\\\/2022\\\/06\\\/170x170ilN.png\",\"contentUrl\":\"https:\\\/\\\/www.ilnotiziario.net\\\/wp\\\/wp-content\\\/uploads\\\/2022\\\/06\\\/170x170ilN.png\",\"width\":355,\"height\":355,\"caption\":\"Il Notiziario\"},\"image\":{\"@id\":\"https:\\\/\\\/www.ilnotiziario.net\\\/wp\\\/#\\\/schema\\\/logo\\\/image\\\/\"},\"sameAs\":[\"https:\\\/\\\/www.facebook.com\\\/ilnotiziarioind\\\/\",\"https:\\\/\\\/x.com\\\/ilNotiziarioInd\",\"https:\\\/\\\/www.instagram.com\\\/ilnotiziario_settimanale\\\/\"]},{\"@type\":\"Person\",\"@id\":\"https:\\\/\\\/www.ilnotiziario.net\\\/wp\\\/#\\\/schema\\\/person\\\/c218ad0865f96bfe2c1c2cfa719653f7\",\"name\":\"Simone Carcano\",\"image\":{\"@type\":\"ImageObject\",\"inLanguage\":\"it-IT\",\"@id\":\"https:\\\/\\\/secure.gravatar.com\\\/avatar\\\/5e677023cff2c47e9f7a896b9157a46e18bd36e7c4d000a1726bb730be7d38bb?s=96&d=mm&r=g\",\"url\":\"https:\\\/\\\/secure.gravatar.com\\\/avatar\\\/5e677023cff2c47e9f7a896b9157a46e18bd36e7c4d000a1726bb730be7d38bb?s=96&d=mm&r=g\",\"contentUrl\":\"https:\\\/\\\/secure.gravatar.com\\\/avatar\\\/5e677023cff2c47e9f7a896b9157a46e18bd36e7c4d000a1726bb730be7d38bb?s=96&d=mm&r=g\",\"caption\":\"Simone Carcano\"},\"sameAs\":[\"http:\\\/\\\/www.ilnotiziario.net\",\"https:\\\/\\\/x.com\\\/@simone_carcano\"]}]}<\/script>\n<!-- \/ Yoast SEO plugin. -->","yoast_head_json":{"title":"Malpensa Express da Saronno a Milano Centrale, l'ipotesi: eliminato e dirottato a Gallarate","description":"Che fine far\u00e0 il Malpensa Express da Saronno a Milano Centrale? Sar\u00e0 eliminato e dirottato a Gallarate. Questa l'ipotesi della Regione","robots":{"index":"index","follow":"follow","max-snippet":"max-snippet:-1","max-image-preview":"max-image-preview:large","max-video-preview":"max-video-preview:-1"},"canonical":"https:\/\/www.ilnotiziario.net\/wp\/saronno\/malpensa-express-saronno-centrale\/","og_locale":"it_IT","og_type":"article","og_title":"Malpensa Express da Saronno a Milano Centrale, l'ipotesi: eliminato e dirottato a Gallarate","og_description":"Che fine far\u00e0 il Malpensa Express da Saronno a Milano Centrale? Sar\u00e0 eliminato e dirottato a Gallarate. Questa l'ipotesi della Regione","og_url":"https:\/\/www.ilnotiziario.net\/wp\/saronno\/malpensa-express-saronno-centrale\/","og_site_name":"Il Notiziario","article_publisher":"https:\/\/www.facebook.com\/ilnotiziarioind\/","article_published_time":"2022-10-11T05:45:24+00:00","article_modified_time":"2022-10-11T05:58:47+00:00","og_image":[{"width":1280,"height":720,"url":"https:\/\/www.ilnotiziario.net\/wp\/wp-content\/uploads\/2022\/10\/malpensa-express-saronno-centrale.jpg","type":"image\/jpeg"}],"author":"Simone Carcano","twitter_card":"summary_large_image","twitter_creator":"@simone_carcano","twitter_site":"@ilNotiziarioInd","twitter_misc":{"Scritto da":"Simone Carcano","Tempo di lettura stimato":"3 minuti"},"schema":{"@context":"https:\/\/schema.org","@graph":[{"@type":"Article","@id":"https:\/\/www.ilnotiziario.net\/wp\/saronno\/malpensa-express-saronno-centrale\/#article","isPartOf":{"@id":"https:\/\/www.ilnotiziario.net\/wp\/saronno\/malpensa-express-saronno-centrale\/"},"author":{"name":"Simone Carcano","@id":"https:\/\/www.ilnotiziario.net\/wp\/#\/schema\/person\/c218ad0865f96bfe2c1c2cfa719653f7"},"headline":"Malpensa Express da Saronno a Milano Centrale, l&#8217;ipotesi: eliminato e dirottato a Gallarate","datePublished":"2022-10-11T05:45:24+00:00","dateModified":"2022-10-11T05:58:47+00:00","mainEntityOfPage":{"@id":"https:\/\/www.ilnotiziario.net\/wp\/saronno\/malpensa-express-saronno-centrale\/"},"wordCount":416,"publisher":{"@id":"https:\/\/www.ilnotiziario.net\/wp\/#organization"},"image":{"@id":"https:\/\/www.ilnotiziario.net\/wp\/saronno\/malpensa-express-saronno-centrale\/#primaryimage"},"thumbnailUrl":"https:\/\/www.ilnotiziario.net\/wp\/wp-content\/uploads\/2022\/10\/malpensa-express-saronno-centrale.jpg","keywords":["Malpensa Express","Milano Centrale","Saronno"],"articleSection":["Prima Pagina","SARONNO"],"inLanguage":"it-IT"},{"@type":"WebPage","@id":"https:\/\/www.ilnotiziario.net\/wp\/saronno\/malpensa-express-saronno-centrale\/","url":"https:\/\/www.ilnotiziario.net\/wp\/saronno\/malpensa-express-saronno-centrale\/","name":"Malpensa Express da Saronno a Milano Centrale, l'ipotesi: eliminato e dirottato a Gallarate","isPartOf":{"@id":"https:\/\/www.ilnotiziario.net\/wp\/#website"},"primaryImageOfPage":{"@id":"https:\/\/www.ilnotiziario.net\/wp\/saronno\/malpensa-express-saronno-centrale\/#primaryimage"},"image":{"@id":"https:\/\/www.ilnotiziario.net\/wp\/saronno\/malpensa-express-saronno-centrale\/#primaryimage"},"thumbnailUrl":"https:\/\/www.ilnotiziario.net\/wp\/wp-content\/uploads\/2022\/10\/malpensa-express-saronno-centrale.jpg","datePublished":"2022-10-11T05:45:24+00:00","dateModified":"2022-10-11T05:58:47+00:00","description":"Che fine far\u00e0 il Malpensa Express da Saronno a Milano Centrale? Sar\u00e0 eliminato e dirottato a Gallarate. Questa l'ipotesi della Regione","breadcrumb":{"@id":"https:\/\/www.ilnotiziario.net\/wp\/saronno\/malpensa-express-saronno-centrale\/#breadcrumb"},"inLanguage":"it-IT","potentialAction":[{"@type":"ReadAction","target":["https:\/\/www.ilnotiziario.net\/wp\/saronno\/malpensa-express-saronno-centrale\/"]}]},{"@type":"ImageObject","inLanguage":"it-IT","@id":"https:\/\/www.ilnotiziario.net\/wp\/saronno\/malpensa-express-saronno-centrale\/#primaryimage","url":"https:\/\/www.ilnotiziario.net\/wp\/wp-content\/uploads\/2022\/10\/malpensa-express-saronno-centrale.jpg","contentUrl":"https:\/\/www.ilnotiziario.net\/wp\/wp-content\/uploads\/2022\/10\/malpensa-express-saronno-centrale.jpg","width":1280,"height":720},{"@type":"BreadcrumbList","@id":"https:\/\/www.ilnotiziario.net\/wp\/saronno\/malpensa-express-saronno-centrale\/#breadcrumb","itemListElement":[{"@type":"ListItem","position":1,"name":"tds_text_logo_tagline_colortds_text_logo_tagline_colortds_text_logo_tagline_colortds_text_logo_tagline_colortd_module_7_title_excerpttd_module_7_title_excerpttd_module_7_title_excerpttd_module_7_title_excerptHome","item":"https:\/\/www.ilnotiziario.net\/wp\/"},{"@type":"ListItem","position":2,"name":"Malpensa Express da Saronno a Milano Centrale, l&#8217;ipotesi: eliminato e dirottato a Gallarate"}]},{"@type":"WebSite","@id":"https:\/\/www.ilnotiziario.net\/wp\/#website","url":"https:\/\/www.ilnotiziario.net\/wp\/","name":"Il Notiziario","description":"Per restare sempre connessi alla notizia","publisher":{"@id":"https:\/\/www.ilnotiziario.net\/wp\/#organization"},"alternateName":"Il Notiziario Bollate","potentialAction":[{"@type":"SearchAction","target":{"@type":"EntryPoint","urlTemplate":"https:\/\/www.ilnotiziario.net\/wp\/?s={search_term_string}"},"query-input":{"@type":"PropertyValueSpecification","valueRequired":true,"valueName":"search_term_string"}}],"inLanguage":"it-IT"},{"@type":"Organization","@id":"https:\/\/www.ilnotiziario.net\/wp\/#organization","name":"Il Notiziario","url":"https:\/\/www.ilnotiziario.net\/wp\/","logo":{"@type":"ImageObject","inLanguage":"it-IT","@id":"https:\/\/www.ilnotiziario.net\/wp\/#\/schema\/logo\/image\/","url":"https:\/\/www.ilnotiziario.net\/wp\/wp-content\/uploads\/2022\/06\/170x170ilN.png","contentUrl":"https:\/\/www.ilnotiziario.net\/wp\/wp-content\/uploads\/2022\/06\/170x170ilN.png","width":355,"height":355,"caption":"Il Notiziario"},"image":{"@id":"https:\/\/www.ilnotiziario.net\/wp\/#\/schema\/logo\/image\/"},"sameAs":["https:\/\/www.facebook.com\/ilnotiziarioind\/","https:\/\/x.com\/ilNotiziarioInd","https:\/\/www.instagram.com\/ilnotiziario_settimanale\/"]},{"@type":"Person","@id":"https:\/\/www.ilnotiziario.net\/wp\/#\/schema\/person\/c218ad0865f96bfe2c1c2cfa719653f7","name":"Simone Carcano","image":{"@type":"ImageObject","inLanguage":"it-IT","@id":"https:\/\/secure.gravatar.com\/avatar\/5e677023cff2c47e9f7a896b9157a46e18bd36e7c4d000a1726bb730be7d38bb?s=96&d=mm&r=g","url":"https:\/\/secure.gravatar.com\/avatar\/5e677023cff2c47e9f7a896b9157a46e18bd36e7c4d000a1726bb730be7d38bb?s=96&d=mm&r=g","contentUrl":"https:\/\/secure.gravatar.com\/avatar\/5e677023cff2c47e9f7a896b9157a46e18bd36e7c4d000a1726bb730be7d38bb?s=96&d=mm&r=g","caption":"Simone Carcano"},"sameAs":["http:\/\/www.ilnotiziario.net","https:\/\/x.com\/@simone_carcano"]}]}},"_links":{"self":[{"href":"https:\/\/www.ilnotiziario.net\/wp\/wp-json\/wp\/v2\/posts\/171742","targetHints":{"allow":["GET"]}}],"collection":[{"href":"https:\/\/www.ilnotiziario.net\/wp\/wp-json\/wp\/v2\/posts"}],"about":[{"href":"https:\/\/www.ilnotiziario.net\/wp\/wp-json\/wp\/v2\/types\/post"}],"author":[{"embeddable":true,"href":"https:\/\/www.ilnotiziario.net\/wp\/wp-json\/wp\/v2\/users\/7"}],"replies":[{"embeddable":true,"href":"https:\/\/www.ilnotiziario.net\/wp\/wp-json\/wp\/v2\/comments?post=171742"}],"version-history":[{"count":0,"href":"https:\/\/www.ilnotiziario.net\/wp\/wp-json\/wp\/v2\/posts\/171742\/revisions"}],"wp:featuredmedia":[{"embeddable":true,"href":"https:\/\/www.ilnotiziario.net\/wp\/wp-json\/wp\/v2\/media\/171743"}],"wp:attachment":[{"href":"https:\/\/www.ilnotiziario.net\/wp\/wp-json\/wp\/v2\/media?parent=171742"}],"wp:term":[{"taxonomy":"category","embeddable":true,"href":"https:\/\/www.ilnotiziario.net\/wp\/wp-json\/wp\/v2\/categories?post=171742"},{"taxonomy":"post_tag","embeddable":true,"href":"https:\/\/www.ilnotiziario.net\/wp\/wp-json\/wp\/v2\/tags?post=171742"}],"curies":[{"name":"wp","href":"https:\/\/api.w.org\/{rel}","templated":true}]}}