{"id":171885,"date":"2022-10-13T16:30:00","date_gmt":"2022-10-13T14:30:00","guid":{"rendered":"https:\/\/www.ilnotiziario.net\/wp\/?p=171885"},"modified":"2022-10-13T14:57:09","modified_gmt":"2022-10-13T12:57:09","slug":"reati-in-brianza-non-calano-i-maltrattamenti-in-famiglia","status":"publish","type":"post","link":"https:\/\/www.ilnotiziario.net\/wp\/prima-pagina\/reati-in-brianza-non-calano-i-maltrattamenti-in-famiglia\/","title":{"rendered":"Reati in Brianza, non calano i maltrattamenti in famiglia"},"content":{"rendered":"<p><strong>Molti meno furti, crollo delle rapine, ma invariate le violenze sessuali e i maltrattamenti in famiglia.<\/strong> Questo il quadro che emerge dall&#8217;analisi statistica condotta dalla Prefettura di Monza e Brianza. Che registra come<strong> la quantit\u00e0 di reati commessi sul territorio sia diminuita nel triennio<\/strong>, ma siano cambiate anche le tipologie di reato.&nbsp;<\/p><div id=\"ilnot-1889448053\" class=\"ilnot-contenuto ilnot-entity-placement\"><p><!-- incontent_1 --><\/p>\n<div class=\"gptslot\" data-adunitid=\"1\"><\/div>\n<\/div>\n<h2>Reati in Brianza: crollo di furti e rapine, maltrattamenti in famiglia<\/h2>\n<p>Quella dei maltrattamenti in famiglia, tra i reati in Brianza, \u00e8 una statistica che si inserisce in quadro pi\u00f9 ampio. Nel corso del triennio si \u00e8 registrata una riduzione del 14,1% del numero totale dei reati, passati dai 7.980 del 2019 ai 6.850 del 2021. Tale tendenza ha interessato in particolare i reati contro il patrimonio (-19,8%), con una <strong>contrazione importante dei furti (-28,6%) e delle rapine (-38,7%)<\/strong>. Sono rimasti invece sostanzialmente i<strong>nvariati i dati delle violenze sessuali<\/strong> (17 nel 2021, a fronte dei 15 casi nel 2019: +13,3%) <strong>e i maltrattamenti in famiglia<\/strong> (58 nel 2021, a fronte dei 56 casi nel 2019: +3,5%): la conferma di tali dati impone senza dubbio di rivolgere la massima<br \/>\nattenzione al fenomeno sia sul piano preventivo che repressivo, ma consente di rilevare anche<br \/>\nuna positiva tendenza all\u2019aumento delle denunce da parte delle vittime, alla quale ha contribuito<br \/>\nla nuova procedura del \u2018codice rosso\u2019 introdotta nel 2019.<\/p>\n<h2>Reati, non solo maltrattamenti in famiglia: frodi informatiche<\/h2>\n<p>Un\u2019analoga<strong> migliore tendenza alla denuncia<\/strong> spiega anche la<strong> crescita del numero delle truffe e<\/strong><br \/>\n<strong>delle frodi anche informatiche<\/strong>, che hanno fatto registrare un<strong> aumento del 17,9%.<\/strong><br \/>\nA fronte di ci\u00f2, \u00e8 stata rilevata l\u2019importanza che, accanto all\u2019attivit\u00e0 di prevenzione e repressione<br \/>\ncurata dalle forze di polizia, siano promosse anche iniziative di sensibilizzazione ai rischi rivolte<br \/>\nin particolare ai cittadini anziani, nelle quali potranno essere coinvolti anche i familiari.<br \/>\n\u00c8 stato rilevato, infine, un<strong> lieve incremento dei reati in materia di stupefacenti<\/strong>, passati da 72 nel 2019 a 91 nel 2021 (+26,3%). Tale dato sembra potersi ricondurre all\u2019importante aumento delle attivit\u00e0 di controllo del territorio realizzate nel corso dell\u2019anno da parte delle Forze di polizia, che hanno consentito di intercettare, anche grazie all\u2019importante collaborazione delle Polizie locali, un numero sempre maggiore di episodi di spaccio.<\/p><div id=\"ilnot-8149171\" class=\"ilnot-contenuto_2 ilnot-entity-placement\"><div class=\"ads-wrapper\">\n<div class=\"ad-slot\">\n   <div id=\"ilnot-392351024\" style=\"margin-right: auto;margin-left: auto;text-align: center;width: 320px;height: 100px;\"><a href=\"https:\/\/www.scuolasicurezza.it\/\"><img decoding=\"async\" src=\"https:\/\/www.ilnotiziario.net\/wp\/wp-content\/uploads\/2026\/04\/IlNotiziario_banner-sito-e-newsletter-320-x-100-px-1.gif\" alt=\"\"><\/a><\/div>\n  <\/div>\n<div class=\"ad-slot\">\n   <div id=\"ilnot-2250682436\" style=\"margin-right: auto;margin-left: auto;text-align: center;width: 320px;height: 100px;\"><a href=\"https:\/\/purodesignarredamenti.com\/\"><img decoding=\"async\" src=\"https:\/\/www.ilnotiziario.net\/wp\/wp-content\/uploads\/2026\/04\/banner-puro-ok.gif\" alt=\"whatsapp\"><\/a><\/div><\/p><\/div>\n<\/div>\n<\/div>\n<h2>Il tavolo sulla sicurezza organizzato dal prefetto<\/h2>\n<p>Sono dati, questi ultimi, illustrati nel corso della riunione tenutasi nella giornata di marted\u00ec 12 per il Comitato provinciale per l\u2019ordine e la sicurezza pubblica. Un appuntamento convocato a Desio dal <strong>prefetto Patrizia Palmisani<\/strong> per promuovere, insieme al presidente della Provincia di Monza e Brianza e ai referenti provinciali delle forze di polizia e dei vigili del fuoco, un confronto <strong>con i sindaci e i comandanti delle Polizie locali dei Comuni di Ceriano Laghetto, Cogliate, Limbiate,<\/strong> Lissone, Muggi\u00f2, Nova Milanese, Varedo, Desio, Bovisio Masciago e Cesano Maderno.<\/p>\n<h2>La collaborazione tra le Amministrazioni comunali in Brianza<\/h2>\n<p>L\u2019iniziativa ha rappresentato il primo appuntamento di un programma di incontri con i rappresentanti delle Amministrazioni comunali, con l\u2019obiettivo di promuovere un\u2019<strong>analisi congiunta delle problematiche e dare la possibilit\u00e0 ai sindaci di sollevare questioni di interesse afferenti alla sicurezza<\/strong>, alla protezione civile, all\u2019immigrazione e a tutti gli altri ambiti d\u2019interesse della Prefettura. Nel corso della riunione sono stati anche presentati i dati consolidati sull\u2019andamento dei reati nell\u2019area est della Provincia di Monza e della Brianza riferiti all\u2019anno 2021, nel corso del quale \u00e8 stato confermato il trend in diminuzione registrato negli ultimi anni, in linea con il dato provinciale.<\/p>\n<p><strong>Redazione web<\/strong><\/p><div id=\"ilnot-3074089899\" class=\"ilnot-contenuto_2-2 ilnot-entity-placement\"><div class=\"gptslot\" data-adunitid=\"2\"><\/div>\n<\/div>\n<p><strong><em>Leggi ilnotiziario anche da pc, smartphone e tablet.&nbsp;<a href=\"http:\/\/edicola.ilnotiziario.net\/\">Clicca qui per la nostra edicola digitale<\/a>!<\/em><\/strong><\/p>\n<p>&nbsp;<\/p>\n<p>&nbsp;<\/p>\n","protected":false},"excerpt":{"rendered":"<p>Molti meno furti, crollo delle rapine, ma invariate le violenze sessuali e i maltrattamenti in famiglia. Questo il quadro che emerge dall&#8217;analisi statistica condotta dalla Prefettura di Monza e Brianza. Che registra come la quantit\u00e0 di reati commessi sul territorio sia diminuita nel triennio, ma siano cambiate anche le tipologie di reato.&nbsp; Reati in Brianza:<\/p>\n","protected":false},"author":3,"featured_media":146317,"comment_status":"closed","ping_status":"closed","sticky":false,"template":"","format":"standard","meta":{"footnotes":""},"categories":[20],"tags":[169,286,510,47,10710,10708,3047,10707,2307,3802,10711,584,5238,10709],"class_list":{"0":"post-171885","1":"post","2":"type-post","3":"status-publish","4":"format-standard","5":"has-post-thumbnail","7":"category-prima-pagina","8":"tag-ceriano","9":"tag-cogliate","10":"tag-furti","11":"tag-limbiate","12":"tag-maltrattamenti-in-famiglia","13":"tag-prefetto-palmisani","14":"tag-prefettura","15":"tag-provincia-monza-brianza","16":"tag-rapine","17":"tag-reati","18":"tag-reati-informatici","19":"tag-sicurezza","20":"tag-spaccio-di-droga","21":"tag-violenze-sessuali"},"yoast_head":"<!-- This site is optimized with the Yoast SEO plugin v27.4 - https:\/\/yoast.com\/product\/yoast-seo-wordpress\/ -->\n<title>Reati in Brianza: non calano maltrattamenti in famiglia - Il Notiziario<\/title>\n<meta name=\"description\" content=\"Non calano i maltrattamenti in famiglia e le violenze sessuali, crollano le rapine: questi i dati dei reati verificatisi in Brianza\" \/>\n<meta name=\"robots\" content=\"index, follow, max-snippet:-1, max-image-preview:large, max-video-preview:-1\" \/>\n<link rel=\"canonical\" href=\"https:\/\/www.ilnotiziario.net\/wp\/prima-pagina\/reati-in-brianza-non-calano-i-maltrattamenti-in-famiglia\/\" \/>\n<meta property=\"og:locale\" content=\"it_IT\" \/>\n<meta property=\"og:type\" content=\"article\" \/>\n<meta property=\"og:title\" content=\"Reati in Brianza: non calano maltrattamenti in famiglia - Il Notiziario\" \/>\n<meta property=\"og:description\" content=\"Non calano i maltrattamenti in famiglia e le violenze sessuali, crollano le rapine: questi i dati dei reati verificatisi in Brianza\" \/>\n<meta property=\"og:url\" content=\"https:\/\/www.ilnotiziario.net\/wp\/prima-pagina\/reati-in-brianza-non-calano-i-maltrattamenti-in-famiglia\/\" \/>\n<meta property=\"og:site_name\" content=\"Il Notiziario\" \/>\n<meta property=\"article:publisher\" content=\"https:\/\/www.facebook.com\/ilnotiziarioind\/\" \/>\n<meta property=\"article:published_time\" content=\"2022-10-13T14:30:00+00:00\" \/>\n<meta property=\"og:image\" content=\"https:\/\/www.ilnotiziario.net\/wp\/wp-content\/uploads\/2021\/01\/Violenza-donna-maltrattamenti.jpg\" \/>\n\t<meta property=\"og:image:width\" content=\"1200\" \/>\n\t<meta property=\"og:image:height\" content=\"676\" \/>\n\t<meta property=\"og:image:type\" content=\"image\/jpeg\" \/>\n<meta name=\"author\" content=\"Gabriele Bassani\" \/>\n<meta name=\"twitter:card\" content=\"summary_large_image\" \/>\n<meta name=\"twitter:creator\" content=\"@ilNotiziarioInd\" \/>\n<meta name=\"twitter:site\" content=\"@ilNotiziarioInd\" \/>\n<meta name=\"twitter:label1\" content=\"Scritto da\" \/>\n\t<meta name=\"twitter:data1\" content=\"Gabriele Bassani\" \/>\n\t<meta name=\"twitter:label2\" content=\"Tempo di lettura stimato\" \/>\n\t<meta name=\"twitter:data2\" content=\"4 minuti\" \/>\n<script type=\"application\/ld+json\" class=\"yoast-schema-graph\">{\"@context\":\"https:\\\/\\\/schema.org\",\"@graph\":[{\"@type\":\"Article\",\"@id\":\"https:\\\/\\\/www.ilnotiziario.net\\\/wp\\\/prima-pagina\\\/reati-in-brianza-non-calano-i-maltrattamenti-in-famiglia\\\/#article\",\"isPartOf\":{\"@id\":\"https:\\\/\\\/www.ilnotiziario.net\\\/wp\\\/prima-pagina\\\/reati-in-brianza-non-calano-i-maltrattamenti-in-famiglia\\\/\"},\"author\":{\"name\":\"Gabriele Bassani\",\"@id\":\"https:\\\/\\\/www.ilnotiziario.net\\\/wp\\\/#\\\/schema\\\/person\\\/386e222908f898bb41c033989482bbf2\"},\"headline\":\"Reati in Brianza, non calano i maltrattamenti in famiglia\",\"datePublished\":\"2022-10-13T14:30:00+00:00\",\"mainEntityOfPage\":{\"@id\":\"https:\\\/\\\/www.ilnotiziario.net\\\/wp\\\/prima-pagina\\\/reati-in-brianza-non-calano-i-maltrattamenti-in-famiglia\\\/\"},\"wordCount\":578,\"publisher\":{\"@id\":\"https:\\\/\\\/www.ilnotiziario.net\\\/wp\\\/#organization\"},\"image\":{\"@id\":\"https:\\\/\\\/www.ilnotiziario.net\\\/wp\\\/prima-pagina\\\/reati-in-brianza-non-calano-i-maltrattamenti-in-famiglia\\\/#primaryimage\"},\"thumbnailUrl\":\"https:\\\/\\\/www.ilnotiziario.net\\\/wp\\\/wp-content\\\/uploads\\\/2021\\\/01\\\/Violenza-donna-maltrattamenti.jpg\",\"keywords\":[\"Ceriano\",\"Cogliate\",\"furti\",\"Limbiate\",\"maltrattamenti in famiglia\",\"prefetto palmisani\",\"prefettura\",\"provincia monza brianza\",\"rapine\",\"reati\",\"reati informatici\",\"sicurezza\",\"Spaccio di droga\",\"violenze sessuali\"],\"articleSection\":[\"Prima Pagina\"],\"inLanguage\":\"it-IT\"},{\"@type\":\"WebPage\",\"@id\":\"https:\\\/\\\/www.ilnotiziario.net\\\/wp\\\/prima-pagina\\\/reati-in-brianza-non-calano-i-maltrattamenti-in-famiglia\\\/\",\"url\":\"https:\\\/\\\/www.ilnotiziario.net\\\/wp\\\/prima-pagina\\\/reati-in-brianza-non-calano-i-maltrattamenti-in-famiglia\\\/\",\"name\":\"Reati in Brianza: non calano maltrattamenti in famiglia - Il Notiziario\",\"isPartOf\":{\"@id\":\"https:\\\/\\\/www.ilnotiziario.net\\\/wp\\\/#website\"},\"primaryImageOfPage\":{\"@id\":\"https:\\\/\\\/www.ilnotiziario.net\\\/wp\\\/prima-pagina\\\/reati-in-brianza-non-calano-i-maltrattamenti-in-famiglia\\\/#primaryimage\"},\"image\":{\"@id\":\"https:\\\/\\\/www.ilnotiziario.net\\\/wp\\\/prima-pagina\\\/reati-in-brianza-non-calano-i-maltrattamenti-in-famiglia\\\/#primaryimage\"},\"thumbnailUrl\":\"https:\\\/\\\/www.ilnotiziario.net\\\/wp\\\/wp-content\\\/uploads\\\/2021\\\/01\\\/Violenza-donna-maltrattamenti.jpg\",\"datePublished\":\"2022-10-13T14:30:00+00:00\",\"description\":\"Non calano i maltrattamenti in famiglia e le violenze sessuali, crollano le rapine: questi i dati dei reati verificatisi in Brianza\",\"breadcrumb\":{\"@id\":\"https:\\\/\\\/www.ilnotiziario.net\\\/wp\\\/prima-pagina\\\/reati-in-brianza-non-calano-i-maltrattamenti-in-famiglia\\\/#breadcrumb\"},\"inLanguage\":\"it-IT\",\"potentialAction\":[{\"@type\":\"ReadAction\",\"target\":[\"https:\\\/\\\/www.ilnotiziario.net\\\/wp\\\/prima-pagina\\\/reati-in-brianza-non-calano-i-maltrattamenti-in-famiglia\\\/\"]}]},{\"@type\":\"ImageObject\",\"inLanguage\":\"it-IT\",\"@id\":\"https:\\\/\\\/www.ilnotiziario.net\\\/wp\\\/prima-pagina\\\/reati-in-brianza-non-calano-i-maltrattamenti-in-famiglia\\\/#primaryimage\",\"url\":\"https:\\\/\\\/www.ilnotiziario.net\\\/wp\\\/wp-content\\\/uploads\\\/2021\\\/01\\\/Violenza-donna-maltrattamenti.jpg\",\"contentUrl\":\"https:\\\/\\\/www.ilnotiziario.net\\\/wp\\\/wp-content\\\/uploads\\\/2021\\\/01\\\/Violenza-donna-maltrattamenti.jpg\",\"width\":1200,\"height\":676,\"caption\":\"\"},{\"@type\":\"BreadcrumbList\",\"@id\":\"https:\\\/\\\/www.ilnotiziario.net\\\/wp\\\/prima-pagina\\\/reati-in-brianza-non-calano-i-maltrattamenti-in-famiglia\\\/#breadcrumb\",\"itemListElement\":[{\"@type\":\"ListItem\",\"position\":1,\"name\":\"tds_text_logo_tagline_colortds_text_logo_tagline_colortds_text_logo_tagline_colortds_text_logo_tagline_colortd_module_7_title_excerpttd_module_7_title_excerpttd_module_7_title_excerpttd_module_7_title_excerptHome\",\"item\":\"https:\\\/\\\/www.ilnotiziario.net\\\/wp\\\/\"},{\"@type\":\"ListItem\",\"position\":2,\"name\":\"Reati in Brianza, non calano i maltrattamenti in famiglia\"}]},{\"@type\":\"WebSite\",\"@id\":\"https:\\\/\\\/www.ilnotiziario.net\\\/wp\\\/#website\",\"url\":\"https:\\\/\\\/www.ilnotiziario.net\\\/wp\\\/\",\"name\":\"Il Notiziario\",\"description\":\"Per restare sempre connessi alla notizia\",\"publisher\":{\"@id\":\"https:\\\/\\\/www.ilnotiziario.net\\\/wp\\\/#organization\"},\"alternateName\":\"Il Notiziario Bollate\",\"potentialAction\":[{\"@type\":\"SearchAction\",\"target\":{\"@type\":\"EntryPoint\",\"urlTemplate\":\"https:\\\/\\\/www.ilnotiziario.net\\\/wp\\\/?s={search_term_string}\"},\"query-input\":{\"@type\":\"PropertyValueSpecification\",\"valueRequired\":true,\"valueName\":\"search_term_string\"}}],\"inLanguage\":\"it-IT\"},{\"@type\":\"Organization\",\"@id\":\"https:\\\/\\\/www.ilnotiziario.net\\\/wp\\\/#organization\",\"name\":\"Il Notiziario\",\"url\":\"https:\\\/\\\/www.ilnotiziario.net\\\/wp\\\/\",\"logo\":{\"@type\":\"ImageObject\",\"inLanguage\":\"it-IT\",\"@id\":\"https:\\\/\\\/www.ilnotiziario.net\\\/wp\\\/#\\\/schema\\\/logo\\\/image\\\/\",\"url\":\"https:\\\/\\\/www.ilnotiziario.net\\\/wp\\\/wp-content\\\/uploads\\\/2022\\\/06\\\/170x170ilN.png\",\"contentUrl\":\"https:\\\/\\\/www.ilnotiziario.net\\\/wp\\\/wp-content\\\/uploads\\\/2022\\\/06\\\/170x170ilN.png\",\"width\":355,\"height\":355,\"caption\":\"Il Notiziario\"},\"image\":{\"@id\":\"https:\\\/\\\/www.ilnotiziario.net\\\/wp\\\/#\\\/schema\\\/logo\\\/image\\\/\"},\"sameAs\":[\"https:\\\/\\\/www.facebook.com\\\/ilnotiziarioind\\\/\",\"https:\\\/\\\/x.com\\\/ilNotiziarioInd\",\"https:\\\/\\\/www.instagram.com\\\/ilnotiziario_settimanale\\\/\"]},{\"@type\":\"Person\",\"@id\":\"https:\\\/\\\/www.ilnotiziario.net\\\/wp\\\/#\\\/schema\\\/person\\\/386e222908f898bb41c033989482bbf2\",\"name\":\"Gabriele Bassani\",\"image\":{\"@type\":\"ImageObject\",\"inLanguage\":\"it-IT\",\"@id\":\"https:\\\/\\\/secure.gravatar.com\\\/avatar\\\/09274f4a84fa97698bde56f84b3afed61c8492d48b0550db9671b68c177479cb?s=96&d=mm&r=g\",\"url\":\"https:\\\/\\\/secure.gravatar.com\\\/avatar\\\/09274f4a84fa97698bde56f84b3afed61c8492d48b0550db9671b68c177479cb?s=96&d=mm&r=g\",\"contentUrl\":\"https:\\\/\\\/secure.gravatar.com\\\/avatar\\\/09274f4a84fa97698bde56f84b3afed61c8492d48b0550db9671b68c177479cb?s=96&d=mm&r=g\",\"caption\":\"Gabriele Bassani\"},\"sameAs\":[\"http:\\\/\\\/www.ilnotiziario.net\"]}]}<\/script>\n<!-- \/ Yoast SEO plugin. -->","yoast_head_json":{"title":"Reati in Brianza: non calano maltrattamenti in famiglia - Il Notiziario","description":"Non calano i maltrattamenti in famiglia e le violenze sessuali, crollano le rapine: questi i dati dei reati verificatisi in Brianza","robots":{"index":"index","follow":"follow","max-snippet":"max-snippet:-1","max-image-preview":"max-image-preview:large","max-video-preview":"max-video-preview:-1"},"canonical":"https:\/\/www.ilnotiziario.net\/wp\/prima-pagina\/reati-in-brianza-non-calano-i-maltrattamenti-in-famiglia\/","og_locale":"it_IT","og_type":"article","og_title":"Reati in Brianza: non calano maltrattamenti in famiglia - Il Notiziario","og_description":"Non calano i maltrattamenti in famiglia e le violenze sessuali, crollano le rapine: questi i dati dei reati verificatisi in Brianza","og_url":"https:\/\/www.ilnotiziario.net\/wp\/prima-pagina\/reati-in-brianza-non-calano-i-maltrattamenti-in-famiglia\/","og_site_name":"Il Notiziario","article_publisher":"https:\/\/www.facebook.com\/ilnotiziarioind\/","article_published_time":"2022-10-13T14:30:00+00:00","og_image":[{"width":1200,"height":676,"url":"https:\/\/www.ilnotiziario.net\/wp\/wp-content\/uploads\/2021\/01\/Violenza-donna-maltrattamenti.jpg","type":"image\/jpeg"}],"author":"Gabriele Bassani","twitter_card":"summary_large_image","twitter_creator":"@ilNotiziarioInd","twitter_site":"@ilNotiziarioInd","twitter_misc":{"Scritto da":"Gabriele Bassani","Tempo di lettura stimato":"4 minuti"},"schema":{"@context":"https:\/\/schema.org","@graph":[{"@type":"Article","@id":"https:\/\/www.ilnotiziario.net\/wp\/prima-pagina\/reati-in-brianza-non-calano-i-maltrattamenti-in-famiglia\/#article","isPartOf":{"@id":"https:\/\/www.ilnotiziario.net\/wp\/prima-pagina\/reati-in-brianza-non-calano-i-maltrattamenti-in-famiglia\/"},"author":{"name":"Gabriele Bassani","@id":"https:\/\/www.ilnotiziario.net\/wp\/#\/schema\/person\/386e222908f898bb41c033989482bbf2"},"headline":"Reati in Brianza, non calano i maltrattamenti in famiglia","datePublished":"2022-10-13T14:30:00+00:00","mainEntityOfPage":{"@id":"https:\/\/www.ilnotiziario.net\/wp\/prima-pagina\/reati-in-brianza-non-calano-i-maltrattamenti-in-famiglia\/"},"wordCount":578,"publisher":{"@id":"https:\/\/www.ilnotiziario.net\/wp\/#organization"},"image":{"@id":"https:\/\/www.ilnotiziario.net\/wp\/prima-pagina\/reati-in-brianza-non-calano-i-maltrattamenti-in-famiglia\/#primaryimage"},"thumbnailUrl":"https:\/\/www.ilnotiziario.net\/wp\/wp-content\/uploads\/2021\/01\/Violenza-donna-maltrattamenti.jpg","keywords":["Ceriano","Cogliate","furti","Limbiate","maltrattamenti in famiglia","prefetto palmisani","prefettura","provincia monza brianza","rapine","reati","reati informatici","sicurezza","Spaccio di droga","violenze sessuali"],"articleSection":["Prima Pagina"],"inLanguage":"it-IT"},{"@type":"WebPage","@id":"https:\/\/www.ilnotiziario.net\/wp\/prima-pagina\/reati-in-brianza-non-calano-i-maltrattamenti-in-famiglia\/","url":"https:\/\/www.ilnotiziario.net\/wp\/prima-pagina\/reati-in-brianza-non-calano-i-maltrattamenti-in-famiglia\/","name":"Reati in Brianza: non calano maltrattamenti in famiglia - Il Notiziario","isPartOf":{"@id":"https:\/\/www.ilnotiziario.net\/wp\/#website"},"primaryImageOfPage":{"@id":"https:\/\/www.ilnotiziario.net\/wp\/prima-pagina\/reati-in-brianza-non-calano-i-maltrattamenti-in-famiglia\/#primaryimage"},"image":{"@id":"https:\/\/www.ilnotiziario.net\/wp\/prima-pagina\/reati-in-brianza-non-calano-i-maltrattamenti-in-famiglia\/#primaryimage"},"thumbnailUrl":"https:\/\/www.ilnotiziario.net\/wp\/wp-content\/uploads\/2021\/01\/Violenza-donna-maltrattamenti.jpg","datePublished":"2022-10-13T14:30:00+00:00","description":"Non calano i maltrattamenti in famiglia e le violenze sessuali, crollano le rapine: questi i dati dei reati verificatisi in Brianza","breadcrumb":{"@id":"https:\/\/www.ilnotiziario.net\/wp\/prima-pagina\/reati-in-brianza-non-calano-i-maltrattamenti-in-famiglia\/#breadcrumb"},"inLanguage":"it-IT","potentialAction":[{"@type":"ReadAction","target":["https:\/\/www.ilnotiziario.net\/wp\/prima-pagina\/reati-in-brianza-non-calano-i-maltrattamenti-in-famiglia\/"]}]},{"@type":"ImageObject","inLanguage":"it-IT","@id":"https:\/\/www.ilnotiziario.net\/wp\/prima-pagina\/reati-in-brianza-non-calano-i-maltrattamenti-in-famiglia\/#primaryimage","url":"https:\/\/www.ilnotiziario.net\/wp\/wp-content\/uploads\/2021\/01\/Violenza-donna-maltrattamenti.jpg","contentUrl":"https:\/\/www.ilnotiziario.net\/wp\/wp-content\/uploads\/2021\/01\/Violenza-donna-maltrattamenti.jpg","width":1200,"height":676,"caption":""},{"@type":"BreadcrumbList","@id":"https:\/\/www.ilnotiziario.net\/wp\/prima-pagina\/reati-in-brianza-non-calano-i-maltrattamenti-in-famiglia\/#breadcrumb","itemListElement":[{"@type":"ListItem","position":1,"name":"tds_text_logo_tagline_colortds_text_logo_tagline_colortds_text_logo_tagline_colortds_text_logo_tagline_colortd_module_7_title_excerpttd_module_7_title_excerpttd_module_7_title_excerpttd_module_7_title_excerptHome","item":"https:\/\/www.ilnotiziario.net\/wp\/"},{"@type":"ListItem","position":2,"name":"Reati in Brianza, non calano i maltrattamenti in famiglia"}]},{"@type":"WebSite","@id":"https:\/\/www.ilnotiziario.net\/wp\/#website","url":"https:\/\/www.ilnotiziario.net\/wp\/","name":"Il Notiziario","description":"Per restare sempre connessi alla notizia","publisher":{"@id":"https:\/\/www.ilnotiziario.net\/wp\/#organization"},"alternateName":"Il Notiziario Bollate","potentialAction":[{"@type":"SearchAction","target":{"@type":"EntryPoint","urlTemplate":"https:\/\/www.ilnotiziario.net\/wp\/?s={search_term_string}"},"query-input":{"@type":"PropertyValueSpecification","valueRequired":true,"valueName":"search_term_string"}}],"inLanguage":"it-IT"},{"@type":"Organization","@id":"https:\/\/www.ilnotiziario.net\/wp\/#organization","name":"Il Notiziario","url":"https:\/\/www.ilnotiziario.net\/wp\/","logo":{"@type":"ImageObject","inLanguage":"it-IT","@id":"https:\/\/www.ilnotiziario.net\/wp\/#\/schema\/logo\/image\/","url":"https:\/\/www.ilnotiziario.net\/wp\/wp-content\/uploads\/2022\/06\/170x170ilN.png","contentUrl":"https:\/\/www.ilnotiziario.net\/wp\/wp-content\/uploads\/2022\/06\/170x170ilN.png","width":355,"height":355,"caption":"Il Notiziario"},"image":{"@id":"https:\/\/www.ilnotiziario.net\/wp\/#\/schema\/logo\/image\/"},"sameAs":["https:\/\/www.facebook.com\/ilnotiziarioind\/","https:\/\/x.com\/ilNotiziarioInd","https:\/\/www.instagram.com\/ilnotiziario_settimanale\/"]},{"@type":"Person","@id":"https:\/\/www.ilnotiziario.net\/wp\/#\/schema\/person\/386e222908f898bb41c033989482bbf2","name":"Gabriele Bassani","image":{"@type":"ImageObject","inLanguage":"it-IT","@id":"https:\/\/secure.gravatar.com\/avatar\/09274f4a84fa97698bde56f84b3afed61c8492d48b0550db9671b68c177479cb?s=96&d=mm&r=g","url":"https:\/\/secure.gravatar.com\/avatar\/09274f4a84fa97698bde56f84b3afed61c8492d48b0550db9671b68c177479cb?s=96&d=mm&r=g","contentUrl":"https:\/\/secure.gravatar.com\/avatar\/09274f4a84fa97698bde56f84b3afed61c8492d48b0550db9671b68c177479cb?s=96&d=mm&r=g","caption":"Gabriele Bassani"},"sameAs":["http:\/\/www.ilnotiziario.net"]}]}},"_links":{"self":[{"href":"https:\/\/www.ilnotiziario.net\/wp\/wp-json\/wp\/v2\/posts\/171885","targetHints":{"allow":["GET"]}}],"collection":[{"href":"https:\/\/www.ilnotiziario.net\/wp\/wp-json\/wp\/v2\/posts"}],"about":[{"href":"https:\/\/www.ilnotiziario.net\/wp\/wp-json\/wp\/v2\/types\/post"}],"author":[{"embeddable":true,"href":"https:\/\/www.ilnotiziario.net\/wp\/wp-json\/wp\/v2\/users\/3"}],"replies":[{"embeddable":true,"href":"https:\/\/www.ilnotiziario.net\/wp\/wp-json\/wp\/v2\/comments?post=171885"}],"version-history":[{"count":0,"href":"https:\/\/www.ilnotiziario.net\/wp\/wp-json\/wp\/v2\/posts\/171885\/revisions"}],"wp:featuredmedia":[{"embeddable":true,"href":"https:\/\/www.ilnotiziario.net\/wp\/wp-json\/wp\/v2\/media\/146317"}],"wp:attachment":[{"href":"https:\/\/www.ilnotiziario.net\/wp\/wp-json\/wp\/v2\/media?parent=171885"}],"wp:term":[{"taxonomy":"category","embeddable":true,"href":"https:\/\/www.ilnotiziario.net\/wp\/wp-json\/wp\/v2\/categories?post=171885"},{"taxonomy":"post_tag","embeddable":true,"href":"https:\/\/www.ilnotiziario.net\/wp\/wp-json\/wp\/v2\/tags?post=171885"}],"curies":[{"name":"wp","href":"https:\/\/api.w.org\/{rel}","templated":true}]}}