{"id":172135,"date":"2022-10-17T12:45:52","date_gmt":"2022-10-17T10:45:52","guid":{"rendered":"https:\/\/www.ilnotiziario.net\/wp\/?p=172135"},"modified":"2022-10-17T11:33:07","modified_gmt":"2022-10-17T09:33:07","slug":"ecco-il-negozio-che-manca-a-bollate-parola-ai-residenti","status":"publish","type":"post","link":"https:\/\/www.ilnotiziario.net\/wp\/prima-pagina\/ecco-il-negozio-che-manca-a-bollate-parola-ai-residenti\/","title":{"rendered":"Ecco il negozio che manca a Bollate: parola ai residenti"},"content":{"rendered":"<p><strong>Qual \u00e8 il negozio che manca a Bollate?<\/strong> La domanda \u00e8 rimbalzata sul web e sono stati davvero tantissimi coloro che hanno voluto mettere in fila i loro desiderata. A dimostrazione, se non altro, che c&#8217;\u00e8 una cosa che proprio non viene meno<strong>: la voglia di far parte di una comunit\u00e0.<\/strong><\/p><div id=\"ilnot-482382142\" class=\"ilnot-contenuto ilnot-entity-placement\"><p><!-- incontent_1 --><\/p>\n<div class=\"gptslot\" data-adunitid=\"1\"><\/div>\n<\/div>\n<h2>Bollate: manca il negozio, non la voglia di partecipare<\/h2>\n<p>Il negozio che manca a Bollate \u00e8 inevitabilmente l<strong>a risposta alle esigenze e alle speranze dei singoli.<\/strong> E raccoglie subito due considerazioni: a giudicare dai tanti contributi espressi dai bollatesi, ci sono sicuramente delle lacune da colmare. Ma, al tempo stesso, quel che si evince \u00e8 anche la voglia dei residenti della citt\u00e0 di prendere parte alla vita cittadina, portando <strong>contributi e proposte che sono (quasi sempre) costruttivi.&nbsp;<\/strong><\/p>\n<h2>Palestra, caff\u00e8 letterario, prodotti per celiaci e case chiuse<\/h2>\n<p>Si passa cos\u00ec dalla <strong>palestra di arti marziali alla sala giochi, dal negozio di pasta fresca a un locale dedicato all&#8217;hobbistica<\/strong>. In tempi di crisi generalizzata, c&#8217;\u00e8 chi vorrebbe vedere a Bollate un negozio di abbigliamento con prezzi a buon mercato, chi invece rivendica la necessit\u00e0 di scarpe moderne o accessori di qualit\u00e0. <strong>I gusti sono tanti, i desideri ancora di pi\u00f9: cos\u00ec, per chi domanda una sala per balli di gruppo, c&#8217;\u00e8 chi pensa a un locale con musica dal vivo per giovani talenti,<\/strong> chi invece incrocia le dita per un panificio dedicato a chi ha intolleranze o convive con la celiachia. Panem et circenses, insomma, con chi butta l&#8217;idea di un McDonald&#8217;s e chi raccoglie proseliti scherzando sulla necessit\u00e0 di una casa chiusa. C&#8217;\u00e8 n&#8217;\u00e8 per tutti i gusti: libreria, nuova birreria, palestra, Arci, caff\u00e8 letterario, negozi di intimo o abbigliamento per bambini.<\/p><div id=\"ilnot-3119266947\" class=\"ilnot-contenuto_2 ilnot-entity-placement\"><div class=\"ads-wrapper\">\n<div class=\"ad-slot\">\n   <div id=\"ilnot-1959361005\" style=\"margin-right: auto;margin-left: auto;text-align: center;width: 320px;height: 100px;\"><a href=\"https:\/\/www.scuolasicurezza.it\/\"><img decoding=\"async\" src=\"https:\/\/www.ilnotiziario.net\/wp\/wp-content\/uploads\/2026\/04\/IlNotiziario_banner-sito-e-newsletter-320-x-100-px-1.gif\" alt=\"\"><\/a><\/div>\n  <\/div>\n<div class=\"ad-slot\">\n   <div id=\"ilnot-866607049\" style=\"margin-right: auto;margin-left: auto;text-align: center;width: 320px;height: 100px;\"><a href=\"https:\/\/purodesignarredamenti.com\/\"><img decoding=\"async\" src=\"https:\/\/www.ilnotiziario.net\/wp\/wp-content\/uploads\/2026\/04\/banner-puro-ok.gif\" alt=\"whatsapp\"><\/a><\/div><\/p><\/div>\n<\/div>\n<\/div>\n<h2>Ma il negozio che manca forse era gi\u00e0 stato chiuso<\/h2>\n<p>A Bollate, insomma, qualcosa di pi\u00f9 si pu\u00f2 anche fare. Qualcuno lamenta che &#8220;<em>ci sono solo banche e agenzie immobiliari<\/em>&#8220;, ma d&#8217;altro canto qualcuno spiega che &#8220;<em>qualcuno dei negozi che il bollatese medio vorrebbe, c&#8217;era. Solo che <strong>ha dovuto chiudere per mancanza di clienti<\/strong><\/em><strong>&#8220;<\/strong>. In fondo, insomma, poco conta. Perch\u00e9 la cittadinanza bollatese il suo risultato l&#8217;ha gi\u00e0 raggiunto, schivando l&#8217;insidia di un&#8217;apatica indifferenza alle sorti della propria citt\u00e0.<\/p>\n<p><strong>Redazione web<\/strong><\/p>\n<p><strong><em>Leggi ilnotiziario anche da pc, smartphone e tablet.&nbsp;<\/em><a href=\"http:\/\/edicola.ilnotiziario.net\/\">Clicca qui per la nostra edicola digitale<\/a><\/strong><\/p><div id=\"ilnot-443599276\" class=\"ilnot-contenuto_2-2 ilnot-entity-placement\"><div class=\"gptslot\" data-adunitid=\"2\"><\/div>\n<\/div>\n","protected":false},"excerpt":{"rendered":"<p>Qual \u00e8 il negozio che manca a Bollate? La domanda \u00e8 rimbalzata sul web e sono stati davvero tantissimi coloro che hanno voluto mettere in fila i loro desiderata. A dimostrazione, se non altro, che c&#8217;\u00e8 una cosa che proprio non viene meno: la voglia di far parte di una comunit\u00e0. Bollate: manca il negozio,<\/p>\n","protected":false},"author":3,"featured_media":165476,"comment_status":"closed","ping_status":"closed","sticky":false,"template":"","format":"standard","meta":{"footnotes":""},"categories":[8,20],"tags":[110,4360,2188],"class_list":{"0":"post-172135","1":"post","2":"type-post","3":"status-publish","4":"format-standard","5":"has-post-thumbnail","7":"category-bollatese","8":"category-prima-pagina","9":"tag-bollate","10":"tag-commercio","11":"tag-negozi"},"yoast_head":"<!-- This site is optimized with the Yoast SEO plugin v27.4 - https:\/\/yoast.com\/product\/yoast-seo-wordpress\/ -->\n<title>Il negozio che manca a Bollate: cosa dico i residenti - Il Notiziario<\/title>\n<meta name=\"description\" content=\"Cosa manca a Bollate? I residenti e il negozio che vorrebbero: si va dalla parafarmacia al caff\u00e8 letterario. Con provocazioni e sorprese\" \/>\n<meta name=\"robots\" content=\"index, follow, max-snippet:-1, max-image-preview:large, max-video-preview:-1\" \/>\n<link rel=\"canonical\" href=\"https:\/\/www.ilnotiziario.net\/wp\/prima-pagina\/ecco-il-negozio-che-manca-a-bollate-parola-ai-residenti\/\" \/>\n<meta property=\"og:locale\" content=\"it_IT\" \/>\n<meta property=\"og:type\" content=\"article\" \/>\n<meta property=\"og:title\" content=\"Il negozio che manca a Bollate: cosa dico i residenti - Il Notiziario\" \/>\n<meta property=\"og:description\" content=\"Cosa manca a Bollate? I residenti e il negozio che vorrebbero: si va dalla parafarmacia al caff\u00e8 letterario. Con provocazioni e sorprese\" \/>\n<meta property=\"og:url\" content=\"https:\/\/www.ilnotiziario.net\/wp\/prima-pagina\/ecco-il-negozio-che-manca-a-bollate-parola-ai-residenti\/\" \/>\n<meta property=\"og:site_name\" content=\"Il Notiziario\" \/>\n<meta property=\"article:publisher\" content=\"https:\/\/www.facebook.com\/ilnotiziarioind\/\" \/>\n<meta property=\"article:published_time\" content=\"2022-10-17T10:45:52+00:00\" \/>\n<meta property=\"og:image\" content=\"https:\/\/www.ilnotiziario.net\/wp\/wp-content\/uploads\/2022\/04\/code-bollate.jpg\" \/>\n\t<meta property=\"og:image:width\" content=\"1115\" \/>\n\t<meta property=\"og:image:height\" content=\"847\" \/>\n\t<meta property=\"og:image:type\" content=\"image\/jpeg\" \/>\n<meta name=\"author\" content=\"Gabriele Bassani\" \/>\n<meta name=\"twitter:card\" content=\"summary_large_image\" \/>\n<meta name=\"twitter:creator\" content=\"@ilNotiziarioInd\" \/>\n<meta name=\"twitter:site\" content=\"@ilNotiziarioInd\" \/>\n<meta name=\"twitter:label1\" content=\"Scritto da\" \/>\n\t<meta name=\"twitter:data1\" content=\"Gabriele Bassani\" \/>\n\t<meta name=\"twitter:label2\" content=\"Tempo di lettura stimato\" \/>\n\t<meta name=\"twitter:data2\" content=\"3 minuti\" \/>\n<script type=\"application\/ld+json\" class=\"yoast-schema-graph\">{\"@context\":\"https:\\\/\\\/schema.org\",\"@graph\":[{\"@type\":\"Article\",\"@id\":\"https:\\\/\\\/www.ilnotiziario.net\\\/wp\\\/prima-pagina\\\/ecco-il-negozio-che-manca-a-bollate-parola-ai-residenti\\\/#article\",\"isPartOf\":{\"@id\":\"https:\\\/\\\/www.ilnotiziario.net\\\/wp\\\/prima-pagina\\\/ecco-il-negozio-che-manca-a-bollate-parola-ai-residenti\\\/\"},\"author\":{\"name\":\"Gabriele Bassani\",\"@id\":\"https:\\\/\\\/www.ilnotiziario.net\\\/wp\\\/#\\\/schema\\\/person\\\/386e222908f898bb41c033989482bbf2\"},\"headline\":\"Ecco il negozio che manca a Bollate: parola ai residenti\",\"datePublished\":\"2022-10-17T10:45:52+00:00\",\"mainEntityOfPage\":{\"@id\":\"https:\\\/\\\/www.ilnotiziario.net\\\/wp\\\/prima-pagina\\\/ecco-il-negozio-che-manca-a-bollate-parola-ai-residenti\\\/\"},\"wordCount\":394,\"publisher\":{\"@id\":\"https:\\\/\\\/www.ilnotiziario.net\\\/wp\\\/#organization\"},\"image\":{\"@id\":\"https:\\\/\\\/www.ilnotiziario.net\\\/wp\\\/prima-pagina\\\/ecco-il-negozio-che-manca-a-bollate-parola-ai-residenti\\\/#primaryimage\"},\"thumbnailUrl\":\"https:\\\/\\\/www.ilnotiziario.net\\\/wp\\\/wp-content\\\/uploads\\\/2022\\\/04\\\/code-bollate.jpg\",\"keywords\":[\"Bollate\",\"commercio\",\"negozi\"],\"articleSection\":[\"BOLLATESE\",\"Prima Pagina\"],\"inLanguage\":\"it-IT\"},{\"@type\":\"WebPage\",\"@id\":\"https:\\\/\\\/www.ilnotiziario.net\\\/wp\\\/prima-pagina\\\/ecco-il-negozio-che-manca-a-bollate-parola-ai-residenti\\\/\",\"url\":\"https:\\\/\\\/www.ilnotiziario.net\\\/wp\\\/prima-pagina\\\/ecco-il-negozio-che-manca-a-bollate-parola-ai-residenti\\\/\",\"name\":\"Il negozio che manca a Bollate: cosa dico i residenti - Il Notiziario\",\"isPartOf\":{\"@id\":\"https:\\\/\\\/www.ilnotiziario.net\\\/wp\\\/#website\"},\"primaryImageOfPage\":{\"@id\":\"https:\\\/\\\/www.ilnotiziario.net\\\/wp\\\/prima-pagina\\\/ecco-il-negozio-che-manca-a-bollate-parola-ai-residenti\\\/#primaryimage\"},\"image\":{\"@id\":\"https:\\\/\\\/www.ilnotiziario.net\\\/wp\\\/prima-pagina\\\/ecco-il-negozio-che-manca-a-bollate-parola-ai-residenti\\\/#primaryimage\"},\"thumbnailUrl\":\"https:\\\/\\\/www.ilnotiziario.net\\\/wp\\\/wp-content\\\/uploads\\\/2022\\\/04\\\/code-bollate.jpg\",\"datePublished\":\"2022-10-17T10:45:52+00:00\",\"description\":\"Cosa manca a Bollate? I residenti e il negozio che vorrebbero: si va dalla parafarmacia al caff\u00e8 letterario. Con provocazioni e sorprese\",\"breadcrumb\":{\"@id\":\"https:\\\/\\\/www.ilnotiziario.net\\\/wp\\\/prima-pagina\\\/ecco-il-negozio-che-manca-a-bollate-parola-ai-residenti\\\/#breadcrumb\"},\"inLanguage\":\"it-IT\",\"potentialAction\":[{\"@type\":\"ReadAction\",\"target\":[\"https:\\\/\\\/www.ilnotiziario.net\\\/wp\\\/prima-pagina\\\/ecco-il-negozio-che-manca-a-bollate-parola-ai-residenti\\\/\"]}]},{\"@type\":\"ImageObject\",\"inLanguage\":\"it-IT\",\"@id\":\"https:\\\/\\\/www.ilnotiziario.net\\\/wp\\\/prima-pagina\\\/ecco-il-negozio-che-manca-a-bollate-parola-ai-residenti\\\/#primaryimage\",\"url\":\"https:\\\/\\\/www.ilnotiziario.net\\\/wp\\\/wp-content\\\/uploads\\\/2022\\\/04\\\/code-bollate.jpg\",\"contentUrl\":\"https:\\\/\\\/www.ilnotiziario.net\\\/wp\\\/wp-content\\\/uploads\\\/2022\\\/04\\\/code-bollate.jpg\",\"width\":1115,\"height\":847,\"caption\":\"Bollate, il negozio che manca\"},{\"@type\":\"BreadcrumbList\",\"@id\":\"https:\\\/\\\/www.ilnotiziario.net\\\/wp\\\/prima-pagina\\\/ecco-il-negozio-che-manca-a-bollate-parola-ai-residenti\\\/#breadcrumb\",\"itemListElement\":[{\"@type\":\"ListItem\",\"position\":1,\"name\":\"tds_text_logo_tagline_colortds_text_logo_tagline_colortds_text_logo_tagline_colortds_text_logo_tagline_colortd_module_7_title_excerpttd_module_7_title_excerpttd_module_7_title_excerpttd_module_7_title_excerptHome\",\"item\":\"https:\\\/\\\/www.ilnotiziario.net\\\/wp\\\/\"},{\"@type\":\"ListItem\",\"position\":2,\"name\":\"Ecco il negozio che manca a Bollate: parola ai residenti\"}]},{\"@type\":\"WebSite\",\"@id\":\"https:\\\/\\\/www.ilnotiziario.net\\\/wp\\\/#website\",\"url\":\"https:\\\/\\\/www.ilnotiziario.net\\\/wp\\\/\",\"name\":\"Il Notiziario\",\"description\":\"Per restare sempre connessi alla notizia\",\"publisher\":{\"@id\":\"https:\\\/\\\/www.ilnotiziario.net\\\/wp\\\/#organization\"},\"alternateName\":\"Il Notiziario Bollate\",\"potentialAction\":[{\"@type\":\"SearchAction\",\"target\":{\"@type\":\"EntryPoint\",\"urlTemplate\":\"https:\\\/\\\/www.ilnotiziario.net\\\/wp\\\/?s={search_term_string}\"},\"query-input\":{\"@type\":\"PropertyValueSpecification\",\"valueRequired\":true,\"valueName\":\"search_term_string\"}}],\"inLanguage\":\"it-IT\"},{\"@type\":\"Organization\",\"@id\":\"https:\\\/\\\/www.ilnotiziario.net\\\/wp\\\/#organization\",\"name\":\"Il Notiziario\",\"url\":\"https:\\\/\\\/www.ilnotiziario.net\\\/wp\\\/\",\"logo\":{\"@type\":\"ImageObject\",\"inLanguage\":\"it-IT\",\"@id\":\"https:\\\/\\\/www.ilnotiziario.net\\\/wp\\\/#\\\/schema\\\/logo\\\/image\\\/\",\"url\":\"https:\\\/\\\/www.ilnotiziario.net\\\/wp\\\/wp-content\\\/uploads\\\/2022\\\/06\\\/170x170ilN.png\",\"contentUrl\":\"https:\\\/\\\/www.ilnotiziario.net\\\/wp\\\/wp-content\\\/uploads\\\/2022\\\/06\\\/170x170ilN.png\",\"width\":355,\"height\":355,\"caption\":\"Il Notiziario\"},\"image\":{\"@id\":\"https:\\\/\\\/www.ilnotiziario.net\\\/wp\\\/#\\\/schema\\\/logo\\\/image\\\/\"},\"sameAs\":[\"https:\\\/\\\/www.facebook.com\\\/ilnotiziarioind\\\/\",\"https:\\\/\\\/x.com\\\/ilNotiziarioInd\",\"https:\\\/\\\/www.instagram.com\\\/ilnotiziario_settimanale\\\/\"]},{\"@type\":\"Person\",\"@id\":\"https:\\\/\\\/www.ilnotiziario.net\\\/wp\\\/#\\\/schema\\\/person\\\/386e222908f898bb41c033989482bbf2\",\"name\":\"Gabriele Bassani\",\"image\":{\"@type\":\"ImageObject\",\"inLanguage\":\"it-IT\",\"@id\":\"https:\\\/\\\/secure.gravatar.com\\\/avatar\\\/09274f4a84fa97698bde56f84b3afed61c8492d48b0550db9671b68c177479cb?s=96&d=mm&r=g\",\"url\":\"https:\\\/\\\/secure.gravatar.com\\\/avatar\\\/09274f4a84fa97698bde56f84b3afed61c8492d48b0550db9671b68c177479cb?s=96&d=mm&r=g\",\"contentUrl\":\"https:\\\/\\\/secure.gravatar.com\\\/avatar\\\/09274f4a84fa97698bde56f84b3afed61c8492d48b0550db9671b68c177479cb?s=96&d=mm&r=g\",\"caption\":\"Gabriele Bassani\"},\"sameAs\":[\"http:\\\/\\\/www.ilnotiziario.net\"]}]}<\/script>\n<!-- \/ Yoast SEO plugin. -->","yoast_head_json":{"title":"Il negozio che manca a Bollate: cosa dico i residenti - Il Notiziario","description":"Cosa manca a Bollate? I residenti e il negozio che vorrebbero: si va dalla parafarmacia al caff\u00e8 letterario. Con provocazioni e sorprese","robots":{"index":"index","follow":"follow","max-snippet":"max-snippet:-1","max-image-preview":"max-image-preview:large","max-video-preview":"max-video-preview:-1"},"canonical":"https:\/\/www.ilnotiziario.net\/wp\/prima-pagina\/ecco-il-negozio-che-manca-a-bollate-parola-ai-residenti\/","og_locale":"it_IT","og_type":"article","og_title":"Il negozio che manca a Bollate: cosa dico i residenti - Il Notiziario","og_description":"Cosa manca a Bollate? I residenti e il negozio che vorrebbero: si va dalla parafarmacia al caff\u00e8 letterario. Con provocazioni e sorprese","og_url":"https:\/\/www.ilnotiziario.net\/wp\/prima-pagina\/ecco-il-negozio-che-manca-a-bollate-parola-ai-residenti\/","og_site_name":"Il Notiziario","article_publisher":"https:\/\/www.facebook.com\/ilnotiziarioind\/","article_published_time":"2022-10-17T10:45:52+00:00","og_image":[{"width":1115,"height":847,"url":"https:\/\/www.ilnotiziario.net\/wp\/wp-content\/uploads\/2022\/04\/code-bollate.jpg","type":"image\/jpeg"}],"author":"Gabriele Bassani","twitter_card":"summary_large_image","twitter_creator":"@ilNotiziarioInd","twitter_site":"@ilNotiziarioInd","twitter_misc":{"Scritto da":"Gabriele Bassani","Tempo di lettura stimato":"3 minuti"},"schema":{"@context":"https:\/\/schema.org","@graph":[{"@type":"Article","@id":"https:\/\/www.ilnotiziario.net\/wp\/prima-pagina\/ecco-il-negozio-che-manca-a-bollate-parola-ai-residenti\/#article","isPartOf":{"@id":"https:\/\/www.ilnotiziario.net\/wp\/prima-pagina\/ecco-il-negozio-che-manca-a-bollate-parola-ai-residenti\/"},"author":{"name":"Gabriele Bassani","@id":"https:\/\/www.ilnotiziario.net\/wp\/#\/schema\/person\/386e222908f898bb41c033989482bbf2"},"headline":"Ecco il negozio che manca a Bollate: parola ai residenti","datePublished":"2022-10-17T10:45:52+00:00","mainEntityOfPage":{"@id":"https:\/\/www.ilnotiziario.net\/wp\/prima-pagina\/ecco-il-negozio-che-manca-a-bollate-parola-ai-residenti\/"},"wordCount":394,"publisher":{"@id":"https:\/\/www.ilnotiziario.net\/wp\/#organization"},"image":{"@id":"https:\/\/www.ilnotiziario.net\/wp\/prima-pagina\/ecco-il-negozio-che-manca-a-bollate-parola-ai-residenti\/#primaryimage"},"thumbnailUrl":"https:\/\/www.ilnotiziario.net\/wp\/wp-content\/uploads\/2022\/04\/code-bollate.jpg","keywords":["Bollate","commercio","negozi"],"articleSection":["BOLLATESE","Prima Pagina"],"inLanguage":"it-IT"},{"@type":"WebPage","@id":"https:\/\/www.ilnotiziario.net\/wp\/prima-pagina\/ecco-il-negozio-che-manca-a-bollate-parola-ai-residenti\/","url":"https:\/\/www.ilnotiziario.net\/wp\/prima-pagina\/ecco-il-negozio-che-manca-a-bollate-parola-ai-residenti\/","name":"Il negozio che manca a Bollate: cosa dico i residenti - Il Notiziario","isPartOf":{"@id":"https:\/\/www.ilnotiziario.net\/wp\/#website"},"primaryImageOfPage":{"@id":"https:\/\/www.ilnotiziario.net\/wp\/prima-pagina\/ecco-il-negozio-che-manca-a-bollate-parola-ai-residenti\/#primaryimage"},"image":{"@id":"https:\/\/www.ilnotiziario.net\/wp\/prima-pagina\/ecco-il-negozio-che-manca-a-bollate-parola-ai-residenti\/#primaryimage"},"thumbnailUrl":"https:\/\/www.ilnotiziario.net\/wp\/wp-content\/uploads\/2022\/04\/code-bollate.jpg","datePublished":"2022-10-17T10:45:52+00:00","description":"Cosa manca a Bollate? I residenti e il negozio che vorrebbero: si va dalla parafarmacia al caff\u00e8 letterario. Con provocazioni e sorprese","breadcrumb":{"@id":"https:\/\/www.ilnotiziario.net\/wp\/prima-pagina\/ecco-il-negozio-che-manca-a-bollate-parola-ai-residenti\/#breadcrumb"},"inLanguage":"it-IT","potentialAction":[{"@type":"ReadAction","target":["https:\/\/www.ilnotiziario.net\/wp\/prima-pagina\/ecco-il-negozio-che-manca-a-bollate-parola-ai-residenti\/"]}]},{"@type":"ImageObject","inLanguage":"it-IT","@id":"https:\/\/www.ilnotiziario.net\/wp\/prima-pagina\/ecco-il-negozio-che-manca-a-bollate-parola-ai-residenti\/#primaryimage","url":"https:\/\/www.ilnotiziario.net\/wp\/wp-content\/uploads\/2022\/04\/code-bollate.jpg","contentUrl":"https:\/\/www.ilnotiziario.net\/wp\/wp-content\/uploads\/2022\/04\/code-bollate.jpg","width":1115,"height":847,"caption":"Bollate, il negozio che manca"},{"@type":"BreadcrumbList","@id":"https:\/\/www.ilnotiziario.net\/wp\/prima-pagina\/ecco-il-negozio-che-manca-a-bollate-parola-ai-residenti\/#breadcrumb","itemListElement":[{"@type":"ListItem","position":1,"name":"tds_text_logo_tagline_colortds_text_logo_tagline_colortds_text_logo_tagline_colortds_text_logo_tagline_colortd_module_7_title_excerpttd_module_7_title_excerpttd_module_7_title_excerpttd_module_7_title_excerptHome","item":"https:\/\/www.ilnotiziario.net\/wp\/"},{"@type":"ListItem","position":2,"name":"Ecco il negozio che manca a Bollate: parola ai residenti"}]},{"@type":"WebSite","@id":"https:\/\/www.ilnotiziario.net\/wp\/#website","url":"https:\/\/www.ilnotiziario.net\/wp\/","name":"Il Notiziario","description":"Per restare sempre connessi alla notizia","publisher":{"@id":"https:\/\/www.ilnotiziario.net\/wp\/#organization"},"alternateName":"Il Notiziario Bollate","potentialAction":[{"@type":"SearchAction","target":{"@type":"EntryPoint","urlTemplate":"https:\/\/www.ilnotiziario.net\/wp\/?s={search_term_string}"},"query-input":{"@type":"PropertyValueSpecification","valueRequired":true,"valueName":"search_term_string"}}],"inLanguage":"it-IT"},{"@type":"Organization","@id":"https:\/\/www.ilnotiziario.net\/wp\/#organization","name":"Il Notiziario","url":"https:\/\/www.ilnotiziario.net\/wp\/","logo":{"@type":"ImageObject","inLanguage":"it-IT","@id":"https:\/\/www.ilnotiziario.net\/wp\/#\/schema\/logo\/image\/","url":"https:\/\/www.ilnotiziario.net\/wp\/wp-content\/uploads\/2022\/06\/170x170ilN.png","contentUrl":"https:\/\/www.ilnotiziario.net\/wp\/wp-content\/uploads\/2022\/06\/170x170ilN.png","width":355,"height":355,"caption":"Il Notiziario"},"image":{"@id":"https:\/\/www.ilnotiziario.net\/wp\/#\/schema\/logo\/image\/"},"sameAs":["https:\/\/www.facebook.com\/ilnotiziarioind\/","https:\/\/x.com\/ilNotiziarioInd","https:\/\/www.instagram.com\/ilnotiziario_settimanale\/"]},{"@type":"Person","@id":"https:\/\/www.ilnotiziario.net\/wp\/#\/schema\/person\/386e222908f898bb41c033989482bbf2","name":"Gabriele Bassani","image":{"@type":"ImageObject","inLanguage":"it-IT","@id":"https:\/\/secure.gravatar.com\/avatar\/09274f4a84fa97698bde56f84b3afed61c8492d48b0550db9671b68c177479cb?s=96&d=mm&r=g","url":"https:\/\/secure.gravatar.com\/avatar\/09274f4a84fa97698bde56f84b3afed61c8492d48b0550db9671b68c177479cb?s=96&d=mm&r=g","contentUrl":"https:\/\/secure.gravatar.com\/avatar\/09274f4a84fa97698bde56f84b3afed61c8492d48b0550db9671b68c177479cb?s=96&d=mm&r=g","caption":"Gabriele Bassani"},"sameAs":["http:\/\/www.ilnotiziario.net"]}]}},"_links":{"self":[{"href":"https:\/\/www.ilnotiziario.net\/wp\/wp-json\/wp\/v2\/posts\/172135","targetHints":{"allow":["GET"]}}],"collection":[{"href":"https:\/\/www.ilnotiziario.net\/wp\/wp-json\/wp\/v2\/posts"}],"about":[{"href":"https:\/\/www.ilnotiziario.net\/wp\/wp-json\/wp\/v2\/types\/post"}],"author":[{"embeddable":true,"href":"https:\/\/www.ilnotiziario.net\/wp\/wp-json\/wp\/v2\/users\/3"}],"replies":[{"embeddable":true,"href":"https:\/\/www.ilnotiziario.net\/wp\/wp-json\/wp\/v2\/comments?post=172135"}],"version-history":[{"count":0,"href":"https:\/\/www.ilnotiziario.net\/wp\/wp-json\/wp\/v2\/posts\/172135\/revisions"}],"wp:featuredmedia":[{"embeddable":true,"href":"https:\/\/www.ilnotiziario.net\/wp\/wp-json\/wp\/v2\/media\/165476"}],"wp:attachment":[{"href":"https:\/\/www.ilnotiziario.net\/wp\/wp-json\/wp\/v2\/media?parent=172135"}],"wp:term":[{"taxonomy":"category","embeddable":true,"href":"https:\/\/www.ilnotiziario.net\/wp\/wp-json\/wp\/v2\/categories?post=172135"},{"taxonomy":"post_tag","embeddable":true,"href":"https:\/\/www.ilnotiziario.net\/wp\/wp-json\/wp\/v2\/tags?post=172135"}],"curies":[{"name":"wp","href":"https:\/\/api.w.org\/{rel}","templated":true}]}}