{"id":172567,"date":"2022-10-25T09:45:05","date_gmt":"2022-10-25T07:45:05","guid":{"rendered":"https:\/\/www.ilnotiziario.net\/wp\/?p=172567"},"modified":"2022-10-25T09:45:05","modified_gmt":"2022-10-25T07:45:05","slug":"toys-center-e-bimbostore-con-i-bambini-delle-fate-e-pizzaut","status":"publish","type":"post","link":"https:\/\/www.ilnotiziario.net\/wp\/buonoasapersi\/toys-center-e-bimbostore-con-i-bambini-delle-fate-e-pizzaut\/","title":{"rendered":"Toys center e Bimbostore con i Bambini delle fate e Pizzaut"},"content":{"rendered":"<p>Toys center e Bimbostore promuovono una raccolta fondi per Bambini delle fate e Pizzaut&nbsp; nei loro punti vendita. Una iniziativa a sostegno delle due associazioni che si occupano di <strong>inclusione per ragazzi affetti da autismo.&nbsp;<\/strong><\/p><div id=\"ilnot-45534625\" class=\"ilnot-contenuto ilnot-entity-placement\"><p><!-- incontent_1 --><\/p>\n<div class=\"gptslot\" data-adunitid=\"1\"><\/div>\n<\/div>\n<p>Essere al fianco delle famiglie e dei bambini, questa \u00e8 la missione di Toys Center e Bimbostore, insegne di PRG Retail Group. Un impegno che va oltre l\u2019offerta di prodotti e i servizi in store e che si concretizza nel supporto a un\u2019impresa sociale, come<a href=\"https:\/\/www.ibambinidellefate.it\/\"><strong> i Bambini delle Fate,<\/strong><\/a> che dal 2005 assicura sostegno economico a progetti e percorsi di inclusione gestiti da partner locali&nbsp;a beneficio di famiglie con autismo e altre disabilit\u00e0.<\/p>\n<p>Tra le iniziative che ormai da anni vedono lavorare fianco a fianco le due insegne leader negli articoli per l\u2019infanzia e il gioco, e l\u2019impresa di Franco Antonello<strong> c\u2019\u00e8 la Banca del Tempo Sociale<\/strong>, un\u2019iniziativa che entra nelle scuole superiori per offrire ai ragazzi autistici occasioni di inclusione&nbsp;e agli studenti la possibilit\u00e0 di avvicinarsi, vivere e comprende il mondo del sociale in una struttura organizzata e supportati da un tutor. Una banca che mette sul tavolo ore di condivisione, ne consegue che il guadagno \u00e8 la crescita reciproca.<\/p><div id=\"ilnot-3603102673\" class=\"ilnot-contenuto_2 ilnot-entity-placement\"><div class=\"ads-wrapper\">\n<div class=\"ad-slot\">\n   <div id=\"ilnot-3551168925\" style=\"margin-right: auto;margin-left: auto;text-align: center;width: 320px;height: 100px;\"><a href=\"https:\/\/www.scuolasicurezza.it\/\"><img decoding=\"async\" src=\"https:\/\/www.ilnotiziario.net\/wp\/wp-content\/uploads\/2026\/04\/IlNotiziario_banner-sito-e-newsletter-320-x-100-px-1.gif\" alt=\"\"><\/a><\/div>\n  <\/div>\n<div class=\"ad-slot\">\n   <div id=\"ilnot-3078187004\" style=\"margin-right: auto;margin-left: auto;text-align: center;width: 320px;height: 100px;\"><a href=\"https:\/\/purodesignarredamenti.com\/\"><img decoding=\"async\" src=\"https:\/\/www.ilnotiziario.net\/wp\/wp-content\/uploads\/2026\/04\/banner-puro-ok.gif\" alt=\"whatsapp\"><\/a><\/div><\/p><\/div>\n<\/div>\n<\/div>\n<p>Per loro, e nello specifico per la Banca del Tempo Sociale di Lodi e Roma,<strong> torna la raccolta fondi organizzata nei negozi Toys Center e Bimbostore di tutta Italia.<\/strong> Fino all\u2019Epifania sar\u00e0 infatti possibile lasciare il proprio contributo alle casse dei punti vendita per migliorare la quotidianit\u00e0 di tante famiglie.<\/p>\n<h2>Raccolta fondi per i Bambini delle fate e Pizzaut a favore di ragazzi con autismo&nbsp;<\/h2>\n<p>Ma non solo, il ricavato sar\u00e0 disponibile anche per<strong><a href=\"https:\/\/www.pizzaut.it\/\"> PizzAut e la sua Aut Academy<\/a>,<\/strong> la scuola di formazione professionale per&nbsp;cuochi, pizzaioli e camerieri con disturbi dello spettro autistico che offre anche la possibilit\u00e0 di un tirocinio retribuito in alcune aziende. Un\u2019opportunit\u00e0 preziosa che Toys Center e Bimbostore hanno deciso di cogliere con una formazione specifica in store. Cos\u00ec il percorso di una candidata dei mesi scorsi si \u00e8 trasformato in assunzione in uno dei negozi del Gruppo. Una possibilit\u00e0 preziosa oggi disponibile per altri ragazzi che vivono le stesse problematiche.<\/p>\n<p><em>\u201cQuella con i Bambini delle Fate \u00e8 un\u2019unione che ci riempie di entusiasmo. \u00c8 il simbolo tangibile del nostro impegno verso le famiglie, il sostegno concreto per quelle che vivono una quotidianit\u00e0 spesso molto complicata. Negli anni abbiamo avuto modo di conoscere da vicino l\u2019autismo e i miglioramenti che si possono raggiungere con il giusto supporto. Per questo siamo felici di portare questo messaggio all\u2019attenzione dei nostri clienti e alla loro sensibilit\u00e0 che ogni anno si conferma e amplifica. E in questo percorso cerchiamo di contribuire anche noi, integrando nei nostri staff di negozio, dopo la prima assunzione realizzata in questi giorni, altri ragazzi con autismo, per un\u2019inclusione sociale completa che passa naturalmente anche dal lavoro\u201d<\/em><strong> dichiara Cristiano Flamigni, Toys Center, FAO Schwarz e Bimbostore Business Unit Directo<\/strong>r.<\/p><div id=\"ilnot-404568382\" class=\"ilnot-contenuto_2-2 ilnot-entity-placement\"><div class=\"gptslot\" data-adunitid=\"2\"><\/div>\n<\/div>\n<p>\u201c<em>La nostra impresa \u00e8 quella di tutte le realt\u00e0 che con empatia e gran cuore ci supportano in questa grande sfida contro l\u2019isolamento. In Toys Center e Bimbostore abbiamo trovato i partner ideali, due realt\u00e0 improntate alle famiglie, alla loro comprensione e benessere. Insieme abbiamo fatto molta strada e ci auguriamo di poter continuare in questa direzione per un futuro con sempre meno barriere e maggiore consapevolezza\u201d,<\/em> <strong>continua Franco Antonello, fondatore de I Bambini delle Fate.<\/strong><\/p>\n<p><em>\u201cLa grandiosa cifra raccolta lo scorso anno grazie alla generosit\u00e0 dei clienti di Toys Center e Bimbostore ci ha supportato in quella che sar\u00e0 la seconda apertura di PizzAut, un ristorante speciale in cui i ragazzi con autismo trovano una dimensione di autonomia e condivisione. Il sogno \u00e8 che questo possa ampliarsi e dare un\u2019opportunit\u00e0 a tutte le famiglie in Italia, una possibilit\u00e0 che il contributo di tutti pu\u00f2 rendere reale<\/em>\u201d, conclude <strong>Nico Acampora, fondatore di PizzAut e dell\u2019Aut Academy.<\/strong><\/p>\n<p>Hai gi\u00e0 letto la nuova edizione del notiziario settimanale? Provala su Pc, smartphone o tablet, direttamente dalla <a href=\"http:\/\/edicola.ilnotiziario.net\"><strong>nostra edicola digitale<\/strong><\/a><\/p><div id=\"ilnot-1693177034\" class=\"ilnot-contenuto_2-2-2 ilnot-entity-placement\"><div class=\"gptslot\" data-adunitid=\"3\"><\/div>\n<\/div>\n","protected":false},"excerpt":{"rendered":"<p>Toys center e Bimbostore promuovono una raccolta fondi per Bambini delle fate e Pizzaut&nbsp; nei loro punti vendita. Una iniziativa a sostegno delle due associazioni che si occupano di inclusione per ragazzi affetti da autismo.&nbsp; Essere al fianco delle famiglie e dei bambini, questa \u00e8 la missione di Toys Center e Bimbostore, insegne di PRG<\/p>\n","protected":false},"author":3,"featured_media":172569,"comment_status":"closed","ping_status":"closed","sticky":false,"template":"","format":"standard","meta":{"footnotes":""},"categories":[4193],"tags":[2261,10886,10887],"class_list":{"0":"post-172567","1":"post","2":"type-post","3":"status-publish","4":"format-standard","5":"has-post-thumbnail","7":"category-buonoasapersi","8":"tag-autismo","9":"tag-bambini-delle-fate","10":"tag-pizzaut"},"yoast_head":"<!-- This site is optimized with the Yoast SEO plugin v27.4 - https:\/\/yoast.com\/product\/yoast-seo-wordpress\/ -->\n<title>Toys center e Bimbostore con i Bambini delle fate e Pizzaut - Il Notiziario<\/title>\n<meta name=\"description\" content=\"Toys center e Bimbostore promuovono una raccolta fondi a sostegno di Bambini delle fate e Pizzaut per i ragazzi affetti da autismo\" \/>\n<meta name=\"robots\" content=\"index, follow, max-snippet:-1, max-image-preview:large, max-video-preview:-1\" \/>\n<link rel=\"canonical\" href=\"https:\/\/www.ilnotiziario.net\/wp\/buonoasapersi\/toys-center-e-bimbostore-con-i-bambini-delle-fate-e-pizzaut\/\" \/>\n<meta property=\"og:locale\" content=\"it_IT\" \/>\n<meta property=\"og:type\" content=\"article\" \/>\n<meta property=\"og:title\" content=\"Toys center e Bimbostore con i Bambini delle fate e Pizzaut - Il Notiziario\" \/>\n<meta property=\"og:description\" content=\"Toys center e Bimbostore promuovono una raccolta fondi a sostegno di Bambini delle fate e Pizzaut per i ragazzi affetti da autismo\" \/>\n<meta property=\"og:url\" content=\"https:\/\/www.ilnotiziario.net\/wp\/buonoasapersi\/toys-center-e-bimbostore-con-i-bambini-delle-fate-e-pizzaut\/\" \/>\n<meta property=\"og:site_name\" content=\"Il Notiziario\" \/>\n<meta property=\"article:publisher\" content=\"https:\/\/www.facebook.com\/ilnotiziarioind\/\" \/>\n<meta property=\"article:published_time\" content=\"2022-10-25T07:45:05+00:00\" \/>\n<meta property=\"og:image\" content=\"https:\/\/www.ilnotiziario.net\/wp\/wp-content\/uploads\/2022\/10\/Bambini-Fate-Pizzaut.jpg\" \/>\n\t<meta property=\"og:image:width\" content=\"624\" \/>\n\t<meta property=\"og:image:height\" content=\"477\" \/>\n\t<meta property=\"og:image:type\" content=\"image\/jpeg\" \/>\n<meta name=\"author\" content=\"Gabriele Bassani\" \/>\n<meta name=\"twitter:card\" content=\"summary_large_image\" \/>\n<meta name=\"twitter:creator\" content=\"@ilNotiziarioInd\" \/>\n<meta name=\"twitter:site\" content=\"@ilNotiziarioInd\" \/>\n<meta name=\"twitter:label1\" content=\"Scritto da\" \/>\n\t<meta name=\"twitter:data1\" content=\"Gabriele Bassani\" \/>\n\t<meta name=\"twitter:label2\" content=\"Tempo di lettura stimato\" \/>\n\t<meta name=\"twitter:data2\" content=\"4 minuti\" \/>\n<script type=\"application\/ld+json\" class=\"yoast-schema-graph\">{\"@context\":\"https:\\\/\\\/schema.org\",\"@graph\":[{\"@type\":\"Article\",\"@id\":\"https:\\\/\\\/www.ilnotiziario.net\\\/wp\\\/buonoasapersi\\\/toys-center-e-bimbostore-con-i-bambini-delle-fate-e-pizzaut\\\/#article\",\"isPartOf\":{\"@id\":\"https:\\\/\\\/www.ilnotiziario.net\\\/wp\\\/buonoasapersi\\\/toys-center-e-bimbostore-con-i-bambini-delle-fate-e-pizzaut\\\/\"},\"author\":{\"name\":\"Gabriele Bassani\",\"@id\":\"https:\\\/\\\/www.ilnotiziario.net\\\/wp\\\/#\\\/schema\\\/person\\\/386e222908f898bb41c033989482bbf2\"},\"headline\":\"Toys center e Bimbostore con i Bambini delle fate e Pizzaut\",\"datePublished\":\"2022-10-25T07:45:05+00:00\",\"mainEntityOfPage\":{\"@id\":\"https:\\\/\\\/www.ilnotiziario.net\\\/wp\\\/buonoasapersi\\\/toys-center-e-bimbostore-con-i-bambini-delle-fate-e-pizzaut\\\/\"},\"wordCount\":682,\"publisher\":{\"@id\":\"https:\\\/\\\/www.ilnotiziario.net\\\/wp\\\/#organization\"},\"image\":{\"@id\":\"https:\\\/\\\/www.ilnotiziario.net\\\/wp\\\/buonoasapersi\\\/toys-center-e-bimbostore-con-i-bambini-delle-fate-e-pizzaut\\\/#primaryimage\"},\"thumbnailUrl\":\"https:\\\/\\\/www.ilnotiziario.net\\\/wp\\\/wp-content\\\/uploads\\\/2022\\\/10\\\/Bambini-Fate-Pizzaut.jpg\",\"keywords\":[\"autismo\",\"bambini delle fate\",\"pizzaut\"],\"articleSection\":[\"BUONO A SAPERSI\"],\"inLanguage\":\"it-IT\"},{\"@type\":\"WebPage\",\"@id\":\"https:\\\/\\\/www.ilnotiziario.net\\\/wp\\\/buonoasapersi\\\/toys-center-e-bimbostore-con-i-bambini-delle-fate-e-pizzaut\\\/\",\"url\":\"https:\\\/\\\/www.ilnotiziario.net\\\/wp\\\/buonoasapersi\\\/toys-center-e-bimbostore-con-i-bambini-delle-fate-e-pizzaut\\\/\",\"name\":\"Toys center e Bimbostore con i Bambini delle fate e Pizzaut - Il Notiziario\",\"isPartOf\":{\"@id\":\"https:\\\/\\\/www.ilnotiziario.net\\\/wp\\\/#website\"},\"primaryImageOfPage\":{\"@id\":\"https:\\\/\\\/www.ilnotiziario.net\\\/wp\\\/buonoasapersi\\\/toys-center-e-bimbostore-con-i-bambini-delle-fate-e-pizzaut\\\/#primaryimage\"},\"image\":{\"@id\":\"https:\\\/\\\/www.ilnotiziario.net\\\/wp\\\/buonoasapersi\\\/toys-center-e-bimbostore-con-i-bambini-delle-fate-e-pizzaut\\\/#primaryimage\"},\"thumbnailUrl\":\"https:\\\/\\\/www.ilnotiziario.net\\\/wp\\\/wp-content\\\/uploads\\\/2022\\\/10\\\/Bambini-Fate-Pizzaut.jpg\",\"datePublished\":\"2022-10-25T07:45:05+00:00\",\"description\":\"Toys center e Bimbostore promuovono una raccolta fondi a sostegno di Bambini delle fate e Pizzaut per i ragazzi affetti da autismo\",\"breadcrumb\":{\"@id\":\"https:\\\/\\\/www.ilnotiziario.net\\\/wp\\\/buonoasapersi\\\/toys-center-e-bimbostore-con-i-bambini-delle-fate-e-pizzaut\\\/#breadcrumb\"},\"inLanguage\":\"it-IT\",\"potentialAction\":[{\"@type\":\"ReadAction\",\"target\":[\"https:\\\/\\\/www.ilnotiziario.net\\\/wp\\\/buonoasapersi\\\/toys-center-e-bimbostore-con-i-bambini-delle-fate-e-pizzaut\\\/\"]}]},{\"@type\":\"ImageObject\",\"inLanguage\":\"it-IT\",\"@id\":\"https:\\\/\\\/www.ilnotiziario.net\\\/wp\\\/buonoasapersi\\\/toys-center-e-bimbostore-con-i-bambini-delle-fate-e-pizzaut\\\/#primaryimage\",\"url\":\"https:\\\/\\\/www.ilnotiziario.net\\\/wp\\\/wp-content\\\/uploads\\\/2022\\\/10\\\/Bambini-Fate-Pizzaut.jpg\",\"contentUrl\":\"https:\\\/\\\/www.ilnotiziario.net\\\/wp\\\/wp-content\\\/uploads\\\/2022\\\/10\\\/Bambini-Fate-Pizzaut.jpg\",\"width\":624,\"height\":477,\"caption\":\"bambini fate pizzaut\"},{\"@type\":\"BreadcrumbList\",\"@id\":\"https:\\\/\\\/www.ilnotiziario.net\\\/wp\\\/buonoasapersi\\\/toys-center-e-bimbostore-con-i-bambini-delle-fate-e-pizzaut\\\/#breadcrumb\",\"itemListElement\":[{\"@type\":\"ListItem\",\"position\":1,\"name\":\"tds_text_logo_tagline_colortds_text_logo_tagline_colortds_text_logo_tagline_colortds_text_logo_tagline_colortd_module_7_title_excerpttd_module_7_title_excerpttd_module_7_title_excerpttd_module_7_title_excerptHome\",\"item\":\"https:\\\/\\\/www.ilnotiziario.net\\\/wp\\\/\"},{\"@type\":\"ListItem\",\"position\":2,\"name\":\"Toys center e Bimbostore con i Bambini delle fate e Pizzaut\"}]},{\"@type\":\"WebSite\",\"@id\":\"https:\\\/\\\/www.ilnotiziario.net\\\/wp\\\/#website\",\"url\":\"https:\\\/\\\/www.ilnotiziario.net\\\/wp\\\/\",\"name\":\"Il Notiziario\",\"description\":\"Per restare sempre connessi alla notizia\",\"publisher\":{\"@id\":\"https:\\\/\\\/www.ilnotiziario.net\\\/wp\\\/#organization\"},\"alternateName\":\"Il Notiziario Bollate\",\"potentialAction\":[{\"@type\":\"SearchAction\",\"target\":{\"@type\":\"EntryPoint\",\"urlTemplate\":\"https:\\\/\\\/www.ilnotiziario.net\\\/wp\\\/?s={search_term_string}\"},\"query-input\":{\"@type\":\"PropertyValueSpecification\",\"valueRequired\":true,\"valueName\":\"search_term_string\"}}],\"inLanguage\":\"it-IT\"},{\"@type\":\"Organization\",\"@id\":\"https:\\\/\\\/www.ilnotiziario.net\\\/wp\\\/#organization\",\"name\":\"Il Notiziario\",\"url\":\"https:\\\/\\\/www.ilnotiziario.net\\\/wp\\\/\",\"logo\":{\"@type\":\"ImageObject\",\"inLanguage\":\"it-IT\",\"@id\":\"https:\\\/\\\/www.ilnotiziario.net\\\/wp\\\/#\\\/schema\\\/logo\\\/image\\\/\",\"url\":\"https:\\\/\\\/www.ilnotiziario.net\\\/wp\\\/wp-content\\\/uploads\\\/2022\\\/06\\\/170x170ilN.png\",\"contentUrl\":\"https:\\\/\\\/www.ilnotiziario.net\\\/wp\\\/wp-content\\\/uploads\\\/2022\\\/06\\\/170x170ilN.png\",\"width\":355,\"height\":355,\"caption\":\"Il Notiziario\"},\"image\":{\"@id\":\"https:\\\/\\\/www.ilnotiziario.net\\\/wp\\\/#\\\/schema\\\/logo\\\/image\\\/\"},\"sameAs\":[\"https:\\\/\\\/www.facebook.com\\\/ilnotiziarioind\\\/\",\"https:\\\/\\\/x.com\\\/ilNotiziarioInd\",\"https:\\\/\\\/www.instagram.com\\\/ilnotiziario_settimanale\\\/\"]},{\"@type\":\"Person\",\"@id\":\"https:\\\/\\\/www.ilnotiziario.net\\\/wp\\\/#\\\/schema\\\/person\\\/386e222908f898bb41c033989482bbf2\",\"name\":\"Gabriele Bassani\",\"image\":{\"@type\":\"ImageObject\",\"inLanguage\":\"it-IT\",\"@id\":\"https:\\\/\\\/secure.gravatar.com\\\/avatar\\\/09274f4a84fa97698bde56f84b3afed61c8492d48b0550db9671b68c177479cb?s=96&d=mm&r=g\",\"url\":\"https:\\\/\\\/secure.gravatar.com\\\/avatar\\\/09274f4a84fa97698bde56f84b3afed61c8492d48b0550db9671b68c177479cb?s=96&d=mm&r=g\",\"contentUrl\":\"https:\\\/\\\/secure.gravatar.com\\\/avatar\\\/09274f4a84fa97698bde56f84b3afed61c8492d48b0550db9671b68c177479cb?s=96&d=mm&r=g\",\"caption\":\"Gabriele Bassani\"},\"sameAs\":[\"http:\\\/\\\/www.ilnotiziario.net\"]}]}<\/script>\n<!-- \/ Yoast SEO plugin. -->","yoast_head_json":{"title":"Toys center e Bimbostore con i Bambini delle fate e Pizzaut - Il Notiziario","description":"Toys center e Bimbostore promuovono una raccolta fondi a sostegno di Bambini delle fate e Pizzaut per i ragazzi affetti da autismo","robots":{"index":"index","follow":"follow","max-snippet":"max-snippet:-1","max-image-preview":"max-image-preview:large","max-video-preview":"max-video-preview:-1"},"canonical":"https:\/\/www.ilnotiziario.net\/wp\/buonoasapersi\/toys-center-e-bimbostore-con-i-bambini-delle-fate-e-pizzaut\/","og_locale":"it_IT","og_type":"article","og_title":"Toys center e Bimbostore con i Bambini delle fate e Pizzaut - Il Notiziario","og_description":"Toys center e Bimbostore promuovono una raccolta fondi a sostegno di Bambini delle fate e Pizzaut per i ragazzi affetti da autismo","og_url":"https:\/\/www.ilnotiziario.net\/wp\/buonoasapersi\/toys-center-e-bimbostore-con-i-bambini-delle-fate-e-pizzaut\/","og_site_name":"Il Notiziario","article_publisher":"https:\/\/www.facebook.com\/ilnotiziarioind\/","article_published_time":"2022-10-25T07:45:05+00:00","og_image":[{"width":624,"height":477,"url":"https:\/\/www.ilnotiziario.net\/wp\/wp-content\/uploads\/2022\/10\/Bambini-Fate-Pizzaut.jpg","type":"image\/jpeg"}],"author":"Gabriele Bassani","twitter_card":"summary_large_image","twitter_creator":"@ilNotiziarioInd","twitter_site":"@ilNotiziarioInd","twitter_misc":{"Scritto da":"Gabriele Bassani","Tempo di lettura stimato":"4 minuti"},"schema":{"@context":"https:\/\/schema.org","@graph":[{"@type":"Article","@id":"https:\/\/www.ilnotiziario.net\/wp\/buonoasapersi\/toys-center-e-bimbostore-con-i-bambini-delle-fate-e-pizzaut\/#article","isPartOf":{"@id":"https:\/\/www.ilnotiziario.net\/wp\/buonoasapersi\/toys-center-e-bimbostore-con-i-bambini-delle-fate-e-pizzaut\/"},"author":{"name":"Gabriele Bassani","@id":"https:\/\/www.ilnotiziario.net\/wp\/#\/schema\/person\/386e222908f898bb41c033989482bbf2"},"headline":"Toys center e Bimbostore con i Bambini delle fate e Pizzaut","datePublished":"2022-10-25T07:45:05+00:00","mainEntityOfPage":{"@id":"https:\/\/www.ilnotiziario.net\/wp\/buonoasapersi\/toys-center-e-bimbostore-con-i-bambini-delle-fate-e-pizzaut\/"},"wordCount":682,"publisher":{"@id":"https:\/\/www.ilnotiziario.net\/wp\/#organization"},"image":{"@id":"https:\/\/www.ilnotiziario.net\/wp\/buonoasapersi\/toys-center-e-bimbostore-con-i-bambini-delle-fate-e-pizzaut\/#primaryimage"},"thumbnailUrl":"https:\/\/www.ilnotiziario.net\/wp\/wp-content\/uploads\/2022\/10\/Bambini-Fate-Pizzaut.jpg","keywords":["autismo","bambini delle fate","pizzaut"],"articleSection":["BUONO A SAPERSI"],"inLanguage":"it-IT"},{"@type":"WebPage","@id":"https:\/\/www.ilnotiziario.net\/wp\/buonoasapersi\/toys-center-e-bimbostore-con-i-bambini-delle-fate-e-pizzaut\/","url":"https:\/\/www.ilnotiziario.net\/wp\/buonoasapersi\/toys-center-e-bimbostore-con-i-bambini-delle-fate-e-pizzaut\/","name":"Toys center e Bimbostore con i Bambini delle fate e Pizzaut - Il Notiziario","isPartOf":{"@id":"https:\/\/www.ilnotiziario.net\/wp\/#website"},"primaryImageOfPage":{"@id":"https:\/\/www.ilnotiziario.net\/wp\/buonoasapersi\/toys-center-e-bimbostore-con-i-bambini-delle-fate-e-pizzaut\/#primaryimage"},"image":{"@id":"https:\/\/www.ilnotiziario.net\/wp\/buonoasapersi\/toys-center-e-bimbostore-con-i-bambini-delle-fate-e-pizzaut\/#primaryimage"},"thumbnailUrl":"https:\/\/www.ilnotiziario.net\/wp\/wp-content\/uploads\/2022\/10\/Bambini-Fate-Pizzaut.jpg","datePublished":"2022-10-25T07:45:05+00:00","description":"Toys center e Bimbostore promuovono una raccolta fondi a sostegno di Bambini delle fate e Pizzaut per i ragazzi affetti da autismo","breadcrumb":{"@id":"https:\/\/www.ilnotiziario.net\/wp\/buonoasapersi\/toys-center-e-bimbostore-con-i-bambini-delle-fate-e-pizzaut\/#breadcrumb"},"inLanguage":"it-IT","potentialAction":[{"@type":"ReadAction","target":["https:\/\/www.ilnotiziario.net\/wp\/buonoasapersi\/toys-center-e-bimbostore-con-i-bambini-delle-fate-e-pizzaut\/"]}]},{"@type":"ImageObject","inLanguage":"it-IT","@id":"https:\/\/www.ilnotiziario.net\/wp\/buonoasapersi\/toys-center-e-bimbostore-con-i-bambini-delle-fate-e-pizzaut\/#primaryimage","url":"https:\/\/www.ilnotiziario.net\/wp\/wp-content\/uploads\/2022\/10\/Bambini-Fate-Pizzaut.jpg","contentUrl":"https:\/\/www.ilnotiziario.net\/wp\/wp-content\/uploads\/2022\/10\/Bambini-Fate-Pizzaut.jpg","width":624,"height":477,"caption":"bambini fate pizzaut"},{"@type":"BreadcrumbList","@id":"https:\/\/www.ilnotiziario.net\/wp\/buonoasapersi\/toys-center-e-bimbostore-con-i-bambini-delle-fate-e-pizzaut\/#breadcrumb","itemListElement":[{"@type":"ListItem","position":1,"name":"tds_text_logo_tagline_colortds_text_logo_tagline_colortds_text_logo_tagline_colortds_text_logo_tagline_colortd_module_7_title_excerpttd_module_7_title_excerpttd_module_7_title_excerpttd_module_7_title_excerptHome","item":"https:\/\/www.ilnotiziario.net\/wp\/"},{"@type":"ListItem","position":2,"name":"Toys center e Bimbostore con i Bambini delle fate e Pizzaut"}]},{"@type":"WebSite","@id":"https:\/\/www.ilnotiziario.net\/wp\/#website","url":"https:\/\/www.ilnotiziario.net\/wp\/","name":"Il Notiziario","description":"Per restare sempre connessi alla notizia","publisher":{"@id":"https:\/\/www.ilnotiziario.net\/wp\/#organization"},"alternateName":"Il Notiziario Bollate","potentialAction":[{"@type":"SearchAction","target":{"@type":"EntryPoint","urlTemplate":"https:\/\/www.ilnotiziario.net\/wp\/?s={search_term_string}"},"query-input":{"@type":"PropertyValueSpecification","valueRequired":true,"valueName":"search_term_string"}}],"inLanguage":"it-IT"},{"@type":"Organization","@id":"https:\/\/www.ilnotiziario.net\/wp\/#organization","name":"Il Notiziario","url":"https:\/\/www.ilnotiziario.net\/wp\/","logo":{"@type":"ImageObject","inLanguage":"it-IT","@id":"https:\/\/www.ilnotiziario.net\/wp\/#\/schema\/logo\/image\/","url":"https:\/\/www.ilnotiziario.net\/wp\/wp-content\/uploads\/2022\/06\/170x170ilN.png","contentUrl":"https:\/\/www.ilnotiziario.net\/wp\/wp-content\/uploads\/2022\/06\/170x170ilN.png","width":355,"height":355,"caption":"Il Notiziario"},"image":{"@id":"https:\/\/www.ilnotiziario.net\/wp\/#\/schema\/logo\/image\/"},"sameAs":["https:\/\/www.facebook.com\/ilnotiziarioind\/","https:\/\/x.com\/ilNotiziarioInd","https:\/\/www.instagram.com\/ilnotiziario_settimanale\/"]},{"@type":"Person","@id":"https:\/\/www.ilnotiziario.net\/wp\/#\/schema\/person\/386e222908f898bb41c033989482bbf2","name":"Gabriele Bassani","image":{"@type":"ImageObject","inLanguage":"it-IT","@id":"https:\/\/secure.gravatar.com\/avatar\/09274f4a84fa97698bde56f84b3afed61c8492d48b0550db9671b68c177479cb?s=96&d=mm&r=g","url":"https:\/\/secure.gravatar.com\/avatar\/09274f4a84fa97698bde56f84b3afed61c8492d48b0550db9671b68c177479cb?s=96&d=mm&r=g","contentUrl":"https:\/\/secure.gravatar.com\/avatar\/09274f4a84fa97698bde56f84b3afed61c8492d48b0550db9671b68c177479cb?s=96&d=mm&r=g","caption":"Gabriele Bassani"},"sameAs":["http:\/\/www.ilnotiziario.net"]}]}},"_links":{"self":[{"href":"https:\/\/www.ilnotiziario.net\/wp\/wp-json\/wp\/v2\/posts\/172567","targetHints":{"allow":["GET"]}}],"collection":[{"href":"https:\/\/www.ilnotiziario.net\/wp\/wp-json\/wp\/v2\/posts"}],"about":[{"href":"https:\/\/www.ilnotiziario.net\/wp\/wp-json\/wp\/v2\/types\/post"}],"author":[{"embeddable":true,"href":"https:\/\/www.ilnotiziario.net\/wp\/wp-json\/wp\/v2\/users\/3"}],"replies":[{"embeddable":true,"href":"https:\/\/www.ilnotiziario.net\/wp\/wp-json\/wp\/v2\/comments?post=172567"}],"version-history":[{"count":0,"href":"https:\/\/www.ilnotiziario.net\/wp\/wp-json\/wp\/v2\/posts\/172567\/revisions"}],"wp:featuredmedia":[{"embeddable":true,"href":"https:\/\/www.ilnotiziario.net\/wp\/wp-json\/wp\/v2\/media\/172569"}],"wp:attachment":[{"href":"https:\/\/www.ilnotiziario.net\/wp\/wp-json\/wp\/v2\/media?parent=172567"}],"wp:term":[{"taxonomy":"category","embeddable":true,"href":"https:\/\/www.ilnotiziario.net\/wp\/wp-json\/wp\/v2\/categories?post=172567"},{"taxonomy":"post_tag","embeddable":true,"href":"https:\/\/www.ilnotiziario.net\/wp\/wp-json\/wp\/v2\/tags?post=172567"}],"curies":[{"name":"wp","href":"https:\/\/api.w.org\/{rel}","templated":true}]}}