{"id":172824,"date":"2022-10-28T09:42:02","date_gmt":"2022-10-28T07:42:02","guid":{"rendered":"https:\/\/www.ilnotiziario.net\/wp\/?p=172824"},"modified":"2022-10-28T09:43:56","modified_gmt":"2022-10-28T07:43:56","slug":"meteo-per-il-ponte-del-1-novembre","status":"publish","type":"post","link":"https:\/\/www.ilnotiziario.net\/wp\/prima-pagina\/meteo-per-il-ponte-del-1-novembre\/","title":{"rendered":"Meteo per il ponte del 1 novembre: ancora temperature e caldo anomalo"},"content":{"rendered":"<p>Che meteo ci aspetta per il ponte del 1 novembre? Ecco di seguito le previsioni del tempo per questo lungo weekend tra ottobre e novembre (spoiler: le temperature per\u00f2 non saranno quelle tipiche dell&#8217;autunno). Ecco cosa prevedono gli esperti di 3bmeteo.com.<\/p><div id=\"ilnot-4080135673\" class=\"ilnot-contenuto ilnot-entity-placement\"><p><!-- incontent_1 --><\/p>\n<div class=\"gptslot\" data-adunitid=\"1\"><\/div>\n<\/div>\n<h2>Il meteo per il ponte del 1 novembre<\/h2>\n<p>L&#8217;anticiclone africano rimarr\u00e0 la figura dominante sull&#8217;Europa mediterranea e coinvolger\u00e0 direttamente l&#8217;Italia.&nbsp;Il tempo sar\u00e0 stabile e generalmente soleggiato&nbsp;su tutta Italia. Con il weekend ci sar\u00e0&nbsp;un ulteriore rinforzo dell&#8217;anticiclone con ritorno a condizioni ben soleggiate, fatta eccezione per foschie e banchi di nebbia nottetempo e il mattino sulle zone di medio-bassa pianura. Le temperature saranno molto miti per il periodo a tutte le quote, fino a 6-8 gradi sopra la norma. Le condizioni di stabilit\u00e0 atmosferica e il caldo inconsueto si protrarranno con ogni probabilit\u00e0 almeno fino a Ognissanti.&nbsp;<\/p>\n<h2>Il meteo per venerd\u00ec 28 ottobre<\/h2>\n<p>L&#8217;anticiclone africano garantisce tempo stabile e soleggiato. Nottetempo e al mattino foschie dense e banchi di nebbia sulle aree di bassa pianura, in diradamento entro mezzogiorno. Le temperature sono stazionarie o in lieve aumento, i venti sono deboli.&nbsp;<\/p><div id=\"ilnot-3527536570\" class=\"ilnot-contenuto_2 ilnot-entity-placement\"><div class=\"ads-wrapper\">\n<div class=\"ad-slot\">\n   <div id=\"ilnot-924519364\" style=\"margin-right: auto;margin-left: auto;text-align: center;width: 320px;height: 100px;\"><a href=\"https:\/\/www.scuolasicurezza.it\/\"><img decoding=\"async\" src=\"https:\/\/www.ilnotiziario.net\/wp\/wp-content\/uploads\/2026\/04\/IlNotiziario_banner-sito-e-newsletter-320-x-100-px-1.gif\" alt=\"\"><\/a><\/div>\n  <\/div>\n<div class=\"ad-slot\">\n   <div id=\"ilnot-1079509380\" style=\"margin-right: auto;margin-left: auto;text-align: center;width: 320px;height: 100px;\"><a href=\"https:\/\/purodesignarredamenti.com\/\"><img decoding=\"async\" src=\"https:\/\/www.ilnotiziario.net\/wp\/wp-content\/uploads\/2026\/04\/banner-puro-ok.gif\" alt=\"whatsapp\"><\/a><\/div><\/p><\/div>\n<\/div>\n<\/div>\n<h2>Il meteo per sabato 29 e domenica 30 ottobre<\/h2>\n<p>Anche nella giornata di sabato 29 ottobre l&#8217;anticiclone africano sar\u00e0 protagonista garantendo tempo stabile e soleggiato. Le&nbsp;temperature sono stazionarie con clima molto mite per il periodo.&nbsp;<\/p>\n<h2>Il tempo per il ponte di luned\u00ec 31 ottobre e marted\u00ec 1 novembre<\/h2>\n<p>Un campo di alte pressioni abbraccia la Regione garantendo tempo stabile e assolato ovunque. Tornano le nubi in serata. I&nbsp;venti sono molto deboli dai quadranti nord-occidentali in rotazione a meridionali. Invece, marted\u00ec 1 novembre sono previste&nbsp;pressioni medio-alte interessano la Lombardia garantendo tempo stabile e perlopi\u00f9 soleggiato.<\/p>\n<h3>Rinviata l&#8217;accensione del riscaldamento al 3 novembre<\/h3>\n<p>In questa situazione di caldo anomalo, i Comuni hanno rinviato (per la seconda volta) <a href=\"https:\/\/www.ilnotiziario.net\/wp\/2022\/10\/25\/rinvio-accensione-riscaldamento-milano\/\">l&#8217;accensione del riscaldamento<\/a>. Al momento, \u00e8 fissata per il 3 novembre.&nbsp;<\/p><div id=\"ilnot-1818578408\" class=\"ilnot-contenuto_2-2 ilnot-entity-placement\"><div class=\"gptslot\" data-adunitid=\"2\"><\/div>\n<\/div>\n<p><em>Per tutti i dettagli sul meteo del ponte del 1 novembre consultare il sito <a href=\"http:\/\/3bmeteo.com\">3bmeteo.com<\/a>.&nbsp;<\/em><\/p>\n","protected":false},"excerpt":{"rendered":"<p>Che meteo ci aspetta per il ponte del 1 novembre? Ecco di seguito le previsioni del tempo per questo lungo weekend tra ottobre e novembre (spoiler: le temperature per\u00f2 non saranno quelle tipiche dell&#8217;autunno). Ecco cosa prevedono gli esperti di 3bmeteo.com. Il meteo per il ponte del 1 novembre L&#8217;anticiclone africano rimarr\u00e0 la figura dominante<\/p>\n","protected":false},"author":7,"featured_media":172826,"comment_status":"closed","ping_status":"closed","sticky":false,"template":"","format":"standard","meta":{"footnotes":""},"categories":[20],"tags":[10967,2502,959],"class_list":{"0":"post-172824","1":"post","2":"type-post","3":"status-publish","4":"format-standard","5":"has-post-thumbnail","7":"category-prima-pagina","8":"tag-1-novembre","9":"tag-meteo","10":"tag-ponte"},"yoast_head":"<!-- This site is optimized with the Yoast SEO plugin v27.4 - https:\/\/yoast.com\/product\/yoast-seo-wordpress\/ -->\n<title>Meteo per il ponte del 1 novembre: ancora temperature e caldo anomalo<\/title>\n<meta name=\"description\" content=\"Che meteo ci aspetta per il ponte del 1 novembre? Ecco di seguito le previsioni del tempo per questo lungo weekend\" \/>\n<meta name=\"robots\" content=\"index, follow, max-snippet:-1, max-image-preview:large, max-video-preview:-1\" \/>\n<link rel=\"canonical\" href=\"https:\/\/www.ilnotiziario.net\/wp\/prima-pagina\/meteo-per-il-ponte-del-1-novembre\/\" \/>\n<meta property=\"og:locale\" content=\"it_IT\" \/>\n<meta property=\"og:type\" content=\"article\" \/>\n<meta property=\"og:title\" content=\"Meteo per il ponte del 1 novembre: ancora temperature e caldo anomalo\" \/>\n<meta property=\"og:description\" content=\"Che meteo ci aspetta per il ponte del 1 novembre? Ecco di seguito le previsioni del tempo per questo lungo weekend\" \/>\n<meta property=\"og:url\" content=\"https:\/\/www.ilnotiziario.net\/wp\/prima-pagina\/meteo-per-il-ponte-del-1-novembre\/\" \/>\n<meta property=\"og:site_name\" content=\"Il Notiziario\" \/>\n<meta property=\"article:publisher\" content=\"https:\/\/www.facebook.com\/ilnotiziarioind\/\" \/>\n<meta property=\"article:published_time\" content=\"2022-10-28T07:42:02+00:00\" \/>\n<meta property=\"article:modified_time\" content=\"2022-10-28T07:43:56+00:00\" \/>\n<meta property=\"og:image\" content=\"https:\/\/www.ilnotiziario.net\/wp\/wp-content\/uploads\/2022\/10\/meteo-per-il-ponte-del-1-novembre.jpg\" \/>\n\t<meta property=\"og:image:width\" content=\"663\" \/>\n\t<meta property=\"og:image:height\" content=\"310\" \/>\n\t<meta property=\"og:image:type\" content=\"image\/jpeg\" \/>\n<meta name=\"author\" content=\"Simone Carcano\" \/>\n<meta name=\"twitter:card\" content=\"summary_large_image\" \/>\n<meta name=\"twitter:creator\" content=\"@simone_carcano\" \/>\n<meta name=\"twitter:site\" content=\"@ilNotiziarioInd\" \/>\n<meta name=\"twitter:label1\" content=\"Scritto da\" \/>\n\t<meta name=\"twitter:data1\" content=\"Simone Carcano\" \/>\n\t<meta name=\"twitter:label2\" content=\"Tempo di lettura stimato\" \/>\n\t<meta name=\"twitter:data2\" content=\"2 minuti\" \/>\n<script type=\"application\/ld+json\" class=\"yoast-schema-graph\">{\"@context\":\"https:\\\/\\\/schema.org\",\"@graph\":[{\"@type\":\"Article\",\"@id\":\"https:\\\/\\\/www.ilnotiziario.net\\\/wp\\\/prima-pagina\\\/meteo-per-il-ponte-del-1-novembre\\\/#article\",\"isPartOf\":{\"@id\":\"https:\\\/\\\/www.ilnotiziario.net\\\/wp\\\/prima-pagina\\\/meteo-per-il-ponte-del-1-novembre\\\/\"},\"author\":{\"name\":\"Simone Carcano\",\"@id\":\"https:\\\/\\\/www.ilnotiziario.net\\\/wp\\\/#\\\/schema\\\/person\\\/c218ad0865f96bfe2c1c2cfa719653f7\"},\"headline\":\"Meteo per il ponte del 1 novembre: ancora temperature e caldo anomalo\",\"datePublished\":\"2022-10-28T07:42:02+00:00\",\"dateModified\":\"2022-10-28T07:43:56+00:00\",\"mainEntityOfPage\":{\"@id\":\"https:\\\/\\\/www.ilnotiziario.net\\\/wp\\\/prima-pagina\\\/meteo-per-il-ponte-del-1-novembre\\\/\"},\"wordCount\":348,\"publisher\":{\"@id\":\"https:\\\/\\\/www.ilnotiziario.net\\\/wp\\\/#organization\"},\"image\":{\"@id\":\"https:\\\/\\\/www.ilnotiziario.net\\\/wp\\\/prima-pagina\\\/meteo-per-il-ponte-del-1-novembre\\\/#primaryimage\"},\"thumbnailUrl\":\"https:\\\/\\\/www.ilnotiziario.net\\\/wp\\\/wp-content\\\/uploads\\\/2022\\\/10\\\/meteo-per-il-ponte-del-1-novembre.jpg\",\"keywords\":[\"1 novembre\",\"Meteo\",\"ponte\"],\"articleSection\":[\"Prima Pagina\"],\"inLanguage\":\"it-IT\"},{\"@type\":\"WebPage\",\"@id\":\"https:\\\/\\\/www.ilnotiziario.net\\\/wp\\\/prima-pagina\\\/meteo-per-il-ponte-del-1-novembre\\\/\",\"url\":\"https:\\\/\\\/www.ilnotiziario.net\\\/wp\\\/prima-pagina\\\/meteo-per-il-ponte-del-1-novembre\\\/\",\"name\":\"Meteo per il ponte del 1 novembre: ancora temperature e caldo anomalo\",\"isPartOf\":{\"@id\":\"https:\\\/\\\/www.ilnotiziario.net\\\/wp\\\/#website\"},\"primaryImageOfPage\":{\"@id\":\"https:\\\/\\\/www.ilnotiziario.net\\\/wp\\\/prima-pagina\\\/meteo-per-il-ponte-del-1-novembre\\\/#primaryimage\"},\"image\":{\"@id\":\"https:\\\/\\\/www.ilnotiziario.net\\\/wp\\\/prima-pagina\\\/meteo-per-il-ponte-del-1-novembre\\\/#primaryimage\"},\"thumbnailUrl\":\"https:\\\/\\\/www.ilnotiziario.net\\\/wp\\\/wp-content\\\/uploads\\\/2022\\\/10\\\/meteo-per-il-ponte-del-1-novembre.jpg\",\"datePublished\":\"2022-10-28T07:42:02+00:00\",\"dateModified\":\"2022-10-28T07:43:56+00:00\",\"description\":\"Che meteo ci aspetta per il ponte del 1 novembre? Ecco di seguito le previsioni del tempo per questo lungo weekend\",\"breadcrumb\":{\"@id\":\"https:\\\/\\\/www.ilnotiziario.net\\\/wp\\\/prima-pagina\\\/meteo-per-il-ponte-del-1-novembre\\\/#breadcrumb\"},\"inLanguage\":\"it-IT\",\"potentialAction\":[{\"@type\":\"ReadAction\",\"target\":[\"https:\\\/\\\/www.ilnotiziario.net\\\/wp\\\/prima-pagina\\\/meteo-per-il-ponte-del-1-novembre\\\/\"]}]},{\"@type\":\"ImageObject\",\"inLanguage\":\"it-IT\",\"@id\":\"https:\\\/\\\/www.ilnotiziario.net\\\/wp\\\/prima-pagina\\\/meteo-per-il-ponte-del-1-novembre\\\/#primaryimage\",\"url\":\"https:\\\/\\\/www.ilnotiziario.net\\\/wp\\\/wp-content\\\/uploads\\\/2022\\\/10\\\/meteo-per-il-ponte-del-1-novembre.jpg\",\"contentUrl\":\"https:\\\/\\\/www.ilnotiziario.net\\\/wp\\\/wp-content\\\/uploads\\\/2022\\\/10\\\/meteo-per-il-ponte-del-1-novembre.jpg\",\"width\":663,\"height\":310},{\"@type\":\"BreadcrumbList\",\"@id\":\"https:\\\/\\\/www.ilnotiziario.net\\\/wp\\\/prima-pagina\\\/meteo-per-il-ponte-del-1-novembre\\\/#breadcrumb\",\"itemListElement\":[{\"@type\":\"ListItem\",\"position\":1,\"name\":\"tds_text_logo_tagline_colortds_text_logo_tagline_colortds_text_logo_tagline_colortds_text_logo_tagline_colortd_module_7_title_excerpttd_module_7_title_excerpttd_module_7_title_excerpttd_module_7_title_excerptHome\",\"item\":\"https:\\\/\\\/www.ilnotiziario.net\\\/wp\\\/\"},{\"@type\":\"ListItem\",\"position\":2,\"name\":\"Meteo per il ponte del 1 novembre: ancora temperature e caldo anomalo\"}]},{\"@type\":\"WebSite\",\"@id\":\"https:\\\/\\\/www.ilnotiziario.net\\\/wp\\\/#website\",\"url\":\"https:\\\/\\\/www.ilnotiziario.net\\\/wp\\\/\",\"name\":\"Il Notiziario\",\"description\":\"Per restare sempre connessi alla notizia\",\"publisher\":{\"@id\":\"https:\\\/\\\/www.ilnotiziario.net\\\/wp\\\/#organization\"},\"alternateName\":\"Il Notiziario Bollate\",\"potentialAction\":[{\"@type\":\"SearchAction\",\"target\":{\"@type\":\"EntryPoint\",\"urlTemplate\":\"https:\\\/\\\/www.ilnotiziario.net\\\/wp\\\/?s={search_term_string}\"},\"query-input\":{\"@type\":\"PropertyValueSpecification\",\"valueRequired\":true,\"valueName\":\"search_term_string\"}}],\"inLanguage\":\"it-IT\"},{\"@type\":\"Organization\",\"@id\":\"https:\\\/\\\/www.ilnotiziario.net\\\/wp\\\/#organization\",\"name\":\"Il Notiziario\",\"url\":\"https:\\\/\\\/www.ilnotiziario.net\\\/wp\\\/\",\"logo\":{\"@type\":\"ImageObject\",\"inLanguage\":\"it-IT\",\"@id\":\"https:\\\/\\\/www.ilnotiziario.net\\\/wp\\\/#\\\/schema\\\/logo\\\/image\\\/\",\"url\":\"https:\\\/\\\/www.ilnotiziario.net\\\/wp\\\/wp-content\\\/uploads\\\/2022\\\/06\\\/170x170ilN.png\",\"contentUrl\":\"https:\\\/\\\/www.ilnotiziario.net\\\/wp\\\/wp-content\\\/uploads\\\/2022\\\/06\\\/170x170ilN.png\",\"width\":355,\"height\":355,\"caption\":\"Il Notiziario\"},\"image\":{\"@id\":\"https:\\\/\\\/www.ilnotiziario.net\\\/wp\\\/#\\\/schema\\\/logo\\\/image\\\/\"},\"sameAs\":[\"https:\\\/\\\/www.facebook.com\\\/ilnotiziarioind\\\/\",\"https:\\\/\\\/x.com\\\/ilNotiziarioInd\",\"https:\\\/\\\/www.instagram.com\\\/ilnotiziario_settimanale\\\/\"]},{\"@type\":\"Person\",\"@id\":\"https:\\\/\\\/www.ilnotiziario.net\\\/wp\\\/#\\\/schema\\\/person\\\/c218ad0865f96bfe2c1c2cfa719653f7\",\"name\":\"Simone Carcano\",\"image\":{\"@type\":\"ImageObject\",\"inLanguage\":\"it-IT\",\"@id\":\"https:\\\/\\\/secure.gravatar.com\\\/avatar\\\/5e677023cff2c47e9f7a896b9157a46e18bd36e7c4d000a1726bb730be7d38bb?s=96&d=mm&r=g\",\"url\":\"https:\\\/\\\/secure.gravatar.com\\\/avatar\\\/5e677023cff2c47e9f7a896b9157a46e18bd36e7c4d000a1726bb730be7d38bb?s=96&d=mm&r=g\",\"contentUrl\":\"https:\\\/\\\/secure.gravatar.com\\\/avatar\\\/5e677023cff2c47e9f7a896b9157a46e18bd36e7c4d000a1726bb730be7d38bb?s=96&d=mm&r=g\",\"caption\":\"Simone Carcano\"},\"sameAs\":[\"http:\\\/\\\/www.ilnotiziario.net\",\"https:\\\/\\\/x.com\\\/@simone_carcano\"]}]}<\/script>\n<!-- \/ Yoast SEO plugin. -->","yoast_head_json":{"title":"Meteo per il ponte del 1 novembre: ancora temperature e caldo anomalo","description":"Che meteo ci aspetta per il ponte del 1 novembre? Ecco di seguito le previsioni del tempo per questo lungo weekend","robots":{"index":"index","follow":"follow","max-snippet":"max-snippet:-1","max-image-preview":"max-image-preview:large","max-video-preview":"max-video-preview:-1"},"canonical":"https:\/\/www.ilnotiziario.net\/wp\/prima-pagina\/meteo-per-il-ponte-del-1-novembre\/","og_locale":"it_IT","og_type":"article","og_title":"Meteo per il ponte del 1 novembre: ancora temperature e caldo anomalo","og_description":"Che meteo ci aspetta per il ponte del 1 novembre? Ecco di seguito le previsioni del tempo per questo lungo weekend","og_url":"https:\/\/www.ilnotiziario.net\/wp\/prima-pagina\/meteo-per-il-ponte-del-1-novembre\/","og_site_name":"Il Notiziario","article_publisher":"https:\/\/www.facebook.com\/ilnotiziarioind\/","article_published_time":"2022-10-28T07:42:02+00:00","article_modified_time":"2022-10-28T07:43:56+00:00","og_image":[{"width":663,"height":310,"url":"https:\/\/www.ilnotiziario.net\/wp\/wp-content\/uploads\/2022\/10\/meteo-per-il-ponte-del-1-novembre.jpg","type":"image\/jpeg"}],"author":"Simone Carcano","twitter_card":"summary_large_image","twitter_creator":"@simone_carcano","twitter_site":"@ilNotiziarioInd","twitter_misc":{"Scritto da":"Simone Carcano","Tempo di lettura stimato":"2 minuti"},"schema":{"@context":"https:\/\/schema.org","@graph":[{"@type":"Article","@id":"https:\/\/www.ilnotiziario.net\/wp\/prima-pagina\/meteo-per-il-ponte-del-1-novembre\/#article","isPartOf":{"@id":"https:\/\/www.ilnotiziario.net\/wp\/prima-pagina\/meteo-per-il-ponte-del-1-novembre\/"},"author":{"name":"Simone Carcano","@id":"https:\/\/www.ilnotiziario.net\/wp\/#\/schema\/person\/c218ad0865f96bfe2c1c2cfa719653f7"},"headline":"Meteo per il ponte del 1 novembre: ancora temperature e caldo anomalo","datePublished":"2022-10-28T07:42:02+00:00","dateModified":"2022-10-28T07:43:56+00:00","mainEntityOfPage":{"@id":"https:\/\/www.ilnotiziario.net\/wp\/prima-pagina\/meteo-per-il-ponte-del-1-novembre\/"},"wordCount":348,"publisher":{"@id":"https:\/\/www.ilnotiziario.net\/wp\/#organization"},"image":{"@id":"https:\/\/www.ilnotiziario.net\/wp\/prima-pagina\/meteo-per-il-ponte-del-1-novembre\/#primaryimage"},"thumbnailUrl":"https:\/\/www.ilnotiziario.net\/wp\/wp-content\/uploads\/2022\/10\/meteo-per-il-ponte-del-1-novembre.jpg","keywords":["1 novembre","Meteo","ponte"],"articleSection":["Prima Pagina"],"inLanguage":"it-IT"},{"@type":"WebPage","@id":"https:\/\/www.ilnotiziario.net\/wp\/prima-pagina\/meteo-per-il-ponte-del-1-novembre\/","url":"https:\/\/www.ilnotiziario.net\/wp\/prima-pagina\/meteo-per-il-ponte-del-1-novembre\/","name":"Meteo per il ponte del 1 novembre: ancora temperature e caldo anomalo","isPartOf":{"@id":"https:\/\/www.ilnotiziario.net\/wp\/#website"},"primaryImageOfPage":{"@id":"https:\/\/www.ilnotiziario.net\/wp\/prima-pagina\/meteo-per-il-ponte-del-1-novembre\/#primaryimage"},"image":{"@id":"https:\/\/www.ilnotiziario.net\/wp\/prima-pagina\/meteo-per-il-ponte-del-1-novembre\/#primaryimage"},"thumbnailUrl":"https:\/\/www.ilnotiziario.net\/wp\/wp-content\/uploads\/2022\/10\/meteo-per-il-ponte-del-1-novembre.jpg","datePublished":"2022-10-28T07:42:02+00:00","dateModified":"2022-10-28T07:43:56+00:00","description":"Che meteo ci aspetta per il ponte del 1 novembre? Ecco di seguito le previsioni del tempo per questo lungo weekend","breadcrumb":{"@id":"https:\/\/www.ilnotiziario.net\/wp\/prima-pagina\/meteo-per-il-ponte-del-1-novembre\/#breadcrumb"},"inLanguage":"it-IT","potentialAction":[{"@type":"ReadAction","target":["https:\/\/www.ilnotiziario.net\/wp\/prima-pagina\/meteo-per-il-ponte-del-1-novembre\/"]}]},{"@type":"ImageObject","inLanguage":"it-IT","@id":"https:\/\/www.ilnotiziario.net\/wp\/prima-pagina\/meteo-per-il-ponte-del-1-novembre\/#primaryimage","url":"https:\/\/www.ilnotiziario.net\/wp\/wp-content\/uploads\/2022\/10\/meteo-per-il-ponte-del-1-novembre.jpg","contentUrl":"https:\/\/www.ilnotiziario.net\/wp\/wp-content\/uploads\/2022\/10\/meteo-per-il-ponte-del-1-novembre.jpg","width":663,"height":310},{"@type":"BreadcrumbList","@id":"https:\/\/www.ilnotiziario.net\/wp\/prima-pagina\/meteo-per-il-ponte-del-1-novembre\/#breadcrumb","itemListElement":[{"@type":"ListItem","position":1,"name":"tds_text_logo_tagline_colortds_text_logo_tagline_colortds_text_logo_tagline_colortds_text_logo_tagline_colortd_module_7_title_excerpttd_module_7_title_excerpttd_module_7_title_excerpttd_module_7_title_excerptHome","item":"https:\/\/www.ilnotiziario.net\/wp\/"},{"@type":"ListItem","position":2,"name":"Meteo per il ponte del 1 novembre: ancora temperature e caldo anomalo"}]},{"@type":"WebSite","@id":"https:\/\/www.ilnotiziario.net\/wp\/#website","url":"https:\/\/www.ilnotiziario.net\/wp\/","name":"Il Notiziario","description":"Per restare sempre connessi alla notizia","publisher":{"@id":"https:\/\/www.ilnotiziario.net\/wp\/#organization"},"alternateName":"Il Notiziario Bollate","potentialAction":[{"@type":"SearchAction","target":{"@type":"EntryPoint","urlTemplate":"https:\/\/www.ilnotiziario.net\/wp\/?s={search_term_string}"},"query-input":{"@type":"PropertyValueSpecification","valueRequired":true,"valueName":"search_term_string"}}],"inLanguage":"it-IT"},{"@type":"Organization","@id":"https:\/\/www.ilnotiziario.net\/wp\/#organization","name":"Il Notiziario","url":"https:\/\/www.ilnotiziario.net\/wp\/","logo":{"@type":"ImageObject","inLanguage":"it-IT","@id":"https:\/\/www.ilnotiziario.net\/wp\/#\/schema\/logo\/image\/","url":"https:\/\/www.ilnotiziario.net\/wp\/wp-content\/uploads\/2022\/06\/170x170ilN.png","contentUrl":"https:\/\/www.ilnotiziario.net\/wp\/wp-content\/uploads\/2022\/06\/170x170ilN.png","width":355,"height":355,"caption":"Il Notiziario"},"image":{"@id":"https:\/\/www.ilnotiziario.net\/wp\/#\/schema\/logo\/image\/"},"sameAs":["https:\/\/www.facebook.com\/ilnotiziarioind\/","https:\/\/x.com\/ilNotiziarioInd","https:\/\/www.instagram.com\/ilnotiziario_settimanale\/"]},{"@type":"Person","@id":"https:\/\/www.ilnotiziario.net\/wp\/#\/schema\/person\/c218ad0865f96bfe2c1c2cfa719653f7","name":"Simone Carcano","image":{"@type":"ImageObject","inLanguage":"it-IT","@id":"https:\/\/secure.gravatar.com\/avatar\/5e677023cff2c47e9f7a896b9157a46e18bd36e7c4d000a1726bb730be7d38bb?s=96&d=mm&r=g","url":"https:\/\/secure.gravatar.com\/avatar\/5e677023cff2c47e9f7a896b9157a46e18bd36e7c4d000a1726bb730be7d38bb?s=96&d=mm&r=g","contentUrl":"https:\/\/secure.gravatar.com\/avatar\/5e677023cff2c47e9f7a896b9157a46e18bd36e7c4d000a1726bb730be7d38bb?s=96&d=mm&r=g","caption":"Simone Carcano"},"sameAs":["http:\/\/www.ilnotiziario.net","https:\/\/x.com\/@simone_carcano"]}]}},"_links":{"self":[{"href":"https:\/\/www.ilnotiziario.net\/wp\/wp-json\/wp\/v2\/posts\/172824","targetHints":{"allow":["GET"]}}],"collection":[{"href":"https:\/\/www.ilnotiziario.net\/wp\/wp-json\/wp\/v2\/posts"}],"about":[{"href":"https:\/\/www.ilnotiziario.net\/wp\/wp-json\/wp\/v2\/types\/post"}],"author":[{"embeddable":true,"href":"https:\/\/www.ilnotiziario.net\/wp\/wp-json\/wp\/v2\/users\/7"}],"replies":[{"embeddable":true,"href":"https:\/\/www.ilnotiziario.net\/wp\/wp-json\/wp\/v2\/comments?post=172824"}],"version-history":[{"count":0,"href":"https:\/\/www.ilnotiziario.net\/wp\/wp-json\/wp\/v2\/posts\/172824\/revisions"}],"wp:featuredmedia":[{"embeddable":true,"href":"https:\/\/www.ilnotiziario.net\/wp\/wp-json\/wp\/v2\/media\/172826"}],"wp:attachment":[{"href":"https:\/\/www.ilnotiziario.net\/wp\/wp-json\/wp\/v2\/media?parent=172824"}],"wp:term":[{"taxonomy":"category","embeddable":true,"href":"https:\/\/www.ilnotiziario.net\/wp\/wp-json\/wp\/v2\/categories?post=172824"},{"taxonomy":"post_tag","embeddable":true,"href":"https:\/\/www.ilnotiziario.net\/wp\/wp-json\/wp\/v2\/tags?post=172824"}],"curies":[{"name":"wp","href":"https:\/\/api.w.org\/{rel}","templated":true}]}}