{"id":172927,"date":"2022-10-29T12:04:48","date_gmt":"2022-10-29T10:04:48","guid":{"rendered":"https:\/\/www.ilnotiziario.net\/wp\/?p=172927"},"modified":"2022-11-09T11:49:19","modified_gmt":"2022-11-09T10:49:19","slug":"annegato-villoresi-paderno-cadavere","status":"publish","type":"post","link":"https:\/\/www.ilnotiziario.net\/wp\/nord-milano\/annegato-villoresi-paderno-cadavere\/","title":{"rendered":"Annegato nel Villoresi a Paderno, recuperato il cadavere a 4 metri di profondit\u00e0: \u00e8 senza documenti"},"content":{"rendered":"<p class=\"p1\"><span class=\"s1\">\u00c8 stato recuperato il cadavere dell&#8217;uomo annegato nel canale Villoresi a Paderno Dugnano. Le ricerche sono partite ieri pomeriggio anche con l\u2019ausilio di due elicotteri e di un gommone dopo la segnalazione di un ciclista. L&#8217;uomo per\u00f2 non aveva documenti con s\u00e9.<\/span><\/p><div id=\"ilnot-1419101408\" class=\"ilnot-contenuto ilnot-entity-placement\"><p><!-- incontent_1 --><\/p>\n<div class=\"gptslot\" data-adunitid=\"1\"><\/div>\n<\/div>\n<p><strong>AGGIORNAMENTO (31 ottobre). <a href=\"https:\/\/www.ilnotiziario.net\/wp\/2022\/10\/28\/uomo-annegato-villoresi-paderno\/\">Ancora senza nome la vittima, indagini sul telefono cellulare<\/a><\/strong><\/p>\n<h2 class=\"p1\"><span class=\"s1\">Annegato nel Villoresi a Paderno: recuperato il cadavere <\/span><\/h2>\n<p class=\"p1\"><span class=\"s1\">Lo hanno recuperato i sommozzatori dei Vigili del fuoco con l\u2019ausilio della polizia locale poco dopo le 11:30 di questa mattina. In fondo al canale Villoresi prima delle bocche di ispezione \u00e8 stato rinvenuto il cadavere del pensionato annegato ieri pomeriggio tra Limbiate e Paderno. In base al racconto di due testimoni, si sarebbe trattato di un incidente, una tragica fatalit\u00e0. Lungo la ciclabile che costeggia il canale Villoresi \u00e8 stata trovata <a href=\"https:\/\/www.ilnotiziario.net\/wp\/2022\/10\/29\/paderno-ricerche-villoresi-uomo-annegato\/\">la bicicletta e uno straccio<\/a>. Le forze dell\u2019ordine ipotizzano che si sia avvicinato all\u2019acqua per bagnare lo strofinaccio, probabilmente per pulire la bicicletta.<\/span><\/p><div id=\"ilnot-2958018152\" class=\"ilnot-contenuto_2 ilnot-entity-placement\"><div class=\"ads-wrapper\">\n<div class=\"ad-slot\">\n   <div id=\"ilnot-4132234905\" style=\"margin-right: auto;margin-left: auto;text-align: center;width: 320px;height: 100px;\"><a href=\"https:\/\/www.scuolasicurezza.it\/\"><img decoding=\"async\" src=\"https:\/\/www.ilnotiziario.net\/wp\/wp-content\/uploads\/2026\/04\/IlNotiziario_banner-sito-e-newsletter-320-x-100-px-1.gif\" alt=\"\"><\/a><\/div>\n  <\/div>\n<div class=\"ad-slot\">\n   <div id=\"ilnot-150190898\" style=\"margin-right: auto;margin-left: auto;text-align: center;width: 320px;height: 100px;\"><a href=\"https:\/\/purodesignarredamenti.com\/\"><img decoding=\"async\" src=\"https:\/\/www.ilnotiziario.net\/wp\/wp-content\/uploads\/2026\/04\/banner-puro-ok.gif\" alt=\"whatsapp\"><\/a><\/div><\/p><\/div>\n<\/div>\n<\/div>\n<h2 class=\"p1\"><span class=\"s1\">L\u2019allarme e la testimonianza: \u201cGridava aiuto\u201d<\/span><\/h2>\n<p class=\"p1\"><span class=\"s1\">Sono le 14:30, quando un testimone lo sente gridare aiuto. \u201cHo intravisto la nuca, urlava. Ho tentato di allungargli un ramo prima che la&nbsp;<\/span><span class=\"s1\">corrente lo trascinasse via\u201d, <a href=\"https:\/\/www.ilnotiziario.net\/wp\/2022\/10\/28\/uomo-annegato-villoresi-paderno\/\">racconter\u00e0 qualche minuto dopo alla polizia locale<\/a> che per prima ha raggiunto il punto della tragedia. <\/span><\/p>\n<p class=\"p1\"><span class=\"s1\">Per tutto il pomeriggio sono durate le ispezioni lungo il canale sia con elicotteri che con il&nbsp;<\/span><span class=\"s1\">gommone dei Vigili del Fuoco. Le ricerche si sono interrotte al tramonto e questa mattina sono ripartire nello stesso punto. Il sospetto \u00e8 che il corpo si fosse infilato nelle celle di ispezione nel punto in cui il Villoresi scorre sotto alla ferrovia. <\/span><\/p>\n<h2 class=\"p1\"><span class=\"s1\">Le ricerche di oggi e il recupero del cadavere: \u00e8 senza documenti<\/span><\/h2>\n<p class=\"p1\"><span class=\"s1\">Questa mattina i lavori sono iniziati con la pulizia del canale. Sono stati rimossi i quantitativi di rifiuti che si sono accumulati con il tempo. Rami, sacchi di immondizia e bottiglie sono stati recuperati con un ragno meccanico. <\/span><span class=\"s1\">Poi i sommozzatori si sono immersi a 4 metri di profondit\u00e0 individuando il cadavere. La salma dopo l\u2019autorizzazione del magistrato di turno, sar\u00e0 trasferita all\u2019obitorio.&nbsp;<\/span><\/p><div id=\"ilnot-3985905608\" class=\"ilnot-contenuto_2-2 ilnot-entity-placement\"><div class=\"gptslot\" data-adunitid=\"2\"><\/div>\n<\/div>\n<p class=\"p1\"><span class=\"s1\">Al momento non \u00e8 ancora stata resa nota la sua identit\u00e0, il pensionato non aveva con s\u00e9 i documenti. Per questo la polizia locale lancia un appello ai parenti a mettersi in contatto con il comando per denunciare la sua scomparsa. Nelle ultime ore non sarebbero pervenute segnalazioni alle forze dell\u2019ordine di persone scomparse. Si ipotizza che l\u2019uomo sulla 70ina vivesse da solo, al momento della tragedia indossava un giubbino nero in simil-pelle e una maglietta a righe. Era brizzolato con capelli corti.&nbsp;<\/span><\/p>\n<p><em>Leggi ilnotiziario anche da pc, smartphone e tablet. <a href=\"http:\/\/edicola.ilnotiziario.net\">Clicca qui per la nostra edicola digitale<\/a>!<\/em><\/p>\n","protected":false},"excerpt":{"rendered":"<p>\u00c8 stato recuperato il cadavere dell&#8217;uomo annegato nel canale Villoresi a Paderno Dugnano. Le ricerche sono partite ieri pomeriggio anche con l\u2019ausilio di due elicotteri e di un gommone dopo la segnalazione di un ciclista. L&#8217;uomo per\u00f2 non aveva documenti con s\u00e9. AGGIORNAMENTO (31 ottobre). Ancora senza nome la vittima, indagini sul telefono cellulare Annegato<\/p>\n","protected":false},"author":7,"featured_media":172928,"comment_status":"closed","ping_status":"closed","sticky":false,"template":"","format":"standard","meta":{"footnotes":""},"categories":[8,11],"tags":[39,358],"class_list":{"0":"post-172927","1":"post","2":"type-post","3":"status-publish","4":"format-standard","5":"has-post-thumbnail","7":"category-bollatese","8":"category-nord-milano","9":"tag-paderno-dugnano","10":"tag-villoresi"},"yoast_head":"<!-- This site is optimized with the Yoast SEO plugin v27.4 - https:\/\/yoast.com\/product\/yoast-seo-wordpress\/ -->\n<title>Annegato nel Villoresi a Paderno, recuperato il cadavere a 4 metri di profondit\u00e0: \u00e8 senza documenti<\/title>\n<meta name=\"description\" content=\"\u00c8 stato recuperato il cadavere dell\u2019uomo annegato nel canale Villoresi a Paderno Dugnano dopo quasi 24 ore di ricerche\" \/>\n<meta name=\"robots\" content=\"index, follow, max-snippet:-1, max-image-preview:large, max-video-preview:-1\" \/>\n<link rel=\"canonical\" href=\"https:\/\/www.ilnotiziario.net\/wp\/nord-milano\/annegato-villoresi-paderno-cadavere\/\" \/>\n<meta property=\"og:locale\" content=\"it_IT\" \/>\n<meta property=\"og:type\" content=\"article\" \/>\n<meta property=\"og:title\" content=\"Annegato nel Villoresi a Paderno, recuperato il cadavere a 4 metri di profondit\u00e0: \u00e8 senza documenti\" \/>\n<meta property=\"og:description\" content=\"\u00c8 stato recuperato il cadavere dell\u2019uomo annegato nel canale Villoresi a Paderno Dugnano dopo quasi 24 ore di ricerche\" \/>\n<meta property=\"og:url\" content=\"https:\/\/www.ilnotiziario.net\/wp\/nord-milano\/annegato-villoresi-paderno-cadavere\/\" \/>\n<meta property=\"og:site_name\" content=\"Il Notiziario\" \/>\n<meta property=\"article:publisher\" content=\"https:\/\/www.facebook.com\/ilnotiziarioind\/\" \/>\n<meta property=\"article:published_time\" content=\"2022-10-29T10:04:48+00:00\" \/>\n<meta property=\"article:modified_time\" content=\"2022-11-09T10:49:19+00:00\" \/>\n<meta property=\"og:image\" content=\"https:\/\/www.ilnotiziario.net\/wp\/wp-content\/uploads\/2022\/10\/9B71899D-77BC-4A42-AE23-91D7FF4E3D7E-scaled.jpeg\" \/>\n\t<meta property=\"og:image:width\" content=\"2560\" \/>\n\t<meta property=\"og:image:height\" content=\"1440\" \/>\n\t<meta property=\"og:image:type\" content=\"image\/jpeg\" \/>\n<meta name=\"author\" content=\"Simone Carcano\" \/>\n<meta name=\"twitter:card\" content=\"summary_large_image\" \/>\n<meta name=\"twitter:creator\" content=\"@simone_carcano\" \/>\n<meta name=\"twitter:site\" content=\"@ilNotiziarioInd\" \/>\n<meta name=\"twitter:label1\" content=\"Scritto da\" \/>\n\t<meta name=\"twitter:data1\" content=\"Simone Carcano\" \/>\n\t<meta name=\"twitter:label2\" content=\"Tempo di lettura stimato\" \/>\n\t<meta name=\"twitter:data2\" content=\"3 minuti\" \/>\n<script type=\"application\/ld+json\" class=\"yoast-schema-graph\">{\"@context\":\"https:\\\/\\\/schema.org\",\"@graph\":[{\"@type\":\"Article\",\"@id\":\"https:\\\/\\\/www.ilnotiziario.net\\\/wp\\\/nord-milano\\\/annegato-villoresi-paderno-cadavere\\\/#article\",\"isPartOf\":{\"@id\":\"https:\\\/\\\/www.ilnotiziario.net\\\/wp\\\/nord-milano\\\/annegato-villoresi-paderno-cadavere\\\/\"},\"author\":{\"name\":\"Simone Carcano\",\"@id\":\"https:\\\/\\\/www.ilnotiziario.net\\\/wp\\\/#\\\/schema\\\/person\\\/c218ad0865f96bfe2c1c2cfa719653f7\"},\"headline\":\"Annegato nel Villoresi a Paderno, recuperato il cadavere a 4 metri di profondit\u00e0: \u00e8 senza documenti\",\"datePublished\":\"2022-10-29T10:04:48+00:00\",\"dateModified\":\"2022-11-09T10:49:19+00:00\",\"mainEntityOfPage\":{\"@id\":\"https:\\\/\\\/www.ilnotiziario.net\\\/wp\\\/nord-milano\\\/annegato-villoresi-paderno-cadavere\\\/\"},\"wordCount\":459,\"publisher\":{\"@id\":\"https:\\\/\\\/www.ilnotiziario.net\\\/wp\\\/#organization\"},\"image\":{\"@id\":\"https:\\\/\\\/www.ilnotiziario.net\\\/wp\\\/nord-milano\\\/annegato-villoresi-paderno-cadavere\\\/#primaryimage\"},\"thumbnailUrl\":\"https:\\\/\\\/www.ilnotiziario.net\\\/wp\\\/wp-content\\\/uploads\\\/2022\\\/10\\\/9B71899D-77BC-4A42-AE23-91D7FF4E3D7E-scaled.jpeg\",\"keywords\":[\"Paderno Dugnano\",\"Villoresi\"],\"articleSection\":[\"BOLLATESE\",\"NORD MILANO\"],\"inLanguage\":\"it-IT\"},{\"@type\":\"WebPage\",\"@id\":\"https:\\\/\\\/www.ilnotiziario.net\\\/wp\\\/nord-milano\\\/annegato-villoresi-paderno-cadavere\\\/\",\"url\":\"https:\\\/\\\/www.ilnotiziario.net\\\/wp\\\/nord-milano\\\/annegato-villoresi-paderno-cadavere\\\/\",\"name\":\"Annegato nel Villoresi a Paderno, recuperato il cadavere a 4 metri di profondit\u00e0: \u00e8 senza documenti\",\"isPartOf\":{\"@id\":\"https:\\\/\\\/www.ilnotiziario.net\\\/wp\\\/#website\"},\"primaryImageOfPage\":{\"@id\":\"https:\\\/\\\/www.ilnotiziario.net\\\/wp\\\/nord-milano\\\/annegato-villoresi-paderno-cadavere\\\/#primaryimage\"},\"image\":{\"@id\":\"https:\\\/\\\/www.ilnotiziario.net\\\/wp\\\/nord-milano\\\/annegato-villoresi-paderno-cadavere\\\/#primaryimage\"},\"thumbnailUrl\":\"https:\\\/\\\/www.ilnotiziario.net\\\/wp\\\/wp-content\\\/uploads\\\/2022\\\/10\\\/9B71899D-77BC-4A42-AE23-91D7FF4E3D7E-scaled.jpeg\",\"datePublished\":\"2022-10-29T10:04:48+00:00\",\"dateModified\":\"2022-11-09T10:49:19+00:00\",\"description\":\"\u00c8 stato recuperato il cadavere dell\u2019uomo annegato nel canale Villoresi a Paderno Dugnano dopo quasi 24 ore di ricerche\",\"breadcrumb\":{\"@id\":\"https:\\\/\\\/www.ilnotiziario.net\\\/wp\\\/nord-milano\\\/annegato-villoresi-paderno-cadavere\\\/#breadcrumb\"},\"inLanguage\":\"it-IT\",\"potentialAction\":[{\"@type\":\"ReadAction\",\"target\":[\"https:\\\/\\\/www.ilnotiziario.net\\\/wp\\\/nord-milano\\\/annegato-villoresi-paderno-cadavere\\\/\"]}]},{\"@type\":\"ImageObject\",\"inLanguage\":\"it-IT\",\"@id\":\"https:\\\/\\\/www.ilnotiziario.net\\\/wp\\\/nord-milano\\\/annegato-villoresi-paderno-cadavere\\\/#primaryimage\",\"url\":\"https:\\\/\\\/www.ilnotiziario.net\\\/wp\\\/wp-content\\\/uploads\\\/2022\\\/10\\\/9B71899D-77BC-4A42-AE23-91D7FF4E3D7E-scaled.jpeg\",\"contentUrl\":\"https:\\\/\\\/www.ilnotiziario.net\\\/wp\\\/wp-content\\\/uploads\\\/2022\\\/10\\\/9B71899D-77BC-4A42-AE23-91D7FF4E3D7E-scaled.jpeg\",\"width\":2560,\"height\":1440},{\"@type\":\"BreadcrumbList\",\"@id\":\"https:\\\/\\\/www.ilnotiziario.net\\\/wp\\\/nord-milano\\\/annegato-villoresi-paderno-cadavere\\\/#breadcrumb\",\"itemListElement\":[{\"@type\":\"ListItem\",\"position\":1,\"name\":\"tds_text_logo_tagline_colortds_text_logo_tagline_colortds_text_logo_tagline_colortds_text_logo_tagline_colortd_module_7_title_excerpttd_module_7_title_excerpttd_module_7_title_excerpttd_module_7_title_excerptHome\",\"item\":\"https:\\\/\\\/www.ilnotiziario.net\\\/wp\\\/\"},{\"@type\":\"ListItem\",\"position\":2,\"name\":\"Annegato nel Villoresi a Paderno, recuperato il cadavere a 4 metri di profondit\u00e0: \u00e8 senza documenti\"}]},{\"@type\":\"WebSite\",\"@id\":\"https:\\\/\\\/www.ilnotiziario.net\\\/wp\\\/#website\",\"url\":\"https:\\\/\\\/www.ilnotiziario.net\\\/wp\\\/\",\"name\":\"Il Notiziario\",\"description\":\"Per restare sempre connessi alla notizia\",\"publisher\":{\"@id\":\"https:\\\/\\\/www.ilnotiziario.net\\\/wp\\\/#organization\"},\"alternateName\":\"Il Notiziario Bollate\",\"potentialAction\":[{\"@type\":\"SearchAction\",\"target\":{\"@type\":\"EntryPoint\",\"urlTemplate\":\"https:\\\/\\\/www.ilnotiziario.net\\\/wp\\\/?s={search_term_string}\"},\"query-input\":{\"@type\":\"PropertyValueSpecification\",\"valueRequired\":true,\"valueName\":\"search_term_string\"}}],\"inLanguage\":\"it-IT\"},{\"@type\":\"Organization\",\"@id\":\"https:\\\/\\\/www.ilnotiziario.net\\\/wp\\\/#organization\",\"name\":\"Il Notiziario\",\"url\":\"https:\\\/\\\/www.ilnotiziario.net\\\/wp\\\/\",\"logo\":{\"@type\":\"ImageObject\",\"inLanguage\":\"it-IT\",\"@id\":\"https:\\\/\\\/www.ilnotiziario.net\\\/wp\\\/#\\\/schema\\\/logo\\\/image\\\/\",\"url\":\"https:\\\/\\\/www.ilnotiziario.net\\\/wp\\\/wp-content\\\/uploads\\\/2022\\\/06\\\/170x170ilN.png\",\"contentUrl\":\"https:\\\/\\\/www.ilnotiziario.net\\\/wp\\\/wp-content\\\/uploads\\\/2022\\\/06\\\/170x170ilN.png\",\"width\":355,\"height\":355,\"caption\":\"Il Notiziario\"},\"image\":{\"@id\":\"https:\\\/\\\/www.ilnotiziario.net\\\/wp\\\/#\\\/schema\\\/logo\\\/image\\\/\"},\"sameAs\":[\"https:\\\/\\\/www.facebook.com\\\/ilnotiziarioind\\\/\",\"https:\\\/\\\/x.com\\\/ilNotiziarioInd\",\"https:\\\/\\\/www.instagram.com\\\/ilnotiziario_settimanale\\\/\"]},{\"@type\":\"Person\",\"@id\":\"https:\\\/\\\/www.ilnotiziario.net\\\/wp\\\/#\\\/schema\\\/person\\\/c218ad0865f96bfe2c1c2cfa719653f7\",\"name\":\"Simone Carcano\",\"image\":{\"@type\":\"ImageObject\",\"inLanguage\":\"it-IT\",\"@id\":\"https:\\\/\\\/secure.gravatar.com\\\/avatar\\\/5e677023cff2c47e9f7a896b9157a46e18bd36e7c4d000a1726bb730be7d38bb?s=96&d=mm&r=g\",\"url\":\"https:\\\/\\\/secure.gravatar.com\\\/avatar\\\/5e677023cff2c47e9f7a896b9157a46e18bd36e7c4d000a1726bb730be7d38bb?s=96&d=mm&r=g\",\"contentUrl\":\"https:\\\/\\\/secure.gravatar.com\\\/avatar\\\/5e677023cff2c47e9f7a896b9157a46e18bd36e7c4d000a1726bb730be7d38bb?s=96&d=mm&r=g\",\"caption\":\"Simone Carcano\"},\"sameAs\":[\"http:\\\/\\\/www.ilnotiziario.net\",\"https:\\\/\\\/x.com\\\/@simone_carcano\"]}]}<\/script>\n<!-- \/ Yoast SEO plugin. -->","yoast_head_json":{"title":"Annegato nel Villoresi a Paderno, recuperato il cadavere a 4 metri di profondit\u00e0: \u00e8 senza documenti","description":"\u00c8 stato recuperato il cadavere dell\u2019uomo annegato nel canale Villoresi a Paderno Dugnano dopo quasi 24 ore di ricerche","robots":{"index":"index","follow":"follow","max-snippet":"max-snippet:-1","max-image-preview":"max-image-preview:large","max-video-preview":"max-video-preview:-1"},"canonical":"https:\/\/www.ilnotiziario.net\/wp\/nord-milano\/annegato-villoresi-paderno-cadavere\/","og_locale":"it_IT","og_type":"article","og_title":"Annegato nel Villoresi a Paderno, recuperato il cadavere a 4 metri di profondit\u00e0: \u00e8 senza documenti","og_description":"\u00c8 stato recuperato il cadavere dell\u2019uomo annegato nel canale Villoresi a Paderno Dugnano dopo quasi 24 ore di ricerche","og_url":"https:\/\/www.ilnotiziario.net\/wp\/nord-milano\/annegato-villoresi-paderno-cadavere\/","og_site_name":"Il Notiziario","article_publisher":"https:\/\/www.facebook.com\/ilnotiziarioind\/","article_published_time":"2022-10-29T10:04:48+00:00","article_modified_time":"2022-11-09T10:49:19+00:00","og_image":[{"width":2560,"height":1440,"url":"https:\/\/www.ilnotiziario.net\/wp\/wp-content\/uploads\/2022\/10\/9B71899D-77BC-4A42-AE23-91D7FF4E3D7E-scaled.jpeg","type":"image\/jpeg"}],"author":"Simone Carcano","twitter_card":"summary_large_image","twitter_creator":"@simone_carcano","twitter_site":"@ilNotiziarioInd","twitter_misc":{"Scritto da":"Simone Carcano","Tempo di lettura stimato":"3 minuti"},"schema":{"@context":"https:\/\/schema.org","@graph":[{"@type":"Article","@id":"https:\/\/www.ilnotiziario.net\/wp\/nord-milano\/annegato-villoresi-paderno-cadavere\/#article","isPartOf":{"@id":"https:\/\/www.ilnotiziario.net\/wp\/nord-milano\/annegato-villoresi-paderno-cadavere\/"},"author":{"name":"Simone Carcano","@id":"https:\/\/www.ilnotiziario.net\/wp\/#\/schema\/person\/c218ad0865f96bfe2c1c2cfa719653f7"},"headline":"Annegato nel Villoresi a Paderno, recuperato il cadavere a 4 metri di profondit\u00e0: \u00e8 senza documenti","datePublished":"2022-10-29T10:04:48+00:00","dateModified":"2022-11-09T10:49:19+00:00","mainEntityOfPage":{"@id":"https:\/\/www.ilnotiziario.net\/wp\/nord-milano\/annegato-villoresi-paderno-cadavere\/"},"wordCount":459,"publisher":{"@id":"https:\/\/www.ilnotiziario.net\/wp\/#organization"},"image":{"@id":"https:\/\/www.ilnotiziario.net\/wp\/nord-milano\/annegato-villoresi-paderno-cadavere\/#primaryimage"},"thumbnailUrl":"https:\/\/www.ilnotiziario.net\/wp\/wp-content\/uploads\/2022\/10\/9B71899D-77BC-4A42-AE23-91D7FF4E3D7E-scaled.jpeg","keywords":["Paderno Dugnano","Villoresi"],"articleSection":["BOLLATESE","NORD MILANO"],"inLanguage":"it-IT"},{"@type":"WebPage","@id":"https:\/\/www.ilnotiziario.net\/wp\/nord-milano\/annegato-villoresi-paderno-cadavere\/","url":"https:\/\/www.ilnotiziario.net\/wp\/nord-milano\/annegato-villoresi-paderno-cadavere\/","name":"Annegato nel Villoresi a Paderno, recuperato il cadavere a 4 metri di profondit\u00e0: \u00e8 senza documenti","isPartOf":{"@id":"https:\/\/www.ilnotiziario.net\/wp\/#website"},"primaryImageOfPage":{"@id":"https:\/\/www.ilnotiziario.net\/wp\/nord-milano\/annegato-villoresi-paderno-cadavere\/#primaryimage"},"image":{"@id":"https:\/\/www.ilnotiziario.net\/wp\/nord-milano\/annegato-villoresi-paderno-cadavere\/#primaryimage"},"thumbnailUrl":"https:\/\/www.ilnotiziario.net\/wp\/wp-content\/uploads\/2022\/10\/9B71899D-77BC-4A42-AE23-91D7FF4E3D7E-scaled.jpeg","datePublished":"2022-10-29T10:04:48+00:00","dateModified":"2022-11-09T10:49:19+00:00","description":"\u00c8 stato recuperato il cadavere dell\u2019uomo annegato nel canale Villoresi a Paderno Dugnano dopo quasi 24 ore di ricerche","breadcrumb":{"@id":"https:\/\/www.ilnotiziario.net\/wp\/nord-milano\/annegato-villoresi-paderno-cadavere\/#breadcrumb"},"inLanguage":"it-IT","potentialAction":[{"@type":"ReadAction","target":["https:\/\/www.ilnotiziario.net\/wp\/nord-milano\/annegato-villoresi-paderno-cadavere\/"]}]},{"@type":"ImageObject","inLanguage":"it-IT","@id":"https:\/\/www.ilnotiziario.net\/wp\/nord-milano\/annegato-villoresi-paderno-cadavere\/#primaryimage","url":"https:\/\/www.ilnotiziario.net\/wp\/wp-content\/uploads\/2022\/10\/9B71899D-77BC-4A42-AE23-91D7FF4E3D7E-scaled.jpeg","contentUrl":"https:\/\/www.ilnotiziario.net\/wp\/wp-content\/uploads\/2022\/10\/9B71899D-77BC-4A42-AE23-91D7FF4E3D7E-scaled.jpeg","width":2560,"height":1440},{"@type":"BreadcrumbList","@id":"https:\/\/www.ilnotiziario.net\/wp\/nord-milano\/annegato-villoresi-paderno-cadavere\/#breadcrumb","itemListElement":[{"@type":"ListItem","position":1,"name":"tds_text_logo_tagline_colortds_text_logo_tagline_colortds_text_logo_tagline_colortds_text_logo_tagline_colortd_module_7_title_excerpttd_module_7_title_excerpttd_module_7_title_excerpttd_module_7_title_excerptHome","item":"https:\/\/www.ilnotiziario.net\/wp\/"},{"@type":"ListItem","position":2,"name":"Annegato nel Villoresi a Paderno, recuperato il cadavere a 4 metri di profondit\u00e0: \u00e8 senza documenti"}]},{"@type":"WebSite","@id":"https:\/\/www.ilnotiziario.net\/wp\/#website","url":"https:\/\/www.ilnotiziario.net\/wp\/","name":"Il Notiziario","description":"Per restare sempre connessi alla notizia","publisher":{"@id":"https:\/\/www.ilnotiziario.net\/wp\/#organization"},"alternateName":"Il Notiziario Bollate","potentialAction":[{"@type":"SearchAction","target":{"@type":"EntryPoint","urlTemplate":"https:\/\/www.ilnotiziario.net\/wp\/?s={search_term_string}"},"query-input":{"@type":"PropertyValueSpecification","valueRequired":true,"valueName":"search_term_string"}}],"inLanguage":"it-IT"},{"@type":"Organization","@id":"https:\/\/www.ilnotiziario.net\/wp\/#organization","name":"Il Notiziario","url":"https:\/\/www.ilnotiziario.net\/wp\/","logo":{"@type":"ImageObject","inLanguage":"it-IT","@id":"https:\/\/www.ilnotiziario.net\/wp\/#\/schema\/logo\/image\/","url":"https:\/\/www.ilnotiziario.net\/wp\/wp-content\/uploads\/2022\/06\/170x170ilN.png","contentUrl":"https:\/\/www.ilnotiziario.net\/wp\/wp-content\/uploads\/2022\/06\/170x170ilN.png","width":355,"height":355,"caption":"Il Notiziario"},"image":{"@id":"https:\/\/www.ilnotiziario.net\/wp\/#\/schema\/logo\/image\/"},"sameAs":["https:\/\/www.facebook.com\/ilnotiziarioind\/","https:\/\/x.com\/ilNotiziarioInd","https:\/\/www.instagram.com\/ilnotiziario_settimanale\/"]},{"@type":"Person","@id":"https:\/\/www.ilnotiziario.net\/wp\/#\/schema\/person\/c218ad0865f96bfe2c1c2cfa719653f7","name":"Simone Carcano","image":{"@type":"ImageObject","inLanguage":"it-IT","@id":"https:\/\/secure.gravatar.com\/avatar\/5e677023cff2c47e9f7a896b9157a46e18bd36e7c4d000a1726bb730be7d38bb?s=96&d=mm&r=g","url":"https:\/\/secure.gravatar.com\/avatar\/5e677023cff2c47e9f7a896b9157a46e18bd36e7c4d000a1726bb730be7d38bb?s=96&d=mm&r=g","contentUrl":"https:\/\/secure.gravatar.com\/avatar\/5e677023cff2c47e9f7a896b9157a46e18bd36e7c4d000a1726bb730be7d38bb?s=96&d=mm&r=g","caption":"Simone Carcano"},"sameAs":["http:\/\/www.ilnotiziario.net","https:\/\/x.com\/@simone_carcano"]}]}},"_links":{"self":[{"href":"https:\/\/www.ilnotiziario.net\/wp\/wp-json\/wp\/v2\/posts\/172927","targetHints":{"allow":["GET"]}}],"collection":[{"href":"https:\/\/www.ilnotiziario.net\/wp\/wp-json\/wp\/v2\/posts"}],"about":[{"href":"https:\/\/www.ilnotiziario.net\/wp\/wp-json\/wp\/v2\/types\/post"}],"author":[{"embeddable":true,"href":"https:\/\/www.ilnotiziario.net\/wp\/wp-json\/wp\/v2\/users\/7"}],"replies":[{"embeddable":true,"href":"https:\/\/www.ilnotiziario.net\/wp\/wp-json\/wp\/v2\/comments?post=172927"}],"version-history":[{"count":0,"href":"https:\/\/www.ilnotiziario.net\/wp\/wp-json\/wp\/v2\/posts\/172927\/revisions"}],"wp:featuredmedia":[{"embeddable":true,"href":"https:\/\/www.ilnotiziario.net\/wp\/wp-json\/wp\/v2\/media\/172928"}],"wp:attachment":[{"href":"https:\/\/www.ilnotiziario.net\/wp\/wp-json\/wp\/v2\/media?parent=172927"}],"wp:term":[{"taxonomy":"category","embeddable":true,"href":"https:\/\/www.ilnotiziario.net\/wp\/wp-json\/wp\/v2\/categories?post=172927"},{"taxonomy":"post_tag","embeddable":true,"href":"https:\/\/www.ilnotiziario.net\/wp\/wp-json\/wp\/v2\/tags?post=172927"}],"curies":[{"name":"wp","href":"https:\/\/api.w.org\/{rel}","templated":true}]}}