{"id":173109,"date":"2022-11-02T10:15:05","date_gmt":"2022-11-02T09:15:05","guid":{"rendered":"https:\/\/www.ilnotiziario.net\/wp\/?p=173109"},"modified":"2022-11-02T09:49:04","modified_gmt":"2022-11-02T08:49:04","slug":"comportamento-cani-adottati-due-serate-con-lenpa-per-capirli","status":"publish","type":"post","link":"https:\/\/www.ilnotiziario.net\/wp\/prima-pagina\/comportamento-cani-adottati-due-serate-con-lenpa-per-capirli\/","title":{"rendered":"Comportamento cani adottati, due serate con l&#8217;Enpa per capirli"},"content":{"rendered":"<p>Due serate, due appuntamenti per capire il comportamento dei cani adottati grazie all&#8217;Enpa. Momenti di confronto e di indicazioni grazie alla sezione brianzola dell&#8217;Enpa, che <strong>propone per marted\u00ec 15 e mercoled\u00ec 16 due appuntamenti per conoscere pi\u00f9 a fondo il comportamento dei cani adottati.<\/strong> Gli eventi si potranno seguire in diretta sulla piattaforma Zoom, in un secondo momento attraverso le registrazioni, oppure in presenza al Rifugio di via San Damiano, a Monza.<\/p><div id=\"ilnot-3310350209\" class=\"ilnot-contenuto ilnot-entity-placement\"><p><!-- incontent_1 --><\/p>\n<div class=\"gptslot\" data-adunitid=\"1\"><\/div>\n<\/div>\n<h2>Comportamento dei cani adottati, le due serate con Enpa<\/h2>\n<p>Si chiama \u201cFinalmente a casa! Le principali difficolt\u00e0 di comportamento dei cani adottati dai canili\u201d la doppia serata di appuntamenti con Enpa, in cui si parler\u00e0 delle problematiche che si trovano ad affrontare spesso le persone che decidono di adottare un cane. <strong>Si va dall&#8217;integrazione al contesto familiare, con le sue dinamiche e i suoi ritmi, alla presa in confidenza del nuovo spazio domestico. Sino alla convivenza con altri animali domestici e alle persone che in quell&#8217;abitazione ci abitano.<\/strong> Tutti aspetti che possono incidere sul comportamento dei cani e che &#8211; se affrontati con consapevolezza preventiva &#8211; possono aiutare i padroni ad avere un approccio quanto pi\u00f9 funzionale all&#8217;adattamento degli animali. <a href=\"https:\/\/www.ilnotiziario.net\/wp\/2022\/11\/01\/solaro-8-cuccioli-appena-nati-gettati-nel-parco-delle-groane-in-una-busta-salvati-in-7\/\">Prevenendo anche pentimenti tardivi o comportamenti sbagliati<\/a>.<\/p>\n<h2>L&#8217;incontro con gli esperti e le attivit\u00e0 di Enpa<\/h2>\n<p>Durante le due serate organizzate da Enpa, interventi dell&#8217;<strong>istruttore cinofilo Ivano Vitalini, che affronter\u00e0 queste tematiche insieme a Elena Garoni<\/strong>, medico veterinario comportamentalista. Prevista prenotazione obbligatoria <a href=\"http:\/\/www.enpamonza.it\/conferenza-webinar-2\">sul sito Enpa<\/a>. Iscrizioni a offerta libera, a sostegno delle attivit\u00e0 svolte della sezione brianzola di Enpa.<\/p><div id=\"ilnot-710919639\" class=\"ilnot-contenuto_2 ilnot-entity-placement\"><div class=\"ads-wrapper\">\n<div class=\"ad-slot\">\n   <div id=\"ilnot-856808419\" style=\"margin-right: auto;margin-left: auto;text-align: center;width: 320px;height: 100px;\"><a href=\"https:\/\/www.scuolasicurezza.it\/\"><img decoding=\"async\" src=\"https:\/\/www.ilnotiziario.net\/wp\/wp-content\/uploads\/2026\/04\/IlNotiziario_banner-sito-e-newsletter-320-x-100-px-1.gif\" alt=\"\"><\/a><\/div>\n  <\/div>\n<div class=\"ad-slot\">\n   <div id=\"ilnot-1537176135\" style=\"margin-right: auto;margin-left: auto;text-align: center;width: 320px;height: 100px;\"><a href=\"https:\/\/purodesignarredamenti.com\/\"><img decoding=\"async\" src=\"https:\/\/www.ilnotiziario.net\/wp\/wp-content\/uploads\/2026\/04\/banner-puro-ok.gif\" alt=\"whatsapp\"><\/a><\/div><\/p><\/div>\n<\/div>\n<\/div>\n<p><strong>Redazione web<\/strong><\/p>\n<p><strong><em>Leggi ilnotiziario anche da pc, smartphone e tablet.&nbsp;<\/em><a href=\"http:\/\/edicola.ilnotiziario.net\/\">Clicca qui per la nostra edicola digitale<\/a><\/strong><\/p>\n","protected":false},"excerpt":{"rendered":"<p>Due serate, due appuntamenti per capire il comportamento dei cani adottati grazie all&#8217;Enpa. Momenti di confronto e di indicazioni grazie alla sezione brianzola dell&#8217;Enpa, che propone per marted\u00ec 15 e mercoled\u00ec 16 due appuntamenti per conoscere pi\u00f9 a fondo il comportamento dei cani adottati. Gli eventi si potranno seguire in diretta sulla piattaforma Zoom, in<\/p>\n","protected":false},"author":3,"featured_media":167155,"comment_status":"closed","ping_status":"closed","sticky":false,"template":"","format":"standard","meta":{"footnotes":""},"categories":[4193,20],"tags":[435,11059,434,11058],"class_list":{"0":"post-173109","1":"post","2":"type-post","3":"status-publish","4":"format-standard","5":"has-post-thumbnail","7":"category-buonoasapersi","8":"category-prima-pagina","9":"tag-cani","10":"tag-cani-adottati","11":"tag-enpa","12":"tag-enpa-monza-e-brianza"},"yoast_head":"<!-- This site is optimized with the Yoast SEO plugin v27.4 - https:\/\/yoast.com\/product\/yoast-seo-wordpress\/ -->\n<title>Due serate Enpa per il comportamento cani adottati - Il Notiziario<\/title>\n<meta name=\"description\" content=\"Due appuntamenti con Enpa per capire il comportamento dei cani adottati: dall&#039;inserimento in un contesto familiare agli spazi a disposizione\" \/>\n<meta name=\"robots\" content=\"index, follow, max-snippet:-1, max-image-preview:large, max-video-preview:-1\" \/>\n<link rel=\"canonical\" href=\"https:\/\/www.ilnotiziario.net\/wp\/prima-pagina\/comportamento-cani-adottati-due-serate-con-lenpa-per-capirli\/\" \/>\n<meta property=\"og:locale\" content=\"it_IT\" \/>\n<meta property=\"og:type\" content=\"article\" \/>\n<meta property=\"og:title\" content=\"Due serate Enpa per il comportamento cani adottati - Il Notiziario\" \/>\n<meta property=\"og:description\" content=\"Due appuntamenti con Enpa per capire il comportamento dei cani adottati: dall&#039;inserimento in un contesto familiare agli spazi a disposizione\" \/>\n<meta property=\"og:url\" content=\"https:\/\/www.ilnotiziario.net\/wp\/prima-pagina\/comportamento-cani-adottati-due-serate-con-lenpa-per-capirli\/\" \/>\n<meta property=\"og:site_name\" content=\"Il Notiziario\" \/>\n<meta property=\"article:publisher\" content=\"https:\/\/www.facebook.com\/ilnotiziarioind\/\" \/>\n<meta property=\"article:published_time\" content=\"2022-11-02T09:15:05+00:00\" \/>\n<meta property=\"og:image\" content=\"https:\/\/www.ilnotiziario.net\/wp\/wp-content\/uploads\/2022\/06\/canile-aaa.jpg\" \/>\n\t<meta property=\"og:image:width\" content=\"1023\" \/>\n\t<meta property=\"og:image:height\" content=\"1022\" \/>\n\t<meta property=\"og:image:type\" content=\"image\/jpeg\" \/>\n<meta name=\"author\" content=\"Gabriele Bassani\" \/>\n<meta name=\"twitter:card\" content=\"summary_large_image\" \/>\n<meta name=\"twitter:creator\" content=\"@ilNotiziarioInd\" \/>\n<meta name=\"twitter:site\" content=\"@ilNotiziarioInd\" \/>\n<meta name=\"twitter:label1\" content=\"Scritto da\" \/>\n\t<meta name=\"twitter:data1\" content=\"Gabriele Bassani\" \/>\n\t<meta name=\"twitter:label2\" content=\"Tempo di lettura stimato\" \/>\n\t<meta name=\"twitter:data2\" content=\"2 minuti\" \/>\n<script type=\"application\/ld+json\" class=\"yoast-schema-graph\">{\"@context\":\"https:\\\/\\\/schema.org\",\"@graph\":[{\"@type\":\"Article\",\"@id\":\"https:\\\/\\\/www.ilnotiziario.net\\\/wp\\\/prima-pagina\\\/comportamento-cani-adottati-due-serate-con-lenpa-per-capirli\\\/#article\",\"isPartOf\":{\"@id\":\"https:\\\/\\\/www.ilnotiziario.net\\\/wp\\\/prima-pagina\\\/comportamento-cani-adottati-due-serate-con-lenpa-per-capirli\\\/\"},\"author\":{\"name\":\"Gabriele Bassani\",\"@id\":\"https:\\\/\\\/www.ilnotiziario.net\\\/wp\\\/#\\\/schema\\\/person\\\/386e222908f898bb41c033989482bbf2\"},\"headline\":\"Comportamento cani adottati, due serate con l&#8217;Enpa per capirli\",\"datePublished\":\"2022-11-02T09:15:05+00:00\",\"mainEntityOfPage\":{\"@id\":\"https:\\\/\\\/www.ilnotiziario.net\\\/wp\\\/prima-pagina\\\/comportamento-cani-adottati-due-serate-con-lenpa-per-capirli\\\/\"},\"wordCount\":284,\"publisher\":{\"@id\":\"https:\\\/\\\/www.ilnotiziario.net\\\/wp\\\/#organization\"},\"image\":{\"@id\":\"https:\\\/\\\/www.ilnotiziario.net\\\/wp\\\/prima-pagina\\\/comportamento-cani-adottati-due-serate-con-lenpa-per-capirli\\\/#primaryimage\"},\"thumbnailUrl\":\"https:\\\/\\\/www.ilnotiziario.net\\\/wp\\\/wp-content\\\/uploads\\\/2022\\\/06\\\/canile-aaa.jpg\",\"keywords\":[\"cani\",\"cani adottati\",\"Enpa\",\"enpa monza e brianza\"],\"articleSection\":[\"BUONO A SAPERSI\",\"Prima Pagina\"],\"inLanguage\":\"it-IT\"},{\"@type\":\"WebPage\",\"@id\":\"https:\\\/\\\/www.ilnotiziario.net\\\/wp\\\/prima-pagina\\\/comportamento-cani-adottati-due-serate-con-lenpa-per-capirli\\\/\",\"url\":\"https:\\\/\\\/www.ilnotiziario.net\\\/wp\\\/prima-pagina\\\/comportamento-cani-adottati-due-serate-con-lenpa-per-capirli\\\/\",\"name\":\"Due serate Enpa per il comportamento cani adottati - Il Notiziario\",\"isPartOf\":{\"@id\":\"https:\\\/\\\/www.ilnotiziario.net\\\/wp\\\/#website\"},\"primaryImageOfPage\":{\"@id\":\"https:\\\/\\\/www.ilnotiziario.net\\\/wp\\\/prima-pagina\\\/comportamento-cani-adottati-due-serate-con-lenpa-per-capirli\\\/#primaryimage\"},\"image\":{\"@id\":\"https:\\\/\\\/www.ilnotiziario.net\\\/wp\\\/prima-pagina\\\/comportamento-cani-adottati-due-serate-con-lenpa-per-capirli\\\/#primaryimage\"},\"thumbnailUrl\":\"https:\\\/\\\/www.ilnotiziario.net\\\/wp\\\/wp-content\\\/uploads\\\/2022\\\/06\\\/canile-aaa.jpg\",\"datePublished\":\"2022-11-02T09:15:05+00:00\",\"description\":\"Due appuntamenti con Enpa per capire il comportamento dei cani adottati: dall'inserimento in un contesto familiare agli spazi a disposizione\",\"breadcrumb\":{\"@id\":\"https:\\\/\\\/www.ilnotiziario.net\\\/wp\\\/prima-pagina\\\/comportamento-cani-adottati-due-serate-con-lenpa-per-capirli\\\/#breadcrumb\"},\"inLanguage\":\"it-IT\",\"potentialAction\":[{\"@type\":\"ReadAction\",\"target\":[\"https:\\\/\\\/www.ilnotiziario.net\\\/wp\\\/prima-pagina\\\/comportamento-cani-adottati-due-serate-con-lenpa-per-capirli\\\/\"]}]},{\"@type\":\"ImageObject\",\"inLanguage\":\"it-IT\",\"@id\":\"https:\\\/\\\/www.ilnotiziario.net\\\/wp\\\/prima-pagina\\\/comportamento-cani-adottati-due-serate-con-lenpa-per-capirli\\\/#primaryimage\",\"url\":\"https:\\\/\\\/www.ilnotiziario.net\\\/wp\\\/wp-content\\\/uploads\\\/2022\\\/06\\\/canile-aaa.jpg\",\"contentUrl\":\"https:\\\/\\\/www.ilnotiziario.net\\\/wp\\\/wp-content\\\/uploads\\\/2022\\\/06\\\/canile-aaa.jpg\",\"width\":1023,\"height\":1022,\"caption\":\"Canile lagher a Cornaredo\"},{\"@type\":\"BreadcrumbList\",\"@id\":\"https:\\\/\\\/www.ilnotiziario.net\\\/wp\\\/prima-pagina\\\/comportamento-cani-adottati-due-serate-con-lenpa-per-capirli\\\/#breadcrumb\",\"itemListElement\":[{\"@type\":\"ListItem\",\"position\":1,\"name\":\"tds_text_logo_tagline_colortds_text_logo_tagline_colortds_text_logo_tagline_colortds_text_logo_tagline_colortd_module_7_title_excerpttd_module_7_title_excerpttd_module_7_title_excerpttd_module_7_title_excerptHome\",\"item\":\"https:\\\/\\\/www.ilnotiziario.net\\\/wp\\\/\"},{\"@type\":\"ListItem\",\"position\":2,\"name\":\"Comportamento cani adottati, due serate con l&#8217;Enpa per capirli\"}]},{\"@type\":\"WebSite\",\"@id\":\"https:\\\/\\\/www.ilnotiziario.net\\\/wp\\\/#website\",\"url\":\"https:\\\/\\\/www.ilnotiziario.net\\\/wp\\\/\",\"name\":\"Il Notiziario\",\"description\":\"Per restare sempre connessi alla notizia\",\"publisher\":{\"@id\":\"https:\\\/\\\/www.ilnotiziario.net\\\/wp\\\/#organization\"},\"alternateName\":\"Il Notiziario Bollate\",\"potentialAction\":[{\"@type\":\"SearchAction\",\"target\":{\"@type\":\"EntryPoint\",\"urlTemplate\":\"https:\\\/\\\/www.ilnotiziario.net\\\/wp\\\/?s={search_term_string}\"},\"query-input\":{\"@type\":\"PropertyValueSpecification\",\"valueRequired\":true,\"valueName\":\"search_term_string\"}}],\"inLanguage\":\"it-IT\"},{\"@type\":\"Organization\",\"@id\":\"https:\\\/\\\/www.ilnotiziario.net\\\/wp\\\/#organization\",\"name\":\"Il Notiziario\",\"url\":\"https:\\\/\\\/www.ilnotiziario.net\\\/wp\\\/\",\"logo\":{\"@type\":\"ImageObject\",\"inLanguage\":\"it-IT\",\"@id\":\"https:\\\/\\\/www.ilnotiziario.net\\\/wp\\\/#\\\/schema\\\/logo\\\/image\\\/\",\"url\":\"https:\\\/\\\/www.ilnotiziario.net\\\/wp\\\/wp-content\\\/uploads\\\/2022\\\/06\\\/170x170ilN.png\",\"contentUrl\":\"https:\\\/\\\/www.ilnotiziario.net\\\/wp\\\/wp-content\\\/uploads\\\/2022\\\/06\\\/170x170ilN.png\",\"width\":355,\"height\":355,\"caption\":\"Il Notiziario\"},\"image\":{\"@id\":\"https:\\\/\\\/www.ilnotiziario.net\\\/wp\\\/#\\\/schema\\\/logo\\\/image\\\/\"},\"sameAs\":[\"https:\\\/\\\/www.facebook.com\\\/ilnotiziarioind\\\/\",\"https:\\\/\\\/x.com\\\/ilNotiziarioInd\",\"https:\\\/\\\/www.instagram.com\\\/ilnotiziario_settimanale\\\/\"]},{\"@type\":\"Person\",\"@id\":\"https:\\\/\\\/www.ilnotiziario.net\\\/wp\\\/#\\\/schema\\\/person\\\/386e222908f898bb41c033989482bbf2\",\"name\":\"Gabriele Bassani\",\"image\":{\"@type\":\"ImageObject\",\"inLanguage\":\"it-IT\",\"@id\":\"https:\\\/\\\/secure.gravatar.com\\\/avatar\\\/09274f4a84fa97698bde56f84b3afed61c8492d48b0550db9671b68c177479cb?s=96&d=mm&r=g\",\"url\":\"https:\\\/\\\/secure.gravatar.com\\\/avatar\\\/09274f4a84fa97698bde56f84b3afed61c8492d48b0550db9671b68c177479cb?s=96&d=mm&r=g\",\"contentUrl\":\"https:\\\/\\\/secure.gravatar.com\\\/avatar\\\/09274f4a84fa97698bde56f84b3afed61c8492d48b0550db9671b68c177479cb?s=96&d=mm&r=g\",\"caption\":\"Gabriele Bassani\"},\"sameAs\":[\"http:\\\/\\\/www.ilnotiziario.net\"]}]}<\/script>\n<!-- \/ Yoast SEO plugin. -->","yoast_head_json":{"title":"Due serate Enpa per il comportamento cani adottati - Il Notiziario","description":"Due appuntamenti con Enpa per capire il comportamento dei cani adottati: dall'inserimento in un contesto familiare agli spazi a disposizione","robots":{"index":"index","follow":"follow","max-snippet":"max-snippet:-1","max-image-preview":"max-image-preview:large","max-video-preview":"max-video-preview:-1"},"canonical":"https:\/\/www.ilnotiziario.net\/wp\/prima-pagina\/comportamento-cani-adottati-due-serate-con-lenpa-per-capirli\/","og_locale":"it_IT","og_type":"article","og_title":"Due serate Enpa per il comportamento cani adottati - Il Notiziario","og_description":"Due appuntamenti con Enpa per capire il comportamento dei cani adottati: dall'inserimento in un contesto familiare agli spazi a disposizione","og_url":"https:\/\/www.ilnotiziario.net\/wp\/prima-pagina\/comportamento-cani-adottati-due-serate-con-lenpa-per-capirli\/","og_site_name":"Il Notiziario","article_publisher":"https:\/\/www.facebook.com\/ilnotiziarioind\/","article_published_time":"2022-11-02T09:15:05+00:00","og_image":[{"width":1023,"height":1022,"url":"https:\/\/www.ilnotiziario.net\/wp\/wp-content\/uploads\/2022\/06\/canile-aaa.jpg","type":"image\/jpeg"}],"author":"Gabriele Bassani","twitter_card":"summary_large_image","twitter_creator":"@ilNotiziarioInd","twitter_site":"@ilNotiziarioInd","twitter_misc":{"Scritto da":"Gabriele Bassani","Tempo di lettura stimato":"2 minuti"},"schema":{"@context":"https:\/\/schema.org","@graph":[{"@type":"Article","@id":"https:\/\/www.ilnotiziario.net\/wp\/prima-pagina\/comportamento-cani-adottati-due-serate-con-lenpa-per-capirli\/#article","isPartOf":{"@id":"https:\/\/www.ilnotiziario.net\/wp\/prima-pagina\/comportamento-cani-adottati-due-serate-con-lenpa-per-capirli\/"},"author":{"name":"Gabriele Bassani","@id":"https:\/\/www.ilnotiziario.net\/wp\/#\/schema\/person\/386e222908f898bb41c033989482bbf2"},"headline":"Comportamento cani adottati, due serate con l&#8217;Enpa per capirli","datePublished":"2022-11-02T09:15:05+00:00","mainEntityOfPage":{"@id":"https:\/\/www.ilnotiziario.net\/wp\/prima-pagina\/comportamento-cani-adottati-due-serate-con-lenpa-per-capirli\/"},"wordCount":284,"publisher":{"@id":"https:\/\/www.ilnotiziario.net\/wp\/#organization"},"image":{"@id":"https:\/\/www.ilnotiziario.net\/wp\/prima-pagina\/comportamento-cani-adottati-due-serate-con-lenpa-per-capirli\/#primaryimage"},"thumbnailUrl":"https:\/\/www.ilnotiziario.net\/wp\/wp-content\/uploads\/2022\/06\/canile-aaa.jpg","keywords":["cani","cani adottati","Enpa","enpa monza e brianza"],"articleSection":["BUONO A SAPERSI","Prima Pagina"],"inLanguage":"it-IT"},{"@type":"WebPage","@id":"https:\/\/www.ilnotiziario.net\/wp\/prima-pagina\/comportamento-cani-adottati-due-serate-con-lenpa-per-capirli\/","url":"https:\/\/www.ilnotiziario.net\/wp\/prima-pagina\/comportamento-cani-adottati-due-serate-con-lenpa-per-capirli\/","name":"Due serate Enpa per il comportamento cani adottati - Il Notiziario","isPartOf":{"@id":"https:\/\/www.ilnotiziario.net\/wp\/#website"},"primaryImageOfPage":{"@id":"https:\/\/www.ilnotiziario.net\/wp\/prima-pagina\/comportamento-cani-adottati-due-serate-con-lenpa-per-capirli\/#primaryimage"},"image":{"@id":"https:\/\/www.ilnotiziario.net\/wp\/prima-pagina\/comportamento-cani-adottati-due-serate-con-lenpa-per-capirli\/#primaryimage"},"thumbnailUrl":"https:\/\/www.ilnotiziario.net\/wp\/wp-content\/uploads\/2022\/06\/canile-aaa.jpg","datePublished":"2022-11-02T09:15:05+00:00","description":"Due appuntamenti con Enpa per capire il comportamento dei cani adottati: dall'inserimento in un contesto familiare agli spazi a disposizione","breadcrumb":{"@id":"https:\/\/www.ilnotiziario.net\/wp\/prima-pagina\/comportamento-cani-adottati-due-serate-con-lenpa-per-capirli\/#breadcrumb"},"inLanguage":"it-IT","potentialAction":[{"@type":"ReadAction","target":["https:\/\/www.ilnotiziario.net\/wp\/prima-pagina\/comportamento-cani-adottati-due-serate-con-lenpa-per-capirli\/"]}]},{"@type":"ImageObject","inLanguage":"it-IT","@id":"https:\/\/www.ilnotiziario.net\/wp\/prima-pagina\/comportamento-cani-adottati-due-serate-con-lenpa-per-capirli\/#primaryimage","url":"https:\/\/www.ilnotiziario.net\/wp\/wp-content\/uploads\/2022\/06\/canile-aaa.jpg","contentUrl":"https:\/\/www.ilnotiziario.net\/wp\/wp-content\/uploads\/2022\/06\/canile-aaa.jpg","width":1023,"height":1022,"caption":"Canile lagher a Cornaredo"},{"@type":"BreadcrumbList","@id":"https:\/\/www.ilnotiziario.net\/wp\/prima-pagina\/comportamento-cani-adottati-due-serate-con-lenpa-per-capirli\/#breadcrumb","itemListElement":[{"@type":"ListItem","position":1,"name":"tds_text_logo_tagline_colortds_text_logo_tagline_colortds_text_logo_tagline_colortds_text_logo_tagline_colortd_module_7_title_excerpttd_module_7_title_excerpttd_module_7_title_excerpttd_module_7_title_excerptHome","item":"https:\/\/www.ilnotiziario.net\/wp\/"},{"@type":"ListItem","position":2,"name":"Comportamento cani adottati, due serate con l&#8217;Enpa per capirli"}]},{"@type":"WebSite","@id":"https:\/\/www.ilnotiziario.net\/wp\/#website","url":"https:\/\/www.ilnotiziario.net\/wp\/","name":"Il Notiziario","description":"Per restare sempre connessi alla notizia","publisher":{"@id":"https:\/\/www.ilnotiziario.net\/wp\/#organization"},"alternateName":"Il Notiziario Bollate","potentialAction":[{"@type":"SearchAction","target":{"@type":"EntryPoint","urlTemplate":"https:\/\/www.ilnotiziario.net\/wp\/?s={search_term_string}"},"query-input":{"@type":"PropertyValueSpecification","valueRequired":true,"valueName":"search_term_string"}}],"inLanguage":"it-IT"},{"@type":"Organization","@id":"https:\/\/www.ilnotiziario.net\/wp\/#organization","name":"Il Notiziario","url":"https:\/\/www.ilnotiziario.net\/wp\/","logo":{"@type":"ImageObject","inLanguage":"it-IT","@id":"https:\/\/www.ilnotiziario.net\/wp\/#\/schema\/logo\/image\/","url":"https:\/\/www.ilnotiziario.net\/wp\/wp-content\/uploads\/2022\/06\/170x170ilN.png","contentUrl":"https:\/\/www.ilnotiziario.net\/wp\/wp-content\/uploads\/2022\/06\/170x170ilN.png","width":355,"height":355,"caption":"Il Notiziario"},"image":{"@id":"https:\/\/www.ilnotiziario.net\/wp\/#\/schema\/logo\/image\/"},"sameAs":["https:\/\/www.facebook.com\/ilnotiziarioind\/","https:\/\/x.com\/ilNotiziarioInd","https:\/\/www.instagram.com\/ilnotiziario_settimanale\/"]},{"@type":"Person","@id":"https:\/\/www.ilnotiziario.net\/wp\/#\/schema\/person\/386e222908f898bb41c033989482bbf2","name":"Gabriele Bassani","image":{"@type":"ImageObject","inLanguage":"it-IT","@id":"https:\/\/secure.gravatar.com\/avatar\/09274f4a84fa97698bde56f84b3afed61c8492d48b0550db9671b68c177479cb?s=96&d=mm&r=g","url":"https:\/\/secure.gravatar.com\/avatar\/09274f4a84fa97698bde56f84b3afed61c8492d48b0550db9671b68c177479cb?s=96&d=mm&r=g","contentUrl":"https:\/\/secure.gravatar.com\/avatar\/09274f4a84fa97698bde56f84b3afed61c8492d48b0550db9671b68c177479cb?s=96&d=mm&r=g","caption":"Gabriele Bassani"},"sameAs":["http:\/\/www.ilnotiziario.net"]}]}},"_links":{"self":[{"href":"https:\/\/www.ilnotiziario.net\/wp\/wp-json\/wp\/v2\/posts\/173109","targetHints":{"allow":["GET"]}}],"collection":[{"href":"https:\/\/www.ilnotiziario.net\/wp\/wp-json\/wp\/v2\/posts"}],"about":[{"href":"https:\/\/www.ilnotiziario.net\/wp\/wp-json\/wp\/v2\/types\/post"}],"author":[{"embeddable":true,"href":"https:\/\/www.ilnotiziario.net\/wp\/wp-json\/wp\/v2\/users\/3"}],"replies":[{"embeddable":true,"href":"https:\/\/www.ilnotiziario.net\/wp\/wp-json\/wp\/v2\/comments?post=173109"}],"version-history":[{"count":0,"href":"https:\/\/www.ilnotiziario.net\/wp\/wp-json\/wp\/v2\/posts\/173109\/revisions"}],"wp:featuredmedia":[{"embeddable":true,"href":"https:\/\/www.ilnotiziario.net\/wp\/wp-json\/wp\/v2\/media\/167155"}],"wp:attachment":[{"href":"https:\/\/www.ilnotiziario.net\/wp\/wp-json\/wp\/v2\/media?parent=173109"}],"wp:term":[{"taxonomy":"category","embeddable":true,"href":"https:\/\/www.ilnotiziario.net\/wp\/wp-json\/wp\/v2\/categories?post=173109"},{"taxonomy":"post_tag","embeddable":true,"href":"https:\/\/www.ilnotiziario.net\/wp\/wp-json\/wp\/v2\/tags?post=173109"}],"curies":[{"name":"wp","href":"https:\/\/api.w.org\/{rel}","templated":true}]}}