{"id":173162,"date":"2022-11-03T06:53:16","date_gmt":"2022-11-03T05:53:16","guid":{"rendered":"https:\/\/www.ilnotiziario.net\/wp\/?p=173162"},"modified":"2022-11-09T11:45:39","modified_gmt":"2022-11-09T10:45:39","slug":"svincolo-chiuso-rho-monza-paderno","status":"publish","type":"post","link":"https:\/\/www.ilnotiziario.net\/wp\/nord-milano\/svincolo-chiuso-rho-monza-paderno\/","title":{"rendered":"Svincolo chiuso tra Rho-Monza e Milano-Meda: deviazioni tra Paderno e Novate"},"content":{"rendered":"<p>Svincolo chiuso tra Rho-Monza e Milano-Meda tra Paderno Dugnano e Novate-Bollate. Da oggi gli automobilisti possono salutare definitivamente il vecchio collegamento. La novit\u00e0 \u00e8 la conseguenza del superamento del collaudo del ponte che collegher\u00e0 la nuova strada alla Tangenziale Nord, bypassando la superstrada.<\/p><div id=\"ilnot-1712110347\" class=\"ilnot-contenuto ilnot-entity-placement\"><p><!-- incontent_1 --><\/p>\n<div class=\"gptslot\" data-adunitid=\"1\"><\/div>\n<\/div>\n<h2>Chiuso lo svincolo tra Rho-Monza e Milano-Meda tra Paderno e Novate-Bollate<\/h2>\n<p>Dalle 22 di ieri, mercoled\u00ec 2 novembre 2022, \u00e8 attiva la chiusura permanente e definitiva del ramo di svincolo Milano-Meda in provenienza da Meda e in direzione A8-Rho. I percorsi alternativi prevedono l\u2019indirizzamento del traffico in Milano-Meda in direzione nord per l\u2019inversione di marcia allo svincolo n. 4 Paderno Calderara. In alternativa in direzione sud per l\u2019inversione di marcia allo svincolo di Cormano, con successiva immissione in direzione A8 \u2013 Rho mediante le nuove rampe di svincolo di progetto gi\u00e0 aperte al traffico.<\/p>\n<p>La chiusura del ramo in questione consentir\u00e0 il completamento delle lavorazioni propedeutiche all\u2019apertura al traffico del ponte di scavalco Milano-Meda e collegamento diretto della Tangenziale Nord con la Rho-Monza. Consentir\u00e0 anche l\u2019avanzamento delle opere relative alla viabilit\u00e0 complanare di via Battisti a Paderno Dugnano.<\/p><div id=\"ilnot-2464899246\" class=\"ilnot-contenuto_2 ilnot-entity-placement\"><div class=\"ads-wrapper\">\n<div class=\"ad-slot\">\n   <div id=\"ilnot-2995489295\" style=\"margin-right: auto;margin-left: auto;text-align: center;width: 320px;height: 100px;\"><a href=\"https:\/\/www.scuolasicurezza.it\/\"><img decoding=\"async\" src=\"https:\/\/www.ilnotiziario.net\/wp\/wp-content\/uploads\/2026\/04\/IlNotiziario_banner-sito-e-newsletter-320-x-100-px-1.gif\" alt=\"\"><\/a><\/div>\n  <\/div>\n<div class=\"ad-slot\">\n   <div id=\"ilnot-3876972416\" style=\"margin-right: auto;margin-left: auto;text-align: center;width: 320px;height: 100px;\"><a href=\"https:\/\/purodesignarredamenti.com\/\"><img decoding=\"async\" src=\"https:\/\/www.ilnotiziario.net\/wp\/wp-content\/uploads\/2026\/04\/banner-puro-ok.gif\" alt=\"whatsapp\"><\/a><\/div><\/p><\/div>\n<\/div>\n<\/div>\n<h2>Quando apre il ponte della Rho-Monza a Paderno?<\/h2>\n<p>I nuovi lavori hanno una durata prevista di 10 giorni e partiranno da mercoled\u00ec 2 novembre. L&#8217;apertura del ponte \u00e8 prevista entro la fine di novembre. La buona notizia \u00e8 che da qualche giorno <a href=\"https:\/\/www.ilnotiziario.net\/wp\/2022\/10\/25\/rho-monza-ponte-collaudo-apertura\/\">ha superato il collaudo<\/a> dopo due weekend di prove di carico (e relativa chiusura della Milano-Meda per ragioni di sicurezza). Entro fine novembre verr\u00e0 demolito lo svincolo che oggi collega la Milano-Meda e la Rho-Monza&nbsp;assieme ad operazioni di sbancamento delle aree di cantiere.&nbsp;L&#8217;ultimazione di tutte le opere collegate alla Rho-Monza \u00e8 prevista nella prima met\u00e0 del 2023.&nbsp;<\/p>\n<h2>Oggi chiusura A4 tra viale Certosa e Cormano: percorso alternativo<\/h2>\n<p>Le novit\u00e0 per chi si muove in auto non finisco qua. Solo per oggi, dalle 21 di gioved\u00ec alle 5 di domani, venerd\u00ec, <a href=\"https:\/\/www.ilnotiziario.net\/wp\/2022\/11\/01\/173060\/\">chiuder\u00e0 lo svincolo di Cormano della A4<\/a>. Il percorso alternativo programmato prevede che dopo l\u2019uscita obbligatoria allo svincolo di Milano viale Certosa, sia possibile immettersi sulla A8 verso Varese e uscire allo svincolo Fiera di Milano, per poi percorrere la A52\/Tangenziale nord di Milano seguendo le indicazioni per Monza e successivamente entrare sulla A4 da Cormano o da Sesto San Giovanni o ancora dalla stazione di Monza.&nbsp;<\/p>\n<p><em>Leggi ilnotiziario anche da pc, smartphone e tablet. <a href=\"http:\/\/edicola.ilnotiziario.net\">Clicca qui per la nostra edicola digitale<\/a>!&nbsp;<\/em><\/p><div id=\"ilnot-3412631974\" class=\"ilnot-contenuto_2-2 ilnot-entity-placement\"><div class=\"gptslot\" data-adunitid=\"2\"><\/div>\n<\/div>\n","protected":false},"excerpt":{"rendered":"<p>Svincolo chiuso tra Rho-Monza e Milano-Meda tra Paderno Dugnano e Novate-Bollate. Da oggi gli automobilisti possono salutare definitivamente il vecchio collegamento. La novit\u00e0 \u00e8 la conseguenza del superamento del collaudo del ponte che collegher\u00e0 la nuova strada alla Tangenziale Nord, bypassando la superstrada. Chiuso lo svincolo tra Rho-Monza e Milano-Meda tra Paderno e Novate-Bollate Dalle<\/p>\n","protected":false},"author":7,"featured_media":172952,"comment_status":"closed","ping_status":"closed","sticky":false,"template":"","format":"standard","meta":{"footnotes":""},"categories":[8,11],"tags":[39,3433,1788,154],"class_list":{"0":"post-173162","1":"post","2":"type-post","3":"status-publish","4":"format-standard","5":"has-post-thumbnail","7":"category-bollatese","8":"category-nord-milano","9":"tag-paderno-dugnano","10":"tag-rho-monza","11":"tag-svincolo","12":"tag-traffico"},"yoast_head":"<!-- This site is optimized with the Yoast SEO plugin v27.5 - https:\/\/yoast.com\/product\/yoast-seo-wordpress\/ -->\n<title>Svincolo chiuso tra Rho-Monza e Milano-Meda: deviazioni tra Paderno e Novate<\/title>\n<meta name=\"description\" content=\"Svincolo chiuso da oggi tra Rho-Monza e Milano-Meda tra Paderno Dugnano e Novate-Bollate. Iniziano i lavori di demolizione\" \/>\n<meta name=\"robots\" content=\"index, follow, max-snippet:-1, max-image-preview:large, max-video-preview:-1\" \/>\n<link rel=\"canonical\" href=\"https:\/\/www.ilnotiziario.net\/wp\/nord-milano\/svincolo-chiuso-rho-monza-paderno\/\" \/>\n<meta property=\"og:locale\" content=\"it_IT\" \/>\n<meta property=\"og:type\" content=\"article\" \/>\n<meta property=\"og:title\" content=\"Svincolo chiuso tra Rho-Monza e Milano-Meda: deviazioni tra Paderno e Novate\" \/>\n<meta property=\"og:description\" content=\"Svincolo chiuso da oggi tra Rho-Monza e Milano-Meda tra Paderno Dugnano e Novate-Bollate. Iniziano i lavori di demolizione\" \/>\n<meta property=\"og:url\" content=\"https:\/\/www.ilnotiziario.net\/wp\/nord-milano\/svincolo-chiuso-rho-monza-paderno\/\" \/>\n<meta property=\"og:site_name\" content=\"Il Notiziario\" \/>\n<meta property=\"article:publisher\" content=\"https:\/\/www.facebook.com\/ilnotiziarioind\/\" \/>\n<meta property=\"article:published_time\" content=\"2022-11-03T05:53:16+00:00\" \/>\n<meta property=\"article:modified_time\" content=\"2022-11-09T10:45:39+00:00\" \/>\n<meta property=\"og:image\" content=\"https:\/\/www.ilnotiziario.net\/wp\/wp-content\/uploads\/2022\/10\/svincolo-rho-monza.jpg\" \/>\n\t<meta property=\"og:image:width\" content=\"1422\" \/>\n\t<meta property=\"og:image:height\" content=\"800\" \/>\n\t<meta property=\"og:image:type\" content=\"image\/jpeg\" \/>\n<meta name=\"author\" content=\"Simone Carcano\" \/>\n<meta name=\"twitter:card\" content=\"summary_large_image\" \/>\n<meta name=\"twitter:creator\" content=\"@simone_carcano\" \/>\n<meta name=\"twitter:site\" content=\"@ilNotiziarioInd\" \/>\n<meta name=\"twitter:label1\" content=\"Scritto da\" \/>\n\t<meta name=\"twitter:data1\" content=\"Simone Carcano\" \/>\n\t<meta name=\"twitter:label2\" content=\"Tempo di lettura stimato\" \/>\n\t<meta name=\"twitter:data2\" content=\"3 minuti\" \/>\n<script type=\"application\/ld+json\" class=\"yoast-schema-graph\">{\"@context\":\"https:\\\/\\\/schema.org\",\"@graph\":[{\"@type\":\"Article\",\"@id\":\"https:\\\/\\\/www.ilnotiziario.net\\\/wp\\\/nord-milano\\\/svincolo-chiuso-rho-monza-paderno\\\/#article\",\"isPartOf\":{\"@id\":\"https:\\\/\\\/www.ilnotiziario.net\\\/wp\\\/nord-milano\\\/svincolo-chiuso-rho-monza-paderno\\\/\"},\"author\":{\"name\":\"Simone Carcano\",\"@id\":\"https:\\\/\\\/www.ilnotiziario.net\\\/wp\\\/#\\\/schema\\\/person\\\/c218ad0865f96bfe2c1c2cfa719653f7\"},\"headline\":\"Svincolo chiuso tra Rho-Monza e Milano-Meda: deviazioni tra Paderno e Novate\",\"datePublished\":\"2022-11-03T05:53:16+00:00\",\"dateModified\":\"2022-11-09T10:45:39+00:00\",\"mainEntityOfPage\":{\"@id\":\"https:\\\/\\\/www.ilnotiziario.net\\\/wp\\\/nord-milano\\\/svincolo-chiuso-rho-monza-paderno\\\/\"},\"wordCount\":408,\"publisher\":{\"@id\":\"https:\\\/\\\/www.ilnotiziario.net\\\/wp\\\/#organization\"},\"image\":{\"@id\":\"https:\\\/\\\/www.ilnotiziario.net\\\/wp\\\/nord-milano\\\/svincolo-chiuso-rho-monza-paderno\\\/#primaryimage\"},\"thumbnailUrl\":\"https:\\\/\\\/www.ilnotiziario.net\\\/wp\\\/wp-content\\\/uploads\\\/2022\\\/10\\\/svincolo-rho-monza.jpg\",\"keywords\":[\"Paderno Dugnano\",\"Rho-Monza\",\"svincolo\",\"traffico\"],\"articleSection\":[\"BOLLATESE\",\"NORD MILANO\"],\"inLanguage\":\"it-IT\"},{\"@type\":\"WebPage\",\"@id\":\"https:\\\/\\\/www.ilnotiziario.net\\\/wp\\\/nord-milano\\\/svincolo-chiuso-rho-monza-paderno\\\/\",\"url\":\"https:\\\/\\\/www.ilnotiziario.net\\\/wp\\\/nord-milano\\\/svincolo-chiuso-rho-monza-paderno\\\/\",\"name\":\"Svincolo chiuso tra Rho-Monza e Milano-Meda: deviazioni tra Paderno e Novate\",\"isPartOf\":{\"@id\":\"https:\\\/\\\/www.ilnotiziario.net\\\/wp\\\/#website\"},\"primaryImageOfPage\":{\"@id\":\"https:\\\/\\\/www.ilnotiziario.net\\\/wp\\\/nord-milano\\\/svincolo-chiuso-rho-monza-paderno\\\/#primaryimage\"},\"image\":{\"@id\":\"https:\\\/\\\/www.ilnotiziario.net\\\/wp\\\/nord-milano\\\/svincolo-chiuso-rho-monza-paderno\\\/#primaryimage\"},\"thumbnailUrl\":\"https:\\\/\\\/www.ilnotiziario.net\\\/wp\\\/wp-content\\\/uploads\\\/2022\\\/10\\\/svincolo-rho-monza.jpg\",\"datePublished\":\"2022-11-03T05:53:16+00:00\",\"dateModified\":\"2022-11-09T10:45:39+00:00\",\"description\":\"Svincolo chiuso da oggi tra Rho-Monza e Milano-Meda tra Paderno Dugnano e Novate-Bollate. Iniziano i lavori di demolizione\",\"breadcrumb\":{\"@id\":\"https:\\\/\\\/www.ilnotiziario.net\\\/wp\\\/nord-milano\\\/svincolo-chiuso-rho-monza-paderno\\\/#breadcrumb\"},\"inLanguage\":\"it-IT\",\"potentialAction\":[{\"@type\":\"ReadAction\",\"target\":[\"https:\\\/\\\/www.ilnotiziario.net\\\/wp\\\/nord-milano\\\/svincolo-chiuso-rho-monza-paderno\\\/\"]}]},{\"@type\":\"ImageObject\",\"inLanguage\":\"it-IT\",\"@id\":\"https:\\\/\\\/www.ilnotiziario.net\\\/wp\\\/nord-milano\\\/svincolo-chiuso-rho-monza-paderno\\\/#primaryimage\",\"url\":\"https:\\\/\\\/www.ilnotiziario.net\\\/wp\\\/wp-content\\\/uploads\\\/2022\\\/10\\\/svincolo-rho-monza.jpg\",\"contentUrl\":\"https:\\\/\\\/www.ilnotiziario.net\\\/wp\\\/wp-content\\\/uploads\\\/2022\\\/10\\\/svincolo-rho-monza.jpg\",\"width\":1422,\"height\":800},{\"@type\":\"BreadcrumbList\",\"@id\":\"https:\\\/\\\/www.ilnotiziario.net\\\/wp\\\/nord-milano\\\/svincolo-chiuso-rho-monza-paderno\\\/#breadcrumb\",\"itemListElement\":[{\"@type\":\"ListItem\",\"position\":1,\"name\":\"tds_text_logo_tagline_colortds_text_logo_tagline_colortds_text_logo_tagline_colortds_text_logo_tagline_colortd_module_7_title_excerpttd_module_7_title_excerpttd_module_7_title_excerpttd_module_7_title_excerptHome\",\"item\":\"https:\\\/\\\/www.ilnotiziario.net\\\/wp\\\/\"},{\"@type\":\"ListItem\",\"position\":2,\"name\":\"Svincolo chiuso tra Rho-Monza e Milano-Meda: deviazioni tra Paderno e Novate\"}]},{\"@type\":\"WebSite\",\"@id\":\"https:\\\/\\\/www.ilnotiziario.net\\\/wp\\\/#website\",\"url\":\"https:\\\/\\\/www.ilnotiziario.net\\\/wp\\\/\",\"name\":\"Il Notiziario\",\"description\":\"Per restare sempre connessi alla notizia\",\"publisher\":{\"@id\":\"https:\\\/\\\/www.ilnotiziario.net\\\/wp\\\/#organization\"},\"alternateName\":\"Il Notiziario Bollate\",\"potentialAction\":[{\"@type\":\"SearchAction\",\"target\":{\"@type\":\"EntryPoint\",\"urlTemplate\":\"https:\\\/\\\/www.ilnotiziario.net\\\/wp\\\/?s={search_term_string}\"},\"query-input\":{\"@type\":\"PropertyValueSpecification\",\"valueRequired\":true,\"valueName\":\"search_term_string\"}}],\"inLanguage\":\"it-IT\"},{\"@type\":\"Organization\",\"@id\":\"https:\\\/\\\/www.ilnotiziario.net\\\/wp\\\/#organization\",\"name\":\"Il Notiziario\",\"url\":\"https:\\\/\\\/www.ilnotiziario.net\\\/wp\\\/\",\"logo\":{\"@type\":\"ImageObject\",\"inLanguage\":\"it-IT\",\"@id\":\"https:\\\/\\\/www.ilnotiziario.net\\\/wp\\\/#\\\/schema\\\/logo\\\/image\\\/\",\"url\":\"https:\\\/\\\/www.ilnotiziario.net\\\/wp\\\/wp-content\\\/uploads\\\/2022\\\/06\\\/170x170ilN.png\",\"contentUrl\":\"https:\\\/\\\/www.ilnotiziario.net\\\/wp\\\/wp-content\\\/uploads\\\/2022\\\/06\\\/170x170ilN.png\",\"width\":355,\"height\":355,\"caption\":\"Il Notiziario\"},\"image\":{\"@id\":\"https:\\\/\\\/www.ilnotiziario.net\\\/wp\\\/#\\\/schema\\\/logo\\\/image\\\/\"},\"sameAs\":[\"https:\\\/\\\/www.facebook.com\\\/ilnotiziarioind\\\/\",\"https:\\\/\\\/x.com\\\/ilNotiziarioInd\",\"https:\\\/\\\/www.instagram.com\\\/ilnotiziario_settimanale\\\/\"]},{\"@type\":\"Person\",\"@id\":\"https:\\\/\\\/www.ilnotiziario.net\\\/wp\\\/#\\\/schema\\\/person\\\/c218ad0865f96bfe2c1c2cfa719653f7\",\"name\":\"Simone Carcano\",\"image\":{\"@type\":\"ImageObject\",\"inLanguage\":\"it-IT\",\"@id\":\"https:\\\/\\\/secure.gravatar.com\\\/avatar\\\/5e677023cff2c47e9f7a896b9157a46e18bd36e7c4d000a1726bb730be7d38bb?s=96&d=mm&r=g\",\"url\":\"https:\\\/\\\/secure.gravatar.com\\\/avatar\\\/5e677023cff2c47e9f7a896b9157a46e18bd36e7c4d000a1726bb730be7d38bb?s=96&d=mm&r=g\",\"contentUrl\":\"https:\\\/\\\/secure.gravatar.com\\\/avatar\\\/5e677023cff2c47e9f7a896b9157a46e18bd36e7c4d000a1726bb730be7d38bb?s=96&d=mm&r=g\",\"caption\":\"Simone Carcano\"},\"sameAs\":[\"http:\\\/\\\/www.ilnotiziario.net\",\"https:\\\/\\\/x.com\\\/@simone_carcano\"]}]}<\/script>\n<!-- \/ Yoast SEO plugin. -->","yoast_head_json":{"title":"Svincolo chiuso tra Rho-Monza e Milano-Meda: deviazioni tra Paderno e Novate","description":"Svincolo chiuso da oggi tra Rho-Monza e Milano-Meda tra Paderno Dugnano e Novate-Bollate. Iniziano i lavori di demolizione","robots":{"index":"index","follow":"follow","max-snippet":"max-snippet:-1","max-image-preview":"max-image-preview:large","max-video-preview":"max-video-preview:-1"},"canonical":"https:\/\/www.ilnotiziario.net\/wp\/nord-milano\/svincolo-chiuso-rho-monza-paderno\/","og_locale":"it_IT","og_type":"article","og_title":"Svincolo chiuso tra Rho-Monza e Milano-Meda: deviazioni tra Paderno e Novate","og_description":"Svincolo chiuso da oggi tra Rho-Monza e Milano-Meda tra Paderno Dugnano e Novate-Bollate. Iniziano i lavori di demolizione","og_url":"https:\/\/www.ilnotiziario.net\/wp\/nord-milano\/svincolo-chiuso-rho-monza-paderno\/","og_site_name":"Il Notiziario","article_publisher":"https:\/\/www.facebook.com\/ilnotiziarioind\/","article_published_time":"2022-11-03T05:53:16+00:00","article_modified_time":"2022-11-09T10:45:39+00:00","og_image":[{"width":1422,"height":800,"url":"https:\/\/www.ilnotiziario.net\/wp\/wp-content\/uploads\/2022\/10\/svincolo-rho-monza.jpg","type":"image\/jpeg"}],"author":"Simone Carcano","twitter_card":"summary_large_image","twitter_creator":"@simone_carcano","twitter_site":"@ilNotiziarioInd","twitter_misc":{"Scritto da":"Simone Carcano","Tempo di lettura stimato":"3 minuti"},"schema":{"@context":"https:\/\/schema.org","@graph":[{"@type":"Article","@id":"https:\/\/www.ilnotiziario.net\/wp\/nord-milano\/svincolo-chiuso-rho-monza-paderno\/#article","isPartOf":{"@id":"https:\/\/www.ilnotiziario.net\/wp\/nord-milano\/svincolo-chiuso-rho-monza-paderno\/"},"author":{"name":"Simone Carcano","@id":"https:\/\/www.ilnotiziario.net\/wp\/#\/schema\/person\/c218ad0865f96bfe2c1c2cfa719653f7"},"headline":"Svincolo chiuso tra Rho-Monza e Milano-Meda: deviazioni tra Paderno e Novate","datePublished":"2022-11-03T05:53:16+00:00","dateModified":"2022-11-09T10:45:39+00:00","mainEntityOfPage":{"@id":"https:\/\/www.ilnotiziario.net\/wp\/nord-milano\/svincolo-chiuso-rho-monza-paderno\/"},"wordCount":408,"publisher":{"@id":"https:\/\/www.ilnotiziario.net\/wp\/#organization"},"image":{"@id":"https:\/\/www.ilnotiziario.net\/wp\/nord-milano\/svincolo-chiuso-rho-monza-paderno\/#primaryimage"},"thumbnailUrl":"https:\/\/www.ilnotiziario.net\/wp\/wp-content\/uploads\/2022\/10\/svincolo-rho-monza.jpg","keywords":["Paderno Dugnano","Rho-Monza","svincolo","traffico"],"articleSection":["BOLLATESE","NORD MILANO"],"inLanguage":"it-IT"},{"@type":"WebPage","@id":"https:\/\/www.ilnotiziario.net\/wp\/nord-milano\/svincolo-chiuso-rho-monza-paderno\/","url":"https:\/\/www.ilnotiziario.net\/wp\/nord-milano\/svincolo-chiuso-rho-monza-paderno\/","name":"Svincolo chiuso tra Rho-Monza e Milano-Meda: deviazioni tra Paderno e Novate","isPartOf":{"@id":"https:\/\/www.ilnotiziario.net\/wp\/#website"},"primaryImageOfPage":{"@id":"https:\/\/www.ilnotiziario.net\/wp\/nord-milano\/svincolo-chiuso-rho-monza-paderno\/#primaryimage"},"image":{"@id":"https:\/\/www.ilnotiziario.net\/wp\/nord-milano\/svincolo-chiuso-rho-monza-paderno\/#primaryimage"},"thumbnailUrl":"https:\/\/www.ilnotiziario.net\/wp\/wp-content\/uploads\/2022\/10\/svincolo-rho-monza.jpg","datePublished":"2022-11-03T05:53:16+00:00","dateModified":"2022-11-09T10:45:39+00:00","description":"Svincolo chiuso da oggi tra Rho-Monza e Milano-Meda tra Paderno Dugnano e Novate-Bollate. Iniziano i lavori di demolizione","breadcrumb":{"@id":"https:\/\/www.ilnotiziario.net\/wp\/nord-milano\/svincolo-chiuso-rho-monza-paderno\/#breadcrumb"},"inLanguage":"it-IT","potentialAction":[{"@type":"ReadAction","target":["https:\/\/www.ilnotiziario.net\/wp\/nord-milano\/svincolo-chiuso-rho-monza-paderno\/"]}]},{"@type":"ImageObject","inLanguage":"it-IT","@id":"https:\/\/www.ilnotiziario.net\/wp\/nord-milano\/svincolo-chiuso-rho-monza-paderno\/#primaryimage","url":"https:\/\/www.ilnotiziario.net\/wp\/wp-content\/uploads\/2022\/10\/svincolo-rho-monza.jpg","contentUrl":"https:\/\/www.ilnotiziario.net\/wp\/wp-content\/uploads\/2022\/10\/svincolo-rho-monza.jpg","width":1422,"height":800},{"@type":"BreadcrumbList","@id":"https:\/\/www.ilnotiziario.net\/wp\/nord-milano\/svincolo-chiuso-rho-monza-paderno\/#breadcrumb","itemListElement":[{"@type":"ListItem","position":1,"name":"tds_text_logo_tagline_colortds_text_logo_tagline_colortds_text_logo_tagline_colortds_text_logo_tagline_colortd_module_7_title_excerpttd_module_7_title_excerpttd_module_7_title_excerpttd_module_7_title_excerptHome","item":"https:\/\/www.ilnotiziario.net\/wp\/"},{"@type":"ListItem","position":2,"name":"Svincolo chiuso tra Rho-Monza e Milano-Meda: deviazioni tra Paderno e Novate"}]},{"@type":"WebSite","@id":"https:\/\/www.ilnotiziario.net\/wp\/#website","url":"https:\/\/www.ilnotiziario.net\/wp\/","name":"Il Notiziario","description":"Per restare sempre connessi alla notizia","publisher":{"@id":"https:\/\/www.ilnotiziario.net\/wp\/#organization"},"alternateName":"Il Notiziario Bollate","potentialAction":[{"@type":"SearchAction","target":{"@type":"EntryPoint","urlTemplate":"https:\/\/www.ilnotiziario.net\/wp\/?s={search_term_string}"},"query-input":{"@type":"PropertyValueSpecification","valueRequired":true,"valueName":"search_term_string"}}],"inLanguage":"it-IT"},{"@type":"Organization","@id":"https:\/\/www.ilnotiziario.net\/wp\/#organization","name":"Il Notiziario","url":"https:\/\/www.ilnotiziario.net\/wp\/","logo":{"@type":"ImageObject","inLanguage":"it-IT","@id":"https:\/\/www.ilnotiziario.net\/wp\/#\/schema\/logo\/image\/","url":"https:\/\/www.ilnotiziario.net\/wp\/wp-content\/uploads\/2022\/06\/170x170ilN.png","contentUrl":"https:\/\/www.ilnotiziario.net\/wp\/wp-content\/uploads\/2022\/06\/170x170ilN.png","width":355,"height":355,"caption":"Il Notiziario"},"image":{"@id":"https:\/\/www.ilnotiziario.net\/wp\/#\/schema\/logo\/image\/"},"sameAs":["https:\/\/www.facebook.com\/ilnotiziarioind\/","https:\/\/x.com\/ilNotiziarioInd","https:\/\/www.instagram.com\/ilnotiziario_settimanale\/"]},{"@type":"Person","@id":"https:\/\/www.ilnotiziario.net\/wp\/#\/schema\/person\/c218ad0865f96bfe2c1c2cfa719653f7","name":"Simone Carcano","image":{"@type":"ImageObject","inLanguage":"it-IT","@id":"https:\/\/secure.gravatar.com\/avatar\/5e677023cff2c47e9f7a896b9157a46e18bd36e7c4d000a1726bb730be7d38bb?s=96&d=mm&r=g","url":"https:\/\/secure.gravatar.com\/avatar\/5e677023cff2c47e9f7a896b9157a46e18bd36e7c4d000a1726bb730be7d38bb?s=96&d=mm&r=g","contentUrl":"https:\/\/secure.gravatar.com\/avatar\/5e677023cff2c47e9f7a896b9157a46e18bd36e7c4d000a1726bb730be7d38bb?s=96&d=mm&r=g","caption":"Simone Carcano"},"sameAs":["http:\/\/www.ilnotiziario.net","https:\/\/x.com\/@simone_carcano"]}]}},"_links":{"self":[{"href":"https:\/\/www.ilnotiziario.net\/wp\/wp-json\/wp\/v2\/posts\/173162","targetHints":{"allow":["GET"]}}],"collection":[{"href":"https:\/\/www.ilnotiziario.net\/wp\/wp-json\/wp\/v2\/posts"}],"about":[{"href":"https:\/\/www.ilnotiziario.net\/wp\/wp-json\/wp\/v2\/types\/post"}],"author":[{"embeddable":true,"href":"https:\/\/www.ilnotiziario.net\/wp\/wp-json\/wp\/v2\/users\/7"}],"replies":[{"embeddable":true,"href":"https:\/\/www.ilnotiziario.net\/wp\/wp-json\/wp\/v2\/comments?post=173162"}],"version-history":[{"count":0,"href":"https:\/\/www.ilnotiziario.net\/wp\/wp-json\/wp\/v2\/posts\/173162\/revisions"}],"wp:featuredmedia":[{"embeddable":true,"href":"https:\/\/www.ilnotiziario.net\/wp\/wp-json\/wp\/v2\/media\/172952"}],"wp:attachment":[{"href":"https:\/\/www.ilnotiziario.net\/wp\/wp-json\/wp\/v2\/media?parent=173162"}],"wp:term":[{"taxonomy":"category","embeddable":true,"href":"https:\/\/www.ilnotiziario.net\/wp\/wp-json\/wp\/v2\/categories?post=173162"},{"taxonomy":"post_tag","embeddable":true,"href":"https:\/\/www.ilnotiziario.net\/wp\/wp-json\/wp\/v2\/tags?post=173162"}],"curies":[{"name":"wp","href":"https:\/\/api.w.org\/{rel}","templated":true}]}}