{"id":173471,"date":"2022-11-09T08:59:24","date_gmt":"2022-11-09T07:59:24","guid":{"rendered":"https:\/\/www.ilnotiziario.net\/wp\/?p=173471"},"modified":"2022-11-09T08:59:24","modified_gmt":"2022-11-09T07:59:24","slug":"cormano-e-leco-della-chitarra-di-pablo-lentini-riva","status":"publish","type":"post","link":"https:\/\/www.ilnotiziario.net\/wp\/appuntamenti-della-settimana\/cormano-e-leco-della-chitarra-di-pablo-lentini-riva\/","title":{"rendered":"Cormano e l&#8217;eco della chitarra di Pablo Lentini Riva"},"content":{"rendered":"<p><strong> Echeggia a distanza di giorni il successo del concerto al centro culturale artistico Click Art di via&nbsp; Dall&#8217;Occo di Cormano per Pablo Lentini Riva<\/strong>, che si \u00e8 esibito con chitarra romantica in memoria del padre Armando. Gi\u00e0 da giovanissimo Pablo Lentini Riva si \u00e8 accostato allo studio della chitarra classica sotto la guida di Vittorio Casagrande, per proseguire e terminare la formazione musicale con Ruggero Chiesa e Paolo Cherici al Conservatorio Giuseppe Verdi di Milano.<\/p><div id=\"ilnot-359512992\" class=\"ilnot-contenuto ilnot-entity-placement\"><p><!-- incontent_1 --><\/p>\n<div class=\"gptslot\" data-adunitid=\"1\"><\/div>\n<\/div>\n<figure id=\"attachment_173472\" aria-describedby=\"caption-attachment-173472\" style=\"width: 300px\" class=\"wp-caption alignnone\"><img fetchpriority=\"high\" decoding=\"async\" class=\"size-medium wp-image-173472\" src=\"https:\/\/www.ilnotiziario.net\/wp\/wp-content\/uploads\/2022\/11\/X-SITO-CORM-PABLO-Riva-in-concerto-300x225.jpg\" alt=\"\" width=\"300\" height=\"225\" srcset=\"https:\/\/www.ilnotiziario.net\/wp\/wp-content\/uploads\/2022\/11\/X-SITO-CORM-PABLO-Riva-in-concerto-300x225.jpg 300w, https:\/\/www.ilnotiziario.net\/wp\/wp-content\/uploads\/2022\/11\/X-SITO-CORM-PABLO-Riva-in-concerto-1024x768.jpg 1024w, https:\/\/www.ilnotiziario.net\/wp\/wp-content\/uploads\/2022\/11\/X-SITO-CORM-PABLO-Riva-in-concerto-768x576.jpg 768w, https:\/\/www.ilnotiziario.net\/wp\/wp-content\/uploads\/2022\/11\/X-SITO-CORM-PABLO-Riva-in-concerto-150x113.jpg 150w, https:\/\/www.ilnotiziario.net\/wp\/wp-content\/uploads\/2022\/11\/X-SITO-CORM-PABLO-Riva-in-concerto-450x338.jpg 450w, https:\/\/www.ilnotiziario.net\/wp\/wp-content\/uploads\/2022\/11\/X-SITO-CORM-PABLO-Riva-in-concerto.jpg 1080w\" sizes=\"(max-width: 300px) 100vw, 300px\" \/><figcaption id=\"caption-attachment-173472\" class=\"wp-caption-text\">Il concerto di Pablo Lentini Riva a Cormano<\/figcaption><\/figure>\n<h2>Pablo Lentini Riva, concerti in Europa e in Asia<\/h2>\n<p><strong>Ha iniziato la carriera solistica a soli 15 anni<\/strong>, esibendosi in seguito anche in duo con il soprano Laura Catrani, il violinista Piercarlo Sacco e il flautista francese Fran\u00e7ois Veilhan. Nel 1996 il Rotary Club di Milano San Babila gli ha assegnato all&#8217;unanimit\u00e0 il premio musicale Marco Koliqi e una borsa di studio per conseguire un diploma di perfezionamento a Parigi.<strong> Oltre alla carriera di concertista, che lo ha portato a esibirsi in tutta Europa e in Asia, Pablo Lentini Riva ha registrato diversi album come solista<\/strong> e uno di canzoni spagnole e brasiliane intitolato Adela in duo con Laura Catrani. Monsieur Blancrocher, disco dedicato alla musica barocca francese e tedesca, raccoglie fra l&#8217;altro le trascrizioni per chitarra di quattro composizioni funebri in onore del liutista e mecenate Charles Fleury, Sieur de Blancrocher. I quattro Tombeaux sono stati scritti da famosi musicisti amici del liutista morto prematuramente nel 1652 in seguito a una rovinosa caduta dalle scale: i clavicembalisti Louis Couperin e Johann Jakob Froberger e i liutisti Francois Dufaut e Denis Gaultier.<\/p>\n<h2>Il premio Machiavelli e il conservatorio di Parigi<\/h2>\n<p>Il disco contiene inoltre il solo brano rimasto di Blacrocher, l&#8217;Offrande, allemanda contenuta nel manoscritto Vaudry de Saizenay. Pablo Lentini Riva si \u00e8 dedicato anche alla letteratura, scrivendo diverse raccolte di racconti musicali e tre romanzi pubblicati da Ellin Selae. Ha esordito nel 2003 con Prima di un concerto tedesco &#8211; variazioni sul tema della follia. Libro in cui la musica \u00e8 dipinta come unico percorso possibile per la redenzione pur nella tormentata esaltazione che essa stessa crea. Nel successivo Notturno per violoncello solo, romanzo del 2008 di ambientazione parigina, l&#8217;autore affronta il tema dell&#8217;inesorabile fluire del tempo, evidenziando la propria ossessione per Bach. Qui si dice che fu per amore &#8211; La musica e il silenzio in cinque racconti ispirati a Orfeo rivisita il mito di Orfeo. In Sinfonia per la citt\u00e0 capovolta o l&#8217;ultimo concerto a Venezia (romanzo breve del 2013) sono ancora una volta la musica e gli strumentisti, maestri e allievi, a tessere la trama, stavolta ambientata nella citt\u00e0 lagunare. Le raccolte di racconti sono confluite nell&#8217;unico volume intitolato La chitarra del liutaio di Almeria del 2017, tradotto in francese nel 2018 col titolo Les derniers jours d&#8217;Orph\u00e9e (Qup\u00e9 \u00e9ditions). Fantasia elegiaca, romanzo del febbraio 2020 ambientato al P\u00e8re-Lachaise, parla dei musicisti italiani illustri sepolti nel grande cimitero monumentale parigino. Questo ultimo lavoro <strong>ha vinto il Prix litt\u00e9raire Machiavelli 2021 del Cercle Leonardo da Vinci. Pablo Lentini Riva inoltre \u00e8 professore di chitarra classica al conservatorio Fr\u00e9d\u00e9ric Chopin di Parigi e il conservatorio Marcel Dupr\u00e9 di Meudon.<\/strong><\/p><div id=\"ilnot-2563835462\" class=\"ilnot-contenuto_2 ilnot-entity-placement\"><div class=\"ads-wrapper\">\n<div class=\"ad-slot\">\n   <div id=\"ilnot-1375504803\" style=\"margin-right: auto;margin-left: auto;text-align: center;width: 320px;height: 100px;\"><a href=\"https:\/\/www.scuolasicurezza.it\/\"><img decoding=\"async\" src=\"https:\/\/www.ilnotiziario.net\/wp\/wp-content\/uploads\/2026\/04\/IlNotiziario_banner-sito-e-newsletter-320-x-100-px-1.gif\" alt=\"\"><\/a><\/div>\n  <\/div>\n<div class=\"ad-slot\">\n   <div id=\"ilnot-1046513785\" style=\"margin-right: auto;margin-left: auto;text-align: center;width: 320px;height: 100px;\"><a href=\"https:\/\/purodesignarredamenti.com\/\"><img decoding=\"async\" src=\"https:\/\/www.ilnotiziario.net\/wp\/wp-content\/uploads\/2026\/04\/banner-puro-ok.gif\" alt=\"whatsapp\"><\/a><\/div><\/p><\/div>\n<\/div>\n<\/div>\n<p><strong>Paolo Minora<\/strong><\/p>\n<p><strong><em>Leggi ilnotiziario anche da pc, smartphone e tablet.&nbsp;<\/em><a href=\"http:\/\/edicola.ilnotiziario.net\/\">Clicca qui per la nostra edicola digitale<\/a><\/strong><\/p>\n","protected":false},"excerpt":{"rendered":"<p>Echeggia a distanza di giorni il successo del concerto al centro culturale artistico Click Art di via&nbsp; Dall&#8217;Occo di Cormano per Pablo Lentini Riva, che si \u00e8 esibito con chitarra romantica in memoria del padre Armando. Gi\u00e0 da giovanissimo Pablo Lentini Riva si \u00e8 accostato allo studio della chitarra classica sotto la guida di Vittorio<\/p>\n","protected":false},"author":3,"featured_media":173473,"comment_status":"closed","ping_status":"closed","sticky":false,"template":"","format":"standard","meta":{"footnotes":""},"categories":[277,11],"tags":[11168,10835,1073,102,11169],"class_list":{"0":"post-173471","1":"post","2":"type-post","3":"status-publish","4":"format-standard","5":"has-post-thumbnail","7":"category-appuntamenti-della-settimana","8":"category-nord-milano","9":"tag-click-art","10":"tag-click-art-cormano","11":"tag-concerto","12":"tag-cormano","13":"tag-pablo-lentini-riva"},"yoast_head":"<!-- This site is optimized with the Yoast SEO plugin v27.5 - https:\/\/yoast.com\/product\/yoast-seo-wordpress\/ -->\n<title>Il concerto a Cormano di Pablo Lentini Riva - Il Notiziario<\/title>\n<meta name=\"description\" content=\"A distanza di giorni non scema l&#039;eco del successo del concerto tenuto da Pablo Lentini Riva a Cormano, al Clik Art\" \/>\n<meta name=\"robots\" content=\"index, follow, max-snippet:-1, max-image-preview:large, max-video-preview:-1\" \/>\n<link rel=\"canonical\" href=\"https:\/\/www.ilnotiziario.net\/wp\/appuntamenti-della-settimana\/cormano-e-leco-della-chitarra-di-pablo-lentini-riva\/\" \/>\n<meta property=\"og:locale\" content=\"it_IT\" \/>\n<meta property=\"og:type\" content=\"article\" \/>\n<meta property=\"og:title\" content=\"Il concerto a Cormano di Pablo Lentini Riva - Il Notiziario\" \/>\n<meta property=\"og:description\" content=\"A distanza di giorni non scema l&#039;eco del successo del concerto tenuto da Pablo Lentini Riva a Cormano, al Clik Art\" \/>\n<meta property=\"og:url\" content=\"https:\/\/www.ilnotiziario.net\/wp\/appuntamenti-della-settimana\/cormano-e-leco-della-chitarra-di-pablo-lentini-riva\/\" \/>\n<meta property=\"og:site_name\" content=\"Il Notiziario\" \/>\n<meta property=\"article:publisher\" content=\"https:\/\/www.facebook.com\/ilnotiziarioind\/\" \/>\n<meta property=\"article:published_time\" content=\"2022-11-09T07:59:24+00:00\" \/>\n<meta property=\"og:image\" content=\"https:\/\/www.ilnotiziario.net\/wp\/wp-content\/uploads\/2022\/11\/X-SITO-CORM-IL-SINDACO-MAGISTRO-al-concerto.jpg\" \/>\n\t<meta property=\"og:image:width\" content=\"1080\" \/>\n\t<meta property=\"og:image:height\" content=\"1118\" \/>\n\t<meta property=\"og:image:type\" content=\"image\/jpeg\" \/>\n<meta name=\"author\" content=\"Gabriele Bassani\" \/>\n<meta name=\"twitter:card\" content=\"summary_large_image\" \/>\n<meta name=\"twitter:creator\" content=\"@ilNotiziarioInd\" \/>\n<meta name=\"twitter:site\" content=\"@ilNotiziarioInd\" \/>\n<meta name=\"twitter:label1\" content=\"Scritto da\" \/>\n\t<meta name=\"twitter:data1\" content=\"Gabriele Bassani\" \/>\n\t<meta name=\"twitter:label2\" content=\"Tempo di lettura stimato\" \/>\n\t<meta name=\"twitter:data2\" content=\"4 minuti\" \/>\n<script type=\"application\/ld+json\" class=\"yoast-schema-graph\">{\"@context\":\"https:\\\/\\\/schema.org\",\"@graph\":[{\"@type\":\"Article\",\"@id\":\"https:\\\/\\\/www.ilnotiziario.net\\\/wp\\\/appuntamenti-della-settimana\\\/cormano-e-leco-della-chitarra-di-pablo-lentini-riva\\\/#article\",\"isPartOf\":{\"@id\":\"https:\\\/\\\/www.ilnotiziario.net\\\/wp\\\/appuntamenti-della-settimana\\\/cormano-e-leco-della-chitarra-di-pablo-lentini-riva\\\/\"},\"author\":{\"name\":\"Gabriele Bassani\",\"@id\":\"https:\\\/\\\/www.ilnotiziario.net\\\/wp\\\/#\\\/schema\\\/person\\\/386e222908f898bb41c033989482bbf2\"},\"headline\":\"Cormano e l&#8217;eco della chitarra di Pablo Lentini Riva\",\"datePublished\":\"2022-11-09T07:59:24+00:00\",\"mainEntityOfPage\":{\"@id\":\"https:\\\/\\\/www.ilnotiziario.net\\\/wp\\\/appuntamenti-della-settimana\\\/cormano-e-leco-della-chitarra-di-pablo-lentini-riva\\\/\"},\"wordCount\":560,\"publisher\":{\"@id\":\"https:\\\/\\\/www.ilnotiziario.net\\\/wp\\\/#organization\"},\"image\":{\"@id\":\"https:\\\/\\\/www.ilnotiziario.net\\\/wp\\\/appuntamenti-della-settimana\\\/cormano-e-leco-della-chitarra-di-pablo-lentini-riva\\\/#primaryimage\"},\"thumbnailUrl\":\"https:\\\/\\\/www.ilnotiziario.net\\\/wp\\\/wp-content\\\/uploads\\\/2022\\\/11\\\/X-SITO-CORM-IL-SINDACO-MAGISTRO-al-concerto.jpg\",\"keywords\":[\"click art\",\"click art cormano\",\"concerto\",\"Cormano\",\"pablo lentini riva\"],\"articleSection\":[\"APPUNTAMENTI\",\"NORD MILANO\"],\"inLanguage\":\"it-IT\"},{\"@type\":\"WebPage\",\"@id\":\"https:\\\/\\\/www.ilnotiziario.net\\\/wp\\\/appuntamenti-della-settimana\\\/cormano-e-leco-della-chitarra-di-pablo-lentini-riva\\\/\",\"url\":\"https:\\\/\\\/www.ilnotiziario.net\\\/wp\\\/appuntamenti-della-settimana\\\/cormano-e-leco-della-chitarra-di-pablo-lentini-riva\\\/\",\"name\":\"Il concerto a Cormano di Pablo Lentini Riva - Il Notiziario\",\"isPartOf\":{\"@id\":\"https:\\\/\\\/www.ilnotiziario.net\\\/wp\\\/#website\"},\"primaryImageOfPage\":{\"@id\":\"https:\\\/\\\/www.ilnotiziario.net\\\/wp\\\/appuntamenti-della-settimana\\\/cormano-e-leco-della-chitarra-di-pablo-lentini-riva\\\/#primaryimage\"},\"image\":{\"@id\":\"https:\\\/\\\/www.ilnotiziario.net\\\/wp\\\/appuntamenti-della-settimana\\\/cormano-e-leco-della-chitarra-di-pablo-lentini-riva\\\/#primaryimage\"},\"thumbnailUrl\":\"https:\\\/\\\/www.ilnotiziario.net\\\/wp\\\/wp-content\\\/uploads\\\/2022\\\/11\\\/X-SITO-CORM-IL-SINDACO-MAGISTRO-al-concerto.jpg\",\"datePublished\":\"2022-11-09T07:59:24+00:00\",\"description\":\"A distanza di giorni non scema l'eco del successo del concerto tenuto da Pablo Lentini Riva a Cormano, al Clik Art\",\"breadcrumb\":{\"@id\":\"https:\\\/\\\/www.ilnotiziario.net\\\/wp\\\/appuntamenti-della-settimana\\\/cormano-e-leco-della-chitarra-di-pablo-lentini-riva\\\/#breadcrumb\"},\"inLanguage\":\"it-IT\",\"potentialAction\":[{\"@type\":\"ReadAction\",\"target\":[\"https:\\\/\\\/www.ilnotiziario.net\\\/wp\\\/appuntamenti-della-settimana\\\/cormano-e-leco-della-chitarra-di-pablo-lentini-riva\\\/\"]}]},{\"@type\":\"ImageObject\",\"inLanguage\":\"it-IT\",\"@id\":\"https:\\\/\\\/www.ilnotiziario.net\\\/wp\\\/appuntamenti-della-settimana\\\/cormano-e-leco-della-chitarra-di-pablo-lentini-riva\\\/#primaryimage\",\"url\":\"https:\\\/\\\/www.ilnotiziario.net\\\/wp\\\/wp-content\\\/uploads\\\/2022\\\/11\\\/X-SITO-CORM-IL-SINDACO-MAGISTRO-al-concerto.jpg\",\"contentUrl\":\"https:\\\/\\\/www.ilnotiziario.net\\\/wp\\\/wp-content\\\/uploads\\\/2022\\\/11\\\/X-SITO-CORM-IL-SINDACO-MAGISTRO-al-concerto.jpg\",\"width\":1080,\"height\":1118,\"caption\":\"Il concerto di Pablo Lentini Riva a Cormano\"},{\"@type\":\"BreadcrumbList\",\"@id\":\"https:\\\/\\\/www.ilnotiziario.net\\\/wp\\\/appuntamenti-della-settimana\\\/cormano-e-leco-della-chitarra-di-pablo-lentini-riva\\\/#breadcrumb\",\"itemListElement\":[{\"@type\":\"ListItem\",\"position\":1,\"name\":\"tds_text_logo_tagline_colortds_text_logo_tagline_colortds_text_logo_tagline_colortds_text_logo_tagline_colortd_module_7_title_excerpttd_module_7_title_excerpttd_module_7_title_excerpttd_module_7_title_excerptHome\",\"item\":\"https:\\\/\\\/www.ilnotiziario.net\\\/wp\\\/\"},{\"@type\":\"ListItem\",\"position\":2,\"name\":\"Cormano e l&#8217;eco della chitarra di Pablo Lentini Riva\"}]},{\"@type\":\"WebSite\",\"@id\":\"https:\\\/\\\/www.ilnotiziario.net\\\/wp\\\/#website\",\"url\":\"https:\\\/\\\/www.ilnotiziario.net\\\/wp\\\/\",\"name\":\"Il Notiziario\",\"description\":\"Per restare sempre connessi alla notizia\",\"publisher\":{\"@id\":\"https:\\\/\\\/www.ilnotiziario.net\\\/wp\\\/#organization\"},\"alternateName\":\"Il Notiziario Bollate\",\"potentialAction\":[{\"@type\":\"SearchAction\",\"target\":{\"@type\":\"EntryPoint\",\"urlTemplate\":\"https:\\\/\\\/www.ilnotiziario.net\\\/wp\\\/?s={search_term_string}\"},\"query-input\":{\"@type\":\"PropertyValueSpecification\",\"valueRequired\":true,\"valueName\":\"search_term_string\"}}],\"inLanguage\":\"it-IT\"},{\"@type\":\"Organization\",\"@id\":\"https:\\\/\\\/www.ilnotiziario.net\\\/wp\\\/#organization\",\"name\":\"Il Notiziario\",\"url\":\"https:\\\/\\\/www.ilnotiziario.net\\\/wp\\\/\",\"logo\":{\"@type\":\"ImageObject\",\"inLanguage\":\"it-IT\",\"@id\":\"https:\\\/\\\/www.ilnotiziario.net\\\/wp\\\/#\\\/schema\\\/logo\\\/image\\\/\",\"url\":\"https:\\\/\\\/www.ilnotiziario.net\\\/wp\\\/wp-content\\\/uploads\\\/2022\\\/06\\\/170x170ilN.png\",\"contentUrl\":\"https:\\\/\\\/www.ilnotiziario.net\\\/wp\\\/wp-content\\\/uploads\\\/2022\\\/06\\\/170x170ilN.png\",\"width\":355,\"height\":355,\"caption\":\"Il Notiziario\"},\"image\":{\"@id\":\"https:\\\/\\\/www.ilnotiziario.net\\\/wp\\\/#\\\/schema\\\/logo\\\/image\\\/\"},\"sameAs\":[\"https:\\\/\\\/www.facebook.com\\\/ilnotiziarioind\\\/\",\"https:\\\/\\\/x.com\\\/ilNotiziarioInd\",\"https:\\\/\\\/www.instagram.com\\\/ilnotiziario_settimanale\\\/\"]},{\"@type\":\"Person\",\"@id\":\"https:\\\/\\\/www.ilnotiziario.net\\\/wp\\\/#\\\/schema\\\/person\\\/386e222908f898bb41c033989482bbf2\",\"name\":\"Gabriele Bassani\",\"image\":{\"@type\":\"ImageObject\",\"inLanguage\":\"it-IT\",\"@id\":\"https:\\\/\\\/secure.gravatar.com\\\/avatar\\\/09274f4a84fa97698bde56f84b3afed61c8492d48b0550db9671b68c177479cb?s=96&d=mm&r=g\",\"url\":\"https:\\\/\\\/secure.gravatar.com\\\/avatar\\\/09274f4a84fa97698bde56f84b3afed61c8492d48b0550db9671b68c177479cb?s=96&d=mm&r=g\",\"contentUrl\":\"https:\\\/\\\/secure.gravatar.com\\\/avatar\\\/09274f4a84fa97698bde56f84b3afed61c8492d48b0550db9671b68c177479cb?s=96&d=mm&r=g\",\"caption\":\"Gabriele Bassani\"},\"sameAs\":[\"http:\\\/\\\/www.ilnotiziario.net\"]}]}<\/script>\n<!-- \/ Yoast SEO plugin. -->","yoast_head_json":{"title":"Il concerto a Cormano di Pablo Lentini Riva - Il Notiziario","description":"A distanza di giorni non scema l'eco del successo del concerto tenuto da Pablo Lentini Riva a Cormano, al Clik Art","robots":{"index":"index","follow":"follow","max-snippet":"max-snippet:-1","max-image-preview":"max-image-preview:large","max-video-preview":"max-video-preview:-1"},"canonical":"https:\/\/www.ilnotiziario.net\/wp\/appuntamenti-della-settimana\/cormano-e-leco-della-chitarra-di-pablo-lentini-riva\/","og_locale":"it_IT","og_type":"article","og_title":"Il concerto a Cormano di Pablo Lentini Riva - Il Notiziario","og_description":"A distanza di giorni non scema l'eco del successo del concerto tenuto da Pablo Lentini Riva a Cormano, al Clik Art","og_url":"https:\/\/www.ilnotiziario.net\/wp\/appuntamenti-della-settimana\/cormano-e-leco-della-chitarra-di-pablo-lentini-riva\/","og_site_name":"Il Notiziario","article_publisher":"https:\/\/www.facebook.com\/ilnotiziarioind\/","article_published_time":"2022-11-09T07:59:24+00:00","og_image":[{"width":1080,"height":1118,"url":"https:\/\/www.ilnotiziario.net\/wp\/wp-content\/uploads\/2022\/11\/X-SITO-CORM-IL-SINDACO-MAGISTRO-al-concerto.jpg","type":"image\/jpeg"}],"author":"Gabriele Bassani","twitter_card":"summary_large_image","twitter_creator":"@ilNotiziarioInd","twitter_site":"@ilNotiziarioInd","twitter_misc":{"Scritto da":"Gabriele Bassani","Tempo di lettura stimato":"4 minuti"},"schema":{"@context":"https:\/\/schema.org","@graph":[{"@type":"Article","@id":"https:\/\/www.ilnotiziario.net\/wp\/appuntamenti-della-settimana\/cormano-e-leco-della-chitarra-di-pablo-lentini-riva\/#article","isPartOf":{"@id":"https:\/\/www.ilnotiziario.net\/wp\/appuntamenti-della-settimana\/cormano-e-leco-della-chitarra-di-pablo-lentini-riva\/"},"author":{"name":"Gabriele Bassani","@id":"https:\/\/www.ilnotiziario.net\/wp\/#\/schema\/person\/386e222908f898bb41c033989482bbf2"},"headline":"Cormano e l&#8217;eco della chitarra di Pablo Lentini Riva","datePublished":"2022-11-09T07:59:24+00:00","mainEntityOfPage":{"@id":"https:\/\/www.ilnotiziario.net\/wp\/appuntamenti-della-settimana\/cormano-e-leco-della-chitarra-di-pablo-lentini-riva\/"},"wordCount":560,"publisher":{"@id":"https:\/\/www.ilnotiziario.net\/wp\/#organization"},"image":{"@id":"https:\/\/www.ilnotiziario.net\/wp\/appuntamenti-della-settimana\/cormano-e-leco-della-chitarra-di-pablo-lentini-riva\/#primaryimage"},"thumbnailUrl":"https:\/\/www.ilnotiziario.net\/wp\/wp-content\/uploads\/2022\/11\/X-SITO-CORM-IL-SINDACO-MAGISTRO-al-concerto.jpg","keywords":["click art","click art cormano","concerto","Cormano","pablo lentini riva"],"articleSection":["APPUNTAMENTI","NORD MILANO"],"inLanguage":"it-IT"},{"@type":"WebPage","@id":"https:\/\/www.ilnotiziario.net\/wp\/appuntamenti-della-settimana\/cormano-e-leco-della-chitarra-di-pablo-lentini-riva\/","url":"https:\/\/www.ilnotiziario.net\/wp\/appuntamenti-della-settimana\/cormano-e-leco-della-chitarra-di-pablo-lentini-riva\/","name":"Il concerto a Cormano di Pablo Lentini Riva - Il Notiziario","isPartOf":{"@id":"https:\/\/www.ilnotiziario.net\/wp\/#website"},"primaryImageOfPage":{"@id":"https:\/\/www.ilnotiziario.net\/wp\/appuntamenti-della-settimana\/cormano-e-leco-della-chitarra-di-pablo-lentini-riva\/#primaryimage"},"image":{"@id":"https:\/\/www.ilnotiziario.net\/wp\/appuntamenti-della-settimana\/cormano-e-leco-della-chitarra-di-pablo-lentini-riva\/#primaryimage"},"thumbnailUrl":"https:\/\/www.ilnotiziario.net\/wp\/wp-content\/uploads\/2022\/11\/X-SITO-CORM-IL-SINDACO-MAGISTRO-al-concerto.jpg","datePublished":"2022-11-09T07:59:24+00:00","description":"A distanza di giorni non scema l'eco del successo del concerto tenuto da Pablo Lentini Riva a Cormano, al Clik Art","breadcrumb":{"@id":"https:\/\/www.ilnotiziario.net\/wp\/appuntamenti-della-settimana\/cormano-e-leco-della-chitarra-di-pablo-lentini-riva\/#breadcrumb"},"inLanguage":"it-IT","potentialAction":[{"@type":"ReadAction","target":["https:\/\/www.ilnotiziario.net\/wp\/appuntamenti-della-settimana\/cormano-e-leco-della-chitarra-di-pablo-lentini-riva\/"]}]},{"@type":"ImageObject","inLanguage":"it-IT","@id":"https:\/\/www.ilnotiziario.net\/wp\/appuntamenti-della-settimana\/cormano-e-leco-della-chitarra-di-pablo-lentini-riva\/#primaryimage","url":"https:\/\/www.ilnotiziario.net\/wp\/wp-content\/uploads\/2022\/11\/X-SITO-CORM-IL-SINDACO-MAGISTRO-al-concerto.jpg","contentUrl":"https:\/\/www.ilnotiziario.net\/wp\/wp-content\/uploads\/2022\/11\/X-SITO-CORM-IL-SINDACO-MAGISTRO-al-concerto.jpg","width":1080,"height":1118,"caption":"Il concerto di Pablo Lentini Riva a Cormano"},{"@type":"BreadcrumbList","@id":"https:\/\/www.ilnotiziario.net\/wp\/appuntamenti-della-settimana\/cormano-e-leco-della-chitarra-di-pablo-lentini-riva\/#breadcrumb","itemListElement":[{"@type":"ListItem","position":1,"name":"tds_text_logo_tagline_colortds_text_logo_tagline_colortds_text_logo_tagline_colortds_text_logo_tagline_colortd_module_7_title_excerpttd_module_7_title_excerpttd_module_7_title_excerpttd_module_7_title_excerptHome","item":"https:\/\/www.ilnotiziario.net\/wp\/"},{"@type":"ListItem","position":2,"name":"Cormano e l&#8217;eco della chitarra di Pablo Lentini Riva"}]},{"@type":"WebSite","@id":"https:\/\/www.ilnotiziario.net\/wp\/#website","url":"https:\/\/www.ilnotiziario.net\/wp\/","name":"Il Notiziario","description":"Per restare sempre connessi alla notizia","publisher":{"@id":"https:\/\/www.ilnotiziario.net\/wp\/#organization"},"alternateName":"Il Notiziario Bollate","potentialAction":[{"@type":"SearchAction","target":{"@type":"EntryPoint","urlTemplate":"https:\/\/www.ilnotiziario.net\/wp\/?s={search_term_string}"},"query-input":{"@type":"PropertyValueSpecification","valueRequired":true,"valueName":"search_term_string"}}],"inLanguage":"it-IT"},{"@type":"Organization","@id":"https:\/\/www.ilnotiziario.net\/wp\/#organization","name":"Il Notiziario","url":"https:\/\/www.ilnotiziario.net\/wp\/","logo":{"@type":"ImageObject","inLanguage":"it-IT","@id":"https:\/\/www.ilnotiziario.net\/wp\/#\/schema\/logo\/image\/","url":"https:\/\/www.ilnotiziario.net\/wp\/wp-content\/uploads\/2022\/06\/170x170ilN.png","contentUrl":"https:\/\/www.ilnotiziario.net\/wp\/wp-content\/uploads\/2022\/06\/170x170ilN.png","width":355,"height":355,"caption":"Il Notiziario"},"image":{"@id":"https:\/\/www.ilnotiziario.net\/wp\/#\/schema\/logo\/image\/"},"sameAs":["https:\/\/www.facebook.com\/ilnotiziarioind\/","https:\/\/x.com\/ilNotiziarioInd","https:\/\/www.instagram.com\/ilnotiziario_settimanale\/"]},{"@type":"Person","@id":"https:\/\/www.ilnotiziario.net\/wp\/#\/schema\/person\/386e222908f898bb41c033989482bbf2","name":"Gabriele Bassani","image":{"@type":"ImageObject","inLanguage":"it-IT","@id":"https:\/\/secure.gravatar.com\/avatar\/09274f4a84fa97698bde56f84b3afed61c8492d48b0550db9671b68c177479cb?s=96&d=mm&r=g","url":"https:\/\/secure.gravatar.com\/avatar\/09274f4a84fa97698bde56f84b3afed61c8492d48b0550db9671b68c177479cb?s=96&d=mm&r=g","contentUrl":"https:\/\/secure.gravatar.com\/avatar\/09274f4a84fa97698bde56f84b3afed61c8492d48b0550db9671b68c177479cb?s=96&d=mm&r=g","caption":"Gabriele Bassani"},"sameAs":["http:\/\/www.ilnotiziario.net"]}]}},"_links":{"self":[{"href":"https:\/\/www.ilnotiziario.net\/wp\/wp-json\/wp\/v2\/posts\/173471","targetHints":{"allow":["GET"]}}],"collection":[{"href":"https:\/\/www.ilnotiziario.net\/wp\/wp-json\/wp\/v2\/posts"}],"about":[{"href":"https:\/\/www.ilnotiziario.net\/wp\/wp-json\/wp\/v2\/types\/post"}],"author":[{"embeddable":true,"href":"https:\/\/www.ilnotiziario.net\/wp\/wp-json\/wp\/v2\/users\/3"}],"replies":[{"embeddable":true,"href":"https:\/\/www.ilnotiziario.net\/wp\/wp-json\/wp\/v2\/comments?post=173471"}],"version-history":[{"count":0,"href":"https:\/\/www.ilnotiziario.net\/wp\/wp-json\/wp\/v2\/posts\/173471\/revisions"}],"wp:featuredmedia":[{"embeddable":true,"href":"https:\/\/www.ilnotiziario.net\/wp\/wp-json\/wp\/v2\/media\/173473"}],"wp:attachment":[{"href":"https:\/\/www.ilnotiziario.net\/wp\/wp-json\/wp\/v2\/media?parent=173471"}],"wp:term":[{"taxonomy":"category","embeddable":true,"href":"https:\/\/www.ilnotiziario.net\/wp\/wp-json\/wp\/v2\/categories?post=173471"},{"taxonomy":"post_tag","embeddable":true,"href":"https:\/\/www.ilnotiziario.net\/wp\/wp-json\/wp\/v2\/tags?post=173471"}],"curies":[{"name":"wp","href":"https:\/\/api.w.org\/{rel}","templated":true}]}}