{"id":173872,"date":"2022-11-14T16:42:36","date_gmt":"2022-11-14T15:42:36","guid":{"rendered":"https:\/\/www.ilnotiziario.net\/wp\/?p=173872"},"modified":"2022-11-14T16:43:46","modified_gmt":"2022-11-14T15:43:46","slug":"jeep-avenger-debutta-da-autotorino-due-giorni-di-anteprima-a-saronno-e-busto-arsizio","status":"publish","type":"post","link":"https:\/\/www.ilnotiziario.net\/wp\/saronno\/jeep-avenger-debutta-da-autotorino-due-giorni-di-anteprima-a-saronno-e-busto-arsizio\/","title":{"rendered":"Jeep Avenger debutta da Autotorino, due giorni di anteprima a Saronno e Busto Arsizio"},"content":{"rendered":"<p align=\"justify\">Appena lanciata al Salone di Parigi, <b>Avenger<\/b> conquista gi\u00e0 un primato: \u00e8 il primo<b> SUV 100% elettrico di Jeep<\/b>, con un\u2019autonomia <b>fino a 400km<\/b>,<b> che diventano 550 in ciclo urbano <\/b>(WLTP). Sull\u2019onda dell\u2019entusiasmo che ha gi\u00e0 generato, le concessionarie <b>Autotorino Jeep di Busto Arsizio <\/b>(v.le Pirandello, 7)<b> <\/b>e<b> Saronno <\/b>(v.le Lombardia ang. Via Grieg, 32) la presentano in anteprima esclusiva: <b>luned\u00ec 14 novembre<\/b> dalle 18.30 presso la <span style=\"color: #0563c1;\"><u><a href=\"https:\/\/amp.autotorino.it\/anteprima_jeep_avenger_busto\"><b>filiale Autotorino di Busto Arsizio<\/b><\/a><\/u><\/span> e <b>mercoled\u00ec 16 novembre<\/b> dalle 18.30 presso la <span style=\"color: #0563c1;\"><u><a href=\"https:\/\/amp.autotorino.it\/anteprima_jeep_avenger_saronno\"><b>filiale di Saronno<\/b><\/a><\/u><\/span>.<\/p><div id=\"ilnot-2137376969\" class=\"ilnot-contenuto ilnot-entity-placement\"><p><!-- incontent_1 --><\/p>\n<div class=\"gptslot\" data-adunitid=\"1\"><\/div>\n<\/div>\n<p align=\"justify\">Due date imperdibili perch\u00e9 la vettura sar\u00e0 nelle sedi solamente per gli eventi d\u2019anteprima.<\/p>\n<p align=\"justify\"><span style=\"font-family: Calibri, serif;\">Per rendere ancora pi\u00f9 speciale questo \u2018battesimo\u2019 a entrambe le serate sar\u00e0 presente <\/span><span style=\"font-family: Calibri, serif;\"><b>Simone Moro<\/b><\/span><span style=\"font-family: Calibri, serif;\">, alpinista di fama mondiale, in particolare per le sue ascensioni invernali sugli Ottomila Himalayani, per portare ad un livello estremo lo spirito d\u2019avventura che si respira nelle filiali Autotorino Jeep. <\/span><\/p><div id=\"ilnot-1490464409\" class=\"ilnot-contenuto_2 ilnot-entity-placement\"><div class=\"ads-wrapper\">\n<div class=\"ad-slot\">\n   <div id=\"ilnot-143723962\" style=\"margin-right: auto;margin-left: auto;text-align: center;width: 320px;height: 100px;\"><a href=\"https:\/\/www.scuolasicurezza.it\/\"><img decoding=\"async\" src=\"https:\/\/www.ilnotiziario.net\/wp\/wp-content\/uploads\/2026\/04\/IlNotiziario_banner-sito-e-newsletter-320-x-100-px-1.gif\" alt=\"\"><\/a><\/div>\n  <\/div>\n<div class=\"ad-slot\">\n   <div id=\"ilnot-1476983790\" style=\"margin-right: auto;margin-left: auto;text-align: center;width: 320px;height: 100px;\"><a href=\"https:\/\/purodesignarredamenti.com\/\"><img decoding=\"async\" src=\"https:\/\/www.ilnotiziario.net\/wp\/wp-content\/uploads\/2026\/04\/banner-puro-ok.gif\" alt=\"whatsapp\"><\/a><\/div><\/p><\/div>\n<\/div>\n<\/div>\n<p align=\"justify\"><span style=\"font-family: Calibri, serif;\">Dopo tanta adrenalina, gli ospiti potranno godersi l\u2019evento di reveal in un clima diverso dal solito, accompagnati da gustose <\/span><span style=\"font-family: Calibri, serif;\"><b>attenzioni gourmet<\/b><\/span><span style=\"font-family: Calibri, serif;\"> e <\/span><span style=\"font-family: Calibri, serif;\"><b>intrattenimento musicale<\/b><\/span><span style=\"font-family: Calibri, serif;\"> con dj set. <\/span><\/p>\n<h2 align=\"justify\"><span style=\"color: #2f5496;\"><span style=\"font-size: large;\"><b>Due motorizzazioni per un puro carattere Jeep<\/b><\/span><\/span><\/h2>\n<p align=\"justify\"><b>Avenger<\/b> si presenta con due motorizzazioni disponibili: <b>full-electric<\/b> e a <b>propulsione termica tradizionale a benzina. Avenger<\/b> porta un nome dalle grandi ambizioni: <b>libert\u00e0<\/b>, stile <b>inconfondibile<\/b>, <b>DNA<\/b> e <b>leggendarie capability Jeep<\/b> in misure compatte, tanto da essere soprannominata <b>\u201cBaby Jeep\u201d<\/b> (\u00e8 pi\u00f9 corta di 16 cm rispetto alla Renegade). \u00c8 quindi un <b>SUV<\/b> che si adatta alle <b>esigenze della citt\u00e0<\/b> proponendosi ad un <b>target <\/b><i><b>urban<\/b><\/i><i>, <\/i>ma questa compattezza \u00e8 un asso nella manica nell\u2019uso <b>off-road<\/b><i>.<\/i> Il tutto con un occhio di riguardo al <b>comfort<\/b> a bordo e alla spaziosit\u00e0 del vano bagagli.<\/p>\n<h3 align=\"justify\"><span style=\"color: #2f5496;\"><span style=\"font-size: large;\"><b>Jeep Avenger 1st Edition<\/b><\/span><\/span><\/h3>\n<div id='gallery-1' class='gallery galleryid-173872 gallery-columns-3 gallery-size-full'><figure class='gallery-item'>\n\t\t\t<div class='gallery-icon landscape'>\n\t\t\t\t<a href='https:\/\/www.ilnotiziario.net\/wp\/saronno\/jeep-avenger-debutta-da-autotorino-due-giorni-di-anteprima-a-saronno-e-busto-arsizio\/attachment\/jeep-avenger-2\/'><img fetchpriority=\"high\" decoding=\"async\" width=\"567\" height=\"378\" src=\"https:\/\/www.ilnotiziario.net\/wp\/wp-content\/uploads\/2022\/11\/Jeep-Avenger-2.jpg\" class=\"attachment-full size-full\" alt=\"\" srcset=\"https:\/\/www.ilnotiziario.net\/wp\/wp-content\/uploads\/2022\/11\/Jeep-Avenger-2.jpg 567w, https:\/\/www.ilnotiziario.net\/wp\/wp-content\/uploads\/2022\/11\/Jeep-Avenger-2-300x200.jpg 300w, https:\/\/www.ilnotiziario.net\/wp\/wp-content\/uploads\/2022\/11\/Jeep-Avenger-2-150x100.jpg 150w, https:\/\/www.ilnotiziario.net\/wp\/wp-content\/uploads\/2022\/11\/Jeep-Avenger-2-450x300.jpg 450w\" sizes=\"(max-width: 567px) 100vw, 567px\" \/><\/a>\n\t\t\t<\/div><\/figure><figure class='gallery-item'>\n\t\t\t<div class='gallery-icon landscape'>\n\t\t\t\t<a href='https:\/\/www.ilnotiziario.net\/wp\/saronno\/jeep-avenger-debutta-da-autotorino-due-giorni-di-anteprima-a-saronno-e-busto-arsizio\/attachment\/jeep-avenger-3\/'><img decoding=\"async\" width=\"567\" height=\"425\" src=\"https:\/\/www.ilnotiziario.net\/wp\/wp-content\/uploads\/2022\/11\/Jeep-Avenger-3.jpg\" class=\"attachment-full size-full\" alt=\"\" srcset=\"https:\/\/www.ilnotiziario.net\/wp\/wp-content\/uploads\/2022\/11\/Jeep-Avenger-3.jpg 567w, https:\/\/www.ilnotiziario.net\/wp\/wp-content\/uploads\/2022\/11\/Jeep-Avenger-3-300x225.jpg 300w, https:\/\/www.ilnotiziario.net\/wp\/wp-content\/uploads\/2022\/11\/Jeep-Avenger-3-150x112.jpg 150w, https:\/\/www.ilnotiziario.net\/wp\/wp-content\/uploads\/2022\/11\/Jeep-Avenger-3-450x337.jpg 450w\" sizes=\"(max-width: 567px) 100vw, 567px\" \/><\/a>\n\t\t\t<\/div><\/figure><figure class='gallery-item'>\n\t\t\t<div class='gallery-icon landscape'>\n\t\t\t\t<a href='https:\/\/www.ilnotiziario.net\/wp\/saronno\/jeep-avenger-debutta-da-autotorino-due-giorni-di-anteprima-a-saronno-e-busto-arsizio\/attachment\/jeep-avenger-1\/'><img decoding=\"async\" width=\"567\" height=\"378\" src=\"https:\/\/www.ilnotiziario.net\/wp\/wp-content\/uploads\/2022\/11\/Jeep-Avenger-1.jpg\" class=\"attachment-full size-full\" alt=\"Jeep Avenger\" srcset=\"https:\/\/www.ilnotiziario.net\/wp\/wp-content\/uploads\/2022\/11\/Jeep-Avenger-1.jpg 567w, https:\/\/www.ilnotiziario.net\/wp\/wp-content\/uploads\/2022\/11\/Jeep-Avenger-1-300x200.jpg 300w, https:\/\/www.ilnotiziario.net\/wp\/wp-content\/uploads\/2022\/11\/Jeep-Avenger-1-150x100.jpg 150w, https:\/\/www.ilnotiziario.net\/wp\/wp-content\/uploads\/2022\/11\/Jeep-Avenger-1-450x300.jpg 450w\" sizes=\"(max-width: 567px) 100vw, 567px\" \/><\/a>\n\t\t\t<\/div><\/figure>\n\t\t<\/div>\n\n<p align=\"justify\"><b>Avenger<\/b> debutta al lancio in versione<b> 1st Edition<\/b>: bicolore oppure in tinta unita Volcano, \u00e8 arricchita con vetri oscurati, <b>cerchi in lega da 18\u201d<\/b> e <b>luci full LED anteriori e posteriori<\/b>. All\u2019interno luci ambiente multicolore e una fascia della plancia gialla, richiamata negli inserti dei sedili premium neri riscaldati. Il sistema di <b>Infotainment Uconnect 10\u201d con display da 10,25\u201d <\/b>rende la plancia interamente digitale. Come da tradizione, la <b>nuova Avenger<\/b> pu\u00f2 essere arricchita con <b>accessori specifici<\/b>, rispecchiando l\u2019approccio \u201cstand of the crowd\u201d di Jeep per rendere <b>unico il proprio SUV.<\/b><\/p><div id=\"ilnot-1833076613\" class=\"ilnot-contenuto_2-2 ilnot-entity-placement\"><div class=\"gptslot\" data-adunitid=\"2\"><\/div>\n<\/div>\n","protected":false},"excerpt":{"rendered":"<p>Appena lanciata al Salone di Parigi, Avenger conquista gi\u00e0 un primato: \u00e8 il primo SUV 100% elettrico di Jeep, con un\u2019autonomia fino a 400km, che diventano 550 in ciclo urbano (WLTP). Sull\u2019onda dell\u2019entusiasmo che ha gi\u00e0 generato, le concessionarie Autotorino Jeep di Busto Arsizio (v.le Pirandello, 7) e Saronno (v.le Lombardia ang. Via Grieg, 32)<\/p>\n","protected":false},"author":3,"featured_media":173873,"comment_status":"closed","ping_status":"closed","sticky":false,"template":"","format":"gallery","meta":{"footnotes":""},"categories":[8852,14],"tags":[9732,11263,739,11262,56],"class_list":{"0":"post-173872","1":"post","2":"type-post","3":"status-publish","4":"format-gallery","5":"has-post-thumbnail","7":"category-ip","8":"category-saronno","9":"tag-autotorino","10":"tag-avenger","11":"tag-busto-arsizio","12":"tag-jeep","13":"tag-saronno-2","14":"post_format-post-format-gallery"},"yoast_head":"<!-- This site is optimized with the Yoast SEO plugin v27.4 - https:\/\/yoast.com\/product\/yoast-seo-wordpress\/ -->\n<title>Jeep Avenger debutta da Autotorino, due giorni di anteprima a Saronno e Busto Arsizio - Il Notiziario<\/title>\n<meta name=\"description\" content=\"Avenger conquista gi\u00e0 un primato: \u00e8 il primo SUV 100% elettrico di Jeep, con un\u2019autonomia fino a 400km, che diventano 550 in ciclo urbano\" \/>\n<meta name=\"robots\" content=\"index, follow, max-snippet:-1, max-image-preview:large, max-video-preview:-1\" \/>\n<link rel=\"canonical\" href=\"https:\/\/www.ilnotiziario.net\/wp\/saronno\/jeep-avenger-debutta-da-autotorino-due-giorni-di-anteprima-a-saronno-e-busto-arsizio\/\" \/>\n<meta property=\"og:locale\" content=\"it_IT\" \/>\n<meta property=\"og:type\" content=\"article\" \/>\n<meta property=\"og:title\" content=\"Jeep Avenger debutta da Autotorino, due giorni di anteprima a Saronno e Busto Arsizio - Il Notiziario\" \/>\n<meta property=\"og:description\" content=\"Avenger conquista gi\u00e0 un primato: \u00e8 il primo SUV 100% elettrico di Jeep, con un\u2019autonomia fino a 400km, che diventano 550 in ciclo urbano\" \/>\n<meta property=\"og:url\" content=\"https:\/\/www.ilnotiziario.net\/wp\/saronno\/jeep-avenger-debutta-da-autotorino-due-giorni-di-anteprima-a-saronno-e-busto-arsizio\/\" \/>\n<meta property=\"og:site_name\" content=\"Il Notiziario\" \/>\n<meta property=\"article:publisher\" content=\"https:\/\/www.facebook.com\/ilnotiziarioind\/\" \/>\n<meta property=\"article:published_time\" content=\"2022-11-14T15:42:36+00:00\" \/>\n<meta property=\"article:modified_time\" content=\"2022-11-14T15:43:46+00:00\" \/>\n<meta property=\"og:image\" content=\"https:\/\/www.ilnotiziario.net\/wp\/wp-content\/uploads\/2022\/11\/Jeep-Avenger-1.jpg\" \/>\n\t<meta property=\"og:image:width\" content=\"567\" \/>\n\t<meta property=\"og:image:height\" content=\"378\" \/>\n\t<meta property=\"og:image:type\" content=\"image\/jpeg\" \/>\n<meta name=\"author\" content=\"Gabriele Bassani\" \/>\n<meta name=\"twitter:card\" content=\"summary_large_image\" \/>\n<meta name=\"twitter:creator\" content=\"@ilNotiziarioInd\" \/>\n<meta name=\"twitter:site\" content=\"@ilNotiziarioInd\" \/>\n<meta name=\"twitter:label1\" content=\"Scritto da\" \/>\n\t<meta name=\"twitter:data1\" content=\"Gabriele Bassani\" \/>\n\t<meta name=\"twitter:label2\" content=\"Tempo di lettura stimato\" \/>\n\t<meta name=\"twitter:data2\" content=\"2 minuti\" \/>\n<script type=\"application\/ld+json\" class=\"yoast-schema-graph\">{\"@context\":\"https:\\\/\\\/schema.org\",\"@graph\":[{\"@type\":\"Article\",\"@id\":\"https:\\\/\\\/www.ilnotiziario.net\\\/wp\\\/saronno\\\/jeep-avenger-debutta-da-autotorino-due-giorni-di-anteprima-a-saronno-e-busto-arsizio\\\/#article\",\"isPartOf\":{\"@id\":\"https:\\\/\\\/www.ilnotiziario.net\\\/wp\\\/saronno\\\/jeep-avenger-debutta-da-autotorino-due-giorni-di-anteprima-a-saronno-e-busto-arsizio\\\/\"},\"author\":{\"name\":\"Gabriele Bassani\",\"@id\":\"https:\\\/\\\/www.ilnotiziario.net\\\/wp\\\/#\\\/schema\\\/person\\\/386e222908f898bb41c033989482bbf2\"},\"headline\":\"Jeep Avenger debutta da Autotorino, due giorni di anteprima a Saronno e Busto Arsizio\",\"datePublished\":\"2022-11-14T15:42:36+00:00\",\"dateModified\":\"2022-11-14T15:43:46+00:00\",\"mainEntityOfPage\":{\"@id\":\"https:\\\/\\\/www.ilnotiziario.net\\\/wp\\\/saronno\\\/jeep-avenger-debutta-da-autotorino-due-giorni-di-anteprima-a-saronno-e-busto-arsizio\\\/\"},\"wordCount\":373,\"publisher\":{\"@id\":\"https:\\\/\\\/www.ilnotiziario.net\\\/wp\\\/#organization\"},\"image\":{\"@id\":\"https:\\\/\\\/www.ilnotiziario.net\\\/wp\\\/saronno\\\/jeep-avenger-debutta-da-autotorino-due-giorni-di-anteprima-a-saronno-e-busto-arsizio\\\/#primaryimage\"},\"thumbnailUrl\":\"https:\\\/\\\/www.ilnotiziario.net\\\/wp\\\/wp-content\\\/uploads\\\/2022\\\/11\\\/Jeep-Avenger-1.jpg\",\"keywords\":[\"autotorino\",\"Avenger\",\"Busto Arsizio\",\"Jeep\",\"Saronno\"],\"articleSection\":[\"INFORMAZIONE PUBBLICITARIA\",\"SARONNO\"],\"inLanguage\":\"it-IT\"},{\"@type\":\"WebPage\",\"@id\":\"https:\\\/\\\/www.ilnotiziario.net\\\/wp\\\/saronno\\\/jeep-avenger-debutta-da-autotorino-due-giorni-di-anteprima-a-saronno-e-busto-arsizio\\\/\",\"url\":\"https:\\\/\\\/www.ilnotiziario.net\\\/wp\\\/saronno\\\/jeep-avenger-debutta-da-autotorino-due-giorni-di-anteprima-a-saronno-e-busto-arsizio\\\/\",\"name\":\"Jeep Avenger debutta da Autotorino, due giorni di anteprima a Saronno e Busto Arsizio - Il Notiziario\",\"isPartOf\":{\"@id\":\"https:\\\/\\\/www.ilnotiziario.net\\\/wp\\\/#website\"},\"primaryImageOfPage\":{\"@id\":\"https:\\\/\\\/www.ilnotiziario.net\\\/wp\\\/saronno\\\/jeep-avenger-debutta-da-autotorino-due-giorni-di-anteprima-a-saronno-e-busto-arsizio\\\/#primaryimage\"},\"image\":{\"@id\":\"https:\\\/\\\/www.ilnotiziario.net\\\/wp\\\/saronno\\\/jeep-avenger-debutta-da-autotorino-due-giorni-di-anteprima-a-saronno-e-busto-arsizio\\\/#primaryimage\"},\"thumbnailUrl\":\"https:\\\/\\\/www.ilnotiziario.net\\\/wp\\\/wp-content\\\/uploads\\\/2022\\\/11\\\/Jeep-Avenger-1.jpg\",\"datePublished\":\"2022-11-14T15:42:36+00:00\",\"dateModified\":\"2022-11-14T15:43:46+00:00\",\"description\":\"Avenger conquista gi\u00e0 un primato: \u00e8 il primo SUV 100% elettrico di Jeep, con un\u2019autonomia fino a 400km, che diventano 550 in ciclo urbano\",\"breadcrumb\":{\"@id\":\"https:\\\/\\\/www.ilnotiziario.net\\\/wp\\\/saronno\\\/jeep-avenger-debutta-da-autotorino-due-giorni-di-anteprima-a-saronno-e-busto-arsizio\\\/#breadcrumb\"},\"inLanguage\":\"it-IT\",\"potentialAction\":[{\"@type\":\"ReadAction\",\"target\":[\"https:\\\/\\\/www.ilnotiziario.net\\\/wp\\\/saronno\\\/jeep-avenger-debutta-da-autotorino-due-giorni-di-anteprima-a-saronno-e-busto-arsizio\\\/\"]}]},{\"@type\":\"ImageObject\",\"inLanguage\":\"it-IT\",\"@id\":\"https:\\\/\\\/www.ilnotiziario.net\\\/wp\\\/saronno\\\/jeep-avenger-debutta-da-autotorino-due-giorni-di-anteprima-a-saronno-e-busto-arsizio\\\/#primaryimage\",\"url\":\"https:\\\/\\\/www.ilnotiziario.net\\\/wp\\\/wp-content\\\/uploads\\\/2022\\\/11\\\/Jeep-Avenger-1.jpg\",\"contentUrl\":\"https:\\\/\\\/www.ilnotiziario.net\\\/wp\\\/wp-content\\\/uploads\\\/2022\\\/11\\\/Jeep-Avenger-1.jpg\",\"width\":567,\"height\":378,\"caption\":\"Jeep Avenger\"},{\"@type\":\"BreadcrumbList\",\"@id\":\"https:\\\/\\\/www.ilnotiziario.net\\\/wp\\\/saronno\\\/jeep-avenger-debutta-da-autotorino-due-giorni-di-anteprima-a-saronno-e-busto-arsizio\\\/#breadcrumb\",\"itemListElement\":[{\"@type\":\"ListItem\",\"position\":1,\"name\":\"tds_text_logo_tagline_colortds_text_logo_tagline_colortds_text_logo_tagline_colortds_text_logo_tagline_colortd_module_7_title_excerpttd_module_7_title_excerpttd_module_7_title_excerpttd_module_7_title_excerptHome\",\"item\":\"https:\\\/\\\/www.ilnotiziario.net\\\/wp\\\/\"},{\"@type\":\"ListItem\",\"position\":2,\"name\":\"Jeep Avenger debutta da Autotorino, due giorni di anteprima a Saronno e Busto Arsizio\"}]},{\"@type\":\"WebSite\",\"@id\":\"https:\\\/\\\/www.ilnotiziario.net\\\/wp\\\/#website\",\"url\":\"https:\\\/\\\/www.ilnotiziario.net\\\/wp\\\/\",\"name\":\"Il Notiziario\",\"description\":\"Per restare sempre connessi alla notizia\",\"publisher\":{\"@id\":\"https:\\\/\\\/www.ilnotiziario.net\\\/wp\\\/#organization\"},\"alternateName\":\"Il Notiziario Bollate\",\"potentialAction\":[{\"@type\":\"SearchAction\",\"target\":{\"@type\":\"EntryPoint\",\"urlTemplate\":\"https:\\\/\\\/www.ilnotiziario.net\\\/wp\\\/?s={search_term_string}\"},\"query-input\":{\"@type\":\"PropertyValueSpecification\",\"valueRequired\":true,\"valueName\":\"search_term_string\"}}],\"inLanguage\":\"it-IT\"},{\"@type\":\"Organization\",\"@id\":\"https:\\\/\\\/www.ilnotiziario.net\\\/wp\\\/#organization\",\"name\":\"Il Notiziario\",\"url\":\"https:\\\/\\\/www.ilnotiziario.net\\\/wp\\\/\",\"logo\":{\"@type\":\"ImageObject\",\"inLanguage\":\"it-IT\",\"@id\":\"https:\\\/\\\/www.ilnotiziario.net\\\/wp\\\/#\\\/schema\\\/logo\\\/image\\\/\",\"url\":\"https:\\\/\\\/www.ilnotiziario.net\\\/wp\\\/wp-content\\\/uploads\\\/2022\\\/06\\\/170x170ilN.png\",\"contentUrl\":\"https:\\\/\\\/www.ilnotiziario.net\\\/wp\\\/wp-content\\\/uploads\\\/2022\\\/06\\\/170x170ilN.png\",\"width\":355,\"height\":355,\"caption\":\"Il Notiziario\"},\"image\":{\"@id\":\"https:\\\/\\\/www.ilnotiziario.net\\\/wp\\\/#\\\/schema\\\/logo\\\/image\\\/\"},\"sameAs\":[\"https:\\\/\\\/www.facebook.com\\\/ilnotiziarioind\\\/\",\"https:\\\/\\\/x.com\\\/ilNotiziarioInd\",\"https:\\\/\\\/www.instagram.com\\\/ilnotiziario_settimanale\\\/\"]},{\"@type\":\"Person\",\"@id\":\"https:\\\/\\\/www.ilnotiziario.net\\\/wp\\\/#\\\/schema\\\/person\\\/386e222908f898bb41c033989482bbf2\",\"name\":\"Gabriele Bassani\",\"image\":{\"@type\":\"ImageObject\",\"inLanguage\":\"it-IT\",\"@id\":\"https:\\\/\\\/secure.gravatar.com\\\/avatar\\\/09274f4a84fa97698bde56f84b3afed61c8492d48b0550db9671b68c177479cb?s=96&d=mm&r=g\",\"url\":\"https:\\\/\\\/secure.gravatar.com\\\/avatar\\\/09274f4a84fa97698bde56f84b3afed61c8492d48b0550db9671b68c177479cb?s=96&d=mm&r=g\",\"contentUrl\":\"https:\\\/\\\/secure.gravatar.com\\\/avatar\\\/09274f4a84fa97698bde56f84b3afed61c8492d48b0550db9671b68c177479cb?s=96&d=mm&r=g\",\"caption\":\"Gabriele Bassani\"},\"sameAs\":[\"http:\\\/\\\/www.ilnotiziario.net\"]}]}<\/script>\n<!-- \/ Yoast SEO plugin. -->","yoast_head_json":{"title":"Jeep Avenger debutta da Autotorino, due giorni di anteprima a Saronno e Busto Arsizio - Il Notiziario","description":"Avenger conquista gi\u00e0 un primato: \u00e8 il primo SUV 100% elettrico di Jeep, con un\u2019autonomia fino a 400km, che diventano 550 in ciclo urbano","robots":{"index":"index","follow":"follow","max-snippet":"max-snippet:-1","max-image-preview":"max-image-preview:large","max-video-preview":"max-video-preview:-1"},"canonical":"https:\/\/www.ilnotiziario.net\/wp\/saronno\/jeep-avenger-debutta-da-autotorino-due-giorni-di-anteprima-a-saronno-e-busto-arsizio\/","og_locale":"it_IT","og_type":"article","og_title":"Jeep Avenger debutta da Autotorino, due giorni di anteprima a Saronno e Busto Arsizio - Il Notiziario","og_description":"Avenger conquista gi\u00e0 un primato: \u00e8 il primo SUV 100% elettrico di Jeep, con un\u2019autonomia fino a 400km, che diventano 550 in ciclo urbano","og_url":"https:\/\/www.ilnotiziario.net\/wp\/saronno\/jeep-avenger-debutta-da-autotorino-due-giorni-di-anteprima-a-saronno-e-busto-arsizio\/","og_site_name":"Il Notiziario","article_publisher":"https:\/\/www.facebook.com\/ilnotiziarioind\/","article_published_time":"2022-11-14T15:42:36+00:00","article_modified_time":"2022-11-14T15:43:46+00:00","og_image":[{"width":567,"height":378,"url":"https:\/\/www.ilnotiziario.net\/wp\/wp-content\/uploads\/2022\/11\/Jeep-Avenger-1.jpg","type":"image\/jpeg"}],"author":"Gabriele Bassani","twitter_card":"summary_large_image","twitter_creator":"@ilNotiziarioInd","twitter_site":"@ilNotiziarioInd","twitter_misc":{"Scritto da":"Gabriele Bassani","Tempo di lettura stimato":"2 minuti"},"schema":{"@context":"https:\/\/schema.org","@graph":[{"@type":"Article","@id":"https:\/\/www.ilnotiziario.net\/wp\/saronno\/jeep-avenger-debutta-da-autotorino-due-giorni-di-anteprima-a-saronno-e-busto-arsizio\/#article","isPartOf":{"@id":"https:\/\/www.ilnotiziario.net\/wp\/saronno\/jeep-avenger-debutta-da-autotorino-due-giorni-di-anteprima-a-saronno-e-busto-arsizio\/"},"author":{"name":"Gabriele Bassani","@id":"https:\/\/www.ilnotiziario.net\/wp\/#\/schema\/person\/386e222908f898bb41c033989482bbf2"},"headline":"Jeep Avenger debutta da Autotorino, due giorni di anteprima a Saronno e Busto Arsizio","datePublished":"2022-11-14T15:42:36+00:00","dateModified":"2022-11-14T15:43:46+00:00","mainEntityOfPage":{"@id":"https:\/\/www.ilnotiziario.net\/wp\/saronno\/jeep-avenger-debutta-da-autotorino-due-giorni-di-anteprima-a-saronno-e-busto-arsizio\/"},"wordCount":373,"publisher":{"@id":"https:\/\/www.ilnotiziario.net\/wp\/#organization"},"image":{"@id":"https:\/\/www.ilnotiziario.net\/wp\/saronno\/jeep-avenger-debutta-da-autotorino-due-giorni-di-anteprima-a-saronno-e-busto-arsizio\/#primaryimage"},"thumbnailUrl":"https:\/\/www.ilnotiziario.net\/wp\/wp-content\/uploads\/2022\/11\/Jeep-Avenger-1.jpg","keywords":["autotorino","Avenger","Busto Arsizio","Jeep","Saronno"],"articleSection":["INFORMAZIONE PUBBLICITARIA","SARONNO"],"inLanguage":"it-IT"},{"@type":"WebPage","@id":"https:\/\/www.ilnotiziario.net\/wp\/saronno\/jeep-avenger-debutta-da-autotorino-due-giorni-di-anteprima-a-saronno-e-busto-arsizio\/","url":"https:\/\/www.ilnotiziario.net\/wp\/saronno\/jeep-avenger-debutta-da-autotorino-due-giorni-di-anteprima-a-saronno-e-busto-arsizio\/","name":"Jeep Avenger debutta da Autotorino, due giorni di anteprima a Saronno e Busto Arsizio - Il Notiziario","isPartOf":{"@id":"https:\/\/www.ilnotiziario.net\/wp\/#website"},"primaryImageOfPage":{"@id":"https:\/\/www.ilnotiziario.net\/wp\/saronno\/jeep-avenger-debutta-da-autotorino-due-giorni-di-anteprima-a-saronno-e-busto-arsizio\/#primaryimage"},"image":{"@id":"https:\/\/www.ilnotiziario.net\/wp\/saronno\/jeep-avenger-debutta-da-autotorino-due-giorni-di-anteprima-a-saronno-e-busto-arsizio\/#primaryimage"},"thumbnailUrl":"https:\/\/www.ilnotiziario.net\/wp\/wp-content\/uploads\/2022\/11\/Jeep-Avenger-1.jpg","datePublished":"2022-11-14T15:42:36+00:00","dateModified":"2022-11-14T15:43:46+00:00","description":"Avenger conquista gi\u00e0 un primato: \u00e8 il primo SUV 100% elettrico di Jeep, con un\u2019autonomia fino a 400km, che diventano 550 in ciclo urbano","breadcrumb":{"@id":"https:\/\/www.ilnotiziario.net\/wp\/saronno\/jeep-avenger-debutta-da-autotorino-due-giorni-di-anteprima-a-saronno-e-busto-arsizio\/#breadcrumb"},"inLanguage":"it-IT","potentialAction":[{"@type":"ReadAction","target":["https:\/\/www.ilnotiziario.net\/wp\/saronno\/jeep-avenger-debutta-da-autotorino-due-giorni-di-anteprima-a-saronno-e-busto-arsizio\/"]}]},{"@type":"ImageObject","inLanguage":"it-IT","@id":"https:\/\/www.ilnotiziario.net\/wp\/saronno\/jeep-avenger-debutta-da-autotorino-due-giorni-di-anteprima-a-saronno-e-busto-arsizio\/#primaryimage","url":"https:\/\/www.ilnotiziario.net\/wp\/wp-content\/uploads\/2022\/11\/Jeep-Avenger-1.jpg","contentUrl":"https:\/\/www.ilnotiziario.net\/wp\/wp-content\/uploads\/2022\/11\/Jeep-Avenger-1.jpg","width":567,"height":378,"caption":"Jeep Avenger"},{"@type":"BreadcrumbList","@id":"https:\/\/www.ilnotiziario.net\/wp\/saronno\/jeep-avenger-debutta-da-autotorino-due-giorni-di-anteprima-a-saronno-e-busto-arsizio\/#breadcrumb","itemListElement":[{"@type":"ListItem","position":1,"name":"tds_text_logo_tagline_colortds_text_logo_tagline_colortds_text_logo_tagline_colortds_text_logo_tagline_colortd_module_7_title_excerpttd_module_7_title_excerpttd_module_7_title_excerpttd_module_7_title_excerptHome","item":"https:\/\/www.ilnotiziario.net\/wp\/"},{"@type":"ListItem","position":2,"name":"Jeep Avenger debutta da Autotorino, due giorni di anteprima a Saronno e Busto Arsizio"}]},{"@type":"WebSite","@id":"https:\/\/www.ilnotiziario.net\/wp\/#website","url":"https:\/\/www.ilnotiziario.net\/wp\/","name":"Il Notiziario","description":"Per restare sempre connessi alla notizia","publisher":{"@id":"https:\/\/www.ilnotiziario.net\/wp\/#organization"},"alternateName":"Il Notiziario Bollate","potentialAction":[{"@type":"SearchAction","target":{"@type":"EntryPoint","urlTemplate":"https:\/\/www.ilnotiziario.net\/wp\/?s={search_term_string}"},"query-input":{"@type":"PropertyValueSpecification","valueRequired":true,"valueName":"search_term_string"}}],"inLanguage":"it-IT"},{"@type":"Organization","@id":"https:\/\/www.ilnotiziario.net\/wp\/#organization","name":"Il Notiziario","url":"https:\/\/www.ilnotiziario.net\/wp\/","logo":{"@type":"ImageObject","inLanguage":"it-IT","@id":"https:\/\/www.ilnotiziario.net\/wp\/#\/schema\/logo\/image\/","url":"https:\/\/www.ilnotiziario.net\/wp\/wp-content\/uploads\/2022\/06\/170x170ilN.png","contentUrl":"https:\/\/www.ilnotiziario.net\/wp\/wp-content\/uploads\/2022\/06\/170x170ilN.png","width":355,"height":355,"caption":"Il Notiziario"},"image":{"@id":"https:\/\/www.ilnotiziario.net\/wp\/#\/schema\/logo\/image\/"},"sameAs":["https:\/\/www.facebook.com\/ilnotiziarioind\/","https:\/\/x.com\/ilNotiziarioInd","https:\/\/www.instagram.com\/ilnotiziario_settimanale\/"]},{"@type":"Person","@id":"https:\/\/www.ilnotiziario.net\/wp\/#\/schema\/person\/386e222908f898bb41c033989482bbf2","name":"Gabriele Bassani","image":{"@type":"ImageObject","inLanguage":"it-IT","@id":"https:\/\/secure.gravatar.com\/avatar\/09274f4a84fa97698bde56f84b3afed61c8492d48b0550db9671b68c177479cb?s=96&d=mm&r=g","url":"https:\/\/secure.gravatar.com\/avatar\/09274f4a84fa97698bde56f84b3afed61c8492d48b0550db9671b68c177479cb?s=96&d=mm&r=g","contentUrl":"https:\/\/secure.gravatar.com\/avatar\/09274f4a84fa97698bde56f84b3afed61c8492d48b0550db9671b68c177479cb?s=96&d=mm&r=g","caption":"Gabriele Bassani"},"sameAs":["http:\/\/www.ilnotiziario.net"]}]}},"_links":{"self":[{"href":"https:\/\/www.ilnotiziario.net\/wp\/wp-json\/wp\/v2\/posts\/173872","targetHints":{"allow":["GET"]}}],"collection":[{"href":"https:\/\/www.ilnotiziario.net\/wp\/wp-json\/wp\/v2\/posts"}],"about":[{"href":"https:\/\/www.ilnotiziario.net\/wp\/wp-json\/wp\/v2\/types\/post"}],"author":[{"embeddable":true,"href":"https:\/\/www.ilnotiziario.net\/wp\/wp-json\/wp\/v2\/users\/3"}],"replies":[{"embeddable":true,"href":"https:\/\/www.ilnotiziario.net\/wp\/wp-json\/wp\/v2\/comments?post=173872"}],"version-history":[{"count":0,"href":"https:\/\/www.ilnotiziario.net\/wp\/wp-json\/wp\/v2\/posts\/173872\/revisions"}],"wp:featuredmedia":[{"embeddable":true,"href":"https:\/\/www.ilnotiziario.net\/wp\/wp-json\/wp\/v2\/media\/173873"}],"wp:attachment":[{"href":"https:\/\/www.ilnotiziario.net\/wp\/wp-json\/wp\/v2\/media?parent=173872"}],"wp:term":[{"taxonomy":"category","embeddable":true,"href":"https:\/\/www.ilnotiziario.net\/wp\/wp-json\/wp\/v2\/categories?post=173872"},{"taxonomy":"post_tag","embeddable":true,"href":"https:\/\/www.ilnotiziario.net\/wp\/wp-json\/wp\/v2\/tags?post=173872"}],"curies":[{"name":"wp","href":"https:\/\/api.w.org\/{rel}","templated":true}]}}