{"id":174109,"date":"2022-11-19T07:00:11","date_gmt":"2022-11-19T06:00:11","guid":{"rendered":"https:\/\/www.ilnotiziario.net\/wp\/?p=174109"},"modified":"2022-11-18T18:34:25","modified_gmt":"2022-11-18T17:34:25","slug":"a-limbiate-apre-il-nuovo-medical-center-della-clinica-san-carlo","status":"publish","type":"post","link":"https:\/\/www.ilnotiziario.net\/wp\/brianza\/a-limbiate-apre-il-nuovo-medical-center-della-clinica-san-carlo\/","title":{"rendered":"A Limbiate apre il nuovo Medical center della Clinica San Carlo"},"content":{"rendered":"<p>La Clinica Polispecialistica San Carlo avvia a Limbiate, un nuovo centro di prevenzione, diagnosi e cura per rispondere all\u2019esigenza di assistenza sanitaria qualificata sul territorio. L\u2019apertura ufficiale della struttura sar\u00e0 anticipata, domenica mattina 20 novembre, da un momento di condivisione e socialit\u00e0. Alle 11, nel prato dietro il Medical Center di via Trieste 131, sar\u00e0 piantumato un ulivo che la Clinica San Carlo doner\u00e0 simbolicamente alla comunit\u00e0 di Limbiate. Il tutto alla vigilia della Giornata Nazionale degli Alberi, che ricorre proprio il 21 novembre.&nbsp;<\/p><div id=\"ilnot-1041635974\" class=\"ilnot-contenuto ilnot-entity-placement\"><p><!-- incontent_1 --><\/p>\n<div class=\"gptslot\" data-adunitid=\"1\"><\/div>\n<\/div>\n<p><img fetchpriority=\"high\" decoding=\"async\" class=\"alignnone size-medium wp-image-174111\" src=\"https:\/\/www.ilnotiziario.net\/wp\/wp-content\/uploads\/2022\/11\/MC-Limbiate_int-1-300x226.jpg\" alt=\"\" width=\"300\" height=\"226\" srcset=\"https:\/\/www.ilnotiziario.net\/wp\/wp-content\/uploads\/2022\/11\/MC-Limbiate_int-1-300x226.jpg 300w, https:\/\/www.ilnotiziario.net\/wp\/wp-content\/uploads\/2022\/11\/MC-Limbiate_int-1-768x578.jpg 768w, https:\/\/www.ilnotiziario.net\/wp\/wp-content\/uploads\/2022\/11\/MC-Limbiate_int-1-150x113.jpg 150w, https:\/\/www.ilnotiziario.net\/wp\/wp-content\/uploads\/2022\/11\/MC-Limbiate_int-1-450x339.jpg 450w, https:\/\/www.ilnotiziario.net\/wp\/wp-content\/uploads\/2022\/11\/MC-Limbiate_int-1.jpg 997w\" sizes=\"(max-width: 300px) 100vw, 300px\" \/> <img decoding=\"async\" class=\"alignnone size-medium wp-image-174112\" src=\"https:\/\/www.ilnotiziario.net\/wp\/wp-content\/uploads\/2022\/11\/MC-Limbiate_int-2-226x300.jpg\" alt=\"\" width=\"226\" height=\"300\" srcset=\"https:\/\/www.ilnotiziario.net\/wp\/wp-content\/uploads\/2022\/11\/MC-Limbiate_int-2-226x300.jpg 226w, https:\/\/www.ilnotiziario.net\/wp\/wp-content\/uploads\/2022\/11\/MC-Limbiate_int-2-150x199.jpg 150w, https:\/\/www.ilnotiziario.net\/wp\/wp-content\/uploads\/2022\/11\/MC-Limbiate_int-2-450x598.jpg 450w, https:\/\/www.ilnotiziario.net\/wp\/wp-content\/uploads\/2022\/11\/MC-Limbiate_int-2.jpg 750w\" sizes=\"(max-width: 226px) 100vw, 226px\" \/> <img decoding=\"async\" class=\"alignnone size-medium wp-image-174113\" src=\"https:\/\/www.ilnotiziario.net\/wp\/wp-content\/uploads\/2022\/11\/MC-Limbiate_int-3-224x300.jpg\" alt=\"\" width=\"224\" height=\"300\" srcset=\"https:\/\/www.ilnotiziario.net\/wp\/wp-content\/uploads\/2022\/11\/MC-Limbiate_int-3-224x300.jpg 224w, https:\/\/www.ilnotiziario.net\/wp\/wp-content\/uploads\/2022\/11\/MC-Limbiate_int-3-150x201.jpg 150w, https:\/\/www.ilnotiziario.net\/wp\/wp-content\/uploads\/2022\/11\/MC-Limbiate_int-3-450x602.jpg 450w, https:\/\/www.ilnotiziario.net\/wp\/wp-content\/uploads\/2022\/11\/MC-Limbiate_int-3.jpg 750w\" sizes=\"(max-width: 224px) 100vw, 224px\" \/><\/p>\n<h2>La possibilit\u00e0 di visitare il Medical center di Limbiate<\/h2>\n<p>Dopo la cerimonia di benedizione, per tutti coloro che vorranno intervenire alla cerimonia, sar\u00e0 possibile visitare il poliambulatorio. Il Medical Center di Limbiate \u00e8 il quinto poliambulatorio esterno della Clinica Polispecialistica San Carlo e, nella fase di avvio delle attivit\u00e0, sar\u00e0 aperto dal luned\u00ec al venerd\u00ec dalle 9 alle 19 e il sabato dalle 9 alle 13. &#8220;Vogliamo instaurare un dialogo e un confronto costante con i medici di famiglia, supportandoli nell\u2019assistenza ai pazienti\u201d, spiega la dottoressa Patrizia Bernardelli, presidente della Clinica Polispecialistica San Carlo di Paderno Dugnano.<\/p>\n<h2>A Limbiate il nuovo poliambulatorio in via Trieste<\/h2>\n<p>Il Medical Center Limbiate \u00e8 un moderno poliambulatorio che nasce in uno stabile in via Trieste 131, collocato in un contesto urbano riqualificato, facilmente accessibile e dotato di ampi parcheggi. Dieci ambulatori medici, un centro prelievi, un ambulatorio infermieristico e uno<br \/>\nstudio dedicato alla riabilitazione, sono stati dotati di strumenti e apparecchiature di<br \/>\nultima generazione. L\u2019offerta multidisciplinare del Medical Center Limbiate \u00e8 assicurata dall\u2019esperienza e dalla professionalit\u00e0 dei medici della Clinica Polispecialistica San Carlo. Per visite specialistiche, terapie riabilitative, esami diagnostici e analisi di laboratorio.<\/p><div id=\"ilnot-4195776258\" class=\"ilnot-contenuto_2 ilnot-entity-placement\"><div class=\"ads-wrapper\">\n<div class=\"ad-slot\">\n   <div id=\"ilnot-2928497904\" style=\"margin-right: auto;margin-left: auto;text-align: center;width: 320px;height: 100px;\"><a href=\"https:\/\/www.scuolasicurezza.it\/\"><img decoding=\"async\" src=\"https:\/\/www.ilnotiziario.net\/wp\/wp-content\/uploads\/2026\/04\/IlNotiziario_banner-sito-e-newsletter-320-x-100-px-1.gif\" alt=\"\"><\/a><\/div>\n  <\/div>\n<div class=\"ad-slot\">\n   <div id=\"ilnot-87637169\" style=\"margin-right: auto;margin-left: auto;text-align: center;width: 320px;height: 100px;\"><a href=\"https:\/\/purodesignarredamenti.com\/\"><img decoding=\"async\" src=\"https:\/\/www.ilnotiziario.net\/wp\/wp-content\/uploads\/2026\/04\/banner-puro-ok.gif\" alt=\"whatsapp\"><\/a><\/div><\/p><\/div>\n<\/div>\n<\/div>\n<h2>Medical center, &#8220;Una rete sanitaria di eccellenza&#8221;<\/h2>\n<p>Prosegue Bernardelli: \u201c<em>Questa nuova struttura \u00e8 frutto dell\u2019ascolto e dell\u2019analisi dei bisogni di un ampio territorio dove la nostra Clinica \u00e8 presente da quasi 60 anni. Con l\u2019apertura del Medical Center di Limbiate ampliamo sicuramente l\u2019offerta sanitaria, la arricchiamo in ambito diagnostico e terapeutico. Ma soprattutto vogliamo essere ancora pi\u00f9 vicini ai pazienti di cui ci prendiamo cura. Portiamo fuori dall\u2019ospedale il bagaglio di conoscenze sanitarie, di professionalit\u00e0 e di esperienza clinica dei nostri medici. E li mettiamo al servizio dei cittadini, di Limbiate e di tutti gli altri Comuni pi\u00f9 prossimi, che possono raggiungerci comodamente e in poco tempo. Anche in questa nuova sede. Il paziente che si rivolge al Medical Center di Limbiate sa che pu\u00f2 affidarsi a una rete sanitaria capace e di eccellenza. Una rete che pu\u00f2 rispondere a esigenze di salute anche pi\u00f9 complesse o che necessitano di approfondimenti in ogni ambito specialistico. Questo moderno poliambulatorio nasce anche per promuovere la cultura della prevenzione. Accompagnando i pazienti in percorsi sanitari personalizzati che <\/em><em>rispondano al bisogno di prendersi cura di s\u00e9 stessi<\/em>&#8220;.<\/p>\n<p><strong><em>Leggi ilnotiziario anche da pc, smartphone e tablet.&nbsp;<\/em><a href=\"http:\/\/edicola.ilnotiziario.net\/\">Clicca qui per la nostra edicola digitale<\/a><\/strong><\/p>\n<p>&nbsp;<\/p>\n<p>&nbsp;<\/p>\n<p>&nbsp;<\/p>\n","protected":false},"excerpt":{"rendered":"<p>La Clinica Polispecialistica San Carlo avvia a Limbiate, un nuovo centro di prevenzione, diagnosi e cura per rispondere all\u2019esigenza di assistenza sanitaria qualificata sul territorio. L\u2019apertura ufficiale della struttura sar\u00e0 anticipata, domenica mattina 20 novembre, da un momento di condivisione e socialit\u00e0. Alle 11, nel prato dietro il Medical Center di via Trieste 131, sar\u00e0<\/p>\n","protected":false},"author":3,"featured_media":174110,"comment_status":"closed","ping_status":"closed","sticky":false,"template":"","format":"standard","meta":{"footnotes":""},"categories":[9,20],"tags":[3809,47,11326,39,11327],"class_list":{"0":"post-174109","1":"post","2":"type-post","3":"status-publish","4":"format-standard","5":"has-post-thumbnail","7":"category-brianza","8":"category-prima-pagina","9":"tag-clinica-san-carlo","10":"tag-limbiate","11":"tag-medical-center","12":"tag-paderno-dugnano","13":"tag-patrizia-bernardelli"},"yoast_head":"<!-- This site is optimized with the Yoast SEO plugin v27.4 - https:\/\/yoast.com\/product\/yoast-seo-wordpress\/ -->\n<title>Apre il nuovo Medical center di Limbiate - Il Notiziario<\/title>\n<meta name=\"description\" content=\"Domenica 20 apre il nuovo Medical center di Limbiate: taglio del nastro e possibilit\u00e0 di vedere la struttura\" \/>\n<meta name=\"robots\" content=\"index, follow, max-snippet:-1, max-image-preview:large, max-video-preview:-1\" \/>\n<link rel=\"canonical\" href=\"https:\/\/www.ilnotiziario.net\/wp\/brianza\/a-limbiate-apre-il-nuovo-medical-center-della-clinica-san-carlo\/\" \/>\n<meta property=\"og:locale\" content=\"it_IT\" \/>\n<meta property=\"og:type\" content=\"article\" \/>\n<meta property=\"og:title\" content=\"Apre il nuovo Medical center di Limbiate - Il Notiziario\" \/>\n<meta property=\"og:description\" content=\"Domenica 20 apre il nuovo Medical center di Limbiate: taglio del nastro e possibilit\u00e0 di vedere la struttura\" \/>\n<meta property=\"og:url\" content=\"https:\/\/www.ilnotiziario.net\/wp\/brianza\/a-limbiate-apre-il-nuovo-medical-center-della-clinica-san-carlo\/\" \/>\n<meta property=\"og:site_name\" content=\"Il Notiziario\" \/>\n<meta property=\"article:publisher\" content=\"https:\/\/www.facebook.com\/ilnotiziarioind\/\" \/>\n<meta property=\"article:published_time\" content=\"2022-11-19T06:00:11+00:00\" \/>\n<meta property=\"og:image\" content=\"https:\/\/www.ilnotiziario.net\/wp\/wp-content\/uploads\/2022\/11\/MC-Limbiate_est.png\" \/>\n\t<meta property=\"og:image:width\" content=\"1181\" \/>\n\t<meta property=\"og:image:height\" content=\"1417\" \/>\n\t<meta property=\"og:image:type\" content=\"image\/png\" \/>\n<meta name=\"author\" content=\"Gabriele Bassani\" \/>\n<meta name=\"twitter:card\" content=\"summary_large_image\" \/>\n<meta name=\"twitter:creator\" content=\"@ilNotiziarioInd\" \/>\n<meta name=\"twitter:site\" content=\"@ilNotiziarioInd\" \/>\n<meta name=\"twitter:label1\" content=\"Scritto da\" \/>\n\t<meta name=\"twitter:data1\" content=\"Gabriele Bassani\" \/>\n\t<meta name=\"twitter:label2\" content=\"Tempo di lettura stimato\" \/>\n\t<meta name=\"twitter:data2\" content=\"4 minuti\" \/>\n<script type=\"application\/ld+json\" class=\"yoast-schema-graph\">{\"@context\":\"https:\\\/\\\/schema.org\",\"@graph\":[{\"@type\":\"Article\",\"@id\":\"https:\\\/\\\/www.ilnotiziario.net\\\/wp\\\/brianza\\\/a-limbiate-apre-il-nuovo-medical-center-della-clinica-san-carlo\\\/#article\",\"isPartOf\":{\"@id\":\"https:\\\/\\\/www.ilnotiziario.net\\\/wp\\\/brianza\\\/a-limbiate-apre-il-nuovo-medical-center-della-clinica-san-carlo\\\/\"},\"author\":{\"name\":\"Gabriele Bassani\",\"@id\":\"https:\\\/\\\/www.ilnotiziario.net\\\/wp\\\/#\\\/schema\\\/person\\\/386e222908f898bb41c033989482bbf2\"},\"headline\":\"A Limbiate apre il nuovo Medical center della Clinica San Carlo\",\"datePublished\":\"2022-11-19T06:00:11+00:00\",\"mainEntityOfPage\":{\"@id\":\"https:\\\/\\\/www.ilnotiziario.net\\\/wp\\\/brianza\\\/a-limbiate-apre-il-nuovo-medical-center-della-clinica-san-carlo\\\/\"},\"wordCount\":483,\"publisher\":{\"@id\":\"https:\\\/\\\/www.ilnotiziario.net\\\/wp\\\/#organization\"},\"image\":{\"@id\":\"https:\\\/\\\/www.ilnotiziario.net\\\/wp\\\/brianza\\\/a-limbiate-apre-il-nuovo-medical-center-della-clinica-san-carlo\\\/#primaryimage\"},\"thumbnailUrl\":\"https:\\\/\\\/www.ilnotiziario.net\\\/wp\\\/wp-content\\\/uploads\\\/2022\\\/11\\\/MC-Limbiate_est.png\",\"keywords\":[\"Clinica San Carlo\",\"Limbiate\",\"medical center\",\"Paderno Dugnano\",\"patrizia bernardelli\"],\"articleSection\":[\"BRIANZA\",\"Prima Pagina\"],\"inLanguage\":\"it-IT\"},{\"@type\":\"WebPage\",\"@id\":\"https:\\\/\\\/www.ilnotiziario.net\\\/wp\\\/brianza\\\/a-limbiate-apre-il-nuovo-medical-center-della-clinica-san-carlo\\\/\",\"url\":\"https:\\\/\\\/www.ilnotiziario.net\\\/wp\\\/brianza\\\/a-limbiate-apre-il-nuovo-medical-center-della-clinica-san-carlo\\\/\",\"name\":\"Apre il nuovo Medical center di Limbiate - Il Notiziario\",\"isPartOf\":{\"@id\":\"https:\\\/\\\/www.ilnotiziario.net\\\/wp\\\/#website\"},\"primaryImageOfPage\":{\"@id\":\"https:\\\/\\\/www.ilnotiziario.net\\\/wp\\\/brianza\\\/a-limbiate-apre-il-nuovo-medical-center-della-clinica-san-carlo\\\/#primaryimage\"},\"image\":{\"@id\":\"https:\\\/\\\/www.ilnotiziario.net\\\/wp\\\/brianza\\\/a-limbiate-apre-il-nuovo-medical-center-della-clinica-san-carlo\\\/#primaryimage\"},\"thumbnailUrl\":\"https:\\\/\\\/www.ilnotiziario.net\\\/wp\\\/wp-content\\\/uploads\\\/2022\\\/11\\\/MC-Limbiate_est.png\",\"datePublished\":\"2022-11-19T06:00:11+00:00\",\"description\":\"Domenica 20 apre il nuovo Medical center di Limbiate: taglio del nastro e possibilit\u00e0 di vedere la struttura\",\"breadcrumb\":{\"@id\":\"https:\\\/\\\/www.ilnotiziario.net\\\/wp\\\/brianza\\\/a-limbiate-apre-il-nuovo-medical-center-della-clinica-san-carlo\\\/#breadcrumb\"},\"inLanguage\":\"it-IT\",\"potentialAction\":[{\"@type\":\"ReadAction\",\"target\":[\"https:\\\/\\\/www.ilnotiziario.net\\\/wp\\\/brianza\\\/a-limbiate-apre-il-nuovo-medical-center-della-clinica-san-carlo\\\/\"]}]},{\"@type\":\"ImageObject\",\"inLanguage\":\"it-IT\",\"@id\":\"https:\\\/\\\/www.ilnotiziario.net\\\/wp\\\/brianza\\\/a-limbiate-apre-il-nuovo-medical-center-della-clinica-san-carlo\\\/#primaryimage\",\"url\":\"https:\\\/\\\/www.ilnotiziario.net\\\/wp\\\/wp-content\\\/uploads\\\/2022\\\/11\\\/MC-Limbiate_est.png\",\"contentUrl\":\"https:\\\/\\\/www.ilnotiziario.net\\\/wp\\\/wp-content\\\/uploads\\\/2022\\\/11\\\/MC-Limbiate_est.png\",\"width\":1181,\"height\":1417,\"caption\":\"Il nuovo Medical center di Limbiate\"},{\"@type\":\"BreadcrumbList\",\"@id\":\"https:\\\/\\\/www.ilnotiziario.net\\\/wp\\\/brianza\\\/a-limbiate-apre-il-nuovo-medical-center-della-clinica-san-carlo\\\/#breadcrumb\",\"itemListElement\":[{\"@type\":\"ListItem\",\"position\":1,\"name\":\"tds_text_logo_tagline_colortds_text_logo_tagline_colortds_text_logo_tagline_colortds_text_logo_tagline_colortd_module_7_title_excerpttd_module_7_title_excerpttd_module_7_title_excerpttd_module_7_title_excerptHome\",\"item\":\"https:\\\/\\\/www.ilnotiziario.net\\\/wp\\\/\"},{\"@type\":\"ListItem\",\"position\":2,\"name\":\"A Limbiate apre il nuovo Medical center della Clinica San Carlo\"}]},{\"@type\":\"WebSite\",\"@id\":\"https:\\\/\\\/www.ilnotiziario.net\\\/wp\\\/#website\",\"url\":\"https:\\\/\\\/www.ilnotiziario.net\\\/wp\\\/\",\"name\":\"Il Notiziario\",\"description\":\"Per restare sempre connessi alla notizia\",\"publisher\":{\"@id\":\"https:\\\/\\\/www.ilnotiziario.net\\\/wp\\\/#organization\"},\"alternateName\":\"Il Notiziario Bollate\",\"potentialAction\":[{\"@type\":\"SearchAction\",\"target\":{\"@type\":\"EntryPoint\",\"urlTemplate\":\"https:\\\/\\\/www.ilnotiziario.net\\\/wp\\\/?s={search_term_string}\"},\"query-input\":{\"@type\":\"PropertyValueSpecification\",\"valueRequired\":true,\"valueName\":\"search_term_string\"}}],\"inLanguage\":\"it-IT\"},{\"@type\":\"Organization\",\"@id\":\"https:\\\/\\\/www.ilnotiziario.net\\\/wp\\\/#organization\",\"name\":\"Il Notiziario\",\"url\":\"https:\\\/\\\/www.ilnotiziario.net\\\/wp\\\/\",\"logo\":{\"@type\":\"ImageObject\",\"inLanguage\":\"it-IT\",\"@id\":\"https:\\\/\\\/www.ilnotiziario.net\\\/wp\\\/#\\\/schema\\\/logo\\\/image\\\/\",\"url\":\"https:\\\/\\\/www.ilnotiziario.net\\\/wp\\\/wp-content\\\/uploads\\\/2022\\\/06\\\/170x170ilN.png\",\"contentUrl\":\"https:\\\/\\\/www.ilnotiziario.net\\\/wp\\\/wp-content\\\/uploads\\\/2022\\\/06\\\/170x170ilN.png\",\"width\":355,\"height\":355,\"caption\":\"Il Notiziario\"},\"image\":{\"@id\":\"https:\\\/\\\/www.ilnotiziario.net\\\/wp\\\/#\\\/schema\\\/logo\\\/image\\\/\"},\"sameAs\":[\"https:\\\/\\\/www.facebook.com\\\/ilnotiziarioind\\\/\",\"https:\\\/\\\/x.com\\\/ilNotiziarioInd\",\"https:\\\/\\\/www.instagram.com\\\/ilnotiziario_settimanale\\\/\"]},{\"@type\":\"Person\",\"@id\":\"https:\\\/\\\/www.ilnotiziario.net\\\/wp\\\/#\\\/schema\\\/person\\\/386e222908f898bb41c033989482bbf2\",\"name\":\"Gabriele Bassani\",\"image\":{\"@type\":\"ImageObject\",\"inLanguage\":\"it-IT\",\"@id\":\"https:\\\/\\\/secure.gravatar.com\\\/avatar\\\/09274f4a84fa97698bde56f84b3afed61c8492d48b0550db9671b68c177479cb?s=96&d=mm&r=g\",\"url\":\"https:\\\/\\\/secure.gravatar.com\\\/avatar\\\/09274f4a84fa97698bde56f84b3afed61c8492d48b0550db9671b68c177479cb?s=96&d=mm&r=g\",\"contentUrl\":\"https:\\\/\\\/secure.gravatar.com\\\/avatar\\\/09274f4a84fa97698bde56f84b3afed61c8492d48b0550db9671b68c177479cb?s=96&d=mm&r=g\",\"caption\":\"Gabriele Bassani\"},\"sameAs\":[\"http:\\\/\\\/www.ilnotiziario.net\"]}]}<\/script>\n<!-- \/ Yoast SEO plugin. -->","yoast_head_json":{"title":"Apre il nuovo Medical center di Limbiate - Il Notiziario","description":"Domenica 20 apre il nuovo Medical center di Limbiate: taglio del nastro e possibilit\u00e0 di vedere la struttura","robots":{"index":"index","follow":"follow","max-snippet":"max-snippet:-1","max-image-preview":"max-image-preview:large","max-video-preview":"max-video-preview:-1"},"canonical":"https:\/\/www.ilnotiziario.net\/wp\/brianza\/a-limbiate-apre-il-nuovo-medical-center-della-clinica-san-carlo\/","og_locale":"it_IT","og_type":"article","og_title":"Apre il nuovo Medical center di Limbiate - Il Notiziario","og_description":"Domenica 20 apre il nuovo Medical center di Limbiate: taglio del nastro e possibilit\u00e0 di vedere la struttura","og_url":"https:\/\/www.ilnotiziario.net\/wp\/brianza\/a-limbiate-apre-il-nuovo-medical-center-della-clinica-san-carlo\/","og_site_name":"Il Notiziario","article_publisher":"https:\/\/www.facebook.com\/ilnotiziarioind\/","article_published_time":"2022-11-19T06:00:11+00:00","og_image":[{"width":1181,"height":1417,"url":"https:\/\/www.ilnotiziario.net\/wp\/wp-content\/uploads\/2022\/11\/MC-Limbiate_est.png","type":"image\/png"}],"author":"Gabriele Bassani","twitter_card":"summary_large_image","twitter_creator":"@ilNotiziarioInd","twitter_site":"@ilNotiziarioInd","twitter_misc":{"Scritto da":"Gabriele Bassani","Tempo di lettura stimato":"4 minuti"},"schema":{"@context":"https:\/\/schema.org","@graph":[{"@type":"Article","@id":"https:\/\/www.ilnotiziario.net\/wp\/brianza\/a-limbiate-apre-il-nuovo-medical-center-della-clinica-san-carlo\/#article","isPartOf":{"@id":"https:\/\/www.ilnotiziario.net\/wp\/brianza\/a-limbiate-apre-il-nuovo-medical-center-della-clinica-san-carlo\/"},"author":{"name":"Gabriele Bassani","@id":"https:\/\/www.ilnotiziario.net\/wp\/#\/schema\/person\/386e222908f898bb41c033989482bbf2"},"headline":"A Limbiate apre il nuovo Medical center della Clinica San Carlo","datePublished":"2022-11-19T06:00:11+00:00","mainEntityOfPage":{"@id":"https:\/\/www.ilnotiziario.net\/wp\/brianza\/a-limbiate-apre-il-nuovo-medical-center-della-clinica-san-carlo\/"},"wordCount":483,"publisher":{"@id":"https:\/\/www.ilnotiziario.net\/wp\/#organization"},"image":{"@id":"https:\/\/www.ilnotiziario.net\/wp\/brianza\/a-limbiate-apre-il-nuovo-medical-center-della-clinica-san-carlo\/#primaryimage"},"thumbnailUrl":"https:\/\/www.ilnotiziario.net\/wp\/wp-content\/uploads\/2022\/11\/MC-Limbiate_est.png","keywords":["Clinica San Carlo","Limbiate","medical center","Paderno Dugnano","patrizia bernardelli"],"articleSection":["BRIANZA","Prima Pagina"],"inLanguage":"it-IT"},{"@type":"WebPage","@id":"https:\/\/www.ilnotiziario.net\/wp\/brianza\/a-limbiate-apre-il-nuovo-medical-center-della-clinica-san-carlo\/","url":"https:\/\/www.ilnotiziario.net\/wp\/brianza\/a-limbiate-apre-il-nuovo-medical-center-della-clinica-san-carlo\/","name":"Apre il nuovo Medical center di Limbiate - Il Notiziario","isPartOf":{"@id":"https:\/\/www.ilnotiziario.net\/wp\/#website"},"primaryImageOfPage":{"@id":"https:\/\/www.ilnotiziario.net\/wp\/brianza\/a-limbiate-apre-il-nuovo-medical-center-della-clinica-san-carlo\/#primaryimage"},"image":{"@id":"https:\/\/www.ilnotiziario.net\/wp\/brianza\/a-limbiate-apre-il-nuovo-medical-center-della-clinica-san-carlo\/#primaryimage"},"thumbnailUrl":"https:\/\/www.ilnotiziario.net\/wp\/wp-content\/uploads\/2022\/11\/MC-Limbiate_est.png","datePublished":"2022-11-19T06:00:11+00:00","description":"Domenica 20 apre il nuovo Medical center di Limbiate: taglio del nastro e possibilit\u00e0 di vedere la struttura","breadcrumb":{"@id":"https:\/\/www.ilnotiziario.net\/wp\/brianza\/a-limbiate-apre-il-nuovo-medical-center-della-clinica-san-carlo\/#breadcrumb"},"inLanguage":"it-IT","potentialAction":[{"@type":"ReadAction","target":["https:\/\/www.ilnotiziario.net\/wp\/brianza\/a-limbiate-apre-il-nuovo-medical-center-della-clinica-san-carlo\/"]}]},{"@type":"ImageObject","inLanguage":"it-IT","@id":"https:\/\/www.ilnotiziario.net\/wp\/brianza\/a-limbiate-apre-il-nuovo-medical-center-della-clinica-san-carlo\/#primaryimage","url":"https:\/\/www.ilnotiziario.net\/wp\/wp-content\/uploads\/2022\/11\/MC-Limbiate_est.png","contentUrl":"https:\/\/www.ilnotiziario.net\/wp\/wp-content\/uploads\/2022\/11\/MC-Limbiate_est.png","width":1181,"height":1417,"caption":"Il nuovo Medical center di Limbiate"},{"@type":"BreadcrumbList","@id":"https:\/\/www.ilnotiziario.net\/wp\/brianza\/a-limbiate-apre-il-nuovo-medical-center-della-clinica-san-carlo\/#breadcrumb","itemListElement":[{"@type":"ListItem","position":1,"name":"tds_text_logo_tagline_colortds_text_logo_tagline_colortds_text_logo_tagline_colortds_text_logo_tagline_colortd_module_7_title_excerpttd_module_7_title_excerpttd_module_7_title_excerpttd_module_7_title_excerptHome","item":"https:\/\/www.ilnotiziario.net\/wp\/"},{"@type":"ListItem","position":2,"name":"A Limbiate apre il nuovo Medical center della Clinica San Carlo"}]},{"@type":"WebSite","@id":"https:\/\/www.ilnotiziario.net\/wp\/#website","url":"https:\/\/www.ilnotiziario.net\/wp\/","name":"Il Notiziario","description":"Per restare sempre connessi alla notizia","publisher":{"@id":"https:\/\/www.ilnotiziario.net\/wp\/#organization"},"alternateName":"Il Notiziario Bollate","potentialAction":[{"@type":"SearchAction","target":{"@type":"EntryPoint","urlTemplate":"https:\/\/www.ilnotiziario.net\/wp\/?s={search_term_string}"},"query-input":{"@type":"PropertyValueSpecification","valueRequired":true,"valueName":"search_term_string"}}],"inLanguage":"it-IT"},{"@type":"Organization","@id":"https:\/\/www.ilnotiziario.net\/wp\/#organization","name":"Il Notiziario","url":"https:\/\/www.ilnotiziario.net\/wp\/","logo":{"@type":"ImageObject","inLanguage":"it-IT","@id":"https:\/\/www.ilnotiziario.net\/wp\/#\/schema\/logo\/image\/","url":"https:\/\/www.ilnotiziario.net\/wp\/wp-content\/uploads\/2022\/06\/170x170ilN.png","contentUrl":"https:\/\/www.ilnotiziario.net\/wp\/wp-content\/uploads\/2022\/06\/170x170ilN.png","width":355,"height":355,"caption":"Il Notiziario"},"image":{"@id":"https:\/\/www.ilnotiziario.net\/wp\/#\/schema\/logo\/image\/"},"sameAs":["https:\/\/www.facebook.com\/ilnotiziarioind\/","https:\/\/x.com\/ilNotiziarioInd","https:\/\/www.instagram.com\/ilnotiziario_settimanale\/"]},{"@type":"Person","@id":"https:\/\/www.ilnotiziario.net\/wp\/#\/schema\/person\/386e222908f898bb41c033989482bbf2","name":"Gabriele Bassani","image":{"@type":"ImageObject","inLanguage":"it-IT","@id":"https:\/\/secure.gravatar.com\/avatar\/09274f4a84fa97698bde56f84b3afed61c8492d48b0550db9671b68c177479cb?s=96&d=mm&r=g","url":"https:\/\/secure.gravatar.com\/avatar\/09274f4a84fa97698bde56f84b3afed61c8492d48b0550db9671b68c177479cb?s=96&d=mm&r=g","contentUrl":"https:\/\/secure.gravatar.com\/avatar\/09274f4a84fa97698bde56f84b3afed61c8492d48b0550db9671b68c177479cb?s=96&d=mm&r=g","caption":"Gabriele Bassani"},"sameAs":["http:\/\/www.ilnotiziario.net"]}]}},"_links":{"self":[{"href":"https:\/\/www.ilnotiziario.net\/wp\/wp-json\/wp\/v2\/posts\/174109","targetHints":{"allow":["GET"]}}],"collection":[{"href":"https:\/\/www.ilnotiziario.net\/wp\/wp-json\/wp\/v2\/posts"}],"about":[{"href":"https:\/\/www.ilnotiziario.net\/wp\/wp-json\/wp\/v2\/types\/post"}],"author":[{"embeddable":true,"href":"https:\/\/www.ilnotiziario.net\/wp\/wp-json\/wp\/v2\/users\/3"}],"replies":[{"embeddable":true,"href":"https:\/\/www.ilnotiziario.net\/wp\/wp-json\/wp\/v2\/comments?post=174109"}],"version-history":[{"count":0,"href":"https:\/\/www.ilnotiziario.net\/wp\/wp-json\/wp\/v2\/posts\/174109\/revisions"}],"wp:featuredmedia":[{"embeddable":true,"href":"https:\/\/www.ilnotiziario.net\/wp\/wp-json\/wp\/v2\/media\/174110"}],"wp:attachment":[{"href":"https:\/\/www.ilnotiziario.net\/wp\/wp-json\/wp\/v2\/media?parent=174109"}],"wp:term":[{"taxonomy":"category","embeddable":true,"href":"https:\/\/www.ilnotiziario.net\/wp\/wp-json\/wp\/v2\/categories?post=174109"},{"taxonomy":"post_tag","embeddable":true,"href":"https:\/\/www.ilnotiziario.net\/wp\/wp-json\/wp\/v2\/tags?post=174109"}],"curies":[{"name":"wp","href":"https:\/\/api.w.org\/{rel}","templated":true}]}}