{"id":175018,"date":"2022-12-12T08:53:03","date_gmt":"2022-12-12T07:53:03","guid":{"rendered":"https:\/\/www.ilnotiziario.net\/wp\/?p=175018"},"modified":"2022-12-12T10:12:56","modified_gmt":"2022-12-12T09:12:56","slug":"garbagnate-associazione-alessio-koeman-bilancio-18-mesi-straordinari","status":"publish","type":"post","link":"https:\/\/www.ilnotiziario.net\/wp\/bollatese\/garbagnate-associazione-alessio-koeman-bilancio-18-mesi-straordinari\/","title":{"rendered":"Garbagnate, associazione Alessio Koeman: bilancio, 18 mesi straordinari"},"content":{"rendered":"<p>L\u2019Associazione Alessio Koeman Allegri Ets \u00e8 nata da poco tempo rispetto ad altre associazioni storiche cittadine, ma ha gi\u00e0 fatto parlare tanto di s\u00e9. Il Notiziario ha intervistato la presidente Claudia Gabellone che con coraggio, fermezza, volont\u00e0 e intraprendenza persegue senza dubbio uno scopo nobile.<\/p><div id=\"ilnot-4119629924\" class=\"ilnot-contenuto ilnot-entity-placement\"><p><!-- incontent_1 --><\/p>\n<div class=\"gptslot\" data-adunitid=\"1\"><\/div>\n<\/div>\n<p><strong>Come e quando nasce l\u2019idea della creazione del progetto sociale dell\u2019Associazione?<\/strong><\/p>\n<p>\u201cL\u2019idea nasce dalla volont\u00e0 dei familiari e degli amici pi\u00f9 stretti di Alessio di dare un senso alla sua improvvisa scomparsa. L\u2019Associazione vuole portare avanti i suoi progetti di vita, sostenendo iniziative ludico ricreative in ambito sportivo e scolastico, mirate a sviluppare la crescita di bambini e ragazzi, e promuovendo interventi di utilit\u00e0 sociale a favore della collettivit\u00e0.<\/p><div id=\"ilnot-2815162928\" class=\"ilnot-contenuto_2 ilnot-entity-placement\"><div class=\"ads-wrapper\">\n<div class=\"ad-slot\">\n   <div id=\"ilnot-4060234824\" style=\"margin-right: auto;margin-left: auto;text-align: center;width: 320px;height: 100px;\"><a href=\"https:\/\/www.scuolasicurezza.it\/\"><img decoding=\"async\" src=\"https:\/\/www.ilnotiziario.net\/wp\/wp-content\/uploads\/2026\/04\/IlNotiziario_banner-sito-e-newsletter-320-x-100-px-1.gif\" alt=\"\"><\/a><\/div>\n  <\/div>\n<div class=\"ad-slot\">\n   <div id=\"ilnot-3191045860\" style=\"margin-right: auto;margin-left: auto;text-align: center;width: 320px;height: 100px;\"><a href=\"https:\/\/purodesignarredamenti.com\/\"><img decoding=\"async\" src=\"https:\/\/www.ilnotiziario.net\/wp\/wp-content\/uploads\/2026\/04\/banner-puro-ok.gif\" alt=\"whatsapp\"><\/a><\/div><\/p><\/div>\n<\/div>\n<\/div>\n<p>A stroncare la vita di Alessio \u00e8 stata una cardiomiopatia aritmogena del ventricolo destro, che non gli era mai stata diagnosticata prima e che risulta essere tra le principali cause di morte improvvisa nei giovani atleti. L\u2019Associazione Alessio Koeman Allegri Ets vuole contribuire a finanziare la ricerca sulle patologie genetiche del cuore e mettere in pratica una concreta attivit\u00e0 di prevenzione che coinvolga in particolare il mondo della scuola e dello sport, per impedire altre tragedie come quella che ha colpito Alessio&#8221;.<\/p>\n<h2>Garbagnate, bilancio di 18 mesi straordinari per l&#8217;Associazione Koeman<\/h2>\n<p>In questo primo anno e mezzo di attivit\u00e0 (siamo nati solo il 16 giugno 2021) siamo riusciti a realizzare progetti importanti: abbiamo riqualificato il campetto dell\u2019Oratorio San Luigi trasformandolo in un\u2019opera d\u2019arte; abbiamo donato all\u2019Istituto Pisacane e Poerio di Milano, dove Alessio ha insegnato per pi\u00f9 di 12 anni, un progetto di educazione motoria, per due anni consecutivi, per i bambini delle scuole primarie; abbiamo donato un progetto motorio di avviamento alla pallacanestro al Cse Nemo di Garbagnate e Cse L\u2019arcobaleno di Bollate favorendo l\u2019inclusione e l\u2019autonomia di ragazzi disabili mediante lo sport. Siamo riusciti a donare 4 defibrillatori a famiglie con bambini che soffrono di patologie cardiache in cura presso l\u2019Istituto Maugeri di Pavia\u201d.<\/p>\n<p><strong>Come \u00e8 organizzata l\u2019associazione?<\/strong><\/p><div id=\"ilnot-1519604697\" class=\"ilnot-contenuto_2-2 ilnot-entity-placement\"><div class=\"gptslot\" data-adunitid=\"2\"><\/div>\n<\/div>\n<p>\u201cL\u2019associazione \u00e8 composta da 7 soci fondatori (presidente Claudia Gabellone, vicepresidente Diego Chiodaroli, segretario Matteo Allegri, tesoriere Fabrizio Allegri, consiglieri Valeria Chiodaroli, Christian Catalano e Maurizio Musarra) e 82 soci ordinari\u201d.<\/p>\n<p><strong>Come riesce a conciliare l\u2019impegno lavorativo, di mamma, e della associazione? <\/strong><\/p>\n<p>\u201cNon \u00e8 sempre semplice e non mancano i momenti di sconforto, compensati per\u00f2 dalle grandi soddisfazioni che quest\u2019Associazione ogni giorno ci regala. Sono estremamente grata ai miei genitori e ai miei suoceri per essere al mio fianco e per aiutarmi a conciliare questi 3 aspetti della mia vita\u201d.<\/p><div id=\"ilnot-2307422334\" class=\"ilnot-contenuto_2-2-2 ilnot-entity-placement\"><div class=\"gptslot\" data-adunitid=\"3\"><\/div>\n<\/div>\n<h2>Associazione Koeman: bilancio e progetti<\/h2>\n<p><strong>Soddisfazioni raccolte?<\/strong><\/p>\n<p>\u201cTante le soddisfazioni raccolte in questo primo anno e mezzo di attivit\u00e0 da parte dei destinatari di tutti i progetti realizzati: la riconoscenza dei genitori dei bambini che hanno ricevuto in dono il defibrillatore \u00e8 sicuramente tra le emozioni che rimarranno per sempre impresse nella mia memoria, cos\u00ec come quella dei docenti, dirigenti e alunni dell\u2019Istituto Pisacane che grazie alla nostra Associazione stanno continuando a fare educazione motoria con professionisti che hanno conosciuto bene Alessio e che lavorano con la stessa passione e seriet\u00e0. Il progetto di avviamento alla pallacanestro per ragazzi disabili \u00e8 iniziato da solo un mese ma gli educatori ci hanno gi\u00e0 riferito di quanto i ragazzi lo stiano apprezzando traendo benefici a livello sociale e psico-fisico&#8230;\u201d.<\/p>\n<p><strong>Dopo il bilancio quale visione nel prossimo futuro per l&#8217;Associazione Koeman di Garbagnate? <\/strong><\/p><div id=\"ilnot-5706403\" class=\"ilnot-contenuto_2-2-2-2 ilnot-entity-placement\"><div class=\"gptslot\" data-adunitid=\"4\"><\/div>\n<\/div>\n<p>\u201cSicuramente impegnativo, pieno di sfide ma mi auguro di nuove e continue soddisfazioni. Quest\u2019anno l\u2019obiettivo \u00e8 ambizioso: rendere le scuole di Garbagnate \u201ccardioprotette\u201d, dotando gli istituti scolastici del paese di un defibrillatore, ove non gi\u00e0 presente e di un corso di formazione BLSD (basic-life-supportdefibrillation) che insegni a quante pi\u00f9 persone possibili come utilizzare il defibrillatore in caso di emergenza. Trovate tutti i dettagli per aderire alla raccolta fondi \u201cA Natale puntiamo ancora dritto al cuore\u201d sul nostro sito https:\/\/alessiokoemanallegri. it e sulle nostre pagine social\u201d.<\/p>\n<p><strong>Sfoglia il notiziario in formato digitale direttamente dal nostro sito <a href=\"https:\/\/edicola.ilnotiziario.net\/citterioeditoresrl\/newsstand\">edicola.ilnotiziario.net<\/a><\/strong><\/p><div id=\"ilnot-2438595805\" class=\"ilnot-contenuto_2-2-2-2-2 ilnot-entity-placement\"><div class=\"gptslot\" data-adunitid=\"5\"><\/div>\n<\/div>\n","protected":false},"excerpt":{"rendered":"<p>L\u2019Associazione Alessio Koeman Allegri Ets \u00e8 nata da poco tempo rispetto ad altre associazioni storiche cittadine, ma ha gi\u00e0 fatto parlare tanto di s\u00e9. Il Notiziario ha intervistato la presidente Claudia Gabellone che con coraggio, fermezza, volont\u00e0 e intraprendenza persegue senza dubbio uno scopo nobile. Come e quando nasce l\u2019idea della creazione del progetto sociale<\/p>\n","protected":false},"author":14,"featured_media":175021,"comment_status":"closed","ping_status":"closed","sticky":false,"template":"","format":"standard","meta":{"footnotes":""},"categories":[8,20],"tags":[11641,759,43],"class_list":{"0":"post-175018","1":"post","2":"type-post","3":"status-publish","4":"format-standard","5":"has-post-thumbnail","7":"category-bollatese","8":"category-prima-pagina","9":"tag-associazione-koeman","10":"tag-bilancio","11":"tag-garbagnate"},"yoast_head":"<!-- This site is optimized with the Yoast SEO plugin v27.4 - https:\/\/yoast.com\/product\/yoast-seo-wordpress\/ -->\n<title>Garbagnate Associazione Koeman bilancio - Il Notiziario<\/title>\n<meta name=\"description\" content=\"Garbagnate, Associazione Koeman: il bilancio, parla la presidente Alessia Gabellone, moglie del giocatore scomparso\" \/>\n<meta name=\"robots\" content=\"index, follow, max-snippet:-1, max-image-preview:large, max-video-preview:-1\" \/>\n<link rel=\"canonical\" href=\"https:\/\/www.ilnotiziario.net\/wp\/bollatese\/garbagnate-associazione-alessio-koeman-bilancio-18-mesi-straordinari\/\" \/>\n<meta property=\"og:locale\" content=\"it_IT\" \/>\n<meta property=\"og:type\" content=\"article\" \/>\n<meta property=\"og:title\" content=\"Garbagnate Associazione Koeman bilancio - Il Notiziario\" \/>\n<meta property=\"og:description\" content=\"Garbagnate, Associazione Koeman: il bilancio, parla la presidente Alessia Gabellone, moglie del giocatore scomparso\" \/>\n<meta property=\"og:url\" content=\"https:\/\/www.ilnotiziario.net\/wp\/bollatese\/garbagnate-associazione-alessio-koeman-bilancio-18-mesi-straordinari\/\" \/>\n<meta property=\"og:site_name\" content=\"Il Notiziario\" \/>\n<meta property=\"article:publisher\" content=\"https:\/\/www.facebook.com\/ilnotiziarioind\/\" \/>\n<meta property=\"article:published_time\" content=\"2022-12-12T07:53:03+00:00\" \/>\n<meta property=\"article:modified_time\" content=\"2022-12-12T09:12:56+00:00\" \/>\n<meta property=\"og:image\" content=\"https:\/\/www.ilnotiziario.net\/wp\/wp-content\/uploads\/2022\/12\/gabellone.jpg\" \/>\n\t<meta property=\"og:image:width\" content=\"344\" \/>\n\t<meta property=\"og:image:height\" content=\"261\" \/>\n\t<meta property=\"og:image:type\" content=\"image\/jpeg\" \/>\n<meta name=\"author\" content=\"Silvia Citterio\" \/>\n<meta name=\"twitter:card\" content=\"summary_large_image\" \/>\n<meta name=\"twitter:creator\" content=\"@ilNotiziarioInd\" \/>\n<meta name=\"twitter:site\" content=\"@ilNotiziarioInd\" \/>\n<meta name=\"twitter:label1\" content=\"Scritto da\" \/>\n\t<meta name=\"twitter:data1\" content=\"Silvia Citterio\" \/>\n\t<meta name=\"twitter:label2\" content=\"Tempo di lettura stimato\" \/>\n\t<meta name=\"twitter:data2\" content=\"4 minuti\" \/>\n<script type=\"application\/ld+json\" class=\"yoast-schema-graph\">{\"@context\":\"https:\\\/\\\/schema.org\",\"@graph\":[{\"@type\":\"Article\",\"@id\":\"https:\\\/\\\/www.ilnotiziario.net\\\/wp\\\/bollatese\\\/garbagnate-associazione-alessio-koeman-bilancio-18-mesi-straordinari\\\/#article\",\"isPartOf\":{\"@id\":\"https:\\\/\\\/www.ilnotiziario.net\\\/wp\\\/bollatese\\\/garbagnate-associazione-alessio-koeman-bilancio-18-mesi-straordinari\\\/\"},\"author\":{\"name\":\"Silvia Citterio\",\"@id\":\"https:\\\/\\\/www.ilnotiziario.net\\\/wp\\\/#\\\/schema\\\/person\\\/c5bca2edc3d99d29959f04a6126f687b\"},\"headline\":\"Garbagnate, associazione Alessio Koeman: bilancio, 18 mesi straordinari\",\"datePublished\":\"2022-12-12T07:53:03+00:00\",\"dateModified\":\"2022-12-12T09:12:56+00:00\",\"mainEntityOfPage\":{\"@id\":\"https:\\\/\\\/www.ilnotiziario.net\\\/wp\\\/bollatese\\\/garbagnate-associazione-alessio-koeman-bilancio-18-mesi-straordinari\\\/\"},\"wordCount\":667,\"publisher\":{\"@id\":\"https:\\\/\\\/www.ilnotiziario.net\\\/wp\\\/#organization\"},\"image\":{\"@id\":\"https:\\\/\\\/www.ilnotiziario.net\\\/wp\\\/bollatese\\\/garbagnate-associazione-alessio-koeman-bilancio-18-mesi-straordinari\\\/#primaryimage\"},\"thumbnailUrl\":\"https:\\\/\\\/www.ilnotiziario.net\\\/wp\\\/wp-content\\\/uploads\\\/2022\\\/12\\\/gabellone.jpg\",\"keywords\":[\"Associazione Koeman\",\"bilancio\",\"Garbagnate\"],\"articleSection\":[\"BOLLATESE\",\"Prima Pagina\"],\"inLanguage\":\"it-IT\"},{\"@type\":\"WebPage\",\"@id\":\"https:\\\/\\\/www.ilnotiziario.net\\\/wp\\\/bollatese\\\/garbagnate-associazione-alessio-koeman-bilancio-18-mesi-straordinari\\\/\",\"url\":\"https:\\\/\\\/www.ilnotiziario.net\\\/wp\\\/bollatese\\\/garbagnate-associazione-alessio-koeman-bilancio-18-mesi-straordinari\\\/\",\"name\":\"Garbagnate Associazione Koeman bilancio - Il Notiziario\",\"isPartOf\":{\"@id\":\"https:\\\/\\\/www.ilnotiziario.net\\\/wp\\\/#website\"},\"primaryImageOfPage\":{\"@id\":\"https:\\\/\\\/www.ilnotiziario.net\\\/wp\\\/bollatese\\\/garbagnate-associazione-alessio-koeman-bilancio-18-mesi-straordinari\\\/#primaryimage\"},\"image\":{\"@id\":\"https:\\\/\\\/www.ilnotiziario.net\\\/wp\\\/bollatese\\\/garbagnate-associazione-alessio-koeman-bilancio-18-mesi-straordinari\\\/#primaryimage\"},\"thumbnailUrl\":\"https:\\\/\\\/www.ilnotiziario.net\\\/wp\\\/wp-content\\\/uploads\\\/2022\\\/12\\\/gabellone.jpg\",\"datePublished\":\"2022-12-12T07:53:03+00:00\",\"dateModified\":\"2022-12-12T09:12:56+00:00\",\"description\":\"Garbagnate, Associazione Koeman: il bilancio, parla la presidente Alessia Gabellone, moglie del giocatore scomparso\",\"breadcrumb\":{\"@id\":\"https:\\\/\\\/www.ilnotiziario.net\\\/wp\\\/bollatese\\\/garbagnate-associazione-alessio-koeman-bilancio-18-mesi-straordinari\\\/#breadcrumb\"},\"inLanguage\":\"it-IT\",\"potentialAction\":[{\"@type\":\"ReadAction\",\"target\":[\"https:\\\/\\\/www.ilnotiziario.net\\\/wp\\\/bollatese\\\/garbagnate-associazione-alessio-koeman-bilancio-18-mesi-straordinari\\\/\"]}]},{\"@type\":\"ImageObject\",\"inLanguage\":\"it-IT\",\"@id\":\"https:\\\/\\\/www.ilnotiziario.net\\\/wp\\\/bollatese\\\/garbagnate-associazione-alessio-koeman-bilancio-18-mesi-straordinari\\\/#primaryimage\",\"url\":\"https:\\\/\\\/www.ilnotiziario.net\\\/wp\\\/wp-content\\\/uploads\\\/2022\\\/12\\\/gabellone.jpg\",\"contentUrl\":\"https:\\\/\\\/www.ilnotiziario.net\\\/wp\\\/wp-content\\\/uploads\\\/2022\\\/12\\\/gabellone.jpg\",\"width\":344,\"height\":261,\"caption\":\"La presidente Claudia Gabellone\"},{\"@type\":\"BreadcrumbList\",\"@id\":\"https:\\\/\\\/www.ilnotiziario.net\\\/wp\\\/bollatese\\\/garbagnate-associazione-alessio-koeman-bilancio-18-mesi-straordinari\\\/#breadcrumb\",\"itemListElement\":[{\"@type\":\"ListItem\",\"position\":1,\"name\":\"tds_text_logo_tagline_colortds_text_logo_tagline_colortds_text_logo_tagline_colortds_text_logo_tagline_colortd_module_7_title_excerpttd_module_7_title_excerpttd_module_7_title_excerpttd_module_7_title_excerptHome\",\"item\":\"https:\\\/\\\/www.ilnotiziario.net\\\/wp\\\/\"},{\"@type\":\"ListItem\",\"position\":2,\"name\":\"Garbagnate, associazione Alessio Koeman: bilancio, 18 mesi straordinari\"}]},{\"@type\":\"WebSite\",\"@id\":\"https:\\\/\\\/www.ilnotiziario.net\\\/wp\\\/#website\",\"url\":\"https:\\\/\\\/www.ilnotiziario.net\\\/wp\\\/\",\"name\":\"Il Notiziario\",\"description\":\"Per restare sempre connessi alla notizia\",\"publisher\":{\"@id\":\"https:\\\/\\\/www.ilnotiziario.net\\\/wp\\\/#organization\"},\"alternateName\":\"Il Notiziario Bollate\",\"potentialAction\":[{\"@type\":\"SearchAction\",\"target\":{\"@type\":\"EntryPoint\",\"urlTemplate\":\"https:\\\/\\\/www.ilnotiziario.net\\\/wp\\\/?s={search_term_string}\"},\"query-input\":{\"@type\":\"PropertyValueSpecification\",\"valueRequired\":true,\"valueName\":\"search_term_string\"}}],\"inLanguage\":\"it-IT\"},{\"@type\":\"Organization\",\"@id\":\"https:\\\/\\\/www.ilnotiziario.net\\\/wp\\\/#organization\",\"name\":\"Il Notiziario\",\"url\":\"https:\\\/\\\/www.ilnotiziario.net\\\/wp\\\/\",\"logo\":{\"@type\":\"ImageObject\",\"inLanguage\":\"it-IT\",\"@id\":\"https:\\\/\\\/www.ilnotiziario.net\\\/wp\\\/#\\\/schema\\\/logo\\\/image\\\/\",\"url\":\"https:\\\/\\\/www.ilnotiziario.net\\\/wp\\\/wp-content\\\/uploads\\\/2022\\\/06\\\/170x170ilN.png\",\"contentUrl\":\"https:\\\/\\\/www.ilnotiziario.net\\\/wp\\\/wp-content\\\/uploads\\\/2022\\\/06\\\/170x170ilN.png\",\"width\":355,\"height\":355,\"caption\":\"Il Notiziario\"},\"image\":{\"@id\":\"https:\\\/\\\/www.ilnotiziario.net\\\/wp\\\/#\\\/schema\\\/logo\\\/image\\\/\"},\"sameAs\":[\"https:\\\/\\\/www.facebook.com\\\/ilnotiziarioind\\\/\",\"https:\\\/\\\/x.com\\\/ilNotiziarioInd\",\"https:\\\/\\\/www.instagram.com\\\/ilnotiziario_settimanale\\\/\"]},{\"@type\":\"Person\",\"@id\":\"https:\\\/\\\/www.ilnotiziario.net\\\/wp\\\/#\\\/schema\\\/person\\\/c5bca2edc3d99d29959f04a6126f687b\",\"name\":\"Silvia Citterio\",\"image\":{\"@type\":\"ImageObject\",\"inLanguage\":\"it-IT\",\"@id\":\"https:\\\/\\\/secure.gravatar.com\\\/avatar\\\/03eb19c63b944e79a9b5ce53ca5d1ca303edcf368a68721ec3ccaae7f98c5afd?s=96&d=mm&r=g\",\"url\":\"https:\\\/\\\/secure.gravatar.com\\\/avatar\\\/03eb19c63b944e79a9b5ce53ca5d1ca303edcf368a68721ec3ccaae7f98c5afd?s=96&d=mm&r=g\",\"contentUrl\":\"https:\\\/\\\/secure.gravatar.com\\\/avatar\\\/03eb19c63b944e79a9b5ce53ca5d1ca303edcf368a68721ec3ccaae7f98c5afd?s=96&d=mm&r=g\",\"caption\":\"Silvia Citterio\"}}]}<\/script>\n<!-- \/ Yoast SEO plugin. -->","yoast_head_json":{"title":"Garbagnate Associazione Koeman bilancio - Il Notiziario","description":"Garbagnate, Associazione Koeman: il bilancio, parla la presidente Alessia Gabellone, moglie del giocatore scomparso","robots":{"index":"index","follow":"follow","max-snippet":"max-snippet:-1","max-image-preview":"max-image-preview:large","max-video-preview":"max-video-preview:-1"},"canonical":"https:\/\/www.ilnotiziario.net\/wp\/bollatese\/garbagnate-associazione-alessio-koeman-bilancio-18-mesi-straordinari\/","og_locale":"it_IT","og_type":"article","og_title":"Garbagnate Associazione Koeman bilancio - Il Notiziario","og_description":"Garbagnate, Associazione Koeman: il bilancio, parla la presidente Alessia Gabellone, moglie del giocatore scomparso","og_url":"https:\/\/www.ilnotiziario.net\/wp\/bollatese\/garbagnate-associazione-alessio-koeman-bilancio-18-mesi-straordinari\/","og_site_name":"Il Notiziario","article_publisher":"https:\/\/www.facebook.com\/ilnotiziarioind\/","article_published_time":"2022-12-12T07:53:03+00:00","article_modified_time":"2022-12-12T09:12:56+00:00","og_image":[{"width":344,"height":261,"url":"https:\/\/www.ilnotiziario.net\/wp\/wp-content\/uploads\/2022\/12\/gabellone.jpg","type":"image\/jpeg"}],"author":"Silvia Citterio","twitter_card":"summary_large_image","twitter_creator":"@ilNotiziarioInd","twitter_site":"@ilNotiziarioInd","twitter_misc":{"Scritto da":"Silvia Citterio","Tempo di lettura stimato":"4 minuti"},"schema":{"@context":"https:\/\/schema.org","@graph":[{"@type":"Article","@id":"https:\/\/www.ilnotiziario.net\/wp\/bollatese\/garbagnate-associazione-alessio-koeman-bilancio-18-mesi-straordinari\/#article","isPartOf":{"@id":"https:\/\/www.ilnotiziario.net\/wp\/bollatese\/garbagnate-associazione-alessio-koeman-bilancio-18-mesi-straordinari\/"},"author":{"name":"Silvia Citterio","@id":"https:\/\/www.ilnotiziario.net\/wp\/#\/schema\/person\/c5bca2edc3d99d29959f04a6126f687b"},"headline":"Garbagnate, associazione Alessio Koeman: bilancio, 18 mesi straordinari","datePublished":"2022-12-12T07:53:03+00:00","dateModified":"2022-12-12T09:12:56+00:00","mainEntityOfPage":{"@id":"https:\/\/www.ilnotiziario.net\/wp\/bollatese\/garbagnate-associazione-alessio-koeman-bilancio-18-mesi-straordinari\/"},"wordCount":667,"publisher":{"@id":"https:\/\/www.ilnotiziario.net\/wp\/#organization"},"image":{"@id":"https:\/\/www.ilnotiziario.net\/wp\/bollatese\/garbagnate-associazione-alessio-koeman-bilancio-18-mesi-straordinari\/#primaryimage"},"thumbnailUrl":"https:\/\/www.ilnotiziario.net\/wp\/wp-content\/uploads\/2022\/12\/gabellone.jpg","keywords":["Associazione Koeman","bilancio","Garbagnate"],"articleSection":["BOLLATESE","Prima Pagina"],"inLanguage":"it-IT"},{"@type":"WebPage","@id":"https:\/\/www.ilnotiziario.net\/wp\/bollatese\/garbagnate-associazione-alessio-koeman-bilancio-18-mesi-straordinari\/","url":"https:\/\/www.ilnotiziario.net\/wp\/bollatese\/garbagnate-associazione-alessio-koeman-bilancio-18-mesi-straordinari\/","name":"Garbagnate Associazione Koeman bilancio - Il Notiziario","isPartOf":{"@id":"https:\/\/www.ilnotiziario.net\/wp\/#website"},"primaryImageOfPage":{"@id":"https:\/\/www.ilnotiziario.net\/wp\/bollatese\/garbagnate-associazione-alessio-koeman-bilancio-18-mesi-straordinari\/#primaryimage"},"image":{"@id":"https:\/\/www.ilnotiziario.net\/wp\/bollatese\/garbagnate-associazione-alessio-koeman-bilancio-18-mesi-straordinari\/#primaryimage"},"thumbnailUrl":"https:\/\/www.ilnotiziario.net\/wp\/wp-content\/uploads\/2022\/12\/gabellone.jpg","datePublished":"2022-12-12T07:53:03+00:00","dateModified":"2022-12-12T09:12:56+00:00","description":"Garbagnate, Associazione Koeman: il bilancio, parla la presidente Alessia Gabellone, moglie del giocatore scomparso","breadcrumb":{"@id":"https:\/\/www.ilnotiziario.net\/wp\/bollatese\/garbagnate-associazione-alessio-koeman-bilancio-18-mesi-straordinari\/#breadcrumb"},"inLanguage":"it-IT","potentialAction":[{"@type":"ReadAction","target":["https:\/\/www.ilnotiziario.net\/wp\/bollatese\/garbagnate-associazione-alessio-koeman-bilancio-18-mesi-straordinari\/"]}]},{"@type":"ImageObject","inLanguage":"it-IT","@id":"https:\/\/www.ilnotiziario.net\/wp\/bollatese\/garbagnate-associazione-alessio-koeman-bilancio-18-mesi-straordinari\/#primaryimage","url":"https:\/\/www.ilnotiziario.net\/wp\/wp-content\/uploads\/2022\/12\/gabellone.jpg","contentUrl":"https:\/\/www.ilnotiziario.net\/wp\/wp-content\/uploads\/2022\/12\/gabellone.jpg","width":344,"height":261,"caption":"La presidente Claudia Gabellone"},{"@type":"BreadcrumbList","@id":"https:\/\/www.ilnotiziario.net\/wp\/bollatese\/garbagnate-associazione-alessio-koeman-bilancio-18-mesi-straordinari\/#breadcrumb","itemListElement":[{"@type":"ListItem","position":1,"name":"tds_text_logo_tagline_colortds_text_logo_tagline_colortds_text_logo_tagline_colortds_text_logo_tagline_colortd_module_7_title_excerpttd_module_7_title_excerpttd_module_7_title_excerpttd_module_7_title_excerptHome","item":"https:\/\/www.ilnotiziario.net\/wp\/"},{"@type":"ListItem","position":2,"name":"Garbagnate, associazione Alessio Koeman: bilancio, 18 mesi straordinari"}]},{"@type":"WebSite","@id":"https:\/\/www.ilnotiziario.net\/wp\/#website","url":"https:\/\/www.ilnotiziario.net\/wp\/","name":"Il Notiziario","description":"Per restare sempre connessi alla notizia","publisher":{"@id":"https:\/\/www.ilnotiziario.net\/wp\/#organization"},"alternateName":"Il Notiziario Bollate","potentialAction":[{"@type":"SearchAction","target":{"@type":"EntryPoint","urlTemplate":"https:\/\/www.ilnotiziario.net\/wp\/?s={search_term_string}"},"query-input":{"@type":"PropertyValueSpecification","valueRequired":true,"valueName":"search_term_string"}}],"inLanguage":"it-IT"},{"@type":"Organization","@id":"https:\/\/www.ilnotiziario.net\/wp\/#organization","name":"Il Notiziario","url":"https:\/\/www.ilnotiziario.net\/wp\/","logo":{"@type":"ImageObject","inLanguage":"it-IT","@id":"https:\/\/www.ilnotiziario.net\/wp\/#\/schema\/logo\/image\/","url":"https:\/\/www.ilnotiziario.net\/wp\/wp-content\/uploads\/2022\/06\/170x170ilN.png","contentUrl":"https:\/\/www.ilnotiziario.net\/wp\/wp-content\/uploads\/2022\/06\/170x170ilN.png","width":355,"height":355,"caption":"Il Notiziario"},"image":{"@id":"https:\/\/www.ilnotiziario.net\/wp\/#\/schema\/logo\/image\/"},"sameAs":["https:\/\/www.facebook.com\/ilnotiziarioind\/","https:\/\/x.com\/ilNotiziarioInd","https:\/\/www.instagram.com\/ilnotiziario_settimanale\/"]},{"@type":"Person","@id":"https:\/\/www.ilnotiziario.net\/wp\/#\/schema\/person\/c5bca2edc3d99d29959f04a6126f687b","name":"Silvia Citterio","image":{"@type":"ImageObject","inLanguage":"it-IT","@id":"https:\/\/secure.gravatar.com\/avatar\/03eb19c63b944e79a9b5ce53ca5d1ca303edcf368a68721ec3ccaae7f98c5afd?s=96&d=mm&r=g","url":"https:\/\/secure.gravatar.com\/avatar\/03eb19c63b944e79a9b5ce53ca5d1ca303edcf368a68721ec3ccaae7f98c5afd?s=96&d=mm&r=g","contentUrl":"https:\/\/secure.gravatar.com\/avatar\/03eb19c63b944e79a9b5ce53ca5d1ca303edcf368a68721ec3ccaae7f98c5afd?s=96&d=mm&r=g","caption":"Silvia Citterio"}}]}},"_links":{"self":[{"href":"https:\/\/www.ilnotiziario.net\/wp\/wp-json\/wp\/v2\/posts\/175018","targetHints":{"allow":["GET"]}}],"collection":[{"href":"https:\/\/www.ilnotiziario.net\/wp\/wp-json\/wp\/v2\/posts"}],"about":[{"href":"https:\/\/www.ilnotiziario.net\/wp\/wp-json\/wp\/v2\/types\/post"}],"author":[{"embeddable":true,"href":"https:\/\/www.ilnotiziario.net\/wp\/wp-json\/wp\/v2\/users\/14"}],"replies":[{"embeddable":true,"href":"https:\/\/www.ilnotiziario.net\/wp\/wp-json\/wp\/v2\/comments?post=175018"}],"version-history":[{"count":0,"href":"https:\/\/www.ilnotiziario.net\/wp\/wp-json\/wp\/v2\/posts\/175018\/revisions"}],"wp:featuredmedia":[{"embeddable":true,"href":"https:\/\/www.ilnotiziario.net\/wp\/wp-json\/wp\/v2\/media\/175021"}],"wp:attachment":[{"href":"https:\/\/www.ilnotiziario.net\/wp\/wp-json\/wp\/v2\/media?parent=175018"}],"wp:term":[{"taxonomy":"category","embeddable":true,"href":"https:\/\/www.ilnotiziario.net\/wp\/wp-json\/wp\/v2\/categories?post=175018"},{"taxonomy":"post_tag","embeddable":true,"href":"https:\/\/www.ilnotiziario.net\/wp\/wp-json\/wp\/v2\/tags?post=175018"}],"curies":[{"name":"wp","href":"https:\/\/api.w.org\/{rel}","templated":true}]}}