{"id":175042,"date":"2022-12-12T14:59:23","date_gmt":"2022-12-12T13:59:23","guid":{"rendered":"https:\/\/www.ilnotiziario.net\/wp\/?p=175042"},"modified":"2022-12-12T13:02:27","modified_gmt":"2022-12-12T12:02:27","slug":"campus-invernale-per-bambini-e-ragazzi-di-garbagnate","status":"publish","type":"post","link":"https:\/\/www.ilnotiziario.net\/wp\/bollatese\/campus-invernale-per-bambini-e-ragazzi-di-garbagnate\/","title":{"rendered":"Campus invernale per bambini e ragazzi di Garbagnate"},"content":{"rendered":"<p>Campus invernale per i bambini e le ragazzi di Garbagnate Milanese, durante le vacanze di Natale. Questa l&#8217;iniziativa messa in campo dal Comune e dalla cooperativa La Spiga, con specifiche proposte per il periodo natalizio.<\/p><div id=\"ilnot-39941413\" class=\"ilnot-contenuto ilnot-entity-placement\"><p><!-- incontent_1 --><\/p>\n<div class=\"gptslot\" data-adunitid=\"1\"><\/div>\n<\/div>\n<h2>Campus invernale a Garbagnate: le attivit\u00e0 con il Comune<\/h2>\n<p>Il campus invernale per bambini e ragazzi organizzato dal Comune di Garbagnate insieme alla cooperativa La Spiga si pone come obiettivo quello di&nbsp;favorire la socializzazione e lo sviluppo di competenze, nonch\u00e9 la fruizione del patrimonio culturale con proposte specifiche del periodo natalizio. Il campus \u00e8 rivolto ai bambini e ragazzi della scuola primaria e secondaria di I Grado, e si svolger\u00e0 presso la scuola primaria Quinto Profili di via Stelvio dal 27 al 30 dicembre, dalle 8.30 alle 17. Le iscrizioni sono aperte fino al 16 dicembre, fino ad esaurimento posti, e dovranno essere effettuate esclusivamente online, accedendo tramite Spid o Cie. La quota di partecipazione, comprensiva di pranzo, \u00e8 di 30 euro.<\/p>\n<h2>Campus invernale: tra laboratori, karaoke e spettacoli<\/h2>\n<p>Nel programma del campus invernale di Garbagnate, &#8220;men\u00f9&#8221; organizzativo gi\u00e0 apparecchiato. Per il 27 dicembre, accoglienza con la storia della befana, compiti o attivit\u00e0 di relax, merenda, laboratorio di marionette, preparazione della storia a tema befana, pranzo e attivit\u00e0 sportiva con la polisportiva Sole. Il giorno 28, storia della befana, compiti o attivit\u00e0 di relax, merenda, lavoratori con materiale di riciclo e dopo pranzo la sfida al karaoke con le canzoni di Natale. Il 29, oltre alle attivit\u00e0 di inizio giornata, film di Natale e caccia alla calza. Il 30 dicembre, spettacolo con il Cappellaio matto e laboratorio di cucina con i biscotti di capodanno.&nbsp;<\/p><div id=\"ilnot-2556627465\" class=\"ilnot-contenuto_2 ilnot-entity-placement\"><div class=\"ads-wrapper\">\n<div class=\"ad-slot\">\n   <div id=\"ilnot-516848999\" style=\"margin-right: auto;margin-left: auto;text-align: center;width: 320px;height: 100px;\"><a href=\"https:\/\/www.scuolasicurezza.it\/\"><img decoding=\"async\" src=\"https:\/\/www.ilnotiziario.net\/wp\/wp-content\/uploads\/2026\/04\/IlNotiziario_banner-sito-e-newsletter-320-x-100-px-1.gif\" alt=\"\"><\/a><\/div>\n  <\/div>\n<div class=\"ad-slot\">\n   <div id=\"ilnot-3072009040\" style=\"margin-right: auto;margin-left: auto;text-align: center;width: 320px;height: 100px;\"><a href=\"https:\/\/purodesignarredamenti.com\/\"><img decoding=\"async\" src=\"https:\/\/www.ilnotiziario.net\/wp\/wp-content\/uploads\/2026\/04\/banner-puro-ok.gif\" alt=\"whatsapp\"><\/a><\/div><\/p><\/div>\n<\/div>\n<\/div>\n<p><strong>Redazione web<\/strong><br \/>\n<strong><em>Leggi ilNotiziario anche da pc, smartphone e tablet.&nbsp;<\/em><a href=\"http:\/\/edicola.ilnotiziario.net\/\">Clicca qui per la nostra edicola digitale<\/a><\/strong><\/p>\n","protected":false},"excerpt":{"rendered":"<p>Campus invernale per i bambini e le ragazzi di Garbagnate Milanese, durante le vacanze di Natale. Questa l&#8217;iniziativa messa in campo dal Comune e dalla cooperativa La Spiga, con specifiche proposte per il periodo natalizio. Campus invernale a Garbagnate: le attivit\u00e0 con il Comune Il campus invernale per bambini e ragazzi organizzato dal Comune di<\/p>\n","protected":false},"author":3,"featured_media":145495,"comment_status":"closed","ping_status":"closed","sticky":false,"template":"","format":"standard","meta":{"footnotes":""},"categories":[8,20],"tags":[11651,11652,43],"class_list":{"0":"post-175042","1":"post","2":"type-post","3":"status-publish","4":"format-standard","5":"has-post-thumbnail","7":"category-bollatese","8":"category-prima-pagina","9":"tag-campus-invernale","10":"tag-comune-di-garbagnate","11":"tag-garbagnate"},"yoast_head":"<!-- This site is optimized with the Yoast SEO plugin v27.5 - https:\/\/yoast.com\/product\/yoast-seo-wordpress\/ -->\n<title>A Garbagnate il campus invernale per i bambini - Il Notiziario<\/title>\n<meta name=\"description\" content=\"Campus invernale a Garbagnate per i bambini e i ragazzi: laboratori, karaoke, compiti e attivit\u00e0 per la settimana dopo Natale\" \/>\n<meta name=\"robots\" content=\"index, follow, max-snippet:-1, max-image-preview:large, max-video-preview:-1\" \/>\n<link rel=\"canonical\" href=\"https:\/\/www.ilnotiziario.net\/wp\/bollatese\/campus-invernale-per-bambini-e-ragazzi-di-garbagnate\/\" \/>\n<meta property=\"og:locale\" content=\"it_IT\" \/>\n<meta property=\"og:type\" content=\"article\" \/>\n<meta property=\"og:title\" content=\"A Garbagnate il campus invernale per i bambini - Il Notiziario\" \/>\n<meta property=\"og:description\" content=\"Campus invernale a Garbagnate per i bambini e i ragazzi: laboratori, karaoke, compiti e attivit\u00e0 per la settimana dopo Natale\" \/>\n<meta property=\"og:url\" content=\"https:\/\/www.ilnotiziario.net\/wp\/bollatese\/campus-invernale-per-bambini-e-ragazzi-di-garbagnate\/\" \/>\n<meta property=\"og:site_name\" content=\"Il Notiziario\" \/>\n<meta property=\"article:publisher\" content=\"https:\/\/www.facebook.com\/ilnotiziarioind\/\" \/>\n<meta property=\"article:published_time\" content=\"2022-12-12T13:59:23+00:00\" \/>\n<meta property=\"og:image\" content=\"https:\/\/www.ilnotiziario.net\/wp\/wp-content\/uploads\/2020\/12\/Saronno-Scatole-di-Natale.jpg\" \/>\n\t<meta property=\"og:image:width\" content=\"935\" \/>\n\t<meta property=\"og:image:height\" content=\"700\" \/>\n\t<meta property=\"og:image:type\" content=\"image\/jpeg\" \/>\n<meta name=\"author\" content=\"Gabriele Bassani\" \/>\n<meta name=\"twitter:card\" content=\"summary_large_image\" \/>\n<meta name=\"twitter:creator\" content=\"@ilNotiziarioInd\" \/>\n<meta name=\"twitter:site\" content=\"@ilNotiziarioInd\" \/>\n<meta name=\"twitter:label1\" content=\"Scritto da\" \/>\n\t<meta name=\"twitter:data1\" content=\"Gabriele Bassani\" \/>\n\t<meta name=\"twitter:label2\" content=\"Tempo di lettura stimato\" \/>\n\t<meta name=\"twitter:data2\" content=\"2 minuti\" \/>\n<script type=\"application\/ld+json\" class=\"yoast-schema-graph\">{\"@context\":\"https:\\\/\\\/schema.org\",\"@graph\":[{\"@type\":\"Article\",\"@id\":\"https:\\\/\\\/www.ilnotiziario.net\\\/wp\\\/bollatese\\\/campus-invernale-per-bambini-e-ragazzi-di-garbagnate\\\/#article\",\"isPartOf\":{\"@id\":\"https:\\\/\\\/www.ilnotiziario.net\\\/wp\\\/bollatese\\\/campus-invernale-per-bambini-e-ragazzi-di-garbagnate\\\/\"},\"author\":{\"name\":\"Gabriele Bassani\",\"@id\":\"https:\\\/\\\/www.ilnotiziario.net\\\/wp\\\/#\\\/schema\\\/person\\\/386e222908f898bb41c033989482bbf2\"},\"headline\":\"Campus invernale per bambini e ragazzi di Garbagnate\",\"datePublished\":\"2022-12-12T13:59:23+00:00\",\"mainEntityOfPage\":{\"@id\":\"https:\\\/\\\/www.ilnotiziario.net\\\/wp\\\/bollatese\\\/campus-invernale-per-bambini-e-ragazzi-di-garbagnate\\\/\"},\"wordCount\":287,\"publisher\":{\"@id\":\"https:\\\/\\\/www.ilnotiziario.net\\\/wp\\\/#organization\"},\"image\":{\"@id\":\"https:\\\/\\\/www.ilnotiziario.net\\\/wp\\\/bollatese\\\/campus-invernale-per-bambini-e-ragazzi-di-garbagnate\\\/#primaryimage\"},\"thumbnailUrl\":\"https:\\\/\\\/www.ilnotiziario.net\\\/wp\\\/wp-content\\\/uploads\\\/2020\\\/12\\\/Saronno-Scatole-di-Natale.jpg\",\"keywords\":[\"campus invernale\",\"comune di garbagnate\",\"Garbagnate\"],\"articleSection\":[\"BOLLATESE\",\"Prima Pagina\"],\"inLanguage\":\"it-IT\"},{\"@type\":\"WebPage\",\"@id\":\"https:\\\/\\\/www.ilnotiziario.net\\\/wp\\\/bollatese\\\/campus-invernale-per-bambini-e-ragazzi-di-garbagnate\\\/\",\"url\":\"https:\\\/\\\/www.ilnotiziario.net\\\/wp\\\/bollatese\\\/campus-invernale-per-bambini-e-ragazzi-di-garbagnate\\\/\",\"name\":\"A Garbagnate il campus invernale per i bambini - Il Notiziario\",\"isPartOf\":{\"@id\":\"https:\\\/\\\/www.ilnotiziario.net\\\/wp\\\/#website\"},\"primaryImageOfPage\":{\"@id\":\"https:\\\/\\\/www.ilnotiziario.net\\\/wp\\\/bollatese\\\/campus-invernale-per-bambini-e-ragazzi-di-garbagnate\\\/#primaryimage\"},\"image\":{\"@id\":\"https:\\\/\\\/www.ilnotiziario.net\\\/wp\\\/bollatese\\\/campus-invernale-per-bambini-e-ragazzi-di-garbagnate\\\/#primaryimage\"},\"thumbnailUrl\":\"https:\\\/\\\/www.ilnotiziario.net\\\/wp\\\/wp-content\\\/uploads\\\/2020\\\/12\\\/Saronno-Scatole-di-Natale.jpg\",\"datePublished\":\"2022-12-12T13:59:23+00:00\",\"description\":\"Campus invernale a Garbagnate per i bambini e i ragazzi: laboratori, karaoke, compiti e attivit\u00e0 per la settimana dopo Natale\",\"breadcrumb\":{\"@id\":\"https:\\\/\\\/www.ilnotiziario.net\\\/wp\\\/bollatese\\\/campus-invernale-per-bambini-e-ragazzi-di-garbagnate\\\/#breadcrumb\"},\"inLanguage\":\"it-IT\",\"potentialAction\":[{\"@type\":\"ReadAction\",\"target\":[\"https:\\\/\\\/www.ilnotiziario.net\\\/wp\\\/bollatese\\\/campus-invernale-per-bambini-e-ragazzi-di-garbagnate\\\/\"]}]},{\"@type\":\"ImageObject\",\"inLanguage\":\"it-IT\",\"@id\":\"https:\\\/\\\/www.ilnotiziario.net\\\/wp\\\/bollatese\\\/campus-invernale-per-bambini-e-ragazzi-di-garbagnate\\\/#primaryimage\",\"url\":\"https:\\\/\\\/www.ilnotiziario.net\\\/wp\\\/wp-content\\\/uploads\\\/2020\\\/12\\\/Saronno-Scatole-di-Natale.jpg\",\"contentUrl\":\"https:\\\/\\\/www.ilnotiziario.net\\\/wp\\\/wp-content\\\/uploads\\\/2020\\\/12\\\/Saronno-Scatole-di-Natale.jpg\",\"width\":935,\"height\":700,\"caption\":\"Campus invernale per i bambini di Garbagnate\"},{\"@type\":\"BreadcrumbList\",\"@id\":\"https:\\\/\\\/www.ilnotiziario.net\\\/wp\\\/bollatese\\\/campus-invernale-per-bambini-e-ragazzi-di-garbagnate\\\/#breadcrumb\",\"itemListElement\":[{\"@type\":\"ListItem\",\"position\":1,\"name\":\"tds_text_logo_tagline_colortds_text_logo_tagline_colortds_text_logo_tagline_colortds_text_logo_tagline_colortd_module_7_title_excerpttd_module_7_title_excerpttd_module_7_title_excerpttd_module_7_title_excerptHome\",\"item\":\"https:\\\/\\\/www.ilnotiziario.net\\\/wp\\\/\"},{\"@type\":\"ListItem\",\"position\":2,\"name\":\"Campus invernale per bambini e ragazzi di Garbagnate\"}]},{\"@type\":\"WebSite\",\"@id\":\"https:\\\/\\\/www.ilnotiziario.net\\\/wp\\\/#website\",\"url\":\"https:\\\/\\\/www.ilnotiziario.net\\\/wp\\\/\",\"name\":\"Il Notiziario\",\"description\":\"Per restare sempre connessi alla notizia\",\"publisher\":{\"@id\":\"https:\\\/\\\/www.ilnotiziario.net\\\/wp\\\/#organization\"},\"alternateName\":\"Il Notiziario Bollate\",\"potentialAction\":[{\"@type\":\"SearchAction\",\"target\":{\"@type\":\"EntryPoint\",\"urlTemplate\":\"https:\\\/\\\/www.ilnotiziario.net\\\/wp\\\/?s={search_term_string}\"},\"query-input\":{\"@type\":\"PropertyValueSpecification\",\"valueRequired\":true,\"valueName\":\"search_term_string\"}}],\"inLanguage\":\"it-IT\"},{\"@type\":\"Organization\",\"@id\":\"https:\\\/\\\/www.ilnotiziario.net\\\/wp\\\/#organization\",\"name\":\"Il Notiziario\",\"url\":\"https:\\\/\\\/www.ilnotiziario.net\\\/wp\\\/\",\"logo\":{\"@type\":\"ImageObject\",\"inLanguage\":\"it-IT\",\"@id\":\"https:\\\/\\\/www.ilnotiziario.net\\\/wp\\\/#\\\/schema\\\/logo\\\/image\\\/\",\"url\":\"https:\\\/\\\/www.ilnotiziario.net\\\/wp\\\/wp-content\\\/uploads\\\/2022\\\/06\\\/170x170ilN.png\",\"contentUrl\":\"https:\\\/\\\/www.ilnotiziario.net\\\/wp\\\/wp-content\\\/uploads\\\/2022\\\/06\\\/170x170ilN.png\",\"width\":355,\"height\":355,\"caption\":\"Il Notiziario\"},\"image\":{\"@id\":\"https:\\\/\\\/www.ilnotiziario.net\\\/wp\\\/#\\\/schema\\\/logo\\\/image\\\/\"},\"sameAs\":[\"https:\\\/\\\/www.facebook.com\\\/ilnotiziarioind\\\/\",\"https:\\\/\\\/x.com\\\/ilNotiziarioInd\",\"https:\\\/\\\/www.instagram.com\\\/ilnotiziario_settimanale\\\/\"]},{\"@type\":\"Person\",\"@id\":\"https:\\\/\\\/www.ilnotiziario.net\\\/wp\\\/#\\\/schema\\\/person\\\/386e222908f898bb41c033989482bbf2\",\"name\":\"Gabriele Bassani\",\"image\":{\"@type\":\"ImageObject\",\"inLanguage\":\"it-IT\",\"@id\":\"https:\\\/\\\/secure.gravatar.com\\\/avatar\\\/09274f4a84fa97698bde56f84b3afed61c8492d48b0550db9671b68c177479cb?s=96&d=mm&r=g\",\"url\":\"https:\\\/\\\/secure.gravatar.com\\\/avatar\\\/09274f4a84fa97698bde56f84b3afed61c8492d48b0550db9671b68c177479cb?s=96&d=mm&r=g\",\"contentUrl\":\"https:\\\/\\\/secure.gravatar.com\\\/avatar\\\/09274f4a84fa97698bde56f84b3afed61c8492d48b0550db9671b68c177479cb?s=96&d=mm&r=g\",\"caption\":\"Gabriele Bassani\"},\"sameAs\":[\"http:\\\/\\\/www.ilnotiziario.net\"]}]}<\/script>\n<!-- \/ Yoast SEO plugin. -->","yoast_head_json":{"title":"A Garbagnate il campus invernale per i bambini - Il Notiziario","description":"Campus invernale a Garbagnate per i bambini e i ragazzi: laboratori, karaoke, compiti e attivit\u00e0 per la settimana dopo Natale","robots":{"index":"index","follow":"follow","max-snippet":"max-snippet:-1","max-image-preview":"max-image-preview:large","max-video-preview":"max-video-preview:-1"},"canonical":"https:\/\/www.ilnotiziario.net\/wp\/bollatese\/campus-invernale-per-bambini-e-ragazzi-di-garbagnate\/","og_locale":"it_IT","og_type":"article","og_title":"A Garbagnate il campus invernale per i bambini - Il Notiziario","og_description":"Campus invernale a Garbagnate per i bambini e i ragazzi: laboratori, karaoke, compiti e attivit\u00e0 per la settimana dopo Natale","og_url":"https:\/\/www.ilnotiziario.net\/wp\/bollatese\/campus-invernale-per-bambini-e-ragazzi-di-garbagnate\/","og_site_name":"Il Notiziario","article_publisher":"https:\/\/www.facebook.com\/ilnotiziarioind\/","article_published_time":"2022-12-12T13:59:23+00:00","og_image":[{"width":935,"height":700,"url":"https:\/\/www.ilnotiziario.net\/wp\/wp-content\/uploads\/2020\/12\/Saronno-Scatole-di-Natale.jpg","type":"image\/jpeg"}],"author":"Gabriele Bassani","twitter_card":"summary_large_image","twitter_creator":"@ilNotiziarioInd","twitter_site":"@ilNotiziarioInd","twitter_misc":{"Scritto da":"Gabriele Bassani","Tempo di lettura stimato":"2 minuti"},"schema":{"@context":"https:\/\/schema.org","@graph":[{"@type":"Article","@id":"https:\/\/www.ilnotiziario.net\/wp\/bollatese\/campus-invernale-per-bambini-e-ragazzi-di-garbagnate\/#article","isPartOf":{"@id":"https:\/\/www.ilnotiziario.net\/wp\/bollatese\/campus-invernale-per-bambini-e-ragazzi-di-garbagnate\/"},"author":{"name":"Gabriele Bassani","@id":"https:\/\/www.ilnotiziario.net\/wp\/#\/schema\/person\/386e222908f898bb41c033989482bbf2"},"headline":"Campus invernale per bambini e ragazzi di Garbagnate","datePublished":"2022-12-12T13:59:23+00:00","mainEntityOfPage":{"@id":"https:\/\/www.ilnotiziario.net\/wp\/bollatese\/campus-invernale-per-bambini-e-ragazzi-di-garbagnate\/"},"wordCount":287,"publisher":{"@id":"https:\/\/www.ilnotiziario.net\/wp\/#organization"},"image":{"@id":"https:\/\/www.ilnotiziario.net\/wp\/bollatese\/campus-invernale-per-bambini-e-ragazzi-di-garbagnate\/#primaryimage"},"thumbnailUrl":"https:\/\/www.ilnotiziario.net\/wp\/wp-content\/uploads\/2020\/12\/Saronno-Scatole-di-Natale.jpg","keywords":["campus invernale","comune di garbagnate","Garbagnate"],"articleSection":["BOLLATESE","Prima Pagina"],"inLanguage":"it-IT"},{"@type":"WebPage","@id":"https:\/\/www.ilnotiziario.net\/wp\/bollatese\/campus-invernale-per-bambini-e-ragazzi-di-garbagnate\/","url":"https:\/\/www.ilnotiziario.net\/wp\/bollatese\/campus-invernale-per-bambini-e-ragazzi-di-garbagnate\/","name":"A Garbagnate il campus invernale per i bambini - Il Notiziario","isPartOf":{"@id":"https:\/\/www.ilnotiziario.net\/wp\/#website"},"primaryImageOfPage":{"@id":"https:\/\/www.ilnotiziario.net\/wp\/bollatese\/campus-invernale-per-bambini-e-ragazzi-di-garbagnate\/#primaryimage"},"image":{"@id":"https:\/\/www.ilnotiziario.net\/wp\/bollatese\/campus-invernale-per-bambini-e-ragazzi-di-garbagnate\/#primaryimage"},"thumbnailUrl":"https:\/\/www.ilnotiziario.net\/wp\/wp-content\/uploads\/2020\/12\/Saronno-Scatole-di-Natale.jpg","datePublished":"2022-12-12T13:59:23+00:00","description":"Campus invernale a Garbagnate per i bambini e i ragazzi: laboratori, karaoke, compiti e attivit\u00e0 per la settimana dopo Natale","breadcrumb":{"@id":"https:\/\/www.ilnotiziario.net\/wp\/bollatese\/campus-invernale-per-bambini-e-ragazzi-di-garbagnate\/#breadcrumb"},"inLanguage":"it-IT","potentialAction":[{"@type":"ReadAction","target":["https:\/\/www.ilnotiziario.net\/wp\/bollatese\/campus-invernale-per-bambini-e-ragazzi-di-garbagnate\/"]}]},{"@type":"ImageObject","inLanguage":"it-IT","@id":"https:\/\/www.ilnotiziario.net\/wp\/bollatese\/campus-invernale-per-bambini-e-ragazzi-di-garbagnate\/#primaryimage","url":"https:\/\/www.ilnotiziario.net\/wp\/wp-content\/uploads\/2020\/12\/Saronno-Scatole-di-Natale.jpg","contentUrl":"https:\/\/www.ilnotiziario.net\/wp\/wp-content\/uploads\/2020\/12\/Saronno-Scatole-di-Natale.jpg","width":935,"height":700,"caption":"Campus invernale per i bambini di Garbagnate"},{"@type":"BreadcrumbList","@id":"https:\/\/www.ilnotiziario.net\/wp\/bollatese\/campus-invernale-per-bambini-e-ragazzi-di-garbagnate\/#breadcrumb","itemListElement":[{"@type":"ListItem","position":1,"name":"tds_text_logo_tagline_colortds_text_logo_tagline_colortds_text_logo_tagline_colortds_text_logo_tagline_colortd_module_7_title_excerpttd_module_7_title_excerpttd_module_7_title_excerpttd_module_7_title_excerptHome","item":"https:\/\/www.ilnotiziario.net\/wp\/"},{"@type":"ListItem","position":2,"name":"Campus invernale per bambini e ragazzi di Garbagnate"}]},{"@type":"WebSite","@id":"https:\/\/www.ilnotiziario.net\/wp\/#website","url":"https:\/\/www.ilnotiziario.net\/wp\/","name":"Il Notiziario","description":"Per restare sempre connessi alla notizia","publisher":{"@id":"https:\/\/www.ilnotiziario.net\/wp\/#organization"},"alternateName":"Il Notiziario Bollate","potentialAction":[{"@type":"SearchAction","target":{"@type":"EntryPoint","urlTemplate":"https:\/\/www.ilnotiziario.net\/wp\/?s={search_term_string}"},"query-input":{"@type":"PropertyValueSpecification","valueRequired":true,"valueName":"search_term_string"}}],"inLanguage":"it-IT"},{"@type":"Organization","@id":"https:\/\/www.ilnotiziario.net\/wp\/#organization","name":"Il Notiziario","url":"https:\/\/www.ilnotiziario.net\/wp\/","logo":{"@type":"ImageObject","inLanguage":"it-IT","@id":"https:\/\/www.ilnotiziario.net\/wp\/#\/schema\/logo\/image\/","url":"https:\/\/www.ilnotiziario.net\/wp\/wp-content\/uploads\/2022\/06\/170x170ilN.png","contentUrl":"https:\/\/www.ilnotiziario.net\/wp\/wp-content\/uploads\/2022\/06\/170x170ilN.png","width":355,"height":355,"caption":"Il Notiziario"},"image":{"@id":"https:\/\/www.ilnotiziario.net\/wp\/#\/schema\/logo\/image\/"},"sameAs":["https:\/\/www.facebook.com\/ilnotiziarioind\/","https:\/\/x.com\/ilNotiziarioInd","https:\/\/www.instagram.com\/ilnotiziario_settimanale\/"]},{"@type":"Person","@id":"https:\/\/www.ilnotiziario.net\/wp\/#\/schema\/person\/386e222908f898bb41c033989482bbf2","name":"Gabriele Bassani","image":{"@type":"ImageObject","inLanguage":"it-IT","@id":"https:\/\/secure.gravatar.com\/avatar\/09274f4a84fa97698bde56f84b3afed61c8492d48b0550db9671b68c177479cb?s=96&d=mm&r=g","url":"https:\/\/secure.gravatar.com\/avatar\/09274f4a84fa97698bde56f84b3afed61c8492d48b0550db9671b68c177479cb?s=96&d=mm&r=g","contentUrl":"https:\/\/secure.gravatar.com\/avatar\/09274f4a84fa97698bde56f84b3afed61c8492d48b0550db9671b68c177479cb?s=96&d=mm&r=g","caption":"Gabriele Bassani"},"sameAs":["http:\/\/www.ilnotiziario.net"]}]}},"_links":{"self":[{"href":"https:\/\/www.ilnotiziario.net\/wp\/wp-json\/wp\/v2\/posts\/175042","targetHints":{"allow":["GET"]}}],"collection":[{"href":"https:\/\/www.ilnotiziario.net\/wp\/wp-json\/wp\/v2\/posts"}],"about":[{"href":"https:\/\/www.ilnotiziario.net\/wp\/wp-json\/wp\/v2\/types\/post"}],"author":[{"embeddable":true,"href":"https:\/\/www.ilnotiziario.net\/wp\/wp-json\/wp\/v2\/users\/3"}],"replies":[{"embeddable":true,"href":"https:\/\/www.ilnotiziario.net\/wp\/wp-json\/wp\/v2\/comments?post=175042"}],"version-history":[{"count":0,"href":"https:\/\/www.ilnotiziario.net\/wp\/wp-json\/wp\/v2\/posts\/175042\/revisions"}],"wp:featuredmedia":[{"embeddable":true,"href":"https:\/\/www.ilnotiziario.net\/wp\/wp-json\/wp\/v2\/media\/145495"}],"wp:attachment":[{"href":"https:\/\/www.ilnotiziario.net\/wp\/wp-json\/wp\/v2\/media?parent=175042"}],"wp:term":[{"taxonomy":"category","embeddable":true,"href":"https:\/\/www.ilnotiziario.net\/wp\/wp-json\/wp\/v2\/categories?post=175042"},{"taxonomy":"post_tag","embeddable":true,"href":"https:\/\/www.ilnotiziario.net\/wp\/wp-json\/wp\/v2\/tags?post=175042"}],"curies":[{"name":"wp","href":"https:\/\/api.w.org\/{rel}","templated":true}]}}