{"id":175563,"date":"2022-12-22T07:29:09","date_gmt":"2022-12-22T06:29:09","guid":{"rendered":"https:\/\/www.ilnotiziario.net\/wp\/?p=175563"},"modified":"2022-12-21T22:33:33","modified_gmt":"2022-12-21T21:33:33","slug":"gerenzano-recuperato-pastore-maremmano","status":"publish","type":"post","link":"https:\/\/www.ilnotiziario.net\/wp\/saronnese\/gerenzano-recuperato-pastore-maremmano\/","title":{"rendered":"Gerenzano e la sua storia di Natale: recuperato il pastore maremmano"},"content":{"rendered":"<div dir=\"auto\"><a href=\"https:\/\/www.ilnotiziario.net\/wp\/saronnese\/cane-vaga-nelle-campagne-gerenzano\/\" target=\"_blank\" rel=\"noopener\">Un mese a girovagare per i campi di Gerenzano,<\/a> <strong>l&#8217;intenzione di posizionare una gabbia-trappola, poi una signora che lo avvicina e lo conquista con del cibo<\/strong>: il pastore maremmano, dopo un mese, \u00e8 stato recuperato e messo in condizioni di sicurezza.<\/div>\n<h2 dir=\"auto\">Il pastore maremmano un mese a zonzo, poi conquistato da un po&#8217; di cibo<\/h2>\n<div dir=\"auto\"><strong>Un epilogo in perfetto stile natalizio, quello del cane di razza pastore maremmano abruzzese che per un mese ha girovagato per i campi di Gerenzano e che ora \u00e8 stato recuperato e messo in condizioni di sicurezza.<\/strong> Non era poi difficile avvistarlo, vista la mole e il suo candido pelo, per le aree verdi di Gerenzano. Tanto che qualcuno, oltre a chiedersi il perch\u00e9 di quella presenza fissa e apparentemente senza spiegazioni nelle aree verdi di Gerenzano, aveva cominciato anche a esternare una certa apprensione per quel che il cane, verosimilmente affamato, avrebbe potuto compiere.&nbsp;<\/div>\n<h2 dir=\"auto\">Il pastore maremmano ora cerca una nuova famiglia<\/h2>\n<div dir=\"auto\">Da qui la richiesta di intervento coordinato tra Ats e Polizia locale, per cercare di prenderlo attraverso una gabbia-trappola. Eppure non ce n&#8217;\u00e8 stato bisogno e il cane \u00e8 stato avvicinato da una donna che, grazie proprio a del cibo, \u00e8 riuscita ad avvicinarlo e a far s\u00ec che il cane potesse essere preso e reindirizzato in una struttura idonea. Grazie all&#8217;intervento degli operatori della struttura Dogs Ground di Somma Lombardo.<strong> Al momento il pastore maremmano si trova al sanitario di Gallarate per le opportune visite e verifiche, sta bene e spera che presto una nuova famiglia possa prendersi cura di lui.&nbsp;<\/strong><\/div>\n<div dir=\"auto\">&nbsp;<\/div>\n<div dir=\"auto\"><strong>Redazione web<br \/>\n<\/strong><strong><em>Leggi ilNotiziario anche da pc, smartphone e tablet.&nbsp;<\/em><a href=\"http:\/\/edicola.ilnotiziario.net\/\">Clicca qui per la nostra edicola digitale<\/a><\/strong><\/div>\n","protected":false},"excerpt":{"rendered":"<p>Un mese a girovagare per i campi di Gerenzano, l&#8217;intenzione di posizionare una gabbia-trappola, poi una signora che lo avvicina e lo conquista con del cibo: il pastore maremmano, dopo un mese, \u00e8 stato recuperato e messo in condizioni di sicurezza. Il pastore maremmano un mese a zonzo, poi conquistato da un po&#8217; di cibo<\/p>\n","protected":false},"author":3,"featured_media":175564,"comment_status":"closed","ping_status":"closed","sticky":false,"template":"","format":"standard","meta":{"footnotes":""},"categories":[20,13],"tags":[11844,393,11842,11843,3644],"class_list":{"0":"post-175563","1":"post","2":"type-post","3":"status-publish","4":"format-standard","5":"has-post-thumbnail","7":"category-prima-pagina","8":"category-saronnese","9":"tag-dogs-ground","10":"tag-gerenzano","11":"tag-pastore-maremmano","12":"tag-polizia-locale-gerenzano","13":"tag-somma-lombardo"},"yoast_head":"<!-- This site is optimized with the Yoast SEO plugin v27.4 - https:\/\/yoast.com\/product\/yoast-seo-wordpress\/ -->\n<title>Gerenzano, recuperato il pastore maremmano che girovagava<\/title>\n<meta name=\"description\" content=\"Gerenzano, dopo un mese di girovagare nei campi, recuperato il pastore maremmano: si \u00e8 fatto avvicinare da una donna che gli ha dato cibo\" \/>\n<meta name=\"robots\" content=\"index, follow, max-snippet:-1, max-image-preview:large, max-video-preview:-1\" \/>\n<link rel=\"canonical\" href=\"https:\/\/www.ilnotiziario.net\/wp\/saronnese\/gerenzano-recuperato-pastore-maremmano\/\" \/>\n<meta property=\"og:locale\" content=\"it_IT\" \/>\n<meta property=\"og:type\" content=\"article\" \/>\n<meta property=\"og:title\" content=\"Gerenzano, recuperato il pastore maremmano che girovagava\" \/>\n<meta property=\"og:description\" content=\"Gerenzano, dopo un mese di girovagare nei campi, recuperato il pastore maremmano: si \u00e8 fatto avvicinare da una donna che gli ha dato cibo\" \/>\n<meta property=\"og:url\" content=\"https:\/\/www.ilnotiziario.net\/wp\/saronnese\/gerenzano-recuperato-pastore-maremmano\/\" \/>\n<meta property=\"og:site_name\" content=\"Il Notiziario\" \/>\n<meta property=\"article:publisher\" content=\"https:\/\/www.facebook.com\/ilnotiziarioind\/\" \/>\n<meta property=\"article:published_time\" content=\"2022-12-22T06:29:09+00:00\" \/>\n<meta property=\"og:image\" content=\"https:\/\/www.ilnotiziario.net\/wp\/wp-content\/uploads\/2022\/12\/gerenzano-cane-e1671658041466.jpg\" \/>\n\t<meta property=\"og:image:width\" content=\"866\" \/>\n\t<meta property=\"og:image:height\" content=\"493\" \/>\n\t<meta property=\"og:image:type\" content=\"image\/jpeg\" \/>\n<meta name=\"author\" content=\"Gabriele Bassani\" \/>\n<meta name=\"twitter:card\" content=\"summary_large_image\" \/>\n<meta name=\"twitter:creator\" content=\"@ilNotiziarioInd\" \/>\n<meta name=\"twitter:site\" content=\"@ilNotiziarioInd\" \/>\n<meta name=\"twitter:label1\" content=\"Scritto da\" \/>\n\t<meta name=\"twitter:data1\" content=\"Gabriele Bassani\" \/>\n\t<meta name=\"twitter:label2\" content=\"Tempo di lettura stimato\" \/>\n\t<meta name=\"twitter:data2\" content=\"2 minuti\" \/>\n<script type=\"application\/ld+json\" class=\"yoast-schema-graph\">{\"@context\":\"https:\\\/\\\/schema.org\",\"@graph\":[{\"@type\":\"Article\",\"@id\":\"https:\\\/\\\/www.ilnotiziario.net\\\/wp\\\/saronnese\\\/gerenzano-recuperato-pastore-maremmano\\\/#article\",\"isPartOf\":{\"@id\":\"https:\\\/\\\/www.ilnotiziario.net\\\/wp\\\/saronnese\\\/gerenzano-recuperato-pastore-maremmano\\\/\"},\"author\":{\"name\":\"Gabriele Bassani\",\"@id\":\"https:\\\/\\\/www.ilnotiziario.net\\\/wp\\\/#\\\/schema\\\/person\\\/386e222908f898bb41c033989482bbf2\"},\"headline\":\"Gerenzano e la sua storia di Natale: recuperato il pastore maremmano\",\"datePublished\":\"2022-12-22T06:29:09+00:00\",\"mainEntityOfPage\":{\"@id\":\"https:\\\/\\\/www.ilnotiziario.net\\\/wp\\\/saronnese\\\/gerenzano-recuperato-pastore-maremmano\\\/\"},\"wordCount\":290,\"publisher\":{\"@id\":\"https:\\\/\\\/www.ilnotiziario.net\\\/wp\\\/#organization\"},\"image\":{\"@id\":\"https:\\\/\\\/www.ilnotiziario.net\\\/wp\\\/saronnese\\\/gerenzano-recuperato-pastore-maremmano\\\/#primaryimage\"},\"thumbnailUrl\":\"https:\\\/\\\/www.ilnotiziario.net\\\/wp\\\/wp-content\\\/uploads\\\/2022\\\/12\\\/gerenzano-cane-e1671658041466.jpg\",\"keywords\":[\"Dogs Ground\",\"Gerenzano\",\"pastore maremmano\",\"polizia locale gerenzano\",\"Somma Lombardo\"],\"articleSection\":[\"Prima Pagina\",\"SARONNESE\"],\"inLanguage\":\"it-IT\"},{\"@type\":\"WebPage\",\"@id\":\"https:\\\/\\\/www.ilnotiziario.net\\\/wp\\\/saronnese\\\/gerenzano-recuperato-pastore-maremmano\\\/\",\"url\":\"https:\\\/\\\/www.ilnotiziario.net\\\/wp\\\/saronnese\\\/gerenzano-recuperato-pastore-maremmano\\\/\",\"name\":\"Gerenzano, recuperato il pastore maremmano che girovagava\",\"isPartOf\":{\"@id\":\"https:\\\/\\\/www.ilnotiziario.net\\\/wp\\\/#website\"},\"primaryImageOfPage\":{\"@id\":\"https:\\\/\\\/www.ilnotiziario.net\\\/wp\\\/saronnese\\\/gerenzano-recuperato-pastore-maremmano\\\/#primaryimage\"},\"image\":{\"@id\":\"https:\\\/\\\/www.ilnotiziario.net\\\/wp\\\/saronnese\\\/gerenzano-recuperato-pastore-maremmano\\\/#primaryimage\"},\"thumbnailUrl\":\"https:\\\/\\\/www.ilnotiziario.net\\\/wp\\\/wp-content\\\/uploads\\\/2022\\\/12\\\/gerenzano-cane-e1671658041466.jpg\",\"datePublished\":\"2022-12-22T06:29:09+00:00\",\"description\":\"Gerenzano, dopo un mese di girovagare nei campi, recuperato il pastore maremmano: si \u00e8 fatto avvicinare da una donna che gli ha dato cibo\",\"breadcrumb\":{\"@id\":\"https:\\\/\\\/www.ilnotiziario.net\\\/wp\\\/saronnese\\\/gerenzano-recuperato-pastore-maremmano\\\/#breadcrumb\"},\"inLanguage\":\"it-IT\",\"potentialAction\":[{\"@type\":\"ReadAction\",\"target\":[\"https:\\\/\\\/www.ilnotiziario.net\\\/wp\\\/saronnese\\\/gerenzano-recuperato-pastore-maremmano\\\/\"]}]},{\"@type\":\"ImageObject\",\"inLanguage\":\"it-IT\",\"@id\":\"https:\\\/\\\/www.ilnotiziario.net\\\/wp\\\/saronnese\\\/gerenzano-recuperato-pastore-maremmano\\\/#primaryimage\",\"url\":\"https:\\\/\\\/www.ilnotiziario.net\\\/wp\\\/wp-content\\\/uploads\\\/2022\\\/12\\\/gerenzano-cane-e1671658041466.jpg\",\"contentUrl\":\"https:\\\/\\\/www.ilnotiziario.net\\\/wp\\\/wp-content\\\/uploads\\\/2022\\\/12\\\/gerenzano-cane-e1671658041466.jpg\",\"width\":866,\"height\":493,\"caption\":\"Il pastore maremmano recuperato a Gerenzano\"},{\"@type\":\"BreadcrumbList\",\"@id\":\"https:\\\/\\\/www.ilnotiziario.net\\\/wp\\\/saronnese\\\/gerenzano-recuperato-pastore-maremmano\\\/#breadcrumb\",\"itemListElement\":[{\"@type\":\"ListItem\",\"position\":1,\"name\":\"tds_text_logo_tagline_colortds_text_logo_tagline_colortds_text_logo_tagline_colortds_text_logo_tagline_colortd_module_7_title_excerpttd_module_7_title_excerpttd_module_7_title_excerpttd_module_7_title_excerptHome\",\"item\":\"https:\\\/\\\/www.ilnotiziario.net\\\/wp\\\/\"},{\"@type\":\"ListItem\",\"position\":2,\"name\":\"Gerenzano e la sua storia di Natale: recuperato il pastore maremmano\"}]},{\"@type\":\"WebSite\",\"@id\":\"https:\\\/\\\/www.ilnotiziario.net\\\/wp\\\/#website\",\"url\":\"https:\\\/\\\/www.ilnotiziario.net\\\/wp\\\/\",\"name\":\"Il Notiziario\",\"description\":\"Per restare sempre connessi alla notizia\",\"publisher\":{\"@id\":\"https:\\\/\\\/www.ilnotiziario.net\\\/wp\\\/#organization\"},\"alternateName\":\"Il Notiziario Bollate\",\"potentialAction\":[{\"@type\":\"SearchAction\",\"target\":{\"@type\":\"EntryPoint\",\"urlTemplate\":\"https:\\\/\\\/www.ilnotiziario.net\\\/wp\\\/?s={search_term_string}\"},\"query-input\":{\"@type\":\"PropertyValueSpecification\",\"valueRequired\":true,\"valueName\":\"search_term_string\"}}],\"inLanguage\":\"it-IT\"},{\"@type\":\"Organization\",\"@id\":\"https:\\\/\\\/www.ilnotiziario.net\\\/wp\\\/#organization\",\"name\":\"Il Notiziario\",\"url\":\"https:\\\/\\\/www.ilnotiziario.net\\\/wp\\\/\",\"logo\":{\"@type\":\"ImageObject\",\"inLanguage\":\"it-IT\",\"@id\":\"https:\\\/\\\/www.ilnotiziario.net\\\/wp\\\/#\\\/schema\\\/logo\\\/image\\\/\",\"url\":\"https:\\\/\\\/www.ilnotiziario.net\\\/wp\\\/wp-content\\\/uploads\\\/2022\\\/06\\\/170x170ilN.png\",\"contentUrl\":\"https:\\\/\\\/www.ilnotiziario.net\\\/wp\\\/wp-content\\\/uploads\\\/2022\\\/06\\\/170x170ilN.png\",\"width\":355,\"height\":355,\"caption\":\"Il Notiziario\"},\"image\":{\"@id\":\"https:\\\/\\\/www.ilnotiziario.net\\\/wp\\\/#\\\/schema\\\/logo\\\/image\\\/\"},\"sameAs\":[\"https:\\\/\\\/www.facebook.com\\\/ilnotiziarioind\\\/\",\"https:\\\/\\\/x.com\\\/ilNotiziarioInd\",\"https:\\\/\\\/www.instagram.com\\\/ilnotiziario_settimanale\\\/\"]},{\"@type\":\"Person\",\"@id\":\"https:\\\/\\\/www.ilnotiziario.net\\\/wp\\\/#\\\/schema\\\/person\\\/386e222908f898bb41c033989482bbf2\",\"name\":\"Gabriele Bassani\",\"image\":{\"@type\":\"ImageObject\",\"inLanguage\":\"it-IT\",\"@id\":\"https:\\\/\\\/secure.gravatar.com\\\/avatar\\\/09274f4a84fa97698bde56f84b3afed61c8492d48b0550db9671b68c177479cb?s=96&d=mm&r=g\",\"url\":\"https:\\\/\\\/secure.gravatar.com\\\/avatar\\\/09274f4a84fa97698bde56f84b3afed61c8492d48b0550db9671b68c177479cb?s=96&d=mm&r=g\",\"contentUrl\":\"https:\\\/\\\/secure.gravatar.com\\\/avatar\\\/09274f4a84fa97698bde56f84b3afed61c8492d48b0550db9671b68c177479cb?s=96&d=mm&r=g\",\"caption\":\"Gabriele Bassani\"},\"sameAs\":[\"http:\\\/\\\/www.ilnotiziario.net\"]}]}<\/script>\n<!-- \/ Yoast SEO plugin. -->","yoast_head_json":{"title":"Gerenzano, recuperato il pastore maremmano che girovagava","description":"Gerenzano, dopo un mese di girovagare nei campi, recuperato il pastore maremmano: si \u00e8 fatto avvicinare da una donna che gli ha dato cibo","robots":{"index":"index","follow":"follow","max-snippet":"max-snippet:-1","max-image-preview":"max-image-preview:large","max-video-preview":"max-video-preview:-1"},"canonical":"https:\/\/www.ilnotiziario.net\/wp\/saronnese\/gerenzano-recuperato-pastore-maremmano\/","og_locale":"it_IT","og_type":"article","og_title":"Gerenzano, recuperato il pastore maremmano che girovagava","og_description":"Gerenzano, dopo un mese di girovagare nei campi, recuperato il pastore maremmano: si \u00e8 fatto avvicinare da una donna che gli ha dato cibo","og_url":"https:\/\/www.ilnotiziario.net\/wp\/saronnese\/gerenzano-recuperato-pastore-maremmano\/","og_site_name":"Il Notiziario","article_publisher":"https:\/\/www.facebook.com\/ilnotiziarioind\/","article_published_time":"2022-12-22T06:29:09+00:00","og_image":[{"width":866,"height":493,"url":"https:\/\/www.ilnotiziario.net\/wp\/wp-content\/uploads\/2022\/12\/gerenzano-cane-e1671658041466.jpg","type":"image\/jpeg"}],"author":"Gabriele Bassani","twitter_card":"summary_large_image","twitter_creator":"@ilNotiziarioInd","twitter_site":"@ilNotiziarioInd","twitter_misc":{"Scritto da":"Gabriele Bassani","Tempo di lettura stimato":"2 minuti"},"schema":{"@context":"https:\/\/schema.org","@graph":[{"@type":"Article","@id":"https:\/\/www.ilnotiziario.net\/wp\/saronnese\/gerenzano-recuperato-pastore-maremmano\/#article","isPartOf":{"@id":"https:\/\/www.ilnotiziario.net\/wp\/saronnese\/gerenzano-recuperato-pastore-maremmano\/"},"author":{"name":"Gabriele Bassani","@id":"https:\/\/www.ilnotiziario.net\/wp\/#\/schema\/person\/386e222908f898bb41c033989482bbf2"},"headline":"Gerenzano e la sua storia di Natale: recuperato il pastore maremmano","datePublished":"2022-12-22T06:29:09+00:00","mainEntityOfPage":{"@id":"https:\/\/www.ilnotiziario.net\/wp\/saronnese\/gerenzano-recuperato-pastore-maremmano\/"},"wordCount":290,"publisher":{"@id":"https:\/\/www.ilnotiziario.net\/wp\/#organization"},"image":{"@id":"https:\/\/www.ilnotiziario.net\/wp\/saronnese\/gerenzano-recuperato-pastore-maremmano\/#primaryimage"},"thumbnailUrl":"https:\/\/www.ilnotiziario.net\/wp\/wp-content\/uploads\/2022\/12\/gerenzano-cane-e1671658041466.jpg","keywords":["Dogs Ground","Gerenzano","pastore maremmano","polizia locale gerenzano","Somma Lombardo"],"articleSection":["Prima Pagina","SARONNESE"],"inLanguage":"it-IT"},{"@type":"WebPage","@id":"https:\/\/www.ilnotiziario.net\/wp\/saronnese\/gerenzano-recuperato-pastore-maremmano\/","url":"https:\/\/www.ilnotiziario.net\/wp\/saronnese\/gerenzano-recuperato-pastore-maremmano\/","name":"Gerenzano, recuperato il pastore maremmano che girovagava","isPartOf":{"@id":"https:\/\/www.ilnotiziario.net\/wp\/#website"},"primaryImageOfPage":{"@id":"https:\/\/www.ilnotiziario.net\/wp\/saronnese\/gerenzano-recuperato-pastore-maremmano\/#primaryimage"},"image":{"@id":"https:\/\/www.ilnotiziario.net\/wp\/saronnese\/gerenzano-recuperato-pastore-maremmano\/#primaryimage"},"thumbnailUrl":"https:\/\/www.ilnotiziario.net\/wp\/wp-content\/uploads\/2022\/12\/gerenzano-cane-e1671658041466.jpg","datePublished":"2022-12-22T06:29:09+00:00","description":"Gerenzano, dopo un mese di girovagare nei campi, recuperato il pastore maremmano: si \u00e8 fatto avvicinare da una donna che gli ha dato cibo","breadcrumb":{"@id":"https:\/\/www.ilnotiziario.net\/wp\/saronnese\/gerenzano-recuperato-pastore-maremmano\/#breadcrumb"},"inLanguage":"it-IT","potentialAction":[{"@type":"ReadAction","target":["https:\/\/www.ilnotiziario.net\/wp\/saronnese\/gerenzano-recuperato-pastore-maremmano\/"]}]},{"@type":"ImageObject","inLanguage":"it-IT","@id":"https:\/\/www.ilnotiziario.net\/wp\/saronnese\/gerenzano-recuperato-pastore-maremmano\/#primaryimage","url":"https:\/\/www.ilnotiziario.net\/wp\/wp-content\/uploads\/2022\/12\/gerenzano-cane-e1671658041466.jpg","contentUrl":"https:\/\/www.ilnotiziario.net\/wp\/wp-content\/uploads\/2022\/12\/gerenzano-cane-e1671658041466.jpg","width":866,"height":493,"caption":"Il pastore maremmano recuperato a Gerenzano"},{"@type":"BreadcrumbList","@id":"https:\/\/www.ilnotiziario.net\/wp\/saronnese\/gerenzano-recuperato-pastore-maremmano\/#breadcrumb","itemListElement":[{"@type":"ListItem","position":1,"name":"tds_text_logo_tagline_colortds_text_logo_tagline_colortds_text_logo_tagline_colortds_text_logo_tagline_colortd_module_7_title_excerpttd_module_7_title_excerpttd_module_7_title_excerpttd_module_7_title_excerptHome","item":"https:\/\/www.ilnotiziario.net\/wp\/"},{"@type":"ListItem","position":2,"name":"Gerenzano e la sua storia di Natale: recuperato il pastore maremmano"}]},{"@type":"WebSite","@id":"https:\/\/www.ilnotiziario.net\/wp\/#website","url":"https:\/\/www.ilnotiziario.net\/wp\/","name":"Il Notiziario","description":"Per restare sempre connessi alla notizia","publisher":{"@id":"https:\/\/www.ilnotiziario.net\/wp\/#organization"},"alternateName":"Il Notiziario Bollate","potentialAction":[{"@type":"SearchAction","target":{"@type":"EntryPoint","urlTemplate":"https:\/\/www.ilnotiziario.net\/wp\/?s={search_term_string}"},"query-input":{"@type":"PropertyValueSpecification","valueRequired":true,"valueName":"search_term_string"}}],"inLanguage":"it-IT"},{"@type":"Organization","@id":"https:\/\/www.ilnotiziario.net\/wp\/#organization","name":"Il Notiziario","url":"https:\/\/www.ilnotiziario.net\/wp\/","logo":{"@type":"ImageObject","inLanguage":"it-IT","@id":"https:\/\/www.ilnotiziario.net\/wp\/#\/schema\/logo\/image\/","url":"https:\/\/www.ilnotiziario.net\/wp\/wp-content\/uploads\/2022\/06\/170x170ilN.png","contentUrl":"https:\/\/www.ilnotiziario.net\/wp\/wp-content\/uploads\/2022\/06\/170x170ilN.png","width":355,"height":355,"caption":"Il Notiziario"},"image":{"@id":"https:\/\/www.ilnotiziario.net\/wp\/#\/schema\/logo\/image\/"},"sameAs":["https:\/\/www.facebook.com\/ilnotiziarioind\/","https:\/\/x.com\/ilNotiziarioInd","https:\/\/www.instagram.com\/ilnotiziario_settimanale\/"]},{"@type":"Person","@id":"https:\/\/www.ilnotiziario.net\/wp\/#\/schema\/person\/386e222908f898bb41c033989482bbf2","name":"Gabriele Bassani","image":{"@type":"ImageObject","inLanguage":"it-IT","@id":"https:\/\/secure.gravatar.com\/avatar\/09274f4a84fa97698bde56f84b3afed61c8492d48b0550db9671b68c177479cb?s=96&d=mm&r=g","url":"https:\/\/secure.gravatar.com\/avatar\/09274f4a84fa97698bde56f84b3afed61c8492d48b0550db9671b68c177479cb?s=96&d=mm&r=g","contentUrl":"https:\/\/secure.gravatar.com\/avatar\/09274f4a84fa97698bde56f84b3afed61c8492d48b0550db9671b68c177479cb?s=96&d=mm&r=g","caption":"Gabriele Bassani"},"sameAs":["http:\/\/www.ilnotiziario.net"]}]}},"_links":{"self":[{"href":"https:\/\/www.ilnotiziario.net\/wp\/wp-json\/wp\/v2\/posts\/175563","targetHints":{"allow":["GET"]}}],"collection":[{"href":"https:\/\/www.ilnotiziario.net\/wp\/wp-json\/wp\/v2\/posts"}],"about":[{"href":"https:\/\/www.ilnotiziario.net\/wp\/wp-json\/wp\/v2\/types\/post"}],"author":[{"embeddable":true,"href":"https:\/\/www.ilnotiziario.net\/wp\/wp-json\/wp\/v2\/users\/3"}],"replies":[{"embeddable":true,"href":"https:\/\/www.ilnotiziario.net\/wp\/wp-json\/wp\/v2\/comments?post=175563"}],"version-history":[{"count":0,"href":"https:\/\/www.ilnotiziario.net\/wp\/wp-json\/wp\/v2\/posts\/175563\/revisions"}],"wp:featuredmedia":[{"embeddable":true,"href":"https:\/\/www.ilnotiziario.net\/wp\/wp-json\/wp\/v2\/media\/175564"}],"wp:attachment":[{"href":"https:\/\/www.ilnotiziario.net\/wp\/wp-json\/wp\/v2\/media?parent=175563"}],"wp:term":[{"taxonomy":"category","embeddable":true,"href":"https:\/\/www.ilnotiziario.net\/wp\/wp-json\/wp\/v2\/categories?post=175563"},{"taxonomy":"post_tag","embeddable":true,"href":"https:\/\/www.ilnotiziario.net\/wp\/wp-json\/wp\/v2\/tags?post=175563"}],"curies":[{"name":"wp","href":"https:\/\/api.w.org\/{rel}","templated":true}]}}