{"id":175841,"date":"2022-12-28T10:49:06","date_gmt":"2022-12-28T09:49:06","guid":{"rendered":"https:\/\/www.ilnotiziario.net\/wp\/?p=175841"},"modified":"2022-12-28T10:49:06","modified_gmt":"2022-12-28T09:49:06","slug":"nasce-il-comando-unico-di-polizia-locale-di-cislago-mozzate-e-gerenzano","status":"publish","type":"post","link":"https:\/\/www.ilnotiziario.net\/wp\/saronnese\/nasce-il-comando-unico-di-polizia-locale-di-cislago-mozzate-e-gerenzano\/","title":{"rendered":"Nasce il comando unico di polizia locale di Cislago, Mozzate e Gerenzano"},"content":{"rendered":"<p>Cislago e Mozzate hanno unito il comando di polizia locale. Parte da qui il progetto di costituire <strong>un comando unico che comprenda alcuni comuni del Saronnese, del Comasco e della Valle Olona<\/strong>. Il futuro \u00e8 aggregarsi, per ottenere risultati pi\u00f9 funzionali e maggiore efficienza, ma anche per avere pi\u00f9 chance quando si partecipa ai bandi. L\u2019ha capito bene l\u2019amministrazione del sindaco di Cislago Stefano Calegari, che ha gi\u00e0 siglato un accordo in tal senso con Gerenzano: una convenzione che rimarr\u00e0 comunque operativa.<\/p><div id=\"ilnot-1302161478\" class=\"ilnot-contenuto ilnot-entity-placement\"><p><!-- incontent_1 --><\/p>\n<div class=\"gptslot\" data-adunitid=\"1\"><\/div>\n<\/div>\n<h2>Pi\u00f9 agenti in strada di giorno<\/h2>\n<p>\u201cLa nuova intesa \u00e8 nata da un confronto col collega di Mozzate sulle carenze di personale &#8211; spiega il primo cittadino &#8211; Abbiamo deciso di unire i corpi di polizia locale per garantire pi\u00f9 turni nei due paesi. In pratica si vedranno i vigili pi\u00f9 presenti sulle strade sia al mattino che al pomeriggio, col coordinamento del nostro comandante Marco Cantoni\u201d. Sono previsti posti di controllo per l\u2019accertamento di violazioni alle norme del codice della strada, rilevazioni di incidenti in ausilio, interventi in attivit\u00e0 commerciali a seguito di occupazioni abusive, <strong>pi\u00f9 servizi erogati e contenimento della spesa.<\/strong>&nbsp;<\/p>\n<p>Il comando unico diverr\u00e0 operativo nella sede della polizia locale di Cislago. E\u2019 anche previsto uno sportello per i cittadini sul territorio di Mozzate, aperto in giorni e fasce orarie ancora da definire.<\/p><div id=\"ilnot-3466170327\" class=\"ilnot-contenuto_2 ilnot-entity-placement\"><div class=\"ads-wrapper\">\n<div class=\"ad-slot\">\n   <div id=\"ilnot-1292182944\" style=\"margin-right: auto;margin-left: auto;text-align: center;width: 320px;height: 100px;\"><a href=\"https:\/\/www.scuolasicurezza.it\/\"><img decoding=\"async\" src=\"https:\/\/www.ilnotiziario.net\/wp\/wp-content\/uploads\/2026\/04\/IlNotiziario_banner-sito-e-newsletter-320-x-100-px-1.gif\" alt=\"\"><\/a><\/div>\n  <\/div>\n<div class=\"ad-slot\">\n   <div id=\"ilnot-682146259\" style=\"margin-right: auto;margin-left: auto;text-align: center;width: 320px;height: 100px;\"><a href=\"https:\/\/purodesignarredamenti.com\/\"><img decoding=\"async\" src=\"https:\/\/www.ilnotiziario.net\/wp\/wp-content\/uploads\/2026\/04\/banner-puro-ok.gif\" alt=\"whatsapp\"><\/a><\/div><\/p><\/div>\n<\/div>\n<\/div>\n<h2>\u201cFacciamo da Croce Rossa a chi ha pochi vigili\u201d<\/h2>\n<p>\u201cSono rimasto molto meravigliato dal fatto che, appena tre giorni dopo l\u2019ultimo Consiglio comunale del 20 dicembre, indirettamente abbiamo appreso che il Comune di Mozzate ha inserito all\u2019ordine del giorno del prossimo Consiglio comunale (che si terr\u00e0 il 29 dicembre) la convenzione per un servizio congiunto di polizia locale \u2013 commenta il consigliere Gianluigi Cartabia &#8211; Da quanto appreso, il Comune di Cislago far\u00e0 da capofila di questa ennesima convenzione. Dato che di questo possibile accordo le due amministrazioni parlano da mesi, il timore \u00e8 che riaccada quanto gi\u00e0 successo con l\u2019identica convenzione stipulata con il comune di Gerenzano: <strong>pura e semplice propaganda elettorale<\/strong> per il Comune di Gerenzano, che sarebbe andato alle elezioni di l\u00ec a poche settimane\u201d. L\u2019impressione \u00e8 che tale situazione si stia ora replicando, \u201cdato che anche il Comune di Mozzate tra pochi mesi andr\u00e0 a elezioni \u2013 prosegue Cartabia &#8211; e da quanto ci \u00e8 stato riferito dalle minoranze del comune vicino, <strong>la situazione della loro polizia locale \u00e8 molto critica, avendo due soli agenti in servizio.<\/strong> Probabilmente, il tentativo (malcelato) dell\u2019attuale amministrazione \u00e8 quello di trasformare il corpo di polizia locale cislaghese in una sorta di Croce Rossa per soccorrere gli organici dei Comuni vicini, a discapito del presidio del nostro territorio\u201d.<\/p>\n","protected":false},"excerpt":{"rendered":"<p>Cislago e Mozzate hanno unito il comando di polizia locale. Parte da qui il progetto di costituire un comando unico che comprenda alcuni comuni del Saronnese, del Comasco e della Valle Olona. Il futuro \u00e8 aggregarsi, per ottenere risultati pi\u00f9 funzionali e maggiore efficienza, ma anche per avere pi\u00f9 chance quando si partecipa ai bandi.<\/p>\n","protected":false},"author":6,"featured_media":175842,"comment_status":"closed","ping_status":"closed","sticky":false,"template":"","format":"standard","meta":{"footnotes":""},"categories":[20,13],"tags":[75,78,49],"class_list":{"0":"post-175841","1":"post","2":"type-post","3":"status-publish","4":"format-standard","5":"has-post-thumbnail","7":"category-prima-pagina","8":"category-saronnese","9":"tag-cislago","10":"tag-mozzate","11":"tag-polizia-locale"},"yoast_head":"<!-- This site is optimized with the Yoast SEO plugin v27.4 - https:\/\/yoast.com\/product\/yoast-seo-wordpress\/ -->\n<title>Nasce il comando unico di polizia locale di Cislago, Mozzate e Gerenzano - Il Notiziario<\/title>\n<meta name=\"description\" content=\"Cislago e Mozzate hanno unito il comando di polizia locale. Parte da qui il progetto di costituire un comando unico che comprenda alcuni comuni del\" \/>\n<meta name=\"robots\" content=\"index, follow, max-snippet:-1, max-image-preview:large, max-video-preview:-1\" \/>\n<link rel=\"canonical\" href=\"https:\/\/www.ilnotiziario.net\/wp\/saronnese\/nasce-il-comando-unico-di-polizia-locale-di-cislago-mozzate-e-gerenzano\/\" \/>\n<meta property=\"og:locale\" content=\"it_IT\" \/>\n<meta property=\"og:type\" content=\"article\" \/>\n<meta property=\"og:title\" content=\"Nasce il comando unico di polizia locale di Cislago, Mozzate e Gerenzano - Il Notiziario\" \/>\n<meta property=\"og:description\" content=\"Cislago e Mozzate hanno unito il comando di polizia locale. Parte da qui il progetto di costituire un comando unico che comprenda alcuni comuni del\" \/>\n<meta property=\"og:url\" content=\"https:\/\/www.ilnotiziario.net\/wp\/saronnese\/nasce-il-comando-unico-di-polizia-locale-di-cislago-mozzate-e-gerenzano\/\" \/>\n<meta property=\"og:site_name\" content=\"Il Notiziario\" \/>\n<meta property=\"article:publisher\" content=\"https:\/\/www.facebook.com\/ilnotiziarioind\/\" \/>\n<meta property=\"article:published_time\" content=\"2022-12-28T09:49:06+00:00\" \/>\n<meta property=\"og:image\" content=\"https:\/\/www.ilnotiziario.net\/wp\/wp-content\/uploads\/2022\/12\/sindaco-e-comandante.jpg\" \/>\n\t<meta property=\"og:image:width\" content=\"1536\" \/>\n\t<meta property=\"og:image:height\" content=\"1068\" \/>\n\t<meta property=\"og:image:type\" content=\"image\/jpeg\" \/>\n<meta name=\"author\" content=\"Stefano Di Maria\" \/>\n<meta name=\"twitter:card\" content=\"summary_large_image\" \/>\n<meta name=\"twitter:creator\" content=\"@ilNotiziarioInd\" \/>\n<meta name=\"twitter:site\" content=\"@ilNotiziarioInd\" \/>\n<meta name=\"twitter:label1\" content=\"Scritto da\" \/>\n\t<meta name=\"twitter:data1\" content=\"Stefano Di Maria\" \/>\n\t<meta name=\"twitter:label2\" content=\"Tempo di lettura stimato\" \/>\n\t<meta name=\"twitter:data2\" content=\"3 minuti\" \/>\n<script type=\"application\/ld+json\" class=\"yoast-schema-graph\">{\"@context\":\"https:\\\/\\\/schema.org\",\"@graph\":[{\"@type\":\"Article\",\"@id\":\"https:\\\/\\\/www.ilnotiziario.net\\\/wp\\\/saronnese\\\/nasce-il-comando-unico-di-polizia-locale-di-cislago-mozzate-e-gerenzano\\\/#article\",\"isPartOf\":{\"@id\":\"https:\\\/\\\/www.ilnotiziario.net\\\/wp\\\/saronnese\\\/nasce-il-comando-unico-di-polizia-locale-di-cislago-mozzate-e-gerenzano\\\/\"},\"author\":{\"name\":\"Stefano Di Maria\",\"@id\":\"https:\\\/\\\/www.ilnotiziario.net\\\/wp\\\/#\\\/schema\\\/person\\\/82fdd8795bbed42a4164047853b6efe7\"},\"headline\":\"Nasce il comando unico di polizia locale di Cislago, Mozzate e Gerenzano\",\"datePublished\":\"2022-12-28T09:49:06+00:00\",\"mainEntityOfPage\":{\"@id\":\"https:\\\/\\\/www.ilnotiziario.net\\\/wp\\\/saronnese\\\/nasce-il-comando-unico-di-polizia-locale-di-cislago-mozzate-e-gerenzano\\\/\"},\"wordCount\":445,\"publisher\":{\"@id\":\"https:\\\/\\\/www.ilnotiziario.net\\\/wp\\\/#organization\"},\"image\":{\"@id\":\"https:\\\/\\\/www.ilnotiziario.net\\\/wp\\\/saronnese\\\/nasce-il-comando-unico-di-polizia-locale-di-cislago-mozzate-e-gerenzano\\\/#primaryimage\"},\"thumbnailUrl\":\"https:\\\/\\\/www.ilnotiziario.net\\\/wp\\\/wp-content\\\/uploads\\\/2022\\\/12\\\/sindaco-e-comandante.jpg\",\"keywords\":[\"Cislago\",\"Mozzate\",\"Polizia locale\"],\"articleSection\":[\"Prima Pagina\",\"SARONNESE\"],\"inLanguage\":\"it-IT\"},{\"@type\":\"WebPage\",\"@id\":\"https:\\\/\\\/www.ilnotiziario.net\\\/wp\\\/saronnese\\\/nasce-il-comando-unico-di-polizia-locale-di-cislago-mozzate-e-gerenzano\\\/\",\"url\":\"https:\\\/\\\/www.ilnotiziario.net\\\/wp\\\/saronnese\\\/nasce-il-comando-unico-di-polizia-locale-di-cislago-mozzate-e-gerenzano\\\/\",\"name\":\"Nasce il comando unico di polizia locale di Cislago, Mozzate e Gerenzano - Il Notiziario\",\"isPartOf\":{\"@id\":\"https:\\\/\\\/www.ilnotiziario.net\\\/wp\\\/#website\"},\"primaryImageOfPage\":{\"@id\":\"https:\\\/\\\/www.ilnotiziario.net\\\/wp\\\/saronnese\\\/nasce-il-comando-unico-di-polizia-locale-di-cislago-mozzate-e-gerenzano\\\/#primaryimage\"},\"image\":{\"@id\":\"https:\\\/\\\/www.ilnotiziario.net\\\/wp\\\/saronnese\\\/nasce-il-comando-unico-di-polizia-locale-di-cislago-mozzate-e-gerenzano\\\/#primaryimage\"},\"thumbnailUrl\":\"https:\\\/\\\/www.ilnotiziario.net\\\/wp\\\/wp-content\\\/uploads\\\/2022\\\/12\\\/sindaco-e-comandante.jpg\",\"datePublished\":\"2022-12-28T09:49:06+00:00\",\"description\":\"Cislago e Mozzate hanno unito il comando di polizia locale. Parte da qui il progetto di costituire un comando unico che comprenda alcuni comuni del\",\"breadcrumb\":{\"@id\":\"https:\\\/\\\/www.ilnotiziario.net\\\/wp\\\/saronnese\\\/nasce-il-comando-unico-di-polizia-locale-di-cislago-mozzate-e-gerenzano\\\/#breadcrumb\"},\"inLanguage\":\"it-IT\",\"potentialAction\":[{\"@type\":\"ReadAction\",\"target\":[\"https:\\\/\\\/www.ilnotiziario.net\\\/wp\\\/saronnese\\\/nasce-il-comando-unico-di-polizia-locale-di-cislago-mozzate-e-gerenzano\\\/\"]}]},{\"@type\":\"ImageObject\",\"inLanguage\":\"it-IT\",\"@id\":\"https:\\\/\\\/www.ilnotiziario.net\\\/wp\\\/saronnese\\\/nasce-il-comando-unico-di-polizia-locale-di-cislago-mozzate-e-gerenzano\\\/#primaryimage\",\"url\":\"https:\\\/\\\/www.ilnotiziario.net\\\/wp\\\/wp-content\\\/uploads\\\/2022\\\/12\\\/sindaco-e-comandante.jpg\",\"contentUrl\":\"https:\\\/\\\/www.ilnotiziario.net\\\/wp\\\/wp-content\\\/uploads\\\/2022\\\/12\\\/sindaco-e-comandante.jpg\",\"width\":1536,\"height\":1068,\"caption\":\"Il sindaco Stefano Calegari di Cislago e il comandante Marco Cantoni\"},{\"@type\":\"BreadcrumbList\",\"@id\":\"https:\\\/\\\/www.ilnotiziario.net\\\/wp\\\/saronnese\\\/nasce-il-comando-unico-di-polizia-locale-di-cislago-mozzate-e-gerenzano\\\/#breadcrumb\",\"itemListElement\":[{\"@type\":\"ListItem\",\"position\":1,\"name\":\"tds_text_logo_tagline_colortds_text_logo_tagline_colortds_text_logo_tagline_colortds_text_logo_tagline_colortd_module_7_title_excerpttd_module_7_title_excerpttd_module_7_title_excerpttd_module_7_title_excerptHome\",\"item\":\"https:\\\/\\\/www.ilnotiziario.net\\\/wp\\\/\"},{\"@type\":\"ListItem\",\"position\":2,\"name\":\"Nasce il comando unico di polizia locale di Cislago, Mozzate e Gerenzano\"}]},{\"@type\":\"WebSite\",\"@id\":\"https:\\\/\\\/www.ilnotiziario.net\\\/wp\\\/#website\",\"url\":\"https:\\\/\\\/www.ilnotiziario.net\\\/wp\\\/\",\"name\":\"Il Notiziario\",\"description\":\"Per restare sempre connessi alla notizia\",\"publisher\":{\"@id\":\"https:\\\/\\\/www.ilnotiziario.net\\\/wp\\\/#organization\"},\"alternateName\":\"Il Notiziario Bollate\",\"potentialAction\":[{\"@type\":\"SearchAction\",\"target\":{\"@type\":\"EntryPoint\",\"urlTemplate\":\"https:\\\/\\\/www.ilnotiziario.net\\\/wp\\\/?s={search_term_string}\"},\"query-input\":{\"@type\":\"PropertyValueSpecification\",\"valueRequired\":true,\"valueName\":\"search_term_string\"}}],\"inLanguage\":\"it-IT\"},{\"@type\":\"Organization\",\"@id\":\"https:\\\/\\\/www.ilnotiziario.net\\\/wp\\\/#organization\",\"name\":\"Il Notiziario\",\"url\":\"https:\\\/\\\/www.ilnotiziario.net\\\/wp\\\/\",\"logo\":{\"@type\":\"ImageObject\",\"inLanguage\":\"it-IT\",\"@id\":\"https:\\\/\\\/www.ilnotiziario.net\\\/wp\\\/#\\\/schema\\\/logo\\\/image\\\/\",\"url\":\"https:\\\/\\\/www.ilnotiziario.net\\\/wp\\\/wp-content\\\/uploads\\\/2022\\\/06\\\/170x170ilN.png\",\"contentUrl\":\"https:\\\/\\\/www.ilnotiziario.net\\\/wp\\\/wp-content\\\/uploads\\\/2022\\\/06\\\/170x170ilN.png\",\"width\":355,\"height\":355,\"caption\":\"Il Notiziario\"},\"image\":{\"@id\":\"https:\\\/\\\/www.ilnotiziario.net\\\/wp\\\/#\\\/schema\\\/logo\\\/image\\\/\"},\"sameAs\":[\"https:\\\/\\\/www.facebook.com\\\/ilnotiziarioind\\\/\",\"https:\\\/\\\/x.com\\\/ilNotiziarioInd\",\"https:\\\/\\\/www.instagram.com\\\/ilnotiziario_settimanale\\\/\"]},{\"@type\":\"Person\",\"@id\":\"https:\\\/\\\/www.ilnotiziario.net\\\/wp\\\/#\\\/schema\\\/person\\\/82fdd8795bbed42a4164047853b6efe7\",\"name\":\"Stefano Di Maria\",\"image\":{\"@type\":\"ImageObject\",\"inLanguage\":\"it-IT\",\"@id\":\"https:\\\/\\\/secure.gravatar.com\\\/avatar\\\/b3163d1e75da759bd0a681248e88a87d84bdd563fec9b060a3ae82742880745a?s=96&d=mm&r=g\",\"url\":\"https:\\\/\\\/secure.gravatar.com\\\/avatar\\\/b3163d1e75da759bd0a681248e88a87d84bdd563fec9b060a3ae82742880745a?s=96&d=mm&r=g\",\"contentUrl\":\"https:\\\/\\\/secure.gravatar.com\\\/avatar\\\/b3163d1e75da759bd0a681248e88a87d84bdd563fec9b060a3ae82742880745a?s=96&d=mm&r=g\",\"caption\":\"Stefano Di Maria\"},\"sameAs\":[\"http:\\\/\\\/www.ilnotiziario.net\"]}]}<\/script>\n<!-- \/ Yoast SEO plugin. -->","yoast_head_json":{"title":"Nasce il comando unico di polizia locale di Cislago, Mozzate e Gerenzano - Il Notiziario","description":"Cislago e Mozzate hanno unito il comando di polizia locale. Parte da qui il progetto di costituire un comando unico che comprenda alcuni comuni del","robots":{"index":"index","follow":"follow","max-snippet":"max-snippet:-1","max-image-preview":"max-image-preview:large","max-video-preview":"max-video-preview:-1"},"canonical":"https:\/\/www.ilnotiziario.net\/wp\/saronnese\/nasce-il-comando-unico-di-polizia-locale-di-cislago-mozzate-e-gerenzano\/","og_locale":"it_IT","og_type":"article","og_title":"Nasce il comando unico di polizia locale di Cislago, Mozzate e Gerenzano - Il Notiziario","og_description":"Cislago e Mozzate hanno unito il comando di polizia locale. Parte da qui il progetto di costituire un comando unico che comprenda alcuni comuni del","og_url":"https:\/\/www.ilnotiziario.net\/wp\/saronnese\/nasce-il-comando-unico-di-polizia-locale-di-cislago-mozzate-e-gerenzano\/","og_site_name":"Il Notiziario","article_publisher":"https:\/\/www.facebook.com\/ilnotiziarioind\/","article_published_time":"2022-12-28T09:49:06+00:00","og_image":[{"width":1536,"height":1068,"url":"https:\/\/www.ilnotiziario.net\/wp\/wp-content\/uploads\/2022\/12\/sindaco-e-comandante.jpg","type":"image\/jpeg"}],"author":"Stefano Di Maria","twitter_card":"summary_large_image","twitter_creator":"@ilNotiziarioInd","twitter_site":"@ilNotiziarioInd","twitter_misc":{"Scritto da":"Stefano Di Maria","Tempo di lettura stimato":"3 minuti"},"schema":{"@context":"https:\/\/schema.org","@graph":[{"@type":"Article","@id":"https:\/\/www.ilnotiziario.net\/wp\/saronnese\/nasce-il-comando-unico-di-polizia-locale-di-cislago-mozzate-e-gerenzano\/#article","isPartOf":{"@id":"https:\/\/www.ilnotiziario.net\/wp\/saronnese\/nasce-il-comando-unico-di-polizia-locale-di-cislago-mozzate-e-gerenzano\/"},"author":{"name":"Stefano Di Maria","@id":"https:\/\/www.ilnotiziario.net\/wp\/#\/schema\/person\/82fdd8795bbed42a4164047853b6efe7"},"headline":"Nasce il comando unico di polizia locale di Cislago, Mozzate e Gerenzano","datePublished":"2022-12-28T09:49:06+00:00","mainEntityOfPage":{"@id":"https:\/\/www.ilnotiziario.net\/wp\/saronnese\/nasce-il-comando-unico-di-polizia-locale-di-cislago-mozzate-e-gerenzano\/"},"wordCount":445,"publisher":{"@id":"https:\/\/www.ilnotiziario.net\/wp\/#organization"},"image":{"@id":"https:\/\/www.ilnotiziario.net\/wp\/saronnese\/nasce-il-comando-unico-di-polizia-locale-di-cislago-mozzate-e-gerenzano\/#primaryimage"},"thumbnailUrl":"https:\/\/www.ilnotiziario.net\/wp\/wp-content\/uploads\/2022\/12\/sindaco-e-comandante.jpg","keywords":["Cislago","Mozzate","Polizia locale"],"articleSection":["Prima Pagina","SARONNESE"],"inLanguage":"it-IT"},{"@type":"WebPage","@id":"https:\/\/www.ilnotiziario.net\/wp\/saronnese\/nasce-il-comando-unico-di-polizia-locale-di-cislago-mozzate-e-gerenzano\/","url":"https:\/\/www.ilnotiziario.net\/wp\/saronnese\/nasce-il-comando-unico-di-polizia-locale-di-cislago-mozzate-e-gerenzano\/","name":"Nasce il comando unico di polizia locale di Cislago, Mozzate e Gerenzano - Il Notiziario","isPartOf":{"@id":"https:\/\/www.ilnotiziario.net\/wp\/#website"},"primaryImageOfPage":{"@id":"https:\/\/www.ilnotiziario.net\/wp\/saronnese\/nasce-il-comando-unico-di-polizia-locale-di-cislago-mozzate-e-gerenzano\/#primaryimage"},"image":{"@id":"https:\/\/www.ilnotiziario.net\/wp\/saronnese\/nasce-il-comando-unico-di-polizia-locale-di-cislago-mozzate-e-gerenzano\/#primaryimage"},"thumbnailUrl":"https:\/\/www.ilnotiziario.net\/wp\/wp-content\/uploads\/2022\/12\/sindaco-e-comandante.jpg","datePublished":"2022-12-28T09:49:06+00:00","description":"Cislago e Mozzate hanno unito il comando di polizia locale. Parte da qui il progetto di costituire un comando unico che comprenda alcuni comuni del","breadcrumb":{"@id":"https:\/\/www.ilnotiziario.net\/wp\/saronnese\/nasce-il-comando-unico-di-polizia-locale-di-cislago-mozzate-e-gerenzano\/#breadcrumb"},"inLanguage":"it-IT","potentialAction":[{"@type":"ReadAction","target":["https:\/\/www.ilnotiziario.net\/wp\/saronnese\/nasce-il-comando-unico-di-polizia-locale-di-cislago-mozzate-e-gerenzano\/"]}]},{"@type":"ImageObject","inLanguage":"it-IT","@id":"https:\/\/www.ilnotiziario.net\/wp\/saronnese\/nasce-il-comando-unico-di-polizia-locale-di-cislago-mozzate-e-gerenzano\/#primaryimage","url":"https:\/\/www.ilnotiziario.net\/wp\/wp-content\/uploads\/2022\/12\/sindaco-e-comandante.jpg","contentUrl":"https:\/\/www.ilnotiziario.net\/wp\/wp-content\/uploads\/2022\/12\/sindaco-e-comandante.jpg","width":1536,"height":1068,"caption":"Il sindaco Stefano Calegari di Cislago e il comandante Marco Cantoni"},{"@type":"BreadcrumbList","@id":"https:\/\/www.ilnotiziario.net\/wp\/saronnese\/nasce-il-comando-unico-di-polizia-locale-di-cislago-mozzate-e-gerenzano\/#breadcrumb","itemListElement":[{"@type":"ListItem","position":1,"name":"tds_text_logo_tagline_colortds_text_logo_tagline_colortds_text_logo_tagline_colortds_text_logo_tagline_colortd_module_7_title_excerpttd_module_7_title_excerpttd_module_7_title_excerpttd_module_7_title_excerptHome","item":"https:\/\/www.ilnotiziario.net\/wp\/"},{"@type":"ListItem","position":2,"name":"Nasce il comando unico di polizia locale di Cislago, Mozzate e Gerenzano"}]},{"@type":"WebSite","@id":"https:\/\/www.ilnotiziario.net\/wp\/#website","url":"https:\/\/www.ilnotiziario.net\/wp\/","name":"Il Notiziario","description":"Per restare sempre connessi alla notizia","publisher":{"@id":"https:\/\/www.ilnotiziario.net\/wp\/#organization"},"alternateName":"Il Notiziario Bollate","potentialAction":[{"@type":"SearchAction","target":{"@type":"EntryPoint","urlTemplate":"https:\/\/www.ilnotiziario.net\/wp\/?s={search_term_string}"},"query-input":{"@type":"PropertyValueSpecification","valueRequired":true,"valueName":"search_term_string"}}],"inLanguage":"it-IT"},{"@type":"Organization","@id":"https:\/\/www.ilnotiziario.net\/wp\/#organization","name":"Il Notiziario","url":"https:\/\/www.ilnotiziario.net\/wp\/","logo":{"@type":"ImageObject","inLanguage":"it-IT","@id":"https:\/\/www.ilnotiziario.net\/wp\/#\/schema\/logo\/image\/","url":"https:\/\/www.ilnotiziario.net\/wp\/wp-content\/uploads\/2022\/06\/170x170ilN.png","contentUrl":"https:\/\/www.ilnotiziario.net\/wp\/wp-content\/uploads\/2022\/06\/170x170ilN.png","width":355,"height":355,"caption":"Il Notiziario"},"image":{"@id":"https:\/\/www.ilnotiziario.net\/wp\/#\/schema\/logo\/image\/"},"sameAs":["https:\/\/www.facebook.com\/ilnotiziarioind\/","https:\/\/x.com\/ilNotiziarioInd","https:\/\/www.instagram.com\/ilnotiziario_settimanale\/"]},{"@type":"Person","@id":"https:\/\/www.ilnotiziario.net\/wp\/#\/schema\/person\/82fdd8795bbed42a4164047853b6efe7","name":"Stefano Di Maria","image":{"@type":"ImageObject","inLanguage":"it-IT","@id":"https:\/\/secure.gravatar.com\/avatar\/b3163d1e75da759bd0a681248e88a87d84bdd563fec9b060a3ae82742880745a?s=96&d=mm&r=g","url":"https:\/\/secure.gravatar.com\/avatar\/b3163d1e75da759bd0a681248e88a87d84bdd563fec9b060a3ae82742880745a?s=96&d=mm&r=g","contentUrl":"https:\/\/secure.gravatar.com\/avatar\/b3163d1e75da759bd0a681248e88a87d84bdd563fec9b060a3ae82742880745a?s=96&d=mm&r=g","caption":"Stefano Di Maria"},"sameAs":["http:\/\/www.ilnotiziario.net"]}]}},"_links":{"self":[{"href":"https:\/\/www.ilnotiziario.net\/wp\/wp-json\/wp\/v2\/posts\/175841","targetHints":{"allow":["GET"]}}],"collection":[{"href":"https:\/\/www.ilnotiziario.net\/wp\/wp-json\/wp\/v2\/posts"}],"about":[{"href":"https:\/\/www.ilnotiziario.net\/wp\/wp-json\/wp\/v2\/types\/post"}],"author":[{"embeddable":true,"href":"https:\/\/www.ilnotiziario.net\/wp\/wp-json\/wp\/v2\/users\/6"}],"replies":[{"embeddable":true,"href":"https:\/\/www.ilnotiziario.net\/wp\/wp-json\/wp\/v2\/comments?post=175841"}],"version-history":[{"count":0,"href":"https:\/\/www.ilnotiziario.net\/wp\/wp-json\/wp\/v2\/posts\/175841\/revisions"}],"wp:featuredmedia":[{"embeddable":true,"href":"https:\/\/www.ilnotiziario.net\/wp\/wp-json\/wp\/v2\/media\/175842"}],"wp:attachment":[{"href":"https:\/\/www.ilnotiziario.net\/wp\/wp-json\/wp\/v2\/media?parent=175841"}],"wp:term":[{"taxonomy":"category","embeddable":true,"href":"https:\/\/www.ilnotiziario.net\/wp\/wp-json\/wp\/v2\/categories?post=175841"},{"taxonomy":"post_tag","embeddable":true,"href":"https:\/\/www.ilnotiziario.net\/wp\/wp-json\/wp\/v2\/tags?post=175841"}],"curies":[{"name":"wp","href":"https:\/\/api.w.org\/{rel}","templated":true}]}}