{"id":175857,"date":"2022-12-29T09:30:17","date_gmt":"2022-12-29T08:30:17","guid":{"rendered":"https:\/\/www.ilnotiziario.net\/wp\/?p=175857"},"modified":"2022-12-30T09:55:17","modified_gmt":"2022-12-30T08:55:17","slug":"2022-anno-di-fatti","status":"publish","type":"post","link":"https:\/\/www.ilnotiziario.net\/wp\/lombardia\/2022-anno-di-fatti\/","title":{"rendered":"Da Ivano Monzani di Novate a Valentino Rossi pap\u00e0: il 2022 in notizie"},"content":{"rendered":"<p>Un anno di fatti, il 2022, raccontato sulle pagine cartacee de Il Notiziario ogni venerd\u00ec, quotidianamente dal sito ilnotiziario.net che state consultando. Ecco il riassunto delle notizie e che hanno cadenzato il 2022 e che ora, riavvolgendo il nastro degli ultimi 12 mesi, permettono di ripercorrere i fatti salienti vissuti dal territorio.<\/p><div id=\"ilnot-1711645065\" class=\"ilnot-contenuto ilnot-entity-placement\"><p><!-- incontent_1 --><\/p>\n<div class=\"gptslot\" data-adunitid=\"1\"><\/div>\n<\/div>\n<h2>Gennaio e il boato tra Garbagnate, Cesate e Solaro<\/h2>\n<p>Tra le notizie che hanno contraddistinto il mese di gennaio, anche su ilnotiziario.net contraddistinto dall&#8217;attenzione per <a href=\"https:\/\/www.ilnotiziario.net\/wp\/nord-milano\/lotteria-italia-biglietti-vincenti-2\/\"><strong>l&#8217;estrazione dei biglietti vincenti della Lotteria Italia<\/strong><\/a>, riflettori puntati sul <a href=\"https:\/\/www.ilnotiziario.net\/wp\/bollatese\/forte-boato-lainate-garbagnate-solaro-cesate\/\">boato avvertito distintamente tra Garbagnate, Lainate, Solaro e Cesate,<\/a> proprio a met\u00e0 del mese. Un mese in cui, <a href=\"https:\/\/www.ilnotiziario.net\/wp\/prima-pagina\/perche-non-si-vedono-i-canali-rai-risintonizzare-digitale-terrestre\/\">tra risintonizzazioni dei canali Rai per il digitale terrestre,<\/a> la notizia che tanto ha calamitato l&#8217;attenzione del territorio \u00e8 stata quella relativa agli indici di positivit\u00e0 al punto tamponi nelle scuole di Paderno Dugnano.<\/p>\n<h2>A febbraio, il tema mascherine e l&#8217;apolide di Cinisello nel super di Paderno<\/h2>\n<p>Sono ancora le mascherine a tenere banco nel mese di febbraio, con l&#8217;insolita dichiarazione di un residente di Cinisello che<a href=\"https:\/\/www.ilnotiziario.net\/wp\/nord-milano\/paderno-senza-mascherina-soggetto-diritto-internazionale\/\"> era entrato senza mascherina in un super di Paderno,<\/a> dichiarandosi <em>&#8220;apolide e quindi soggetto di diritto internazionale, non soggetto a controlli da parte della Polizia locale<\/em>&#8220;. Ma a tenere banco sono state anche le sfilate di carnevale nelle scuole e il <a href=\"https:\/\/www.ilnotiziario.net\/wp\/brianza\/maxi-incendio-nel-parco-delle-groane-tra-misinto-cogliate-e-lazzate\/\">maxi incendio nel Parco delle Groane<\/a> e il motociclista di Cogliate <a href=\"https:\/\/www.ilnotiziario.net\/wp\/brianza\/tragico-incidente-saronno-monza-morto-motociclista-cogliate\/\"><strong>morto in un incidente.<\/strong><\/a><\/p><div id=\"ilnot-2162536261\" class=\"ilnot-contenuto_2 ilnot-entity-placement\"><div class=\"ads-wrapper\">\n<div class=\"ad-slot\">\n   <div id=\"ilnot-1532958293\" style=\"margin-right: auto;margin-left: auto;text-align: center;width: 320px;height: 100px;\"><a href=\"https:\/\/www.scuolasicurezza.it\/\"><img decoding=\"async\" src=\"https:\/\/www.ilnotiziario.net\/wp\/wp-content\/uploads\/2026\/04\/IlNotiziario_banner-sito-e-newsletter-320-x-100-px-1.gif\" alt=\"\"><\/a><\/div>\n  <\/div>\n<div class=\"ad-slot\">\n   <div id=\"ilnot-4031341337\" style=\"margin-right: auto;margin-left: auto;text-align: center;width: 320px;height: 100px;\"><a href=\"https:\/\/purodesignarredamenti.com\/\"><img decoding=\"async\" src=\"https:\/\/www.ilnotiziario.net\/wp\/wp-content\/uploads\/2026\/04\/banner-puro-ok.gif\" alt=\"whatsapp\"><\/a><\/div><\/p><\/div>\n<\/div>\n<\/div>\n<h2>La figlia di Valentino Rossi sposta l&#8217;attenzione su Arese: \u00e8 marzo<\/h2>\n<p>Il mese di marzo \u00e8 trascorso l&#8217;incontro del coordinamento antimafia di Milano svoltosi a Bollate e la notizia della nascita di Giulietta, figlia di Valentino Rossi e della sua compagna di Arese. Anche se il mese sar\u00e0 ricordato per quell&#8217;annuncio pubblicitario os\u00e9 di Paderno Dugnano, il giorno 29, quando \u00e8 comparso il cartellone pubblicitario &#8220;Sesso gratis&#8221; in cambio di una batteria dell&#8217;auto.<\/p>\n<h2>Le nozze all&#8217;hospice poco prima di morire, ad aprile<\/h2>\n<p>L&#8217;attenzione, nel mese di aprile, si \u00e8 focalizzata sulla notizia del mega ospedale alle porte di Baranzate, il nuovo Galeazzi. Ma anche di un&#8217;altra storia proveniente da un ospedale, il Niguarda, dove<a href=\"https:\/\/www.ilnotiziario.net\/wp\/nord-milano\/laura-andrea-matrimonio-hospice-niguarda-ultimo-desiderio-foto\/\"><strong> Laura e Andrea hanno celebrato all&#8217;hospice in loro matrimonio<\/strong><\/a> come ultimo desiderio, pochi giorni prima della morte di lei.<\/p>\n<h2>Maggio si interroga sul futuro ex Alfa, tra nuovo lago e golf<\/h2>\n<p>In un anno di fatti, il 2022, un punto centrale ce l&#8217;ha il mese di maggio: al di l\u00e0 delle notizie concernenti l&#8217;apertura degli svincoli in Rho-Monza, grande curiosit\u00e0 per il<a href=\"https:\/\/www.ilnotiziario.net\/wp\/bollatese\/pista-sci-case-arese-ex-alfa\/\"><strong> futuro nell&#8217;area ex Alfa, tra Garbagnate e Arese<\/strong><\/a>, con le ipotesi di un nuovo lago e il TopGolf.<\/p><div id=\"ilnot-1473675190\" class=\"ilnot-contenuto_2-2 ilnot-entity-placement\"><div class=\"gptslot\" data-adunitid=\"2\"><\/div>\n<\/div>\n<h2>Giugno: il Milanese Imbruttito e le radici a Cormano<\/h2>\n<p>Riflettori puntati, nel mese di giugno, sulle aperture e le interruzioni in Rho-Monza, ma anche sulle direttrici alternative da imboccare in occasione delle chiusure programmate. E, dopo tanti appunti mentali e nozioni stradali da tenere presenti, spazio anche a tematiche pi\u00f9 soft come le frequentazioni cormanesi del Milanese Imbruttito.<\/p>\n<h2>Il luglio di Ivano: lo steward dei vip \u00e8 di Novate<\/h2>\n<p>Un altro personaggio divenuto noto grazie a internet \u00e8 <a href=\"https:\/\/www.ilnotiziario.net\/wp\/bollatese\/ivano-monzani-concerto-fedez\/\"><strong>Ivano Monzani, lo steward di Novate Milanese<\/strong><\/a> protagonista &#8211; tra gli altri &#8211; anche al concerto di Max Pezzali e divenuto star del web anche con le sue apparizioni al concerto di Fedez.<\/p>\n<h2>Don Zanin ad agosto lascia Paderno e chiede scusa<\/h2>\n<p>Nel mese di agosto, con le citt\u00e0 svuotate per i soggiorni estivi, l&#8217;attenzione \u00e8 stata tutta per la lite al supermercato di Paderno, ma anche per<a href=\"https:\/\/www.ilnotiziario.net\/wp\/nord-milano\/paderno-don-fabio-zanin-cassina-amata\/\"><strong> l&#8217;addio alla comunit\u00e0 di Cassina Amata di don Fabio Zanin, giunto solo un anno prima da Cusano Milanino<\/strong><\/a>. Un saluto condito da parole destinate a lasciare il segno tra i fedeli padernesi: &#8220;Chiedo scusa per i miei errori e spigolosit\u00e0&#8221;.<\/p><div id=\"ilnot-3546931399\" class=\"ilnot-contenuto_2-2-2 ilnot-entity-placement\"><div class=\"gptslot\" data-adunitid=\"3\"><\/div>\n<\/div>\n<h2>A Bollate, a settembre, si vince mezzo milione di euro<\/h2>\n<p>Archiviate le vacanze, per un fortunato bollatese \u00e8 arrivata la notizia della <a href=\"https:\/\/www.ilnotiziario.net\/wp\/bollatese\/bollate-vincita-mezzo-milione-gratta-vinci\/\"><strong>vittoria di mezzo milione al gratta e vinci.<\/strong><\/a> Una vincita capace di dare alla testa, nel mese di settembre, caratterizzato anche dalla presenza di un pedone in Milano-Meda, a Paderno Dugnano.<\/p>\n<h2>Il collaudo della nuova Rho-Monza a Paderno, nel mese di ottobre<\/h2>\n<p>Nel recente mese di ottobre, di nuovo <a href=\"https:\/\/www.ilnotiziario.net\/wp\/bollatese\/rho-monza-ponte-collaudo-apertura\/\"><strong>attenzione puntata sul collaudo della Rho-Monza<\/strong><\/a>, con il collaudo per l&#8217;apertura della strada alla presenza delle autorit\u00e0, ma anche con le vicende televisive delle campionesse di Reazione a catena.<\/p>\n<h2>Gerenzano semina a novembre: il trattore che devasta i campi<\/h2>\n<p>E Rho-Monza capace di catalizzare l&#8217;attenzione anche nel mese di novembre, distogliendola in parte dalle gesta di chi ha pensato bene di <a href=\"https:\/\/www.ilnotiziario.net\/wp\/saronnese\/gerenzano-teppista-su-un-trattore-devasta-i-campi-agricoli\/\"><strong>devastare i campi di Gerenzano al volante di un trattore<\/strong><\/a><\/p><div id=\"ilnot-1164426546\" class=\"ilnot-contenuto_2-2-2-2 ilnot-entity-placement\"><div class=\"gptslot\" data-adunitid=\"4\"><\/div>\n<\/div>\n<h2>Il Mondiale di calcio e la coppa da Limbiate a Messi a fine dicembre<\/h2>\n<p>Il dicembre che chiude un anno di fatti, il 2022 ormai agli sgoccioli, ha vissuto sull&#8217;ipotesi de<a href=\"https:\/\/www.ilnotiziario.net\/wp\/saronnese\/centro-commerciale-origgio-saronno-rotonda\/\"><strong>l nuovo centro commerciale tra Origgio e Saronno<\/strong><\/a> e, inevitabilmente, anche sul Mondiale di calcio: con la notizia che la Coppa del mondo alzata da Leo Messi e dalla sua Argentina era <a href=\"https:\/\/www.ilnotiziario.net\/wp\/brianza\/la-coppa-del-mondo-dalle-mani-di-pietro-da-limbiate-a-quelle-di-messi\/\"><strong>passata prima dalle mani di un artigiano limbiatese<\/strong><\/a>.<\/p>\n<p><strong>Redazione web<br \/>\n<\/strong><strong><em>Leggi ilNotiziario anche da pc, smartphone e tablet.&nbsp;<\/em><a href=\"http:\/\/edicola.ilnotiziario.net\/\">Clicca qui per la nostra edicola digitale<\/a><\/strong><\/p><div id=\"ilnot-1609078063\" class=\"ilnot-contenuto_2-2-2-2-2 ilnot-entity-placement\"><div class=\"gptslot\" data-adunitid=\"5\"><\/div>\n<\/div>\n<p>&nbsp;<\/p>\n<p>&nbsp;<\/p>\n","protected":false},"excerpt":{"rendered":"<p>Un anno di fatti, il 2022, raccontato sulle pagine cartacee de Il Notiziario ogni venerd\u00ec, quotidianamente dal sito ilnotiziario.net che state consultando. Ecco il riassunto delle notizie e che hanno cadenzato il 2022 e che ora, riavvolgendo il nastro degli ultimi 12 mesi, permettono di ripercorrere i fatti salienti vissuti dal territorio. Gennaio e il<\/p>\n","protected":false},"author":3,"featured_media":168463,"comment_status":"closed","ping_status":"closed","sticky":false,"template":"","format":"standard","meta":{"footnotes":""},"categories":[3464,20],"tags":[115,29,110,3434,286,1468,43,393,11928,10366,465,172,11929,259,10475,39,3433,56,263,11927,313],"class_list":{"0":"post-175857","1":"post","2":"type-post","3":"status-publish","4":"format-standard","5":"has-post-thumbnail","7":"category-lombardia","8":"category-prima-pagina","9":"tag-arese","10":"tag-baranzate","11":"tag-bollate","12":"tag-cesate","13":"tag-cogliate","14":"tag-ex-alfa","15":"tag-garbagnate","16":"tag-gerenzano","17":"tag-ilnotiziario-net","18":"tag-ivano-monzani","19":"tag-lainate","20":"tag-novate","21":"tag-nuovo-ospedale-galeazzi","22":"tag-origgio","23":"tag-ospedale-galeazzi","24":"tag-paderno-dugnano","25":"tag-rho-monza","26":"tag-saronno-2","27":"tag-solaro","28":"tag-un-anno-di-fatti","29":"tag-valentino-rossi"},"yoast_head":"<!-- This site is optimized with the Yoast SEO plugin v27.4 - https:\/\/yoast.com\/product\/yoast-seo-wordpress\/ -->\n<title>Da Ivano Monzani di Novate a Valentino Rossi pap\u00e0: le notizie pi\u00f9 lette del 2022<\/title>\n<meta name=\"description\" content=\"2022, un anno di eventi e fatti: ripercorriamo quel che \u00e8 accaduto negli ultimi 12 mesi grazie alle notizie de ilnotiziario.net\" \/>\n<meta name=\"robots\" content=\"index, follow, max-snippet:-1, max-image-preview:large, max-video-preview:-1\" \/>\n<link rel=\"canonical\" href=\"https:\/\/www.ilnotiziario.net\/wp\/lombardia\/2022-anno-di-fatti\/\" \/>\n<meta property=\"og:locale\" content=\"it_IT\" \/>\n<meta property=\"og:type\" content=\"article\" \/>\n<meta property=\"og:title\" content=\"Da Ivano Monzani di Novate a Valentino Rossi pap\u00e0: le notizie pi\u00f9 lette del 2022\" \/>\n<meta property=\"og:description\" content=\"2022, un anno di eventi e fatti: ripercorriamo quel che \u00e8 accaduto negli ultimi 12 mesi grazie alle notizie de ilnotiziario.net\" \/>\n<meta property=\"og:url\" content=\"https:\/\/www.ilnotiziario.net\/wp\/lombardia\/2022-anno-di-fatti\/\" \/>\n<meta property=\"og:site_name\" content=\"Il Notiziario\" \/>\n<meta property=\"article:publisher\" content=\"https:\/\/www.facebook.com\/ilnotiziarioind\/\" \/>\n<meta property=\"article:published_time\" content=\"2022-12-29T08:30:17+00:00\" \/>\n<meta property=\"article:modified_time\" content=\"2022-12-30T08:55:17+00:00\" \/>\n<meta property=\"og:image\" content=\"https:\/\/www.ilnotiziario.net\/wp\/wp-content\/uploads\/2022\/07\/ivano-monzani-fedez.png\" \/>\n\t<meta property=\"og:image:width\" content=\"1280\" \/>\n\t<meta property=\"og:image:height\" content=\"720\" \/>\n\t<meta property=\"og:image:type\" content=\"image\/png\" \/>\n<meta name=\"author\" content=\"Gabriele Bassani\" \/>\n<meta name=\"twitter:card\" content=\"summary_large_image\" \/>\n<meta name=\"twitter:creator\" content=\"@ilNotiziarioInd\" \/>\n<meta name=\"twitter:site\" content=\"@ilNotiziarioInd\" \/>\n<meta name=\"twitter:label1\" content=\"Scritto da\" \/>\n\t<meta name=\"twitter:data1\" content=\"Gabriele Bassani\" \/>\n\t<meta name=\"twitter:label2\" content=\"Tempo di lettura stimato\" \/>\n\t<meta name=\"twitter:data2\" content=\"5 minuti\" \/>\n<script type=\"application\/ld+json\" class=\"yoast-schema-graph\">{\"@context\":\"https:\\\/\\\/schema.org\",\"@graph\":[{\"@type\":\"Article\",\"@id\":\"https:\\\/\\\/www.ilnotiziario.net\\\/wp\\\/lombardia\\\/2022-anno-di-fatti\\\/#article\",\"isPartOf\":{\"@id\":\"https:\\\/\\\/www.ilnotiziario.net\\\/wp\\\/lombardia\\\/2022-anno-di-fatti\\\/\"},\"author\":{\"name\":\"Gabriele Bassani\",\"@id\":\"https:\\\/\\\/www.ilnotiziario.net\\\/wp\\\/#\\\/schema\\\/person\\\/386e222908f898bb41c033989482bbf2\"},\"headline\":\"Da Ivano Monzani di Novate a Valentino Rossi pap\u00e0: il 2022 in notizie\",\"datePublished\":\"2022-12-29T08:30:17+00:00\",\"dateModified\":\"2022-12-30T08:55:17+00:00\",\"mainEntityOfPage\":{\"@id\":\"https:\\\/\\\/www.ilnotiziario.net\\\/wp\\\/lombardia\\\/2022-anno-di-fatti\\\/\"},\"wordCount\":861,\"publisher\":{\"@id\":\"https:\\\/\\\/www.ilnotiziario.net\\\/wp\\\/#organization\"},\"image\":{\"@id\":\"https:\\\/\\\/www.ilnotiziario.net\\\/wp\\\/lombardia\\\/2022-anno-di-fatti\\\/#primaryimage\"},\"thumbnailUrl\":\"https:\\\/\\\/www.ilnotiziario.net\\\/wp\\\/wp-content\\\/uploads\\\/2022\\\/07\\\/ivano-monzani-fedez.png\",\"keywords\":[\"Arese\",\"Baranzate\",\"Bollate\",\"Cesate\",\"Cogliate\",\"ex Alfa\",\"Garbagnate\",\"Gerenzano\",\"ilnotiziario.net\",\"Ivano Monzani\",\"Lainate\",\"novate\",\"nuovo ospedale galeazzi\",\"Origgio\",\"Ospedale Galeazzi\",\"Paderno Dugnano\",\"Rho-Monza\",\"Saronno\",\"Solaro\",\"un anno di fatti\",\"Valentino Rossi\"],\"articleSection\":[\"CRONACA\",\"Prima Pagina\"],\"inLanguage\":\"it-IT\"},{\"@type\":\"WebPage\",\"@id\":\"https:\\\/\\\/www.ilnotiziario.net\\\/wp\\\/lombardia\\\/2022-anno-di-fatti\\\/\",\"url\":\"https:\\\/\\\/www.ilnotiziario.net\\\/wp\\\/lombardia\\\/2022-anno-di-fatti\\\/\",\"name\":\"Da Ivano Monzani di Novate a Valentino Rossi pap\u00e0: le notizie pi\u00f9 lette del 2022\",\"isPartOf\":{\"@id\":\"https:\\\/\\\/www.ilnotiziario.net\\\/wp\\\/#website\"},\"primaryImageOfPage\":{\"@id\":\"https:\\\/\\\/www.ilnotiziario.net\\\/wp\\\/lombardia\\\/2022-anno-di-fatti\\\/#primaryimage\"},\"image\":{\"@id\":\"https:\\\/\\\/www.ilnotiziario.net\\\/wp\\\/lombardia\\\/2022-anno-di-fatti\\\/#primaryimage\"},\"thumbnailUrl\":\"https:\\\/\\\/www.ilnotiziario.net\\\/wp\\\/wp-content\\\/uploads\\\/2022\\\/07\\\/ivano-monzani-fedez.png\",\"datePublished\":\"2022-12-29T08:30:17+00:00\",\"dateModified\":\"2022-12-30T08:55:17+00:00\",\"description\":\"2022, un anno di eventi e fatti: ripercorriamo quel che \u00e8 accaduto negli ultimi 12 mesi grazie alle notizie de ilnotiziario.net\",\"breadcrumb\":{\"@id\":\"https:\\\/\\\/www.ilnotiziario.net\\\/wp\\\/lombardia\\\/2022-anno-di-fatti\\\/#breadcrumb\"},\"inLanguage\":\"it-IT\",\"potentialAction\":[{\"@type\":\"ReadAction\",\"target\":[\"https:\\\/\\\/www.ilnotiziario.net\\\/wp\\\/lombardia\\\/2022-anno-di-fatti\\\/\"]}]},{\"@type\":\"ImageObject\",\"inLanguage\":\"it-IT\",\"@id\":\"https:\\\/\\\/www.ilnotiziario.net\\\/wp\\\/lombardia\\\/2022-anno-di-fatti\\\/#primaryimage\",\"url\":\"https:\\\/\\\/www.ilnotiziario.net\\\/wp\\\/wp-content\\\/uploads\\\/2022\\\/07\\\/ivano-monzani-fedez.png\",\"contentUrl\":\"https:\\\/\\\/www.ilnotiziario.net\\\/wp\\\/wp-content\\\/uploads\\\/2022\\\/07\\\/ivano-monzani-fedez.png\",\"width\":1280,\"height\":720,\"caption\":\"Ivano Monzani da Novate e Fedez\"},{\"@type\":\"BreadcrumbList\",\"@id\":\"https:\\\/\\\/www.ilnotiziario.net\\\/wp\\\/lombardia\\\/2022-anno-di-fatti\\\/#breadcrumb\",\"itemListElement\":[{\"@type\":\"ListItem\",\"position\":1,\"name\":\"tds_text_logo_tagline_colortds_text_logo_tagline_colortds_text_logo_tagline_colortds_text_logo_tagline_colortd_module_7_title_excerpttd_module_7_title_excerpttd_module_7_title_excerpttd_module_7_title_excerptHome\",\"item\":\"https:\\\/\\\/www.ilnotiziario.net\\\/wp\\\/\"},{\"@type\":\"ListItem\",\"position\":2,\"name\":\"Da Ivano Monzani di Novate a Valentino Rossi pap\u00e0: il 2022 in notizie\"}]},{\"@type\":\"WebSite\",\"@id\":\"https:\\\/\\\/www.ilnotiziario.net\\\/wp\\\/#website\",\"url\":\"https:\\\/\\\/www.ilnotiziario.net\\\/wp\\\/\",\"name\":\"Il Notiziario\",\"description\":\"Per restare sempre connessi alla notizia\",\"publisher\":{\"@id\":\"https:\\\/\\\/www.ilnotiziario.net\\\/wp\\\/#organization\"},\"alternateName\":\"Il Notiziario Bollate\",\"potentialAction\":[{\"@type\":\"SearchAction\",\"target\":{\"@type\":\"EntryPoint\",\"urlTemplate\":\"https:\\\/\\\/www.ilnotiziario.net\\\/wp\\\/?s={search_term_string}\"},\"query-input\":{\"@type\":\"PropertyValueSpecification\",\"valueRequired\":true,\"valueName\":\"search_term_string\"}}],\"inLanguage\":\"it-IT\"},{\"@type\":\"Organization\",\"@id\":\"https:\\\/\\\/www.ilnotiziario.net\\\/wp\\\/#organization\",\"name\":\"Il Notiziario\",\"url\":\"https:\\\/\\\/www.ilnotiziario.net\\\/wp\\\/\",\"logo\":{\"@type\":\"ImageObject\",\"inLanguage\":\"it-IT\",\"@id\":\"https:\\\/\\\/www.ilnotiziario.net\\\/wp\\\/#\\\/schema\\\/logo\\\/image\\\/\",\"url\":\"https:\\\/\\\/www.ilnotiziario.net\\\/wp\\\/wp-content\\\/uploads\\\/2022\\\/06\\\/170x170ilN.png\",\"contentUrl\":\"https:\\\/\\\/www.ilnotiziario.net\\\/wp\\\/wp-content\\\/uploads\\\/2022\\\/06\\\/170x170ilN.png\",\"width\":355,\"height\":355,\"caption\":\"Il Notiziario\"},\"image\":{\"@id\":\"https:\\\/\\\/www.ilnotiziario.net\\\/wp\\\/#\\\/schema\\\/logo\\\/image\\\/\"},\"sameAs\":[\"https:\\\/\\\/www.facebook.com\\\/ilnotiziarioind\\\/\",\"https:\\\/\\\/x.com\\\/ilNotiziarioInd\",\"https:\\\/\\\/www.instagram.com\\\/ilnotiziario_settimanale\\\/\"]},{\"@type\":\"Person\",\"@id\":\"https:\\\/\\\/www.ilnotiziario.net\\\/wp\\\/#\\\/schema\\\/person\\\/386e222908f898bb41c033989482bbf2\",\"name\":\"Gabriele Bassani\",\"image\":{\"@type\":\"ImageObject\",\"inLanguage\":\"it-IT\",\"@id\":\"https:\\\/\\\/secure.gravatar.com\\\/avatar\\\/09274f4a84fa97698bde56f84b3afed61c8492d48b0550db9671b68c177479cb?s=96&d=mm&r=g\",\"url\":\"https:\\\/\\\/secure.gravatar.com\\\/avatar\\\/09274f4a84fa97698bde56f84b3afed61c8492d48b0550db9671b68c177479cb?s=96&d=mm&r=g\",\"contentUrl\":\"https:\\\/\\\/secure.gravatar.com\\\/avatar\\\/09274f4a84fa97698bde56f84b3afed61c8492d48b0550db9671b68c177479cb?s=96&d=mm&r=g\",\"caption\":\"Gabriele Bassani\"},\"sameAs\":[\"http:\\\/\\\/www.ilnotiziario.net\"]}]}<\/script>\n<!-- \/ Yoast SEO plugin. -->","yoast_head_json":{"title":"Da Ivano Monzani di Novate a Valentino Rossi pap\u00e0: le notizie pi\u00f9 lette del 2022","description":"2022, un anno di eventi e fatti: ripercorriamo quel che \u00e8 accaduto negli ultimi 12 mesi grazie alle notizie de ilnotiziario.net","robots":{"index":"index","follow":"follow","max-snippet":"max-snippet:-1","max-image-preview":"max-image-preview:large","max-video-preview":"max-video-preview:-1"},"canonical":"https:\/\/www.ilnotiziario.net\/wp\/lombardia\/2022-anno-di-fatti\/","og_locale":"it_IT","og_type":"article","og_title":"Da Ivano Monzani di Novate a Valentino Rossi pap\u00e0: le notizie pi\u00f9 lette del 2022","og_description":"2022, un anno di eventi e fatti: ripercorriamo quel che \u00e8 accaduto negli ultimi 12 mesi grazie alle notizie de ilnotiziario.net","og_url":"https:\/\/www.ilnotiziario.net\/wp\/lombardia\/2022-anno-di-fatti\/","og_site_name":"Il Notiziario","article_publisher":"https:\/\/www.facebook.com\/ilnotiziarioind\/","article_published_time":"2022-12-29T08:30:17+00:00","article_modified_time":"2022-12-30T08:55:17+00:00","og_image":[{"width":1280,"height":720,"url":"https:\/\/www.ilnotiziario.net\/wp\/wp-content\/uploads\/2022\/07\/ivano-monzani-fedez.png","type":"image\/png"}],"author":"Gabriele Bassani","twitter_card":"summary_large_image","twitter_creator":"@ilNotiziarioInd","twitter_site":"@ilNotiziarioInd","twitter_misc":{"Scritto da":"Gabriele Bassani","Tempo di lettura stimato":"5 minuti"},"schema":{"@context":"https:\/\/schema.org","@graph":[{"@type":"Article","@id":"https:\/\/www.ilnotiziario.net\/wp\/lombardia\/2022-anno-di-fatti\/#article","isPartOf":{"@id":"https:\/\/www.ilnotiziario.net\/wp\/lombardia\/2022-anno-di-fatti\/"},"author":{"name":"Gabriele Bassani","@id":"https:\/\/www.ilnotiziario.net\/wp\/#\/schema\/person\/386e222908f898bb41c033989482bbf2"},"headline":"Da Ivano Monzani di Novate a Valentino Rossi pap\u00e0: il 2022 in notizie","datePublished":"2022-12-29T08:30:17+00:00","dateModified":"2022-12-30T08:55:17+00:00","mainEntityOfPage":{"@id":"https:\/\/www.ilnotiziario.net\/wp\/lombardia\/2022-anno-di-fatti\/"},"wordCount":861,"publisher":{"@id":"https:\/\/www.ilnotiziario.net\/wp\/#organization"},"image":{"@id":"https:\/\/www.ilnotiziario.net\/wp\/lombardia\/2022-anno-di-fatti\/#primaryimage"},"thumbnailUrl":"https:\/\/www.ilnotiziario.net\/wp\/wp-content\/uploads\/2022\/07\/ivano-monzani-fedez.png","keywords":["Arese","Baranzate","Bollate","Cesate","Cogliate","ex Alfa","Garbagnate","Gerenzano","ilnotiziario.net","Ivano Monzani","Lainate","novate","nuovo ospedale galeazzi","Origgio","Ospedale Galeazzi","Paderno Dugnano","Rho-Monza","Saronno","Solaro","un anno di fatti","Valentino Rossi"],"articleSection":["CRONACA","Prima Pagina"],"inLanguage":"it-IT"},{"@type":"WebPage","@id":"https:\/\/www.ilnotiziario.net\/wp\/lombardia\/2022-anno-di-fatti\/","url":"https:\/\/www.ilnotiziario.net\/wp\/lombardia\/2022-anno-di-fatti\/","name":"Da Ivano Monzani di Novate a Valentino Rossi pap\u00e0: le notizie pi\u00f9 lette del 2022","isPartOf":{"@id":"https:\/\/www.ilnotiziario.net\/wp\/#website"},"primaryImageOfPage":{"@id":"https:\/\/www.ilnotiziario.net\/wp\/lombardia\/2022-anno-di-fatti\/#primaryimage"},"image":{"@id":"https:\/\/www.ilnotiziario.net\/wp\/lombardia\/2022-anno-di-fatti\/#primaryimage"},"thumbnailUrl":"https:\/\/www.ilnotiziario.net\/wp\/wp-content\/uploads\/2022\/07\/ivano-monzani-fedez.png","datePublished":"2022-12-29T08:30:17+00:00","dateModified":"2022-12-30T08:55:17+00:00","description":"2022, un anno di eventi e fatti: ripercorriamo quel che \u00e8 accaduto negli ultimi 12 mesi grazie alle notizie de ilnotiziario.net","breadcrumb":{"@id":"https:\/\/www.ilnotiziario.net\/wp\/lombardia\/2022-anno-di-fatti\/#breadcrumb"},"inLanguage":"it-IT","potentialAction":[{"@type":"ReadAction","target":["https:\/\/www.ilnotiziario.net\/wp\/lombardia\/2022-anno-di-fatti\/"]}]},{"@type":"ImageObject","inLanguage":"it-IT","@id":"https:\/\/www.ilnotiziario.net\/wp\/lombardia\/2022-anno-di-fatti\/#primaryimage","url":"https:\/\/www.ilnotiziario.net\/wp\/wp-content\/uploads\/2022\/07\/ivano-monzani-fedez.png","contentUrl":"https:\/\/www.ilnotiziario.net\/wp\/wp-content\/uploads\/2022\/07\/ivano-monzani-fedez.png","width":1280,"height":720,"caption":"Ivano Monzani da Novate e Fedez"},{"@type":"BreadcrumbList","@id":"https:\/\/www.ilnotiziario.net\/wp\/lombardia\/2022-anno-di-fatti\/#breadcrumb","itemListElement":[{"@type":"ListItem","position":1,"name":"tds_text_logo_tagline_colortds_text_logo_tagline_colortds_text_logo_tagline_colortds_text_logo_tagline_colortd_module_7_title_excerpttd_module_7_title_excerpttd_module_7_title_excerpttd_module_7_title_excerptHome","item":"https:\/\/www.ilnotiziario.net\/wp\/"},{"@type":"ListItem","position":2,"name":"Da Ivano Monzani di Novate a Valentino Rossi pap\u00e0: il 2022 in notizie"}]},{"@type":"WebSite","@id":"https:\/\/www.ilnotiziario.net\/wp\/#website","url":"https:\/\/www.ilnotiziario.net\/wp\/","name":"Il Notiziario","description":"Per restare sempre connessi alla notizia","publisher":{"@id":"https:\/\/www.ilnotiziario.net\/wp\/#organization"},"alternateName":"Il Notiziario Bollate","potentialAction":[{"@type":"SearchAction","target":{"@type":"EntryPoint","urlTemplate":"https:\/\/www.ilnotiziario.net\/wp\/?s={search_term_string}"},"query-input":{"@type":"PropertyValueSpecification","valueRequired":true,"valueName":"search_term_string"}}],"inLanguage":"it-IT"},{"@type":"Organization","@id":"https:\/\/www.ilnotiziario.net\/wp\/#organization","name":"Il Notiziario","url":"https:\/\/www.ilnotiziario.net\/wp\/","logo":{"@type":"ImageObject","inLanguage":"it-IT","@id":"https:\/\/www.ilnotiziario.net\/wp\/#\/schema\/logo\/image\/","url":"https:\/\/www.ilnotiziario.net\/wp\/wp-content\/uploads\/2022\/06\/170x170ilN.png","contentUrl":"https:\/\/www.ilnotiziario.net\/wp\/wp-content\/uploads\/2022\/06\/170x170ilN.png","width":355,"height":355,"caption":"Il Notiziario"},"image":{"@id":"https:\/\/www.ilnotiziario.net\/wp\/#\/schema\/logo\/image\/"},"sameAs":["https:\/\/www.facebook.com\/ilnotiziarioind\/","https:\/\/x.com\/ilNotiziarioInd","https:\/\/www.instagram.com\/ilnotiziario_settimanale\/"]},{"@type":"Person","@id":"https:\/\/www.ilnotiziario.net\/wp\/#\/schema\/person\/386e222908f898bb41c033989482bbf2","name":"Gabriele Bassani","image":{"@type":"ImageObject","inLanguage":"it-IT","@id":"https:\/\/secure.gravatar.com\/avatar\/09274f4a84fa97698bde56f84b3afed61c8492d48b0550db9671b68c177479cb?s=96&d=mm&r=g","url":"https:\/\/secure.gravatar.com\/avatar\/09274f4a84fa97698bde56f84b3afed61c8492d48b0550db9671b68c177479cb?s=96&d=mm&r=g","contentUrl":"https:\/\/secure.gravatar.com\/avatar\/09274f4a84fa97698bde56f84b3afed61c8492d48b0550db9671b68c177479cb?s=96&d=mm&r=g","caption":"Gabriele Bassani"},"sameAs":["http:\/\/www.ilnotiziario.net"]}]}},"_links":{"self":[{"href":"https:\/\/www.ilnotiziario.net\/wp\/wp-json\/wp\/v2\/posts\/175857","targetHints":{"allow":["GET"]}}],"collection":[{"href":"https:\/\/www.ilnotiziario.net\/wp\/wp-json\/wp\/v2\/posts"}],"about":[{"href":"https:\/\/www.ilnotiziario.net\/wp\/wp-json\/wp\/v2\/types\/post"}],"author":[{"embeddable":true,"href":"https:\/\/www.ilnotiziario.net\/wp\/wp-json\/wp\/v2\/users\/3"}],"replies":[{"embeddable":true,"href":"https:\/\/www.ilnotiziario.net\/wp\/wp-json\/wp\/v2\/comments?post=175857"}],"version-history":[{"count":0,"href":"https:\/\/www.ilnotiziario.net\/wp\/wp-json\/wp\/v2\/posts\/175857\/revisions"}],"wp:featuredmedia":[{"embeddable":true,"href":"https:\/\/www.ilnotiziario.net\/wp\/wp-json\/wp\/v2\/media\/168463"}],"wp:attachment":[{"href":"https:\/\/www.ilnotiziario.net\/wp\/wp-json\/wp\/v2\/media?parent=175857"}],"wp:term":[{"taxonomy":"category","embeddable":true,"href":"https:\/\/www.ilnotiziario.net\/wp\/wp-json\/wp\/v2\/categories?post=175857"},{"taxonomy":"post_tag","embeddable":true,"href":"https:\/\/www.ilnotiziario.net\/wp\/wp-json\/wp\/v2\/tags?post=175857"}],"curies":[{"name":"wp","href":"https:\/\/api.w.org\/{rel}","templated":true}]}}