{"id":176695,"date":"2023-01-14T19:06:37","date_gmt":"2023-01-14T18:06:37","guid":{"rendered":"https:\/\/www.ilnotiziario.net\/wp\/?p=176695"},"modified":"2023-01-15T09:37:58","modified_gmt":"2023-01-15T08:37:58","slug":"la-fuga-recensione-nuova-serie-turca","status":"publish","type":"post","link":"https:\/\/www.ilnotiziario.net\/wp\/serietv\/la-fuga-recensione-nuova-serie-turca\/","title":{"rendered":"La fuga, recensione: l&#8217;inferno del terrorismo islamico nella nuova serie turca"},"content":{"rendered":"<p>di Stefano Di Maria<\/p><div id=\"ilnot-1342694605\" class=\"ilnot-contenuto ilnot-entity-placement\"><p><!-- incontent_1 --><\/p>\n<div class=\"gptslot\" data-adunitid=\"1\"><\/div>\n<\/div>\n<p>Disney Plus ha pubblicato un titolo imperdibile per chi ama le serie ambientate in Medioriente, tanto pi\u00f9 per gli appassionati di FAUDA che il 20 gennaio potranno finalmente vedere la quarta stagione su Netflix. Stiamo parlando di LA FUGA, produzione turca di O3 Medya che in patria si chiama KACIS. Protagonisti: Engin Aky\u00fcrek e \u0130rem Helvac\u0131o\u011flu.<\/p>\n<p><strong><img fetchpriority=\"high\" decoding=\"async\" class=\"alignnone size-full wp-image-176697\" src=\"https:\/\/www.ilnotiziario.net\/wp\/wp-content\/uploads\/2023\/01\/scale-2-scaled.jpeg\" alt=\"\" width=\"2560\" height=\"1440\" srcset=\"https:\/\/www.ilnotiziario.net\/wp\/wp-content\/uploads\/2023\/01\/scale-2-scaled.jpeg 2560w, https:\/\/www.ilnotiziario.net\/wp\/wp-content\/uploads\/2023\/01\/scale-2-300x169.jpeg 300w, https:\/\/www.ilnotiziario.net\/wp\/wp-content\/uploads\/2023\/01\/scale-2-1024x576.jpeg 1024w, https:\/\/www.ilnotiziario.net\/wp\/wp-content\/uploads\/2023\/01\/scale-2-768x432.jpeg 768w, https:\/\/www.ilnotiziario.net\/wp\/wp-content\/uploads\/2023\/01\/scale-2-1536x864.jpeg 1536w, https:\/\/www.ilnotiziario.net\/wp\/wp-content\/uploads\/2023\/01\/scale-2-2048x1152.jpeg 2048w, https:\/\/www.ilnotiziario.net\/wp\/wp-content\/uploads\/2023\/01\/scale-2-150x84.jpeg 150w, https:\/\/www.ilnotiziario.net\/wp\/wp-content\/uploads\/2023\/01\/scale-2-450x253.jpeg 450w, https:\/\/www.ilnotiziario.net\/wp\/wp-content\/uploads\/2023\/01\/scale-2-1200x675.jpeg 1200w\" sizes=\"(max-width: 2560px) 100vw, 2560px\" \/><\/strong><\/p>\n<h2><strong>LA FUGA \u2013 LA TRAMA <\/strong><\/h2>\n<p>Un fotografo di guerra, che collabora con un gruppo di giornalisti internazionali, per motivi di studio visita il villaggio Ezidi come primo viaggio. La straordinaria metamorfosi del team sar\u00e0 seguita nella serie dopo che verranno arrestati da un gruppo di terroristi fanatici dopo avere attraversato il confine di nascosto. Nel corso degli otto episodi si ritroveranno a tentare in ogni modo di liberarsi e fuggire, a costo della vita.<\/p><div id=\"ilnot-126920382\" class=\"ilnot-contenuto_2 ilnot-entity-placement\"><div class=\"ads-wrapper\">\n<div class=\"ad-slot\">\n   <div id=\"ilnot-1008589119\" style=\"margin-right: auto;margin-left: auto;text-align: center;width: 320px;height: 100px;\"><a href=\"https:\/\/www.scuolasicurezza.it\/\"><img decoding=\"async\" src=\"https:\/\/www.ilnotiziario.net\/wp\/wp-content\/uploads\/2026\/04\/IlNotiziario_banner-sito-e-newsletter-320-x-100-px-1.gif\" alt=\"\"><\/a><\/div>\n  <\/div>\n<div class=\"ad-slot\">\n   <div id=\"ilnot-1830163141\" style=\"margin-right: auto;margin-left: auto;text-align: center;width: 320px;height: 100px;\"><a href=\"https:\/\/purodesignarredamenti.com\/\"><img decoding=\"async\" src=\"https:\/\/www.ilnotiziario.net\/wp\/wp-content\/uploads\/2026\/04\/banner-puro-ok.gif\" alt=\"whatsapp\"><\/a><\/div><\/p><\/div>\n<\/div>\n<\/div>\n<p><strong> <img decoding=\"async\" class=\"alignnone size-full wp-image-176698\" src=\"https:\/\/www.ilnotiziario.net\/wp\/wp-content\/uploads\/2023\/01\/screenshot-del-trailer-di-la-fuga-serie-tv-credits-disney-plus.jpg\" alt=\"\" width=\"1200\" height=\"700\" srcset=\"https:\/\/www.ilnotiziario.net\/wp\/wp-content\/uploads\/2023\/01\/screenshot-del-trailer-di-la-fuga-serie-tv-credits-disney-plus.jpg 1200w, https:\/\/www.ilnotiziario.net\/wp\/wp-content\/uploads\/2023\/01\/screenshot-del-trailer-di-la-fuga-serie-tv-credits-disney-plus-300x175.jpg 300w, https:\/\/www.ilnotiziario.net\/wp\/wp-content\/uploads\/2023\/01\/screenshot-del-trailer-di-la-fuga-serie-tv-credits-disney-plus-1024x597.jpg 1024w, https:\/\/www.ilnotiziario.net\/wp\/wp-content\/uploads\/2023\/01\/screenshot-del-trailer-di-la-fuga-serie-tv-credits-disney-plus-768x448.jpg 768w, https:\/\/www.ilnotiziario.net\/wp\/wp-content\/uploads\/2023\/01\/screenshot-del-trailer-di-la-fuga-serie-tv-credits-disney-plus-150x88.jpg 150w, https:\/\/www.ilnotiziario.net\/wp\/wp-content\/uploads\/2023\/01\/screenshot-del-trailer-di-la-fuga-serie-tv-credits-disney-plus-450x263.jpg 450w\" sizes=\"(max-width: 1200px) 100vw, 1200px\" \/><\/strong><\/p>\n<h2><strong>LA FUGA \u2013 LA RECENSIONE <\/strong><\/h2>\n<p>La serie ingrana bene, mostrando il team di giornalisti e fotografi prima in Turchia e poco dopo gi\u00e0 catapultati nell\u2019inferno siriano. Gi\u00e0 nel pilot accade di tutto: c\u2019\u00e8 molta azione e il clima si fa adrenalinico sino al colpo di scena finale, il primo di una lunga serie di cliffhanger inseriti al termine di ogni episodio per favorire un binge watching che immerge completamente lo spettatore in quelle martoriate terre. <strong>Apprezzabile, per altro, quello che a nostro giudizio \u00e8 un omaggio al film \u201cCast Away\u201d<\/strong>: se qui Tom Hanks parlava con il pallone chiamato Wilson, nello show targato Disney Plus, rimasto completamente solo in un villaggio, il protagonista Memet parla con una bambola di pezza.<\/p>\n<p>L\u2019ambientazione, sostenuta da una fotografia dai colori vividi, \u00e8 nei villaggi turchi lontani dalle citt\u00e0, probabilmente molto simili a quelli della confinante Siria. Si percepisce quindi <strong>un realismo reso tale dalle location<\/strong>: dalle dimore dei capi delle organizzazioni terroristiche ai mercati dove si vendono le donne infedeli (ingabbiate indossando i burka), dalle prigioni ai paesaggi mozzafiato di alture e colline che nascondono le insidie pi\u00f9 impensabili. Tuttavia <strong>si respira a tratti un clima da teleromanzo<\/strong>, forse dovuto a una tradizione seriale turca che lo show non riesce a scrollarsi di dosso. Anche per le colonne sonore mediorientali tipiche dei melodrammi televisivi di quelle latitudini. &nbsp;&nbsp;<\/p>\n<p>Il cast regge bene la prova, a partire dal protagonista Engin Aky\u00fcrek,&nbsp;noto per la sua interpretazione di Kerim Ilgaz nella serie televisiva FATMAG\u00dcL&#8217;\u00dcN SU\u00c7U NE? e del commissario \u00d6mer Demir in BLACK MONEY LOVE su Netflix. Concludiamo la nostra recensione auspicando che venga rilasciata una seconda stagione, che magari potrebbe soddisfare gli attuali margini di miglioramento.<\/p><div id=\"ilnot-2653152057\" class=\"ilnot-contenuto_2-2 ilnot-entity-placement\"><div class=\"gptslot\" data-adunitid=\"2\"><\/div>\n<\/div>\n<p><strong>VOTO: 4 su 5<\/strong><\/p>\n<p>Trovate qui tutte le nostre recensioni<\/p>\n<p><a href=\"https:\/\/www.ilnotiziario.net\/wp\/serie-tv\/?fbclid=IwAR2YkU9dbl2K-5E8LBNCB90oW9w6g8UwJylheST9mTkD5n3lp-VI77A4Uwg\">https:\/\/www.ilnotiziario.net\/wp\/serie-tv\/<\/a><\/p><div id=\"ilnot-3164463871\" class=\"ilnot-contenuto_2-2-2 ilnot-entity-placement\"><div class=\"gptslot\" data-adunitid=\"3\"><\/div>\n<\/div>\n","protected":false},"excerpt":{"rendered":"<p>di Stefano Di Maria Disney Plus ha pubblicato un titolo imperdibile per chi ama le serie ambientate in Medioriente, tanto pi\u00f9 per gli appassionati di FAUDA che il 20 gennaio potranno finalmente vedere la quarta stagione su Netflix. Stiamo parlando di LA FUGA, produzione turca di O3 Medya che in patria si chiama KACIS. Protagonisti:<\/p>\n","protected":false},"author":6,"featured_media":176696,"comment_status":"closed","ping_status":"closed","sticky":false,"template":"","format":"standard","meta":{"footnotes":""},"categories":[6756],"tags":[12250,12249,7900,6757],"class_list":{"0":"post-176695","1":"post","2":"type-post","3":"status-publish","4":"format-standard","5":"has-post-thumbnail","7":"category-serietv","8":"tag-disney-plus","9":"tag-la-fuga","10":"tag-recensione","11":"tag-serie-tv"},"yoast_head":"<!-- This site is optimized with the Yoast SEO plugin v27.5 - https:\/\/yoast.com\/product\/yoast-seo-wordpress\/ -->\n<title>La fuga, recensione: l&#039;inferno del terrorismo islamico nella nuova serie turca - Il Notiziario<\/title>\n<meta name=\"description\" content=\"Disney Plus ha pubblicato un titolo imperdibile per chi ama le serie ambientate in Medioriente, tanto pi\u00f9 per gli appassionati di FAUDA\" \/>\n<meta name=\"robots\" content=\"index, follow, max-snippet:-1, max-image-preview:large, max-video-preview:-1\" \/>\n<link rel=\"canonical\" href=\"https:\/\/www.ilnotiziario.net\/wp\/serietv\/la-fuga-recensione-nuova-serie-turca\/\" \/>\n<meta property=\"og:locale\" content=\"it_IT\" \/>\n<meta property=\"og:type\" content=\"article\" \/>\n<meta property=\"og:title\" content=\"La fuga, recensione: l&#039;inferno del terrorismo islamico nella nuova serie turca - Il Notiziario\" \/>\n<meta property=\"og:description\" content=\"Disney Plus ha pubblicato un titolo imperdibile per chi ama le serie ambientate in Medioriente, tanto pi\u00f9 per gli appassionati di FAUDA\" \/>\n<meta property=\"og:url\" content=\"https:\/\/www.ilnotiziario.net\/wp\/serietv\/la-fuga-recensione-nuova-serie-turca\/\" \/>\n<meta property=\"og:site_name\" content=\"Il Notiziario\" \/>\n<meta property=\"article:publisher\" content=\"https:\/\/www.facebook.com\/ilnotiziarioind\/\" \/>\n<meta property=\"article:published_time\" content=\"2023-01-14T18:06:37+00:00\" \/>\n<meta property=\"article:modified_time\" content=\"2023-01-15T08:37:58+00:00\" \/>\n<meta property=\"og:image\" content=\"https:\/\/www.ilnotiziario.net\/wp\/wp-content\/uploads\/2023\/01\/scale-1.jpeg\" \/>\n\t<meta property=\"og:image:width\" content=\"1200\" \/>\n\t<meta property=\"og:image:height\" content=\"675\" \/>\n\t<meta property=\"og:image:type\" content=\"image\/jpeg\" \/>\n<meta name=\"author\" content=\"Stefano Di Maria\" \/>\n<meta name=\"twitter:card\" content=\"summary_large_image\" \/>\n<meta name=\"twitter:creator\" content=\"@ilNotiziarioInd\" \/>\n<meta name=\"twitter:site\" content=\"@ilNotiziarioInd\" \/>\n<meta name=\"twitter:label1\" content=\"Scritto da\" \/>\n\t<meta name=\"twitter:data1\" content=\"Stefano Di Maria\" \/>\n\t<meta name=\"twitter:label2\" content=\"Tempo di lettura stimato\" \/>\n\t<meta name=\"twitter:data2\" content=\"3 minuti\" \/>\n<script type=\"application\/ld+json\" class=\"yoast-schema-graph\">{\"@context\":\"https:\\\/\\\/schema.org\",\"@graph\":[{\"@type\":\"Article\",\"@id\":\"https:\\\/\\\/www.ilnotiziario.net\\\/wp\\\/serietv\\\/la-fuga-recensione-nuova-serie-turca\\\/#article\",\"isPartOf\":{\"@id\":\"https:\\\/\\\/www.ilnotiziario.net\\\/wp\\\/serietv\\\/la-fuga-recensione-nuova-serie-turca\\\/\"},\"author\":{\"name\":\"Stefano Di Maria\",\"@id\":\"https:\\\/\\\/www.ilnotiziario.net\\\/wp\\\/#\\\/schema\\\/person\\\/82fdd8795bbed42a4164047853b6efe7\"},\"headline\":\"La fuga, recensione: l&#8217;inferno del terrorismo islamico nella nuova serie turca\",\"datePublished\":\"2023-01-14T18:06:37+00:00\",\"dateModified\":\"2023-01-15T08:37:58+00:00\",\"mainEntityOfPage\":{\"@id\":\"https:\\\/\\\/www.ilnotiziario.net\\\/wp\\\/serietv\\\/la-fuga-recensione-nuova-serie-turca\\\/\"},\"wordCount\":448,\"publisher\":{\"@id\":\"https:\\\/\\\/www.ilnotiziario.net\\\/wp\\\/#organization\"},\"image\":{\"@id\":\"https:\\\/\\\/www.ilnotiziario.net\\\/wp\\\/serietv\\\/la-fuga-recensione-nuova-serie-turca\\\/#primaryimage\"},\"thumbnailUrl\":\"https:\\\/\\\/www.ilnotiziario.net\\\/wp\\\/wp-content\\\/uploads\\\/2023\\\/01\\\/scale-1.jpeg\",\"keywords\":[\"Disney Plus\",\"La fuga\",\"recensione\",\"serie tv\"],\"articleSection\":[\"SERIE TV\"],\"inLanguage\":\"it-IT\"},{\"@type\":\"WebPage\",\"@id\":\"https:\\\/\\\/www.ilnotiziario.net\\\/wp\\\/serietv\\\/la-fuga-recensione-nuova-serie-turca\\\/\",\"url\":\"https:\\\/\\\/www.ilnotiziario.net\\\/wp\\\/serietv\\\/la-fuga-recensione-nuova-serie-turca\\\/\",\"name\":\"La fuga, recensione: l'inferno del terrorismo islamico nella nuova serie turca - Il Notiziario\",\"isPartOf\":{\"@id\":\"https:\\\/\\\/www.ilnotiziario.net\\\/wp\\\/#website\"},\"primaryImageOfPage\":{\"@id\":\"https:\\\/\\\/www.ilnotiziario.net\\\/wp\\\/serietv\\\/la-fuga-recensione-nuova-serie-turca\\\/#primaryimage\"},\"image\":{\"@id\":\"https:\\\/\\\/www.ilnotiziario.net\\\/wp\\\/serietv\\\/la-fuga-recensione-nuova-serie-turca\\\/#primaryimage\"},\"thumbnailUrl\":\"https:\\\/\\\/www.ilnotiziario.net\\\/wp\\\/wp-content\\\/uploads\\\/2023\\\/01\\\/scale-1.jpeg\",\"datePublished\":\"2023-01-14T18:06:37+00:00\",\"dateModified\":\"2023-01-15T08:37:58+00:00\",\"description\":\"Disney Plus ha pubblicato un titolo imperdibile per chi ama le serie ambientate in Medioriente, tanto pi\u00f9 per gli appassionati di FAUDA\",\"breadcrumb\":{\"@id\":\"https:\\\/\\\/www.ilnotiziario.net\\\/wp\\\/serietv\\\/la-fuga-recensione-nuova-serie-turca\\\/#breadcrumb\"},\"inLanguage\":\"it-IT\",\"potentialAction\":[{\"@type\":\"ReadAction\",\"target\":[\"https:\\\/\\\/www.ilnotiziario.net\\\/wp\\\/serietv\\\/la-fuga-recensione-nuova-serie-turca\\\/\"]}]},{\"@type\":\"ImageObject\",\"inLanguage\":\"it-IT\",\"@id\":\"https:\\\/\\\/www.ilnotiziario.net\\\/wp\\\/serietv\\\/la-fuga-recensione-nuova-serie-turca\\\/#primaryimage\",\"url\":\"https:\\\/\\\/www.ilnotiziario.net\\\/wp\\\/wp-content\\\/uploads\\\/2023\\\/01\\\/scale-1.jpeg\",\"contentUrl\":\"https:\\\/\\\/www.ilnotiziario.net\\\/wp\\\/wp-content\\\/uploads\\\/2023\\\/01\\\/scale-1.jpeg\",\"width\":1200,\"height\":675},{\"@type\":\"BreadcrumbList\",\"@id\":\"https:\\\/\\\/www.ilnotiziario.net\\\/wp\\\/serietv\\\/la-fuga-recensione-nuova-serie-turca\\\/#breadcrumb\",\"itemListElement\":[{\"@type\":\"ListItem\",\"position\":1,\"name\":\"tds_text_logo_tagline_colortds_text_logo_tagline_colortds_text_logo_tagline_colortds_text_logo_tagline_colortd_module_7_title_excerpttd_module_7_title_excerpttd_module_7_title_excerpttd_module_7_title_excerptHome\",\"item\":\"https:\\\/\\\/www.ilnotiziario.net\\\/wp\\\/\"},{\"@type\":\"ListItem\",\"position\":2,\"name\":\"La fuga, recensione: l&#8217;inferno del terrorismo islamico nella nuova serie turca\"}]},{\"@type\":\"WebSite\",\"@id\":\"https:\\\/\\\/www.ilnotiziario.net\\\/wp\\\/#website\",\"url\":\"https:\\\/\\\/www.ilnotiziario.net\\\/wp\\\/\",\"name\":\"Il Notiziario\",\"description\":\"Per restare sempre connessi alla notizia\",\"publisher\":{\"@id\":\"https:\\\/\\\/www.ilnotiziario.net\\\/wp\\\/#organization\"},\"alternateName\":\"Il Notiziario Bollate\",\"potentialAction\":[{\"@type\":\"SearchAction\",\"target\":{\"@type\":\"EntryPoint\",\"urlTemplate\":\"https:\\\/\\\/www.ilnotiziario.net\\\/wp\\\/?s={search_term_string}\"},\"query-input\":{\"@type\":\"PropertyValueSpecification\",\"valueRequired\":true,\"valueName\":\"search_term_string\"}}],\"inLanguage\":\"it-IT\"},{\"@type\":\"Organization\",\"@id\":\"https:\\\/\\\/www.ilnotiziario.net\\\/wp\\\/#organization\",\"name\":\"Il Notiziario\",\"url\":\"https:\\\/\\\/www.ilnotiziario.net\\\/wp\\\/\",\"logo\":{\"@type\":\"ImageObject\",\"inLanguage\":\"it-IT\",\"@id\":\"https:\\\/\\\/www.ilnotiziario.net\\\/wp\\\/#\\\/schema\\\/logo\\\/image\\\/\",\"url\":\"https:\\\/\\\/www.ilnotiziario.net\\\/wp\\\/wp-content\\\/uploads\\\/2022\\\/06\\\/170x170ilN.png\",\"contentUrl\":\"https:\\\/\\\/www.ilnotiziario.net\\\/wp\\\/wp-content\\\/uploads\\\/2022\\\/06\\\/170x170ilN.png\",\"width\":355,\"height\":355,\"caption\":\"Il Notiziario\"},\"image\":{\"@id\":\"https:\\\/\\\/www.ilnotiziario.net\\\/wp\\\/#\\\/schema\\\/logo\\\/image\\\/\"},\"sameAs\":[\"https:\\\/\\\/www.facebook.com\\\/ilnotiziarioind\\\/\",\"https:\\\/\\\/x.com\\\/ilNotiziarioInd\",\"https:\\\/\\\/www.instagram.com\\\/ilnotiziario_settimanale\\\/\"]},{\"@type\":\"Person\",\"@id\":\"https:\\\/\\\/www.ilnotiziario.net\\\/wp\\\/#\\\/schema\\\/person\\\/82fdd8795bbed42a4164047853b6efe7\",\"name\":\"Stefano Di Maria\",\"image\":{\"@type\":\"ImageObject\",\"inLanguage\":\"it-IT\",\"@id\":\"https:\\\/\\\/secure.gravatar.com\\\/avatar\\\/b3163d1e75da759bd0a681248e88a87d84bdd563fec9b060a3ae82742880745a?s=96&d=mm&r=g\",\"url\":\"https:\\\/\\\/secure.gravatar.com\\\/avatar\\\/b3163d1e75da759bd0a681248e88a87d84bdd563fec9b060a3ae82742880745a?s=96&d=mm&r=g\",\"contentUrl\":\"https:\\\/\\\/secure.gravatar.com\\\/avatar\\\/b3163d1e75da759bd0a681248e88a87d84bdd563fec9b060a3ae82742880745a?s=96&d=mm&r=g\",\"caption\":\"Stefano Di Maria\"},\"sameAs\":[\"http:\\\/\\\/www.ilnotiziario.net\"]}]}<\/script>\n<!-- \/ Yoast SEO plugin. -->","yoast_head_json":{"title":"La fuga, recensione: l'inferno del terrorismo islamico nella nuova serie turca - Il Notiziario","description":"Disney Plus ha pubblicato un titolo imperdibile per chi ama le serie ambientate in Medioriente, tanto pi\u00f9 per gli appassionati di FAUDA","robots":{"index":"index","follow":"follow","max-snippet":"max-snippet:-1","max-image-preview":"max-image-preview:large","max-video-preview":"max-video-preview:-1"},"canonical":"https:\/\/www.ilnotiziario.net\/wp\/serietv\/la-fuga-recensione-nuova-serie-turca\/","og_locale":"it_IT","og_type":"article","og_title":"La fuga, recensione: l'inferno del terrorismo islamico nella nuova serie turca - Il Notiziario","og_description":"Disney Plus ha pubblicato un titolo imperdibile per chi ama le serie ambientate in Medioriente, tanto pi\u00f9 per gli appassionati di FAUDA","og_url":"https:\/\/www.ilnotiziario.net\/wp\/serietv\/la-fuga-recensione-nuova-serie-turca\/","og_site_name":"Il Notiziario","article_publisher":"https:\/\/www.facebook.com\/ilnotiziarioind\/","article_published_time":"2023-01-14T18:06:37+00:00","article_modified_time":"2023-01-15T08:37:58+00:00","og_image":[{"width":1200,"height":675,"url":"https:\/\/www.ilnotiziario.net\/wp\/wp-content\/uploads\/2023\/01\/scale-1.jpeg","type":"image\/jpeg"}],"author":"Stefano Di Maria","twitter_card":"summary_large_image","twitter_creator":"@ilNotiziarioInd","twitter_site":"@ilNotiziarioInd","twitter_misc":{"Scritto da":"Stefano Di Maria","Tempo di lettura stimato":"3 minuti"},"schema":{"@context":"https:\/\/schema.org","@graph":[{"@type":"Article","@id":"https:\/\/www.ilnotiziario.net\/wp\/serietv\/la-fuga-recensione-nuova-serie-turca\/#article","isPartOf":{"@id":"https:\/\/www.ilnotiziario.net\/wp\/serietv\/la-fuga-recensione-nuova-serie-turca\/"},"author":{"name":"Stefano Di Maria","@id":"https:\/\/www.ilnotiziario.net\/wp\/#\/schema\/person\/82fdd8795bbed42a4164047853b6efe7"},"headline":"La fuga, recensione: l&#8217;inferno del terrorismo islamico nella nuova serie turca","datePublished":"2023-01-14T18:06:37+00:00","dateModified":"2023-01-15T08:37:58+00:00","mainEntityOfPage":{"@id":"https:\/\/www.ilnotiziario.net\/wp\/serietv\/la-fuga-recensione-nuova-serie-turca\/"},"wordCount":448,"publisher":{"@id":"https:\/\/www.ilnotiziario.net\/wp\/#organization"},"image":{"@id":"https:\/\/www.ilnotiziario.net\/wp\/serietv\/la-fuga-recensione-nuova-serie-turca\/#primaryimage"},"thumbnailUrl":"https:\/\/www.ilnotiziario.net\/wp\/wp-content\/uploads\/2023\/01\/scale-1.jpeg","keywords":["Disney Plus","La fuga","recensione","serie tv"],"articleSection":["SERIE TV"],"inLanguage":"it-IT"},{"@type":"WebPage","@id":"https:\/\/www.ilnotiziario.net\/wp\/serietv\/la-fuga-recensione-nuova-serie-turca\/","url":"https:\/\/www.ilnotiziario.net\/wp\/serietv\/la-fuga-recensione-nuova-serie-turca\/","name":"La fuga, recensione: l'inferno del terrorismo islamico nella nuova serie turca - Il Notiziario","isPartOf":{"@id":"https:\/\/www.ilnotiziario.net\/wp\/#website"},"primaryImageOfPage":{"@id":"https:\/\/www.ilnotiziario.net\/wp\/serietv\/la-fuga-recensione-nuova-serie-turca\/#primaryimage"},"image":{"@id":"https:\/\/www.ilnotiziario.net\/wp\/serietv\/la-fuga-recensione-nuova-serie-turca\/#primaryimage"},"thumbnailUrl":"https:\/\/www.ilnotiziario.net\/wp\/wp-content\/uploads\/2023\/01\/scale-1.jpeg","datePublished":"2023-01-14T18:06:37+00:00","dateModified":"2023-01-15T08:37:58+00:00","description":"Disney Plus ha pubblicato un titolo imperdibile per chi ama le serie ambientate in Medioriente, tanto pi\u00f9 per gli appassionati di FAUDA","breadcrumb":{"@id":"https:\/\/www.ilnotiziario.net\/wp\/serietv\/la-fuga-recensione-nuova-serie-turca\/#breadcrumb"},"inLanguage":"it-IT","potentialAction":[{"@type":"ReadAction","target":["https:\/\/www.ilnotiziario.net\/wp\/serietv\/la-fuga-recensione-nuova-serie-turca\/"]}]},{"@type":"ImageObject","inLanguage":"it-IT","@id":"https:\/\/www.ilnotiziario.net\/wp\/serietv\/la-fuga-recensione-nuova-serie-turca\/#primaryimage","url":"https:\/\/www.ilnotiziario.net\/wp\/wp-content\/uploads\/2023\/01\/scale-1.jpeg","contentUrl":"https:\/\/www.ilnotiziario.net\/wp\/wp-content\/uploads\/2023\/01\/scale-1.jpeg","width":1200,"height":675},{"@type":"BreadcrumbList","@id":"https:\/\/www.ilnotiziario.net\/wp\/serietv\/la-fuga-recensione-nuova-serie-turca\/#breadcrumb","itemListElement":[{"@type":"ListItem","position":1,"name":"tds_text_logo_tagline_colortds_text_logo_tagline_colortds_text_logo_tagline_colortds_text_logo_tagline_colortd_module_7_title_excerpttd_module_7_title_excerpttd_module_7_title_excerpttd_module_7_title_excerptHome","item":"https:\/\/www.ilnotiziario.net\/wp\/"},{"@type":"ListItem","position":2,"name":"La fuga, recensione: l&#8217;inferno del terrorismo islamico nella nuova serie turca"}]},{"@type":"WebSite","@id":"https:\/\/www.ilnotiziario.net\/wp\/#website","url":"https:\/\/www.ilnotiziario.net\/wp\/","name":"Il Notiziario","description":"Per restare sempre connessi alla notizia","publisher":{"@id":"https:\/\/www.ilnotiziario.net\/wp\/#organization"},"alternateName":"Il Notiziario Bollate","potentialAction":[{"@type":"SearchAction","target":{"@type":"EntryPoint","urlTemplate":"https:\/\/www.ilnotiziario.net\/wp\/?s={search_term_string}"},"query-input":{"@type":"PropertyValueSpecification","valueRequired":true,"valueName":"search_term_string"}}],"inLanguage":"it-IT"},{"@type":"Organization","@id":"https:\/\/www.ilnotiziario.net\/wp\/#organization","name":"Il Notiziario","url":"https:\/\/www.ilnotiziario.net\/wp\/","logo":{"@type":"ImageObject","inLanguage":"it-IT","@id":"https:\/\/www.ilnotiziario.net\/wp\/#\/schema\/logo\/image\/","url":"https:\/\/www.ilnotiziario.net\/wp\/wp-content\/uploads\/2022\/06\/170x170ilN.png","contentUrl":"https:\/\/www.ilnotiziario.net\/wp\/wp-content\/uploads\/2022\/06\/170x170ilN.png","width":355,"height":355,"caption":"Il Notiziario"},"image":{"@id":"https:\/\/www.ilnotiziario.net\/wp\/#\/schema\/logo\/image\/"},"sameAs":["https:\/\/www.facebook.com\/ilnotiziarioind\/","https:\/\/x.com\/ilNotiziarioInd","https:\/\/www.instagram.com\/ilnotiziario_settimanale\/"]},{"@type":"Person","@id":"https:\/\/www.ilnotiziario.net\/wp\/#\/schema\/person\/82fdd8795bbed42a4164047853b6efe7","name":"Stefano Di Maria","image":{"@type":"ImageObject","inLanguage":"it-IT","@id":"https:\/\/secure.gravatar.com\/avatar\/b3163d1e75da759bd0a681248e88a87d84bdd563fec9b060a3ae82742880745a?s=96&d=mm&r=g","url":"https:\/\/secure.gravatar.com\/avatar\/b3163d1e75da759bd0a681248e88a87d84bdd563fec9b060a3ae82742880745a?s=96&d=mm&r=g","contentUrl":"https:\/\/secure.gravatar.com\/avatar\/b3163d1e75da759bd0a681248e88a87d84bdd563fec9b060a3ae82742880745a?s=96&d=mm&r=g","caption":"Stefano Di Maria"},"sameAs":["http:\/\/www.ilnotiziario.net"]}]}},"_links":{"self":[{"href":"https:\/\/www.ilnotiziario.net\/wp\/wp-json\/wp\/v2\/posts\/176695","targetHints":{"allow":["GET"]}}],"collection":[{"href":"https:\/\/www.ilnotiziario.net\/wp\/wp-json\/wp\/v2\/posts"}],"about":[{"href":"https:\/\/www.ilnotiziario.net\/wp\/wp-json\/wp\/v2\/types\/post"}],"author":[{"embeddable":true,"href":"https:\/\/www.ilnotiziario.net\/wp\/wp-json\/wp\/v2\/users\/6"}],"replies":[{"embeddable":true,"href":"https:\/\/www.ilnotiziario.net\/wp\/wp-json\/wp\/v2\/comments?post=176695"}],"version-history":[{"count":0,"href":"https:\/\/www.ilnotiziario.net\/wp\/wp-json\/wp\/v2\/posts\/176695\/revisions"}],"wp:featuredmedia":[{"embeddable":true,"href":"https:\/\/www.ilnotiziario.net\/wp\/wp-json\/wp\/v2\/media\/176696"}],"wp:attachment":[{"href":"https:\/\/www.ilnotiziario.net\/wp\/wp-json\/wp\/v2\/media?parent=176695"}],"wp:term":[{"taxonomy":"category","embeddable":true,"href":"https:\/\/www.ilnotiziario.net\/wp\/wp-json\/wp\/v2\/categories?post=176695"},{"taxonomy":"post_tag","embeddable":true,"href":"https:\/\/www.ilnotiziario.net\/wp\/wp-json\/wp\/v2\/tags?post=176695"}],"curies":[{"name":"wp","href":"https:\/\/api.w.org\/{rel}","templated":true}]}}