{"id":176763,"date":"2023-01-16T15:40:54","date_gmt":"2023-01-16T14:40:54","guid":{"rendered":"https:\/\/www.ilnotiziario.net\/wp\/?p=176763"},"modified":"2023-01-17T15:31:06","modified_gmt":"2023-01-17T14:31:06","slug":"paderno-inizia-la-demolizione-del-ponte-di-via-camposanto-tempi-rispettati","status":"publish","type":"post","link":"https:\/\/www.ilnotiziario.net\/wp\/prima-pagina\/paderno-inizia-la-demolizione-del-ponte-di-via-camposanto-tempi-rispettati\/","title":{"rendered":"Paderno, inizia la demolizione del ponte di via Camposanto: \u201cTempi rispettati\u201d"},"content":{"rendered":"<p>Entra nel vivo la demolizione del ponte chiuso di Paderno Dugnano. Da oggi, sono in corso i lavori per rimuovere le travi portanti. Il sindaco Ezio Casati ha registrato un video-aggiornamento.<\/p><div id=\"ilnot-852990078\" class=\"ilnot-contenuto ilnot-entity-placement\"><p><!-- incontent_1 --><\/p>\n<div class=\"gptslot\" data-adunitid=\"1\"><\/div>\n<\/div>\n<h2>Lavori al ponte di Paderno, demolizione in corso<\/h2>\n<p><em>\u201cOggi \u00e8 iniziata una delle parti pi\u00f9 significative: togliamo le vecchie travi\u201d<\/em>. Il sindaco Ezio Casati registra un secondo video aggiornamento dal cantiere di via Camposanto.<em> \u201cVogliamo ridare un ponte pi\u00f9 sicuro e nei prossimi giorni potremo abbattere la rampa che cedendo ha causato la chiusura del ponte. Avremo un ponte pi\u00f9 sicuro e per le tempistiche ci consentir\u00e0 di mantenere il cronoprogramma previsto. Ridaremo alla nostra citt\u00e0 una viabilit\u00e0 migliore rispetto a quella precedente\u201d.<\/em><\/p>\n<p><a href=\"https:\/\/www.ilnotiziario.net\/wp\/prima-pagina\/lavori-rho-monza-sottopasso-chiuso-paderno-chiuso-paderno\/\" target=\"_blank\" rel=\"noopener\">Un intervento che va ad aggiungersi alla chiusura del sottopasso per una nuova tranche di lavori alla Rho-Monza.<\/a> La chiusura \u00e8 prevista almeno fino al 24 febbraio. Inevitabili i disagi per chi deve muoversi attorno al quartiere del Villaggio Ambrosiano tra la Statale dei Giovi e il centro citt\u00e0.<\/p><div id=\"ilnot-1702028632\" class=\"ilnot-contenuto_2 ilnot-entity-placement\"><div class=\"ads-wrapper\">\n<div class=\"ad-slot\">\n   <div id=\"ilnot-991974047\" style=\"margin-right: auto;margin-left: auto;text-align: center;width: 320px;height: 100px;\"><a href=\"https:\/\/www.scuolasicurezza.it\/\"><img decoding=\"async\" src=\"https:\/\/www.ilnotiziario.net\/wp\/wp-content\/uploads\/2026\/04\/IlNotiziario_banner-sito-e-newsletter-320-x-100-px-1.gif\" alt=\"\"><\/a><\/div>\n  <\/div>\n<div class=\"ad-slot\">\n   <div id=\"ilnot-2590379711\" style=\"margin-right: auto;margin-left: auto;text-align: center;width: 320px;height: 100px;\"><a href=\"https:\/\/purodesignarredamenti.com\/\"><img decoding=\"async\" src=\"https:\/\/www.ilnotiziario.net\/wp\/wp-content\/uploads\/2026\/04\/banner-puro-ok.gif\" alt=\"whatsapp\"><\/a><\/div><\/p><\/div>\n<\/div>\n<\/div>\n<h2>Demolizione del ponte e tempi di cantiere<\/h2>\n<p>La durata del cantiere avviato ai primi di settembre era di circa 240 giornate lavorative. Il termine ultimo previsto dall\u2019impresa \u00e8 attorno al 23 di maggio, data che non \u00e8 mai stata comunicata ufficialmente dall\u2019Amministrazione comunale. Tra ottobre e novembre i lavori hanno sub\u00ecto una battuta di arresto a causa della presenza di un cavo dell\u2019alta tensione. Per superare questo ostacolo \u00e8 stato necessario richiedere una particolare trivella che ha ampliato i tempi di attesa. Ma a quanto dichiara il Comune non ha causato ritardi a livello di cronoprogramma. Il ponte \u00e8 chiuso dal 30 maggio 2021, dopo il sospetto \u2013 poi confermato dalle perizie \u2013 di un cedimento della spalla sul fronte di via Camposanto<\/p>\n<p><strong>Redazione web<br \/>\n<\/strong><strong><em>Leggi ilNotiziario anche da pc, smartphone e tablet.&nbsp;<\/em><a href=\"http:\/\/edicola.ilnotiziario.net\/\">Clicca qui per la nostra edicola digitale<\/a><\/strong><\/p>\n","protected":false},"excerpt":{"rendered":"<p>Entra nel vivo la demolizione del ponte chiuso di Paderno Dugnano. Da oggi, sono in corso i lavori per rimuovere le travi portanti. Il sindaco Ezio Casati ha registrato un video-aggiornamento. Lavori al ponte di Paderno, demolizione in corso \u201cOggi \u00e8 iniziata una delle parti pi\u00f9 significative: togliamo le vecchie travi\u201d. Il sindaco Ezio Casati<\/p>\n","protected":false},"author":3,"featured_media":176764,"comment_status":"closed","ping_status":"closed","sticky":false,"template":"","format":"standard","meta":{"footnotes":""},"categories":[11,20],"tags":[12282,4814,39,3433],"class_list":{"0":"post-176763","1":"post","2":"type-post","3":"status-publish","4":"format-standard","5":"has-post-thumbnail","7":"category-nord-milano","8":"category-prima-pagina","9":"tag-demolizione-ponte-paderno","10":"tag-ezio-casati","11":"tag-paderno-dugnano","12":"tag-rho-monza"},"yoast_head":"<!-- This site is optimized with the Yoast SEO plugin v27.4 - https:\/\/yoast.com\/product\/yoast-seo-wordpress\/ -->\n<title>Paderno, inizia la demolizione del ponte di via Camposanto: \u201cTempi rispettati\u201d - Il Notiziario<\/title>\n<meta name=\"description\" content=\"Entra nel vivo la demolizione del ponte chiuso di Paderno Dugnano. Da oggi, sono in corso i lavori per rimuovere le travi portanti. Il sindaco Ezio Casati\" \/>\n<meta name=\"robots\" content=\"index, follow, max-snippet:-1, max-image-preview:large, max-video-preview:-1\" \/>\n<link rel=\"canonical\" href=\"https:\/\/www.ilnotiziario.net\/wp\/prima-pagina\/paderno-inizia-la-demolizione-del-ponte-di-via-camposanto-tempi-rispettati\/\" \/>\n<meta property=\"og:locale\" content=\"it_IT\" \/>\n<meta property=\"og:type\" content=\"article\" \/>\n<meta property=\"og:title\" content=\"Paderno, inizia la demolizione del ponte di via Camposanto: \u201cTempi rispettati\u201d - Il Notiziario\" \/>\n<meta property=\"og:description\" content=\"Entra nel vivo la demolizione del ponte chiuso di Paderno Dugnano. Da oggi, sono in corso i lavori per rimuovere le travi portanti. Il sindaco Ezio Casati\" \/>\n<meta property=\"og:url\" content=\"https:\/\/www.ilnotiziario.net\/wp\/prima-pagina\/paderno-inizia-la-demolizione-del-ponte-di-via-camposanto-tempi-rispettati\/\" \/>\n<meta property=\"og:site_name\" content=\"Il Notiziario\" \/>\n<meta property=\"article:publisher\" content=\"https:\/\/www.facebook.com\/ilnotiziarioind\/\" \/>\n<meta property=\"article:published_time\" content=\"2023-01-16T14:40:54+00:00\" \/>\n<meta property=\"article:modified_time\" content=\"2023-01-17T14:31:06+00:00\" \/>\n<meta property=\"og:image\" content=\"https:\/\/www.ilnotiziario.net\/wp\/wp-content\/uploads\/2023\/01\/casati-ponte.png\" \/>\n\t<meta property=\"og:image:width\" content=\"769\" \/>\n\t<meta property=\"og:image:height\" content=\"394\" \/>\n\t<meta property=\"og:image:type\" content=\"image\/png\" \/>\n<meta name=\"author\" content=\"Gabriele Bassani\" \/>\n<meta name=\"twitter:card\" content=\"summary_large_image\" \/>\n<meta name=\"twitter:creator\" content=\"@ilNotiziarioInd\" \/>\n<meta name=\"twitter:site\" content=\"@ilNotiziarioInd\" \/>\n<meta name=\"twitter:label1\" content=\"Scritto da\" \/>\n\t<meta name=\"twitter:data1\" content=\"Gabriele Bassani\" \/>\n\t<meta name=\"twitter:label2\" content=\"Tempo di lettura stimato\" \/>\n\t<meta name=\"twitter:data2\" content=\"2 minuti\" \/>\n<script type=\"application\/ld+json\" class=\"yoast-schema-graph\">{\"@context\":\"https:\\\/\\\/schema.org\",\"@graph\":[{\"@type\":\"Article\",\"@id\":\"https:\\\/\\\/www.ilnotiziario.net\\\/wp\\\/prima-pagina\\\/paderno-inizia-la-demolizione-del-ponte-di-via-camposanto-tempi-rispettati\\\/#article\",\"isPartOf\":{\"@id\":\"https:\\\/\\\/www.ilnotiziario.net\\\/wp\\\/prima-pagina\\\/paderno-inizia-la-demolizione-del-ponte-di-via-camposanto-tempi-rispettati\\\/\"},\"author\":{\"name\":\"Gabriele Bassani\",\"@id\":\"https:\\\/\\\/www.ilnotiziario.net\\\/wp\\\/#\\\/schema\\\/person\\\/386e222908f898bb41c033989482bbf2\"},\"headline\":\"Paderno, inizia la demolizione del ponte di via Camposanto: \u201cTempi rispettati\u201d\",\"datePublished\":\"2023-01-16T14:40:54+00:00\",\"dateModified\":\"2023-01-17T14:31:06+00:00\",\"mainEntityOfPage\":{\"@id\":\"https:\\\/\\\/www.ilnotiziario.net\\\/wp\\\/prima-pagina\\\/paderno-inizia-la-demolizione-del-ponte-di-via-camposanto-tempi-rispettati\\\/\"},\"wordCount\":306,\"publisher\":{\"@id\":\"https:\\\/\\\/www.ilnotiziario.net\\\/wp\\\/#organization\"},\"image\":{\"@id\":\"https:\\\/\\\/www.ilnotiziario.net\\\/wp\\\/prima-pagina\\\/paderno-inizia-la-demolizione-del-ponte-di-via-camposanto-tempi-rispettati\\\/#primaryimage\"},\"thumbnailUrl\":\"https:\\\/\\\/www.ilnotiziario.net\\\/wp\\\/wp-content\\\/uploads\\\/2023\\\/01\\\/casati-ponte.png\",\"keywords\":[\"demolizione ponte paderno\",\"Ezio Casati\",\"Paderno Dugnano\",\"Rho-Monza\"],\"articleSection\":[\"NORD MILANO\",\"Prima Pagina\"],\"inLanguage\":\"it-IT\"},{\"@type\":\"WebPage\",\"@id\":\"https:\\\/\\\/www.ilnotiziario.net\\\/wp\\\/prima-pagina\\\/paderno-inizia-la-demolizione-del-ponte-di-via-camposanto-tempi-rispettati\\\/\",\"url\":\"https:\\\/\\\/www.ilnotiziario.net\\\/wp\\\/prima-pagina\\\/paderno-inizia-la-demolizione-del-ponte-di-via-camposanto-tempi-rispettati\\\/\",\"name\":\"Paderno, inizia la demolizione del ponte di via Camposanto: \u201cTempi rispettati\u201d - Il Notiziario\",\"isPartOf\":{\"@id\":\"https:\\\/\\\/www.ilnotiziario.net\\\/wp\\\/#website\"},\"primaryImageOfPage\":{\"@id\":\"https:\\\/\\\/www.ilnotiziario.net\\\/wp\\\/prima-pagina\\\/paderno-inizia-la-demolizione-del-ponte-di-via-camposanto-tempi-rispettati\\\/#primaryimage\"},\"image\":{\"@id\":\"https:\\\/\\\/www.ilnotiziario.net\\\/wp\\\/prima-pagina\\\/paderno-inizia-la-demolizione-del-ponte-di-via-camposanto-tempi-rispettati\\\/#primaryimage\"},\"thumbnailUrl\":\"https:\\\/\\\/www.ilnotiziario.net\\\/wp\\\/wp-content\\\/uploads\\\/2023\\\/01\\\/casati-ponte.png\",\"datePublished\":\"2023-01-16T14:40:54+00:00\",\"dateModified\":\"2023-01-17T14:31:06+00:00\",\"description\":\"Entra nel vivo la demolizione del ponte chiuso di Paderno Dugnano. Da oggi, sono in corso i lavori per rimuovere le travi portanti. Il sindaco Ezio Casati\",\"breadcrumb\":{\"@id\":\"https:\\\/\\\/www.ilnotiziario.net\\\/wp\\\/prima-pagina\\\/paderno-inizia-la-demolizione-del-ponte-di-via-camposanto-tempi-rispettati\\\/#breadcrumb\"},\"inLanguage\":\"it-IT\",\"potentialAction\":[{\"@type\":\"ReadAction\",\"target\":[\"https:\\\/\\\/www.ilnotiziario.net\\\/wp\\\/prima-pagina\\\/paderno-inizia-la-demolizione-del-ponte-di-via-camposanto-tempi-rispettati\\\/\"]}]},{\"@type\":\"ImageObject\",\"inLanguage\":\"it-IT\",\"@id\":\"https:\\\/\\\/www.ilnotiziario.net\\\/wp\\\/prima-pagina\\\/paderno-inizia-la-demolizione-del-ponte-di-via-camposanto-tempi-rispettati\\\/#primaryimage\",\"url\":\"https:\\\/\\\/www.ilnotiziario.net\\\/wp\\\/wp-content\\\/uploads\\\/2023\\\/01\\\/casati-ponte.png\",\"contentUrl\":\"https:\\\/\\\/www.ilnotiziario.net\\\/wp\\\/wp-content\\\/uploads\\\/2023\\\/01\\\/casati-ponte.png\",\"width\":769,\"height\":394,\"caption\":\"Paderno, il sindaco Casati e la demolizione del ponte\"},{\"@type\":\"BreadcrumbList\",\"@id\":\"https:\\\/\\\/www.ilnotiziario.net\\\/wp\\\/prima-pagina\\\/paderno-inizia-la-demolizione-del-ponte-di-via-camposanto-tempi-rispettati\\\/#breadcrumb\",\"itemListElement\":[{\"@type\":\"ListItem\",\"position\":1,\"name\":\"tds_text_logo_tagline_colortds_text_logo_tagline_colortds_text_logo_tagline_colortds_text_logo_tagline_colortd_module_7_title_excerpttd_module_7_title_excerpttd_module_7_title_excerpttd_module_7_title_excerptHome\",\"item\":\"https:\\\/\\\/www.ilnotiziario.net\\\/wp\\\/\"},{\"@type\":\"ListItem\",\"position\":2,\"name\":\"Paderno, inizia la demolizione del ponte di via Camposanto: \u201cTempi rispettati\u201d\"}]},{\"@type\":\"WebSite\",\"@id\":\"https:\\\/\\\/www.ilnotiziario.net\\\/wp\\\/#website\",\"url\":\"https:\\\/\\\/www.ilnotiziario.net\\\/wp\\\/\",\"name\":\"Il Notiziario\",\"description\":\"Per restare sempre connessi alla notizia\",\"publisher\":{\"@id\":\"https:\\\/\\\/www.ilnotiziario.net\\\/wp\\\/#organization\"},\"alternateName\":\"Il Notiziario Bollate\",\"potentialAction\":[{\"@type\":\"SearchAction\",\"target\":{\"@type\":\"EntryPoint\",\"urlTemplate\":\"https:\\\/\\\/www.ilnotiziario.net\\\/wp\\\/?s={search_term_string}\"},\"query-input\":{\"@type\":\"PropertyValueSpecification\",\"valueRequired\":true,\"valueName\":\"search_term_string\"}}],\"inLanguage\":\"it-IT\"},{\"@type\":\"Organization\",\"@id\":\"https:\\\/\\\/www.ilnotiziario.net\\\/wp\\\/#organization\",\"name\":\"Il Notiziario\",\"url\":\"https:\\\/\\\/www.ilnotiziario.net\\\/wp\\\/\",\"logo\":{\"@type\":\"ImageObject\",\"inLanguage\":\"it-IT\",\"@id\":\"https:\\\/\\\/www.ilnotiziario.net\\\/wp\\\/#\\\/schema\\\/logo\\\/image\\\/\",\"url\":\"https:\\\/\\\/www.ilnotiziario.net\\\/wp\\\/wp-content\\\/uploads\\\/2022\\\/06\\\/170x170ilN.png\",\"contentUrl\":\"https:\\\/\\\/www.ilnotiziario.net\\\/wp\\\/wp-content\\\/uploads\\\/2022\\\/06\\\/170x170ilN.png\",\"width\":355,\"height\":355,\"caption\":\"Il Notiziario\"},\"image\":{\"@id\":\"https:\\\/\\\/www.ilnotiziario.net\\\/wp\\\/#\\\/schema\\\/logo\\\/image\\\/\"},\"sameAs\":[\"https:\\\/\\\/www.facebook.com\\\/ilnotiziarioind\\\/\",\"https:\\\/\\\/x.com\\\/ilNotiziarioInd\",\"https:\\\/\\\/www.instagram.com\\\/ilnotiziario_settimanale\\\/\"]},{\"@type\":\"Person\",\"@id\":\"https:\\\/\\\/www.ilnotiziario.net\\\/wp\\\/#\\\/schema\\\/person\\\/386e222908f898bb41c033989482bbf2\",\"name\":\"Gabriele Bassani\",\"image\":{\"@type\":\"ImageObject\",\"inLanguage\":\"it-IT\",\"@id\":\"https:\\\/\\\/secure.gravatar.com\\\/avatar\\\/09274f4a84fa97698bde56f84b3afed61c8492d48b0550db9671b68c177479cb?s=96&d=mm&r=g\",\"url\":\"https:\\\/\\\/secure.gravatar.com\\\/avatar\\\/09274f4a84fa97698bde56f84b3afed61c8492d48b0550db9671b68c177479cb?s=96&d=mm&r=g\",\"contentUrl\":\"https:\\\/\\\/secure.gravatar.com\\\/avatar\\\/09274f4a84fa97698bde56f84b3afed61c8492d48b0550db9671b68c177479cb?s=96&d=mm&r=g\",\"caption\":\"Gabriele Bassani\"},\"sameAs\":[\"http:\\\/\\\/www.ilnotiziario.net\"]}]}<\/script>\n<!-- \/ Yoast SEO plugin. -->","yoast_head_json":{"title":"Paderno, inizia la demolizione del ponte di via Camposanto: \u201cTempi rispettati\u201d - Il Notiziario","description":"Entra nel vivo la demolizione del ponte chiuso di Paderno Dugnano. Da oggi, sono in corso i lavori per rimuovere le travi portanti. Il sindaco Ezio Casati","robots":{"index":"index","follow":"follow","max-snippet":"max-snippet:-1","max-image-preview":"max-image-preview:large","max-video-preview":"max-video-preview:-1"},"canonical":"https:\/\/www.ilnotiziario.net\/wp\/prima-pagina\/paderno-inizia-la-demolizione-del-ponte-di-via-camposanto-tempi-rispettati\/","og_locale":"it_IT","og_type":"article","og_title":"Paderno, inizia la demolizione del ponte di via Camposanto: \u201cTempi rispettati\u201d - Il Notiziario","og_description":"Entra nel vivo la demolizione del ponte chiuso di Paderno Dugnano. Da oggi, sono in corso i lavori per rimuovere le travi portanti. Il sindaco Ezio Casati","og_url":"https:\/\/www.ilnotiziario.net\/wp\/prima-pagina\/paderno-inizia-la-demolizione-del-ponte-di-via-camposanto-tempi-rispettati\/","og_site_name":"Il Notiziario","article_publisher":"https:\/\/www.facebook.com\/ilnotiziarioind\/","article_published_time":"2023-01-16T14:40:54+00:00","article_modified_time":"2023-01-17T14:31:06+00:00","og_image":[{"width":769,"height":394,"url":"https:\/\/www.ilnotiziario.net\/wp\/wp-content\/uploads\/2023\/01\/casati-ponte.png","type":"image\/png"}],"author":"Gabriele Bassani","twitter_card":"summary_large_image","twitter_creator":"@ilNotiziarioInd","twitter_site":"@ilNotiziarioInd","twitter_misc":{"Scritto da":"Gabriele Bassani","Tempo di lettura stimato":"2 minuti"},"schema":{"@context":"https:\/\/schema.org","@graph":[{"@type":"Article","@id":"https:\/\/www.ilnotiziario.net\/wp\/prima-pagina\/paderno-inizia-la-demolizione-del-ponte-di-via-camposanto-tempi-rispettati\/#article","isPartOf":{"@id":"https:\/\/www.ilnotiziario.net\/wp\/prima-pagina\/paderno-inizia-la-demolizione-del-ponte-di-via-camposanto-tempi-rispettati\/"},"author":{"name":"Gabriele Bassani","@id":"https:\/\/www.ilnotiziario.net\/wp\/#\/schema\/person\/386e222908f898bb41c033989482bbf2"},"headline":"Paderno, inizia la demolizione del ponte di via Camposanto: \u201cTempi rispettati\u201d","datePublished":"2023-01-16T14:40:54+00:00","dateModified":"2023-01-17T14:31:06+00:00","mainEntityOfPage":{"@id":"https:\/\/www.ilnotiziario.net\/wp\/prima-pagina\/paderno-inizia-la-demolizione-del-ponte-di-via-camposanto-tempi-rispettati\/"},"wordCount":306,"publisher":{"@id":"https:\/\/www.ilnotiziario.net\/wp\/#organization"},"image":{"@id":"https:\/\/www.ilnotiziario.net\/wp\/prima-pagina\/paderno-inizia-la-demolizione-del-ponte-di-via-camposanto-tempi-rispettati\/#primaryimage"},"thumbnailUrl":"https:\/\/www.ilnotiziario.net\/wp\/wp-content\/uploads\/2023\/01\/casati-ponte.png","keywords":["demolizione ponte paderno","Ezio Casati","Paderno Dugnano","Rho-Monza"],"articleSection":["NORD MILANO","Prima Pagina"],"inLanguage":"it-IT"},{"@type":"WebPage","@id":"https:\/\/www.ilnotiziario.net\/wp\/prima-pagina\/paderno-inizia-la-demolizione-del-ponte-di-via-camposanto-tempi-rispettati\/","url":"https:\/\/www.ilnotiziario.net\/wp\/prima-pagina\/paderno-inizia-la-demolizione-del-ponte-di-via-camposanto-tempi-rispettati\/","name":"Paderno, inizia la demolizione del ponte di via Camposanto: \u201cTempi rispettati\u201d - Il Notiziario","isPartOf":{"@id":"https:\/\/www.ilnotiziario.net\/wp\/#website"},"primaryImageOfPage":{"@id":"https:\/\/www.ilnotiziario.net\/wp\/prima-pagina\/paderno-inizia-la-demolizione-del-ponte-di-via-camposanto-tempi-rispettati\/#primaryimage"},"image":{"@id":"https:\/\/www.ilnotiziario.net\/wp\/prima-pagina\/paderno-inizia-la-demolizione-del-ponte-di-via-camposanto-tempi-rispettati\/#primaryimage"},"thumbnailUrl":"https:\/\/www.ilnotiziario.net\/wp\/wp-content\/uploads\/2023\/01\/casati-ponte.png","datePublished":"2023-01-16T14:40:54+00:00","dateModified":"2023-01-17T14:31:06+00:00","description":"Entra nel vivo la demolizione del ponte chiuso di Paderno Dugnano. Da oggi, sono in corso i lavori per rimuovere le travi portanti. Il sindaco Ezio Casati","breadcrumb":{"@id":"https:\/\/www.ilnotiziario.net\/wp\/prima-pagina\/paderno-inizia-la-demolizione-del-ponte-di-via-camposanto-tempi-rispettati\/#breadcrumb"},"inLanguage":"it-IT","potentialAction":[{"@type":"ReadAction","target":["https:\/\/www.ilnotiziario.net\/wp\/prima-pagina\/paderno-inizia-la-demolizione-del-ponte-di-via-camposanto-tempi-rispettati\/"]}]},{"@type":"ImageObject","inLanguage":"it-IT","@id":"https:\/\/www.ilnotiziario.net\/wp\/prima-pagina\/paderno-inizia-la-demolizione-del-ponte-di-via-camposanto-tempi-rispettati\/#primaryimage","url":"https:\/\/www.ilnotiziario.net\/wp\/wp-content\/uploads\/2023\/01\/casati-ponte.png","contentUrl":"https:\/\/www.ilnotiziario.net\/wp\/wp-content\/uploads\/2023\/01\/casati-ponte.png","width":769,"height":394,"caption":"Paderno, il sindaco Casati e la demolizione del ponte"},{"@type":"BreadcrumbList","@id":"https:\/\/www.ilnotiziario.net\/wp\/prima-pagina\/paderno-inizia-la-demolizione-del-ponte-di-via-camposanto-tempi-rispettati\/#breadcrumb","itemListElement":[{"@type":"ListItem","position":1,"name":"tds_text_logo_tagline_colortds_text_logo_tagline_colortds_text_logo_tagline_colortds_text_logo_tagline_colortd_module_7_title_excerpttd_module_7_title_excerpttd_module_7_title_excerpttd_module_7_title_excerptHome","item":"https:\/\/www.ilnotiziario.net\/wp\/"},{"@type":"ListItem","position":2,"name":"Paderno, inizia la demolizione del ponte di via Camposanto: \u201cTempi rispettati\u201d"}]},{"@type":"WebSite","@id":"https:\/\/www.ilnotiziario.net\/wp\/#website","url":"https:\/\/www.ilnotiziario.net\/wp\/","name":"Il Notiziario","description":"Per restare sempre connessi alla notizia","publisher":{"@id":"https:\/\/www.ilnotiziario.net\/wp\/#organization"},"alternateName":"Il Notiziario Bollate","potentialAction":[{"@type":"SearchAction","target":{"@type":"EntryPoint","urlTemplate":"https:\/\/www.ilnotiziario.net\/wp\/?s={search_term_string}"},"query-input":{"@type":"PropertyValueSpecification","valueRequired":true,"valueName":"search_term_string"}}],"inLanguage":"it-IT"},{"@type":"Organization","@id":"https:\/\/www.ilnotiziario.net\/wp\/#organization","name":"Il Notiziario","url":"https:\/\/www.ilnotiziario.net\/wp\/","logo":{"@type":"ImageObject","inLanguage":"it-IT","@id":"https:\/\/www.ilnotiziario.net\/wp\/#\/schema\/logo\/image\/","url":"https:\/\/www.ilnotiziario.net\/wp\/wp-content\/uploads\/2022\/06\/170x170ilN.png","contentUrl":"https:\/\/www.ilnotiziario.net\/wp\/wp-content\/uploads\/2022\/06\/170x170ilN.png","width":355,"height":355,"caption":"Il Notiziario"},"image":{"@id":"https:\/\/www.ilnotiziario.net\/wp\/#\/schema\/logo\/image\/"},"sameAs":["https:\/\/www.facebook.com\/ilnotiziarioind\/","https:\/\/x.com\/ilNotiziarioInd","https:\/\/www.instagram.com\/ilnotiziario_settimanale\/"]},{"@type":"Person","@id":"https:\/\/www.ilnotiziario.net\/wp\/#\/schema\/person\/386e222908f898bb41c033989482bbf2","name":"Gabriele Bassani","image":{"@type":"ImageObject","inLanguage":"it-IT","@id":"https:\/\/secure.gravatar.com\/avatar\/09274f4a84fa97698bde56f84b3afed61c8492d48b0550db9671b68c177479cb?s=96&d=mm&r=g","url":"https:\/\/secure.gravatar.com\/avatar\/09274f4a84fa97698bde56f84b3afed61c8492d48b0550db9671b68c177479cb?s=96&d=mm&r=g","contentUrl":"https:\/\/secure.gravatar.com\/avatar\/09274f4a84fa97698bde56f84b3afed61c8492d48b0550db9671b68c177479cb?s=96&d=mm&r=g","caption":"Gabriele Bassani"},"sameAs":["http:\/\/www.ilnotiziario.net"]}]}},"_links":{"self":[{"href":"https:\/\/www.ilnotiziario.net\/wp\/wp-json\/wp\/v2\/posts\/176763","targetHints":{"allow":["GET"]}}],"collection":[{"href":"https:\/\/www.ilnotiziario.net\/wp\/wp-json\/wp\/v2\/posts"}],"about":[{"href":"https:\/\/www.ilnotiziario.net\/wp\/wp-json\/wp\/v2\/types\/post"}],"author":[{"embeddable":true,"href":"https:\/\/www.ilnotiziario.net\/wp\/wp-json\/wp\/v2\/users\/3"}],"replies":[{"embeddable":true,"href":"https:\/\/www.ilnotiziario.net\/wp\/wp-json\/wp\/v2\/comments?post=176763"}],"version-history":[{"count":0,"href":"https:\/\/www.ilnotiziario.net\/wp\/wp-json\/wp\/v2\/posts\/176763\/revisions"}],"wp:featuredmedia":[{"embeddable":true,"href":"https:\/\/www.ilnotiziario.net\/wp\/wp-json\/wp\/v2\/media\/176764"}],"wp:attachment":[{"href":"https:\/\/www.ilnotiziario.net\/wp\/wp-json\/wp\/v2\/media?parent=176763"}],"wp:term":[{"taxonomy":"category","embeddable":true,"href":"https:\/\/www.ilnotiziario.net\/wp\/wp-json\/wp\/v2\/categories?post=176763"},{"taxonomy":"post_tag","embeddable":true,"href":"https:\/\/www.ilnotiziario.net\/wp\/wp-json\/wp\/v2\/tags?post=176763"}],"curies":[{"name":"wp","href":"https:\/\/api.w.org\/{rel}","templated":true}]}}